{"id":99293,"date":"2023-12-20T09:15:15","date_gmt":"2023-12-20T12:15:15","guid":{"rendered":"https:\/\/regiaonews.net.br\/2022\/?p=99293"},"modified":"2023-12-20T09:15:15","modified_gmt":"2023-12-20T12:15:15","slug":"alunos-de-agronomia-do-unifeb-participam-em-sao-paulo-da-xiv-edicao-do-encontro-crea-jovem","status":"publish","type":"post","link":"https:\/\/regiaonews.net.br\/2022\/2023\/12\/20\/alunos-de-agronomia-do-unifeb-participam-em-sao-paulo-da-xiv-edicao-do-encontro-crea-jovem\/","title":{"rendered":"Alunos de Agronomia do UNIFEB participam em S\u00e3o Paulo da XIV Edi\u00e7\u00e3o do Encontro CREA Jovem"},"content":{"rendered":"<p><b><i>O evento contou com programa\u00e7\u00e3o variada, inclusive palestras com foco em tecnologia e mercado de trabalho\u00a0<\/i><\/b><\/p>\n<p>&nbsp;<\/p>\n<p>Um grupo de alunos de diversos termos do curso de Agronomia do UNIFEB (Centro Universit\u00e1rio da Funda\u00e7\u00e3o Educacional de Barretos) participou da XIV Edi\u00e7\u00e3o do CREA Jovem, realizado na cidade de S\u00e3o Paulo, no \u00faltimo dia 9 de dezembro.<\/p>\n<p>Os estudantes embarcaram rumo \u00e0 Capital Paulista acompanhados pela engenheira Eliana Martins, assessora de imprensa da Casa dos Engenheiros e Arquitetos de Barretos, que apoiou a iniciativa. Eles foram incentivados a participarem do evento pelo coordenador do curso de Agronomia do UNIFEB, Prof. Dr. F\u00e1bio Nobile, e pela docente, conselheira e atual coordenadora adjunta da Comiss\u00e3o de Rela\u00e7\u00f5es P\u00fablicas do CREA-SP, Profa. Dra. Marilia Gregolin Costa de Castro.<\/p>\n<p>Em rela\u00e7\u00e3o \u00e0 din\u00e2mica do evento, Marilia explicou que inicialmente os alunos participaram de um debate com as presen\u00e7as do atual presidente do CREA-SP e futuro presidente do CONFEA, Vin\u00edcius Marchese, e da futura presidente do CREA-SP, Ligia Mackey, primeira mulher eleita para o principal cargo do conselho, que discutiram sobre o futuro do mercado de trabalho dos profissionais da \u00e1rea tecnol\u00f3gica. \u201cForam promovidas diversas palestras buscando atender as expectativas de uma nova gera\u00e7\u00e3o cada vez mais tecnol\u00f3gica e conectada. Os temas discutidos foram \u2018Inova\u00e7\u00e3o, Crescimento e Marca Pessoal\u2019, \u2018Setor Aeroespacial\u2019, \u2018Empregabilidade no Agro\u2019, \u2018Engenharia e Mudan\u00e7as Clim\u00e1ticas\u2019, al\u00e9m de &#8216;Treinamento e rotina para encontrar o emprego ideal&#8217;, &#8216;Perfil e compet\u00eancias do profissional do futuro&#8217; e &#8216;Lideran\u00e7a emocional\u201d, disse.<\/p>\n<p>Para a docente, o ponto alto desta edi\u00e7\u00e3o do CREA-SP Jovem pode ser dividido em dois momentos. \u201cO primeiro foi sobre ter abordado temas desafiadores, como Inova\u00e7\u00e3o e Intelig\u00eancia Artificial. E o outro ponto \u00e9 que ocorreu ao mesmo tempo a fase final de apresenta\u00e7\u00e3o de projetos da 2\u00aa Edi\u00e7\u00e3o do Hackathon CREA-SP, desafio que re\u00fane profissionais de diferentes \u00e1reas em busca de solu\u00e7\u00f5es inovadoras\u201d, ressaltou.<\/p>\n<p>Marilia destaca a import\u00e2ncia dos estudantes participarem de eventos em que se debatem assuntos atuais, a fim de que eles estejam mais preparados para ocuparem espa\u00e7os de transforma\u00e7\u00e3o tecnol\u00f3gica. \u201c\u00c9 tamb\u00e9m uma oportunidade muito produtiva para que eles se relacionem com jovens estudantes de diferentes locais do Estado de S\u00e3o Paulo, conhecendo os desafios de cada regi\u00e3o para que se tornem agentes de transforma\u00e7\u00e3o no planejamento de cidades inteligentes\u201d, enfatizou.<\/p>\n<p>O aluno do 9\u00ba termo de Agronomia do UNIFEB, Richard Francisco de No\u00e1 Mariano, que participou da XIV Edi\u00e7\u00e3o do CREA Jovem, lembrou que grande parte dos estudantes do segmento n\u00e3o conhecem muitas informa\u00e7\u00f5es sobre o futuro conselho regional que integrar\u00e3o. \u201cEsse tipo de evento \u00e9 importante para entendermos sobre o que o CREA-SP realmente faz, apoia e oferece para os profissionais da \u00e1rea. Muitos pensam que \u00e9 s\u00f3 pagar a anuidade, mas n\u00e3o tem no\u00e7\u00e3o da enorme colabora\u00e7\u00e3o profissional que temos \u00e0 disposi\u00e7\u00e3o. Durante a visita ao conselho, pudemos participar de grandes palestras e voltamos enriquecidos de conte\u00fado sobre nosso segmento, que certamente j\u00e1 est\u00e1 fazendo toda a diferen\u00e7a em nosso desenvolvimento profissional\u201d, finalizou.<\/p>\n<p>&nbsp;<\/p>\n<p><i>Outras informa\u00e7\u00f5es podem ser obtidas pelo site\u00a0do\u00a0<\/i><i><a id=\"OWAaa0a6582-711c-87b9-2b47-5df0effff393\" title=\"Protegido pelo Outlook: http:\/\/www.unifeb.edu.br\/. Clique ou toque para seguir o link.\" href=\"https:\/\/na01.safelinks.protection.outlook.com\/?url=http%3A%2F%2Fwww.unifeb.edu.br%2F&amp;data=05%7C02%7C%7Ce9fd7431cbce44cee33d08dc00d0c55d%7C84df9e7fe9f640afb435aaaaaaaaaaaa%7C1%7C0%7C638386143901441449%7CUnknown%7CTWFpbGZsb3d8eyJWIjoiMC4wLjAwMDAiLCJQIjoiV2luMzIiLCJBTiI6Ik1haWwiLCJXVCI6Mn0%3D%7C3000%7C%7C%7C&amp;sdata=M2P%2FpJfTLldNFJ%2BGouH72VLyYcwELb0e3zJCPb1QOvc%3D&amp;reserved=0\" target=\"_blank\" rel=\"noopener noreferrer\" data-auth=\"Verified\" data-loopstyle=\"linkonly\" data-saferedirecturl=\"https:\/\/www.google.com\/url?q=http:\/\/www.unifeb.edu.br\/&amp;source=gmail&amp;ust=1703082259229000&amp;usg=AOvVaw3Xk6WwzCVEnpQ_DJKf8W78\" data-linkindex=\"0\">UNIFEB<\/a><\/i><i>\u00a0e aproveite para seguir o Centro Universit\u00e1rio pelas redes sociais:\u00a0<\/i><\/p>\n<p>\u00b7\u00a0\u00a0<b>Instagram<\/b>: @unifeb_barretos<\/p>\n<p>\u00b7\u00a0\u00a0<b>Facebook<\/b>:\u00a0UnifebBarretos<\/p>\n<p>\u00b7\u00a0\u00a0<b>Twitter<\/b>: @Unifeb_Barretos<\/p>\n<p>\u00b7\u00a0\u00a0<b>TikTok<\/b>: unifeb.barretos<\/p>\n<p>\u00b7\u00a0\u00a0<b>YouTube<\/b>: UnifebBarretos<\/p>\n<p>\u00b7\u00a0\u00a0<b>WhatsApp<\/b>: (17) 99199-6890<\/p>\n<p>&nbsp;<\/p>\n","protected":false},"excerpt":{"rendered":"<p>O evento contou com programa\u00e7\u00e3o variada, inclusive palestras com foco<\/p>\n","protected":false},"author":2,"featured_media":99294,"comment_status":"open","ping_status":"open","sticky":false,"template":"","format":"standard","meta":{"footnotes":""},"categories":[14,25],"tags":[],"class_list":["post-99293","post","type-post","status-publish","format-standard","has-post-thumbnail","hentry","category-barretos","category-cidades"],"yoast_head":"<!-- This site is optimized with the Yoast SEO plugin v27.4 - https:\/\/yoast.com\/product\/yoast-seo-wordpress\/ -->\n<title>Alunos de Agronomia do UNIFEB participam em S\u00e3o Paulo da XIV Edi\u00e7\u00e3o do Encontro CREA Jovem - Regi\u00e3o News<\/title>\n<meta name=\"robots\" content=\"index, follow, max-snippet:-1, max-image-preview:large, max-video-preview:-1\" \/>\n<link rel=\"canonical\" href=\"https:\/\/regiaonews.net.br\/2022\/2023\/12\/20\/alunos-de-agronomia-do-unifeb-participam-em-sao-paulo-da-xiv-edicao-do-encontro-crea-jovem\/\" \/>\n<meta property=\"og:locale\" content=\"pt_BR\" \/>\n<meta property=\"og:type\" content=\"article\" \/>\n<meta property=\"og:title\" content=\"Alunos de Agronomia do UNIFEB participam em S\u00e3o Paulo da XIV Edi\u00e7\u00e3o do Encontro CREA Jovem - Regi\u00e3o News\" \/>\n<meta property=\"og:description\" content=\"O evento contou com programa\u00e7\u00e3o variada, inclusive palestras com foco\" \/>\n<meta property=\"og:url\" content=\"https:\/\/regiaonews.net.br\/2022\/2023\/12\/20\/alunos-de-agronomia-do-unifeb-participam-em-sao-paulo-da-xiv-edicao-do-encontro-crea-jovem\/\" \/>\n<meta property=\"og:site_name\" content=\"Regi\u00e3o News\" \/>\n<meta property=\"article:published_time\" content=\"2023-12-20T12:15:15+00:00\" \/>\n<meta property=\"og:image\" content=\"https:\/\/regiaonews.net.br\/2022\/wp-content\/uploads\/2023\/12\/Evento_CREA_2.jpeg\" \/>\n\t<meta property=\"og:image:width\" content=\"576\" \/>\n\t<meta property=\"og:image:height\" content=\"451\" \/>\n\t<meta property=\"og:image:type\" content=\"image\/jpeg\" \/>\n<meta name=\"author\" content=\"Roberto\" \/>\n<meta name=\"twitter:card\" content=\"summary_large_image\" \/>\n<meta name=\"twitter:label1\" content=\"Escrito por\" \/>\n\t<meta name=\"twitter:data1\" content=\"Roberto\" \/>\n\t<meta name=\"twitter:label2\" content=\"Est. tempo de leitura\" \/>\n\t<meta name=\"twitter:data2\" content=\"4 minutos\" \/>\n<script type=\"application\/ld+json\" class=\"yoast-schema-graph\">{\"@context\":\"https:\\\/\\\/schema.org\",\"@graph\":[{\"@type\":\"Article\",\"@id\":\"https:\\\/\\\/regiaonews.net.br\\\/2022\\\/2023\\\/12\\\/20\\\/alunos-de-agronomia-do-unifeb-participam-em-sao-paulo-da-xiv-edicao-do-encontro-crea-jovem\\\/#article\",\"isPartOf\":{\"@id\":\"https:\\\/\\\/regiaonews.net.br\\\/2022\\\/2023\\\/12\\\/20\\\/alunos-de-agronomia-do-unifeb-participam-em-sao-paulo-da-xiv-edicao-do-encontro-crea-jovem\\\/\"},\"author\":{\"name\":\"Roberto\",\"@id\":\"https:\\\/\\\/regiaonews.net.br\\\/2022\\\/#\\\/schema\\\/person\\\/2d205a608a5aa97ac279d7a5e6d89ad8\"},\"headline\":\"Alunos de Agronomia do UNIFEB participam em S\u00e3o Paulo da XIV Edi\u00e7\u00e3o do Encontro CREA Jovem\",\"datePublished\":\"2023-12-20T12:15:15+00:00\",\"mainEntityOfPage\":{\"@id\":\"https:\\\/\\\/regiaonews.net.br\\\/2022\\\/2023\\\/12\\\/20\\\/alunos-de-agronomia-do-unifeb-participam-em-sao-paulo-da-xiv-edicao-do-encontro-crea-jovem\\\/\"},\"wordCount\":587,\"commentCount\":0,\"publisher\":{\"@id\":\"https:\\\/\\\/regiaonews.net.br\\\/2022\\\/#organization\"},\"image\":{\"@id\":\"https:\\\/\\\/regiaonews.net.br\\\/2022\\\/2023\\\/12\\\/20\\\/alunos-de-agronomia-do-unifeb-participam-em-sao-paulo-da-xiv-edicao-do-encontro-crea-jovem\\\/#primaryimage\"},\"thumbnailUrl\":\"https:\\\/\\\/regiaonews.net.br\\\/2022\\\/wp-content\\\/uploads\\\/2023\\\/12\\\/Evento_CREA_2.jpeg\",\"articleSection\":[\"Barretos\",\"Cidades\"],\"inLanguage\":\"pt-BR\",\"potentialAction\":[{\"@type\":\"CommentAction\",\"name\":\"Comment\",\"target\":[\"https:\\\/\\\/regiaonews.net.br\\\/2022\\\/2023\\\/12\\\/20\\\/alunos-de-agronomia-do-unifeb-participam-em-sao-paulo-da-xiv-edicao-do-encontro-crea-jovem\\\/#respond\"]}]},{\"@type\":\"WebPage\",\"@id\":\"https:\\\/\\\/regiaonews.net.br\\\/2022\\\/2023\\\/12\\\/20\\\/alunos-de-agronomia-do-unifeb-participam-em-sao-paulo-da-xiv-edicao-do-encontro-crea-jovem\\\/\",\"url\":\"https:\\\/\\\/regiaonews.net.br\\\/2022\\\/2023\\\/12\\\/20\\\/alunos-de-agronomia-do-unifeb-participam-em-sao-paulo-da-xiv-edicao-do-encontro-crea-jovem\\\/\",\"name\":\"Alunos de Agronomia do UNIFEB participam em S\u00e3o Paulo da XIV Edi\u00e7\u00e3o do Encontro CREA Jovem - Regi\u00e3o News\",\"isPartOf\":{\"@id\":\"https:\\\/\\\/regiaonews.net.br\\\/2022\\\/#website\"},\"primaryImageOfPage\":{\"@id\":\"https:\\\/\\\/regiaonews.net.br\\\/2022\\\/2023\\\/12\\\/20\\\/alunos-de-agronomia-do-unifeb-participam-em-sao-paulo-da-xiv-edicao-do-encontro-crea-jovem\\\/#primaryimage\"},\"image\":{\"@id\":\"https:\\\/\\\/regiaonews.net.br\\\/2022\\\/2023\\\/12\\\/20\\\/alunos-de-agronomia-do-unifeb-participam-em-sao-paulo-da-xiv-edicao-do-encontro-crea-jovem\\\/#primaryimage\"},\"thumbnailUrl\":\"https:\\\/\\\/regiaonews.net.br\\\/2022\\\/wp-content\\\/uploads\\\/2023\\\/12\\\/Evento_CREA_2.jpeg\",\"datePublished\":\"2023-12-20T12:15:15+00:00\",\"breadcrumb\":{\"@id\":\"https:\\\/\\\/regiaonews.net.br\\\/2022\\\/2023\\\/12\\\/20\\\/alunos-de-agronomia-do-unifeb-participam-em-sao-paulo-da-xiv-edicao-do-encontro-crea-jovem\\\/#breadcrumb\"},\"inLanguage\":\"pt-BR\",\"potentialAction\":[{\"@type\":\"ReadAction\",\"target\":[\"https:\\\/\\\/regiaonews.net.br\\\/2022\\\/2023\\\/12\\\/20\\\/alunos-de-agronomia-do-unifeb-participam-em-sao-paulo-da-xiv-edicao-do-encontro-crea-jovem\\\/\"]}]},{\"@type\":\"ImageObject\",\"inLanguage\":\"pt-BR\",\"@id\":\"https:\\\/\\\/regiaonews.net.br\\\/2022\\\/2023\\\/12\\\/20\\\/alunos-de-agronomia-do-unifeb-participam-em-sao-paulo-da-xiv-edicao-do-encontro-crea-jovem\\\/#primaryimage\",\"url\":\"https:\\\/\\\/regiaonews.net.br\\\/2022\\\/wp-content\\\/uploads\\\/2023\\\/12\\\/Evento_CREA_2.jpeg\",\"contentUrl\":\"https:\\\/\\\/regiaonews.net.br\\\/2022\\\/wp-content\\\/uploads\\\/2023\\\/12\\\/Evento_CREA_2.jpeg\",\"width\":576,\"height\":451},{\"@type\":\"BreadcrumbList\",\"@id\":\"https:\\\/\\\/regiaonews.net.br\\\/2022\\\/2023\\\/12\\\/20\\\/alunos-de-agronomia-do-unifeb-participam-em-sao-paulo-da-xiv-edicao-do-encontro-crea-jovem\\\/#breadcrumb\",\"itemListElement\":[{\"@type\":\"ListItem\",\"position\":1,\"name\":\"In\u00edcio\",\"item\":\"https:\\\/\\\/regiaonews.net.br\\\/2022\\\/\"},{\"@type\":\"ListItem\",\"position\":2,\"name\":\"Alunos de Agronomia do UNIFEB participam em S\u00e3o Paulo da XIV Edi\u00e7\u00e3o do Encontro CREA Jovem\"}]},{\"@type\":\"WebSite\",\"@id\":\"https:\\\/\\\/regiaonews.net.br\\\/2022\\\/#website\",\"url\":\"https:\\\/\\\/regiaonews.net.br\\\/2022\\\/\",\"name\":\"Regi\u00e3o News\",\"description\":\"Site de Not\u00edcias de Barretos e regi\u00e3o\",\"publisher\":{\"@id\":\"https:\\\/\\\/regiaonews.net.br\\\/2022\\\/#organization\"},\"potentialAction\":[{\"@type\":\"SearchAction\",\"target\":{\"@type\":\"EntryPoint\",\"urlTemplate\":\"https:\\\/\\\/regiaonews.net.br\\\/2022\\\/?s={search_term_string}\"},\"query-input\":{\"@type\":\"PropertyValueSpecification\",\"valueRequired\":true,\"valueName\":\"search_term_string\"}}],\"inLanguage\":\"pt-BR\"},{\"@type\":\"Organization\",\"@id\":\"https:\\\/\\\/regiaonews.net.br\\\/2022\\\/#organization\",\"name\":\"Regi\u00e3o News\",\"url\":\"https:\\\/\\\/regiaonews.net.br\\\/2022\\\/\",\"logo\":{\"@type\":\"ImageObject\",\"inLanguage\":\"pt-BR\",\"@id\":\"https:\\\/\\\/regiaonews.net.br\\\/2022\\\/#\\\/schema\\\/logo\\\/image\\\/\",\"url\":\"https:\\\/\\\/regiaonews.net.br\\\/2022\\\/wp-content\\\/uploads\\\/2026\\\/03\\\/regiao-13-anos-scaled.jpg\",\"contentUrl\":\"https:\\\/\\\/regiaonews.net.br\\\/2022\\\/wp-content\\\/uploads\\\/2026\\\/03\\\/regiao-13-anos-scaled.jpg\",\"width\":2560,\"height\":635,\"caption\":\"Regi\u00e3o News\"},\"image\":{\"@id\":\"https:\\\/\\\/regiaonews.net.br\\\/2022\\\/#\\\/schema\\\/logo\\\/image\\\/\"}},{\"@type\":\"Person\",\"@id\":\"https:\\\/\\\/regiaonews.net.br\\\/2022\\\/#\\\/schema\\\/person\\\/2d205a608a5aa97ac279d7a5e6d89ad8\",\"name\":\"Roberto\",\"image\":{\"@type\":\"ImageObject\",\"inLanguage\":\"pt-BR\",\"@id\":\"https:\\\/\\\/secure.gravatar.com\\\/avatar\\\/42749d8b712ff9d59ca93dc150494e5b55a44134482993f5baeb97e61b7ecc89?s=96&d=mm&r=g\",\"url\":\"https:\\\/\\\/secure.gravatar.com\\\/avatar\\\/42749d8b712ff9d59ca93dc150494e5b55a44134482993f5baeb97e61b7ecc89?s=96&d=mm&r=g\",\"contentUrl\":\"https:\\\/\\\/secure.gravatar.com\\\/avatar\\\/42749d8b712ff9d59ca93dc150494e5b55a44134482993f5baeb97e61b7ecc89?s=96&d=mm&r=g\",\"caption\":\"Roberto\"},\"url\":\"https:\\\/\\\/regiaonews.net.br\\\/2022\\\/author\\\/roberto\\\/\"}]}<\/script>\n<!-- \/ Yoast SEO plugin. -->","yoast_head_json":{"title":"Alunos de Agronomia do UNIFEB participam em S\u00e3o Paulo da XIV Edi\u00e7\u00e3o do Encontro CREA Jovem - Regi\u00e3o News","robots":{"index":"index","follow":"follow","max-snippet":"max-snippet:-1","max-image-preview":"max-image-preview:large","max-video-preview":"max-video-preview:-1"},"canonical":"https:\/\/regiaonews.net.br\/2022\/2023\/12\/20\/alunos-de-agronomia-do-unifeb-participam-em-sao-paulo-da-xiv-edicao-do-encontro-crea-jovem\/","og_locale":"pt_BR","og_type":"article","og_title":"Alunos de Agronomia do UNIFEB participam em S\u00e3o Paulo da XIV Edi\u00e7\u00e3o do Encontro CREA Jovem - Regi\u00e3o News","og_description":"O evento contou com programa\u00e7\u00e3o variada, inclusive palestras com foco","og_url":"https:\/\/regiaonews.net.br\/2022\/2023\/12\/20\/alunos-de-agronomia-do-unifeb-participam-em-sao-paulo-da-xiv-edicao-do-encontro-crea-jovem\/","og_site_name":"Regi\u00e3o News","article_published_time":"2023-12-20T12:15:15+00:00","og_image":[{"width":576,"height":451,"url":"https:\/\/regiaonews.net.br\/2022\/wp-content\/uploads\/2023\/12\/Evento_CREA_2.jpeg","type":"image\/jpeg"}],"author":"Roberto","twitter_card":"summary_large_image","twitter_misc":{"Escrito por":"Roberto","Est. tempo de leitura":"4 minutos"},"schema":{"@context":"https:\/\/schema.org","@graph":[{"@type":"Article","@id":"https:\/\/regiaonews.net.br\/2022\/2023\/12\/20\/alunos-de-agronomia-do-unifeb-participam-em-sao-paulo-da-xiv-edicao-do-encontro-crea-jovem\/#article","isPartOf":{"@id":"https:\/\/regiaonews.net.br\/2022\/2023\/12\/20\/alunos-de-agronomia-do-unifeb-participam-em-sao-paulo-da-xiv-edicao-do-encontro-crea-jovem\/"},"author":{"name":"Roberto","@id":"https:\/\/regiaonews.net.br\/2022\/#\/schema\/person\/2d205a608a5aa97ac279d7a5e6d89ad8"},"headline":"Alunos de Agronomia do UNIFEB participam em S\u00e3o Paulo da XIV Edi\u00e7\u00e3o do Encontro CREA Jovem","datePublished":"2023-12-20T12:15:15+00:00","mainEntityOfPage":{"@id":"https:\/\/regiaonews.net.br\/2022\/2023\/12\/20\/alunos-de-agronomia-do-unifeb-participam-em-sao-paulo-da-xiv-edicao-do-encontro-crea-jovem\/"},"wordCount":587,"commentCount":0,"publisher":{"@id":"https:\/\/regiaonews.net.br\/2022\/#organization"},"image":{"@id":"https:\/\/regiaonews.net.br\/2022\/2023\/12\/20\/alunos-de-agronomia-do-unifeb-participam-em-sao-paulo-da-xiv-edicao-do-encontro-crea-jovem\/#primaryimage"},"thumbnailUrl":"https:\/\/regiaonews.net.br\/2022\/wp-content\/uploads\/2023\/12\/Evento_CREA_2.jpeg","articleSection":["Barretos","Cidades"],"inLanguage":"pt-BR","potentialAction":[{"@type":"CommentAction","name":"Comment","target":["https:\/\/regiaonews.net.br\/2022\/2023\/12\/20\/alunos-de-agronomia-do-unifeb-participam-em-sao-paulo-da-xiv-edicao-do-encontro-crea-jovem\/#respond"]}]},{"@type":"WebPage","@id":"https:\/\/regiaonews.net.br\/2022\/2023\/12\/20\/alunos-de-agronomia-do-unifeb-participam-em-sao-paulo-da-xiv-edicao-do-encontro-crea-jovem\/","url":"https:\/\/regiaonews.net.br\/2022\/2023\/12\/20\/alunos-de-agronomia-do-unifeb-participam-em-sao-paulo-da-xiv-edicao-do-encontro-crea-jovem\/","name":"Alunos de Agronomia do UNIFEB participam em S\u00e3o Paulo da XIV Edi\u00e7\u00e3o do Encontro CREA Jovem - Regi\u00e3o News","isPartOf":{"@id":"https:\/\/regiaonews.net.br\/2022\/#website"},"primaryImageOfPage":{"@id":"https:\/\/regiaonews.net.br\/2022\/2023\/12\/20\/alunos-de-agronomia-do-unifeb-participam-em-sao-paulo-da-xiv-edicao-do-encontro-crea-jovem\/#primaryimage"},"image":{"@id":"https:\/\/regiaonews.net.br\/2022\/2023\/12\/20\/alunos-de-agronomia-do-unifeb-participam-em-sao-paulo-da-xiv-edicao-do-encontro-crea-jovem\/#primaryimage"},"thumbnailUrl":"https:\/\/regiaonews.net.br\/2022\/wp-content\/uploads\/2023\/12\/Evento_CREA_2.jpeg","datePublished":"2023-12-20T12:15:15+00:00","breadcrumb":{"@id":"https:\/\/regiaonews.net.br\/2022\/2023\/12\/20\/alunos-de-agronomia-do-unifeb-participam-em-sao-paulo-da-xiv-edicao-do-encontro-crea-jovem\/#breadcrumb"},"inLanguage":"pt-BR","potentialAction":[{"@type":"ReadAction","target":["https:\/\/regiaonews.net.br\/2022\/2023\/12\/20\/alunos-de-agronomia-do-unifeb-participam-em-sao-paulo-da-xiv-edicao-do-encontro-crea-jovem\/"]}]},{"@type":"ImageObject","inLanguage":"pt-BR","@id":"https:\/\/regiaonews.net.br\/2022\/2023\/12\/20\/alunos-de-agronomia-do-unifeb-participam-em-sao-paulo-da-xiv-edicao-do-encontro-crea-jovem\/#primaryimage","url":"https:\/\/regiaonews.net.br\/2022\/wp-content\/uploads\/2023\/12\/Evento_CREA_2.jpeg","contentUrl":"https:\/\/regiaonews.net.br\/2022\/wp-content\/uploads\/2023\/12\/Evento_CREA_2.jpeg","width":576,"height":451},{"@type":"BreadcrumbList","@id":"https:\/\/regiaonews.net.br\/2022\/2023\/12\/20\/alunos-de-agronomia-do-unifeb-participam-em-sao-paulo-da-xiv-edicao-do-encontro-crea-jovem\/#breadcrumb","itemListElement":[{"@type":"ListItem","position":1,"name":"In\u00edcio","item":"https:\/\/regiaonews.net.br\/2022\/"},{"@type":"ListItem","position":2,"name":"Alunos de Agronomia do UNIFEB participam em S\u00e3o Paulo da XIV Edi\u00e7\u00e3o do Encontro CREA Jovem"}]},{"@type":"WebSite","@id":"https:\/\/regiaonews.net.br\/2022\/#website","url":"https:\/\/regiaonews.net.br\/2022\/","name":"Regi\u00e3o News","description":"Site de Not\u00edcias de Barretos e regi\u00e3o","publisher":{"@id":"https:\/\/regiaonews.net.br\/2022\/#organization"},"potentialAction":[{"@type":"SearchAction","target":{"@type":"EntryPoint","urlTemplate":"https:\/\/regiaonews.net.br\/2022\/?s={search_term_string}"},"query-input":{"@type":"PropertyValueSpecification","valueRequired":true,"valueName":"search_term_string"}}],"inLanguage":"pt-BR"},{"@type":"Organization","@id":"https:\/\/regiaonews.net.br\/2022\/#organization","name":"Regi\u00e3o News","url":"https:\/\/regiaonews.net.br\/2022\/","logo":{"@type":"ImageObject","inLanguage":"pt-BR","@id":"https:\/\/regiaonews.net.br\/2022\/#\/schema\/logo\/image\/","url":"https:\/\/regiaonews.net.br\/2022\/wp-content\/uploads\/2026\/03\/regiao-13-anos-scaled.jpg","contentUrl":"https:\/\/regiaonews.net.br\/2022\/wp-content\/uploads\/2026\/03\/regiao-13-anos-scaled.jpg","width":2560,"height":635,"caption":"Regi\u00e3o News"},"image":{"@id":"https:\/\/regiaonews.net.br\/2022\/#\/schema\/logo\/image\/"}},{"@type":"Person","@id":"https:\/\/regiaonews.net.br\/2022\/#\/schema\/person\/2d205a608a5aa97ac279d7a5e6d89ad8","name":"Roberto","image":{"@type":"ImageObject","inLanguage":"pt-BR","@id":"https:\/\/secure.gravatar.com\/avatar\/42749d8b712ff9d59ca93dc150494e5b55a44134482993f5baeb97e61b7ecc89?s=96&d=mm&r=g","url":"https:\/\/secure.gravatar.com\/avatar\/42749d8b712ff9d59ca93dc150494e5b55a44134482993f5baeb97e61b7ecc89?s=96&d=mm&r=g","contentUrl":"https:\/\/secure.gravatar.com\/avatar\/42749d8b712ff9d59ca93dc150494e5b55a44134482993f5baeb97e61b7ecc89?s=96&d=mm&r=g","caption":"Roberto"},"url":"https:\/\/regiaonews.net.br\/2022\/author\/roberto\/"}]}},"publishpress_future_action":{"enabled":false,"date":"2026-05-04 05:52:09","action":"change-status","newStatus":"draft","terms":[],"taxonomy":"category","extraData":[]},"publishpress_future_workflow_manual_trigger":{"enabledWorkflows":[]},"_links":{"self":[{"href":"https:\/\/regiaonews.net.br\/2022\/wp-json\/wp\/v2\/posts\/99293","targetHints":{"allow":["GET"]}}],"collection":[{"href":"https:\/\/regiaonews.net.br\/2022\/wp-json\/wp\/v2\/posts"}],"about":[{"href":"https:\/\/regiaonews.net.br\/2022\/wp-json\/wp\/v2\/types\/post"}],"author":[{"embeddable":true,"href":"https:\/\/regiaonews.net.br\/2022\/wp-json\/wp\/v2\/users\/2"}],"replies":[{"embeddable":true,"href":"https:\/\/regiaonews.net.br\/2022\/wp-json\/wp\/v2\/comments?post=99293"}],"version-history":[{"count":1,"href":"https:\/\/regiaonews.net.br\/2022\/wp-json\/wp\/v2\/posts\/99293\/revisions"}],"predecessor-version":[{"id":99295,"href":"https:\/\/regiaonews.net.br\/2022\/wp-json\/wp\/v2\/posts\/99293\/revisions\/99295"}],"wp:featuredmedia":[{"embeddable":true,"href":"https:\/\/regiaonews.net.br\/2022\/wp-json\/wp\/v2\/media\/99294"}],"wp:attachment":[{"href":"https:\/\/regiaonews.net.br\/2022\/wp-json\/wp\/v2\/media?parent=99293"}],"wp:term":[{"taxonomy":"category","embeddable":true,"href":"https:\/\/regiaonews.net.br\/2022\/wp-json\/wp\/v2\/categories?post=99293"},{"taxonomy":"post_tag","embeddable":true,"href":"https:\/\/regiaonews.net.br\/2022\/wp-json\/wp\/v2\/tags?post=99293"}],"curies":[{"name":"wp","href":"https:\/\/api.w.org\/{rel}","templated":true}]}}