{"id":99290,"date":"2023-12-20T09:08:49","date_gmt":"2023-12-20T12:08:49","guid":{"rendered":"https:\/\/regiaonews.net.br\/2022\/?p=99290"},"modified":"2023-12-20T09:08:49","modified_gmt":"2023-12-20T12:08:49","slug":"governo-obtem-liminar-para-remocao-de-publicacoes-que-associam-vacinas-da-covid-19-a-aids","status":"publish","type":"post","link":"https:\/\/regiaonews.net.br\/2022\/2023\/12\/20\/governo-obtem-liminar-para-remocao-de-publicacoes-que-associam-vacinas-da-covid-19-a-aids\/","title":{"rendered":"Governo obt\u00e9m liminar para remo\u00e7\u00e3o de publica\u00e7\u00f5es que associam vacinas da Covid-19 \u00e0 Aids"},"content":{"rendered":"<p><br aria-hidden=\"true\" \/><\/p>\n<p>Desinforma\u00e7\u00e3o espalhada por site alcan\u00e7ou pelo menos 3 milh\u00f5es de pessoas. A\u00e7\u00e3o foi elaborada pela Procuradoria Nacional da Uni\u00e3o de Defesa da Democracia (PNDD) a partir de informa\u00e7\u00f5es levantadas pela SECOM da Presid\u00eancia da Rep\u00fablica<\/p>\n<p>Governo Federal obteve, por meio da Advocacia-Geral da Uni\u00e3o (AGU) liminar determinando a remo\u00e7\u00e3o de publica\u00e7\u00e3o do site tribunanacional\u0702com\u0702br e do seu respectivo canal no Telegram que espalham desinforma\u00e7\u00e3o sobre vacinas da Covid-19, associando os imunizantes com o suposto desenvolvimento de uma \u201cs\u00edndrome de imunodefici\u00eancia adquirida por vacina&#8221;, ou &#8220;VAIDS&#8221;. A decis\u00e3o \u00e9 da 20\u00aa Vara Federal do Rio de Janeiro, proferida na sexta-feira, 15 de dezembro.<br aria-hidden=\"true\" \/><\/p>\n<p>A a\u00e7\u00e3o foi elaborada pela Procuradoria Nacional da Uni\u00e3o de Defesa da Democracia (PNDD) a partir de informa\u00e7\u00f5es levantadas pela Secretaria de Comunica\u00e7\u00e3o (SECOM) da Presid\u00eancia da Rep\u00fablica, no \u00e2mbito do Comit\u00ea de Enfrentamento da Desinforma\u00e7\u00e3o sobre o Programa Nacional de Imuniza\u00e7\u00f5es e as Pol\u00edticas de Sa\u00fade P\u00fablica. A iniciativa faz parte do Sa\u00fade com Ci\u00eancia, programa interministerial voltado para a promo\u00e7\u00e3o e fortalecimento das pol\u00edticas p\u00fablicas de sa\u00fade e a valoriza\u00e7\u00e3o da ci\u00eancia.<br aria-hidden=\"true\" \/><\/p>\n<p>Al\u00e9m da remo\u00e7\u00e3o da postagem, que viralizou em outras redes sociais e alcan\u00e7ou pelo menos 3 milh\u00f5es de pessoas, a liminar obtida pela AGU determina a retirada de outras 20 publica\u00e7\u00f5es do site com desinforma\u00e7\u00f5es sobre vacinas em um prazo de 24 horas a partir da intima\u00e7\u00e3o dos respons\u00e1veis, sob pena do pagamento de multa di\u00e1ria de R\uff04 10 mil, por publica\u00e7\u00e3o mantida no ar, em caso de descumprimento da decis\u00e3o. Al\u00e9m disso, a liminar pro\u00edbe os respons\u00e1veis pelos canais de fazer novas postagens disseminando conte\u00fados falsos sobre o assunto.<br aria-hidden=\"true\" \/><\/p>\n<p>A peti\u00e7\u00e3o \u00e9 movida em face dos donos do dom\u00ednio do site, Luiz Cl\u00e1udio Cust\u00f3dio da Silva, Vinicius Mariano de Souza e Maria Cristina de Almeida Barroso. Luiz Cl\u00e1udio Cust\u00f3dio da Silva tamb\u00e9m assina publica\u00e7\u00f5es feitas no site com as desinforma\u00e7\u00f5es.<br aria-hidden=\"true\" \/><\/p>\n<p>Conforme a AGU explica na a\u00e7\u00e3o, a SECOM detectou, no dia 5 de outubro, um aumento expressivo nas men\u00e7\u00f5es ao termo \u201cVAIDS\u201d na internet e, ap\u00f3s o cruzamento de dados, identificou que a fonte da tend\u00eancia era uma publica\u00e7\u00e3o do site Tribuna Nacional que, em seguida, foi disseminada por perfis do X (antigo Twitter).<br aria-hidden=\"true\" \/><\/p>\n<p>Foi verificado, ent\u00e3o, que o website funciona como epicentro de uma cadeia de desinforma\u00e7\u00e3o de conte\u00fados disseminados no Telegram e no X com o escopo de desacreditar o Programa Nacional de Imuniza\u00e7\u00e3o e desestimular as pessoas a se vacinarem, inclusive de forma conectada ao movimento antivacina internacional por meio da replica\u00e7\u00e3o, traduzida, de textos publicados em sites estrangeiros reconhecidos como disseminadores de desinforma\u00e7\u00f5es sobre o assunto.<br aria-hidden=\"true\" \/><\/p>\n<p>A PNDD ressalta que os respons\u00e1veis tamb\u00e9m atuam com a finalidade de monetizar as desinforma\u00e7\u00f5es, visto que o site oferece aos visitantes a op\u00e7\u00e3o de apoiar financeiramente a opera\u00e7\u00e3o por meio de um PIX em nome de Luiz Cl\u00e1udio Cust\u00f3dio da Silva.<br aria-hidden=\"true\" \/><\/p>\n<p><strong>PREJU\u00cdZO \u00c0 SA\u00daDE P\u00daBLICA<\/strong>\u00a0\u2013 Na a\u00e7\u00e3o, a AGU alerta que a associa\u00e7\u00e3o das vacinas \u00e0 Aids, bem como as outras teorias infundadas disseminadas no website, prejudicam a sa\u00fade p\u00fablica ao fomentar d\u00favidas sobre a seguran\u00e7a e efic\u00e1cia dos imunizantes e induzir indiv\u00edduos a evitarem as vacinas e a procurarem tratamentos alternativos sem efic\u00e1cia comprovada ou que oferecem perigos para a sa\u00fade.<br aria-hidden=\"true\" \/><\/p>\n<p>A Advocacia-Geral da Uni\u00e3o assinala, ainda, que a redu\u00e7\u00e3o da cobertura vacinal, verificada em dados recentes do Minist\u00e9rio da Sa\u00fade, compromete a imunidade coletiva e aumenta a possibilidade de surtos de doen\u00e7as preven\u00edveis e de surgimento de cepas mais perigosas e resistentes dos pat\u00f3genos dos quais as vacinas protegem, colocando em risco a sa\u00fade e a vida das pessoas.<br aria-hidden=\"true\" \/><\/p>\n<p>Por fim, a PNDD reconhece, em trecho da peti\u00e7\u00e3o, que a liberdade de express\u00e3o \u00e9 um direito fundamental protegido pela Constitui\u00e7\u00e3o Federal e um pilar da democracia, mas pondera que, como qualquer outro, n\u00e3o \u00e9 um direito absoluto e n\u00e3o pode ser utilizado para a pr\u00e1tica de atos que afrontem outros direitos fundamentais, como o direito \u00e0 sa\u00fade e \u00e0 vida.<br aria-hidden=\"true\" \/><\/p>\n<p>Na decis\u00e3o em que acolheu os argumentos da Uni\u00e3o e concedeu a liminar, o ju\u00edzo reconheceu que \u201ca perman\u00eancia das publica\u00e7\u00f5es na rede favorece a propaga\u00e7\u00e3o de informa\u00e7\u00f5es falsas sobre a pol\u00edtica de vacina\u00e7\u00e3o, com o potencial concreto de prejudicar a cobertura vacinal da popula\u00e7\u00e3o brasileira e consequente redu\u00e7\u00e3o da efic\u00e1cia da imuniza\u00e7\u00e3o\u201d.<br aria-hidden=\"true\" \/><\/p>\n<p>\u201cA decis\u00e3o mostra que as institui\u00e7\u00f5es do sistema de Justi\u00e7a est\u00e3o cada vez mais atentas aos preju\u00edzos que a desinforma\u00e7\u00e3o pode causar \u00e0 sociedade e, ao mesmo tempo, mais preparadas para enfrentar este fen\u00f4meno\u201d, observa a procuradora Nacional da Uni\u00e3o de Defesa da Democracia, Nat\u00e1lia Ribeiro Machado. \u201cQue este caso possa servir de paradigma para outros e como um alerta aos que buscam audi\u00eancia e lucro colocando a vida e a sa\u00fade da popula\u00e7\u00e3o em risco\u201d, completa.<\/p>\n<p aria-hidden=\"true\">\n<p><br aria-hidden=\"true\" \/><strong>Fonte:\u00a0<\/strong><i>Secretaria de Comunica\u00e7\u00e3o Social da Presid\u00eancia da Rep\u00fablica<\/i><\/p>\n","protected":false},"excerpt":{"rendered":"<p>Desinforma\u00e7\u00e3o espalhada por site alcan\u00e7ou pelo menos 3 milh\u00f5es de<\/p>\n","protected":false},"author":2,"featured_media":99291,"comment_status":"open","ping_status":"open","sticky":false,"template":"","format":"standard","meta":{"footnotes":""},"categories":[24],"tags":[],"class_list":["post-99290","post","type-post","status-publish","format-standard","has-post-thumbnail","hentry","category-brasil"],"yoast_head":"<!-- This site is optimized with the Yoast SEO plugin v27.4 - https:\/\/yoast.com\/product\/yoast-seo-wordpress\/ -->\n<title>Governo obt\u00e9m liminar para remo\u00e7\u00e3o de publica\u00e7\u00f5es que associam vacinas da Covid-19 \u00e0 Aids - Regi\u00e3o News<\/title>\n<meta name=\"robots\" content=\"index, follow, max-snippet:-1, max-image-preview:large, max-video-preview:-1\" \/>\n<link rel=\"canonical\" href=\"https:\/\/regiaonews.net.br\/2022\/2023\/12\/20\/governo-obtem-liminar-para-remocao-de-publicacoes-que-associam-vacinas-da-covid-19-a-aids\/\" \/>\n<meta property=\"og:locale\" content=\"pt_BR\" \/>\n<meta property=\"og:type\" content=\"article\" \/>\n<meta property=\"og:title\" content=\"Governo obt\u00e9m liminar para remo\u00e7\u00e3o de publica\u00e7\u00f5es que associam vacinas da Covid-19 \u00e0 Aids - Regi\u00e3o News\" \/>\n<meta property=\"og:description\" content=\"Desinforma\u00e7\u00e3o espalhada por site alcan\u00e7ou pelo menos 3 milh\u00f5es de\" \/>\n<meta property=\"og:url\" content=\"https:\/\/regiaonews.net.br\/2022\/2023\/12\/20\/governo-obtem-liminar-para-remocao-de-publicacoes-que-associam-vacinas-da-covid-19-a-aids\/\" \/>\n<meta property=\"og:site_name\" content=\"Regi\u00e3o News\" \/>\n<meta property=\"article:published_time\" content=\"2023-12-20T12:08:49+00:00\" \/>\n<meta property=\"og:image\" content=\"https:\/\/regiaonews.net.br\/2022\/wp-content\/uploads\/2023\/12\/handler.jpg\" \/>\n\t<meta property=\"og:image:width\" content=\"768\" \/>\n\t<meta property=\"og:image:height\" content=\"512\" \/>\n\t<meta property=\"og:image:type\" content=\"image\/jpeg\" \/>\n<meta name=\"author\" content=\"Roberto\" \/>\n<meta name=\"twitter:card\" content=\"summary_large_image\" \/>\n<meta name=\"twitter:label1\" content=\"Escrito por\" \/>\n\t<meta name=\"twitter:data1\" content=\"Roberto\" \/>\n\t<meta name=\"twitter:label2\" content=\"Est. tempo de leitura\" \/>\n\t<meta name=\"twitter:data2\" content=\"5 minutos\" \/>\n<script type=\"application\/ld+json\" class=\"yoast-schema-graph\">{\"@context\":\"https:\\\/\\\/schema.org\",\"@graph\":[{\"@type\":\"Article\",\"@id\":\"https:\\\/\\\/regiaonews.net.br\\\/2022\\\/2023\\\/12\\\/20\\\/governo-obtem-liminar-para-remocao-de-publicacoes-que-associam-vacinas-da-covid-19-a-aids\\\/#article\",\"isPartOf\":{\"@id\":\"https:\\\/\\\/regiaonews.net.br\\\/2022\\\/2023\\\/12\\\/20\\\/governo-obtem-liminar-para-remocao-de-publicacoes-que-associam-vacinas-da-covid-19-a-aids\\\/\"},\"author\":{\"name\":\"Roberto\",\"@id\":\"https:\\\/\\\/regiaonews.net.br\\\/2022\\\/#\\\/schema\\\/person\\\/2d205a608a5aa97ac279d7a5e6d89ad8\"},\"headline\":\"Governo obt\u00e9m liminar para remo\u00e7\u00e3o de publica\u00e7\u00f5es que associam vacinas da Covid-19 \u00e0 Aids\",\"datePublished\":\"2023-12-20T12:08:49+00:00\",\"mainEntityOfPage\":{\"@id\":\"https:\\\/\\\/regiaonews.net.br\\\/2022\\\/2023\\\/12\\\/20\\\/governo-obtem-liminar-para-remocao-de-publicacoes-que-associam-vacinas-da-covid-19-a-aids\\\/\"},\"wordCount\":922,\"commentCount\":0,\"publisher\":{\"@id\":\"https:\\\/\\\/regiaonews.net.br\\\/2022\\\/#organization\"},\"image\":{\"@id\":\"https:\\\/\\\/regiaonews.net.br\\\/2022\\\/2023\\\/12\\\/20\\\/governo-obtem-liminar-para-remocao-de-publicacoes-que-associam-vacinas-da-covid-19-a-aids\\\/#primaryimage\"},\"thumbnailUrl\":\"https:\\\/\\\/regiaonews.net.br\\\/2022\\\/wp-content\\\/uploads\\\/2023\\\/12\\\/handler.jpg\",\"articleSection\":[\"Brasil\"],\"inLanguage\":\"pt-BR\",\"potentialAction\":[{\"@type\":\"CommentAction\",\"name\":\"Comment\",\"target\":[\"https:\\\/\\\/regiaonews.net.br\\\/2022\\\/2023\\\/12\\\/20\\\/governo-obtem-liminar-para-remocao-de-publicacoes-que-associam-vacinas-da-covid-19-a-aids\\\/#respond\"]}]},{\"@type\":\"WebPage\",\"@id\":\"https:\\\/\\\/regiaonews.net.br\\\/2022\\\/2023\\\/12\\\/20\\\/governo-obtem-liminar-para-remocao-de-publicacoes-que-associam-vacinas-da-covid-19-a-aids\\\/\",\"url\":\"https:\\\/\\\/regiaonews.net.br\\\/2022\\\/2023\\\/12\\\/20\\\/governo-obtem-liminar-para-remocao-de-publicacoes-que-associam-vacinas-da-covid-19-a-aids\\\/\",\"name\":\"Governo obt\u00e9m liminar para remo\u00e7\u00e3o de publica\u00e7\u00f5es que associam vacinas da Covid-19 \u00e0 Aids - Regi\u00e3o News\",\"isPartOf\":{\"@id\":\"https:\\\/\\\/regiaonews.net.br\\\/2022\\\/#website\"},\"primaryImageOfPage\":{\"@id\":\"https:\\\/\\\/regiaonews.net.br\\\/2022\\\/2023\\\/12\\\/20\\\/governo-obtem-liminar-para-remocao-de-publicacoes-que-associam-vacinas-da-covid-19-a-aids\\\/#primaryimage\"},\"image\":{\"@id\":\"https:\\\/\\\/regiaonews.net.br\\\/2022\\\/2023\\\/12\\\/20\\\/governo-obtem-liminar-para-remocao-de-publicacoes-que-associam-vacinas-da-covid-19-a-aids\\\/#primaryimage\"},\"thumbnailUrl\":\"https:\\\/\\\/regiaonews.net.br\\\/2022\\\/wp-content\\\/uploads\\\/2023\\\/12\\\/handler.jpg\",\"datePublished\":\"2023-12-20T12:08:49+00:00\",\"breadcrumb\":{\"@id\":\"https:\\\/\\\/regiaonews.net.br\\\/2022\\\/2023\\\/12\\\/20\\\/governo-obtem-liminar-para-remocao-de-publicacoes-que-associam-vacinas-da-covid-19-a-aids\\\/#breadcrumb\"},\"inLanguage\":\"pt-BR\",\"potentialAction\":[{\"@type\":\"ReadAction\",\"target\":[\"https:\\\/\\\/regiaonews.net.br\\\/2022\\\/2023\\\/12\\\/20\\\/governo-obtem-liminar-para-remocao-de-publicacoes-que-associam-vacinas-da-covid-19-a-aids\\\/\"]}]},{\"@type\":\"ImageObject\",\"inLanguage\":\"pt-BR\",\"@id\":\"https:\\\/\\\/regiaonews.net.br\\\/2022\\\/2023\\\/12\\\/20\\\/governo-obtem-liminar-para-remocao-de-publicacoes-que-associam-vacinas-da-covid-19-a-aids\\\/#primaryimage\",\"url\":\"https:\\\/\\\/regiaonews.net.br\\\/2022\\\/wp-content\\\/uploads\\\/2023\\\/12\\\/handler.jpg\",\"contentUrl\":\"https:\\\/\\\/regiaonews.net.br\\\/2022\\\/wp-content\\\/uploads\\\/2023\\\/12\\\/handler.jpg\",\"width\":768,\"height\":512},{\"@type\":\"BreadcrumbList\",\"@id\":\"https:\\\/\\\/regiaonews.net.br\\\/2022\\\/2023\\\/12\\\/20\\\/governo-obtem-liminar-para-remocao-de-publicacoes-que-associam-vacinas-da-covid-19-a-aids\\\/#breadcrumb\",\"itemListElement\":[{\"@type\":\"ListItem\",\"position\":1,\"name\":\"In\u00edcio\",\"item\":\"https:\\\/\\\/regiaonews.net.br\\\/2022\\\/\"},{\"@type\":\"ListItem\",\"position\":2,\"name\":\"Governo obt\u00e9m liminar para remo\u00e7\u00e3o de publica\u00e7\u00f5es que associam vacinas da Covid-19 \u00e0 Aids\"}]},{\"@type\":\"WebSite\",\"@id\":\"https:\\\/\\\/regiaonews.net.br\\\/2022\\\/#website\",\"url\":\"https:\\\/\\\/regiaonews.net.br\\\/2022\\\/\",\"name\":\"Regi\u00e3o News\",\"description\":\"Site de Not\u00edcias de Barretos e regi\u00e3o\",\"publisher\":{\"@id\":\"https:\\\/\\\/regiaonews.net.br\\\/2022\\\/#organization\"},\"potentialAction\":[{\"@type\":\"SearchAction\",\"target\":{\"@type\":\"EntryPoint\",\"urlTemplate\":\"https:\\\/\\\/regiaonews.net.br\\\/2022\\\/?s={search_term_string}\"},\"query-input\":{\"@type\":\"PropertyValueSpecification\",\"valueRequired\":true,\"valueName\":\"search_term_string\"}}],\"inLanguage\":\"pt-BR\"},{\"@type\":\"Organization\",\"@id\":\"https:\\\/\\\/regiaonews.net.br\\\/2022\\\/#organization\",\"name\":\"Regi\u00e3o News\",\"url\":\"https:\\\/\\\/regiaonews.net.br\\\/2022\\\/\",\"logo\":{\"@type\":\"ImageObject\",\"inLanguage\":\"pt-BR\",\"@id\":\"https:\\\/\\\/regiaonews.net.br\\\/2022\\\/#\\\/schema\\\/logo\\\/image\\\/\",\"url\":\"https:\\\/\\\/regiaonews.net.br\\\/2022\\\/wp-content\\\/uploads\\\/2026\\\/03\\\/regiao-13-anos-scaled.jpg\",\"contentUrl\":\"https:\\\/\\\/regiaonews.net.br\\\/2022\\\/wp-content\\\/uploads\\\/2026\\\/03\\\/regiao-13-anos-scaled.jpg\",\"width\":2560,\"height\":635,\"caption\":\"Regi\u00e3o News\"},\"image\":{\"@id\":\"https:\\\/\\\/regiaonews.net.br\\\/2022\\\/#\\\/schema\\\/logo\\\/image\\\/\"}},{\"@type\":\"Person\",\"@id\":\"https:\\\/\\\/regiaonews.net.br\\\/2022\\\/#\\\/schema\\\/person\\\/2d205a608a5aa97ac279d7a5e6d89ad8\",\"name\":\"Roberto\",\"image\":{\"@type\":\"ImageObject\",\"inLanguage\":\"pt-BR\",\"@id\":\"https:\\\/\\\/secure.gravatar.com\\\/avatar\\\/42749d8b712ff9d59ca93dc150494e5b55a44134482993f5baeb97e61b7ecc89?s=96&d=mm&r=g\",\"url\":\"https:\\\/\\\/secure.gravatar.com\\\/avatar\\\/42749d8b712ff9d59ca93dc150494e5b55a44134482993f5baeb97e61b7ecc89?s=96&d=mm&r=g\",\"contentUrl\":\"https:\\\/\\\/secure.gravatar.com\\\/avatar\\\/42749d8b712ff9d59ca93dc150494e5b55a44134482993f5baeb97e61b7ecc89?s=96&d=mm&r=g\",\"caption\":\"Roberto\"},\"url\":\"https:\\\/\\\/regiaonews.net.br\\\/2022\\\/author\\\/roberto\\\/\"}]}<\/script>\n<!-- \/ Yoast SEO plugin. -->","yoast_head_json":{"title":"Governo obt\u00e9m liminar para remo\u00e7\u00e3o de publica\u00e7\u00f5es que associam vacinas da Covid-19 \u00e0 Aids - Regi\u00e3o News","robots":{"index":"index","follow":"follow","max-snippet":"max-snippet:-1","max-image-preview":"max-image-preview:large","max-video-preview":"max-video-preview:-1"},"canonical":"https:\/\/regiaonews.net.br\/2022\/2023\/12\/20\/governo-obtem-liminar-para-remocao-de-publicacoes-que-associam-vacinas-da-covid-19-a-aids\/","og_locale":"pt_BR","og_type":"article","og_title":"Governo obt\u00e9m liminar para remo\u00e7\u00e3o de publica\u00e7\u00f5es que associam vacinas da Covid-19 \u00e0 Aids - Regi\u00e3o News","og_description":"Desinforma\u00e7\u00e3o espalhada por site alcan\u00e7ou pelo menos 3 milh\u00f5es de","og_url":"https:\/\/regiaonews.net.br\/2022\/2023\/12\/20\/governo-obtem-liminar-para-remocao-de-publicacoes-que-associam-vacinas-da-covid-19-a-aids\/","og_site_name":"Regi\u00e3o News","article_published_time":"2023-12-20T12:08:49+00:00","og_image":[{"width":768,"height":512,"url":"https:\/\/regiaonews.net.br\/2022\/wp-content\/uploads\/2023\/12\/handler.jpg","type":"image\/jpeg"}],"author":"Roberto","twitter_card":"summary_large_image","twitter_misc":{"Escrito por":"Roberto","Est. tempo de leitura":"5 minutos"},"schema":{"@context":"https:\/\/schema.org","@graph":[{"@type":"Article","@id":"https:\/\/regiaonews.net.br\/2022\/2023\/12\/20\/governo-obtem-liminar-para-remocao-de-publicacoes-que-associam-vacinas-da-covid-19-a-aids\/#article","isPartOf":{"@id":"https:\/\/regiaonews.net.br\/2022\/2023\/12\/20\/governo-obtem-liminar-para-remocao-de-publicacoes-que-associam-vacinas-da-covid-19-a-aids\/"},"author":{"name":"Roberto","@id":"https:\/\/regiaonews.net.br\/2022\/#\/schema\/person\/2d205a608a5aa97ac279d7a5e6d89ad8"},"headline":"Governo obt\u00e9m liminar para remo\u00e7\u00e3o de publica\u00e7\u00f5es que associam vacinas da Covid-19 \u00e0 Aids","datePublished":"2023-12-20T12:08:49+00:00","mainEntityOfPage":{"@id":"https:\/\/regiaonews.net.br\/2022\/2023\/12\/20\/governo-obtem-liminar-para-remocao-de-publicacoes-que-associam-vacinas-da-covid-19-a-aids\/"},"wordCount":922,"commentCount":0,"publisher":{"@id":"https:\/\/regiaonews.net.br\/2022\/#organization"},"image":{"@id":"https:\/\/regiaonews.net.br\/2022\/2023\/12\/20\/governo-obtem-liminar-para-remocao-de-publicacoes-que-associam-vacinas-da-covid-19-a-aids\/#primaryimage"},"thumbnailUrl":"https:\/\/regiaonews.net.br\/2022\/wp-content\/uploads\/2023\/12\/handler.jpg","articleSection":["Brasil"],"inLanguage":"pt-BR","potentialAction":[{"@type":"CommentAction","name":"Comment","target":["https:\/\/regiaonews.net.br\/2022\/2023\/12\/20\/governo-obtem-liminar-para-remocao-de-publicacoes-que-associam-vacinas-da-covid-19-a-aids\/#respond"]}]},{"@type":"WebPage","@id":"https:\/\/regiaonews.net.br\/2022\/2023\/12\/20\/governo-obtem-liminar-para-remocao-de-publicacoes-que-associam-vacinas-da-covid-19-a-aids\/","url":"https:\/\/regiaonews.net.br\/2022\/2023\/12\/20\/governo-obtem-liminar-para-remocao-de-publicacoes-que-associam-vacinas-da-covid-19-a-aids\/","name":"Governo obt\u00e9m liminar para remo\u00e7\u00e3o de publica\u00e7\u00f5es que associam vacinas da Covid-19 \u00e0 Aids - Regi\u00e3o News","isPartOf":{"@id":"https:\/\/regiaonews.net.br\/2022\/#website"},"primaryImageOfPage":{"@id":"https:\/\/regiaonews.net.br\/2022\/2023\/12\/20\/governo-obtem-liminar-para-remocao-de-publicacoes-que-associam-vacinas-da-covid-19-a-aids\/#primaryimage"},"image":{"@id":"https:\/\/regiaonews.net.br\/2022\/2023\/12\/20\/governo-obtem-liminar-para-remocao-de-publicacoes-que-associam-vacinas-da-covid-19-a-aids\/#primaryimage"},"thumbnailUrl":"https:\/\/regiaonews.net.br\/2022\/wp-content\/uploads\/2023\/12\/handler.jpg","datePublished":"2023-12-20T12:08:49+00:00","breadcrumb":{"@id":"https:\/\/regiaonews.net.br\/2022\/2023\/12\/20\/governo-obtem-liminar-para-remocao-de-publicacoes-que-associam-vacinas-da-covid-19-a-aids\/#breadcrumb"},"inLanguage":"pt-BR","potentialAction":[{"@type":"ReadAction","target":["https:\/\/regiaonews.net.br\/2022\/2023\/12\/20\/governo-obtem-liminar-para-remocao-de-publicacoes-que-associam-vacinas-da-covid-19-a-aids\/"]}]},{"@type":"ImageObject","inLanguage":"pt-BR","@id":"https:\/\/regiaonews.net.br\/2022\/2023\/12\/20\/governo-obtem-liminar-para-remocao-de-publicacoes-que-associam-vacinas-da-covid-19-a-aids\/#primaryimage","url":"https:\/\/regiaonews.net.br\/2022\/wp-content\/uploads\/2023\/12\/handler.jpg","contentUrl":"https:\/\/regiaonews.net.br\/2022\/wp-content\/uploads\/2023\/12\/handler.jpg","width":768,"height":512},{"@type":"BreadcrumbList","@id":"https:\/\/regiaonews.net.br\/2022\/2023\/12\/20\/governo-obtem-liminar-para-remocao-de-publicacoes-que-associam-vacinas-da-covid-19-a-aids\/#breadcrumb","itemListElement":[{"@type":"ListItem","position":1,"name":"In\u00edcio","item":"https:\/\/regiaonews.net.br\/2022\/"},{"@type":"ListItem","position":2,"name":"Governo obt\u00e9m liminar para remo\u00e7\u00e3o de publica\u00e7\u00f5es que associam vacinas da Covid-19 \u00e0 Aids"}]},{"@type":"WebSite","@id":"https:\/\/regiaonews.net.br\/2022\/#website","url":"https:\/\/regiaonews.net.br\/2022\/","name":"Regi\u00e3o News","description":"Site de Not\u00edcias de Barretos e regi\u00e3o","publisher":{"@id":"https:\/\/regiaonews.net.br\/2022\/#organization"},"potentialAction":[{"@type":"SearchAction","target":{"@type":"EntryPoint","urlTemplate":"https:\/\/regiaonews.net.br\/2022\/?s={search_term_string}"},"query-input":{"@type":"PropertyValueSpecification","valueRequired":true,"valueName":"search_term_string"}}],"inLanguage":"pt-BR"},{"@type":"Organization","@id":"https:\/\/regiaonews.net.br\/2022\/#organization","name":"Regi\u00e3o News","url":"https:\/\/regiaonews.net.br\/2022\/","logo":{"@type":"ImageObject","inLanguage":"pt-BR","@id":"https:\/\/regiaonews.net.br\/2022\/#\/schema\/logo\/image\/","url":"https:\/\/regiaonews.net.br\/2022\/wp-content\/uploads\/2026\/03\/regiao-13-anos-scaled.jpg","contentUrl":"https:\/\/regiaonews.net.br\/2022\/wp-content\/uploads\/2026\/03\/regiao-13-anos-scaled.jpg","width":2560,"height":635,"caption":"Regi\u00e3o News"},"image":{"@id":"https:\/\/regiaonews.net.br\/2022\/#\/schema\/logo\/image\/"}},{"@type":"Person","@id":"https:\/\/regiaonews.net.br\/2022\/#\/schema\/person\/2d205a608a5aa97ac279d7a5e6d89ad8","name":"Roberto","image":{"@type":"ImageObject","inLanguage":"pt-BR","@id":"https:\/\/secure.gravatar.com\/avatar\/42749d8b712ff9d59ca93dc150494e5b55a44134482993f5baeb97e61b7ecc89?s=96&d=mm&r=g","url":"https:\/\/secure.gravatar.com\/avatar\/42749d8b712ff9d59ca93dc150494e5b55a44134482993f5baeb97e61b7ecc89?s=96&d=mm&r=g","contentUrl":"https:\/\/secure.gravatar.com\/avatar\/42749d8b712ff9d59ca93dc150494e5b55a44134482993f5baeb97e61b7ecc89?s=96&d=mm&r=g","caption":"Roberto"},"url":"https:\/\/regiaonews.net.br\/2022\/author\/roberto\/"}]}},"publishpress_future_action":{"enabled":false,"date":"2026-05-04 08:46:05","action":"change-status","newStatus":"draft","terms":[],"taxonomy":"category","extraData":[]},"publishpress_future_workflow_manual_trigger":{"enabledWorkflows":[]},"_links":{"self":[{"href":"https:\/\/regiaonews.net.br\/2022\/wp-json\/wp\/v2\/posts\/99290","targetHints":{"allow":["GET"]}}],"collection":[{"href":"https:\/\/regiaonews.net.br\/2022\/wp-json\/wp\/v2\/posts"}],"about":[{"href":"https:\/\/regiaonews.net.br\/2022\/wp-json\/wp\/v2\/types\/post"}],"author":[{"embeddable":true,"href":"https:\/\/regiaonews.net.br\/2022\/wp-json\/wp\/v2\/users\/2"}],"replies":[{"embeddable":true,"href":"https:\/\/regiaonews.net.br\/2022\/wp-json\/wp\/v2\/comments?post=99290"}],"version-history":[{"count":1,"href":"https:\/\/regiaonews.net.br\/2022\/wp-json\/wp\/v2\/posts\/99290\/revisions"}],"predecessor-version":[{"id":99292,"href":"https:\/\/regiaonews.net.br\/2022\/wp-json\/wp\/v2\/posts\/99290\/revisions\/99292"}],"wp:featuredmedia":[{"embeddable":true,"href":"https:\/\/regiaonews.net.br\/2022\/wp-json\/wp\/v2\/media\/99291"}],"wp:attachment":[{"href":"https:\/\/regiaonews.net.br\/2022\/wp-json\/wp\/v2\/media?parent=99290"}],"wp:term":[{"taxonomy":"category","embeddable":true,"href":"https:\/\/regiaonews.net.br\/2022\/wp-json\/wp\/v2\/categories?post=99290"},{"taxonomy":"post_tag","embeddable":true,"href":"https:\/\/regiaonews.net.br\/2022\/wp-json\/wp\/v2\/tags?post=99290"}],"curies":[{"name":"wp","href":"https:\/\/api.w.org\/{rel}","templated":true}]}}