{"id":99286,"date":"2023-12-19T22:55:11","date_gmt":"2023-12-20T01:55:11","guid":{"rendered":"https:\/\/regiaonews.net.br\/2022\/?p=99286"},"modified":"2023-12-20T11:50:01","modified_gmt":"2023-12-20T14:50:01","slug":"mesatenista-barretense-encerra-o-ano-na-posicao-92o-ranking-nacional-da-confederacao-brasileira","status":"publish","type":"post","link":"https:\/\/regiaonews.net.br\/2022\/2023\/12\/19\/mesatenista-barretense-encerra-o-ano-na-posicao-92o-ranking-nacional-da-confederacao-brasileira\/","title":{"rendered":"Mesatenista barretense encerra o ano na posi\u00e7\u00e3o 92\u00ba ranking nacional da Confedera\u00e7\u00e3o Brasileira"},"content":{"rendered":"<p>Atleta conquistou 16 medalhas e 10 trof\u00e9us na temporada 2023<\/p>\n<p>O barretense Felipe Zatiti, 13 anos, \u00e9 atleta do T\u00eanis de Mesa. O jovem faz parte da equipe Tiger Table T\u00eanis de Barretos, e nesta temporada de 2023, est\u00e1 fechando com chave de ouro com 16 medalhas e 10 trof\u00e9us, sendo inclusive atleta federado desde o m\u00eas de julho da Confedera\u00e7\u00e3o Brasileira de T\u00eanis de Mesa. Com apenas cinco meses federado, j\u00e1 ocupa a posi\u00e7\u00e3o n\u00famero 92 do ranking ol\u00edmpico nacional da categoria Sub-13 da Confedera\u00e7\u00e3o Brasileira de T\u00eanis de Mesa, divulgado em dezembro.<br \/>\nDe acordo com o pai, o advogado Salom\u00e3o Zatiti Neto, em 2023 o mesatenista Felipe Zatiti, conquistou diversos t\u00edtulos, entre eles, o de Campe\u00e3o Mirim da liga oficial TMB em Gavi\u00e3o Peixoto por tr\u00eas vezes (agosto, outubro e dezembro), campe\u00e3o do Rating C da Nossa Liga, ambos em S\u00e3o Jos\u00e9 do Rio Preto. J\u00e1 em abril, ficou em 3\u00ba lugar, na categoria infantil (acima) da Nossa Liga em Mirassol. Em 2023, tamb\u00e9m foi campe\u00e3o do Jogos da Primavera e ficou em 4\u00ba lugar em equipe nos Jogos Regionais, sendo inclusive destaque em algumas mat\u00e9rias da imprensa local, e sendo reconhecido pelo mesatenista Hugo Calderano, ap\u00f3s se destacar como revela\u00e7\u00e3o nos Jogos Regionais e em outubro recebeu tamb\u00e9m mensagem de incentivo v\u00eddeo do mesatenista Hugo Hoyama.<br \/>\nConfira os resultados obtidos pelo atleta em 2023:<br \/>\n&#8211; Campe\u00e3o Mirim da Nossa Liga em S\u00e3o Jos\u00e9 do Rio Preto &#8211; fevereiro;<br \/>\n&#8211; Campe\u00e3o do Rating C da Nossa Liga em S\u00e3o Jos\u00e9 do Rio Preto &#8211; fevereiro;<br \/>\n&#8211; 3\u00b0 lugar na Categoria Infantil (acima) da Nossa Liga em Mirassol &#8211; abril;<br \/>\n&#8211; Vice Campe\u00e3o Mirim da Nossa Liga em Tabapu\u00e3 &#8211; maio;<br \/>\n&#8211; 3\u00b0 lugar na Categoria Infantil (acima) da Nossa Liga em Tabapu\u00e3 &#8211; maio;<br \/>\n&#8211; Participa\u00e7\u00e3o nos Jogos Regionais em Barretos 4\u00ba lugar por equipe &#8211; julho;<br \/>\n&#8211; Campe\u00e3o Mirim no 5\u00b0 Jogos de Inverno da cidade de Poloni &#8211; julho;<br \/>\n&#8211; Campe\u00e3o Mirim da liga oficial TMB em Gavi\u00e3o Peixoto &#8211; agosto;<br \/>\n&#8211; Vice-campe\u00e3o do Rating D da liga oficial TMB em Gavi\u00e3o Peixoto &#8211; agosto;<br \/>\n&#8211; Campe\u00e3o Mirim dos Jogos da Primavera de Barretos &#8211; setembro;<br \/>\n&#8211; Representante de Barretos na etapa 2, final estadual de 2023, dos Jogos Escolares do Estado de S\u00e3o Paulo em Aguas de Lind\u00f3ia &#8211; setembro;<br \/>\n&#8211; Vice-Campe\u00e3o Mirim na V Etapa da Nossa Liga em S\u00e3o Jos\u00e9 do Rio Preto &#8211; setembro;<br \/>\n&#8211; 3\u00b0 Lugar no Rating B na V Etapa da Nossa Liga em S\u00e3o Jos\u00e9 do Rio Preto &#8211; setembro;<br \/>\n&#8211; Campe\u00e3o Sub 13 da Liga Regional de Tenis de Mesa do Estado de S\u00e3o Paulo em Gavi\u00e3o Peixoto &#8211; outubro;<br \/>\n&#8211; Campe\u00e3o Mirim da VI Etapa de T\u00eanis de Mesa da Nossa Liga em S\u00e3o Jos\u00e9 do Rio Preto &#8211; novembro;<br \/>\n&#8211; Campe\u00e3o Sub 13 da IV Etapa da Liga Regional de T\u00eanis de Mesa do Estado de S\u00e3o Paulo em Gavi\u00e3o Peixoto &#8211; dezembro;<br \/>\n&#8211; Campe\u00e3o do Absoluto F da IV Etapa da Liga Regional de T\u00eanis de Mesa do Estado de S\u00e3o Paulo em Gavi\u00e3o Peixoto &#8211; dezembro;<br \/>\n&#8211; Campe\u00e3o da categoria Avan\u00e7ado do 1\u00b0 Torneio de T\u00eanis de Mesa Tiger em Barretos &#8211; dezembro.<\/p>\n","protected":false},"excerpt":{"rendered":"<p>Atleta conquistou 16 medalhas e 10 trof\u00e9us na temporada 2023<\/p>\n","protected":false},"author":2,"featured_media":99299,"comment_status":"open","ping_status":"open","sticky":false,"template":"","format":"standard","meta":{"footnotes":""},"categories":[14,21],"tags":[],"class_list":["post-99286","post","type-post","status-publish","format-standard","has-post-thumbnail","hentry","category-barretos","category-esporte"],"yoast_head":"<!-- This site is optimized with the Yoast SEO plugin v27.4 - https:\/\/yoast.com\/product\/yoast-seo-wordpress\/ -->\n<title>Mesatenista barretense encerra o ano<\/title>\n<meta name=\"description\" content=\"O barretense Felipe Zatiti, 13 anos, \u00e9 atleta do T\u00eanis de Mesa. O jovem faz parte da equipe Tiger Table T\u00eanis de Barretos,\" \/>\n<meta name=\"robots\" content=\"index, follow, max-snippet:-1, max-image-preview:large, max-video-preview:-1\" \/>\n<link rel=\"canonical\" href=\"https:\/\/regiaonews.net.br\/2022\/2023\/12\/19\/mesatenista-barretense-encerra-o-ano-na-posicao-92o-ranking-nacional-da-confederacao-brasileira\/\" \/>\n<meta property=\"og:locale\" content=\"pt_BR\" \/>\n<meta property=\"og:type\" content=\"article\" \/>\n<meta property=\"og:title\" content=\"Mesatenista barretense encerra o ano\" \/>\n<meta property=\"og:description\" content=\"O barretense Felipe Zatiti, 13 anos, \u00e9 atleta do T\u00eanis de Mesa. O jovem faz parte da equipe Tiger Table T\u00eanis de Barretos,\" \/>\n<meta property=\"og:url\" content=\"https:\/\/regiaonews.net.br\/2022\/2023\/12\/19\/mesatenista-barretense-encerra-o-ano-na-posicao-92o-ranking-nacional-da-confederacao-brasileira\/\" \/>\n<meta property=\"og:site_name\" content=\"Regi\u00e3o News\" \/>\n<meta property=\"article:published_time\" content=\"2023-12-20T01:55:11+00:00\" \/>\n<meta property=\"article:modified_time\" content=\"2023-12-20T14:50:01+00:00\" \/>\n<meta property=\"og:image\" content=\"https:\/\/regiaonews.net.br\/2022\/wp-content\/uploads\/2023\/12\/Felipe-Zatiti.jpg\" \/>\n\t<meta property=\"og:image:width\" content=\"476\" \/>\n\t<meta property=\"og:image:height\" content=\"368\" \/>\n\t<meta property=\"og:image:type\" content=\"image\/jpeg\" \/>\n<meta name=\"author\" content=\"Roberto\" \/>\n<meta name=\"twitter:card\" content=\"summary_large_image\" \/>\n<meta name=\"twitter:label1\" content=\"Escrito por\" \/>\n\t<meta name=\"twitter:data1\" content=\"Roberto\" \/>\n\t<meta name=\"twitter:label2\" content=\"Est. tempo de leitura\" \/>\n\t<meta name=\"twitter:data2\" content=\"3 minutos\" \/>\n<script type=\"application\/ld+json\" class=\"yoast-schema-graph\">{\"@context\":\"https:\\\/\\\/schema.org\",\"@graph\":[{\"@type\":\"Article\",\"@id\":\"https:\\\/\\\/regiaonews.net.br\\\/2022\\\/2023\\\/12\\\/19\\\/mesatenista-barretense-encerra-o-ano-na-posicao-92o-ranking-nacional-da-confederacao-brasileira\\\/#article\",\"isPartOf\":{\"@id\":\"https:\\\/\\\/regiaonews.net.br\\\/2022\\\/2023\\\/12\\\/19\\\/mesatenista-barretense-encerra-o-ano-na-posicao-92o-ranking-nacional-da-confederacao-brasileira\\\/\"},\"author\":{\"name\":\"Roberto\",\"@id\":\"https:\\\/\\\/regiaonews.net.br\\\/2022\\\/#\\\/schema\\\/person\\\/2d205a608a5aa97ac279d7a5e6d89ad8\"},\"headline\":\"Mesatenista barretense encerra o ano na posi\u00e7\u00e3o 92\u00ba ranking nacional da Confedera\u00e7\u00e3o Brasileira\",\"datePublished\":\"2023-12-20T01:55:11+00:00\",\"dateModified\":\"2023-12-20T14:50:01+00:00\",\"mainEntityOfPage\":{\"@id\":\"https:\\\/\\\/regiaonews.net.br\\\/2022\\\/2023\\\/12\\\/19\\\/mesatenista-barretense-encerra-o-ano-na-posicao-92o-ranking-nacional-da-confederacao-brasileira\\\/\"},\"wordCount\":580,\"commentCount\":0,\"publisher\":{\"@id\":\"https:\\\/\\\/regiaonews.net.br\\\/2022\\\/#organization\"},\"image\":{\"@id\":\"https:\\\/\\\/regiaonews.net.br\\\/2022\\\/2023\\\/12\\\/19\\\/mesatenista-barretense-encerra-o-ano-na-posicao-92o-ranking-nacional-da-confederacao-brasileira\\\/#primaryimage\"},\"thumbnailUrl\":\"https:\\\/\\\/regiaonews.net.br\\\/2022\\\/wp-content\\\/uploads\\\/2023\\\/12\\\/Felipe-Zatiti.jpg\",\"articleSection\":[\"Barretos\",\"Esporte\"],\"inLanguage\":\"pt-BR\",\"potentialAction\":[{\"@type\":\"CommentAction\",\"name\":\"Comment\",\"target\":[\"https:\\\/\\\/regiaonews.net.br\\\/2022\\\/2023\\\/12\\\/19\\\/mesatenista-barretense-encerra-o-ano-na-posicao-92o-ranking-nacional-da-confederacao-brasileira\\\/#respond\"]}]},{\"@type\":\"WebPage\",\"@id\":\"https:\\\/\\\/regiaonews.net.br\\\/2022\\\/2023\\\/12\\\/19\\\/mesatenista-barretense-encerra-o-ano-na-posicao-92o-ranking-nacional-da-confederacao-brasileira\\\/\",\"url\":\"https:\\\/\\\/regiaonews.net.br\\\/2022\\\/2023\\\/12\\\/19\\\/mesatenista-barretense-encerra-o-ano-na-posicao-92o-ranking-nacional-da-confederacao-brasileira\\\/\",\"name\":\"Mesatenista barretense encerra o ano\",\"isPartOf\":{\"@id\":\"https:\\\/\\\/regiaonews.net.br\\\/2022\\\/#website\"},\"primaryImageOfPage\":{\"@id\":\"https:\\\/\\\/regiaonews.net.br\\\/2022\\\/2023\\\/12\\\/19\\\/mesatenista-barretense-encerra-o-ano-na-posicao-92o-ranking-nacional-da-confederacao-brasileira\\\/#primaryimage\"},\"image\":{\"@id\":\"https:\\\/\\\/regiaonews.net.br\\\/2022\\\/2023\\\/12\\\/19\\\/mesatenista-barretense-encerra-o-ano-na-posicao-92o-ranking-nacional-da-confederacao-brasileira\\\/#primaryimage\"},\"thumbnailUrl\":\"https:\\\/\\\/regiaonews.net.br\\\/2022\\\/wp-content\\\/uploads\\\/2023\\\/12\\\/Felipe-Zatiti.jpg\",\"datePublished\":\"2023-12-20T01:55:11+00:00\",\"dateModified\":\"2023-12-20T14:50:01+00:00\",\"description\":\"O barretense Felipe Zatiti, 13 anos, \u00e9 atleta do T\u00eanis de Mesa. O jovem faz parte da equipe Tiger Table T\u00eanis de Barretos,\",\"breadcrumb\":{\"@id\":\"https:\\\/\\\/regiaonews.net.br\\\/2022\\\/2023\\\/12\\\/19\\\/mesatenista-barretense-encerra-o-ano-na-posicao-92o-ranking-nacional-da-confederacao-brasileira\\\/#breadcrumb\"},\"inLanguage\":\"pt-BR\",\"potentialAction\":[{\"@type\":\"ReadAction\",\"target\":[\"https:\\\/\\\/regiaonews.net.br\\\/2022\\\/2023\\\/12\\\/19\\\/mesatenista-barretense-encerra-o-ano-na-posicao-92o-ranking-nacional-da-confederacao-brasileira\\\/\"]}]},{\"@type\":\"ImageObject\",\"inLanguage\":\"pt-BR\",\"@id\":\"https:\\\/\\\/regiaonews.net.br\\\/2022\\\/2023\\\/12\\\/19\\\/mesatenista-barretense-encerra-o-ano-na-posicao-92o-ranking-nacional-da-confederacao-brasileira\\\/#primaryimage\",\"url\":\"https:\\\/\\\/regiaonews.net.br\\\/2022\\\/wp-content\\\/uploads\\\/2023\\\/12\\\/Felipe-Zatiti.jpg\",\"contentUrl\":\"https:\\\/\\\/regiaonews.net.br\\\/2022\\\/wp-content\\\/uploads\\\/2023\\\/12\\\/Felipe-Zatiti.jpg\",\"width\":476,\"height\":368},{\"@type\":\"BreadcrumbList\",\"@id\":\"https:\\\/\\\/regiaonews.net.br\\\/2022\\\/2023\\\/12\\\/19\\\/mesatenista-barretense-encerra-o-ano-na-posicao-92o-ranking-nacional-da-confederacao-brasileira\\\/#breadcrumb\",\"itemListElement\":[{\"@type\":\"ListItem\",\"position\":1,\"name\":\"In\u00edcio\",\"item\":\"https:\\\/\\\/regiaonews.net.br\\\/2022\\\/\"},{\"@type\":\"ListItem\",\"position\":2,\"name\":\"Mesatenista barretense encerra o ano na posi\u00e7\u00e3o 92\u00ba ranking nacional da Confedera\u00e7\u00e3o Brasileira\"}]},{\"@type\":\"WebSite\",\"@id\":\"https:\\\/\\\/regiaonews.net.br\\\/2022\\\/#website\",\"url\":\"https:\\\/\\\/regiaonews.net.br\\\/2022\\\/\",\"name\":\"Regi\u00e3o News\",\"description\":\"Site de Not\u00edcias de Barretos e regi\u00e3o\",\"publisher\":{\"@id\":\"https:\\\/\\\/regiaonews.net.br\\\/2022\\\/#organization\"},\"potentialAction\":[{\"@type\":\"SearchAction\",\"target\":{\"@type\":\"EntryPoint\",\"urlTemplate\":\"https:\\\/\\\/regiaonews.net.br\\\/2022\\\/?s={search_term_string}\"},\"query-input\":{\"@type\":\"PropertyValueSpecification\",\"valueRequired\":true,\"valueName\":\"search_term_string\"}}],\"inLanguage\":\"pt-BR\"},{\"@type\":\"Organization\",\"@id\":\"https:\\\/\\\/regiaonews.net.br\\\/2022\\\/#organization\",\"name\":\"Regi\u00e3o News\",\"url\":\"https:\\\/\\\/regiaonews.net.br\\\/2022\\\/\",\"logo\":{\"@type\":\"ImageObject\",\"inLanguage\":\"pt-BR\",\"@id\":\"https:\\\/\\\/regiaonews.net.br\\\/2022\\\/#\\\/schema\\\/logo\\\/image\\\/\",\"url\":\"https:\\\/\\\/regiaonews.net.br\\\/2022\\\/wp-content\\\/uploads\\\/2026\\\/03\\\/regiao-13-anos-scaled.jpg\",\"contentUrl\":\"https:\\\/\\\/regiaonews.net.br\\\/2022\\\/wp-content\\\/uploads\\\/2026\\\/03\\\/regiao-13-anos-scaled.jpg\",\"width\":2560,\"height\":635,\"caption\":\"Regi\u00e3o News\"},\"image\":{\"@id\":\"https:\\\/\\\/regiaonews.net.br\\\/2022\\\/#\\\/schema\\\/logo\\\/image\\\/\"}},{\"@type\":\"Person\",\"@id\":\"https:\\\/\\\/regiaonews.net.br\\\/2022\\\/#\\\/schema\\\/person\\\/2d205a608a5aa97ac279d7a5e6d89ad8\",\"name\":\"Roberto\",\"image\":{\"@type\":\"ImageObject\",\"inLanguage\":\"pt-BR\",\"@id\":\"https:\\\/\\\/secure.gravatar.com\\\/avatar\\\/42749d8b712ff9d59ca93dc150494e5b55a44134482993f5baeb97e61b7ecc89?s=96&d=mm&r=g\",\"url\":\"https:\\\/\\\/secure.gravatar.com\\\/avatar\\\/42749d8b712ff9d59ca93dc150494e5b55a44134482993f5baeb97e61b7ecc89?s=96&d=mm&r=g\",\"contentUrl\":\"https:\\\/\\\/secure.gravatar.com\\\/avatar\\\/42749d8b712ff9d59ca93dc150494e5b55a44134482993f5baeb97e61b7ecc89?s=96&d=mm&r=g\",\"caption\":\"Roberto\"},\"url\":\"https:\\\/\\\/regiaonews.net.br\\\/2022\\\/author\\\/roberto\\\/\"}]}<\/script>\n<!-- \/ Yoast SEO plugin. -->","yoast_head_json":{"title":"Mesatenista barretense encerra o ano","description":"O barretense Felipe Zatiti, 13 anos, \u00e9 atleta do T\u00eanis de Mesa. O jovem faz parte da equipe Tiger Table T\u00eanis de Barretos,","robots":{"index":"index","follow":"follow","max-snippet":"max-snippet:-1","max-image-preview":"max-image-preview:large","max-video-preview":"max-video-preview:-1"},"canonical":"https:\/\/regiaonews.net.br\/2022\/2023\/12\/19\/mesatenista-barretense-encerra-o-ano-na-posicao-92o-ranking-nacional-da-confederacao-brasileira\/","og_locale":"pt_BR","og_type":"article","og_title":"Mesatenista barretense encerra o ano","og_description":"O barretense Felipe Zatiti, 13 anos, \u00e9 atleta do T\u00eanis de Mesa. O jovem faz parte da equipe Tiger Table T\u00eanis de Barretos,","og_url":"https:\/\/regiaonews.net.br\/2022\/2023\/12\/19\/mesatenista-barretense-encerra-o-ano-na-posicao-92o-ranking-nacional-da-confederacao-brasileira\/","og_site_name":"Regi\u00e3o News","article_published_time":"2023-12-20T01:55:11+00:00","article_modified_time":"2023-12-20T14:50:01+00:00","og_image":[{"width":476,"height":368,"url":"https:\/\/regiaonews.net.br\/2022\/wp-content\/uploads\/2023\/12\/Felipe-Zatiti.jpg","type":"image\/jpeg"}],"author":"Roberto","twitter_card":"summary_large_image","twitter_misc":{"Escrito por":"Roberto","Est. tempo de leitura":"3 minutos"},"schema":{"@context":"https:\/\/schema.org","@graph":[{"@type":"Article","@id":"https:\/\/regiaonews.net.br\/2022\/2023\/12\/19\/mesatenista-barretense-encerra-o-ano-na-posicao-92o-ranking-nacional-da-confederacao-brasileira\/#article","isPartOf":{"@id":"https:\/\/regiaonews.net.br\/2022\/2023\/12\/19\/mesatenista-barretense-encerra-o-ano-na-posicao-92o-ranking-nacional-da-confederacao-brasileira\/"},"author":{"name":"Roberto","@id":"https:\/\/regiaonews.net.br\/2022\/#\/schema\/person\/2d205a608a5aa97ac279d7a5e6d89ad8"},"headline":"Mesatenista barretense encerra o ano na posi\u00e7\u00e3o 92\u00ba ranking nacional da Confedera\u00e7\u00e3o Brasileira","datePublished":"2023-12-20T01:55:11+00:00","dateModified":"2023-12-20T14:50:01+00:00","mainEntityOfPage":{"@id":"https:\/\/regiaonews.net.br\/2022\/2023\/12\/19\/mesatenista-barretense-encerra-o-ano-na-posicao-92o-ranking-nacional-da-confederacao-brasileira\/"},"wordCount":580,"commentCount":0,"publisher":{"@id":"https:\/\/regiaonews.net.br\/2022\/#organization"},"image":{"@id":"https:\/\/regiaonews.net.br\/2022\/2023\/12\/19\/mesatenista-barretense-encerra-o-ano-na-posicao-92o-ranking-nacional-da-confederacao-brasileira\/#primaryimage"},"thumbnailUrl":"https:\/\/regiaonews.net.br\/2022\/wp-content\/uploads\/2023\/12\/Felipe-Zatiti.jpg","articleSection":["Barretos","Esporte"],"inLanguage":"pt-BR","potentialAction":[{"@type":"CommentAction","name":"Comment","target":["https:\/\/regiaonews.net.br\/2022\/2023\/12\/19\/mesatenista-barretense-encerra-o-ano-na-posicao-92o-ranking-nacional-da-confederacao-brasileira\/#respond"]}]},{"@type":"WebPage","@id":"https:\/\/regiaonews.net.br\/2022\/2023\/12\/19\/mesatenista-barretense-encerra-o-ano-na-posicao-92o-ranking-nacional-da-confederacao-brasileira\/","url":"https:\/\/regiaonews.net.br\/2022\/2023\/12\/19\/mesatenista-barretense-encerra-o-ano-na-posicao-92o-ranking-nacional-da-confederacao-brasileira\/","name":"Mesatenista barretense encerra o ano","isPartOf":{"@id":"https:\/\/regiaonews.net.br\/2022\/#website"},"primaryImageOfPage":{"@id":"https:\/\/regiaonews.net.br\/2022\/2023\/12\/19\/mesatenista-barretense-encerra-o-ano-na-posicao-92o-ranking-nacional-da-confederacao-brasileira\/#primaryimage"},"image":{"@id":"https:\/\/regiaonews.net.br\/2022\/2023\/12\/19\/mesatenista-barretense-encerra-o-ano-na-posicao-92o-ranking-nacional-da-confederacao-brasileira\/#primaryimage"},"thumbnailUrl":"https:\/\/regiaonews.net.br\/2022\/wp-content\/uploads\/2023\/12\/Felipe-Zatiti.jpg","datePublished":"2023-12-20T01:55:11+00:00","dateModified":"2023-12-20T14:50:01+00:00","description":"O barretense Felipe Zatiti, 13 anos, \u00e9 atleta do T\u00eanis de Mesa. O jovem faz parte da equipe Tiger Table T\u00eanis de Barretos,","breadcrumb":{"@id":"https:\/\/regiaonews.net.br\/2022\/2023\/12\/19\/mesatenista-barretense-encerra-o-ano-na-posicao-92o-ranking-nacional-da-confederacao-brasileira\/#breadcrumb"},"inLanguage":"pt-BR","potentialAction":[{"@type":"ReadAction","target":["https:\/\/regiaonews.net.br\/2022\/2023\/12\/19\/mesatenista-barretense-encerra-o-ano-na-posicao-92o-ranking-nacional-da-confederacao-brasileira\/"]}]},{"@type":"ImageObject","inLanguage":"pt-BR","@id":"https:\/\/regiaonews.net.br\/2022\/2023\/12\/19\/mesatenista-barretense-encerra-o-ano-na-posicao-92o-ranking-nacional-da-confederacao-brasileira\/#primaryimage","url":"https:\/\/regiaonews.net.br\/2022\/wp-content\/uploads\/2023\/12\/Felipe-Zatiti.jpg","contentUrl":"https:\/\/regiaonews.net.br\/2022\/wp-content\/uploads\/2023\/12\/Felipe-Zatiti.jpg","width":476,"height":368},{"@type":"BreadcrumbList","@id":"https:\/\/regiaonews.net.br\/2022\/2023\/12\/19\/mesatenista-barretense-encerra-o-ano-na-posicao-92o-ranking-nacional-da-confederacao-brasileira\/#breadcrumb","itemListElement":[{"@type":"ListItem","position":1,"name":"In\u00edcio","item":"https:\/\/regiaonews.net.br\/2022\/"},{"@type":"ListItem","position":2,"name":"Mesatenista barretense encerra o ano na posi\u00e7\u00e3o 92\u00ba ranking nacional da Confedera\u00e7\u00e3o Brasileira"}]},{"@type":"WebSite","@id":"https:\/\/regiaonews.net.br\/2022\/#website","url":"https:\/\/regiaonews.net.br\/2022\/","name":"Regi\u00e3o News","description":"Site de Not\u00edcias de Barretos e regi\u00e3o","publisher":{"@id":"https:\/\/regiaonews.net.br\/2022\/#organization"},"potentialAction":[{"@type":"SearchAction","target":{"@type":"EntryPoint","urlTemplate":"https:\/\/regiaonews.net.br\/2022\/?s={search_term_string}"},"query-input":{"@type":"PropertyValueSpecification","valueRequired":true,"valueName":"search_term_string"}}],"inLanguage":"pt-BR"},{"@type":"Organization","@id":"https:\/\/regiaonews.net.br\/2022\/#organization","name":"Regi\u00e3o News","url":"https:\/\/regiaonews.net.br\/2022\/","logo":{"@type":"ImageObject","inLanguage":"pt-BR","@id":"https:\/\/regiaonews.net.br\/2022\/#\/schema\/logo\/image\/","url":"https:\/\/regiaonews.net.br\/2022\/wp-content\/uploads\/2026\/03\/regiao-13-anos-scaled.jpg","contentUrl":"https:\/\/regiaonews.net.br\/2022\/wp-content\/uploads\/2026\/03\/regiao-13-anos-scaled.jpg","width":2560,"height":635,"caption":"Regi\u00e3o News"},"image":{"@id":"https:\/\/regiaonews.net.br\/2022\/#\/schema\/logo\/image\/"}},{"@type":"Person","@id":"https:\/\/regiaonews.net.br\/2022\/#\/schema\/person\/2d205a608a5aa97ac279d7a5e6d89ad8","name":"Roberto","image":{"@type":"ImageObject","inLanguage":"pt-BR","@id":"https:\/\/secure.gravatar.com\/avatar\/42749d8b712ff9d59ca93dc150494e5b55a44134482993f5baeb97e61b7ecc89?s=96&d=mm&r=g","url":"https:\/\/secure.gravatar.com\/avatar\/42749d8b712ff9d59ca93dc150494e5b55a44134482993f5baeb97e61b7ecc89?s=96&d=mm&r=g","contentUrl":"https:\/\/secure.gravatar.com\/avatar\/42749d8b712ff9d59ca93dc150494e5b55a44134482993f5baeb97e61b7ecc89?s=96&d=mm&r=g","caption":"Roberto"},"url":"https:\/\/regiaonews.net.br\/2022\/author\/roberto\/"}]}},"publishpress_future_action":{"enabled":false,"date":"2026-05-04 09:05:37","action":"change-status","newStatus":"draft","terms":[],"taxonomy":"category","extraData":[]},"publishpress_future_workflow_manual_trigger":{"enabledWorkflows":[]},"_links":{"self":[{"href":"https:\/\/regiaonews.net.br\/2022\/wp-json\/wp\/v2\/posts\/99286","targetHints":{"allow":["GET"]}}],"collection":[{"href":"https:\/\/regiaonews.net.br\/2022\/wp-json\/wp\/v2\/posts"}],"about":[{"href":"https:\/\/regiaonews.net.br\/2022\/wp-json\/wp\/v2\/types\/post"}],"author":[{"embeddable":true,"href":"https:\/\/regiaonews.net.br\/2022\/wp-json\/wp\/v2\/users\/2"}],"replies":[{"embeddable":true,"href":"https:\/\/regiaonews.net.br\/2022\/wp-json\/wp\/v2\/comments?post=99286"}],"version-history":[{"count":1,"href":"https:\/\/regiaonews.net.br\/2022\/wp-json\/wp\/v2\/posts\/99286\/revisions"}],"predecessor-version":[{"id":99289,"href":"https:\/\/regiaonews.net.br\/2022\/wp-json\/wp\/v2\/posts\/99286\/revisions\/99289"}],"wp:featuredmedia":[{"embeddable":true,"href":"https:\/\/regiaonews.net.br\/2022\/wp-json\/wp\/v2\/media\/99299"}],"wp:attachment":[{"href":"https:\/\/regiaonews.net.br\/2022\/wp-json\/wp\/v2\/media?parent=99286"}],"wp:term":[{"taxonomy":"category","embeddable":true,"href":"https:\/\/regiaonews.net.br\/2022\/wp-json\/wp\/v2\/categories?post=99286"},{"taxonomy":"post_tag","embeddable":true,"href":"https:\/\/regiaonews.net.br\/2022\/wp-json\/wp\/v2\/tags?post=99286"}],"curies":[{"name":"wp","href":"https:\/\/api.w.org\/{rel}","templated":true}]}}