{"id":99243,"date":"2023-12-18T19:32:54","date_gmt":"2023-12-18T22:32:54","guid":{"rendered":"https:\/\/regiaonews.net.br\/2022\/?p=99243"},"modified":"2023-12-18T19:32:54","modified_gmt":"2023-12-18T22:32:54","slug":"diretoria-de-os-independentes-tem-reuniao-com-representantes-da-uniao-dos-grandes-eventos","status":"publish","type":"post","link":"https:\/\/regiaonews.net.br\/2022\/2023\/12\/18\/diretoria-de-os-independentes-tem-reuniao-com-representantes-da-uniao-dos-grandes-eventos\/","title":{"rendered":"Diretoria de Os Independentes tem reuni\u00e3o com representantes da Uni\u00e3o dos Grandes Eventos"},"content":{"rendered":"<p>Encontro definiu os pr\u00f3ximos passos do grupo de organizadores de eventos do segmento para o ano de 2024<\/p>\n<p>Nesta tarde, de 18 de dezembro, estiveram reunidos no Parque do Pe\u00e3o representantes da Uni\u00e3o dos Grandes Eventos (UGE) para a reuni\u00e3o de encerramento do ano de 2023. No encontro, o grupo apresentou um balan\u00e7o dos maiores eventos do segmento sertanejo\/rodeio, alinharam as perspectivas e j\u00e1 tra\u00e7aram os planos para o pr\u00f3ximo ano &#8211; 2024.<\/p>\n<p>\u201cNo ano de 2023, fizeram parte deste nosso projeto os oito maiores eventos do pa\u00eds. Juntos, lan\u00e7amos o show da dupla Clayton &amp; Rom\u00e1rio &#8211; Amanhecer, al\u00e9m de outras iniciativas e tamb\u00e9m atingimos o intuito mais importante que \u00e9 a uni\u00e3o dos organizadores destas festas\u201d, contou Hussein Gemha Junior, presidente da Associa\u00e7\u00e3o Os Independentes &#8211; entidade organizadora da Festa do Pe\u00e3o de Boiadeiro de Barretos.<\/p>\n<p>Fizeram parte da UGE este ano, a Festa do Pe\u00e3o de Boiadeiro de Colorado; Ribeir\u00e3o Rodeo Music; DivinaExpo; Pedro Leopoldo Rodeio Show; Expo Rio Verde; Rio Preto Country Bulls; Festa do Pe\u00e3o de Barretos e Jaguari\u00fana Rodeo Festival<\/p>\n","protected":false},"excerpt":{"rendered":"<p>Encontro definiu os pr\u00f3ximos passos do grupo de organizadores de<\/p>\n","protected":false},"author":2,"featured_media":99244,"comment_status":"open","ping_status":"open","sticky":false,"template":"","format":"standard","meta":{"footnotes":""},"categories":[14,25],"tags":[],"class_list":["post-99243","post","type-post","status-publish","format-standard","has-post-thumbnail","hentry","category-barretos","category-cidades"],"yoast_head":"<!-- This site is optimized with the Yoast SEO plugin v27.4 - https:\/\/yoast.com\/product\/yoast-seo-wordpress\/ -->\n<title>Diretoria de Os Independentes tem reuni\u00e3o com representantes da Uni\u00e3o dos Grandes Eventos - Regi\u00e3o News<\/title>\n<meta name=\"robots\" content=\"index, follow, max-snippet:-1, max-image-preview:large, max-video-preview:-1\" \/>\n<link rel=\"canonical\" href=\"https:\/\/regiaonews.net.br\/2022\/2023\/12\/18\/diretoria-de-os-independentes-tem-reuniao-com-representantes-da-uniao-dos-grandes-eventos\/\" \/>\n<meta property=\"og:locale\" content=\"pt_BR\" \/>\n<meta property=\"og:type\" content=\"article\" \/>\n<meta property=\"og:title\" content=\"Diretoria de Os Independentes tem reuni\u00e3o com representantes da Uni\u00e3o dos Grandes Eventos - Regi\u00e3o News\" \/>\n<meta property=\"og:description\" content=\"Encontro definiu os pr\u00f3ximos passos do grupo de organizadores de\" \/>\n<meta property=\"og:url\" content=\"https:\/\/regiaonews.net.br\/2022\/2023\/12\/18\/diretoria-de-os-independentes-tem-reuniao-com-representantes-da-uniao-dos-grandes-eventos\/\" \/>\n<meta property=\"og:site_name\" content=\"Regi\u00e3o News\" \/>\n<meta property=\"article:published_time\" content=\"2023-12-18T22:32:54+00:00\" \/>\n<meta property=\"og:image\" content=\"https:\/\/regiaonews.net.br\/2022\/wp-content\/uploads\/2023\/12\/WhatsApp-Image-2023-12-18-at-17.53.57.jpeg\" \/>\n\t<meta property=\"og:image:width\" content=\"1600\" \/>\n\t<meta property=\"og:image:height\" content=\"1197\" \/>\n\t<meta property=\"og:image:type\" content=\"image\/jpeg\" \/>\n<meta name=\"author\" content=\"Roberto\" \/>\n<meta name=\"twitter:card\" content=\"summary_large_image\" \/>\n<meta name=\"twitter:label1\" content=\"Escrito por\" \/>\n\t<meta name=\"twitter:data1\" content=\"Roberto\" \/>\n\t<meta name=\"twitter:label2\" content=\"Est. tempo de leitura\" \/>\n\t<meta name=\"twitter:data2\" content=\"2 minutos\" \/>\n<script type=\"application\/ld+json\" class=\"yoast-schema-graph\">{\"@context\":\"https:\\\/\\\/schema.org\",\"@graph\":[{\"@type\":\"Article\",\"@id\":\"https:\\\/\\\/regiaonews.net.br\\\/2022\\\/2023\\\/12\\\/18\\\/diretoria-de-os-independentes-tem-reuniao-com-representantes-da-uniao-dos-grandes-eventos\\\/#article\",\"isPartOf\":{\"@id\":\"https:\\\/\\\/regiaonews.net.br\\\/2022\\\/2023\\\/12\\\/18\\\/diretoria-de-os-independentes-tem-reuniao-com-representantes-da-uniao-dos-grandes-eventos\\\/\"},\"author\":{\"name\":\"Roberto\",\"@id\":\"https:\\\/\\\/regiaonews.net.br\\\/2022\\\/#\\\/schema\\\/person\\\/2d205a608a5aa97ac279d7a5e6d89ad8\"},\"headline\":\"Diretoria de Os Independentes tem reuni\u00e3o com representantes da Uni\u00e3o dos Grandes Eventos\",\"datePublished\":\"2023-12-18T22:32:54+00:00\",\"mainEntityOfPage\":{\"@id\":\"https:\\\/\\\/regiaonews.net.br\\\/2022\\\/2023\\\/12\\\/18\\\/diretoria-de-os-independentes-tem-reuniao-com-representantes-da-uniao-dos-grandes-eventos\\\/\"},\"wordCount\":205,\"commentCount\":0,\"publisher\":{\"@id\":\"https:\\\/\\\/regiaonews.net.br\\\/2022\\\/#organization\"},\"image\":{\"@id\":\"https:\\\/\\\/regiaonews.net.br\\\/2022\\\/2023\\\/12\\\/18\\\/diretoria-de-os-independentes-tem-reuniao-com-representantes-da-uniao-dos-grandes-eventos\\\/#primaryimage\"},\"thumbnailUrl\":\"https:\\\/\\\/regiaonews.net.br\\\/2022\\\/wp-content\\\/uploads\\\/2023\\\/12\\\/WhatsApp-Image-2023-12-18-at-17.53.57.jpeg\",\"articleSection\":[\"Barretos\",\"Cidades\"],\"inLanguage\":\"pt-BR\",\"potentialAction\":[{\"@type\":\"CommentAction\",\"name\":\"Comment\",\"target\":[\"https:\\\/\\\/regiaonews.net.br\\\/2022\\\/2023\\\/12\\\/18\\\/diretoria-de-os-independentes-tem-reuniao-com-representantes-da-uniao-dos-grandes-eventos\\\/#respond\"]}]},{\"@type\":\"WebPage\",\"@id\":\"https:\\\/\\\/regiaonews.net.br\\\/2022\\\/2023\\\/12\\\/18\\\/diretoria-de-os-independentes-tem-reuniao-com-representantes-da-uniao-dos-grandes-eventos\\\/\",\"url\":\"https:\\\/\\\/regiaonews.net.br\\\/2022\\\/2023\\\/12\\\/18\\\/diretoria-de-os-independentes-tem-reuniao-com-representantes-da-uniao-dos-grandes-eventos\\\/\",\"name\":\"Diretoria de Os Independentes tem reuni\u00e3o com representantes da Uni\u00e3o dos Grandes Eventos - Regi\u00e3o News\",\"isPartOf\":{\"@id\":\"https:\\\/\\\/regiaonews.net.br\\\/2022\\\/#website\"},\"primaryImageOfPage\":{\"@id\":\"https:\\\/\\\/regiaonews.net.br\\\/2022\\\/2023\\\/12\\\/18\\\/diretoria-de-os-independentes-tem-reuniao-com-representantes-da-uniao-dos-grandes-eventos\\\/#primaryimage\"},\"image\":{\"@id\":\"https:\\\/\\\/regiaonews.net.br\\\/2022\\\/2023\\\/12\\\/18\\\/diretoria-de-os-independentes-tem-reuniao-com-representantes-da-uniao-dos-grandes-eventos\\\/#primaryimage\"},\"thumbnailUrl\":\"https:\\\/\\\/regiaonews.net.br\\\/2022\\\/wp-content\\\/uploads\\\/2023\\\/12\\\/WhatsApp-Image-2023-12-18-at-17.53.57.jpeg\",\"datePublished\":\"2023-12-18T22:32:54+00:00\",\"breadcrumb\":{\"@id\":\"https:\\\/\\\/regiaonews.net.br\\\/2022\\\/2023\\\/12\\\/18\\\/diretoria-de-os-independentes-tem-reuniao-com-representantes-da-uniao-dos-grandes-eventos\\\/#breadcrumb\"},\"inLanguage\":\"pt-BR\",\"potentialAction\":[{\"@type\":\"ReadAction\",\"target\":[\"https:\\\/\\\/regiaonews.net.br\\\/2022\\\/2023\\\/12\\\/18\\\/diretoria-de-os-independentes-tem-reuniao-com-representantes-da-uniao-dos-grandes-eventos\\\/\"]}]},{\"@type\":\"ImageObject\",\"inLanguage\":\"pt-BR\",\"@id\":\"https:\\\/\\\/regiaonews.net.br\\\/2022\\\/2023\\\/12\\\/18\\\/diretoria-de-os-independentes-tem-reuniao-com-representantes-da-uniao-dos-grandes-eventos\\\/#primaryimage\",\"url\":\"https:\\\/\\\/regiaonews.net.br\\\/2022\\\/wp-content\\\/uploads\\\/2023\\\/12\\\/WhatsApp-Image-2023-12-18-at-17.53.57.jpeg\",\"contentUrl\":\"https:\\\/\\\/regiaonews.net.br\\\/2022\\\/wp-content\\\/uploads\\\/2023\\\/12\\\/WhatsApp-Image-2023-12-18-at-17.53.57.jpeg\",\"width\":1600,\"height\":1197},{\"@type\":\"BreadcrumbList\",\"@id\":\"https:\\\/\\\/regiaonews.net.br\\\/2022\\\/2023\\\/12\\\/18\\\/diretoria-de-os-independentes-tem-reuniao-com-representantes-da-uniao-dos-grandes-eventos\\\/#breadcrumb\",\"itemListElement\":[{\"@type\":\"ListItem\",\"position\":1,\"name\":\"In\u00edcio\",\"item\":\"https:\\\/\\\/regiaonews.net.br\\\/2022\\\/\"},{\"@type\":\"ListItem\",\"position\":2,\"name\":\"Diretoria de Os Independentes tem reuni\u00e3o com representantes da Uni\u00e3o dos Grandes Eventos\"}]},{\"@type\":\"WebSite\",\"@id\":\"https:\\\/\\\/regiaonews.net.br\\\/2022\\\/#website\",\"url\":\"https:\\\/\\\/regiaonews.net.br\\\/2022\\\/\",\"name\":\"Regi\u00e3o News\",\"description\":\"Site de Not\u00edcias de Barretos e regi\u00e3o\",\"publisher\":{\"@id\":\"https:\\\/\\\/regiaonews.net.br\\\/2022\\\/#organization\"},\"potentialAction\":[{\"@type\":\"SearchAction\",\"target\":{\"@type\":\"EntryPoint\",\"urlTemplate\":\"https:\\\/\\\/regiaonews.net.br\\\/2022\\\/?s={search_term_string}\"},\"query-input\":{\"@type\":\"PropertyValueSpecification\",\"valueRequired\":true,\"valueName\":\"search_term_string\"}}],\"inLanguage\":\"pt-BR\"},{\"@type\":\"Organization\",\"@id\":\"https:\\\/\\\/regiaonews.net.br\\\/2022\\\/#organization\",\"name\":\"Regi\u00e3o News\",\"url\":\"https:\\\/\\\/regiaonews.net.br\\\/2022\\\/\",\"logo\":{\"@type\":\"ImageObject\",\"inLanguage\":\"pt-BR\",\"@id\":\"https:\\\/\\\/regiaonews.net.br\\\/2022\\\/#\\\/schema\\\/logo\\\/image\\\/\",\"url\":\"https:\\\/\\\/regiaonews.net.br\\\/2022\\\/wp-content\\\/uploads\\\/2026\\\/03\\\/regiao-13-anos-scaled.jpg\",\"contentUrl\":\"https:\\\/\\\/regiaonews.net.br\\\/2022\\\/wp-content\\\/uploads\\\/2026\\\/03\\\/regiao-13-anos-scaled.jpg\",\"width\":2560,\"height\":635,\"caption\":\"Regi\u00e3o News\"},\"image\":{\"@id\":\"https:\\\/\\\/regiaonews.net.br\\\/2022\\\/#\\\/schema\\\/logo\\\/image\\\/\"}},{\"@type\":\"Person\",\"@id\":\"https:\\\/\\\/regiaonews.net.br\\\/2022\\\/#\\\/schema\\\/person\\\/2d205a608a5aa97ac279d7a5e6d89ad8\",\"name\":\"Roberto\",\"image\":{\"@type\":\"ImageObject\",\"inLanguage\":\"pt-BR\",\"@id\":\"https:\\\/\\\/secure.gravatar.com\\\/avatar\\\/42749d8b712ff9d59ca93dc150494e5b55a44134482993f5baeb97e61b7ecc89?s=96&d=mm&r=g\",\"url\":\"https:\\\/\\\/secure.gravatar.com\\\/avatar\\\/42749d8b712ff9d59ca93dc150494e5b55a44134482993f5baeb97e61b7ecc89?s=96&d=mm&r=g\",\"contentUrl\":\"https:\\\/\\\/secure.gravatar.com\\\/avatar\\\/42749d8b712ff9d59ca93dc150494e5b55a44134482993f5baeb97e61b7ecc89?s=96&d=mm&r=g\",\"caption\":\"Roberto\"},\"url\":\"https:\\\/\\\/regiaonews.net.br\\\/2022\\\/author\\\/roberto\\\/\"}]}<\/script>\n<!-- \/ Yoast SEO plugin. -->","yoast_head_json":{"title":"Diretoria de Os Independentes tem reuni\u00e3o com representantes da Uni\u00e3o dos Grandes Eventos - Regi\u00e3o News","robots":{"index":"index","follow":"follow","max-snippet":"max-snippet:-1","max-image-preview":"max-image-preview:large","max-video-preview":"max-video-preview:-1"},"canonical":"https:\/\/regiaonews.net.br\/2022\/2023\/12\/18\/diretoria-de-os-independentes-tem-reuniao-com-representantes-da-uniao-dos-grandes-eventos\/","og_locale":"pt_BR","og_type":"article","og_title":"Diretoria de Os Independentes tem reuni\u00e3o com representantes da Uni\u00e3o dos Grandes Eventos - Regi\u00e3o News","og_description":"Encontro definiu os pr\u00f3ximos passos do grupo de organizadores de","og_url":"https:\/\/regiaonews.net.br\/2022\/2023\/12\/18\/diretoria-de-os-independentes-tem-reuniao-com-representantes-da-uniao-dos-grandes-eventos\/","og_site_name":"Regi\u00e3o News","article_published_time":"2023-12-18T22:32:54+00:00","og_image":[{"width":1600,"height":1197,"url":"https:\/\/regiaonews.net.br\/2022\/wp-content\/uploads\/2023\/12\/WhatsApp-Image-2023-12-18-at-17.53.57.jpeg","type":"image\/jpeg"}],"author":"Roberto","twitter_card":"summary_large_image","twitter_misc":{"Escrito por":"Roberto","Est. tempo de leitura":"2 minutos"},"schema":{"@context":"https:\/\/schema.org","@graph":[{"@type":"Article","@id":"https:\/\/regiaonews.net.br\/2022\/2023\/12\/18\/diretoria-de-os-independentes-tem-reuniao-com-representantes-da-uniao-dos-grandes-eventos\/#article","isPartOf":{"@id":"https:\/\/regiaonews.net.br\/2022\/2023\/12\/18\/diretoria-de-os-independentes-tem-reuniao-com-representantes-da-uniao-dos-grandes-eventos\/"},"author":{"name":"Roberto","@id":"https:\/\/regiaonews.net.br\/2022\/#\/schema\/person\/2d205a608a5aa97ac279d7a5e6d89ad8"},"headline":"Diretoria de Os Independentes tem reuni\u00e3o com representantes da Uni\u00e3o dos Grandes Eventos","datePublished":"2023-12-18T22:32:54+00:00","mainEntityOfPage":{"@id":"https:\/\/regiaonews.net.br\/2022\/2023\/12\/18\/diretoria-de-os-independentes-tem-reuniao-com-representantes-da-uniao-dos-grandes-eventos\/"},"wordCount":205,"commentCount":0,"publisher":{"@id":"https:\/\/regiaonews.net.br\/2022\/#organization"},"image":{"@id":"https:\/\/regiaonews.net.br\/2022\/2023\/12\/18\/diretoria-de-os-independentes-tem-reuniao-com-representantes-da-uniao-dos-grandes-eventos\/#primaryimage"},"thumbnailUrl":"https:\/\/regiaonews.net.br\/2022\/wp-content\/uploads\/2023\/12\/WhatsApp-Image-2023-12-18-at-17.53.57.jpeg","articleSection":["Barretos","Cidades"],"inLanguage":"pt-BR","potentialAction":[{"@type":"CommentAction","name":"Comment","target":["https:\/\/regiaonews.net.br\/2022\/2023\/12\/18\/diretoria-de-os-independentes-tem-reuniao-com-representantes-da-uniao-dos-grandes-eventos\/#respond"]}]},{"@type":"WebPage","@id":"https:\/\/regiaonews.net.br\/2022\/2023\/12\/18\/diretoria-de-os-independentes-tem-reuniao-com-representantes-da-uniao-dos-grandes-eventos\/","url":"https:\/\/regiaonews.net.br\/2022\/2023\/12\/18\/diretoria-de-os-independentes-tem-reuniao-com-representantes-da-uniao-dos-grandes-eventos\/","name":"Diretoria de Os Independentes tem reuni\u00e3o com representantes da Uni\u00e3o dos Grandes Eventos - Regi\u00e3o News","isPartOf":{"@id":"https:\/\/regiaonews.net.br\/2022\/#website"},"primaryImageOfPage":{"@id":"https:\/\/regiaonews.net.br\/2022\/2023\/12\/18\/diretoria-de-os-independentes-tem-reuniao-com-representantes-da-uniao-dos-grandes-eventos\/#primaryimage"},"image":{"@id":"https:\/\/regiaonews.net.br\/2022\/2023\/12\/18\/diretoria-de-os-independentes-tem-reuniao-com-representantes-da-uniao-dos-grandes-eventos\/#primaryimage"},"thumbnailUrl":"https:\/\/regiaonews.net.br\/2022\/wp-content\/uploads\/2023\/12\/WhatsApp-Image-2023-12-18-at-17.53.57.jpeg","datePublished":"2023-12-18T22:32:54+00:00","breadcrumb":{"@id":"https:\/\/regiaonews.net.br\/2022\/2023\/12\/18\/diretoria-de-os-independentes-tem-reuniao-com-representantes-da-uniao-dos-grandes-eventos\/#breadcrumb"},"inLanguage":"pt-BR","potentialAction":[{"@type":"ReadAction","target":["https:\/\/regiaonews.net.br\/2022\/2023\/12\/18\/diretoria-de-os-independentes-tem-reuniao-com-representantes-da-uniao-dos-grandes-eventos\/"]}]},{"@type":"ImageObject","inLanguage":"pt-BR","@id":"https:\/\/regiaonews.net.br\/2022\/2023\/12\/18\/diretoria-de-os-independentes-tem-reuniao-com-representantes-da-uniao-dos-grandes-eventos\/#primaryimage","url":"https:\/\/regiaonews.net.br\/2022\/wp-content\/uploads\/2023\/12\/WhatsApp-Image-2023-12-18-at-17.53.57.jpeg","contentUrl":"https:\/\/regiaonews.net.br\/2022\/wp-content\/uploads\/2023\/12\/WhatsApp-Image-2023-12-18-at-17.53.57.jpeg","width":1600,"height":1197},{"@type":"BreadcrumbList","@id":"https:\/\/regiaonews.net.br\/2022\/2023\/12\/18\/diretoria-de-os-independentes-tem-reuniao-com-representantes-da-uniao-dos-grandes-eventos\/#breadcrumb","itemListElement":[{"@type":"ListItem","position":1,"name":"In\u00edcio","item":"https:\/\/regiaonews.net.br\/2022\/"},{"@type":"ListItem","position":2,"name":"Diretoria de Os Independentes tem reuni\u00e3o com representantes da Uni\u00e3o dos Grandes Eventos"}]},{"@type":"WebSite","@id":"https:\/\/regiaonews.net.br\/2022\/#website","url":"https:\/\/regiaonews.net.br\/2022\/","name":"Regi\u00e3o News","description":"Site de Not\u00edcias de Barretos e regi\u00e3o","publisher":{"@id":"https:\/\/regiaonews.net.br\/2022\/#organization"},"potentialAction":[{"@type":"SearchAction","target":{"@type":"EntryPoint","urlTemplate":"https:\/\/regiaonews.net.br\/2022\/?s={search_term_string}"},"query-input":{"@type":"PropertyValueSpecification","valueRequired":true,"valueName":"search_term_string"}}],"inLanguage":"pt-BR"},{"@type":"Organization","@id":"https:\/\/regiaonews.net.br\/2022\/#organization","name":"Regi\u00e3o News","url":"https:\/\/regiaonews.net.br\/2022\/","logo":{"@type":"ImageObject","inLanguage":"pt-BR","@id":"https:\/\/regiaonews.net.br\/2022\/#\/schema\/logo\/image\/","url":"https:\/\/regiaonews.net.br\/2022\/wp-content\/uploads\/2026\/03\/regiao-13-anos-scaled.jpg","contentUrl":"https:\/\/regiaonews.net.br\/2022\/wp-content\/uploads\/2026\/03\/regiao-13-anos-scaled.jpg","width":2560,"height":635,"caption":"Regi\u00e3o News"},"image":{"@id":"https:\/\/regiaonews.net.br\/2022\/#\/schema\/logo\/image\/"}},{"@type":"Person","@id":"https:\/\/regiaonews.net.br\/2022\/#\/schema\/person\/2d205a608a5aa97ac279d7a5e6d89ad8","name":"Roberto","image":{"@type":"ImageObject","inLanguage":"pt-BR","@id":"https:\/\/secure.gravatar.com\/avatar\/42749d8b712ff9d59ca93dc150494e5b55a44134482993f5baeb97e61b7ecc89?s=96&d=mm&r=g","url":"https:\/\/secure.gravatar.com\/avatar\/42749d8b712ff9d59ca93dc150494e5b55a44134482993f5baeb97e61b7ecc89?s=96&d=mm&r=g","contentUrl":"https:\/\/secure.gravatar.com\/avatar\/42749d8b712ff9d59ca93dc150494e5b55a44134482993f5baeb97e61b7ecc89?s=96&d=mm&r=g","caption":"Roberto"},"url":"https:\/\/regiaonews.net.br\/2022\/author\/roberto\/"}]}},"publishpress_future_action":{"enabled":false,"date":"2026-05-04 05:51:40","action":"change-status","newStatus":"draft","terms":[],"taxonomy":"category","extraData":[]},"publishpress_future_workflow_manual_trigger":{"enabledWorkflows":[]},"_links":{"self":[{"href":"https:\/\/regiaonews.net.br\/2022\/wp-json\/wp\/v2\/posts\/99243","targetHints":{"allow":["GET"]}}],"collection":[{"href":"https:\/\/regiaonews.net.br\/2022\/wp-json\/wp\/v2\/posts"}],"about":[{"href":"https:\/\/regiaonews.net.br\/2022\/wp-json\/wp\/v2\/types\/post"}],"author":[{"embeddable":true,"href":"https:\/\/regiaonews.net.br\/2022\/wp-json\/wp\/v2\/users\/2"}],"replies":[{"embeddable":true,"href":"https:\/\/regiaonews.net.br\/2022\/wp-json\/wp\/v2\/comments?post=99243"}],"version-history":[{"count":1,"href":"https:\/\/regiaonews.net.br\/2022\/wp-json\/wp\/v2\/posts\/99243\/revisions"}],"predecessor-version":[{"id":99245,"href":"https:\/\/regiaonews.net.br\/2022\/wp-json\/wp\/v2\/posts\/99243\/revisions\/99245"}],"wp:featuredmedia":[{"embeddable":true,"href":"https:\/\/regiaonews.net.br\/2022\/wp-json\/wp\/v2\/media\/99244"}],"wp:attachment":[{"href":"https:\/\/regiaonews.net.br\/2022\/wp-json\/wp\/v2\/media?parent=99243"}],"wp:term":[{"taxonomy":"category","embeddable":true,"href":"https:\/\/regiaonews.net.br\/2022\/wp-json\/wp\/v2\/categories?post=99243"},{"taxonomy":"post_tag","embeddable":true,"href":"https:\/\/regiaonews.net.br\/2022\/wp-json\/wp\/v2\/tags?post=99243"}],"curies":[{"name":"wp","href":"https:\/\/api.w.org\/{rel}","templated":true}]}}