{"id":99235,"date":"2023-12-18T16:30:18","date_gmt":"2023-12-18T19:30:18","guid":{"rendered":"https:\/\/regiaonews.net.br\/2022\/?p=99235"},"modified":"2023-12-18T16:30:18","modified_gmt":"2023-12-18T19:30:18","slug":"em-decisao-historica-vaticano-autoriza-bencao-para-casais-do-mesmo-sexo","status":"publish","type":"post","link":"https:\/\/regiaonews.net.br\/2022\/2023\/12\/18\/em-decisao-historica-vaticano-autoriza-bencao-para-casais-do-mesmo-sexo\/","title":{"rendered":"Em decis\u00e3o hist\u00f3rica, Vaticano autoriza b\u00ean\u00e7\u00e3o para casais do mesmo sexo"},"content":{"rendered":"<div class=\"row content-head mc-column non-featured \">\n<div class=\"medium-centered subtitle\">\n<h3 class=\"content-head__subtitle\" style=\"text-align: center;\">Nova orienta\u00e7\u00e3o est\u00e1 em documento autorizado pelo papa Francisco e divulgado nesta segunda (18). Mas Igreja Cat\u00f3lica disse que autoriza\u00e7\u00e3o &#8216;n\u00e3o muda doutrina sobre casamento&#8217;, e padres podem se negar a fazer rito.<\/h3>\n<div id=\"chunk-8i3iq\">\n<div class=\"mc-column content-text active-extra-styles \" data-block-type=\"unstyled\" data-block-weight=\"24\" data-block-id=\"2\">\n<p class=\" content-text__container \" data-track-category=\"Link no Texto\" data-track-links=\"\">Em uma decis\u00e3o hist\u00f3rica, o Vaticano afirmou nesta segunda-feira (18) que passar\u00e1 a permitir que padres concedam b\u00ean\u00e7\u00e3os a casais do mesmo sexo.<\/p>\n<\/div>\n<\/div>\n<div class=\"wall protected-content\">\n<div id=\"chunk-cpags\">\n<div class=\"mc-column content-text active-extra-styles \" data-block-type=\"unstyled\" data-block-weight=\"28\" data-block-id=\"4\">\n<p class=\" content-text__container \" data-track-category=\"Link no Texto\" data-track-links=\"\">A decis\u00e3o, que vai de encontro \u00e0 doutrina da Igreja Cat\u00f3lica de condenar a uni\u00e3o homossexual, est\u00e1 em um documento autorizado pelo\u00a0<a class=\"\" href=\"https:\/\/g1.globo.com\/tudo-sobre\/papa-francisco\/\">papa Francisco<\/a>\u00a0divulgado nesta segunda.<\/p>\n<\/div>\n<\/div>\n<div id=\"chunk-236nf\">\n<div class=\"mc-column content-text active-extra-styles \" data-block-type=\"unstyled\" data-block-weight=\"56\" data-block-id=\"5\">\n<p class=\" content-text__container \" data-track-category=\"Link no Texto\" data-track-links=\"\">Pela medida,\u00a0<span class=\"highlight highlighted\">padres cat\u00f3licos romanos podem a partir de agora administrar b\u00ean\u00e7\u00e3os a casais do mesmo sexo, se quiserem.<\/span>\u00a0Os padres\u00a0<strong>tamb\u00e9m poder\u00e3o se recusar\u00a0<\/strong>a fazer o ritual, mas est\u00e3o proibidos de impedir &#8220;a entrada (em igrejas) de pessoas em qualquer situa\u00e7\u00e3o em que possam procurar a ajuda de Deus atrav\u00e9s de uma simples b\u00ean\u00e7\u00e3o\u201d.<\/p>\n<\/div>\n<\/div>\n<div id=\"chunk-5mpqt\">\n<div class=\"mc-column content-text active-extra-styles \" data-block-type=\"unstyled\" data-block-weight=\"20\" data-block-id=\"7\">\n<p class=\" content-text__container \" data-track-category=\"Link no Texto\" data-track-links=\"\">A b\u00ean\u00e7\u00e3o tamb\u00e9m<strong>\u00a0n\u00e3o pode ter qualquer semelhan\u00e7a com uma cerim\u00f4nia de casamento<\/strong>\u00a0nem acontecer durante liturgias regulares da Igreja.<\/p>\n<\/div>\n<\/div>\n<div id=\"chunk-5lare\">\n<div class=\"mc-column content-text active-extra-styles \" data-block-type=\"unstyled\" data-block-weight=\"49\" data-block-id=\"8\">\n<p class=\" content-text__container \" data-track-category=\"Link no Texto\" data-track-links=\"\">O documento que divulga a nova decis\u00e3o afirma que a Igreja Cat\u00f3lica continua a considerar a uni\u00e3o entre casais do mesmo sexo um ato &#8220;irregular&#8221; e que a doutrina n\u00e3o mudou, mas afirmou tamb\u00e9m que a autoriza\u00e7\u00e3o de b\u00ean\u00e7\u00e3os \u00e9 um &#8220;sinal de que Deus acolhe a todos&#8221;.<\/p>\n<\/div>\n<\/div>\n<div id=\"chunk-b6ebg\">\n<div class=\"mc-column content-text active-extra-styles \" data-block-type=\"unstyled\" data-block-weight=\"27\" data-block-id=\"9\">\n<p class=\" content-text__container \" data-track-category=\"Link no Texto\" data-track-links=\"\">Em outubro, em um discurso, o papa Francisco\u00a0<a class=\"\" href=\"https:\/\/g1.globo.com\/mundo\/noticia\/2023\/10\/02\/papa-francisco-sugere-ligeira-abertura-para-bencaos-a-casais-do-mesmo-sexo.ghtml\">j\u00e1 havia indicado que a igreja pudesse passar a permitir a b\u00ean\u00e7\u00e3o a casais homossexuais<\/a>\u00a0em um futuro pr\u00f3ximo.<\/p>\n<p data-track-category=\"Link no Texto\" data-track-links=\"\">Fonte &#8211;\u00a0G1<\/p>\n<\/div>\n<\/div>\n<\/div>\n<\/div>\n<\/div>\n<div class=\"content__signa-share mc-column\">\n<div class=\"content__signature\">\n<div class=\"content-publication-data\">\n<div class=\"content-publication-data__text\"><\/div>\n<\/div>\n<\/div>\n<\/div>\n","protected":false},"excerpt":{"rendered":"<p>Nova orienta\u00e7\u00e3o est\u00e1 em documento autorizado pelo papa Francisco e<\/p>\n","protected":false},"author":2,"featured_media":49743,"comment_status":"open","ping_status":"open","sticky":false,"template":"","format":"standard","meta":{"footnotes":""},"categories":[24,3],"tags":[],"class_list":["post-99235","post","type-post","status-publish","format-standard","has-post-thumbnail","hentry","category-brasil","category-geral"],"yoast_head":"<!-- This site is optimized with the Yoast SEO plugin v27.4 - https:\/\/yoast.com\/product\/yoast-seo-wordpress\/ -->\n<title>Em decis\u00e3o hist\u00f3rica, Vaticano autoriza b\u00ean\u00e7\u00e3o para casais do mesmo sexo - Regi\u00e3o News<\/title>\n<meta name=\"robots\" content=\"index, follow, max-snippet:-1, max-image-preview:large, max-video-preview:-1\" \/>\n<link rel=\"canonical\" href=\"https:\/\/regiaonews.net.br\/2022\/2023\/12\/18\/em-decisao-historica-vaticano-autoriza-bencao-para-casais-do-mesmo-sexo\/\" \/>\n<meta property=\"og:locale\" content=\"pt_BR\" \/>\n<meta property=\"og:type\" content=\"article\" \/>\n<meta property=\"og:title\" content=\"Em decis\u00e3o hist\u00f3rica, Vaticano autoriza b\u00ean\u00e7\u00e3o para casais do mesmo sexo - Regi\u00e3o News\" \/>\n<meta property=\"og:description\" content=\"Nova orienta\u00e7\u00e3o est\u00e1 em documento autorizado pelo papa Francisco e\" \/>\n<meta property=\"og:url\" content=\"https:\/\/regiaonews.net.br\/2022\/2023\/12\/18\/em-decisao-historica-vaticano-autoriza-bencao-para-casais-do-mesmo-sexo\/\" \/>\n<meta property=\"og:site_name\" content=\"Regi\u00e3o News\" \/>\n<meta property=\"article:published_time\" content=\"2023-12-18T19:30:18+00:00\" \/>\n<meta property=\"og:image\" content=\"https:\/\/regiaonews.net.br\/2022\/wp-content\/uploads\/2021\/07\/papa.jpg\" \/>\n\t<meta property=\"og:image:width\" content=\"1170\" \/>\n\t<meta property=\"og:image:height\" content=\"700\" \/>\n\t<meta property=\"og:image:type\" content=\"image\/jpeg\" \/>\n<meta name=\"author\" content=\"Roberto\" \/>\n<meta name=\"twitter:card\" content=\"summary_large_image\" \/>\n<meta name=\"twitter:label1\" content=\"Escrito por\" \/>\n\t<meta name=\"twitter:data1\" content=\"Roberto\" \/>\n\t<meta name=\"twitter:label2\" content=\"Est. tempo de leitura\" \/>\n\t<meta name=\"twitter:data2\" content=\"2 minutos\" \/>\n<script type=\"application\/ld+json\" class=\"yoast-schema-graph\">{\"@context\":\"https:\\\/\\\/schema.org\",\"@graph\":[{\"@type\":\"Article\",\"@id\":\"https:\\\/\\\/regiaonews.net.br\\\/2022\\\/2023\\\/12\\\/18\\\/em-decisao-historica-vaticano-autoriza-bencao-para-casais-do-mesmo-sexo\\\/#article\",\"isPartOf\":{\"@id\":\"https:\\\/\\\/regiaonews.net.br\\\/2022\\\/2023\\\/12\\\/18\\\/em-decisao-historica-vaticano-autoriza-bencao-para-casais-do-mesmo-sexo\\\/\"},\"author\":{\"name\":\"Roberto\",\"@id\":\"https:\\\/\\\/regiaonews.net.br\\\/2022\\\/#\\\/schema\\\/person\\\/2d205a608a5aa97ac279d7a5e6d89ad8\"},\"headline\":\"Em decis\u00e3o hist\u00f3rica, Vaticano autoriza b\u00ean\u00e7\u00e3o para casais do mesmo sexo\",\"datePublished\":\"2023-12-18T19:30:18+00:00\",\"mainEntityOfPage\":{\"@id\":\"https:\\\/\\\/regiaonews.net.br\\\/2022\\\/2023\\\/12\\\/18\\\/em-decisao-historica-vaticano-autoriza-bencao-para-casais-do-mesmo-sexo\\\/\"},\"wordCount\":286,\"commentCount\":0,\"publisher\":{\"@id\":\"https:\\\/\\\/regiaonews.net.br\\\/2022\\\/#organization\"},\"image\":{\"@id\":\"https:\\\/\\\/regiaonews.net.br\\\/2022\\\/2023\\\/12\\\/18\\\/em-decisao-historica-vaticano-autoriza-bencao-para-casais-do-mesmo-sexo\\\/#primaryimage\"},\"thumbnailUrl\":\"https:\\\/\\\/regiaonews.net.br\\\/2022\\\/wp-content\\\/uploads\\\/2021\\\/07\\\/papa.jpg\",\"articleSection\":[\"Brasil\",\"Geral\"],\"inLanguage\":\"pt-BR\",\"potentialAction\":[{\"@type\":\"CommentAction\",\"name\":\"Comment\",\"target\":[\"https:\\\/\\\/regiaonews.net.br\\\/2022\\\/2023\\\/12\\\/18\\\/em-decisao-historica-vaticano-autoriza-bencao-para-casais-do-mesmo-sexo\\\/#respond\"]}]},{\"@type\":\"WebPage\",\"@id\":\"https:\\\/\\\/regiaonews.net.br\\\/2022\\\/2023\\\/12\\\/18\\\/em-decisao-historica-vaticano-autoriza-bencao-para-casais-do-mesmo-sexo\\\/\",\"url\":\"https:\\\/\\\/regiaonews.net.br\\\/2022\\\/2023\\\/12\\\/18\\\/em-decisao-historica-vaticano-autoriza-bencao-para-casais-do-mesmo-sexo\\\/\",\"name\":\"Em decis\u00e3o hist\u00f3rica, Vaticano autoriza b\u00ean\u00e7\u00e3o para casais do mesmo sexo - Regi\u00e3o News\",\"isPartOf\":{\"@id\":\"https:\\\/\\\/regiaonews.net.br\\\/2022\\\/#website\"},\"primaryImageOfPage\":{\"@id\":\"https:\\\/\\\/regiaonews.net.br\\\/2022\\\/2023\\\/12\\\/18\\\/em-decisao-historica-vaticano-autoriza-bencao-para-casais-do-mesmo-sexo\\\/#primaryimage\"},\"image\":{\"@id\":\"https:\\\/\\\/regiaonews.net.br\\\/2022\\\/2023\\\/12\\\/18\\\/em-decisao-historica-vaticano-autoriza-bencao-para-casais-do-mesmo-sexo\\\/#primaryimage\"},\"thumbnailUrl\":\"https:\\\/\\\/regiaonews.net.br\\\/2022\\\/wp-content\\\/uploads\\\/2021\\\/07\\\/papa.jpg\",\"datePublished\":\"2023-12-18T19:30:18+00:00\",\"breadcrumb\":{\"@id\":\"https:\\\/\\\/regiaonews.net.br\\\/2022\\\/2023\\\/12\\\/18\\\/em-decisao-historica-vaticano-autoriza-bencao-para-casais-do-mesmo-sexo\\\/#breadcrumb\"},\"inLanguage\":\"pt-BR\",\"potentialAction\":[{\"@type\":\"ReadAction\",\"target\":[\"https:\\\/\\\/regiaonews.net.br\\\/2022\\\/2023\\\/12\\\/18\\\/em-decisao-historica-vaticano-autoriza-bencao-para-casais-do-mesmo-sexo\\\/\"]}]},{\"@type\":\"ImageObject\",\"inLanguage\":\"pt-BR\",\"@id\":\"https:\\\/\\\/regiaonews.net.br\\\/2022\\\/2023\\\/12\\\/18\\\/em-decisao-historica-vaticano-autoriza-bencao-para-casais-do-mesmo-sexo\\\/#primaryimage\",\"url\":\"https:\\\/\\\/regiaonews.net.br\\\/2022\\\/wp-content\\\/uploads\\\/2021\\\/07\\\/papa.jpg\",\"contentUrl\":\"https:\\\/\\\/regiaonews.net.br\\\/2022\\\/wp-content\\\/uploads\\\/2021\\\/07\\\/papa.jpg\",\"width\":1170,\"height\":700,\"caption\":\"O Papa Francisco gesticula ao proferir a ora\u00e7\u00e3o do Angelus de sua janela no dia do lan\u00e7amento de sua nova enc\u00edclica, intitulada \\\"Fratelli Tutti\\\" (Irm\u00e3os Todos), na Pra\u00e7a de S\u00e3o Pedro no Vaticano, 4 de outubro de 2020. REUTERS \\\/ Remo Casilli\"},{\"@type\":\"BreadcrumbList\",\"@id\":\"https:\\\/\\\/regiaonews.net.br\\\/2022\\\/2023\\\/12\\\/18\\\/em-decisao-historica-vaticano-autoriza-bencao-para-casais-do-mesmo-sexo\\\/#breadcrumb\",\"itemListElement\":[{\"@type\":\"ListItem\",\"position\":1,\"name\":\"In\u00edcio\",\"item\":\"https:\\\/\\\/regiaonews.net.br\\\/2022\\\/\"},{\"@type\":\"ListItem\",\"position\":2,\"name\":\"Em decis\u00e3o hist\u00f3rica, Vaticano autoriza b\u00ean\u00e7\u00e3o para casais do mesmo sexo\"}]},{\"@type\":\"WebSite\",\"@id\":\"https:\\\/\\\/regiaonews.net.br\\\/2022\\\/#website\",\"url\":\"https:\\\/\\\/regiaonews.net.br\\\/2022\\\/\",\"name\":\"Regi\u00e3o News\",\"description\":\"Site de Not\u00edcias de Barretos e regi\u00e3o\",\"publisher\":{\"@id\":\"https:\\\/\\\/regiaonews.net.br\\\/2022\\\/#organization\"},\"potentialAction\":[{\"@type\":\"SearchAction\",\"target\":{\"@type\":\"EntryPoint\",\"urlTemplate\":\"https:\\\/\\\/regiaonews.net.br\\\/2022\\\/?s={search_term_string}\"},\"query-input\":{\"@type\":\"PropertyValueSpecification\",\"valueRequired\":true,\"valueName\":\"search_term_string\"}}],\"inLanguage\":\"pt-BR\"},{\"@type\":\"Organization\",\"@id\":\"https:\\\/\\\/regiaonews.net.br\\\/2022\\\/#organization\",\"name\":\"Regi\u00e3o News\",\"url\":\"https:\\\/\\\/regiaonews.net.br\\\/2022\\\/\",\"logo\":{\"@type\":\"ImageObject\",\"inLanguage\":\"pt-BR\",\"@id\":\"https:\\\/\\\/regiaonews.net.br\\\/2022\\\/#\\\/schema\\\/logo\\\/image\\\/\",\"url\":\"https:\\\/\\\/regiaonews.net.br\\\/2022\\\/wp-content\\\/uploads\\\/2026\\\/03\\\/regiao-13-anos-scaled.jpg\",\"contentUrl\":\"https:\\\/\\\/regiaonews.net.br\\\/2022\\\/wp-content\\\/uploads\\\/2026\\\/03\\\/regiao-13-anos-scaled.jpg\",\"width\":2560,\"height\":635,\"caption\":\"Regi\u00e3o News\"},\"image\":{\"@id\":\"https:\\\/\\\/regiaonews.net.br\\\/2022\\\/#\\\/schema\\\/logo\\\/image\\\/\"}},{\"@type\":\"Person\",\"@id\":\"https:\\\/\\\/regiaonews.net.br\\\/2022\\\/#\\\/schema\\\/person\\\/2d205a608a5aa97ac279d7a5e6d89ad8\",\"name\":\"Roberto\",\"image\":{\"@type\":\"ImageObject\",\"inLanguage\":\"pt-BR\",\"@id\":\"https:\\\/\\\/secure.gravatar.com\\\/avatar\\\/42749d8b712ff9d59ca93dc150494e5b55a44134482993f5baeb97e61b7ecc89?s=96&d=mm&r=g\",\"url\":\"https:\\\/\\\/secure.gravatar.com\\\/avatar\\\/42749d8b712ff9d59ca93dc150494e5b55a44134482993f5baeb97e61b7ecc89?s=96&d=mm&r=g\",\"contentUrl\":\"https:\\\/\\\/secure.gravatar.com\\\/avatar\\\/42749d8b712ff9d59ca93dc150494e5b55a44134482993f5baeb97e61b7ecc89?s=96&d=mm&r=g\",\"caption\":\"Roberto\"},\"url\":\"https:\\\/\\\/regiaonews.net.br\\\/2022\\\/author\\\/roberto\\\/\"}]}<\/script>\n<!-- \/ Yoast SEO plugin. -->","yoast_head_json":{"title":"Em decis\u00e3o hist\u00f3rica, Vaticano autoriza b\u00ean\u00e7\u00e3o para casais do mesmo sexo - Regi\u00e3o News","robots":{"index":"index","follow":"follow","max-snippet":"max-snippet:-1","max-image-preview":"max-image-preview:large","max-video-preview":"max-video-preview:-1"},"canonical":"https:\/\/regiaonews.net.br\/2022\/2023\/12\/18\/em-decisao-historica-vaticano-autoriza-bencao-para-casais-do-mesmo-sexo\/","og_locale":"pt_BR","og_type":"article","og_title":"Em decis\u00e3o hist\u00f3rica, Vaticano autoriza b\u00ean\u00e7\u00e3o para casais do mesmo sexo - Regi\u00e3o News","og_description":"Nova orienta\u00e7\u00e3o est\u00e1 em documento autorizado pelo papa Francisco e","og_url":"https:\/\/regiaonews.net.br\/2022\/2023\/12\/18\/em-decisao-historica-vaticano-autoriza-bencao-para-casais-do-mesmo-sexo\/","og_site_name":"Regi\u00e3o News","article_published_time":"2023-12-18T19:30:18+00:00","og_image":[{"width":1170,"height":700,"url":"https:\/\/regiaonews.net.br\/2022\/wp-content\/uploads\/2021\/07\/papa.jpg","type":"image\/jpeg"}],"author":"Roberto","twitter_card":"summary_large_image","twitter_misc":{"Escrito por":"Roberto","Est. tempo de leitura":"2 minutos"},"schema":{"@context":"https:\/\/schema.org","@graph":[{"@type":"Article","@id":"https:\/\/regiaonews.net.br\/2022\/2023\/12\/18\/em-decisao-historica-vaticano-autoriza-bencao-para-casais-do-mesmo-sexo\/#article","isPartOf":{"@id":"https:\/\/regiaonews.net.br\/2022\/2023\/12\/18\/em-decisao-historica-vaticano-autoriza-bencao-para-casais-do-mesmo-sexo\/"},"author":{"name":"Roberto","@id":"https:\/\/regiaonews.net.br\/2022\/#\/schema\/person\/2d205a608a5aa97ac279d7a5e6d89ad8"},"headline":"Em decis\u00e3o hist\u00f3rica, Vaticano autoriza b\u00ean\u00e7\u00e3o para casais do mesmo sexo","datePublished":"2023-12-18T19:30:18+00:00","mainEntityOfPage":{"@id":"https:\/\/regiaonews.net.br\/2022\/2023\/12\/18\/em-decisao-historica-vaticano-autoriza-bencao-para-casais-do-mesmo-sexo\/"},"wordCount":286,"commentCount":0,"publisher":{"@id":"https:\/\/regiaonews.net.br\/2022\/#organization"},"image":{"@id":"https:\/\/regiaonews.net.br\/2022\/2023\/12\/18\/em-decisao-historica-vaticano-autoriza-bencao-para-casais-do-mesmo-sexo\/#primaryimage"},"thumbnailUrl":"https:\/\/regiaonews.net.br\/2022\/wp-content\/uploads\/2021\/07\/papa.jpg","articleSection":["Brasil","Geral"],"inLanguage":"pt-BR","potentialAction":[{"@type":"CommentAction","name":"Comment","target":["https:\/\/regiaonews.net.br\/2022\/2023\/12\/18\/em-decisao-historica-vaticano-autoriza-bencao-para-casais-do-mesmo-sexo\/#respond"]}]},{"@type":"WebPage","@id":"https:\/\/regiaonews.net.br\/2022\/2023\/12\/18\/em-decisao-historica-vaticano-autoriza-bencao-para-casais-do-mesmo-sexo\/","url":"https:\/\/regiaonews.net.br\/2022\/2023\/12\/18\/em-decisao-historica-vaticano-autoriza-bencao-para-casais-do-mesmo-sexo\/","name":"Em decis\u00e3o hist\u00f3rica, Vaticano autoriza b\u00ean\u00e7\u00e3o para casais do mesmo sexo - Regi\u00e3o News","isPartOf":{"@id":"https:\/\/regiaonews.net.br\/2022\/#website"},"primaryImageOfPage":{"@id":"https:\/\/regiaonews.net.br\/2022\/2023\/12\/18\/em-decisao-historica-vaticano-autoriza-bencao-para-casais-do-mesmo-sexo\/#primaryimage"},"image":{"@id":"https:\/\/regiaonews.net.br\/2022\/2023\/12\/18\/em-decisao-historica-vaticano-autoriza-bencao-para-casais-do-mesmo-sexo\/#primaryimage"},"thumbnailUrl":"https:\/\/regiaonews.net.br\/2022\/wp-content\/uploads\/2021\/07\/papa.jpg","datePublished":"2023-12-18T19:30:18+00:00","breadcrumb":{"@id":"https:\/\/regiaonews.net.br\/2022\/2023\/12\/18\/em-decisao-historica-vaticano-autoriza-bencao-para-casais-do-mesmo-sexo\/#breadcrumb"},"inLanguage":"pt-BR","potentialAction":[{"@type":"ReadAction","target":["https:\/\/regiaonews.net.br\/2022\/2023\/12\/18\/em-decisao-historica-vaticano-autoriza-bencao-para-casais-do-mesmo-sexo\/"]}]},{"@type":"ImageObject","inLanguage":"pt-BR","@id":"https:\/\/regiaonews.net.br\/2022\/2023\/12\/18\/em-decisao-historica-vaticano-autoriza-bencao-para-casais-do-mesmo-sexo\/#primaryimage","url":"https:\/\/regiaonews.net.br\/2022\/wp-content\/uploads\/2021\/07\/papa.jpg","contentUrl":"https:\/\/regiaonews.net.br\/2022\/wp-content\/uploads\/2021\/07\/papa.jpg","width":1170,"height":700,"caption":"O Papa Francisco gesticula ao proferir a ora\u00e7\u00e3o do Angelus de sua janela no dia do lan\u00e7amento de sua nova enc\u00edclica, intitulada \"Fratelli Tutti\" (Irm\u00e3os Todos), na Pra\u00e7a de S\u00e3o Pedro no Vaticano, 4 de outubro de 2020. REUTERS \/ Remo Casilli"},{"@type":"BreadcrumbList","@id":"https:\/\/regiaonews.net.br\/2022\/2023\/12\/18\/em-decisao-historica-vaticano-autoriza-bencao-para-casais-do-mesmo-sexo\/#breadcrumb","itemListElement":[{"@type":"ListItem","position":1,"name":"In\u00edcio","item":"https:\/\/regiaonews.net.br\/2022\/"},{"@type":"ListItem","position":2,"name":"Em decis\u00e3o hist\u00f3rica, Vaticano autoriza b\u00ean\u00e7\u00e3o para casais do mesmo sexo"}]},{"@type":"WebSite","@id":"https:\/\/regiaonews.net.br\/2022\/#website","url":"https:\/\/regiaonews.net.br\/2022\/","name":"Regi\u00e3o News","description":"Site de Not\u00edcias de Barretos e regi\u00e3o","publisher":{"@id":"https:\/\/regiaonews.net.br\/2022\/#organization"},"potentialAction":[{"@type":"SearchAction","target":{"@type":"EntryPoint","urlTemplate":"https:\/\/regiaonews.net.br\/2022\/?s={search_term_string}"},"query-input":{"@type":"PropertyValueSpecification","valueRequired":true,"valueName":"search_term_string"}}],"inLanguage":"pt-BR"},{"@type":"Organization","@id":"https:\/\/regiaonews.net.br\/2022\/#organization","name":"Regi\u00e3o News","url":"https:\/\/regiaonews.net.br\/2022\/","logo":{"@type":"ImageObject","inLanguage":"pt-BR","@id":"https:\/\/regiaonews.net.br\/2022\/#\/schema\/logo\/image\/","url":"https:\/\/regiaonews.net.br\/2022\/wp-content\/uploads\/2026\/03\/regiao-13-anos-scaled.jpg","contentUrl":"https:\/\/regiaonews.net.br\/2022\/wp-content\/uploads\/2026\/03\/regiao-13-anos-scaled.jpg","width":2560,"height":635,"caption":"Regi\u00e3o News"},"image":{"@id":"https:\/\/regiaonews.net.br\/2022\/#\/schema\/logo\/image\/"}},{"@type":"Person","@id":"https:\/\/regiaonews.net.br\/2022\/#\/schema\/person\/2d205a608a5aa97ac279d7a5e6d89ad8","name":"Roberto","image":{"@type":"ImageObject","inLanguage":"pt-BR","@id":"https:\/\/secure.gravatar.com\/avatar\/42749d8b712ff9d59ca93dc150494e5b55a44134482993f5baeb97e61b7ecc89?s=96&d=mm&r=g","url":"https:\/\/secure.gravatar.com\/avatar\/42749d8b712ff9d59ca93dc150494e5b55a44134482993f5baeb97e61b7ecc89?s=96&d=mm&r=g","contentUrl":"https:\/\/secure.gravatar.com\/avatar\/42749d8b712ff9d59ca93dc150494e5b55a44134482993f5baeb97e61b7ecc89?s=96&d=mm&r=g","caption":"Roberto"},"url":"https:\/\/regiaonews.net.br\/2022\/author\/roberto\/"}]}},"publishpress_future_action":{"enabled":false,"date":"2026-05-04 05:51:10","action":"change-status","newStatus":"draft","terms":[],"taxonomy":"category","extraData":[]},"publishpress_future_workflow_manual_trigger":{"enabledWorkflows":[]},"_links":{"self":[{"href":"https:\/\/regiaonews.net.br\/2022\/wp-json\/wp\/v2\/posts\/99235","targetHints":{"allow":["GET"]}}],"collection":[{"href":"https:\/\/regiaonews.net.br\/2022\/wp-json\/wp\/v2\/posts"}],"about":[{"href":"https:\/\/regiaonews.net.br\/2022\/wp-json\/wp\/v2\/types\/post"}],"author":[{"embeddable":true,"href":"https:\/\/regiaonews.net.br\/2022\/wp-json\/wp\/v2\/users\/2"}],"replies":[{"embeddable":true,"href":"https:\/\/regiaonews.net.br\/2022\/wp-json\/wp\/v2\/comments?post=99235"}],"version-history":[{"count":1,"href":"https:\/\/regiaonews.net.br\/2022\/wp-json\/wp\/v2\/posts\/99235\/revisions"}],"predecessor-version":[{"id":99236,"href":"https:\/\/regiaonews.net.br\/2022\/wp-json\/wp\/v2\/posts\/99235\/revisions\/99236"}],"wp:featuredmedia":[{"embeddable":true,"href":"https:\/\/regiaonews.net.br\/2022\/wp-json\/wp\/v2\/media\/49743"}],"wp:attachment":[{"href":"https:\/\/regiaonews.net.br\/2022\/wp-json\/wp\/v2\/media?parent=99235"}],"wp:term":[{"taxonomy":"category","embeddable":true,"href":"https:\/\/regiaonews.net.br\/2022\/wp-json\/wp\/v2\/categories?post=99235"},{"taxonomy":"post_tag","embeddable":true,"href":"https:\/\/regiaonews.net.br\/2022\/wp-json\/wp\/v2\/tags?post=99235"}],"curies":[{"name":"wp","href":"https:\/\/api.w.org\/{rel}","templated":true}]}}