{"id":99228,"date":"2023-12-18T16:28:27","date_gmt":"2023-12-18T19:28:27","guid":{"rendered":"https:\/\/regiaonews.net.br\/2022\/?p=99228"},"modified":"2023-12-18T16:28:27","modified_gmt":"2023-12-18T19:28:27","slug":"prefeito-recebe-alunos-contemplados-com-bolsas-academicas-notebook-e-tablet","status":"publish","type":"post","link":"https:\/\/regiaonews.net.br\/2022\/2023\/12\/18\/prefeito-recebe-alunos-contemplados-com-bolsas-academicas-notebook-e-tablet\/","title":{"rendered":"Prefeito recebe alunos contemplados com bolsas acad\u00eamicas, notebook e tablet"},"content":{"rendered":"<p>O prefeito J\u00falio Cesar dos Santos (Tuta) recebeu, na manh\u00e3 desta segunda-feira, 18, em seu gabinete da Prefeitura Municipal de Col\u00f4mbia, os alunos formandos destaques da rede municipal de ensino e escola estadual.<\/p>\n<p>Cinco alunos do 5\u00ba ano do ensino fundamental I receberam tablets, dois alunos do 9\u00ba ano do ensino fundamental II receberam notebooks e outros quatro da escola estadual do munic\u00edpio, que conclu\u00edram o ensino m\u00e9dio, receberam uma bolsa acad\u00eamica integral com valor de 2 mil reais mensais.<\/p>\n<p>\u201cGostaria de agradecer \u00e0 parceria da C\u00e2mara Municipal do nosso munic\u00edpio por ter nos ajudado com um notebook e a todos os funcion\u00e1rios, alunos e professores da rede municipal de ensino e escola estadual por todo o empenho durante este ano letivo. Esses alunos foram destaques pela dedica\u00e7\u00e3o, assim como v\u00e1rios outros que passaram pelas nossas escolas. Eu fico muito orgulhoso da educa\u00e7\u00e3o do nosso munic\u00edpio e vou continuar investindo, assim como venho investindo desde quando assumi a administra\u00e7\u00e3o da nossa cidade\u201d, disse o prefeito.<\/p>\n<p>No ensino fundamental I, receberam tablets os alunos do quinto ano da escola Bruno Ant\u00f4nio Prado Gabriel Costa Pereira, Lucas Martins Silva e da escola Ma\u00e7\u00e3o Nozaki, os alunos Kau\u00e3 Henrique Hil\u00e1rio dos Santos, Lucas Gabriel Barbosa de Souza e ainda Nicolas Izidoro Bertanha da escola Gil Alexandre Borges, do povoado de Laranjeiras.<\/p>\n<p>Os alunos da Escola Santa do Prado Maximiano, do 9\u00ba ano do ensino fundamental II, receberam um notebook cada, sendo Jos\u00e9 Ricardo Martins Filho e Maira de Souza Ara\u00fajo. Na Escola Estadual Alice Fontoura de Ara\u00fajo, quatro alunos do ensino m\u00e9dio que terminaram o terceiro ano receberam uma bolsa acad\u00eamica integral de 2 mil reais mensais, sendo Alana Cecilia da Silva, Juan Pablo da Silva Souza, Lauane Cristina de Aguiar Trindade e Luiz Augusto\u00a0Oliveira\u00a0Silva.<\/p>\n","protected":false},"excerpt":{"rendered":"<p>O prefeito J\u00falio Cesar dos Santos (Tuta) recebeu, na manh\u00e3<\/p>\n","protected":false},"author":2,"featured_media":99229,"comment_status":"open","ping_status":"open","sticky":false,"template":"","format":"standard","meta":{"footnotes":""},"categories":[6,3],"tags":[],"class_list":["post-99228","post","type-post","status-publish","format-standard","has-post-thumbnail","hentry","category-colombia","category-geral"],"yoast_head":"<!-- This site is optimized with the Yoast SEO plugin v27.4 - https:\/\/yoast.com\/product\/yoast-seo-wordpress\/ -->\n<title>Prefeito recebe alunos contemplados com bolsas acad\u00eamicas, notebook e tablet - Regi\u00e3o News<\/title>\n<meta name=\"robots\" content=\"index, follow, max-snippet:-1, max-image-preview:large, max-video-preview:-1\" \/>\n<link rel=\"canonical\" href=\"https:\/\/regiaonews.net.br\/2022\/2023\/12\/18\/prefeito-recebe-alunos-contemplados-com-bolsas-academicas-notebook-e-tablet\/\" \/>\n<meta property=\"og:locale\" content=\"pt_BR\" \/>\n<meta property=\"og:type\" content=\"article\" \/>\n<meta property=\"og:title\" content=\"Prefeito recebe alunos contemplados com bolsas acad\u00eamicas, notebook e tablet - Regi\u00e3o News\" \/>\n<meta property=\"og:description\" content=\"O prefeito J\u00falio Cesar dos Santos (Tuta) recebeu, na manh\u00e3\" \/>\n<meta property=\"og:url\" content=\"https:\/\/regiaonews.net.br\/2022\/2023\/12\/18\/prefeito-recebe-alunos-contemplados-com-bolsas-academicas-notebook-e-tablet\/\" \/>\n<meta property=\"og:site_name\" content=\"Regi\u00e3o News\" \/>\n<meta property=\"article:published_time\" content=\"2023-12-18T19:28:27+00:00\" \/>\n<meta property=\"og:image\" content=\"https:\/\/regiaonews.net.br\/2022\/wp-content\/uploads\/2023\/12\/DSC_3379_Wondershare-scaled.jpg\" \/>\n\t<meta property=\"og:image:width\" content=\"2560\" \/>\n\t<meta property=\"og:image:height\" content=\"1707\" \/>\n\t<meta property=\"og:image:type\" content=\"image\/jpeg\" \/>\n<meta name=\"author\" content=\"Roberto\" \/>\n<meta name=\"twitter:card\" content=\"summary_large_image\" \/>\n<meta name=\"twitter:label1\" content=\"Escrito por\" \/>\n\t<meta name=\"twitter:data1\" content=\"Roberto\" \/>\n\t<meta name=\"twitter:label2\" content=\"Est. tempo de leitura\" \/>\n\t<meta name=\"twitter:data2\" content=\"2 minutos\" \/>\n<script type=\"application\/ld+json\" class=\"yoast-schema-graph\">{\"@context\":\"https:\\\/\\\/schema.org\",\"@graph\":[{\"@type\":\"Article\",\"@id\":\"https:\\\/\\\/regiaonews.net.br\\\/2022\\\/2023\\\/12\\\/18\\\/prefeito-recebe-alunos-contemplados-com-bolsas-academicas-notebook-e-tablet\\\/#article\",\"isPartOf\":{\"@id\":\"https:\\\/\\\/regiaonews.net.br\\\/2022\\\/2023\\\/12\\\/18\\\/prefeito-recebe-alunos-contemplados-com-bolsas-academicas-notebook-e-tablet\\\/\"},\"author\":{\"name\":\"Roberto\",\"@id\":\"https:\\\/\\\/regiaonews.net.br\\\/2022\\\/#\\\/schema\\\/person\\\/2d205a608a5aa97ac279d7a5e6d89ad8\"},\"headline\":\"Prefeito recebe alunos contemplados com bolsas acad\u00eamicas, notebook e tablet\",\"datePublished\":\"2023-12-18T19:28:27+00:00\",\"mainEntityOfPage\":{\"@id\":\"https:\\\/\\\/regiaonews.net.br\\\/2022\\\/2023\\\/12\\\/18\\\/prefeito-recebe-alunos-contemplados-com-bolsas-academicas-notebook-e-tablet\\\/\"},\"wordCount\":319,\"commentCount\":0,\"publisher\":{\"@id\":\"https:\\\/\\\/regiaonews.net.br\\\/2022\\\/#organization\"},\"image\":{\"@id\":\"https:\\\/\\\/regiaonews.net.br\\\/2022\\\/2023\\\/12\\\/18\\\/prefeito-recebe-alunos-contemplados-com-bolsas-academicas-notebook-e-tablet\\\/#primaryimage\"},\"thumbnailUrl\":\"https:\\\/\\\/regiaonews.net.br\\\/2022\\\/wp-content\\\/uploads\\\/2023\\\/12\\\/DSC_3379_Wondershare-scaled.jpg\",\"articleSection\":[\"Col\u00f4mbia\",\"Geral\"],\"inLanguage\":\"pt-BR\",\"potentialAction\":[{\"@type\":\"CommentAction\",\"name\":\"Comment\",\"target\":[\"https:\\\/\\\/regiaonews.net.br\\\/2022\\\/2023\\\/12\\\/18\\\/prefeito-recebe-alunos-contemplados-com-bolsas-academicas-notebook-e-tablet\\\/#respond\"]}]},{\"@type\":\"WebPage\",\"@id\":\"https:\\\/\\\/regiaonews.net.br\\\/2022\\\/2023\\\/12\\\/18\\\/prefeito-recebe-alunos-contemplados-com-bolsas-academicas-notebook-e-tablet\\\/\",\"url\":\"https:\\\/\\\/regiaonews.net.br\\\/2022\\\/2023\\\/12\\\/18\\\/prefeito-recebe-alunos-contemplados-com-bolsas-academicas-notebook-e-tablet\\\/\",\"name\":\"Prefeito recebe alunos contemplados com bolsas acad\u00eamicas, notebook e tablet - Regi\u00e3o News\",\"isPartOf\":{\"@id\":\"https:\\\/\\\/regiaonews.net.br\\\/2022\\\/#website\"},\"primaryImageOfPage\":{\"@id\":\"https:\\\/\\\/regiaonews.net.br\\\/2022\\\/2023\\\/12\\\/18\\\/prefeito-recebe-alunos-contemplados-com-bolsas-academicas-notebook-e-tablet\\\/#primaryimage\"},\"image\":{\"@id\":\"https:\\\/\\\/regiaonews.net.br\\\/2022\\\/2023\\\/12\\\/18\\\/prefeito-recebe-alunos-contemplados-com-bolsas-academicas-notebook-e-tablet\\\/#primaryimage\"},\"thumbnailUrl\":\"https:\\\/\\\/regiaonews.net.br\\\/2022\\\/wp-content\\\/uploads\\\/2023\\\/12\\\/DSC_3379_Wondershare-scaled.jpg\",\"datePublished\":\"2023-12-18T19:28:27+00:00\",\"breadcrumb\":{\"@id\":\"https:\\\/\\\/regiaonews.net.br\\\/2022\\\/2023\\\/12\\\/18\\\/prefeito-recebe-alunos-contemplados-com-bolsas-academicas-notebook-e-tablet\\\/#breadcrumb\"},\"inLanguage\":\"pt-BR\",\"potentialAction\":[{\"@type\":\"ReadAction\",\"target\":[\"https:\\\/\\\/regiaonews.net.br\\\/2022\\\/2023\\\/12\\\/18\\\/prefeito-recebe-alunos-contemplados-com-bolsas-academicas-notebook-e-tablet\\\/\"]}]},{\"@type\":\"ImageObject\",\"inLanguage\":\"pt-BR\",\"@id\":\"https:\\\/\\\/regiaonews.net.br\\\/2022\\\/2023\\\/12\\\/18\\\/prefeito-recebe-alunos-contemplados-com-bolsas-academicas-notebook-e-tablet\\\/#primaryimage\",\"url\":\"https:\\\/\\\/regiaonews.net.br\\\/2022\\\/wp-content\\\/uploads\\\/2023\\\/12\\\/DSC_3379_Wondershare-scaled.jpg\",\"contentUrl\":\"https:\\\/\\\/regiaonews.net.br\\\/2022\\\/wp-content\\\/uploads\\\/2023\\\/12\\\/DSC_3379_Wondershare-scaled.jpg\",\"width\":2560,\"height\":1707},{\"@type\":\"BreadcrumbList\",\"@id\":\"https:\\\/\\\/regiaonews.net.br\\\/2022\\\/2023\\\/12\\\/18\\\/prefeito-recebe-alunos-contemplados-com-bolsas-academicas-notebook-e-tablet\\\/#breadcrumb\",\"itemListElement\":[{\"@type\":\"ListItem\",\"position\":1,\"name\":\"In\u00edcio\",\"item\":\"https:\\\/\\\/regiaonews.net.br\\\/2022\\\/\"},{\"@type\":\"ListItem\",\"position\":2,\"name\":\"Prefeito recebe alunos contemplados com bolsas acad\u00eamicas, notebook e tablet\"}]},{\"@type\":\"WebSite\",\"@id\":\"https:\\\/\\\/regiaonews.net.br\\\/2022\\\/#website\",\"url\":\"https:\\\/\\\/regiaonews.net.br\\\/2022\\\/\",\"name\":\"Regi\u00e3o News\",\"description\":\"Site de Not\u00edcias de Barretos e regi\u00e3o\",\"publisher\":{\"@id\":\"https:\\\/\\\/regiaonews.net.br\\\/2022\\\/#organization\"},\"potentialAction\":[{\"@type\":\"SearchAction\",\"target\":{\"@type\":\"EntryPoint\",\"urlTemplate\":\"https:\\\/\\\/regiaonews.net.br\\\/2022\\\/?s={search_term_string}\"},\"query-input\":{\"@type\":\"PropertyValueSpecification\",\"valueRequired\":true,\"valueName\":\"search_term_string\"}}],\"inLanguage\":\"pt-BR\"},{\"@type\":\"Organization\",\"@id\":\"https:\\\/\\\/regiaonews.net.br\\\/2022\\\/#organization\",\"name\":\"Regi\u00e3o News\",\"url\":\"https:\\\/\\\/regiaonews.net.br\\\/2022\\\/\",\"logo\":{\"@type\":\"ImageObject\",\"inLanguage\":\"pt-BR\",\"@id\":\"https:\\\/\\\/regiaonews.net.br\\\/2022\\\/#\\\/schema\\\/logo\\\/image\\\/\",\"url\":\"https:\\\/\\\/regiaonews.net.br\\\/2022\\\/wp-content\\\/uploads\\\/2026\\\/03\\\/regiao-13-anos-scaled.jpg\",\"contentUrl\":\"https:\\\/\\\/regiaonews.net.br\\\/2022\\\/wp-content\\\/uploads\\\/2026\\\/03\\\/regiao-13-anos-scaled.jpg\",\"width\":2560,\"height\":635,\"caption\":\"Regi\u00e3o News\"},\"image\":{\"@id\":\"https:\\\/\\\/regiaonews.net.br\\\/2022\\\/#\\\/schema\\\/logo\\\/image\\\/\"}},{\"@type\":\"Person\",\"@id\":\"https:\\\/\\\/regiaonews.net.br\\\/2022\\\/#\\\/schema\\\/person\\\/2d205a608a5aa97ac279d7a5e6d89ad8\",\"name\":\"Roberto\",\"image\":{\"@type\":\"ImageObject\",\"inLanguage\":\"pt-BR\",\"@id\":\"https:\\\/\\\/secure.gravatar.com\\\/avatar\\\/42749d8b712ff9d59ca93dc150494e5b55a44134482993f5baeb97e61b7ecc89?s=96&d=mm&r=g\",\"url\":\"https:\\\/\\\/secure.gravatar.com\\\/avatar\\\/42749d8b712ff9d59ca93dc150494e5b55a44134482993f5baeb97e61b7ecc89?s=96&d=mm&r=g\",\"contentUrl\":\"https:\\\/\\\/secure.gravatar.com\\\/avatar\\\/42749d8b712ff9d59ca93dc150494e5b55a44134482993f5baeb97e61b7ecc89?s=96&d=mm&r=g\",\"caption\":\"Roberto\"},\"url\":\"https:\\\/\\\/regiaonews.net.br\\\/2022\\\/author\\\/roberto\\\/\"}]}<\/script>\n<!-- \/ Yoast SEO plugin. -->","yoast_head_json":{"title":"Prefeito recebe alunos contemplados com bolsas acad\u00eamicas, notebook e tablet - Regi\u00e3o News","robots":{"index":"index","follow":"follow","max-snippet":"max-snippet:-1","max-image-preview":"max-image-preview:large","max-video-preview":"max-video-preview:-1"},"canonical":"https:\/\/regiaonews.net.br\/2022\/2023\/12\/18\/prefeito-recebe-alunos-contemplados-com-bolsas-academicas-notebook-e-tablet\/","og_locale":"pt_BR","og_type":"article","og_title":"Prefeito recebe alunos contemplados com bolsas acad\u00eamicas, notebook e tablet - Regi\u00e3o News","og_description":"O prefeito J\u00falio Cesar dos Santos (Tuta) recebeu, na manh\u00e3","og_url":"https:\/\/regiaonews.net.br\/2022\/2023\/12\/18\/prefeito-recebe-alunos-contemplados-com-bolsas-academicas-notebook-e-tablet\/","og_site_name":"Regi\u00e3o News","article_published_time":"2023-12-18T19:28:27+00:00","og_image":[{"width":2560,"height":1707,"url":"https:\/\/regiaonews.net.br\/2022\/wp-content\/uploads\/2023\/12\/DSC_3379_Wondershare-scaled.jpg","type":"image\/jpeg"}],"author":"Roberto","twitter_card":"summary_large_image","twitter_misc":{"Escrito por":"Roberto","Est. tempo de leitura":"2 minutos"},"schema":{"@context":"https:\/\/schema.org","@graph":[{"@type":"Article","@id":"https:\/\/regiaonews.net.br\/2022\/2023\/12\/18\/prefeito-recebe-alunos-contemplados-com-bolsas-academicas-notebook-e-tablet\/#article","isPartOf":{"@id":"https:\/\/regiaonews.net.br\/2022\/2023\/12\/18\/prefeito-recebe-alunos-contemplados-com-bolsas-academicas-notebook-e-tablet\/"},"author":{"name":"Roberto","@id":"https:\/\/regiaonews.net.br\/2022\/#\/schema\/person\/2d205a608a5aa97ac279d7a5e6d89ad8"},"headline":"Prefeito recebe alunos contemplados com bolsas acad\u00eamicas, notebook e tablet","datePublished":"2023-12-18T19:28:27+00:00","mainEntityOfPage":{"@id":"https:\/\/regiaonews.net.br\/2022\/2023\/12\/18\/prefeito-recebe-alunos-contemplados-com-bolsas-academicas-notebook-e-tablet\/"},"wordCount":319,"commentCount":0,"publisher":{"@id":"https:\/\/regiaonews.net.br\/2022\/#organization"},"image":{"@id":"https:\/\/regiaonews.net.br\/2022\/2023\/12\/18\/prefeito-recebe-alunos-contemplados-com-bolsas-academicas-notebook-e-tablet\/#primaryimage"},"thumbnailUrl":"https:\/\/regiaonews.net.br\/2022\/wp-content\/uploads\/2023\/12\/DSC_3379_Wondershare-scaled.jpg","articleSection":["Col\u00f4mbia","Geral"],"inLanguage":"pt-BR","potentialAction":[{"@type":"CommentAction","name":"Comment","target":["https:\/\/regiaonews.net.br\/2022\/2023\/12\/18\/prefeito-recebe-alunos-contemplados-com-bolsas-academicas-notebook-e-tablet\/#respond"]}]},{"@type":"WebPage","@id":"https:\/\/regiaonews.net.br\/2022\/2023\/12\/18\/prefeito-recebe-alunos-contemplados-com-bolsas-academicas-notebook-e-tablet\/","url":"https:\/\/regiaonews.net.br\/2022\/2023\/12\/18\/prefeito-recebe-alunos-contemplados-com-bolsas-academicas-notebook-e-tablet\/","name":"Prefeito recebe alunos contemplados com bolsas acad\u00eamicas, notebook e tablet - Regi\u00e3o News","isPartOf":{"@id":"https:\/\/regiaonews.net.br\/2022\/#website"},"primaryImageOfPage":{"@id":"https:\/\/regiaonews.net.br\/2022\/2023\/12\/18\/prefeito-recebe-alunos-contemplados-com-bolsas-academicas-notebook-e-tablet\/#primaryimage"},"image":{"@id":"https:\/\/regiaonews.net.br\/2022\/2023\/12\/18\/prefeito-recebe-alunos-contemplados-com-bolsas-academicas-notebook-e-tablet\/#primaryimage"},"thumbnailUrl":"https:\/\/regiaonews.net.br\/2022\/wp-content\/uploads\/2023\/12\/DSC_3379_Wondershare-scaled.jpg","datePublished":"2023-12-18T19:28:27+00:00","breadcrumb":{"@id":"https:\/\/regiaonews.net.br\/2022\/2023\/12\/18\/prefeito-recebe-alunos-contemplados-com-bolsas-academicas-notebook-e-tablet\/#breadcrumb"},"inLanguage":"pt-BR","potentialAction":[{"@type":"ReadAction","target":["https:\/\/regiaonews.net.br\/2022\/2023\/12\/18\/prefeito-recebe-alunos-contemplados-com-bolsas-academicas-notebook-e-tablet\/"]}]},{"@type":"ImageObject","inLanguage":"pt-BR","@id":"https:\/\/regiaonews.net.br\/2022\/2023\/12\/18\/prefeito-recebe-alunos-contemplados-com-bolsas-academicas-notebook-e-tablet\/#primaryimage","url":"https:\/\/regiaonews.net.br\/2022\/wp-content\/uploads\/2023\/12\/DSC_3379_Wondershare-scaled.jpg","contentUrl":"https:\/\/regiaonews.net.br\/2022\/wp-content\/uploads\/2023\/12\/DSC_3379_Wondershare-scaled.jpg","width":2560,"height":1707},{"@type":"BreadcrumbList","@id":"https:\/\/regiaonews.net.br\/2022\/2023\/12\/18\/prefeito-recebe-alunos-contemplados-com-bolsas-academicas-notebook-e-tablet\/#breadcrumb","itemListElement":[{"@type":"ListItem","position":1,"name":"In\u00edcio","item":"https:\/\/regiaonews.net.br\/2022\/"},{"@type":"ListItem","position":2,"name":"Prefeito recebe alunos contemplados com bolsas acad\u00eamicas, notebook e tablet"}]},{"@type":"WebSite","@id":"https:\/\/regiaonews.net.br\/2022\/#website","url":"https:\/\/regiaonews.net.br\/2022\/","name":"Regi\u00e3o News","description":"Site de Not\u00edcias de Barretos e regi\u00e3o","publisher":{"@id":"https:\/\/regiaonews.net.br\/2022\/#organization"},"potentialAction":[{"@type":"SearchAction","target":{"@type":"EntryPoint","urlTemplate":"https:\/\/regiaonews.net.br\/2022\/?s={search_term_string}"},"query-input":{"@type":"PropertyValueSpecification","valueRequired":true,"valueName":"search_term_string"}}],"inLanguage":"pt-BR"},{"@type":"Organization","@id":"https:\/\/regiaonews.net.br\/2022\/#organization","name":"Regi\u00e3o News","url":"https:\/\/regiaonews.net.br\/2022\/","logo":{"@type":"ImageObject","inLanguage":"pt-BR","@id":"https:\/\/regiaonews.net.br\/2022\/#\/schema\/logo\/image\/","url":"https:\/\/regiaonews.net.br\/2022\/wp-content\/uploads\/2026\/03\/regiao-13-anos-scaled.jpg","contentUrl":"https:\/\/regiaonews.net.br\/2022\/wp-content\/uploads\/2026\/03\/regiao-13-anos-scaled.jpg","width":2560,"height":635,"caption":"Regi\u00e3o News"},"image":{"@id":"https:\/\/regiaonews.net.br\/2022\/#\/schema\/logo\/image\/"}},{"@type":"Person","@id":"https:\/\/regiaonews.net.br\/2022\/#\/schema\/person\/2d205a608a5aa97ac279d7a5e6d89ad8","name":"Roberto","image":{"@type":"ImageObject","inLanguage":"pt-BR","@id":"https:\/\/secure.gravatar.com\/avatar\/42749d8b712ff9d59ca93dc150494e5b55a44134482993f5baeb97e61b7ecc89?s=96&d=mm&r=g","url":"https:\/\/secure.gravatar.com\/avatar\/42749d8b712ff9d59ca93dc150494e5b55a44134482993f5baeb97e61b7ecc89?s=96&d=mm&r=g","contentUrl":"https:\/\/secure.gravatar.com\/avatar\/42749d8b712ff9d59ca93dc150494e5b55a44134482993f5baeb97e61b7ecc89?s=96&d=mm&r=g","caption":"Roberto"},"url":"https:\/\/regiaonews.net.br\/2022\/author\/roberto\/"}]}},"publishpress_future_action":{"enabled":false,"date":"2026-05-04 10:05:38","action":"change-status","newStatus":"draft","terms":[],"taxonomy":"category","extraData":[]},"publishpress_future_workflow_manual_trigger":{"enabledWorkflows":[]},"_links":{"self":[{"href":"https:\/\/regiaonews.net.br\/2022\/wp-json\/wp\/v2\/posts\/99228","targetHints":{"allow":["GET"]}}],"collection":[{"href":"https:\/\/regiaonews.net.br\/2022\/wp-json\/wp\/v2\/posts"}],"about":[{"href":"https:\/\/regiaonews.net.br\/2022\/wp-json\/wp\/v2\/types\/post"}],"author":[{"embeddable":true,"href":"https:\/\/regiaonews.net.br\/2022\/wp-json\/wp\/v2\/users\/2"}],"replies":[{"embeddable":true,"href":"https:\/\/regiaonews.net.br\/2022\/wp-json\/wp\/v2\/comments?post=99228"}],"version-history":[{"count":1,"href":"https:\/\/regiaonews.net.br\/2022\/wp-json\/wp\/v2\/posts\/99228\/revisions"}],"predecessor-version":[{"id":99231,"href":"https:\/\/regiaonews.net.br\/2022\/wp-json\/wp\/v2\/posts\/99228\/revisions\/99231"}],"wp:featuredmedia":[{"embeddable":true,"href":"https:\/\/regiaonews.net.br\/2022\/wp-json\/wp\/v2\/media\/99229"}],"wp:attachment":[{"href":"https:\/\/regiaonews.net.br\/2022\/wp-json\/wp\/v2\/media?parent=99228"}],"wp:term":[{"taxonomy":"category","embeddable":true,"href":"https:\/\/regiaonews.net.br\/2022\/wp-json\/wp\/v2\/categories?post=99228"},{"taxonomy":"post_tag","embeddable":true,"href":"https:\/\/regiaonews.net.br\/2022\/wp-json\/wp\/v2\/tags?post=99228"}],"curies":[{"name":"wp","href":"https:\/\/api.w.org\/{rel}","templated":true}]}}