{"id":99219,"date":"2023-12-18T11:56:30","date_gmt":"2023-12-18T14:56:30","guid":{"rendered":"https:\/\/regiaonews.net.br\/2022\/?p=99219"},"modified":"2023-12-18T11:56:30","modified_gmt":"2023-12-18T14:56:30","slug":"cartorios-de-barretos-divulgam-os-nomes-mais-registrados-em-2023","status":"publish","type":"post","link":"https:\/\/regiaonews.net.br\/2022\/2023\/12\/18\/cartorios-de-barretos-divulgam-os-nomes-mais-registrados-em-2023\/","title":{"rendered":"Cart\u00f3rios de Barretos divulgam os Nomes mais registrados em 2023"},"content":{"rendered":"<h3 style=\"text-align: center;\">Desde o ano passado, qualquer pessoa maior de 18 anos pode alterar seu nome em Cart\u00f3rio, independentemente do motivo e sem a necessidade de procedimento judicial.<\/h3>\n<p>Nomes curtos, b\u00edblicos e originais, cada vez mais adotados pelos influenciadores da atualidade, \u00e9 a tend\u00eancia observada nos registros de nascimento de beb\u00eas no Brasil no ano de 2023. Em Barretos, Helena ultrapassou Miguel como o nome preferido, com 30 registros neste ano. O segundo lugar teve 22 registros. Nomes como Arthur, Ben\u00edcio Gael e Heitor entre os homens, e Cec\u00edlia, Mait\u00ea, J\u00falia e Maria Cec\u00edlia entre as mulheres, tem crescido e j\u00e1 figuram na lista dos 30 mais escolhidos pelos pais ao longo do ano em todo o estado. <strong><u>Veja a lista completa \u2013 atualizada em 12.12 &#8211; no final do texto<\/u><\/strong><\/p>\n<p><strong><u>\u00a0<\/u><\/strong><\/p>\n<p>Os dados completos catalogados pelos Cart\u00f3rios brasileiros integram o Portal da Transpar\u00eancia do Registro Civil (<a href=\"https:\/\/transparencia.registrocivil.org.br\/inicio)\">https:\/\/transparencia.registrocivil.org.br\/inicio)<\/a>, administrado pela Associa\u00e7\u00e3o Nacional dos Registradores de Pessoas Naturais (Arpen-Brasil), que re\u00fane a base de dados de nascimentos, casamentos e \u00f3bitos registrados pelas unidades presentes em todas as 5.570 cidades brasileiras. Na plataforma \u00e9 poss\u00edvel realizar buscas ano a ano em todo o territ\u00f3rio nacional, em regi\u00f5es, estados e munic\u00edpios, possibilitando ainda recortes por nomes simples e compostos.<\/p>\n<p><strong><u>\u00a0<\/u><\/strong><\/p>\n<p><strong>Este crescimento acontece em um momento em que uma nova Lei Federal \u2013 14.382\/22 permitiu a qualquer pessoa maior de 18 anos alterar seu nome em Cart\u00f3rio, independentemente do motivo e sem a necessidade de procedimento judicial, bastando se dirigir ao Cart\u00f3rio mais pr\u00f3ximo de sua resid\u00eancia. A nova legisla\u00e7\u00e3o tamb\u00e9m possibilitou que pais de beb\u00eas, em consenso, possam alterar o nome do rec\u00e9m-nascido em at\u00e9 15 dias ap\u00f3s o registro de nascimento, assim como ampliou o rol de possibilidades de altera\u00e7\u00e3o de sobrenomes.<\/strong><\/p>\n<p>Passado um ano da permiss\u00e3o, os Cart\u00f3rios de Registro Civil do Estado de S\u00e3o Paulo registraram um total de 2.639 mudan\u00e7as de nome sem a necessidade de processo judicial e independentemente de prazo, motiva\u00e7\u00e3o, g\u00eanero, ju\u00edzo de valor ou de conveni\u00eancia (salvo suspeita de v\u00edcio de vontade, fraude, falsidade, m\u00e1-f\u00e9 ou simula\u00e7\u00e3o).<\/p>\n<p>\u201cCom este novo movimento de desjudicializa\u00e7\u00e3o, muitos procedimentos simples, que antes necessitavam ir ao Poder Judici\u00e1rio, agora podem ser realizados diretamente em Cart\u00f3rios de Registro Civil, facilitando a vida do usu\u00e1rio e descongestionando a Justi\u00e7a\u201d, explica o vice-presidente da Arpen\/SP, Gustavo Renato Fiscarelli. \u201cO caso da altera\u00e7\u00e3o de nomes e sobrenomes \u00e9 emblem\u00e1tico, pois j\u00e1 \u00e9 poss\u00edvel ver que pessoas que antes n\u00e3o gostavam de seu nome ou sofriam algum tipo de constrangimento est\u00e3o se beneficiando claramente desta inova\u00e7\u00e3o\u201d, completa.<\/p>\n<p>Para realizar o ato diretamente em Cart\u00f3rio de Registro Civil \u00e9 necess\u00e1rio que o interessado, maior de 18 anos, compare\u00e7a a unidade com seus documentos pessoais (RG e CPF). O valor do ato \u00e9 o custo de um procedimento, tabelado por lei, e que varia de acordo com a unidade da federa\u00e7\u00e3o. Caso a pessoa queira voltar atr\u00e1s na mudan\u00e7a, dever\u00e1 entrar com uma a\u00e7\u00e3o em ju\u00edzo.<\/p>\n<p>Ap\u00f3s a altera\u00e7\u00e3o, o Cart\u00f3rio de Registro Civil comunicar\u00e1 a altera\u00e7\u00e3o a altera\u00e7\u00e3o aos \u00f3rg\u00e3os expedidores do documento de identidade, do CPF e do passaporte, bem como ao Tribunal Superior Eleitoral, preferencialmente por meio eletr\u00f4nico.<\/p>\n<p>A nova lei tamb\u00e9m trouxe novas regras que facilitaram as mudan\u00e7as de sobrenomes, abrindo-se a possibilidade de inclus\u00e3o de sobrenomes familiares a qualquer tempo, bastando a comprova\u00e7\u00e3o do v\u00ednculo, assim como a inclus\u00e3o ou exclus\u00e3o de sobrenome em raz\u00e3o do casamento ou do div\u00f3rcio. Da mesma forma, filhos podem acrescentar sobrenomes em virtude da altera\u00e7\u00e3o do sobrenome dos pais e, nos casos em que os pais de filhos menores constatam, em conjunto, que o registro original n\u00e3o reflete todas as linhagens familiares. Tamb\u00e9m passou a ser poss\u00edvel a altera\u00e7\u00e3o do sobrenome pode ser solicitada pela pessoa vi\u00fava, mediante a apresenta\u00e7\u00e3o da certid\u00e3o de \u00f3bito do c\u00f4njuge.<\/p>\n<p>&nbsp;<\/p>\n<p><strong>Sobre a Arpen\/SP<\/strong><\/p>\n<p>Fundada em fevereiro de 1994, a <strong>Associa\u00e7\u00e3o dos Registradores de Pessoas Naturais do Estado de S\u00e3o Paulo (Arpen-SP)<\/strong> representa os 836 cart\u00f3rios de registro civil, que atendem a popula\u00e7\u00e3o em todos os 645 munic\u00edpios do Estado, al\u00e9m de estarem presentes em outros 169 distritos e subdistritos, realizando os principais atos da vida civil de uma pessoa: o registro de nascimento, casamento e \u00f3bito.<\/p>\n<p><strong>Assessoria de Imprensa da Arpen\/SP<\/strong><br \/>\n<strong>Assessores de Comunica\u00e7\u00e3o:<\/strong> Alexandre Lacerda e Vinicius Maruca<br \/>\n<strong>Tel: <\/strong>(11) 99614-8254 \/ (11) 99715-9902<br \/>\n<strong>E-mail: <\/strong>\u00a0<a href=\"mailto:vinicius.maruca@infographya.com%0b\">vinicius.maruca@infographya.com<br \/>\n<\/a><strong>URL: <\/strong>www.arpensp.org.br<\/p>\n<p>&nbsp;<\/p>\n<p><strong><u>Ranking dos 10 Nomes mais registrados em 2023 em Barretos<\/u><\/strong><\/p>\n<p>1\u00ba HELENA &#8211; 30 registros<\/p>\n<p>2\u00ba MIGUEL &#8211; 22 registros<\/p>\n<p>3\u00ba CEC\u00cdLIA &#8211; 19 registros<\/p>\n<p>4\u00ba ARTHUR &#8211; 17 registros<\/p>\n<p>5\u00ba BEN\u00cdCIO &#8211; 17 registros<\/p>\n<p>6\u00ba GAEL &#8211; 14 registros<\/p>\n<p>7\u00ba HEITOR &#8211; 14 registros<\/p>\n<p>8\u00ba MAIT\u00ca &#8211; 14 registros<\/p>\n<p>9\u00ba SAMUEL &#8211; 13 registros<\/p>\n<p>10\u00ba RAVI &#8211; 13 registros<\/p>\n<p>&nbsp;<\/p>\n<p><strong><u>Ranking dos 10 Nomes masculinos mais registrados em 2023 em Barretos<br \/>\n<\/u><\/strong><\/p>\n<p>1\u00ba MIGUEL &#8211; 22 registros<\/p>\n<p>2\u00ba ARTHUR &#8211; 17 registros<\/p>\n<p>3\u00ba BEN\u00cdCIO &#8211; 17 registros<\/p>\n<p>4\u00ba GAEL &#8211; 14 registros<\/p>\n<p>5\u00ba HEITOR &#8211; 14 registros<\/p>\n<p>6\u00ba SAMUEL &#8211; 13 registros<\/p>\n<p>7\u00ba RAVI &#8211; 13 registros<\/p>\n<p>8\u00ba GABRIEL &#8211; 13 registros<\/p>\n<p>9\u00ba THEO &#8211; 12 registros<\/p>\n<p>10\u00ba BERNARDO &#8211; 11 registros<\/p>\n<p>&nbsp;<\/p>\n<p><strong><u>Ranking dos 10 Nomes femininos mais registrados em 2023 em Barretos<\/u><\/strong><\/p>\n<p>1\u00ba HELENA &#8211; 30 registros<\/p>\n<p>2\u00ba CEC\u00cdLIA &#8211; 19 registros<\/p>\n<p>3\u00ba MAIT\u00ca &#8211; 14 registros<\/p>\n<p>4\u00ba JULIA &#8211; 12 registros<\/p>\n<p>5\u00ba MARIA CEC\u00cdLIA &#8211; 12 registros<\/p>\n<p>6\u00ba ANTONELLA &#8211; 12 registros<\/p>\n<p>7\u00ba MARIA ALICE &#8211; 11 registros<\/p>\n<p>8\u00ba ALICE &#8211; 09 registros<\/p>\n<p>9\u00ba MARIA CLARA &#8211; 08 registros<\/p>\n<p>10\u00ba CLARA &#8211; 08 registros<\/p>\n","protected":false},"excerpt":{"rendered":"<p>Desde o ano passado, qualquer pessoa maior de 18 anos<\/p>\n","protected":false},"author":2,"featured_media":98932,"comment_status":"open","ping_status":"open","sticky":false,"template":"","format":"standard","meta":{"footnotes":""},"categories":[14,3],"tags":[],"class_list":["post-99219","post","type-post","status-publish","format-standard","has-post-thumbnail","hentry","category-barretos","category-geral"],"yoast_head":"<!-- This site is optimized with the Yoast SEO plugin v27.4 - https:\/\/yoast.com\/product\/yoast-seo-wordpress\/ -->\n<title>Cart\u00f3rios de Barretos divulgam os Nomes mais registrados em 2023 - Regi\u00e3o News<\/title>\n<meta name=\"robots\" content=\"index, follow, max-snippet:-1, max-image-preview:large, max-video-preview:-1\" \/>\n<link rel=\"canonical\" href=\"https:\/\/regiaonews.net.br\/2022\/2023\/12\/18\/cartorios-de-barretos-divulgam-os-nomes-mais-registrados-em-2023\/\" \/>\n<meta property=\"og:locale\" content=\"pt_BR\" \/>\n<meta property=\"og:type\" content=\"article\" \/>\n<meta property=\"og:title\" content=\"Cart\u00f3rios de Barretos divulgam os Nomes mais registrados em 2023 - Regi\u00e3o News\" \/>\n<meta property=\"og:description\" content=\"Desde o ano passado, qualquer pessoa maior de 18 anos\" \/>\n<meta property=\"og:url\" content=\"https:\/\/regiaonews.net.br\/2022\/2023\/12\/18\/cartorios-de-barretos-divulgam-os-nomes-mais-registrados-em-2023\/\" \/>\n<meta property=\"og:site_name\" content=\"Regi\u00e3o News\" \/>\n<meta property=\"article:published_time\" content=\"2023-12-18T14:56:30+00:00\" \/>\n<meta property=\"og:image\" content=\"https:\/\/regiaonews.net.br\/2022\/wp-content\/uploads\/2023\/12\/Cartorio-1.jpg\" \/>\n\t<meta property=\"og:image:width\" content=\"525\" \/>\n\t<meta property=\"og:image:height\" content=\"317\" \/>\n\t<meta property=\"og:image:type\" content=\"image\/jpeg\" \/>\n<meta name=\"author\" content=\"Roberto\" \/>\n<meta name=\"twitter:card\" content=\"summary_large_image\" \/>\n<meta name=\"twitter:label1\" content=\"Escrito por\" \/>\n\t<meta name=\"twitter:data1\" content=\"Roberto\" \/>\n\t<meta name=\"twitter:label2\" content=\"Est. tempo de leitura\" \/>\n\t<meta name=\"twitter:data2\" content=\"5 minutos\" \/>\n<script type=\"application\/ld+json\" class=\"yoast-schema-graph\">{\"@context\":\"https:\\\/\\\/schema.org\",\"@graph\":[{\"@type\":\"Article\",\"@id\":\"https:\\\/\\\/regiaonews.net.br\\\/2022\\\/2023\\\/12\\\/18\\\/cartorios-de-barretos-divulgam-os-nomes-mais-registrados-em-2023\\\/#article\",\"isPartOf\":{\"@id\":\"https:\\\/\\\/regiaonews.net.br\\\/2022\\\/2023\\\/12\\\/18\\\/cartorios-de-barretos-divulgam-os-nomes-mais-registrados-em-2023\\\/\"},\"author\":{\"name\":\"Roberto\",\"@id\":\"https:\\\/\\\/regiaonews.net.br\\\/2022\\\/#\\\/schema\\\/person\\\/2d205a608a5aa97ac279d7a5e6d89ad8\"},\"headline\":\"Cart\u00f3rios de Barretos divulgam os Nomes mais registrados em 2023\",\"datePublished\":\"2023-12-18T14:56:30+00:00\",\"mainEntityOfPage\":{\"@id\":\"https:\\\/\\\/regiaonews.net.br\\\/2022\\\/2023\\\/12\\\/18\\\/cartorios-de-barretos-divulgam-os-nomes-mais-registrados-em-2023\\\/\"},\"wordCount\":929,\"commentCount\":0,\"publisher\":{\"@id\":\"https:\\\/\\\/regiaonews.net.br\\\/2022\\\/#organization\"},\"image\":{\"@id\":\"https:\\\/\\\/regiaonews.net.br\\\/2022\\\/2023\\\/12\\\/18\\\/cartorios-de-barretos-divulgam-os-nomes-mais-registrados-em-2023\\\/#primaryimage\"},\"thumbnailUrl\":\"https:\\\/\\\/regiaonews.net.br\\\/2022\\\/wp-content\\\/uploads\\\/2023\\\/12\\\/Cartorio-1.jpg\",\"articleSection\":[\"Barretos\",\"Geral\"],\"inLanguage\":\"pt-BR\",\"potentialAction\":[{\"@type\":\"CommentAction\",\"name\":\"Comment\",\"target\":[\"https:\\\/\\\/regiaonews.net.br\\\/2022\\\/2023\\\/12\\\/18\\\/cartorios-de-barretos-divulgam-os-nomes-mais-registrados-em-2023\\\/#respond\"]}]},{\"@type\":\"WebPage\",\"@id\":\"https:\\\/\\\/regiaonews.net.br\\\/2022\\\/2023\\\/12\\\/18\\\/cartorios-de-barretos-divulgam-os-nomes-mais-registrados-em-2023\\\/\",\"url\":\"https:\\\/\\\/regiaonews.net.br\\\/2022\\\/2023\\\/12\\\/18\\\/cartorios-de-barretos-divulgam-os-nomes-mais-registrados-em-2023\\\/\",\"name\":\"Cart\u00f3rios de Barretos divulgam os Nomes mais registrados em 2023 - Regi\u00e3o News\",\"isPartOf\":{\"@id\":\"https:\\\/\\\/regiaonews.net.br\\\/2022\\\/#website\"},\"primaryImageOfPage\":{\"@id\":\"https:\\\/\\\/regiaonews.net.br\\\/2022\\\/2023\\\/12\\\/18\\\/cartorios-de-barretos-divulgam-os-nomes-mais-registrados-em-2023\\\/#primaryimage\"},\"image\":{\"@id\":\"https:\\\/\\\/regiaonews.net.br\\\/2022\\\/2023\\\/12\\\/18\\\/cartorios-de-barretos-divulgam-os-nomes-mais-registrados-em-2023\\\/#primaryimage\"},\"thumbnailUrl\":\"https:\\\/\\\/regiaonews.net.br\\\/2022\\\/wp-content\\\/uploads\\\/2023\\\/12\\\/Cartorio-1.jpg\",\"datePublished\":\"2023-12-18T14:56:30+00:00\",\"breadcrumb\":{\"@id\":\"https:\\\/\\\/regiaonews.net.br\\\/2022\\\/2023\\\/12\\\/18\\\/cartorios-de-barretos-divulgam-os-nomes-mais-registrados-em-2023\\\/#breadcrumb\"},\"inLanguage\":\"pt-BR\",\"potentialAction\":[{\"@type\":\"ReadAction\",\"target\":[\"https:\\\/\\\/regiaonews.net.br\\\/2022\\\/2023\\\/12\\\/18\\\/cartorios-de-barretos-divulgam-os-nomes-mais-registrados-em-2023\\\/\"]}]},{\"@type\":\"ImageObject\",\"inLanguage\":\"pt-BR\",\"@id\":\"https:\\\/\\\/regiaonews.net.br\\\/2022\\\/2023\\\/12\\\/18\\\/cartorios-de-barretos-divulgam-os-nomes-mais-registrados-em-2023\\\/#primaryimage\",\"url\":\"https:\\\/\\\/regiaonews.net.br\\\/2022\\\/wp-content\\\/uploads\\\/2023\\\/12\\\/Cartorio-1.jpg\",\"contentUrl\":\"https:\\\/\\\/regiaonews.net.br\\\/2022\\\/wp-content\\\/uploads\\\/2023\\\/12\\\/Cartorio-1.jpg\",\"width\":525,\"height\":317},{\"@type\":\"BreadcrumbList\",\"@id\":\"https:\\\/\\\/regiaonews.net.br\\\/2022\\\/2023\\\/12\\\/18\\\/cartorios-de-barretos-divulgam-os-nomes-mais-registrados-em-2023\\\/#breadcrumb\",\"itemListElement\":[{\"@type\":\"ListItem\",\"position\":1,\"name\":\"In\u00edcio\",\"item\":\"https:\\\/\\\/regiaonews.net.br\\\/2022\\\/\"},{\"@type\":\"ListItem\",\"position\":2,\"name\":\"Cart\u00f3rios de Barretos divulgam os Nomes mais registrados em 2023\"}]},{\"@type\":\"WebSite\",\"@id\":\"https:\\\/\\\/regiaonews.net.br\\\/2022\\\/#website\",\"url\":\"https:\\\/\\\/regiaonews.net.br\\\/2022\\\/\",\"name\":\"Regi\u00e3o News\",\"description\":\"Site de Not\u00edcias de Barretos e regi\u00e3o\",\"publisher\":{\"@id\":\"https:\\\/\\\/regiaonews.net.br\\\/2022\\\/#organization\"},\"potentialAction\":[{\"@type\":\"SearchAction\",\"target\":{\"@type\":\"EntryPoint\",\"urlTemplate\":\"https:\\\/\\\/regiaonews.net.br\\\/2022\\\/?s={search_term_string}\"},\"query-input\":{\"@type\":\"PropertyValueSpecification\",\"valueRequired\":true,\"valueName\":\"search_term_string\"}}],\"inLanguage\":\"pt-BR\"},{\"@type\":\"Organization\",\"@id\":\"https:\\\/\\\/regiaonews.net.br\\\/2022\\\/#organization\",\"name\":\"Regi\u00e3o News\",\"url\":\"https:\\\/\\\/regiaonews.net.br\\\/2022\\\/\",\"logo\":{\"@type\":\"ImageObject\",\"inLanguage\":\"pt-BR\",\"@id\":\"https:\\\/\\\/regiaonews.net.br\\\/2022\\\/#\\\/schema\\\/logo\\\/image\\\/\",\"url\":\"https:\\\/\\\/regiaonews.net.br\\\/2022\\\/wp-content\\\/uploads\\\/2026\\\/03\\\/regiao-13-anos-scaled.jpg\",\"contentUrl\":\"https:\\\/\\\/regiaonews.net.br\\\/2022\\\/wp-content\\\/uploads\\\/2026\\\/03\\\/regiao-13-anos-scaled.jpg\",\"width\":2560,\"height\":635,\"caption\":\"Regi\u00e3o News\"},\"image\":{\"@id\":\"https:\\\/\\\/regiaonews.net.br\\\/2022\\\/#\\\/schema\\\/logo\\\/image\\\/\"}},{\"@type\":\"Person\",\"@id\":\"https:\\\/\\\/regiaonews.net.br\\\/2022\\\/#\\\/schema\\\/person\\\/2d205a608a5aa97ac279d7a5e6d89ad8\",\"name\":\"Roberto\",\"image\":{\"@type\":\"ImageObject\",\"inLanguage\":\"pt-BR\",\"@id\":\"https:\\\/\\\/secure.gravatar.com\\\/avatar\\\/42749d8b712ff9d59ca93dc150494e5b55a44134482993f5baeb97e61b7ecc89?s=96&d=mm&r=g\",\"url\":\"https:\\\/\\\/secure.gravatar.com\\\/avatar\\\/42749d8b712ff9d59ca93dc150494e5b55a44134482993f5baeb97e61b7ecc89?s=96&d=mm&r=g\",\"contentUrl\":\"https:\\\/\\\/secure.gravatar.com\\\/avatar\\\/42749d8b712ff9d59ca93dc150494e5b55a44134482993f5baeb97e61b7ecc89?s=96&d=mm&r=g\",\"caption\":\"Roberto\"},\"url\":\"https:\\\/\\\/regiaonews.net.br\\\/2022\\\/author\\\/roberto\\\/\"}]}<\/script>\n<!-- \/ Yoast SEO plugin. -->","yoast_head_json":{"title":"Cart\u00f3rios de Barretos divulgam os Nomes mais registrados em 2023 - Regi\u00e3o News","robots":{"index":"index","follow":"follow","max-snippet":"max-snippet:-1","max-image-preview":"max-image-preview:large","max-video-preview":"max-video-preview:-1"},"canonical":"https:\/\/regiaonews.net.br\/2022\/2023\/12\/18\/cartorios-de-barretos-divulgam-os-nomes-mais-registrados-em-2023\/","og_locale":"pt_BR","og_type":"article","og_title":"Cart\u00f3rios de Barretos divulgam os Nomes mais registrados em 2023 - Regi\u00e3o News","og_description":"Desde o ano passado, qualquer pessoa maior de 18 anos","og_url":"https:\/\/regiaonews.net.br\/2022\/2023\/12\/18\/cartorios-de-barretos-divulgam-os-nomes-mais-registrados-em-2023\/","og_site_name":"Regi\u00e3o News","article_published_time":"2023-12-18T14:56:30+00:00","og_image":[{"width":525,"height":317,"url":"https:\/\/regiaonews.net.br\/2022\/wp-content\/uploads\/2023\/12\/Cartorio-1.jpg","type":"image\/jpeg"}],"author":"Roberto","twitter_card":"summary_large_image","twitter_misc":{"Escrito por":"Roberto","Est. tempo de leitura":"5 minutos"},"schema":{"@context":"https:\/\/schema.org","@graph":[{"@type":"Article","@id":"https:\/\/regiaonews.net.br\/2022\/2023\/12\/18\/cartorios-de-barretos-divulgam-os-nomes-mais-registrados-em-2023\/#article","isPartOf":{"@id":"https:\/\/regiaonews.net.br\/2022\/2023\/12\/18\/cartorios-de-barretos-divulgam-os-nomes-mais-registrados-em-2023\/"},"author":{"name":"Roberto","@id":"https:\/\/regiaonews.net.br\/2022\/#\/schema\/person\/2d205a608a5aa97ac279d7a5e6d89ad8"},"headline":"Cart\u00f3rios de Barretos divulgam os Nomes mais registrados em 2023","datePublished":"2023-12-18T14:56:30+00:00","mainEntityOfPage":{"@id":"https:\/\/regiaonews.net.br\/2022\/2023\/12\/18\/cartorios-de-barretos-divulgam-os-nomes-mais-registrados-em-2023\/"},"wordCount":929,"commentCount":0,"publisher":{"@id":"https:\/\/regiaonews.net.br\/2022\/#organization"},"image":{"@id":"https:\/\/regiaonews.net.br\/2022\/2023\/12\/18\/cartorios-de-barretos-divulgam-os-nomes-mais-registrados-em-2023\/#primaryimage"},"thumbnailUrl":"https:\/\/regiaonews.net.br\/2022\/wp-content\/uploads\/2023\/12\/Cartorio-1.jpg","articleSection":["Barretos","Geral"],"inLanguage":"pt-BR","potentialAction":[{"@type":"CommentAction","name":"Comment","target":["https:\/\/regiaonews.net.br\/2022\/2023\/12\/18\/cartorios-de-barretos-divulgam-os-nomes-mais-registrados-em-2023\/#respond"]}]},{"@type":"WebPage","@id":"https:\/\/regiaonews.net.br\/2022\/2023\/12\/18\/cartorios-de-barretos-divulgam-os-nomes-mais-registrados-em-2023\/","url":"https:\/\/regiaonews.net.br\/2022\/2023\/12\/18\/cartorios-de-barretos-divulgam-os-nomes-mais-registrados-em-2023\/","name":"Cart\u00f3rios de Barretos divulgam os Nomes mais registrados em 2023 - Regi\u00e3o News","isPartOf":{"@id":"https:\/\/regiaonews.net.br\/2022\/#website"},"primaryImageOfPage":{"@id":"https:\/\/regiaonews.net.br\/2022\/2023\/12\/18\/cartorios-de-barretos-divulgam-os-nomes-mais-registrados-em-2023\/#primaryimage"},"image":{"@id":"https:\/\/regiaonews.net.br\/2022\/2023\/12\/18\/cartorios-de-barretos-divulgam-os-nomes-mais-registrados-em-2023\/#primaryimage"},"thumbnailUrl":"https:\/\/regiaonews.net.br\/2022\/wp-content\/uploads\/2023\/12\/Cartorio-1.jpg","datePublished":"2023-12-18T14:56:30+00:00","breadcrumb":{"@id":"https:\/\/regiaonews.net.br\/2022\/2023\/12\/18\/cartorios-de-barretos-divulgam-os-nomes-mais-registrados-em-2023\/#breadcrumb"},"inLanguage":"pt-BR","potentialAction":[{"@type":"ReadAction","target":["https:\/\/regiaonews.net.br\/2022\/2023\/12\/18\/cartorios-de-barretos-divulgam-os-nomes-mais-registrados-em-2023\/"]}]},{"@type":"ImageObject","inLanguage":"pt-BR","@id":"https:\/\/regiaonews.net.br\/2022\/2023\/12\/18\/cartorios-de-barretos-divulgam-os-nomes-mais-registrados-em-2023\/#primaryimage","url":"https:\/\/regiaonews.net.br\/2022\/wp-content\/uploads\/2023\/12\/Cartorio-1.jpg","contentUrl":"https:\/\/regiaonews.net.br\/2022\/wp-content\/uploads\/2023\/12\/Cartorio-1.jpg","width":525,"height":317},{"@type":"BreadcrumbList","@id":"https:\/\/regiaonews.net.br\/2022\/2023\/12\/18\/cartorios-de-barretos-divulgam-os-nomes-mais-registrados-em-2023\/#breadcrumb","itemListElement":[{"@type":"ListItem","position":1,"name":"In\u00edcio","item":"https:\/\/regiaonews.net.br\/2022\/"},{"@type":"ListItem","position":2,"name":"Cart\u00f3rios de Barretos divulgam os Nomes mais registrados em 2023"}]},{"@type":"WebSite","@id":"https:\/\/regiaonews.net.br\/2022\/#website","url":"https:\/\/regiaonews.net.br\/2022\/","name":"Regi\u00e3o News","description":"Site de Not\u00edcias de Barretos e regi\u00e3o","publisher":{"@id":"https:\/\/regiaonews.net.br\/2022\/#organization"},"potentialAction":[{"@type":"SearchAction","target":{"@type":"EntryPoint","urlTemplate":"https:\/\/regiaonews.net.br\/2022\/?s={search_term_string}"},"query-input":{"@type":"PropertyValueSpecification","valueRequired":true,"valueName":"search_term_string"}}],"inLanguage":"pt-BR"},{"@type":"Organization","@id":"https:\/\/regiaonews.net.br\/2022\/#organization","name":"Regi\u00e3o News","url":"https:\/\/regiaonews.net.br\/2022\/","logo":{"@type":"ImageObject","inLanguage":"pt-BR","@id":"https:\/\/regiaonews.net.br\/2022\/#\/schema\/logo\/image\/","url":"https:\/\/regiaonews.net.br\/2022\/wp-content\/uploads\/2026\/03\/regiao-13-anos-scaled.jpg","contentUrl":"https:\/\/regiaonews.net.br\/2022\/wp-content\/uploads\/2026\/03\/regiao-13-anos-scaled.jpg","width":2560,"height":635,"caption":"Regi\u00e3o News"},"image":{"@id":"https:\/\/regiaonews.net.br\/2022\/#\/schema\/logo\/image\/"}},{"@type":"Person","@id":"https:\/\/regiaonews.net.br\/2022\/#\/schema\/person\/2d205a608a5aa97ac279d7a5e6d89ad8","name":"Roberto","image":{"@type":"ImageObject","inLanguage":"pt-BR","@id":"https:\/\/secure.gravatar.com\/avatar\/42749d8b712ff9d59ca93dc150494e5b55a44134482993f5baeb97e61b7ecc89?s=96&d=mm&r=g","url":"https:\/\/secure.gravatar.com\/avatar\/42749d8b712ff9d59ca93dc150494e5b55a44134482993f5baeb97e61b7ecc89?s=96&d=mm&r=g","contentUrl":"https:\/\/secure.gravatar.com\/avatar\/42749d8b712ff9d59ca93dc150494e5b55a44134482993f5baeb97e61b7ecc89?s=96&d=mm&r=g","caption":"Roberto"},"url":"https:\/\/regiaonews.net.br\/2022\/author\/roberto\/"}]}},"publishpress_future_action":{"enabled":false,"date":"2026-05-04 05:50:02","action":"change-status","newStatus":"draft","terms":[],"taxonomy":"category","extraData":[]},"publishpress_future_workflow_manual_trigger":{"enabledWorkflows":[]},"_links":{"self":[{"href":"https:\/\/regiaonews.net.br\/2022\/wp-json\/wp\/v2\/posts\/99219","targetHints":{"allow":["GET"]}}],"collection":[{"href":"https:\/\/regiaonews.net.br\/2022\/wp-json\/wp\/v2\/posts"}],"about":[{"href":"https:\/\/regiaonews.net.br\/2022\/wp-json\/wp\/v2\/types\/post"}],"author":[{"embeddable":true,"href":"https:\/\/regiaonews.net.br\/2022\/wp-json\/wp\/v2\/users\/2"}],"replies":[{"embeddable":true,"href":"https:\/\/regiaonews.net.br\/2022\/wp-json\/wp\/v2\/comments?post=99219"}],"version-history":[{"count":1,"href":"https:\/\/regiaonews.net.br\/2022\/wp-json\/wp\/v2\/posts\/99219\/revisions"}],"predecessor-version":[{"id":99220,"href":"https:\/\/regiaonews.net.br\/2022\/wp-json\/wp\/v2\/posts\/99219\/revisions\/99220"}],"wp:featuredmedia":[{"embeddable":true,"href":"https:\/\/regiaonews.net.br\/2022\/wp-json\/wp\/v2\/media\/98932"}],"wp:attachment":[{"href":"https:\/\/regiaonews.net.br\/2022\/wp-json\/wp\/v2\/media?parent=99219"}],"wp:term":[{"taxonomy":"category","embeddable":true,"href":"https:\/\/regiaonews.net.br\/2022\/wp-json\/wp\/v2\/categories?post=99219"},{"taxonomy":"post_tag","embeddable":true,"href":"https:\/\/regiaonews.net.br\/2022\/wp-json\/wp\/v2\/tags?post=99219"}],"curies":[{"name":"wp","href":"https:\/\/api.w.org\/{rel}","templated":true}]}}