{"id":99181,"date":"2023-12-15T19:38:08","date_gmt":"2023-12-15T22:38:08","guid":{"rendered":"https:\/\/regiaonews.net.br\/2022\/?p=99181"},"modified":"2023-12-15T19:38:08","modified_gmt":"2023-12-15T22:38:08","slug":"prefeitura-firma-convenio-com-o-governo-do-estado-para-reurbanizacao-da-avenida-engenheiro-necker-carvalho-de-camargos","status":"publish","type":"post","link":"https:\/\/regiaonews.net.br\/2022\/2023\/12\/15\/prefeitura-firma-convenio-com-o-governo-do-estado-para-reurbanizacao-da-avenida-engenheiro-necker-carvalho-de-camargos\/","title":{"rendered":"Prefeitura firma conv\u00eanio com o Governo do Estado para reurbaniza\u00e7\u00e3o da Avenida Engenheiro Necker Carvalho de Camargos"},"content":{"rendered":"<p>&nbsp;<\/p>\n<p>Documento foi assinado pela Prefeita Paula Lemos e pelo governador Tarc\u00edsio de Freitas na manh\u00e3 desta sexta-feira, dia 15, no Pal\u00e1cio dos Bandeirantes<\/p>\n<p>A Prefeitura da Est\u00e2ncia Tur\u00edstica de Barretos firmou junto \u00e0 Secretaria de Governo e Rela\u00e7\u00f5es Institucionais do Estado de S\u00e3o Paulo um conv\u00eanio de R$17.253.799,95 para a reurbaniza\u00e7\u00e3o da Avenida Engenheiro Necker Carvalho de Camargos. Deste montante, R$ 15 milh\u00f5es s\u00e3o de recursos do Estado e o restante de contrapartida municipal.<br \/>\nO documento foi assinado pela prefeita Paula Lemos e pelo governador Tarc\u00edsio de Freitas na manh\u00e3 desta sexta-feira, dia 15 de dezembro, no Pal\u00e1cio dos Bandeirantes.<br \/>\nA chefe do executivo fez quest\u00e3o de agradecer ao governador pelo apoio e destacou que o recurso garantir\u00e1 o cumprimento de decis\u00e3o judicial sobre a situa\u00e7\u00e3o da Avenida Engenheiro Necker Carvalho de Camargos, importante via de acesso \u00e0 cidade. \u201cA gente sabe da pessoa crist\u00e3 que \u00e9 o nosso governador, que reconhece a dificuldade dos munic\u00edpios. N\u00f3s t\u00ednhamos uma ordem judicial para ser cumprida no ano que vem e se n\u00e3o fosse esse conv\u00eanio a gente n\u00e3o conseguiria cumprir, ou seja, \u00e9 uma pessoa que acolhe a gente\u201d, disse.<br \/>\nTarc\u00edsio disse estar feliz em contribuir com a infraestrutura urbana do munic\u00edpio e desejou um bom final de ano \u00e0 popula\u00e7\u00e3o barretense. \u201cA gente fica feliz. \u00c9 um munic\u00edpio importante, \u00e9 um munic\u00edpio relevante para n\u00f3s, munic\u00edpio tur\u00edstico, munic\u00edpio pujante e que vai receber um recurso agora para a infraestrutura urbana, ent\u00e3o a gente fica feliz de poder contribuir. E eu quero desejar a toda popula\u00e7\u00e3o de Barretos, que \u00e9 essa pot\u00eancia do nosso Estado de S\u00e3o Paulo, um excelente Natal, um Natal em fam\u00edlia e um pr\u00f3spero ano novo. Que esse ano chegue trazendo sa\u00fade, que \u00e9 o mais importante, com muita realiza\u00e7\u00e3o, muita vit\u00f3ria, e eu tenho certeza, Paula, que n\u00f3s vamos ter muita entrega l\u00e1 em Barretos\u201d, disse.<br \/>\nO secret\u00e1rio municipal de Planejamento e Desenvolvimento, Carlos Henrique Gon\u00e7alves L\u00facio, explicou as melhorias que o recurso proporcionar\u00e1 ao local. \u201cA prefeitura est\u00e1 cumprindo o Termo de Ajustamento de Conduta (TAC) com o Minist\u00e9rio P\u00fablico referente \u00e0 retomada do espa\u00e7o atualmente ocupado pelos im\u00f3veis lindeiros. Esta reurbaniza\u00e7\u00e3o vai alterar o tra\u00e7ado vi\u00e1rio, que ser\u00e1 composto por seis faixas de rolagem, ciclovia, estacionamento, passeio p\u00fablico em ambos os lados da avenida, novo sistema de ilumina\u00e7\u00e3o, al\u00e9m de resolver um grande problema que \u00e9 a drenagem urbana no local\u201d, contou.<\/p>\n","protected":false},"excerpt":{"rendered":"<p>&nbsp; Documento foi assinado pela Prefeita Paula Lemos e pelo<\/p>\n","protected":false},"author":2,"featured_media":99183,"comment_status":"open","ping_status":"open","sticky":false,"template":"","format":"standard","meta":{"footnotes":""},"categories":[14,25],"tags":[],"class_list":["post-99181","post","type-post","status-publish","format-standard","has-post-thumbnail","hentry","category-barretos","category-cidades"],"yoast_head":"<!-- This site is optimized with the Yoast SEO plugin v27.4 - https:\/\/yoast.com\/product\/yoast-seo-wordpress\/ -->\n<title>Prefeitura firma conv\u00eanio com o Governo do Estado para reurbaniza\u00e7\u00e3o da Avenida Engenheiro Necker Carvalho de Camargos - Regi\u00e3o News<\/title>\n<meta name=\"robots\" content=\"index, follow, max-snippet:-1, max-image-preview:large, max-video-preview:-1\" \/>\n<link rel=\"canonical\" href=\"https:\/\/regiaonews.net.br\/2022\/2023\/12\/15\/prefeitura-firma-convenio-com-o-governo-do-estado-para-reurbanizacao-da-avenida-engenheiro-necker-carvalho-de-camargos\/\" \/>\n<meta property=\"og:locale\" content=\"pt_BR\" \/>\n<meta property=\"og:type\" content=\"article\" \/>\n<meta property=\"og:title\" content=\"Prefeitura firma conv\u00eanio com o Governo do Estado para reurbaniza\u00e7\u00e3o da Avenida Engenheiro Necker Carvalho de Camargos - Regi\u00e3o News\" \/>\n<meta property=\"og:description\" content=\"&nbsp; Documento foi assinado pela Prefeita Paula Lemos e pelo\" \/>\n<meta property=\"og:url\" content=\"https:\/\/regiaonews.net.br\/2022\/2023\/12\/15\/prefeitura-firma-convenio-com-o-governo-do-estado-para-reurbanizacao-da-avenida-engenheiro-necker-carvalho-de-camargos\/\" \/>\n<meta property=\"og:site_name\" content=\"Regi\u00e3o News\" \/>\n<meta property=\"article:published_time\" content=\"2023-12-15T22:38:08+00:00\" \/>\n<meta property=\"og:image\" content=\"https:\/\/regiaonews.net.br\/2022\/wp-content\/uploads\/2023\/12\/WhatsApp-Image-2023-12-15-at-18.23.28.jpeg\" \/>\n\t<meta property=\"og:image:width\" content=\"720\" \/>\n\t<meta property=\"og:image:height\" content=\"541\" \/>\n\t<meta property=\"og:image:type\" content=\"image\/jpeg\" \/>\n<meta name=\"author\" content=\"Roberto\" \/>\n<meta name=\"twitter:card\" content=\"summary_large_image\" \/>\n<meta name=\"twitter:label1\" content=\"Escrito por\" \/>\n\t<meta name=\"twitter:data1\" content=\"Roberto\" \/>\n\t<meta name=\"twitter:label2\" content=\"Est. tempo de leitura\" \/>\n\t<meta name=\"twitter:data2\" content=\"3 minutos\" \/>\n<script type=\"application\/ld+json\" class=\"yoast-schema-graph\">{\"@context\":\"https:\\\/\\\/schema.org\",\"@graph\":[{\"@type\":\"Article\",\"@id\":\"https:\\\/\\\/regiaonews.net.br\\\/2022\\\/2023\\\/12\\\/15\\\/prefeitura-firma-convenio-com-o-governo-do-estado-para-reurbanizacao-da-avenida-engenheiro-necker-carvalho-de-camargos\\\/#article\",\"isPartOf\":{\"@id\":\"https:\\\/\\\/regiaonews.net.br\\\/2022\\\/2023\\\/12\\\/15\\\/prefeitura-firma-convenio-com-o-governo-do-estado-para-reurbanizacao-da-avenida-engenheiro-necker-carvalho-de-camargos\\\/\"},\"author\":{\"name\":\"Roberto\",\"@id\":\"https:\\\/\\\/regiaonews.net.br\\\/2022\\\/#\\\/schema\\\/person\\\/2d205a608a5aa97ac279d7a5e6d89ad8\"},\"headline\":\"Prefeitura firma conv\u00eanio com o Governo do Estado para reurbaniza\u00e7\u00e3o da Avenida Engenheiro Necker Carvalho de Camargos\",\"datePublished\":\"2023-12-15T22:38:08+00:00\",\"mainEntityOfPage\":{\"@id\":\"https:\\\/\\\/regiaonews.net.br\\\/2022\\\/2023\\\/12\\\/15\\\/prefeitura-firma-convenio-com-o-governo-do-estado-para-reurbanizacao-da-avenida-engenheiro-necker-carvalho-de-camargos\\\/\"},\"wordCount\":457,\"commentCount\":0,\"publisher\":{\"@id\":\"https:\\\/\\\/regiaonews.net.br\\\/2022\\\/#organization\"},\"image\":{\"@id\":\"https:\\\/\\\/regiaonews.net.br\\\/2022\\\/2023\\\/12\\\/15\\\/prefeitura-firma-convenio-com-o-governo-do-estado-para-reurbanizacao-da-avenida-engenheiro-necker-carvalho-de-camargos\\\/#primaryimage\"},\"thumbnailUrl\":\"https:\\\/\\\/regiaonews.net.br\\\/2022\\\/wp-content\\\/uploads\\\/2023\\\/12\\\/WhatsApp-Image-2023-12-15-at-18.23.28.jpeg\",\"articleSection\":[\"Barretos\",\"Cidades\"],\"inLanguage\":\"pt-BR\",\"potentialAction\":[{\"@type\":\"CommentAction\",\"name\":\"Comment\",\"target\":[\"https:\\\/\\\/regiaonews.net.br\\\/2022\\\/2023\\\/12\\\/15\\\/prefeitura-firma-convenio-com-o-governo-do-estado-para-reurbanizacao-da-avenida-engenheiro-necker-carvalho-de-camargos\\\/#respond\"]}]},{\"@type\":\"WebPage\",\"@id\":\"https:\\\/\\\/regiaonews.net.br\\\/2022\\\/2023\\\/12\\\/15\\\/prefeitura-firma-convenio-com-o-governo-do-estado-para-reurbanizacao-da-avenida-engenheiro-necker-carvalho-de-camargos\\\/\",\"url\":\"https:\\\/\\\/regiaonews.net.br\\\/2022\\\/2023\\\/12\\\/15\\\/prefeitura-firma-convenio-com-o-governo-do-estado-para-reurbanizacao-da-avenida-engenheiro-necker-carvalho-de-camargos\\\/\",\"name\":\"Prefeitura firma conv\u00eanio com o Governo do Estado para reurbaniza\u00e7\u00e3o da Avenida Engenheiro Necker Carvalho de Camargos - Regi\u00e3o News\",\"isPartOf\":{\"@id\":\"https:\\\/\\\/regiaonews.net.br\\\/2022\\\/#website\"},\"primaryImageOfPage\":{\"@id\":\"https:\\\/\\\/regiaonews.net.br\\\/2022\\\/2023\\\/12\\\/15\\\/prefeitura-firma-convenio-com-o-governo-do-estado-para-reurbanizacao-da-avenida-engenheiro-necker-carvalho-de-camargos\\\/#primaryimage\"},\"image\":{\"@id\":\"https:\\\/\\\/regiaonews.net.br\\\/2022\\\/2023\\\/12\\\/15\\\/prefeitura-firma-convenio-com-o-governo-do-estado-para-reurbanizacao-da-avenida-engenheiro-necker-carvalho-de-camargos\\\/#primaryimage\"},\"thumbnailUrl\":\"https:\\\/\\\/regiaonews.net.br\\\/2022\\\/wp-content\\\/uploads\\\/2023\\\/12\\\/WhatsApp-Image-2023-12-15-at-18.23.28.jpeg\",\"datePublished\":\"2023-12-15T22:38:08+00:00\",\"breadcrumb\":{\"@id\":\"https:\\\/\\\/regiaonews.net.br\\\/2022\\\/2023\\\/12\\\/15\\\/prefeitura-firma-convenio-com-o-governo-do-estado-para-reurbanizacao-da-avenida-engenheiro-necker-carvalho-de-camargos\\\/#breadcrumb\"},\"inLanguage\":\"pt-BR\",\"potentialAction\":[{\"@type\":\"ReadAction\",\"target\":[\"https:\\\/\\\/regiaonews.net.br\\\/2022\\\/2023\\\/12\\\/15\\\/prefeitura-firma-convenio-com-o-governo-do-estado-para-reurbanizacao-da-avenida-engenheiro-necker-carvalho-de-camargos\\\/\"]}]},{\"@type\":\"ImageObject\",\"inLanguage\":\"pt-BR\",\"@id\":\"https:\\\/\\\/regiaonews.net.br\\\/2022\\\/2023\\\/12\\\/15\\\/prefeitura-firma-convenio-com-o-governo-do-estado-para-reurbanizacao-da-avenida-engenheiro-necker-carvalho-de-camargos\\\/#primaryimage\",\"url\":\"https:\\\/\\\/regiaonews.net.br\\\/2022\\\/wp-content\\\/uploads\\\/2023\\\/12\\\/WhatsApp-Image-2023-12-15-at-18.23.28.jpeg\",\"contentUrl\":\"https:\\\/\\\/regiaonews.net.br\\\/2022\\\/wp-content\\\/uploads\\\/2023\\\/12\\\/WhatsApp-Image-2023-12-15-at-18.23.28.jpeg\",\"width\":720,\"height\":541},{\"@type\":\"BreadcrumbList\",\"@id\":\"https:\\\/\\\/regiaonews.net.br\\\/2022\\\/2023\\\/12\\\/15\\\/prefeitura-firma-convenio-com-o-governo-do-estado-para-reurbanizacao-da-avenida-engenheiro-necker-carvalho-de-camargos\\\/#breadcrumb\",\"itemListElement\":[{\"@type\":\"ListItem\",\"position\":1,\"name\":\"In\u00edcio\",\"item\":\"https:\\\/\\\/regiaonews.net.br\\\/2022\\\/\"},{\"@type\":\"ListItem\",\"position\":2,\"name\":\"Prefeitura firma conv\u00eanio com o Governo do Estado para reurbaniza\u00e7\u00e3o da Avenida Engenheiro Necker Carvalho de Camargos\"}]},{\"@type\":\"WebSite\",\"@id\":\"https:\\\/\\\/regiaonews.net.br\\\/2022\\\/#website\",\"url\":\"https:\\\/\\\/regiaonews.net.br\\\/2022\\\/\",\"name\":\"Regi\u00e3o News\",\"description\":\"Site de Not\u00edcias de Barretos e regi\u00e3o\",\"publisher\":{\"@id\":\"https:\\\/\\\/regiaonews.net.br\\\/2022\\\/#organization\"},\"potentialAction\":[{\"@type\":\"SearchAction\",\"target\":{\"@type\":\"EntryPoint\",\"urlTemplate\":\"https:\\\/\\\/regiaonews.net.br\\\/2022\\\/?s={search_term_string}\"},\"query-input\":{\"@type\":\"PropertyValueSpecification\",\"valueRequired\":true,\"valueName\":\"search_term_string\"}}],\"inLanguage\":\"pt-BR\"},{\"@type\":\"Organization\",\"@id\":\"https:\\\/\\\/regiaonews.net.br\\\/2022\\\/#organization\",\"name\":\"Regi\u00e3o News\",\"url\":\"https:\\\/\\\/regiaonews.net.br\\\/2022\\\/\",\"logo\":{\"@type\":\"ImageObject\",\"inLanguage\":\"pt-BR\",\"@id\":\"https:\\\/\\\/regiaonews.net.br\\\/2022\\\/#\\\/schema\\\/logo\\\/image\\\/\",\"url\":\"https:\\\/\\\/regiaonews.net.br\\\/2022\\\/wp-content\\\/uploads\\\/2026\\\/03\\\/regiao-13-anos-scaled.jpg\",\"contentUrl\":\"https:\\\/\\\/regiaonews.net.br\\\/2022\\\/wp-content\\\/uploads\\\/2026\\\/03\\\/regiao-13-anos-scaled.jpg\",\"width\":2560,\"height\":635,\"caption\":\"Regi\u00e3o News\"},\"image\":{\"@id\":\"https:\\\/\\\/regiaonews.net.br\\\/2022\\\/#\\\/schema\\\/logo\\\/image\\\/\"}},{\"@type\":\"Person\",\"@id\":\"https:\\\/\\\/regiaonews.net.br\\\/2022\\\/#\\\/schema\\\/person\\\/2d205a608a5aa97ac279d7a5e6d89ad8\",\"name\":\"Roberto\",\"image\":{\"@type\":\"ImageObject\",\"inLanguage\":\"pt-BR\",\"@id\":\"https:\\\/\\\/secure.gravatar.com\\\/avatar\\\/42749d8b712ff9d59ca93dc150494e5b55a44134482993f5baeb97e61b7ecc89?s=96&d=mm&r=g\",\"url\":\"https:\\\/\\\/secure.gravatar.com\\\/avatar\\\/42749d8b712ff9d59ca93dc150494e5b55a44134482993f5baeb97e61b7ecc89?s=96&d=mm&r=g\",\"contentUrl\":\"https:\\\/\\\/secure.gravatar.com\\\/avatar\\\/42749d8b712ff9d59ca93dc150494e5b55a44134482993f5baeb97e61b7ecc89?s=96&d=mm&r=g\",\"caption\":\"Roberto\"},\"url\":\"https:\\\/\\\/regiaonews.net.br\\\/2022\\\/author\\\/roberto\\\/\"}]}<\/script>\n<!-- \/ Yoast SEO plugin. -->","yoast_head_json":{"title":"Prefeitura firma conv\u00eanio com o Governo do Estado para reurbaniza\u00e7\u00e3o da Avenida Engenheiro Necker Carvalho de Camargos - Regi\u00e3o News","robots":{"index":"index","follow":"follow","max-snippet":"max-snippet:-1","max-image-preview":"max-image-preview:large","max-video-preview":"max-video-preview:-1"},"canonical":"https:\/\/regiaonews.net.br\/2022\/2023\/12\/15\/prefeitura-firma-convenio-com-o-governo-do-estado-para-reurbanizacao-da-avenida-engenheiro-necker-carvalho-de-camargos\/","og_locale":"pt_BR","og_type":"article","og_title":"Prefeitura firma conv\u00eanio com o Governo do Estado para reurbaniza\u00e7\u00e3o da Avenida Engenheiro Necker Carvalho de Camargos - Regi\u00e3o News","og_description":"&nbsp; Documento foi assinado pela Prefeita Paula Lemos e pelo","og_url":"https:\/\/regiaonews.net.br\/2022\/2023\/12\/15\/prefeitura-firma-convenio-com-o-governo-do-estado-para-reurbanizacao-da-avenida-engenheiro-necker-carvalho-de-camargos\/","og_site_name":"Regi\u00e3o News","article_published_time":"2023-12-15T22:38:08+00:00","og_image":[{"width":720,"height":541,"url":"https:\/\/regiaonews.net.br\/2022\/wp-content\/uploads\/2023\/12\/WhatsApp-Image-2023-12-15-at-18.23.28.jpeg","type":"image\/jpeg"}],"author":"Roberto","twitter_card":"summary_large_image","twitter_misc":{"Escrito por":"Roberto","Est. tempo de leitura":"3 minutos"},"schema":{"@context":"https:\/\/schema.org","@graph":[{"@type":"Article","@id":"https:\/\/regiaonews.net.br\/2022\/2023\/12\/15\/prefeitura-firma-convenio-com-o-governo-do-estado-para-reurbanizacao-da-avenida-engenheiro-necker-carvalho-de-camargos\/#article","isPartOf":{"@id":"https:\/\/regiaonews.net.br\/2022\/2023\/12\/15\/prefeitura-firma-convenio-com-o-governo-do-estado-para-reurbanizacao-da-avenida-engenheiro-necker-carvalho-de-camargos\/"},"author":{"name":"Roberto","@id":"https:\/\/regiaonews.net.br\/2022\/#\/schema\/person\/2d205a608a5aa97ac279d7a5e6d89ad8"},"headline":"Prefeitura firma conv\u00eanio com o Governo do Estado para reurbaniza\u00e7\u00e3o da Avenida Engenheiro Necker Carvalho de Camargos","datePublished":"2023-12-15T22:38:08+00:00","mainEntityOfPage":{"@id":"https:\/\/regiaonews.net.br\/2022\/2023\/12\/15\/prefeitura-firma-convenio-com-o-governo-do-estado-para-reurbanizacao-da-avenida-engenheiro-necker-carvalho-de-camargos\/"},"wordCount":457,"commentCount":0,"publisher":{"@id":"https:\/\/regiaonews.net.br\/2022\/#organization"},"image":{"@id":"https:\/\/regiaonews.net.br\/2022\/2023\/12\/15\/prefeitura-firma-convenio-com-o-governo-do-estado-para-reurbanizacao-da-avenida-engenheiro-necker-carvalho-de-camargos\/#primaryimage"},"thumbnailUrl":"https:\/\/regiaonews.net.br\/2022\/wp-content\/uploads\/2023\/12\/WhatsApp-Image-2023-12-15-at-18.23.28.jpeg","articleSection":["Barretos","Cidades"],"inLanguage":"pt-BR","potentialAction":[{"@type":"CommentAction","name":"Comment","target":["https:\/\/regiaonews.net.br\/2022\/2023\/12\/15\/prefeitura-firma-convenio-com-o-governo-do-estado-para-reurbanizacao-da-avenida-engenheiro-necker-carvalho-de-camargos\/#respond"]}]},{"@type":"WebPage","@id":"https:\/\/regiaonews.net.br\/2022\/2023\/12\/15\/prefeitura-firma-convenio-com-o-governo-do-estado-para-reurbanizacao-da-avenida-engenheiro-necker-carvalho-de-camargos\/","url":"https:\/\/regiaonews.net.br\/2022\/2023\/12\/15\/prefeitura-firma-convenio-com-o-governo-do-estado-para-reurbanizacao-da-avenida-engenheiro-necker-carvalho-de-camargos\/","name":"Prefeitura firma conv\u00eanio com o Governo do Estado para reurbaniza\u00e7\u00e3o da Avenida Engenheiro Necker Carvalho de Camargos - Regi\u00e3o News","isPartOf":{"@id":"https:\/\/regiaonews.net.br\/2022\/#website"},"primaryImageOfPage":{"@id":"https:\/\/regiaonews.net.br\/2022\/2023\/12\/15\/prefeitura-firma-convenio-com-o-governo-do-estado-para-reurbanizacao-da-avenida-engenheiro-necker-carvalho-de-camargos\/#primaryimage"},"image":{"@id":"https:\/\/regiaonews.net.br\/2022\/2023\/12\/15\/prefeitura-firma-convenio-com-o-governo-do-estado-para-reurbanizacao-da-avenida-engenheiro-necker-carvalho-de-camargos\/#primaryimage"},"thumbnailUrl":"https:\/\/regiaonews.net.br\/2022\/wp-content\/uploads\/2023\/12\/WhatsApp-Image-2023-12-15-at-18.23.28.jpeg","datePublished":"2023-12-15T22:38:08+00:00","breadcrumb":{"@id":"https:\/\/regiaonews.net.br\/2022\/2023\/12\/15\/prefeitura-firma-convenio-com-o-governo-do-estado-para-reurbanizacao-da-avenida-engenheiro-necker-carvalho-de-camargos\/#breadcrumb"},"inLanguage":"pt-BR","potentialAction":[{"@type":"ReadAction","target":["https:\/\/regiaonews.net.br\/2022\/2023\/12\/15\/prefeitura-firma-convenio-com-o-governo-do-estado-para-reurbanizacao-da-avenida-engenheiro-necker-carvalho-de-camargos\/"]}]},{"@type":"ImageObject","inLanguage":"pt-BR","@id":"https:\/\/regiaonews.net.br\/2022\/2023\/12\/15\/prefeitura-firma-convenio-com-o-governo-do-estado-para-reurbanizacao-da-avenida-engenheiro-necker-carvalho-de-camargos\/#primaryimage","url":"https:\/\/regiaonews.net.br\/2022\/wp-content\/uploads\/2023\/12\/WhatsApp-Image-2023-12-15-at-18.23.28.jpeg","contentUrl":"https:\/\/regiaonews.net.br\/2022\/wp-content\/uploads\/2023\/12\/WhatsApp-Image-2023-12-15-at-18.23.28.jpeg","width":720,"height":541},{"@type":"BreadcrumbList","@id":"https:\/\/regiaonews.net.br\/2022\/2023\/12\/15\/prefeitura-firma-convenio-com-o-governo-do-estado-para-reurbanizacao-da-avenida-engenheiro-necker-carvalho-de-camargos\/#breadcrumb","itemListElement":[{"@type":"ListItem","position":1,"name":"In\u00edcio","item":"https:\/\/regiaonews.net.br\/2022\/"},{"@type":"ListItem","position":2,"name":"Prefeitura firma conv\u00eanio com o Governo do Estado para reurbaniza\u00e7\u00e3o da Avenida Engenheiro Necker Carvalho de Camargos"}]},{"@type":"WebSite","@id":"https:\/\/regiaonews.net.br\/2022\/#website","url":"https:\/\/regiaonews.net.br\/2022\/","name":"Regi\u00e3o News","description":"Site de Not\u00edcias de Barretos e regi\u00e3o","publisher":{"@id":"https:\/\/regiaonews.net.br\/2022\/#organization"},"potentialAction":[{"@type":"SearchAction","target":{"@type":"EntryPoint","urlTemplate":"https:\/\/regiaonews.net.br\/2022\/?s={search_term_string}"},"query-input":{"@type":"PropertyValueSpecification","valueRequired":true,"valueName":"search_term_string"}}],"inLanguage":"pt-BR"},{"@type":"Organization","@id":"https:\/\/regiaonews.net.br\/2022\/#organization","name":"Regi\u00e3o News","url":"https:\/\/regiaonews.net.br\/2022\/","logo":{"@type":"ImageObject","inLanguage":"pt-BR","@id":"https:\/\/regiaonews.net.br\/2022\/#\/schema\/logo\/image\/","url":"https:\/\/regiaonews.net.br\/2022\/wp-content\/uploads\/2026\/03\/regiao-13-anos-scaled.jpg","contentUrl":"https:\/\/regiaonews.net.br\/2022\/wp-content\/uploads\/2026\/03\/regiao-13-anos-scaled.jpg","width":2560,"height":635,"caption":"Regi\u00e3o News"},"image":{"@id":"https:\/\/regiaonews.net.br\/2022\/#\/schema\/logo\/image\/"}},{"@type":"Person","@id":"https:\/\/regiaonews.net.br\/2022\/#\/schema\/person\/2d205a608a5aa97ac279d7a5e6d89ad8","name":"Roberto","image":{"@type":"ImageObject","inLanguage":"pt-BR","@id":"https:\/\/secure.gravatar.com\/avatar\/42749d8b712ff9d59ca93dc150494e5b55a44134482993f5baeb97e61b7ecc89?s=96&d=mm&r=g","url":"https:\/\/secure.gravatar.com\/avatar\/42749d8b712ff9d59ca93dc150494e5b55a44134482993f5baeb97e61b7ecc89?s=96&d=mm&r=g","contentUrl":"https:\/\/secure.gravatar.com\/avatar\/42749d8b712ff9d59ca93dc150494e5b55a44134482993f5baeb97e61b7ecc89?s=96&d=mm&r=g","caption":"Roberto"},"url":"https:\/\/regiaonews.net.br\/2022\/author\/roberto\/"}]}},"publishpress_future_action":{"enabled":false,"date":"2026-05-04 07:25:10","action":"change-status","newStatus":"draft","terms":[],"taxonomy":"category","extraData":[]},"publishpress_future_workflow_manual_trigger":{"enabledWorkflows":[]},"_links":{"self":[{"href":"https:\/\/regiaonews.net.br\/2022\/wp-json\/wp\/v2\/posts\/99181","targetHints":{"allow":["GET"]}}],"collection":[{"href":"https:\/\/regiaonews.net.br\/2022\/wp-json\/wp\/v2\/posts"}],"about":[{"href":"https:\/\/regiaonews.net.br\/2022\/wp-json\/wp\/v2\/types\/post"}],"author":[{"embeddable":true,"href":"https:\/\/regiaonews.net.br\/2022\/wp-json\/wp\/v2\/users\/2"}],"replies":[{"embeddable":true,"href":"https:\/\/regiaonews.net.br\/2022\/wp-json\/wp\/v2\/comments?post=99181"}],"version-history":[{"count":1,"href":"https:\/\/regiaonews.net.br\/2022\/wp-json\/wp\/v2\/posts\/99181\/revisions"}],"predecessor-version":[{"id":99184,"href":"https:\/\/regiaonews.net.br\/2022\/wp-json\/wp\/v2\/posts\/99181\/revisions\/99184"}],"wp:featuredmedia":[{"embeddable":true,"href":"https:\/\/regiaonews.net.br\/2022\/wp-json\/wp\/v2\/media\/99183"}],"wp:attachment":[{"href":"https:\/\/regiaonews.net.br\/2022\/wp-json\/wp\/v2\/media?parent=99181"}],"wp:term":[{"taxonomy":"category","embeddable":true,"href":"https:\/\/regiaonews.net.br\/2022\/wp-json\/wp\/v2\/categories?post=99181"},{"taxonomy":"post_tag","embeddable":true,"href":"https:\/\/regiaonews.net.br\/2022\/wp-json\/wp\/v2\/tags?post=99181"}],"curies":[{"name":"wp","href":"https:\/\/api.w.org\/{rel}","templated":true}]}}