{"id":99165,"date":"2023-12-15T12:02:57","date_gmt":"2023-12-15T15:02:57","guid":{"rendered":"https:\/\/regiaonews.net.br\/2022\/?p=99165"},"modified":"2023-12-15T12:02:57","modified_gmt":"2023-12-15T15:02:57","slug":"selo-de-instituicao-ambientalmente-responsavel-e-novamente-conferido-ao-unifeb","status":"publish","type":"post","link":"https:\/\/regiaonews.net.br\/2022\/2023\/12\/15\/selo-de-instituicao-ambientalmente-responsavel-e-novamente-conferido-ao-unifeb\/","title":{"rendered":"Selo de Institui\u00e7\u00e3o Ambientalmente Respons\u00e1vel \u00e9 novamente conferido ao UNIFEB\u00a0"},"content":{"rendered":"<h3 style=\"text-align: center;\"><b>A certifica\u00e7\u00e3o \u00e9 promovida pela FACISB \u00e0s institui\u00e7\u00f5es que desenvolveram importantes a\u00e7\u00f5es ambientais.<\/b><\/h3>\n<p>O UNIFEB (Centro Universit\u00e1rio da Funda\u00e7\u00e3o Educacional de Barretos) foi reconhecido mais uma vez por meio da concess\u00e3o do Selo de Institui\u00e7\u00e3o Ambientalmente Respons\u00e1vel, indicado \u00e0s institui\u00e7\u00f5es que desenvolveram importantes a\u00e7\u00f5es ambientais. A certifica\u00e7\u00e3o \u00e9 promovida pela FACISB (Faculdade de Ci\u00eancias da Sa\u00fade de Barretos) Dr. Paulo Prata, por meio da Comiss\u00e3o de Sustentabilidade e Meio Ambiente.<\/p>\n<p>A entrega do Selo Natureza aconteceu no \u00faltimo dia 14 de dezembro, no campus da FACISB, com o UNIFEB sendo representado pela coordenadora de P\u00f3s-Gradua\u00e7\u00e3o, Pesquisa, Extens\u00e3o e Inova\u00e7\u00e3o, Profa. Dra. Nathalia Garlich, e tamb\u00e9m pelo Prof. Dr. Claudinei da Cruz, docente de Agronomia.<\/p>\n<p>De acordo com Nathalia, as a\u00e7\u00f5es que al\u00e7aram o Centro Universit\u00e1rio para mais essa indica\u00e7\u00e3o do Selo foram os projetos de coleta de pilhas velhas para destina\u00e7\u00e3o correta; coleta de material pl\u00e1stico para reciclagem organizado pelos alunos de Engenharia; Semana do Meio Ambiente, com palestras e distribui\u00e7\u00e3o de mudas de \u00e1rvores; al\u00e9m dos projetos de interven\u00e7\u00e3o urbana e sustentabilidade desenvolvidos pelos estudantes de Arquitetura e Urbanismo. \u201cTamb\u00e9m promovemos um projeto de restaura\u00e7\u00e3o ecol\u00f3gica do entorno da represa de Piracaia (SP), inclusive com a restaura\u00e7\u00e3o dos servi\u00e7os econ\u00f4micos, ambientais e ecossist\u00eamicos do local. Esse projeto foi desenvolvido pelos alunos dos cursos de Agronomia e Medicina Veterin\u00e1ria, por meio do LEEA (Laborat\u00f3rio de Ecotoxicologia e Efic\u00e1cia de Agrot\u00f3xicos) e LQA (Laborat\u00f3rio de Qu\u00edmica Ambiental), ambos espa\u00e7os de pesquisa do UNIFEB\u201d, destacou.<\/p>\n<p>O Reitor do UNIFEB, Prof. Dr. Angelo Davis, explica que a institui\u00e7\u00e3o tem adotado uma agenda ESG (Environmental, Social and Governance), com o objetivo de desenvolver melhores pr\u00e1ticas ambientais, sociais e de governan\u00e7a.\u00a0\u201cNesses \u00faltimos dois anos temos implementado diversas a\u00e7\u00f5es de sustentabilidade a fim de conscientizar nossos alunos, professores e colaboradores acerca da import\u00e2ncia de um olhar diferenciado para o meio-ambiente. Estamos vivenciando uma crise clim\u00e1tica, que continuar\u00e1 afetando as pr\u00f3ximas gera\u00e7\u00f5es caso n\u00e3o tenhamos a\u00e7\u00f5es pontuais e efetivas\u201d, enfatizou.<\/p>\n<p>A certifica\u00e7\u00e3o de Institui\u00e7\u00e3o Ambientalmente Respons\u00e1vel \u00e9 v\u00e1lida por um ano e poder\u00e1 ser utilizada at\u00e9 novembro de 2024, quando novos selos ser\u00e3o conferidos.<\/p>\n","protected":false},"excerpt":{"rendered":"<p>A certifica\u00e7\u00e3o \u00e9 promovida pela FACISB \u00e0s institui\u00e7\u00f5es que desenvolveram<\/p>\n","protected":false},"author":2,"featured_media":99166,"comment_status":"open","ping_status":"open","sticky":false,"template":"","format":"standard","meta":{"footnotes":""},"categories":[14,3],"tags":[],"class_list":["post-99165","post","type-post","status-publish","format-standard","has-post-thumbnail","hentry","category-barretos","category-geral"],"yoast_head":"<!-- This site is optimized with the Yoast SEO plugin v27.4 - https:\/\/yoast.com\/product\/yoast-seo-wordpress\/ -->\n<title>Selo de Institui\u00e7\u00e3o Ambientalmente Respons\u00e1vel \u00e9 novamente conferido ao UNIFEB\u00a0 - Regi\u00e3o News<\/title>\n<meta name=\"robots\" content=\"index, follow, max-snippet:-1, max-image-preview:large, max-video-preview:-1\" \/>\n<link rel=\"canonical\" href=\"https:\/\/regiaonews.net.br\/2022\/2023\/12\/15\/selo-de-instituicao-ambientalmente-responsavel-e-novamente-conferido-ao-unifeb\/\" \/>\n<meta property=\"og:locale\" content=\"pt_BR\" \/>\n<meta property=\"og:type\" content=\"article\" \/>\n<meta property=\"og:title\" content=\"Selo de Institui\u00e7\u00e3o Ambientalmente Respons\u00e1vel \u00e9 novamente conferido ao UNIFEB\u00a0 - Regi\u00e3o News\" \/>\n<meta property=\"og:description\" content=\"A certifica\u00e7\u00e3o \u00e9 promovida pela FACISB \u00e0s institui\u00e7\u00f5es que desenvolveram\" \/>\n<meta property=\"og:url\" content=\"https:\/\/regiaonews.net.br\/2022\/2023\/12\/15\/selo-de-instituicao-ambientalmente-responsavel-e-novamente-conferido-ao-unifeb\/\" \/>\n<meta property=\"og:site_name\" content=\"Regi\u00e3o News\" \/>\n<meta property=\"article:published_time\" content=\"2023-12-15T15:02:57+00:00\" \/>\n<meta property=\"og:image\" content=\"https:\/\/regiaonews.net.br\/2022\/wp-content\/uploads\/2023\/12\/Selo_02.jpeg\" \/>\n\t<meta property=\"og:image:width\" content=\"1024\" \/>\n\t<meta property=\"og:image:height\" content=\"768\" \/>\n\t<meta property=\"og:image:type\" content=\"image\/jpeg\" \/>\n<meta name=\"author\" content=\"Roberto\" \/>\n<meta name=\"twitter:card\" content=\"summary_large_image\" \/>\n<meta name=\"twitter:label1\" content=\"Escrito por\" \/>\n\t<meta name=\"twitter:data1\" content=\"Roberto\" \/>\n\t<meta name=\"twitter:label2\" content=\"Est. tempo de leitura\" \/>\n\t<meta name=\"twitter:data2\" content=\"2 minutos\" \/>\n<script type=\"application\/ld+json\" class=\"yoast-schema-graph\">{\"@context\":\"https:\\\/\\\/schema.org\",\"@graph\":[{\"@type\":\"Article\",\"@id\":\"https:\\\/\\\/regiaonews.net.br\\\/2022\\\/2023\\\/12\\\/15\\\/selo-de-instituicao-ambientalmente-responsavel-e-novamente-conferido-ao-unifeb\\\/#article\",\"isPartOf\":{\"@id\":\"https:\\\/\\\/regiaonews.net.br\\\/2022\\\/2023\\\/12\\\/15\\\/selo-de-instituicao-ambientalmente-responsavel-e-novamente-conferido-ao-unifeb\\\/\"},\"author\":{\"name\":\"Roberto\",\"@id\":\"https:\\\/\\\/regiaonews.net.br\\\/2022\\\/#\\\/schema\\\/person\\\/2d205a608a5aa97ac279d7a5e6d89ad8\"},\"headline\":\"Selo de Institui\u00e7\u00e3o Ambientalmente Respons\u00e1vel \u00e9 novamente conferido ao UNIFEB\u00a0\",\"datePublished\":\"2023-12-15T15:02:57+00:00\",\"mainEntityOfPage\":{\"@id\":\"https:\\\/\\\/regiaonews.net.br\\\/2022\\\/2023\\\/12\\\/15\\\/selo-de-instituicao-ambientalmente-responsavel-e-novamente-conferido-ao-unifeb\\\/\"},\"wordCount\":411,\"commentCount\":0,\"publisher\":{\"@id\":\"https:\\\/\\\/regiaonews.net.br\\\/2022\\\/#organization\"},\"image\":{\"@id\":\"https:\\\/\\\/regiaonews.net.br\\\/2022\\\/2023\\\/12\\\/15\\\/selo-de-instituicao-ambientalmente-responsavel-e-novamente-conferido-ao-unifeb\\\/#primaryimage\"},\"thumbnailUrl\":\"https:\\\/\\\/regiaonews.net.br\\\/2022\\\/wp-content\\\/uploads\\\/2023\\\/12\\\/Selo_02.jpeg\",\"articleSection\":[\"Barretos\",\"Geral\"],\"inLanguage\":\"pt-BR\",\"potentialAction\":[{\"@type\":\"CommentAction\",\"name\":\"Comment\",\"target\":[\"https:\\\/\\\/regiaonews.net.br\\\/2022\\\/2023\\\/12\\\/15\\\/selo-de-instituicao-ambientalmente-responsavel-e-novamente-conferido-ao-unifeb\\\/#respond\"]}]},{\"@type\":\"WebPage\",\"@id\":\"https:\\\/\\\/regiaonews.net.br\\\/2022\\\/2023\\\/12\\\/15\\\/selo-de-instituicao-ambientalmente-responsavel-e-novamente-conferido-ao-unifeb\\\/\",\"url\":\"https:\\\/\\\/regiaonews.net.br\\\/2022\\\/2023\\\/12\\\/15\\\/selo-de-instituicao-ambientalmente-responsavel-e-novamente-conferido-ao-unifeb\\\/\",\"name\":\"Selo de Institui\u00e7\u00e3o Ambientalmente Respons\u00e1vel \u00e9 novamente conferido ao UNIFEB\u00a0 - Regi\u00e3o News\",\"isPartOf\":{\"@id\":\"https:\\\/\\\/regiaonews.net.br\\\/2022\\\/#website\"},\"primaryImageOfPage\":{\"@id\":\"https:\\\/\\\/regiaonews.net.br\\\/2022\\\/2023\\\/12\\\/15\\\/selo-de-instituicao-ambientalmente-responsavel-e-novamente-conferido-ao-unifeb\\\/#primaryimage\"},\"image\":{\"@id\":\"https:\\\/\\\/regiaonews.net.br\\\/2022\\\/2023\\\/12\\\/15\\\/selo-de-instituicao-ambientalmente-responsavel-e-novamente-conferido-ao-unifeb\\\/#primaryimage\"},\"thumbnailUrl\":\"https:\\\/\\\/regiaonews.net.br\\\/2022\\\/wp-content\\\/uploads\\\/2023\\\/12\\\/Selo_02.jpeg\",\"datePublished\":\"2023-12-15T15:02:57+00:00\",\"breadcrumb\":{\"@id\":\"https:\\\/\\\/regiaonews.net.br\\\/2022\\\/2023\\\/12\\\/15\\\/selo-de-instituicao-ambientalmente-responsavel-e-novamente-conferido-ao-unifeb\\\/#breadcrumb\"},\"inLanguage\":\"pt-BR\",\"potentialAction\":[{\"@type\":\"ReadAction\",\"target\":[\"https:\\\/\\\/regiaonews.net.br\\\/2022\\\/2023\\\/12\\\/15\\\/selo-de-instituicao-ambientalmente-responsavel-e-novamente-conferido-ao-unifeb\\\/\"]}]},{\"@type\":\"ImageObject\",\"inLanguage\":\"pt-BR\",\"@id\":\"https:\\\/\\\/regiaonews.net.br\\\/2022\\\/2023\\\/12\\\/15\\\/selo-de-instituicao-ambientalmente-responsavel-e-novamente-conferido-ao-unifeb\\\/#primaryimage\",\"url\":\"https:\\\/\\\/regiaonews.net.br\\\/2022\\\/wp-content\\\/uploads\\\/2023\\\/12\\\/Selo_02.jpeg\",\"contentUrl\":\"https:\\\/\\\/regiaonews.net.br\\\/2022\\\/wp-content\\\/uploads\\\/2023\\\/12\\\/Selo_02.jpeg\",\"width\":1024,\"height\":768},{\"@type\":\"BreadcrumbList\",\"@id\":\"https:\\\/\\\/regiaonews.net.br\\\/2022\\\/2023\\\/12\\\/15\\\/selo-de-instituicao-ambientalmente-responsavel-e-novamente-conferido-ao-unifeb\\\/#breadcrumb\",\"itemListElement\":[{\"@type\":\"ListItem\",\"position\":1,\"name\":\"In\u00edcio\",\"item\":\"https:\\\/\\\/regiaonews.net.br\\\/2022\\\/\"},{\"@type\":\"ListItem\",\"position\":2,\"name\":\"Selo de Institui\u00e7\u00e3o Ambientalmente Respons\u00e1vel \u00e9 novamente conferido ao UNIFEB\u00a0\"}]},{\"@type\":\"WebSite\",\"@id\":\"https:\\\/\\\/regiaonews.net.br\\\/2022\\\/#website\",\"url\":\"https:\\\/\\\/regiaonews.net.br\\\/2022\\\/\",\"name\":\"Regi\u00e3o News\",\"description\":\"Site de Not\u00edcias de Barretos e regi\u00e3o\",\"publisher\":{\"@id\":\"https:\\\/\\\/regiaonews.net.br\\\/2022\\\/#organization\"},\"potentialAction\":[{\"@type\":\"SearchAction\",\"target\":{\"@type\":\"EntryPoint\",\"urlTemplate\":\"https:\\\/\\\/regiaonews.net.br\\\/2022\\\/?s={search_term_string}\"},\"query-input\":{\"@type\":\"PropertyValueSpecification\",\"valueRequired\":true,\"valueName\":\"search_term_string\"}}],\"inLanguage\":\"pt-BR\"},{\"@type\":\"Organization\",\"@id\":\"https:\\\/\\\/regiaonews.net.br\\\/2022\\\/#organization\",\"name\":\"Regi\u00e3o News\",\"url\":\"https:\\\/\\\/regiaonews.net.br\\\/2022\\\/\",\"logo\":{\"@type\":\"ImageObject\",\"inLanguage\":\"pt-BR\",\"@id\":\"https:\\\/\\\/regiaonews.net.br\\\/2022\\\/#\\\/schema\\\/logo\\\/image\\\/\",\"url\":\"https:\\\/\\\/regiaonews.net.br\\\/2022\\\/wp-content\\\/uploads\\\/2026\\\/03\\\/regiao-13-anos-scaled.jpg\",\"contentUrl\":\"https:\\\/\\\/regiaonews.net.br\\\/2022\\\/wp-content\\\/uploads\\\/2026\\\/03\\\/regiao-13-anos-scaled.jpg\",\"width\":2560,\"height\":635,\"caption\":\"Regi\u00e3o News\"},\"image\":{\"@id\":\"https:\\\/\\\/regiaonews.net.br\\\/2022\\\/#\\\/schema\\\/logo\\\/image\\\/\"}},{\"@type\":\"Person\",\"@id\":\"https:\\\/\\\/regiaonews.net.br\\\/2022\\\/#\\\/schema\\\/person\\\/2d205a608a5aa97ac279d7a5e6d89ad8\",\"name\":\"Roberto\",\"image\":{\"@type\":\"ImageObject\",\"inLanguage\":\"pt-BR\",\"@id\":\"https:\\\/\\\/secure.gravatar.com\\\/avatar\\\/42749d8b712ff9d59ca93dc150494e5b55a44134482993f5baeb97e61b7ecc89?s=96&d=mm&r=g\",\"url\":\"https:\\\/\\\/secure.gravatar.com\\\/avatar\\\/42749d8b712ff9d59ca93dc150494e5b55a44134482993f5baeb97e61b7ecc89?s=96&d=mm&r=g\",\"contentUrl\":\"https:\\\/\\\/secure.gravatar.com\\\/avatar\\\/42749d8b712ff9d59ca93dc150494e5b55a44134482993f5baeb97e61b7ecc89?s=96&d=mm&r=g\",\"caption\":\"Roberto\"},\"url\":\"https:\\\/\\\/regiaonews.net.br\\\/2022\\\/author\\\/roberto\\\/\"}]}<\/script>\n<!-- \/ Yoast SEO plugin. -->","yoast_head_json":{"title":"Selo de Institui\u00e7\u00e3o Ambientalmente Respons\u00e1vel \u00e9 novamente conferido ao UNIFEB\u00a0 - Regi\u00e3o News","robots":{"index":"index","follow":"follow","max-snippet":"max-snippet:-1","max-image-preview":"max-image-preview:large","max-video-preview":"max-video-preview:-1"},"canonical":"https:\/\/regiaonews.net.br\/2022\/2023\/12\/15\/selo-de-instituicao-ambientalmente-responsavel-e-novamente-conferido-ao-unifeb\/","og_locale":"pt_BR","og_type":"article","og_title":"Selo de Institui\u00e7\u00e3o Ambientalmente Respons\u00e1vel \u00e9 novamente conferido ao UNIFEB\u00a0 - Regi\u00e3o News","og_description":"A certifica\u00e7\u00e3o \u00e9 promovida pela FACISB \u00e0s institui\u00e7\u00f5es que desenvolveram","og_url":"https:\/\/regiaonews.net.br\/2022\/2023\/12\/15\/selo-de-instituicao-ambientalmente-responsavel-e-novamente-conferido-ao-unifeb\/","og_site_name":"Regi\u00e3o News","article_published_time":"2023-12-15T15:02:57+00:00","og_image":[{"width":1024,"height":768,"url":"https:\/\/regiaonews.net.br\/2022\/wp-content\/uploads\/2023\/12\/Selo_02.jpeg","type":"image\/jpeg"}],"author":"Roberto","twitter_card":"summary_large_image","twitter_misc":{"Escrito por":"Roberto","Est. tempo de leitura":"2 minutos"},"schema":{"@context":"https:\/\/schema.org","@graph":[{"@type":"Article","@id":"https:\/\/regiaonews.net.br\/2022\/2023\/12\/15\/selo-de-instituicao-ambientalmente-responsavel-e-novamente-conferido-ao-unifeb\/#article","isPartOf":{"@id":"https:\/\/regiaonews.net.br\/2022\/2023\/12\/15\/selo-de-instituicao-ambientalmente-responsavel-e-novamente-conferido-ao-unifeb\/"},"author":{"name":"Roberto","@id":"https:\/\/regiaonews.net.br\/2022\/#\/schema\/person\/2d205a608a5aa97ac279d7a5e6d89ad8"},"headline":"Selo de Institui\u00e7\u00e3o Ambientalmente Respons\u00e1vel \u00e9 novamente conferido ao UNIFEB\u00a0","datePublished":"2023-12-15T15:02:57+00:00","mainEntityOfPage":{"@id":"https:\/\/regiaonews.net.br\/2022\/2023\/12\/15\/selo-de-instituicao-ambientalmente-responsavel-e-novamente-conferido-ao-unifeb\/"},"wordCount":411,"commentCount":0,"publisher":{"@id":"https:\/\/regiaonews.net.br\/2022\/#organization"},"image":{"@id":"https:\/\/regiaonews.net.br\/2022\/2023\/12\/15\/selo-de-instituicao-ambientalmente-responsavel-e-novamente-conferido-ao-unifeb\/#primaryimage"},"thumbnailUrl":"https:\/\/regiaonews.net.br\/2022\/wp-content\/uploads\/2023\/12\/Selo_02.jpeg","articleSection":["Barretos","Geral"],"inLanguage":"pt-BR","potentialAction":[{"@type":"CommentAction","name":"Comment","target":["https:\/\/regiaonews.net.br\/2022\/2023\/12\/15\/selo-de-instituicao-ambientalmente-responsavel-e-novamente-conferido-ao-unifeb\/#respond"]}]},{"@type":"WebPage","@id":"https:\/\/regiaonews.net.br\/2022\/2023\/12\/15\/selo-de-instituicao-ambientalmente-responsavel-e-novamente-conferido-ao-unifeb\/","url":"https:\/\/regiaonews.net.br\/2022\/2023\/12\/15\/selo-de-instituicao-ambientalmente-responsavel-e-novamente-conferido-ao-unifeb\/","name":"Selo de Institui\u00e7\u00e3o Ambientalmente Respons\u00e1vel \u00e9 novamente conferido ao UNIFEB\u00a0 - Regi\u00e3o News","isPartOf":{"@id":"https:\/\/regiaonews.net.br\/2022\/#website"},"primaryImageOfPage":{"@id":"https:\/\/regiaonews.net.br\/2022\/2023\/12\/15\/selo-de-instituicao-ambientalmente-responsavel-e-novamente-conferido-ao-unifeb\/#primaryimage"},"image":{"@id":"https:\/\/regiaonews.net.br\/2022\/2023\/12\/15\/selo-de-instituicao-ambientalmente-responsavel-e-novamente-conferido-ao-unifeb\/#primaryimage"},"thumbnailUrl":"https:\/\/regiaonews.net.br\/2022\/wp-content\/uploads\/2023\/12\/Selo_02.jpeg","datePublished":"2023-12-15T15:02:57+00:00","breadcrumb":{"@id":"https:\/\/regiaonews.net.br\/2022\/2023\/12\/15\/selo-de-instituicao-ambientalmente-responsavel-e-novamente-conferido-ao-unifeb\/#breadcrumb"},"inLanguage":"pt-BR","potentialAction":[{"@type":"ReadAction","target":["https:\/\/regiaonews.net.br\/2022\/2023\/12\/15\/selo-de-instituicao-ambientalmente-responsavel-e-novamente-conferido-ao-unifeb\/"]}]},{"@type":"ImageObject","inLanguage":"pt-BR","@id":"https:\/\/regiaonews.net.br\/2022\/2023\/12\/15\/selo-de-instituicao-ambientalmente-responsavel-e-novamente-conferido-ao-unifeb\/#primaryimage","url":"https:\/\/regiaonews.net.br\/2022\/wp-content\/uploads\/2023\/12\/Selo_02.jpeg","contentUrl":"https:\/\/regiaonews.net.br\/2022\/wp-content\/uploads\/2023\/12\/Selo_02.jpeg","width":1024,"height":768},{"@type":"BreadcrumbList","@id":"https:\/\/regiaonews.net.br\/2022\/2023\/12\/15\/selo-de-instituicao-ambientalmente-responsavel-e-novamente-conferido-ao-unifeb\/#breadcrumb","itemListElement":[{"@type":"ListItem","position":1,"name":"In\u00edcio","item":"https:\/\/regiaonews.net.br\/2022\/"},{"@type":"ListItem","position":2,"name":"Selo de Institui\u00e7\u00e3o Ambientalmente Respons\u00e1vel \u00e9 novamente conferido ao UNIFEB\u00a0"}]},{"@type":"WebSite","@id":"https:\/\/regiaonews.net.br\/2022\/#website","url":"https:\/\/regiaonews.net.br\/2022\/","name":"Regi\u00e3o News","description":"Site de Not\u00edcias de Barretos e regi\u00e3o","publisher":{"@id":"https:\/\/regiaonews.net.br\/2022\/#organization"},"potentialAction":[{"@type":"SearchAction","target":{"@type":"EntryPoint","urlTemplate":"https:\/\/regiaonews.net.br\/2022\/?s={search_term_string}"},"query-input":{"@type":"PropertyValueSpecification","valueRequired":true,"valueName":"search_term_string"}}],"inLanguage":"pt-BR"},{"@type":"Organization","@id":"https:\/\/regiaonews.net.br\/2022\/#organization","name":"Regi\u00e3o News","url":"https:\/\/regiaonews.net.br\/2022\/","logo":{"@type":"ImageObject","inLanguage":"pt-BR","@id":"https:\/\/regiaonews.net.br\/2022\/#\/schema\/logo\/image\/","url":"https:\/\/regiaonews.net.br\/2022\/wp-content\/uploads\/2026\/03\/regiao-13-anos-scaled.jpg","contentUrl":"https:\/\/regiaonews.net.br\/2022\/wp-content\/uploads\/2026\/03\/regiao-13-anos-scaled.jpg","width":2560,"height":635,"caption":"Regi\u00e3o News"},"image":{"@id":"https:\/\/regiaonews.net.br\/2022\/#\/schema\/logo\/image\/"}},{"@type":"Person","@id":"https:\/\/regiaonews.net.br\/2022\/#\/schema\/person\/2d205a608a5aa97ac279d7a5e6d89ad8","name":"Roberto","image":{"@type":"ImageObject","inLanguage":"pt-BR","@id":"https:\/\/secure.gravatar.com\/avatar\/42749d8b712ff9d59ca93dc150494e5b55a44134482993f5baeb97e61b7ecc89?s=96&d=mm&r=g","url":"https:\/\/secure.gravatar.com\/avatar\/42749d8b712ff9d59ca93dc150494e5b55a44134482993f5baeb97e61b7ecc89?s=96&d=mm&r=g","contentUrl":"https:\/\/secure.gravatar.com\/avatar\/42749d8b712ff9d59ca93dc150494e5b55a44134482993f5baeb97e61b7ecc89?s=96&d=mm&r=g","caption":"Roberto"},"url":"https:\/\/regiaonews.net.br\/2022\/author\/roberto\/"}]}},"publishpress_future_action":{"enabled":false,"date":"2026-05-04 05:50:02","action":"change-status","newStatus":"draft","terms":[],"taxonomy":"category","extraData":[]},"publishpress_future_workflow_manual_trigger":{"enabledWorkflows":[]},"_links":{"self":[{"href":"https:\/\/regiaonews.net.br\/2022\/wp-json\/wp\/v2\/posts\/99165","targetHints":{"allow":["GET"]}}],"collection":[{"href":"https:\/\/regiaonews.net.br\/2022\/wp-json\/wp\/v2\/posts"}],"about":[{"href":"https:\/\/regiaonews.net.br\/2022\/wp-json\/wp\/v2\/types\/post"}],"author":[{"embeddable":true,"href":"https:\/\/regiaonews.net.br\/2022\/wp-json\/wp\/v2\/users\/2"}],"replies":[{"embeddable":true,"href":"https:\/\/regiaonews.net.br\/2022\/wp-json\/wp\/v2\/comments?post=99165"}],"version-history":[{"count":1,"href":"https:\/\/regiaonews.net.br\/2022\/wp-json\/wp\/v2\/posts\/99165\/revisions"}],"predecessor-version":[{"id":99167,"href":"https:\/\/regiaonews.net.br\/2022\/wp-json\/wp\/v2\/posts\/99165\/revisions\/99167"}],"wp:featuredmedia":[{"embeddable":true,"href":"https:\/\/regiaonews.net.br\/2022\/wp-json\/wp\/v2\/media\/99166"}],"wp:attachment":[{"href":"https:\/\/regiaonews.net.br\/2022\/wp-json\/wp\/v2\/media?parent=99165"}],"wp:term":[{"taxonomy":"category","embeddable":true,"href":"https:\/\/regiaonews.net.br\/2022\/wp-json\/wp\/v2\/categories?post=99165"},{"taxonomy":"post_tag","embeddable":true,"href":"https:\/\/regiaonews.net.br\/2022\/wp-json\/wp\/v2\/tags?post=99165"}],"curies":[{"name":"wp","href":"https:\/\/api.w.org\/{rel}","templated":true}]}}