{"id":99152,"date":"2023-12-15T08:29:16","date_gmt":"2023-12-15T11:29:16","guid":{"rendered":"https:\/\/regiaonews.net.br\/2022\/?p=99152"},"modified":"2023-12-15T08:29:16","modified_gmt":"2023-12-15T11:29:16","slug":"piscinas-de-ondas-do-rio-das-pedras-acqua-park-entram-em-funcionamento-nesta-sexta-feira","status":"publish","type":"post","link":"https:\/\/regiaonews.net.br\/2022\/2023\/12\/15\/piscinas-de-ondas-do-rio-das-pedras-acqua-park-entram-em-funcionamento-nesta-sexta-feira\/","title":{"rendered":"Piscinas de ondas do Rio das Pedras \u00c1cqua Park entram em funcionamento nesta sexta-feira"},"content":{"rendered":"<h3 style=\"text-align: center;\">Cervejaria Imp\u00e9rio oferece estrutura de uma choperia sobre rodas para os associados tamb\u00e9m neste final de semana.<\/h3>\n<p>Durante este final de semana, j\u00e1 a partir da sexta, dia 15, os s\u00f3cios do Rio das Pedras Country Club poder\u00e3o utilizar, gratuitamente, as duas piscinas de ondas do parque aqu\u00e1tico que foi montado dentro da sede de campo do clube. S\u00e3o piscinas com um sistema mec\u00e2nico, movido por eletricidade, que simulam artificialmente as ondas como as do mar. A grande novidade no Rio das Pedras \u00c1cqua Park \u00e9 a piscina de ondas infantil, um equipamento projetado e realizado especialmente para seguran\u00e7a e divers\u00e3o dos pequenos, com propor\u00e7\u00f5es adequadas para a melhor experi\u00eancia \u00e0s crian\u00e7as.<\/p>\n<p>Para celebrar o momento hist\u00f3ria do clube, com abertura das piscinas do parque aqu\u00e1tico, o Rio das Pedras realizou uma parceria com a Cervejaria Imp\u00e9rio e vai oferecer neste final de semana, de sexta a domingo, um espa\u00e7o in\u00e9dito na sede de campo. Uma choperia m\u00f3vel, sobre uma carreta especialmente projetada para receber as chopeiras. A choperia chega com promo\u00e7\u00e3o de chope em dobro, a cada chope pago, o s\u00f3cio ganha mais um de presente. Uma oportunidade para comemorar a evolu\u00e7\u00e3o do Riodas.<\/p>\n<p>&nbsp;<\/p>\n<p>O Rio das Pedras<\/p>\n<p>Consolidado como um dos melhores clubes sociais do interior paulista, o Rio das Pedras Country Club est\u00e1 prestes a completar 61 anos de uma hist\u00f3ria de sucesso, apresentando atualmente mais de cinco mil t\u00edtulos e mais de 25 mil dependentes.<\/p>\n<p>O clube j\u00e1 oferece na sede de campo um complexo de lazer com praia artificial no entorno do lago, Conjunto Aqu\u00e1tico \u201cH\u00e9lio Ribeiro\u201d, Conjunto Aqu\u00e1tico \u201cAnt\u00f4nio Ol\u00edmpio de Souza Santos\u201d e Conjunto Aqu\u00e1tico Infantil, totalizando 10 piscinas de tamanhos variados, v\u00e1rios escorregadores pequenos aqu\u00e1ticos e um tobo\u00e1gua. Al\u00e9m de quadras poliesportivas, quadras de areia, campos de futebol, playgrounds, mata nativa, estrutura de bares, restaurantes e lanchonete, minimercado, sauna, sal\u00e3o de jogos, sal\u00e3o de festa para eventos, arboriza\u00e7\u00e3o e ruas pavimentadas. Sem falar no sistema de hospedagem com casas de alvenaria, chal\u00e9s de madeira e camping com sistema de pontos de energia e \u00e1gua, somados aos quiosques com churrasqueiras e caixas t\u00e9rmicas para o lazer dos s\u00f3cios.<\/p>\n<p>Na sede central, que fica no centro da cidade de Barretos, h\u00e1 uma academia completa com os mais diversos equipamentos para o condicionamento f\u00edsico, professores especialistas e op\u00e7\u00f5es de aulas de muscula\u00e7\u00e3o, pilates, step, funcional, bike spinning, ballet, capoeira, jiu-jitsu, fit dance e dan\u00e7a de sal\u00e3o.<\/p>\n<p>Para mais informa\u00e7\u00f5es sobre o clube, basta acessar www.rpcc.com.br ou acompanhar nas redes sociais o @riodaspedrascountryclub.<\/p>\n<p>Cr\u00e9ditos: JANIO MUNHOZ<\/p>\n","protected":false},"excerpt":{"rendered":"<p>Cervejaria Imp\u00e9rio oferece estrutura de uma choperia sobre rodas para<\/p>\n","protected":false},"author":2,"featured_media":99153,"comment_status":"open","ping_status":"open","sticky":false,"template":"","format":"standard","meta":{"footnotes":""},"categories":[14,3],"tags":[],"class_list":["post-99152","post","type-post","status-publish","format-standard","has-post-thumbnail","hentry","category-barretos","category-geral"],"yoast_head":"<!-- This site is optimized with the Yoast SEO plugin v27.4 - https:\/\/yoast.com\/product\/yoast-seo-wordpress\/ -->\n<title>Piscinas de ondas do Rio das Pedras \u00c1cqua Park entram em funcionamento nesta sexta-feira - Regi\u00e3o News<\/title>\n<meta name=\"robots\" content=\"index, follow, max-snippet:-1, max-image-preview:large, max-video-preview:-1\" \/>\n<link rel=\"canonical\" href=\"https:\/\/regiaonews.net.br\/2022\/2023\/12\/15\/piscinas-de-ondas-do-rio-das-pedras-acqua-park-entram-em-funcionamento-nesta-sexta-feira\/\" \/>\n<meta property=\"og:locale\" content=\"pt_BR\" \/>\n<meta property=\"og:type\" content=\"article\" \/>\n<meta property=\"og:title\" content=\"Piscinas de ondas do Rio das Pedras \u00c1cqua Park entram em funcionamento nesta sexta-feira - Regi\u00e3o News\" \/>\n<meta property=\"og:description\" content=\"Cervejaria Imp\u00e9rio oferece estrutura de uma choperia sobre rodas para\" \/>\n<meta property=\"og:url\" content=\"https:\/\/regiaonews.net.br\/2022\/2023\/12\/15\/piscinas-de-ondas-do-rio-das-pedras-acqua-park-entram-em-funcionamento-nesta-sexta-feira\/\" \/>\n<meta property=\"og:site_name\" content=\"Regi\u00e3o News\" \/>\n<meta property=\"article:published_time\" content=\"2023-12-15T11:29:16+00:00\" \/>\n<meta property=\"og:image\" content=\"https:\/\/regiaonews.net.br\/2022\/wp-content\/uploads\/2023\/12\/unnamed-1.jpg\" \/>\n\t<meta property=\"og:image:width\" content=\"1600\" \/>\n\t<meta property=\"og:image:height\" content=\"900\" \/>\n\t<meta property=\"og:image:type\" content=\"image\/jpeg\" \/>\n<meta name=\"author\" content=\"Roberto\" \/>\n<meta name=\"twitter:card\" content=\"summary_large_image\" \/>\n<meta name=\"twitter:label1\" content=\"Escrito por\" \/>\n\t<meta name=\"twitter:data1\" content=\"Roberto\" \/>\n\t<meta name=\"twitter:label2\" content=\"Est. tempo de leitura\" \/>\n\t<meta name=\"twitter:data2\" content=\"3 minutos\" \/>\n<script type=\"application\/ld+json\" class=\"yoast-schema-graph\">{\"@context\":\"https:\\\/\\\/schema.org\",\"@graph\":[{\"@type\":\"Article\",\"@id\":\"https:\\\/\\\/regiaonews.net.br\\\/2022\\\/2023\\\/12\\\/15\\\/piscinas-de-ondas-do-rio-das-pedras-acqua-park-entram-em-funcionamento-nesta-sexta-feira\\\/#article\",\"isPartOf\":{\"@id\":\"https:\\\/\\\/regiaonews.net.br\\\/2022\\\/2023\\\/12\\\/15\\\/piscinas-de-ondas-do-rio-das-pedras-acqua-park-entram-em-funcionamento-nesta-sexta-feira\\\/\"},\"author\":{\"name\":\"Roberto\",\"@id\":\"https:\\\/\\\/regiaonews.net.br\\\/2022\\\/#\\\/schema\\\/person\\\/2d205a608a5aa97ac279d7a5e6d89ad8\"},\"headline\":\"Piscinas de ondas do Rio das Pedras \u00c1cqua Park entram em funcionamento nesta sexta-feira\",\"datePublished\":\"2023-12-15T11:29:16+00:00\",\"mainEntityOfPage\":{\"@id\":\"https:\\\/\\\/regiaonews.net.br\\\/2022\\\/2023\\\/12\\\/15\\\/piscinas-de-ondas-do-rio-das-pedras-acqua-park-entram-em-funcionamento-nesta-sexta-feira\\\/\"},\"wordCount\":479,\"commentCount\":0,\"publisher\":{\"@id\":\"https:\\\/\\\/regiaonews.net.br\\\/2022\\\/#organization\"},\"image\":{\"@id\":\"https:\\\/\\\/regiaonews.net.br\\\/2022\\\/2023\\\/12\\\/15\\\/piscinas-de-ondas-do-rio-das-pedras-acqua-park-entram-em-funcionamento-nesta-sexta-feira\\\/#primaryimage\"},\"thumbnailUrl\":\"https:\\\/\\\/regiaonews.net.br\\\/2022\\\/wp-content\\\/uploads\\\/2023\\\/12\\\/unnamed-1.jpg\",\"articleSection\":[\"Barretos\",\"Geral\"],\"inLanguage\":\"pt-BR\",\"potentialAction\":[{\"@type\":\"CommentAction\",\"name\":\"Comment\",\"target\":[\"https:\\\/\\\/regiaonews.net.br\\\/2022\\\/2023\\\/12\\\/15\\\/piscinas-de-ondas-do-rio-das-pedras-acqua-park-entram-em-funcionamento-nesta-sexta-feira\\\/#respond\"]}]},{\"@type\":\"WebPage\",\"@id\":\"https:\\\/\\\/regiaonews.net.br\\\/2022\\\/2023\\\/12\\\/15\\\/piscinas-de-ondas-do-rio-das-pedras-acqua-park-entram-em-funcionamento-nesta-sexta-feira\\\/\",\"url\":\"https:\\\/\\\/regiaonews.net.br\\\/2022\\\/2023\\\/12\\\/15\\\/piscinas-de-ondas-do-rio-das-pedras-acqua-park-entram-em-funcionamento-nesta-sexta-feira\\\/\",\"name\":\"Piscinas de ondas do Rio das Pedras \u00c1cqua Park entram em funcionamento nesta sexta-feira - Regi\u00e3o News\",\"isPartOf\":{\"@id\":\"https:\\\/\\\/regiaonews.net.br\\\/2022\\\/#website\"},\"primaryImageOfPage\":{\"@id\":\"https:\\\/\\\/regiaonews.net.br\\\/2022\\\/2023\\\/12\\\/15\\\/piscinas-de-ondas-do-rio-das-pedras-acqua-park-entram-em-funcionamento-nesta-sexta-feira\\\/#primaryimage\"},\"image\":{\"@id\":\"https:\\\/\\\/regiaonews.net.br\\\/2022\\\/2023\\\/12\\\/15\\\/piscinas-de-ondas-do-rio-das-pedras-acqua-park-entram-em-funcionamento-nesta-sexta-feira\\\/#primaryimage\"},\"thumbnailUrl\":\"https:\\\/\\\/regiaonews.net.br\\\/2022\\\/wp-content\\\/uploads\\\/2023\\\/12\\\/unnamed-1.jpg\",\"datePublished\":\"2023-12-15T11:29:16+00:00\",\"breadcrumb\":{\"@id\":\"https:\\\/\\\/regiaonews.net.br\\\/2022\\\/2023\\\/12\\\/15\\\/piscinas-de-ondas-do-rio-das-pedras-acqua-park-entram-em-funcionamento-nesta-sexta-feira\\\/#breadcrumb\"},\"inLanguage\":\"pt-BR\",\"potentialAction\":[{\"@type\":\"ReadAction\",\"target\":[\"https:\\\/\\\/regiaonews.net.br\\\/2022\\\/2023\\\/12\\\/15\\\/piscinas-de-ondas-do-rio-das-pedras-acqua-park-entram-em-funcionamento-nesta-sexta-feira\\\/\"]}]},{\"@type\":\"ImageObject\",\"inLanguage\":\"pt-BR\",\"@id\":\"https:\\\/\\\/regiaonews.net.br\\\/2022\\\/2023\\\/12\\\/15\\\/piscinas-de-ondas-do-rio-das-pedras-acqua-park-entram-em-funcionamento-nesta-sexta-feira\\\/#primaryimage\",\"url\":\"https:\\\/\\\/regiaonews.net.br\\\/2022\\\/wp-content\\\/uploads\\\/2023\\\/12\\\/unnamed-1.jpg\",\"contentUrl\":\"https:\\\/\\\/regiaonews.net.br\\\/2022\\\/wp-content\\\/uploads\\\/2023\\\/12\\\/unnamed-1.jpg\",\"width\":1600,\"height\":900},{\"@type\":\"BreadcrumbList\",\"@id\":\"https:\\\/\\\/regiaonews.net.br\\\/2022\\\/2023\\\/12\\\/15\\\/piscinas-de-ondas-do-rio-das-pedras-acqua-park-entram-em-funcionamento-nesta-sexta-feira\\\/#breadcrumb\",\"itemListElement\":[{\"@type\":\"ListItem\",\"position\":1,\"name\":\"In\u00edcio\",\"item\":\"https:\\\/\\\/regiaonews.net.br\\\/2022\\\/\"},{\"@type\":\"ListItem\",\"position\":2,\"name\":\"Piscinas de ondas do Rio das Pedras \u00c1cqua Park entram em funcionamento nesta sexta-feira\"}]},{\"@type\":\"WebSite\",\"@id\":\"https:\\\/\\\/regiaonews.net.br\\\/2022\\\/#website\",\"url\":\"https:\\\/\\\/regiaonews.net.br\\\/2022\\\/\",\"name\":\"Regi\u00e3o News\",\"description\":\"Site de Not\u00edcias de Barretos e regi\u00e3o\",\"publisher\":{\"@id\":\"https:\\\/\\\/regiaonews.net.br\\\/2022\\\/#organization\"},\"potentialAction\":[{\"@type\":\"SearchAction\",\"target\":{\"@type\":\"EntryPoint\",\"urlTemplate\":\"https:\\\/\\\/regiaonews.net.br\\\/2022\\\/?s={search_term_string}\"},\"query-input\":{\"@type\":\"PropertyValueSpecification\",\"valueRequired\":true,\"valueName\":\"search_term_string\"}}],\"inLanguage\":\"pt-BR\"},{\"@type\":\"Organization\",\"@id\":\"https:\\\/\\\/regiaonews.net.br\\\/2022\\\/#organization\",\"name\":\"Regi\u00e3o News\",\"url\":\"https:\\\/\\\/regiaonews.net.br\\\/2022\\\/\",\"logo\":{\"@type\":\"ImageObject\",\"inLanguage\":\"pt-BR\",\"@id\":\"https:\\\/\\\/regiaonews.net.br\\\/2022\\\/#\\\/schema\\\/logo\\\/image\\\/\",\"url\":\"https:\\\/\\\/regiaonews.net.br\\\/2022\\\/wp-content\\\/uploads\\\/2026\\\/03\\\/regiao-13-anos-scaled.jpg\",\"contentUrl\":\"https:\\\/\\\/regiaonews.net.br\\\/2022\\\/wp-content\\\/uploads\\\/2026\\\/03\\\/regiao-13-anos-scaled.jpg\",\"width\":2560,\"height\":635,\"caption\":\"Regi\u00e3o News\"},\"image\":{\"@id\":\"https:\\\/\\\/regiaonews.net.br\\\/2022\\\/#\\\/schema\\\/logo\\\/image\\\/\"}},{\"@type\":\"Person\",\"@id\":\"https:\\\/\\\/regiaonews.net.br\\\/2022\\\/#\\\/schema\\\/person\\\/2d205a608a5aa97ac279d7a5e6d89ad8\",\"name\":\"Roberto\",\"image\":{\"@type\":\"ImageObject\",\"inLanguage\":\"pt-BR\",\"@id\":\"https:\\\/\\\/secure.gravatar.com\\\/avatar\\\/42749d8b712ff9d59ca93dc150494e5b55a44134482993f5baeb97e61b7ecc89?s=96&d=mm&r=g\",\"url\":\"https:\\\/\\\/secure.gravatar.com\\\/avatar\\\/42749d8b712ff9d59ca93dc150494e5b55a44134482993f5baeb97e61b7ecc89?s=96&d=mm&r=g\",\"contentUrl\":\"https:\\\/\\\/secure.gravatar.com\\\/avatar\\\/42749d8b712ff9d59ca93dc150494e5b55a44134482993f5baeb97e61b7ecc89?s=96&d=mm&r=g\",\"caption\":\"Roberto\"},\"url\":\"https:\\\/\\\/regiaonews.net.br\\\/2022\\\/author\\\/roberto\\\/\"}]}<\/script>\n<!-- \/ Yoast SEO plugin. -->","yoast_head_json":{"title":"Piscinas de ondas do Rio das Pedras \u00c1cqua Park entram em funcionamento nesta sexta-feira - Regi\u00e3o News","robots":{"index":"index","follow":"follow","max-snippet":"max-snippet:-1","max-image-preview":"max-image-preview:large","max-video-preview":"max-video-preview:-1"},"canonical":"https:\/\/regiaonews.net.br\/2022\/2023\/12\/15\/piscinas-de-ondas-do-rio-das-pedras-acqua-park-entram-em-funcionamento-nesta-sexta-feira\/","og_locale":"pt_BR","og_type":"article","og_title":"Piscinas de ondas do Rio das Pedras \u00c1cqua Park entram em funcionamento nesta sexta-feira - Regi\u00e3o News","og_description":"Cervejaria Imp\u00e9rio oferece estrutura de uma choperia sobre rodas para","og_url":"https:\/\/regiaonews.net.br\/2022\/2023\/12\/15\/piscinas-de-ondas-do-rio-das-pedras-acqua-park-entram-em-funcionamento-nesta-sexta-feira\/","og_site_name":"Regi\u00e3o News","article_published_time":"2023-12-15T11:29:16+00:00","og_image":[{"width":1600,"height":900,"url":"https:\/\/regiaonews.net.br\/2022\/wp-content\/uploads\/2023\/12\/unnamed-1.jpg","type":"image\/jpeg"}],"author":"Roberto","twitter_card":"summary_large_image","twitter_misc":{"Escrito por":"Roberto","Est. tempo de leitura":"3 minutos"},"schema":{"@context":"https:\/\/schema.org","@graph":[{"@type":"Article","@id":"https:\/\/regiaonews.net.br\/2022\/2023\/12\/15\/piscinas-de-ondas-do-rio-das-pedras-acqua-park-entram-em-funcionamento-nesta-sexta-feira\/#article","isPartOf":{"@id":"https:\/\/regiaonews.net.br\/2022\/2023\/12\/15\/piscinas-de-ondas-do-rio-das-pedras-acqua-park-entram-em-funcionamento-nesta-sexta-feira\/"},"author":{"name":"Roberto","@id":"https:\/\/regiaonews.net.br\/2022\/#\/schema\/person\/2d205a608a5aa97ac279d7a5e6d89ad8"},"headline":"Piscinas de ondas do Rio das Pedras \u00c1cqua Park entram em funcionamento nesta sexta-feira","datePublished":"2023-12-15T11:29:16+00:00","mainEntityOfPage":{"@id":"https:\/\/regiaonews.net.br\/2022\/2023\/12\/15\/piscinas-de-ondas-do-rio-das-pedras-acqua-park-entram-em-funcionamento-nesta-sexta-feira\/"},"wordCount":479,"commentCount":0,"publisher":{"@id":"https:\/\/regiaonews.net.br\/2022\/#organization"},"image":{"@id":"https:\/\/regiaonews.net.br\/2022\/2023\/12\/15\/piscinas-de-ondas-do-rio-das-pedras-acqua-park-entram-em-funcionamento-nesta-sexta-feira\/#primaryimage"},"thumbnailUrl":"https:\/\/regiaonews.net.br\/2022\/wp-content\/uploads\/2023\/12\/unnamed-1.jpg","articleSection":["Barretos","Geral"],"inLanguage":"pt-BR","potentialAction":[{"@type":"CommentAction","name":"Comment","target":["https:\/\/regiaonews.net.br\/2022\/2023\/12\/15\/piscinas-de-ondas-do-rio-das-pedras-acqua-park-entram-em-funcionamento-nesta-sexta-feira\/#respond"]}]},{"@type":"WebPage","@id":"https:\/\/regiaonews.net.br\/2022\/2023\/12\/15\/piscinas-de-ondas-do-rio-das-pedras-acqua-park-entram-em-funcionamento-nesta-sexta-feira\/","url":"https:\/\/regiaonews.net.br\/2022\/2023\/12\/15\/piscinas-de-ondas-do-rio-das-pedras-acqua-park-entram-em-funcionamento-nesta-sexta-feira\/","name":"Piscinas de ondas do Rio das Pedras \u00c1cqua Park entram em funcionamento nesta sexta-feira - Regi\u00e3o News","isPartOf":{"@id":"https:\/\/regiaonews.net.br\/2022\/#website"},"primaryImageOfPage":{"@id":"https:\/\/regiaonews.net.br\/2022\/2023\/12\/15\/piscinas-de-ondas-do-rio-das-pedras-acqua-park-entram-em-funcionamento-nesta-sexta-feira\/#primaryimage"},"image":{"@id":"https:\/\/regiaonews.net.br\/2022\/2023\/12\/15\/piscinas-de-ondas-do-rio-das-pedras-acqua-park-entram-em-funcionamento-nesta-sexta-feira\/#primaryimage"},"thumbnailUrl":"https:\/\/regiaonews.net.br\/2022\/wp-content\/uploads\/2023\/12\/unnamed-1.jpg","datePublished":"2023-12-15T11:29:16+00:00","breadcrumb":{"@id":"https:\/\/regiaonews.net.br\/2022\/2023\/12\/15\/piscinas-de-ondas-do-rio-das-pedras-acqua-park-entram-em-funcionamento-nesta-sexta-feira\/#breadcrumb"},"inLanguage":"pt-BR","potentialAction":[{"@type":"ReadAction","target":["https:\/\/regiaonews.net.br\/2022\/2023\/12\/15\/piscinas-de-ondas-do-rio-das-pedras-acqua-park-entram-em-funcionamento-nesta-sexta-feira\/"]}]},{"@type":"ImageObject","inLanguage":"pt-BR","@id":"https:\/\/regiaonews.net.br\/2022\/2023\/12\/15\/piscinas-de-ondas-do-rio-das-pedras-acqua-park-entram-em-funcionamento-nesta-sexta-feira\/#primaryimage","url":"https:\/\/regiaonews.net.br\/2022\/wp-content\/uploads\/2023\/12\/unnamed-1.jpg","contentUrl":"https:\/\/regiaonews.net.br\/2022\/wp-content\/uploads\/2023\/12\/unnamed-1.jpg","width":1600,"height":900},{"@type":"BreadcrumbList","@id":"https:\/\/regiaonews.net.br\/2022\/2023\/12\/15\/piscinas-de-ondas-do-rio-das-pedras-acqua-park-entram-em-funcionamento-nesta-sexta-feira\/#breadcrumb","itemListElement":[{"@type":"ListItem","position":1,"name":"In\u00edcio","item":"https:\/\/regiaonews.net.br\/2022\/"},{"@type":"ListItem","position":2,"name":"Piscinas de ondas do Rio das Pedras \u00c1cqua Park entram em funcionamento nesta sexta-feira"}]},{"@type":"WebSite","@id":"https:\/\/regiaonews.net.br\/2022\/#website","url":"https:\/\/regiaonews.net.br\/2022\/","name":"Regi\u00e3o News","description":"Site de Not\u00edcias de Barretos e regi\u00e3o","publisher":{"@id":"https:\/\/regiaonews.net.br\/2022\/#organization"},"potentialAction":[{"@type":"SearchAction","target":{"@type":"EntryPoint","urlTemplate":"https:\/\/regiaonews.net.br\/2022\/?s={search_term_string}"},"query-input":{"@type":"PropertyValueSpecification","valueRequired":true,"valueName":"search_term_string"}}],"inLanguage":"pt-BR"},{"@type":"Organization","@id":"https:\/\/regiaonews.net.br\/2022\/#organization","name":"Regi\u00e3o News","url":"https:\/\/regiaonews.net.br\/2022\/","logo":{"@type":"ImageObject","inLanguage":"pt-BR","@id":"https:\/\/regiaonews.net.br\/2022\/#\/schema\/logo\/image\/","url":"https:\/\/regiaonews.net.br\/2022\/wp-content\/uploads\/2026\/03\/regiao-13-anos-scaled.jpg","contentUrl":"https:\/\/regiaonews.net.br\/2022\/wp-content\/uploads\/2026\/03\/regiao-13-anos-scaled.jpg","width":2560,"height":635,"caption":"Regi\u00e3o News"},"image":{"@id":"https:\/\/regiaonews.net.br\/2022\/#\/schema\/logo\/image\/"}},{"@type":"Person","@id":"https:\/\/regiaonews.net.br\/2022\/#\/schema\/person\/2d205a608a5aa97ac279d7a5e6d89ad8","name":"Roberto","image":{"@type":"ImageObject","inLanguage":"pt-BR","@id":"https:\/\/secure.gravatar.com\/avatar\/42749d8b712ff9d59ca93dc150494e5b55a44134482993f5baeb97e61b7ecc89?s=96&d=mm&r=g","url":"https:\/\/secure.gravatar.com\/avatar\/42749d8b712ff9d59ca93dc150494e5b55a44134482993f5baeb97e61b7ecc89?s=96&d=mm&r=g","contentUrl":"https:\/\/secure.gravatar.com\/avatar\/42749d8b712ff9d59ca93dc150494e5b55a44134482993f5baeb97e61b7ecc89?s=96&d=mm&r=g","caption":"Roberto"},"url":"https:\/\/regiaonews.net.br\/2022\/author\/roberto\/"}]}},"publishpress_future_action":{"enabled":false,"date":"2026-05-04 07:46:09","action":"change-status","newStatus":"draft","terms":[],"taxonomy":"category","extraData":[]},"publishpress_future_workflow_manual_trigger":{"enabledWorkflows":[]},"_links":{"self":[{"href":"https:\/\/regiaonews.net.br\/2022\/wp-json\/wp\/v2\/posts\/99152","targetHints":{"allow":["GET"]}}],"collection":[{"href":"https:\/\/regiaonews.net.br\/2022\/wp-json\/wp\/v2\/posts"}],"about":[{"href":"https:\/\/regiaonews.net.br\/2022\/wp-json\/wp\/v2\/types\/post"}],"author":[{"embeddable":true,"href":"https:\/\/regiaonews.net.br\/2022\/wp-json\/wp\/v2\/users\/2"}],"replies":[{"embeddable":true,"href":"https:\/\/regiaonews.net.br\/2022\/wp-json\/wp\/v2\/comments?post=99152"}],"version-history":[{"count":1,"href":"https:\/\/regiaonews.net.br\/2022\/wp-json\/wp\/v2\/posts\/99152\/revisions"}],"predecessor-version":[{"id":99154,"href":"https:\/\/regiaonews.net.br\/2022\/wp-json\/wp\/v2\/posts\/99152\/revisions\/99154"}],"wp:featuredmedia":[{"embeddable":true,"href":"https:\/\/regiaonews.net.br\/2022\/wp-json\/wp\/v2\/media\/99153"}],"wp:attachment":[{"href":"https:\/\/regiaonews.net.br\/2022\/wp-json\/wp\/v2\/media?parent=99152"}],"wp:term":[{"taxonomy":"category","embeddable":true,"href":"https:\/\/regiaonews.net.br\/2022\/wp-json\/wp\/v2\/categories?post=99152"},{"taxonomy":"post_tag","embeddable":true,"href":"https:\/\/regiaonews.net.br\/2022\/wp-json\/wp\/v2\/tags?post=99152"}],"curies":[{"name":"wp","href":"https:\/\/api.w.org\/{rel}","templated":true}]}}