{"id":99138,"date":"2023-12-14T20:31:06","date_gmt":"2023-12-14T23:31:06","guid":{"rendered":"https:\/\/regiaonews.net.br\/2022\/?p=99138"},"modified":"2023-12-14T20:31:06","modified_gmt":"2023-12-14T23:31:06","slug":"acao-de-testagens-para-ists-na-acib-termina-nesta-sexta-feira-15","status":"publish","type":"post","link":"https:\/\/regiaonews.net.br\/2022\/2023\/12\/14\/acao-de-testagens-para-ists-na-acib-termina-nesta-sexta-feira-15\/","title":{"rendered":"A\u00e7\u00e3o de testagens para ISTs na ACIB termina nesta sexta-feira, 15"},"content":{"rendered":"<p>&nbsp;<\/p>\n<p>Mais de 600 testes foram feitos nos seis primeiros dias da Campanha Fique Sabendo, realizada pela Secretaria Municipal de Sa\u00fade entre as a\u00e7\u00f5es do \u201cDezembro Vermelho\u201d<\/p>\n<p>A Prefeitura da Est\u00e2ncia Tur\u00edstica de Barretos, por meio do Programa Municipal IST\/HIV\/AIDS da Secretaria Municipal de Sa\u00fade, conclui a Campanha Fique Sabendo na noite desta sexta-feira, 15. A a\u00e7\u00e3o integra a mobiliza\u00e7\u00e3o na cidade para o \u201cDezembro Vermelho\u201d, m\u00eas de luta contra o v\u00edrus HIV, a Aids e outras infec\u00e7\u00f5es sexualmente transmiss\u00edveis (ISTs). Nos seis primeiros dias da a\u00e7\u00e3o na ACIB, iniciada na \u00faltima quinta-feira (7), em 166 pessoas foram feitas testagens para as quatro infec\u00e7\u00f5es abrangidas pela campanha, totalizando 664 testes realizados para HIV, s\u00edfilis e hepatites B e C.<\/p>\n<p>Os testes r\u00e1pidos s\u00e3o realizados gratuitamente na Associa\u00e7\u00e3o Comercial e Industrial de Barretos (ACIB), na Rua 20, n. 725, entre as avenidas 19 e 21, no Centro. \u201cUma parte da nossa equipe fica posicionada na cal\u00e7ada em frente da ACIB usando a camiseta da campanha, podendo ser vista facilmente pelas pessoas interessadas em fazer o teste. Ap\u00f3s uma breve triagem, o exame \u00e9 realizado dentro da ACIB, por meio de uma picada no dedo\u201d, afirma a coordenadora do Programa Municipal IST\/HIV\/AIDS, Cec\u00edlia de Assis Marques dos Reis.<\/p>\n<p>Ela ressalta que a pessoa fica sabendo do resultado dentro de alguns minutos, sigilosamente, em espa\u00e7o individualizado. Cec\u00edlia destaca a import\u00e2ncia das pessoas ficarem sabendo o quanto antes de sua sorologia. \u201cAssim \u00e9 poss\u00edvel cortar a cadeia de transmiss\u00e3o, oferecer o tratamento adequado e permitir que as pessoas sigam a vida com tranquilidade, sem terem essa d\u00favida\u201d, observa. A coordenadora ressalta que identificar e tratar as infec\u00e7\u00f5es \u00e9 sempre o melhor caminho, evitando assim complica\u00e7\u00f5es.<\/p>\n<p>Encaminhamento e tratamento<\/p>\n<p>Pacientes com teste positivo recebem encaminhamento para procurar a Unidade B\u00e1sica de Sa\u00fade (UBS) para a realiza\u00e7\u00e3o de exames confirmat\u00f3rios. \u201cNos primeiros dias da campanha, tivemos alguns testes positivos para s\u00edfilis. \u00c9 importante observar que no caso da s\u00edfilis mesmo os pacientes que j\u00e1 tiveram a infec\u00e7\u00e3o e trataram continuam sendo detectados como positivo no teste r\u00e1pido. Por isso, \u00e9 importante realizar os exames confirmat\u00f3rios. Se a contamina\u00e7\u00e3o for atual, o paciente vai receber o devido tratamento\u201d, afirmou.<\/p>\n<p>Medicamentos pr\u00e9 e p\u00f3s-exposi\u00e7\u00e3o<\/p>\n<p>Ao longo de todo o ano, a popula\u00e7\u00e3o pode procurar as testagens para HIV e outras ISTs, assim como os medicamentos preventivos para HIV e retirar preservativos no Servi\u00e7o de Assist\u00eancia Especializada (SAE) Casa Rosa.<\/p>\n<p>Em caso de rela\u00e7\u00e3o de risco, sem preservativo ou em que este estourou, \u00e9 poss\u00edvel tomar medicamentos da Profilaxia P\u00f3s-Exposi\u00e7\u00e3o (PEP) para diminuir a chance de contamina\u00e7\u00e3o. \u00c9 preciso procurar a Casa Rosa ou iniciar a medica\u00e7\u00e3o em at\u00e9 72h. \u201cO quanto antes o paciente iniciar a medica\u00e7\u00e3o, maior a chance de se impedir a contamina\u00e7\u00e3o\u201d, ressalta Cec\u00edlia. Em Barretos, nos finais de semana e feriados, a medica\u00e7\u00e3o p\u00f3s-exposi\u00e7\u00e3o pode ser iniciada na Unidade de Pronto Atendimento (UPA) ou na Santa Casa.<\/p>\n<p>Existe tamb\u00e9m a Profilaxia Pr\u00e9-Exposi\u00e7\u00e3o (PREP) e est\u00e1 dispon\u00edvel na Casa Rosa. Neste caso, a pessoa toma comprimidos antes da rela\u00e7\u00e3o sexual, que permitem ao organismo estar preparado para enfrentar um poss\u00edvel contato com o HIV. A pessoa em PrEP realiza acompanhamento regular de sa\u00fade, com exames peri\u00f3dicos.<\/p>\n<p>O SAE Casa Rosa atende na Av. Jeronimo Alves Pereira, n. 490, no Jardim Universit\u00e1rio, de segunda a sexta-feira, das 7 \u00e0s 17h. O telefone para contato \u00e9 (17) 3612-2470.<\/p>\n<p>As testagens e distribui\u00e7\u00e3o de preservativos tamb\u00e9m s\u00e3o realizadas ao longo do ano em todas as UBSs da Est\u00e2ncia Tur\u00edstica de Barretos.<\/p>\n","protected":false},"excerpt":{"rendered":"<p>&nbsp; Mais de 600 testes foram feitos nos seis primeiros<\/p>\n","protected":false},"author":2,"featured_media":99139,"comment_status":"open","ping_status":"open","sticky":false,"template":"","format":"standard","meta":{"footnotes":""},"categories":[14,25],"tags":[],"class_list":["post-99138","post","type-post","status-publish","format-standard","has-post-thumbnail","hentry","category-barretos","category-cidades"],"yoast_head":"<!-- This site is optimized with the Yoast SEO plugin v27.4 - https:\/\/yoast.com\/product\/yoast-seo-wordpress\/ -->\n<title>A\u00e7\u00e3o de testagens para ISTs na ACIB termina nesta sexta-feira, 15 - Regi\u00e3o News<\/title>\n<meta name=\"robots\" content=\"index, follow, max-snippet:-1, max-image-preview:large, max-video-preview:-1\" \/>\n<link rel=\"canonical\" href=\"https:\/\/regiaonews.net.br\/2022\/2023\/12\/14\/acao-de-testagens-para-ists-na-acib-termina-nesta-sexta-feira-15\/\" \/>\n<meta property=\"og:locale\" content=\"pt_BR\" \/>\n<meta property=\"og:type\" content=\"article\" \/>\n<meta property=\"og:title\" content=\"A\u00e7\u00e3o de testagens para ISTs na ACIB termina nesta sexta-feira, 15 - Regi\u00e3o News\" \/>\n<meta property=\"og:description\" content=\"&nbsp; Mais de 600 testes foram feitos nos seis primeiros\" \/>\n<meta property=\"og:url\" content=\"https:\/\/regiaonews.net.br\/2022\/2023\/12\/14\/acao-de-testagens-para-ists-na-acib-termina-nesta-sexta-feira-15\/\" \/>\n<meta property=\"og:site_name\" content=\"Regi\u00e3o News\" \/>\n<meta property=\"article:published_time\" content=\"2023-12-14T23:31:06+00:00\" \/>\n<meta property=\"og:image\" content=\"https:\/\/regiaonews.net.br\/2022\/wp-content\/uploads\/2023\/12\/WhatsApp-Image-2023-12-14-at-17.16.14-1.jpeg\" \/>\n\t<meta property=\"og:image:width\" content=\"1600\" \/>\n\t<meta property=\"og:image:height\" content=\"1067\" \/>\n\t<meta property=\"og:image:type\" content=\"image\/jpeg\" \/>\n<meta name=\"author\" content=\"Roberto\" \/>\n<meta name=\"twitter:card\" content=\"summary_large_image\" \/>\n<meta name=\"twitter:label1\" content=\"Escrito por\" \/>\n\t<meta name=\"twitter:data1\" content=\"Roberto\" \/>\n\t<meta name=\"twitter:label2\" content=\"Est. tempo de leitura\" \/>\n\t<meta name=\"twitter:data2\" content=\"4 minutos\" \/>\n<script type=\"application\/ld+json\" class=\"yoast-schema-graph\">{\"@context\":\"https:\\\/\\\/schema.org\",\"@graph\":[{\"@type\":\"Article\",\"@id\":\"https:\\\/\\\/regiaonews.net.br\\\/2022\\\/2023\\\/12\\\/14\\\/acao-de-testagens-para-ists-na-acib-termina-nesta-sexta-feira-15\\\/#article\",\"isPartOf\":{\"@id\":\"https:\\\/\\\/regiaonews.net.br\\\/2022\\\/2023\\\/12\\\/14\\\/acao-de-testagens-para-ists-na-acib-termina-nesta-sexta-feira-15\\\/\"},\"author\":{\"name\":\"Roberto\",\"@id\":\"https:\\\/\\\/regiaonews.net.br\\\/2022\\\/#\\\/schema\\\/person\\\/2d205a608a5aa97ac279d7a5e6d89ad8\"},\"headline\":\"A\u00e7\u00e3o de testagens para ISTs na ACIB termina nesta sexta-feira, 15\",\"datePublished\":\"2023-12-14T23:31:06+00:00\",\"mainEntityOfPage\":{\"@id\":\"https:\\\/\\\/regiaonews.net.br\\\/2022\\\/2023\\\/12\\\/14\\\/acao-de-testagens-para-ists-na-acib-termina-nesta-sexta-feira-15\\\/\"},\"wordCount\":647,\"commentCount\":0,\"publisher\":{\"@id\":\"https:\\\/\\\/regiaonews.net.br\\\/2022\\\/#organization\"},\"image\":{\"@id\":\"https:\\\/\\\/regiaonews.net.br\\\/2022\\\/2023\\\/12\\\/14\\\/acao-de-testagens-para-ists-na-acib-termina-nesta-sexta-feira-15\\\/#primaryimage\"},\"thumbnailUrl\":\"https:\\\/\\\/regiaonews.net.br\\\/2022\\\/wp-content\\\/uploads\\\/2023\\\/12\\\/WhatsApp-Image-2023-12-14-at-17.16.14-1.jpeg\",\"articleSection\":[\"Barretos\",\"Cidades\"],\"inLanguage\":\"pt-BR\",\"potentialAction\":[{\"@type\":\"CommentAction\",\"name\":\"Comment\",\"target\":[\"https:\\\/\\\/regiaonews.net.br\\\/2022\\\/2023\\\/12\\\/14\\\/acao-de-testagens-para-ists-na-acib-termina-nesta-sexta-feira-15\\\/#respond\"]}]},{\"@type\":\"WebPage\",\"@id\":\"https:\\\/\\\/regiaonews.net.br\\\/2022\\\/2023\\\/12\\\/14\\\/acao-de-testagens-para-ists-na-acib-termina-nesta-sexta-feira-15\\\/\",\"url\":\"https:\\\/\\\/regiaonews.net.br\\\/2022\\\/2023\\\/12\\\/14\\\/acao-de-testagens-para-ists-na-acib-termina-nesta-sexta-feira-15\\\/\",\"name\":\"A\u00e7\u00e3o de testagens para ISTs na ACIB termina nesta sexta-feira, 15 - Regi\u00e3o News\",\"isPartOf\":{\"@id\":\"https:\\\/\\\/regiaonews.net.br\\\/2022\\\/#website\"},\"primaryImageOfPage\":{\"@id\":\"https:\\\/\\\/regiaonews.net.br\\\/2022\\\/2023\\\/12\\\/14\\\/acao-de-testagens-para-ists-na-acib-termina-nesta-sexta-feira-15\\\/#primaryimage\"},\"image\":{\"@id\":\"https:\\\/\\\/regiaonews.net.br\\\/2022\\\/2023\\\/12\\\/14\\\/acao-de-testagens-para-ists-na-acib-termina-nesta-sexta-feira-15\\\/#primaryimage\"},\"thumbnailUrl\":\"https:\\\/\\\/regiaonews.net.br\\\/2022\\\/wp-content\\\/uploads\\\/2023\\\/12\\\/WhatsApp-Image-2023-12-14-at-17.16.14-1.jpeg\",\"datePublished\":\"2023-12-14T23:31:06+00:00\",\"breadcrumb\":{\"@id\":\"https:\\\/\\\/regiaonews.net.br\\\/2022\\\/2023\\\/12\\\/14\\\/acao-de-testagens-para-ists-na-acib-termina-nesta-sexta-feira-15\\\/#breadcrumb\"},\"inLanguage\":\"pt-BR\",\"potentialAction\":[{\"@type\":\"ReadAction\",\"target\":[\"https:\\\/\\\/regiaonews.net.br\\\/2022\\\/2023\\\/12\\\/14\\\/acao-de-testagens-para-ists-na-acib-termina-nesta-sexta-feira-15\\\/\"]}]},{\"@type\":\"ImageObject\",\"inLanguage\":\"pt-BR\",\"@id\":\"https:\\\/\\\/regiaonews.net.br\\\/2022\\\/2023\\\/12\\\/14\\\/acao-de-testagens-para-ists-na-acib-termina-nesta-sexta-feira-15\\\/#primaryimage\",\"url\":\"https:\\\/\\\/regiaonews.net.br\\\/2022\\\/wp-content\\\/uploads\\\/2023\\\/12\\\/WhatsApp-Image-2023-12-14-at-17.16.14-1.jpeg\",\"contentUrl\":\"https:\\\/\\\/regiaonews.net.br\\\/2022\\\/wp-content\\\/uploads\\\/2023\\\/12\\\/WhatsApp-Image-2023-12-14-at-17.16.14-1.jpeg\",\"width\":1600,\"height\":1067},{\"@type\":\"BreadcrumbList\",\"@id\":\"https:\\\/\\\/regiaonews.net.br\\\/2022\\\/2023\\\/12\\\/14\\\/acao-de-testagens-para-ists-na-acib-termina-nesta-sexta-feira-15\\\/#breadcrumb\",\"itemListElement\":[{\"@type\":\"ListItem\",\"position\":1,\"name\":\"In\u00edcio\",\"item\":\"https:\\\/\\\/regiaonews.net.br\\\/2022\\\/\"},{\"@type\":\"ListItem\",\"position\":2,\"name\":\"A\u00e7\u00e3o de testagens para ISTs na ACIB termina nesta sexta-feira, 15\"}]},{\"@type\":\"WebSite\",\"@id\":\"https:\\\/\\\/regiaonews.net.br\\\/2022\\\/#website\",\"url\":\"https:\\\/\\\/regiaonews.net.br\\\/2022\\\/\",\"name\":\"Regi\u00e3o News\",\"description\":\"Site de Not\u00edcias de Barretos e regi\u00e3o\",\"publisher\":{\"@id\":\"https:\\\/\\\/regiaonews.net.br\\\/2022\\\/#organization\"},\"potentialAction\":[{\"@type\":\"SearchAction\",\"target\":{\"@type\":\"EntryPoint\",\"urlTemplate\":\"https:\\\/\\\/regiaonews.net.br\\\/2022\\\/?s={search_term_string}\"},\"query-input\":{\"@type\":\"PropertyValueSpecification\",\"valueRequired\":true,\"valueName\":\"search_term_string\"}}],\"inLanguage\":\"pt-BR\"},{\"@type\":\"Organization\",\"@id\":\"https:\\\/\\\/regiaonews.net.br\\\/2022\\\/#organization\",\"name\":\"Regi\u00e3o News\",\"url\":\"https:\\\/\\\/regiaonews.net.br\\\/2022\\\/\",\"logo\":{\"@type\":\"ImageObject\",\"inLanguage\":\"pt-BR\",\"@id\":\"https:\\\/\\\/regiaonews.net.br\\\/2022\\\/#\\\/schema\\\/logo\\\/image\\\/\",\"url\":\"https:\\\/\\\/regiaonews.net.br\\\/2022\\\/wp-content\\\/uploads\\\/2026\\\/03\\\/regiao-13-anos-scaled.jpg\",\"contentUrl\":\"https:\\\/\\\/regiaonews.net.br\\\/2022\\\/wp-content\\\/uploads\\\/2026\\\/03\\\/regiao-13-anos-scaled.jpg\",\"width\":2560,\"height\":635,\"caption\":\"Regi\u00e3o News\"},\"image\":{\"@id\":\"https:\\\/\\\/regiaonews.net.br\\\/2022\\\/#\\\/schema\\\/logo\\\/image\\\/\"}},{\"@type\":\"Person\",\"@id\":\"https:\\\/\\\/regiaonews.net.br\\\/2022\\\/#\\\/schema\\\/person\\\/2d205a608a5aa97ac279d7a5e6d89ad8\",\"name\":\"Roberto\",\"image\":{\"@type\":\"ImageObject\",\"inLanguage\":\"pt-BR\",\"@id\":\"https:\\\/\\\/secure.gravatar.com\\\/avatar\\\/42749d8b712ff9d59ca93dc150494e5b55a44134482993f5baeb97e61b7ecc89?s=96&d=mm&r=g\",\"url\":\"https:\\\/\\\/secure.gravatar.com\\\/avatar\\\/42749d8b712ff9d59ca93dc150494e5b55a44134482993f5baeb97e61b7ecc89?s=96&d=mm&r=g\",\"contentUrl\":\"https:\\\/\\\/secure.gravatar.com\\\/avatar\\\/42749d8b712ff9d59ca93dc150494e5b55a44134482993f5baeb97e61b7ecc89?s=96&d=mm&r=g\",\"caption\":\"Roberto\"},\"url\":\"https:\\\/\\\/regiaonews.net.br\\\/2022\\\/author\\\/roberto\\\/\"}]}<\/script>\n<!-- \/ Yoast SEO plugin. -->","yoast_head_json":{"title":"A\u00e7\u00e3o de testagens para ISTs na ACIB termina nesta sexta-feira, 15 - Regi\u00e3o News","robots":{"index":"index","follow":"follow","max-snippet":"max-snippet:-1","max-image-preview":"max-image-preview:large","max-video-preview":"max-video-preview:-1"},"canonical":"https:\/\/regiaonews.net.br\/2022\/2023\/12\/14\/acao-de-testagens-para-ists-na-acib-termina-nesta-sexta-feira-15\/","og_locale":"pt_BR","og_type":"article","og_title":"A\u00e7\u00e3o de testagens para ISTs na ACIB termina nesta sexta-feira, 15 - Regi\u00e3o News","og_description":"&nbsp; Mais de 600 testes foram feitos nos seis primeiros","og_url":"https:\/\/regiaonews.net.br\/2022\/2023\/12\/14\/acao-de-testagens-para-ists-na-acib-termina-nesta-sexta-feira-15\/","og_site_name":"Regi\u00e3o News","article_published_time":"2023-12-14T23:31:06+00:00","og_image":[{"width":1600,"height":1067,"url":"https:\/\/regiaonews.net.br\/2022\/wp-content\/uploads\/2023\/12\/WhatsApp-Image-2023-12-14-at-17.16.14-1.jpeg","type":"image\/jpeg"}],"author":"Roberto","twitter_card":"summary_large_image","twitter_misc":{"Escrito por":"Roberto","Est. tempo de leitura":"4 minutos"},"schema":{"@context":"https:\/\/schema.org","@graph":[{"@type":"Article","@id":"https:\/\/regiaonews.net.br\/2022\/2023\/12\/14\/acao-de-testagens-para-ists-na-acib-termina-nesta-sexta-feira-15\/#article","isPartOf":{"@id":"https:\/\/regiaonews.net.br\/2022\/2023\/12\/14\/acao-de-testagens-para-ists-na-acib-termina-nesta-sexta-feira-15\/"},"author":{"name":"Roberto","@id":"https:\/\/regiaonews.net.br\/2022\/#\/schema\/person\/2d205a608a5aa97ac279d7a5e6d89ad8"},"headline":"A\u00e7\u00e3o de testagens para ISTs na ACIB termina nesta sexta-feira, 15","datePublished":"2023-12-14T23:31:06+00:00","mainEntityOfPage":{"@id":"https:\/\/regiaonews.net.br\/2022\/2023\/12\/14\/acao-de-testagens-para-ists-na-acib-termina-nesta-sexta-feira-15\/"},"wordCount":647,"commentCount":0,"publisher":{"@id":"https:\/\/regiaonews.net.br\/2022\/#organization"},"image":{"@id":"https:\/\/regiaonews.net.br\/2022\/2023\/12\/14\/acao-de-testagens-para-ists-na-acib-termina-nesta-sexta-feira-15\/#primaryimage"},"thumbnailUrl":"https:\/\/regiaonews.net.br\/2022\/wp-content\/uploads\/2023\/12\/WhatsApp-Image-2023-12-14-at-17.16.14-1.jpeg","articleSection":["Barretos","Cidades"],"inLanguage":"pt-BR","potentialAction":[{"@type":"CommentAction","name":"Comment","target":["https:\/\/regiaonews.net.br\/2022\/2023\/12\/14\/acao-de-testagens-para-ists-na-acib-termina-nesta-sexta-feira-15\/#respond"]}]},{"@type":"WebPage","@id":"https:\/\/regiaonews.net.br\/2022\/2023\/12\/14\/acao-de-testagens-para-ists-na-acib-termina-nesta-sexta-feira-15\/","url":"https:\/\/regiaonews.net.br\/2022\/2023\/12\/14\/acao-de-testagens-para-ists-na-acib-termina-nesta-sexta-feira-15\/","name":"A\u00e7\u00e3o de testagens para ISTs na ACIB termina nesta sexta-feira, 15 - Regi\u00e3o News","isPartOf":{"@id":"https:\/\/regiaonews.net.br\/2022\/#website"},"primaryImageOfPage":{"@id":"https:\/\/regiaonews.net.br\/2022\/2023\/12\/14\/acao-de-testagens-para-ists-na-acib-termina-nesta-sexta-feira-15\/#primaryimage"},"image":{"@id":"https:\/\/regiaonews.net.br\/2022\/2023\/12\/14\/acao-de-testagens-para-ists-na-acib-termina-nesta-sexta-feira-15\/#primaryimage"},"thumbnailUrl":"https:\/\/regiaonews.net.br\/2022\/wp-content\/uploads\/2023\/12\/WhatsApp-Image-2023-12-14-at-17.16.14-1.jpeg","datePublished":"2023-12-14T23:31:06+00:00","breadcrumb":{"@id":"https:\/\/regiaonews.net.br\/2022\/2023\/12\/14\/acao-de-testagens-para-ists-na-acib-termina-nesta-sexta-feira-15\/#breadcrumb"},"inLanguage":"pt-BR","potentialAction":[{"@type":"ReadAction","target":["https:\/\/regiaonews.net.br\/2022\/2023\/12\/14\/acao-de-testagens-para-ists-na-acib-termina-nesta-sexta-feira-15\/"]}]},{"@type":"ImageObject","inLanguage":"pt-BR","@id":"https:\/\/regiaonews.net.br\/2022\/2023\/12\/14\/acao-de-testagens-para-ists-na-acib-termina-nesta-sexta-feira-15\/#primaryimage","url":"https:\/\/regiaonews.net.br\/2022\/wp-content\/uploads\/2023\/12\/WhatsApp-Image-2023-12-14-at-17.16.14-1.jpeg","contentUrl":"https:\/\/regiaonews.net.br\/2022\/wp-content\/uploads\/2023\/12\/WhatsApp-Image-2023-12-14-at-17.16.14-1.jpeg","width":1600,"height":1067},{"@type":"BreadcrumbList","@id":"https:\/\/regiaonews.net.br\/2022\/2023\/12\/14\/acao-de-testagens-para-ists-na-acib-termina-nesta-sexta-feira-15\/#breadcrumb","itemListElement":[{"@type":"ListItem","position":1,"name":"In\u00edcio","item":"https:\/\/regiaonews.net.br\/2022\/"},{"@type":"ListItem","position":2,"name":"A\u00e7\u00e3o de testagens para ISTs na ACIB termina nesta sexta-feira, 15"}]},{"@type":"WebSite","@id":"https:\/\/regiaonews.net.br\/2022\/#website","url":"https:\/\/regiaonews.net.br\/2022\/","name":"Regi\u00e3o News","description":"Site de Not\u00edcias de Barretos e regi\u00e3o","publisher":{"@id":"https:\/\/regiaonews.net.br\/2022\/#organization"},"potentialAction":[{"@type":"SearchAction","target":{"@type":"EntryPoint","urlTemplate":"https:\/\/regiaonews.net.br\/2022\/?s={search_term_string}"},"query-input":{"@type":"PropertyValueSpecification","valueRequired":true,"valueName":"search_term_string"}}],"inLanguage":"pt-BR"},{"@type":"Organization","@id":"https:\/\/regiaonews.net.br\/2022\/#organization","name":"Regi\u00e3o News","url":"https:\/\/regiaonews.net.br\/2022\/","logo":{"@type":"ImageObject","inLanguage":"pt-BR","@id":"https:\/\/regiaonews.net.br\/2022\/#\/schema\/logo\/image\/","url":"https:\/\/regiaonews.net.br\/2022\/wp-content\/uploads\/2026\/03\/regiao-13-anos-scaled.jpg","contentUrl":"https:\/\/regiaonews.net.br\/2022\/wp-content\/uploads\/2026\/03\/regiao-13-anos-scaled.jpg","width":2560,"height":635,"caption":"Regi\u00e3o News"},"image":{"@id":"https:\/\/regiaonews.net.br\/2022\/#\/schema\/logo\/image\/"}},{"@type":"Person","@id":"https:\/\/regiaonews.net.br\/2022\/#\/schema\/person\/2d205a608a5aa97ac279d7a5e6d89ad8","name":"Roberto","image":{"@type":"ImageObject","inLanguage":"pt-BR","@id":"https:\/\/secure.gravatar.com\/avatar\/42749d8b712ff9d59ca93dc150494e5b55a44134482993f5baeb97e61b7ecc89?s=96&d=mm&r=g","url":"https:\/\/secure.gravatar.com\/avatar\/42749d8b712ff9d59ca93dc150494e5b55a44134482993f5baeb97e61b7ecc89?s=96&d=mm&r=g","contentUrl":"https:\/\/secure.gravatar.com\/avatar\/42749d8b712ff9d59ca93dc150494e5b55a44134482993f5baeb97e61b7ecc89?s=96&d=mm&r=g","caption":"Roberto"},"url":"https:\/\/regiaonews.net.br\/2022\/author\/roberto\/"}]}},"publishpress_future_action":{"enabled":false,"date":"2026-05-04 07:26:33","action":"change-status","newStatus":"draft","terms":[],"taxonomy":"category","extraData":[]},"publishpress_future_workflow_manual_trigger":{"enabledWorkflows":[]},"_links":{"self":[{"href":"https:\/\/regiaonews.net.br\/2022\/wp-json\/wp\/v2\/posts\/99138","targetHints":{"allow":["GET"]}}],"collection":[{"href":"https:\/\/regiaonews.net.br\/2022\/wp-json\/wp\/v2\/posts"}],"about":[{"href":"https:\/\/regiaonews.net.br\/2022\/wp-json\/wp\/v2\/types\/post"}],"author":[{"embeddable":true,"href":"https:\/\/regiaonews.net.br\/2022\/wp-json\/wp\/v2\/users\/2"}],"replies":[{"embeddable":true,"href":"https:\/\/regiaonews.net.br\/2022\/wp-json\/wp\/v2\/comments?post=99138"}],"version-history":[{"count":1,"href":"https:\/\/regiaonews.net.br\/2022\/wp-json\/wp\/v2\/posts\/99138\/revisions"}],"predecessor-version":[{"id":99140,"href":"https:\/\/regiaonews.net.br\/2022\/wp-json\/wp\/v2\/posts\/99138\/revisions\/99140"}],"wp:featuredmedia":[{"embeddable":true,"href":"https:\/\/regiaonews.net.br\/2022\/wp-json\/wp\/v2\/media\/99139"}],"wp:attachment":[{"href":"https:\/\/regiaonews.net.br\/2022\/wp-json\/wp\/v2\/media?parent=99138"}],"wp:term":[{"taxonomy":"category","embeddable":true,"href":"https:\/\/regiaonews.net.br\/2022\/wp-json\/wp\/v2\/categories?post=99138"},{"taxonomy":"post_tag","embeddable":true,"href":"https:\/\/regiaonews.net.br\/2022\/wp-json\/wp\/v2\/tags?post=99138"}],"curies":[{"name":"wp","href":"https:\/\/api.w.org\/{rel}","templated":true}]}}