{"id":99135,"date":"2023-12-14T20:28:38","date_gmt":"2023-12-14T23:28:38","guid":{"rendered":"https:\/\/regiaonews.net.br\/2022\/?p=99135"},"modified":"2023-12-14T20:28:38","modified_gmt":"2023-12-14T23:28:38","slug":"mais-de-200-criancas-devem-frequentar-os-polos-de-educacao-infantil-durante-as-ferias","status":"publish","type":"post","link":"https:\/\/regiaonews.net.br\/2022\/2023\/12\/14\/mais-de-200-criancas-devem-frequentar-os-polos-de-educacao-infantil-durante-as-ferias\/","title":{"rendered":"Mais de 200 crian\u00e7as devem frequentar os Polos de Educa\u00e7\u00e3o Infantil durante as f\u00e9rias"},"content":{"rendered":"<p>Atividades ser\u00e3o oferecidas entre os dias 23 de janeiro e 1\u00b0 de fevereiro, em todas as regi\u00f5es da cidade<\/p>\n<p>O ano letivo de 2023 ainda n\u00e3o terminou, mas os Polos de Educa\u00e7\u00e3o Infantil j\u00e1 tem data para iniciar as atividades com os alunos dos Centros Municipais de Educa\u00e7\u00e3o Infantil (CEMEIs) da Est\u00e2ncia Tur\u00edstica de Barretos durante as f\u00e9rias.<br \/>\nDe acordo com o Calend\u00e1rio Escolar 2024, os seis polos espalhados por todas as regi\u00f5es da cidade iniciam o atendimento no dia 23 de janeiro e encerram em 1\u00b0 de fevereiro, oferecendo diversas atividades pedag\u00f3gicas e recreativas para 211 crian\u00e7as do maternal e da recrea\u00e7\u00e3o da Rede Municipal de Ensino.<br \/>\nA supervisora geral da Educa\u00e7\u00e3o infantil, D\u00e9bora Schnek, destacou a grande procura pelos polos, que s\u00e3o alternativas para os pais que trabalham e n\u00e3o t\u00eam com quem deixar os filhos neste per\u00edodo. \u201cOs polos s\u00e3o preparados para receber essas crian\u00e7as durante as f\u00e9rias com toda a estrutura necess\u00e1ria, pois nesta \u00e9poca muitos pais e respons\u00e1veis que trabalham n\u00e3o t\u00eam onde ou com quem deixar os filhos\u201d, comentou.<\/p>\n<p>POLO 1 \u2013 Veridiana da Silva (Bairro Pimenta)<br \/>\nPOLO 2 \u2013 Ana Carvalho Castanho (Bairro Zequinha Am\u00eandola)<br \/>\nPOLO 3 &#8211; Jos\u00e9 Sebasti\u00e3o Domingos (Bairro Vida Nova)<br \/>\nPOLO 4 \u2013 Izadora Bevilacqua (Bairro Luis Spina)<br \/>\nPOLO 5 \u2013 Padre Gai (Bairro Fortaleza)<br \/>\nPOLO 6 \u2013 Luiz Paro (Bairro Los Angeles)<\/p>\n","protected":false},"excerpt":{"rendered":"<p>Atividades ser\u00e3o oferecidas entre os dias 23 de janeiro e<\/p>\n","protected":false},"author":2,"featured_media":99136,"comment_status":"open","ping_status":"open","sticky":false,"template":"","format":"standard","meta":{"footnotes":""},"categories":[14,25],"tags":[],"class_list":["post-99135","post","type-post","status-publish","format-standard","has-post-thumbnail","hentry","category-barretos","category-cidades"],"yoast_head":"<!-- This site is optimized with the Yoast SEO plugin v27.4 - https:\/\/yoast.com\/product\/yoast-seo-wordpress\/ -->\n<title>Mais de 200 crian\u00e7as devem frequentar os Polos de Educa\u00e7\u00e3o Infantil durante as f\u00e9rias - Regi\u00e3o News<\/title>\n<meta name=\"robots\" content=\"index, follow, max-snippet:-1, max-image-preview:large, max-video-preview:-1\" \/>\n<link rel=\"canonical\" href=\"https:\/\/regiaonews.net.br\/2022\/2023\/12\/14\/mais-de-200-criancas-devem-frequentar-os-polos-de-educacao-infantil-durante-as-ferias\/\" \/>\n<meta property=\"og:locale\" content=\"pt_BR\" \/>\n<meta property=\"og:type\" content=\"article\" \/>\n<meta property=\"og:title\" content=\"Mais de 200 crian\u00e7as devem frequentar os Polos de Educa\u00e7\u00e3o Infantil durante as f\u00e9rias - Regi\u00e3o News\" \/>\n<meta property=\"og:description\" content=\"Atividades ser\u00e3o oferecidas entre os dias 23 de janeiro e\" \/>\n<meta property=\"og:url\" content=\"https:\/\/regiaonews.net.br\/2022\/2023\/12\/14\/mais-de-200-criancas-devem-frequentar-os-polos-de-educacao-infantil-durante-as-ferias\/\" \/>\n<meta property=\"og:site_name\" content=\"Regi\u00e3o News\" \/>\n<meta property=\"article:published_time\" content=\"2023-12-14T23:28:38+00:00\" \/>\n<meta property=\"og:image\" content=\"https:\/\/regiaonews.net.br\/2022\/wp-content\/uploads\/2023\/12\/WhatsApp-Image-2023-12-14-at-16.29.09.jpeg\" \/>\n\t<meta property=\"og:image:width\" content=\"1600\" \/>\n\t<meta property=\"og:image:height\" content=\"1068\" \/>\n\t<meta property=\"og:image:type\" content=\"image\/jpeg\" \/>\n<meta name=\"author\" content=\"Roberto\" \/>\n<meta name=\"twitter:card\" content=\"summary_large_image\" \/>\n<meta name=\"twitter:label1\" content=\"Escrito por\" \/>\n\t<meta name=\"twitter:data1\" content=\"Roberto\" \/>\n\t<meta name=\"twitter:label2\" content=\"Est. tempo de leitura\" \/>\n\t<meta name=\"twitter:data2\" content=\"2 minutos\" \/>\n<script type=\"application\/ld+json\" class=\"yoast-schema-graph\">{\"@context\":\"https:\\\/\\\/schema.org\",\"@graph\":[{\"@type\":\"Article\",\"@id\":\"https:\\\/\\\/regiaonews.net.br\\\/2022\\\/2023\\\/12\\\/14\\\/mais-de-200-criancas-devem-frequentar-os-polos-de-educacao-infantil-durante-as-ferias\\\/#article\",\"isPartOf\":{\"@id\":\"https:\\\/\\\/regiaonews.net.br\\\/2022\\\/2023\\\/12\\\/14\\\/mais-de-200-criancas-devem-frequentar-os-polos-de-educacao-infantil-durante-as-ferias\\\/\"},\"author\":{\"name\":\"Roberto\",\"@id\":\"https:\\\/\\\/regiaonews.net.br\\\/2022\\\/#\\\/schema\\\/person\\\/2d205a608a5aa97ac279d7a5e6d89ad8\"},\"headline\":\"Mais de 200 crian\u00e7as devem frequentar os Polos de Educa\u00e7\u00e3o Infantil durante as f\u00e9rias\",\"datePublished\":\"2023-12-14T23:28:38+00:00\",\"mainEntityOfPage\":{\"@id\":\"https:\\\/\\\/regiaonews.net.br\\\/2022\\\/2023\\\/12\\\/14\\\/mais-de-200-criancas-devem-frequentar-os-polos-de-educacao-infantil-durante-as-ferias\\\/\"},\"wordCount\":250,\"commentCount\":0,\"publisher\":{\"@id\":\"https:\\\/\\\/regiaonews.net.br\\\/2022\\\/#organization\"},\"image\":{\"@id\":\"https:\\\/\\\/regiaonews.net.br\\\/2022\\\/2023\\\/12\\\/14\\\/mais-de-200-criancas-devem-frequentar-os-polos-de-educacao-infantil-durante-as-ferias\\\/#primaryimage\"},\"thumbnailUrl\":\"https:\\\/\\\/regiaonews.net.br\\\/2022\\\/wp-content\\\/uploads\\\/2023\\\/12\\\/WhatsApp-Image-2023-12-14-at-16.29.09.jpeg\",\"articleSection\":[\"Barretos\",\"Cidades\"],\"inLanguage\":\"pt-BR\",\"potentialAction\":[{\"@type\":\"CommentAction\",\"name\":\"Comment\",\"target\":[\"https:\\\/\\\/regiaonews.net.br\\\/2022\\\/2023\\\/12\\\/14\\\/mais-de-200-criancas-devem-frequentar-os-polos-de-educacao-infantil-durante-as-ferias\\\/#respond\"]}]},{\"@type\":\"WebPage\",\"@id\":\"https:\\\/\\\/regiaonews.net.br\\\/2022\\\/2023\\\/12\\\/14\\\/mais-de-200-criancas-devem-frequentar-os-polos-de-educacao-infantil-durante-as-ferias\\\/\",\"url\":\"https:\\\/\\\/regiaonews.net.br\\\/2022\\\/2023\\\/12\\\/14\\\/mais-de-200-criancas-devem-frequentar-os-polos-de-educacao-infantil-durante-as-ferias\\\/\",\"name\":\"Mais de 200 crian\u00e7as devem frequentar os Polos de Educa\u00e7\u00e3o Infantil durante as f\u00e9rias - Regi\u00e3o News\",\"isPartOf\":{\"@id\":\"https:\\\/\\\/regiaonews.net.br\\\/2022\\\/#website\"},\"primaryImageOfPage\":{\"@id\":\"https:\\\/\\\/regiaonews.net.br\\\/2022\\\/2023\\\/12\\\/14\\\/mais-de-200-criancas-devem-frequentar-os-polos-de-educacao-infantil-durante-as-ferias\\\/#primaryimage\"},\"image\":{\"@id\":\"https:\\\/\\\/regiaonews.net.br\\\/2022\\\/2023\\\/12\\\/14\\\/mais-de-200-criancas-devem-frequentar-os-polos-de-educacao-infantil-durante-as-ferias\\\/#primaryimage\"},\"thumbnailUrl\":\"https:\\\/\\\/regiaonews.net.br\\\/2022\\\/wp-content\\\/uploads\\\/2023\\\/12\\\/WhatsApp-Image-2023-12-14-at-16.29.09.jpeg\",\"datePublished\":\"2023-12-14T23:28:38+00:00\",\"breadcrumb\":{\"@id\":\"https:\\\/\\\/regiaonews.net.br\\\/2022\\\/2023\\\/12\\\/14\\\/mais-de-200-criancas-devem-frequentar-os-polos-de-educacao-infantil-durante-as-ferias\\\/#breadcrumb\"},\"inLanguage\":\"pt-BR\",\"potentialAction\":[{\"@type\":\"ReadAction\",\"target\":[\"https:\\\/\\\/regiaonews.net.br\\\/2022\\\/2023\\\/12\\\/14\\\/mais-de-200-criancas-devem-frequentar-os-polos-de-educacao-infantil-durante-as-ferias\\\/\"]}]},{\"@type\":\"ImageObject\",\"inLanguage\":\"pt-BR\",\"@id\":\"https:\\\/\\\/regiaonews.net.br\\\/2022\\\/2023\\\/12\\\/14\\\/mais-de-200-criancas-devem-frequentar-os-polos-de-educacao-infantil-durante-as-ferias\\\/#primaryimage\",\"url\":\"https:\\\/\\\/regiaonews.net.br\\\/2022\\\/wp-content\\\/uploads\\\/2023\\\/12\\\/WhatsApp-Image-2023-12-14-at-16.29.09.jpeg\",\"contentUrl\":\"https:\\\/\\\/regiaonews.net.br\\\/2022\\\/wp-content\\\/uploads\\\/2023\\\/12\\\/WhatsApp-Image-2023-12-14-at-16.29.09.jpeg\",\"width\":1600,\"height\":1068},{\"@type\":\"BreadcrumbList\",\"@id\":\"https:\\\/\\\/regiaonews.net.br\\\/2022\\\/2023\\\/12\\\/14\\\/mais-de-200-criancas-devem-frequentar-os-polos-de-educacao-infantil-durante-as-ferias\\\/#breadcrumb\",\"itemListElement\":[{\"@type\":\"ListItem\",\"position\":1,\"name\":\"In\u00edcio\",\"item\":\"https:\\\/\\\/regiaonews.net.br\\\/2022\\\/\"},{\"@type\":\"ListItem\",\"position\":2,\"name\":\"Mais de 200 crian\u00e7as devem frequentar os Polos de Educa\u00e7\u00e3o Infantil durante as f\u00e9rias\"}]},{\"@type\":\"WebSite\",\"@id\":\"https:\\\/\\\/regiaonews.net.br\\\/2022\\\/#website\",\"url\":\"https:\\\/\\\/regiaonews.net.br\\\/2022\\\/\",\"name\":\"Regi\u00e3o News\",\"description\":\"Site de Not\u00edcias de Barretos e regi\u00e3o\",\"publisher\":{\"@id\":\"https:\\\/\\\/regiaonews.net.br\\\/2022\\\/#organization\"},\"potentialAction\":[{\"@type\":\"SearchAction\",\"target\":{\"@type\":\"EntryPoint\",\"urlTemplate\":\"https:\\\/\\\/regiaonews.net.br\\\/2022\\\/?s={search_term_string}\"},\"query-input\":{\"@type\":\"PropertyValueSpecification\",\"valueRequired\":true,\"valueName\":\"search_term_string\"}}],\"inLanguage\":\"pt-BR\"},{\"@type\":\"Organization\",\"@id\":\"https:\\\/\\\/regiaonews.net.br\\\/2022\\\/#organization\",\"name\":\"Regi\u00e3o News\",\"url\":\"https:\\\/\\\/regiaonews.net.br\\\/2022\\\/\",\"logo\":{\"@type\":\"ImageObject\",\"inLanguage\":\"pt-BR\",\"@id\":\"https:\\\/\\\/regiaonews.net.br\\\/2022\\\/#\\\/schema\\\/logo\\\/image\\\/\",\"url\":\"https:\\\/\\\/regiaonews.net.br\\\/2022\\\/wp-content\\\/uploads\\\/2026\\\/03\\\/regiao-13-anos-scaled.jpg\",\"contentUrl\":\"https:\\\/\\\/regiaonews.net.br\\\/2022\\\/wp-content\\\/uploads\\\/2026\\\/03\\\/regiao-13-anos-scaled.jpg\",\"width\":2560,\"height\":635,\"caption\":\"Regi\u00e3o News\"},\"image\":{\"@id\":\"https:\\\/\\\/regiaonews.net.br\\\/2022\\\/#\\\/schema\\\/logo\\\/image\\\/\"}},{\"@type\":\"Person\",\"@id\":\"https:\\\/\\\/regiaonews.net.br\\\/2022\\\/#\\\/schema\\\/person\\\/2d205a608a5aa97ac279d7a5e6d89ad8\",\"name\":\"Roberto\",\"image\":{\"@type\":\"ImageObject\",\"inLanguage\":\"pt-BR\",\"@id\":\"https:\\\/\\\/secure.gravatar.com\\\/avatar\\\/42749d8b712ff9d59ca93dc150494e5b55a44134482993f5baeb97e61b7ecc89?s=96&d=mm&r=g\",\"url\":\"https:\\\/\\\/secure.gravatar.com\\\/avatar\\\/42749d8b712ff9d59ca93dc150494e5b55a44134482993f5baeb97e61b7ecc89?s=96&d=mm&r=g\",\"contentUrl\":\"https:\\\/\\\/secure.gravatar.com\\\/avatar\\\/42749d8b712ff9d59ca93dc150494e5b55a44134482993f5baeb97e61b7ecc89?s=96&d=mm&r=g\",\"caption\":\"Roberto\"},\"url\":\"https:\\\/\\\/regiaonews.net.br\\\/2022\\\/author\\\/roberto\\\/\"}]}<\/script>\n<!-- \/ Yoast SEO plugin. -->","yoast_head_json":{"title":"Mais de 200 crian\u00e7as devem frequentar os Polos de Educa\u00e7\u00e3o Infantil durante as f\u00e9rias - Regi\u00e3o News","robots":{"index":"index","follow":"follow","max-snippet":"max-snippet:-1","max-image-preview":"max-image-preview:large","max-video-preview":"max-video-preview:-1"},"canonical":"https:\/\/regiaonews.net.br\/2022\/2023\/12\/14\/mais-de-200-criancas-devem-frequentar-os-polos-de-educacao-infantil-durante-as-ferias\/","og_locale":"pt_BR","og_type":"article","og_title":"Mais de 200 crian\u00e7as devem frequentar os Polos de Educa\u00e7\u00e3o Infantil durante as f\u00e9rias - Regi\u00e3o News","og_description":"Atividades ser\u00e3o oferecidas entre os dias 23 de janeiro e","og_url":"https:\/\/regiaonews.net.br\/2022\/2023\/12\/14\/mais-de-200-criancas-devem-frequentar-os-polos-de-educacao-infantil-durante-as-ferias\/","og_site_name":"Regi\u00e3o News","article_published_time":"2023-12-14T23:28:38+00:00","og_image":[{"width":1600,"height":1068,"url":"https:\/\/regiaonews.net.br\/2022\/wp-content\/uploads\/2023\/12\/WhatsApp-Image-2023-12-14-at-16.29.09.jpeg","type":"image\/jpeg"}],"author":"Roberto","twitter_card":"summary_large_image","twitter_misc":{"Escrito por":"Roberto","Est. tempo de leitura":"2 minutos"},"schema":{"@context":"https:\/\/schema.org","@graph":[{"@type":"Article","@id":"https:\/\/regiaonews.net.br\/2022\/2023\/12\/14\/mais-de-200-criancas-devem-frequentar-os-polos-de-educacao-infantil-durante-as-ferias\/#article","isPartOf":{"@id":"https:\/\/regiaonews.net.br\/2022\/2023\/12\/14\/mais-de-200-criancas-devem-frequentar-os-polos-de-educacao-infantil-durante-as-ferias\/"},"author":{"name":"Roberto","@id":"https:\/\/regiaonews.net.br\/2022\/#\/schema\/person\/2d205a608a5aa97ac279d7a5e6d89ad8"},"headline":"Mais de 200 crian\u00e7as devem frequentar os Polos de Educa\u00e7\u00e3o Infantil durante as f\u00e9rias","datePublished":"2023-12-14T23:28:38+00:00","mainEntityOfPage":{"@id":"https:\/\/regiaonews.net.br\/2022\/2023\/12\/14\/mais-de-200-criancas-devem-frequentar-os-polos-de-educacao-infantil-durante-as-ferias\/"},"wordCount":250,"commentCount":0,"publisher":{"@id":"https:\/\/regiaonews.net.br\/2022\/#organization"},"image":{"@id":"https:\/\/regiaonews.net.br\/2022\/2023\/12\/14\/mais-de-200-criancas-devem-frequentar-os-polos-de-educacao-infantil-durante-as-ferias\/#primaryimage"},"thumbnailUrl":"https:\/\/regiaonews.net.br\/2022\/wp-content\/uploads\/2023\/12\/WhatsApp-Image-2023-12-14-at-16.29.09.jpeg","articleSection":["Barretos","Cidades"],"inLanguage":"pt-BR","potentialAction":[{"@type":"CommentAction","name":"Comment","target":["https:\/\/regiaonews.net.br\/2022\/2023\/12\/14\/mais-de-200-criancas-devem-frequentar-os-polos-de-educacao-infantil-durante-as-ferias\/#respond"]}]},{"@type":"WebPage","@id":"https:\/\/regiaonews.net.br\/2022\/2023\/12\/14\/mais-de-200-criancas-devem-frequentar-os-polos-de-educacao-infantil-durante-as-ferias\/","url":"https:\/\/regiaonews.net.br\/2022\/2023\/12\/14\/mais-de-200-criancas-devem-frequentar-os-polos-de-educacao-infantil-durante-as-ferias\/","name":"Mais de 200 crian\u00e7as devem frequentar os Polos de Educa\u00e7\u00e3o Infantil durante as f\u00e9rias - Regi\u00e3o News","isPartOf":{"@id":"https:\/\/regiaonews.net.br\/2022\/#website"},"primaryImageOfPage":{"@id":"https:\/\/regiaonews.net.br\/2022\/2023\/12\/14\/mais-de-200-criancas-devem-frequentar-os-polos-de-educacao-infantil-durante-as-ferias\/#primaryimage"},"image":{"@id":"https:\/\/regiaonews.net.br\/2022\/2023\/12\/14\/mais-de-200-criancas-devem-frequentar-os-polos-de-educacao-infantil-durante-as-ferias\/#primaryimage"},"thumbnailUrl":"https:\/\/regiaonews.net.br\/2022\/wp-content\/uploads\/2023\/12\/WhatsApp-Image-2023-12-14-at-16.29.09.jpeg","datePublished":"2023-12-14T23:28:38+00:00","breadcrumb":{"@id":"https:\/\/regiaonews.net.br\/2022\/2023\/12\/14\/mais-de-200-criancas-devem-frequentar-os-polos-de-educacao-infantil-durante-as-ferias\/#breadcrumb"},"inLanguage":"pt-BR","potentialAction":[{"@type":"ReadAction","target":["https:\/\/regiaonews.net.br\/2022\/2023\/12\/14\/mais-de-200-criancas-devem-frequentar-os-polos-de-educacao-infantil-durante-as-ferias\/"]}]},{"@type":"ImageObject","inLanguage":"pt-BR","@id":"https:\/\/regiaonews.net.br\/2022\/2023\/12\/14\/mais-de-200-criancas-devem-frequentar-os-polos-de-educacao-infantil-durante-as-ferias\/#primaryimage","url":"https:\/\/regiaonews.net.br\/2022\/wp-content\/uploads\/2023\/12\/WhatsApp-Image-2023-12-14-at-16.29.09.jpeg","contentUrl":"https:\/\/regiaonews.net.br\/2022\/wp-content\/uploads\/2023\/12\/WhatsApp-Image-2023-12-14-at-16.29.09.jpeg","width":1600,"height":1068},{"@type":"BreadcrumbList","@id":"https:\/\/regiaonews.net.br\/2022\/2023\/12\/14\/mais-de-200-criancas-devem-frequentar-os-polos-de-educacao-infantil-durante-as-ferias\/#breadcrumb","itemListElement":[{"@type":"ListItem","position":1,"name":"In\u00edcio","item":"https:\/\/regiaonews.net.br\/2022\/"},{"@type":"ListItem","position":2,"name":"Mais de 200 crian\u00e7as devem frequentar os Polos de Educa\u00e7\u00e3o Infantil durante as f\u00e9rias"}]},{"@type":"WebSite","@id":"https:\/\/regiaonews.net.br\/2022\/#website","url":"https:\/\/regiaonews.net.br\/2022\/","name":"Regi\u00e3o News","description":"Site de Not\u00edcias de Barretos e regi\u00e3o","publisher":{"@id":"https:\/\/regiaonews.net.br\/2022\/#organization"},"potentialAction":[{"@type":"SearchAction","target":{"@type":"EntryPoint","urlTemplate":"https:\/\/regiaonews.net.br\/2022\/?s={search_term_string}"},"query-input":{"@type":"PropertyValueSpecification","valueRequired":true,"valueName":"search_term_string"}}],"inLanguage":"pt-BR"},{"@type":"Organization","@id":"https:\/\/regiaonews.net.br\/2022\/#organization","name":"Regi\u00e3o News","url":"https:\/\/regiaonews.net.br\/2022\/","logo":{"@type":"ImageObject","inLanguage":"pt-BR","@id":"https:\/\/regiaonews.net.br\/2022\/#\/schema\/logo\/image\/","url":"https:\/\/regiaonews.net.br\/2022\/wp-content\/uploads\/2026\/03\/regiao-13-anos-scaled.jpg","contentUrl":"https:\/\/regiaonews.net.br\/2022\/wp-content\/uploads\/2026\/03\/regiao-13-anos-scaled.jpg","width":2560,"height":635,"caption":"Regi\u00e3o News"},"image":{"@id":"https:\/\/regiaonews.net.br\/2022\/#\/schema\/logo\/image\/"}},{"@type":"Person","@id":"https:\/\/regiaonews.net.br\/2022\/#\/schema\/person\/2d205a608a5aa97ac279d7a5e6d89ad8","name":"Roberto","image":{"@type":"ImageObject","inLanguage":"pt-BR","@id":"https:\/\/secure.gravatar.com\/avatar\/42749d8b712ff9d59ca93dc150494e5b55a44134482993f5baeb97e61b7ecc89?s=96&d=mm&r=g","url":"https:\/\/secure.gravatar.com\/avatar\/42749d8b712ff9d59ca93dc150494e5b55a44134482993f5baeb97e61b7ecc89?s=96&d=mm&r=g","contentUrl":"https:\/\/secure.gravatar.com\/avatar\/42749d8b712ff9d59ca93dc150494e5b55a44134482993f5baeb97e61b7ecc89?s=96&d=mm&r=g","caption":"Roberto"},"url":"https:\/\/regiaonews.net.br\/2022\/author\/roberto\/"}]}},"publishpress_future_action":{"enabled":false,"date":"2026-05-04 08:56:36","action":"change-status","newStatus":"draft","terms":[],"taxonomy":"category","extraData":[]},"publishpress_future_workflow_manual_trigger":{"enabledWorkflows":[]},"_links":{"self":[{"href":"https:\/\/regiaonews.net.br\/2022\/wp-json\/wp\/v2\/posts\/99135","targetHints":{"allow":["GET"]}}],"collection":[{"href":"https:\/\/regiaonews.net.br\/2022\/wp-json\/wp\/v2\/posts"}],"about":[{"href":"https:\/\/regiaonews.net.br\/2022\/wp-json\/wp\/v2\/types\/post"}],"author":[{"embeddable":true,"href":"https:\/\/regiaonews.net.br\/2022\/wp-json\/wp\/v2\/users\/2"}],"replies":[{"embeddable":true,"href":"https:\/\/regiaonews.net.br\/2022\/wp-json\/wp\/v2\/comments?post=99135"}],"version-history":[{"count":1,"href":"https:\/\/regiaonews.net.br\/2022\/wp-json\/wp\/v2\/posts\/99135\/revisions"}],"predecessor-version":[{"id":99137,"href":"https:\/\/regiaonews.net.br\/2022\/wp-json\/wp\/v2\/posts\/99135\/revisions\/99137"}],"wp:featuredmedia":[{"embeddable":true,"href":"https:\/\/regiaonews.net.br\/2022\/wp-json\/wp\/v2\/media\/99136"}],"wp:attachment":[{"href":"https:\/\/regiaonews.net.br\/2022\/wp-json\/wp\/v2\/media?parent=99135"}],"wp:term":[{"taxonomy":"category","embeddable":true,"href":"https:\/\/regiaonews.net.br\/2022\/wp-json\/wp\/v2\/categories?post=99135"},{"taxonomy":"post_tag","embeddable":true,"href":"https:\/\/regiaonews.net.br\/2022\/wp-json\/wp\/v2\/tags?post=99135"}],"curies":[{"name":"wp","href":"https:\/\/api.w.org\/{rel}","templated":true}]}}