{"id":99132,"date":"2023-12-14T20:22:03","date_gmt":"2023-12-14T23:22:03","guid":{"rendered":"https:\/\/regiaonews.net.br\/2022\/?p=99132"},"modified":"2023-12-14T20:22:03","modified_gmt":"2023-12-14T23:22:03","slug":"alunos-da-rede-municipal-de-ensino-de-barretos-realizam-prova-de-oculos","status":"publish","type":"post","link":"https:\/\/regiaonews.net.br\/2022\/2023\/12\/14\/alunos-da-rede-municipal-de-ensino-de-barretos-realizam-prova-de-oculos\/","title":{"rendered":"Alunos da Rede Municipal de Ensino de Barretos realizam prova de \u00f3culos"},"content":{"rendered":"<p>A\u00e7\u00e3o faz parte do Programa Sa\u00fade na Escola, do Governo Federal, que realiza avalia\u00e7\u00e3o da acuidade visual em crian\u00e7as de cinco a 11 anos<\/p>\n<p>A Prefeitura da Est\u00e2ncia Tur\u00edstica de Barretos, por meio da Secretaria Municipal de Sa\u00fade (SMS), promoveu na quarta-feira, 13 de dezembro, a prova de \u00f3culos para 47 alunos da Rede Municipal de Ensino. O teste dos acess\u00f3rios para corre\u00e7\u00e3o visual \u00e9 necess\u00e1rio para que os \u00f3culos sejam entregues devidamente ajustados com as especificidades de cada crian\u00e7a.<br \/>\nDe acordo com Marina Francisco, coordenadora na Aten\u00e7\u00e3o Prim\u00e1ria, ap\u00f3s a avalia\u00e7\u00e3o das equipes t\u00e9cnicas de Estrat\u00e9gia de Sa\u00fade da Fam\u00edlia com o teste de Snellen, as crian\u00e7as de cinco a 11 anos que apresentam alguma altera\u00e7\u00e3o na vis\u00e3o s\u00e3o encaminhadas para consulta com oftalmologista, que prescreve os \u00f3culos, se necess\u00e1rio. \u201c\u00c9 o momento em que estamos agora. O oftalmologista fornece a receita dos \u00f3culos, a gente confecciona, testa e depois entrega\u201d, disse. Segundo ela, foram 302 encaminhamentos e as consultas ainda est\u00e3o sendo realizadas.<br \/>\nO Programa Sa\u00fade na Escola \u00e9 uma iniciativa do Governo Federal que contempla 26 Unidades Escolares do munic\u00edpio, entre Escolas Municipais e Centros Municipais de Educa\u00e7\u00e3o Infantil (Cemeis), com diversas a\u00e7\u00f5es.<br \/>\nRespeito e cuidado com as crian\u00e7as<br \/>\nDurante a prova dos acess\u00f3rios, onde tiveram a oportunidade de opinar e escolher, dentre as op\u00e7\u00f5es dispon\u00edveis, o modelo de \u00f3culos que mais lhes agradassem, as crian\u00e7as foram recebidas na sede da SMS com pipoca doce, refrigerante, \u00e1gua e pirulito.<br \/>\nGra\u00e7a Lemos, secret\u00e1ria interina da Sa\u00fade, conversou com pais e crian\u00e7as e falou da import\u00e2ncia dessa a\u00e7\u00e3o em parceria com a Secretaria Municipal de Educa\u00e7\u00e3o. \u201cA crian\u00e7a que enxerga bem, enxerga o mundo mais colorido, melhor. Ent\u00e3o \u00e9 important\u00edssima a vis\u00e3o para a aprendizagem. As crian\u00e7as est\u00e3o escolhendo e a gente fica feliz com a ajuda ao pr\u00f3ximo, pois sabemos que a vida vai melhorar para essa crian\u00e7a\u201d, disse.<br \/>\nYasmin Jeniffer Oliveira Silva de Almeida \u00e9 a m\u00e3e da Milena, de seis anos, que estuda na E.M. Profa. Marlene Carboni Pereira. Ela conta que a filha sente dores e tem dificuldade para enxergar a lousa. \u201cEu gostei. Pelo menos pra m\u00e3e que n\u00e3o tem condi\u00e7\u00f5es de comprar, porque \u00e9 caro, n\u00e9? Mas eu gostei muito, sim. Ela tamb\u00e9m gostou. J\u00e1 achou que ia levar os \u00f3culos embora agora\u201d, contou.<br \/>\nO casal Adriano Paulino e Dayana Peixoto tamb\u00e9m acompanhou a filha Maria Vit\u00f3ria e aprovou a iniciativa. \u201cEla nunca usou, \u00e9 a primeira vez. Ela estava tendo dificuldade na hora de enxergar, na leitura\u201d, disse a m\u00e3e.<br \/>\nEmerson da Silva Fran\u00e7a, pai da Stephanie, considerou a a\u00e7\u00e3o da prefeitura muito importante. \u201cAjuda as crian\u00e7as que est\u00e3o precisando de \u00f3culos, de um apoio, e fica mais f\u00e1cil pra gente que \u00e9 um pouco mais carente. Mas \u00e9 muito importante para as crian\u00e7as, para poder enxergar melhor, para poder ter uma vida melhor, n\u00e9? Uma ajuda boa e s\u00f3 tenho a agradecer\u201d, falou.<br \/>\nAs fam\u00edlias ser\u00e3o avisadas pela Secretaria de Sa\u00fade sobre a data da entrega dos acess\u00f3rios, que est\u00e1 prevista para a pr\u00f3xima semana.<\/p>\n","protected":false},"excerpt":{"rendered":"<p>A\u00e7\u00e3o faz parte do Programa Sa\u00fade na Escola, do Governo<\/p>\n","protected":false},"author":2,"featured_media":99133,"comment_status":"open","ping_status":"open","sticky":false,"template":"","format":"standard","meta":{"footnotes":""},"categories":[14,25],"tags":[],"class_list":["post-99132","post","type-post","status-publish","format-standard","has-post-thumbnail","hentry","category-barretos","category-cidades"],"yoast_head":"<!-- This site is optimized with the Yoast SEO plugin v27.4 - https:\/\/yoast.com\/product\/yoast-seo-wordpress\/ -->\n<title>Alunos da Rede Municipal de Ensino de Barretos realizam prova de \u00f3culos - Regi\u00e3o News<\/title>\n<meta name=\"robots\" content=\"index, follow, max-snippet:-1, max-image-preview:large, max-video-preview:-1\" \/>\n<link rel=\"canonical\" href=\"https:\/\/regiaonews.net.br\/2022\/2023\/12\/14\/alunos-da-rede-municipal-de-ensino-de-barretos-realizam-prova-de-oculos\/\" \/>\n<meta property=\"og:locale\" content=\"pt_BR\" \/>\n<meta property=\"og:type\" content=\"article\" \/>\n<meta property=\"og:title\" content=\"Alunos da Rede Municipal de Ensino de Barretos realizam prova de \u00f3culos - Regi\u00e3o News\" \/>\n<meta property=\"og:description\" content=\"A\u00e7\u00e3o faz parte do Programa Sa\u00fade na Escola, do Governo\" \/>\n<meta property=\"og:url\" content=\"https:\/\/regiaonews.net.br\/2022\/2023\/12\/14\/alunos-da-rede-municipal-de-ensino-de-barretos-realizam-prova-de-oculos\/\" \/>\n<meta property=\"og:site_name\" content=\"Regi\u00e3o News\" \/>\n<meta property=\"article:published_time\" content=\"2023-12-14T23:22:03+00:00\" \/>\n<meta property=\"og:image\" content=\"https:\/\/regiaonews.net.br\/2022\/wp-content\/uploads\/2023\/12\/WhatsApp-Image-2023-12-14-at-16.29.02.jpeg\" \/>\n\t<meta property=\"og:image:width\" content=\"1600\" \/>\n\t<meta property=\"og:image:height\" content=\"1067\" \/>\n\t<meta property=\"og:image:type\" content=\"image\/jpeg\" \/>\n<meta name=\"author\" content=\"Roberto\" \/>\n<meta name=\"twitter:card\" content=\"summary_large_image\" \/>\n<meta name=\"twitter:label1\" content=\"Escrito por\" \/>\n\t<meta name=\"twitter:data1\" content=\"Roberto\" \/>\n\t<meta name=\"twitter:label2\" content=\"Est. tempo de leitura\" \/>\n\t<meta name=\"twitter:data2\" content=\"3 minutos\" \/>\n<script type=\"application\/ld+json\" class=\"yoast-schema-graph\">{\"@context\":\"https:\\\/\\\/schema.org\",\"@graph\":[{\"@type\":\"Article\",\"@id\":\"https:\\\/\\\/regiaonews.net.br\\\/2022\\\/2023\\\/12\\\/14\\\/alunos-da-rede-municipal-de-ensino-de-barretos-realizam-prova-de-oculos\\\/#article\",\"isPartOf\":{\"@id\":\"https:\\\/\\\/regiaonews.net.br\\\/2022\\\/2023\\\/12\\\/14\\\/alunos-da-rede-municipal-de-ensino-de-barretos-realizam-prova-de-oculos\\\/\"},\"author\":{\"name\":\"Roberto\",\"@id\":\"https:\\\/\\\/regiaonews.net.br\\\/2022\\\/#\\\/schema\\\/person\\\/2d205a608a5aa97ac279d7a5e6d89ad8\"},\"headline\":\"Alunos da Rede Municipal de Ensino de Barretos realizam prova de \u00f3culos\",\"datePublished\":\"2023-12-14T23:22:03+00:00\",\"mainEntityOfPage\":{\"@id\":\"https:\\\/\\\/regiaonews.net.br\\\/2022\\\/2023\\\/12\\\/14\\\/alunos-da-rede-municipal-de-ensino-de-barretos-realizam-prova-de-oculos\\\/\"},\"wordCount\":570,\"commentCount\":0,\"publisher\":{\"@id\":\"https:\\\/\\\/regiaonews.net.br\\\/2022\\\/#organization\"},\"image\":{\"@id\":\"https:\\\/\\\/regiaonews.net.br\\\/2022\\\/2023\\\/12\\\/14\\\/alunos-da-rede-municipal-de-ensino-de-barretos-realizam-prova-de-oculos\\\/#primaryimage\"},\"thumbnailUrl\":\"https:\\\/\\\/regiaonews.net.br\\\/2022\\\/wp-content\\\/uploads\\\/2023\\\/12\\\/WhatsApp-Image-2023-12-14-at-16.29.02.jpeg\",\"articleSection\":[\"Barretos\",\"Cidades\"],\"inLanguage\":\"pt-BR\",\"potentialAction\":[{\"@type\":\"CommentAction\",\"name\":\"Comment\",\"target\":[\"https:\\\/\\\/regiaonews.net.br\\\/2022\\\/2023\\\/12\\\/14\\\/alunos-da-rede-municipal-de-ensino-de-barretos-realizam-prova-de-oculos\\\/#respond\"]}]},{\"@type\":\"WebPage\",\"@id\":\"https:\\\/\\\/regiaonews.net.br\\\/2022\\\/2023\\\/12\\\/14\\\/alunos-da-rede-municipal-de-ensino-de-barretos-realizam-prova-de-oculos\\\/\",\"url\":\"https:\\\/\\\/regiaonews.net.br\\\/2022\\\/2023\\\/12\\\/14\\\/alunos-da-rede-municipal-de-ensino-de-barretos-realizam-prova-de-oculos\\\/\",\"name\":\"Alunos da Rede Municipal de Ensino de Barretos realizam prova de \u00f3culos - Regi\u00e3o News\",\"isPartOf\":{\"@id\":\"https:\\\/\\\/regiaonews.net.br\\\/2022\\\/#website\"},\"primaryImageOfPage\":{\"@id\":\"https:\\\/\\\/regiaonews.net.br\\\/2022\\\/2023\\\/12\\\/14\\\/alunos-da-rede-municipal-de-ensino-de-barretos-realizam-prova-de-oculos\\\/#primaryimage\"},\"image\":{\"@id\":\"https:\\\/\\\/regiaonews.net.br\\\/2022\\\/2023\\\/12\\\/14\\\/alunos-da-rede-municipal-de-ensino-de-barretos-realizam-prova-de-oculos\\\/#primaryimage\"},\"thumbnailUrl\":\"https:\\\/\\\/regiaonews.net.br\\\/2022\\\/wp-content\\\/uploads\\\/2023\\\/12\\\/WhatsApp-Image-2023-12-14-at-16.29.02.jpeg\",\"datePublished\":\"2023-12-14T23:22:03+00:00\",\"breadcrumb\":{\"@id\":\"https:\\\/\\\/regiaonews.net.br\\\/2022\\\/2023\\\/12\\\/14\\\/alunos-da-rede-municipal-de-ensino-de-barretos-realizam-prova-de-oculos\\\/#breadcrumb\"},\"inLanguage\":\"pt-BR\",\"potentialAction\":[{\"@type\":\"ReadAction\",\"target\":[\"https:\\\/\\\/regiaonews.net.br\\\/2022\\\/2023\\\/12\\\/14\\\/alunos-da-rede-municipal-de-ensino-de-barretos-realizam-prova-de-oculos\\\/\"]}]},{\"@type\":\"ImageObject\",\"inLanguage\":\"pt-BR\",\"@id\":\"https:\\\/\\\/regiaonews.net.br\\\/2022\\\/2023\\\/12\\\/14\\\/alunos-da-rede-municipal-de-ensino-de-barretos-realizam-prova-de-oculos\\\/#primaryimage\",\"url\":\"https:\\\/\\\/regiaonews.net.br\\\/2022\\\/wp-content\\\/uploads\\\/2023\\\/12\\\/WhatsApp-Image-2023-12-14-at-16.29.02.jpeg\",\"contentUrl\":\"https:\\\/\\\/regiaonews.net.br\\\/2022\\\/wp-content\\\/uploads\\\/2023\\\/12\\\/WhatsApp-Image-2023-12-14-at-16.29.02.jpeg\",\"width\":1600,\"height\":1067},{\"@type\":\"BreadcrumbList\",\"@id\":\"https:\\\/\\\/regiaonews.net.br\\\/2022\\\/2023\\\/12\\\/14\\\/alunos-da-rede-municipal-de-ensino-de-barretos-realizam-prova-de-oculos\\\/#breadcrumb\",\"itemListElement\":[{\"@type\":\"ListItem\",\"position\":1,\"name\":\"In\u00edcio\",\"item\":\"https:\\\/\\\/regiaonews.net.br\\\/2022\\\/\"},{\"@type\":\"ListItem\",\"position\":2,\"name\":\"Alunos da Rede Municipal de Ensino de Barretos realizam prova de \u00f3culos\"}]},{\"@type\":\"WebSite\",\"@id\":\"https:\\\/\\\/regiaonews.net.br\\\/2022\\\/#website\",\"url\":\"https:\\\/\\\/regiaonews.net.br\\\/2022\\\/\",\"name\":\"Regi\u00e3o News\",\"description\":\"Site de Not\u00edcias de Barretos e regi\u00e3o\",\"publisher\":{\"@id\":\"https:\\\/\\\/regiaonews.net.br\\\/2022\\\/#organization\"},\"potentialAction\":[{\"@type\":\"SearchAction\",\"target\":{\"@type\":\"EntryPoint\",\"urlTemplate\":\"https:\\\/\\\/regiaonews.net.br\\\/2022\\\/?s={search_term_string}\"},\"query-input\":{\"@type\":\"PropertyValueSpecification\",\"valueRequired\":true,\"valueName\":\"search_term_string\"}}],\"inLanguage\":\"pt-BR\"},{\"@type\":\"Organization\",\"@id\":\"https:\\\/\\\/regiaonews.net.br\\\/2022\\\/#organization\",\"name\":\"Regi\u00e3o News\",\"url\":\"https:\\\/\\\/regiaonews.net.br\\\/2022\\\/\",\"logo\":{\"@type\":\"ImageObject\",\"inLanguage\":\"pt-BR\",\"@id\":\"https:\\\/\\\/regiaonews.net.br\\\/2022\\\/#\\\/schema\\\/logo\\\/image\\\/\",\"url\":\"https:\\\/\\\/regiaonews.net.br\\\/2022\\\/wp-content\\\/uploads\\\/2026\\\/03\\\/regiao-13-anos-scaled.jpg\",\"contentUrl\":\"https:\\\/\\\/regiaonews.net.br\\\/2022\\\/wp-content\\\/uploads\\\/2026\\\/03\\\/regiao-13-anos-scaled.jpg\",\"width\":2560,\"height\":635,\"caption\":\"Regi\u00e3o News\"},\"image\":{\"@id\":\"https:\\\/\\\/regiaonews.net.br\\\/2022\\\/#\\\/schema\\\/logo\\\/image\\\/\"}},{\"@type\":\"Person\",\"@id\":\"https:\\\/\\\/regiaonews.net.br\\\/2022\\\/#\\\/schema\\\/person\\\/2d205a608a5aa97ac279d7a5e6d89ad8\",\"name\":\"Roberto\",\"image\":{\"@type\":\"ImageObject\",\"inLanguage\":\"pt-BR\",\"@id\":\"https:\\\/\\\/secure.gravatar.com\\\/avatar\\\/42749d8b712ff9d59ca93dc150494e5b55a44134482993f5baeb97e61b7ecc89?s=96&d=mm&r=g\",\"url\":\"https:\\\/\\\/secure.gravatar.com\\\/avatar\\\/42749d8b712ff9d59ca93dc150494e5b55a44134482993f5baeb97e61b7ecc89?s=96&d=mm&r=g\",\"contentUrl\":\"https:\\\/\\\/secure.gravatar.com\\\/avatar\\\/42749d8b712ff9d59ca93dc150494e5b55a44134482993f5baeb97e61b7ecc89?s=96&d=mm&r=g\",\"caption\":\"Roberto\"},\"url\":\"https:\\\/\\\/regiaonews.net.br\\\/2022\\\/author\\\/roberto\\\/\"}]}<\/script>\n<!-- \/ Yoast SEO plugin. -->","yoast_head_json":{"title":"Alunos da Rede Municipal de Ensino de Barretos realizam prova de \u00f3culos - Regi\u00e3o News","robots":{"index":"index","follow":"follow","max-snippet":"max-snippet:-1","max-image-preview":"max-image-preview:large","max-video-preview":"max-video-preview:-1"},"canonical":"https:\/\/regiaonews.net.br\/2022\/2023\/12\/14\/alunos-da-rede-municipal-de-ensino-de-barretos-realizam-prova-de-oculos\/","og_locale":"pt_BR","og_type":"article","og_title":"Alunos da Rede Municipal de Ensino de Barretos realizam prova de \u00f3culos - Regi\u00e3o News","og_description":"A\u00e7\u00e3o faz parte do Programa Sa\u00fade na Escola, do Governo","og_url":"https:\/\/regiaonews.net.br\/2022\/2023\/12\/14\/alunos-da-rede-municipal-de-ensino-de-barretos-realizam-prova-de-oculos\/","og_site_name":"Regi\u00e3o News","article_published_time":"2023-12-14T23:22:03+00:00","og_image":[{"width":1600,"height":1067,"url":"https:\/\/regiaonews.net.br\/2022\/wp-content\/uploads\/2023\/12\/WhatsApp-Image-2023-12-14-at-16.29.02.jpeg","type":"image\/jpeg"}],"author":"Roberto","twitter_card":"summary_large_image","twitter_misc":{"Escrito por":"Roberto","Est. tempo de leitura":"3 minutos"},"schema":{"@context":"https:\/\/schema.org","@graph":[{"@type":"Article","@id":"https:\/\/regiaonews.net.br\/2022\/2023\/12\/14\/alunos-da-rede-municipal-de-ensino-de-barretos-realizam-prova-de-oculos\/#article","isPartOf":{"@id":"https:\/\/regiaonews.net.br\/2022\/2023\/12\/14\/alunos-da-rede-municipal-de-ensino-de-barretos-realizam-prova-de-oculos\/"},"author":{"name":"Roberto","@id":"https:\/\/regiaonews.net.br\/2022\/#\/schema\/person\/2d205a608a5aa97ac279d7a5e6d89ad8"},"headline":"Alunos da Rede Municipal de Ensino de Barretos realizam prova de \u00f3culos","datePublished":"2023-12-14T23:22:03+00:00","mainEntityOfPage":{"@id":"https:\/\/regiaonews.net.br\/2022\/2023\/12\/14\/alunos-da-rede-municipal-de-ensino-de-barretos-realizam-prova-de-oculos\/"},"wordCount":570,"commentCount":0,"publisher":{"@id":"https:\/\/regiaonews.net.br\/2022\/#organization"},"image":{"@id":"https:\/\/regiaonews.net.br\/2022\/2023\/12\/14\/alunos-da-rede-municipal-de-ensino-de-barretos-realizam-prova-de-oculos\/#primaryimage"},"thumbnailUrl":"https:\/\/regiaonews.net.br\/2022\/wp-content\/uploads\/2023\/12\/WhatsApp-Image-2023-12-14-at-16.29.02.jpeg","articleSection":["Barretos","Cidades"],"inLanguage":"pt-BR","potentialAction":[{"@type":"CommentAction","name":"Comment","target":["https:\/\/regiaonews.net.br\/2022\/2023\/12\/14\/alunos-da-rede-municipal-de-ensino-de-barretos-realizam-prova-de-oculos\/#respond"]}]},{"@type":"WebPage","@id":"https:\/\/regiaonews.net.br\/2022\/2023\/12\/14\/alunos-da-rede-municipal-de-ensino-de-barretos-realizam-prova-de-oculos\/","url":"https:\/\/regiaonews.net.br\/2022\/2023\/12\/14\/alunos-da-rede-municipal-de-ensino-de-barretos-realizam-prova-de-oculos\/","name":"Alunos da Rede Municipal de Ensino de Barretos realizam prova de \u00f3culos - Regi\u00e3o News","isPartOf":{"@id":"https:\/\/regiaonews.net.br\/2022\/#website"},"primaryImageOfPage":{"@id":"https:\/\/regiaonews.net.br\/2022\/2023\/12\/14\/alunos-da-rede-municipal-de-ensino-de-barretos-realizam-prova-de-oculos\/#primaryimage"},"image":{"@id":"https:\/\/regiaonews.net.br\/2022\/2023\/12\/14\/alunos-da-rede-municipal-de-ensino-de-barretos-realizam-prova-de-oculos\/#primaryimage"},"thumbnailUrl":"https:\/\/regiaonews.net.br\/2022\/wp-content\/uploads\/2023\/12\/WhatsApp-Image-2023-12-14-at-16.29.02.jpeg","datePublished":"2023-12-14T23:22:03+00:00","breadcrumb":{"@id":"https:\/\/regiaonews.net.br\/2022\/2023\/12\/14\/alunos-da-rede-municipal-de-ensino-de-barretos-realizam-prova-de-oculos\/#breadcrumb"},"inLanguage":"pt-BR","potentialAction":[{"@type":"ReadAction","target":["https:\/\/regiaonews.net.br\/2022\/2023\/12\/14\/alunos-da-rede-municipal-de-ensino-de-barretos-realizam-prova-de-oculos\/"]}]},{"@type":"ImageObject","inLanguage":"pt-BR","@id":"https:\/\/regiaonews.net.br\/2022\/2023\/12\/14\/alunos-da-rede-municipal-de-ensino-de-barretos-realizam-prova-de-oculos\/#primaryimage","url":"https:\/\/regiaonews.net.br\/2022\/wp-content\/uploads\/2023\/12\/WhatsApp-Image-2023-12-14-at-16.29.02.jpeg","contentUrl":"https:\/\/regiaonews.net.br\/2022\/wp-content\/uploads\/2023\/12\/WhatsApp-Image-2023-12-14-at-16.29.02.jpeg","width":1600,"height":1067},{"@type":"BreadcrumbList","@id":"https:\/\/regiaonews.net.br\/2022\/2023\/12\/14\/alunos-da-rede-municipal-de-ensino-de-barretos-realizam-prova-de-oculos\/#breadcrumb","itemListElement":[{"@type":"ListItem","position":1,"name":"In\u00edcio","item":"https:\/\/regiaonews.net.br\/2022\/"},{"@type":"ListItem","position":2,"name":"Alunos da Rede Municipal de Ensino de Barretos realizam prova de \u00f3culos"}]},{"@type":"WebSite","@id":"https:\/\/regiaonews.net.br\/2022\/#website","url":"https:\/\/regiaonews.net.br\/2022\/","name":"Regi\u00e3o News","description":"Site de Not\u00edcias de Barretos e regi\u00e3o","publisher":{"@id":"https:\/\/regiaonews.net.br\/2022\/#organization"},"potentialAction":[{"@type":"SearchAction","target":{"@type":"EntryPoint","urlTemplate":"https:\/\/regiaonews.net.br\/2022\/?s={search_term_string}"},"query-input":{"@type":"PropertyValueSpecification","valueRequired":true,"valueName":"search_term_string"}}],"inLanguage":"pt-BR"},{"@type":"Organization","@id":"https:\/\/regiaonews.net.br\/2022\/#organization","name":"Regi\u00e3o News","url":"https:\/\/regiaonews.net.br\/2022\/","logo":{"@type":"ImageObject","inLanguage":"pt-BR","@id":"https:\/\/regiaonews.net.br\/2022\/#\/schema\/logo\/image\/","url":"https:\/\/regiaonews.net.br\/2022\/wp-content\/uploads\/2026\/03\/regiao-13-anos-scaled.jpg","contentUrl":"https:\/\/regiaonews.net.br\/2022\/wp-content\/uploads\/2026\/03\/regiao-13-anos-scaled.jpg","width":2560,"height":635,"caption":"Regi\u00e3o News"},"image":{"@id":"https:\/\/regiaonews.net.br\/2022\/#\/schema\/logo\/image\/"}},{"@type":"Person","@id":"https:\/\/regiaonews.net.br\/2022\/#\/schema\/person\/2d205a608a5aa97ac279d7a5e6d89ad8","name":"Roberto","image":{"@type":"ImageObject","inLanguage":"pt-BR","@id":"https:\/\/secure.gravatar.com\/avatar\/42749d8b712ff9d59ca93dc150494e5b55a44134482993f5baeb97e61b7ecc89?s=96&d=mm&r=g","url":"https:\/\/secure.gravatar.com\/avatar\/42749d8b712ff9d59ca93dc150494e5b55a44134482993f5baeb97e61b7ecc89?s=96&d=mm&r=g","contentUrl":"https:\/\/secure.gravatar.com\/avatar\/42749d8b712ff9d59ca93dc150494e5b55a44134482993f5baeb97e61b7ecc89?s=96&d=mm&r=g","caption":"Roberto"},"url":"https:\/\/regiaonews.net.br\/2022\/author\/roberto\/"}]}},"publishpress_future_action":{"enabled":false,"date":"2026-05-04 10:28:36","action":"change-status","newStatus":"draft","terms":[],"taxonomy":"category","extraData":[]},"publishpress_future_workflow_manual_trigger":{"enabledWorkflows":[]},"_links":{"self":[{"href":"https:\/\/regiaonews.net.br\/2022\/wp-json\/wp\/v2\/posts\/99132","targetHints":{"allow":["GET"]}}],"collection":[{"href":"https:\/\/regiaonews.net.br\/2022\/wp-json\/wp\/v2\/posts"}],"about":[{"href":"https:\/\/regiaonews.net.br\/2022\/wp-json\/wp\/v2\/types\/post"}],"author":[{"embeddable":true,"href":"https:\/\/regiaonews.net.br\/2022\/wp-json\/wp\/v2\/users\/2"}],"replies":[{"embeddable":true,"href":"https:\/\/regiaonews.net.br\/2022\/wp-json\/wp\/v2\/comments?post=99132"}],"version-history":[{"count":1,"href":"https:\/\/regiaonews.net.br\/2022\/wp-json\/wp\/v2\/posts\/99132\/revisions"}],"predecessor-version":[{"id":99134,"href":"https:\/\/regiaonews.net.br\/2022\/wp-json\/wp\/v2\/posts\/99132\/revisions\/99134"}],"wp:featuredmedia":[{"embeddable":true,"href":"https:\/\/regiaonews.net.br\/2022\/wp-json\/wp\/v2\/media\/99133"}],"wp:attachment":[{"href":"https:\/\/regiaonews.net.br\/2022\/wp-json\/wp\/v2\/media?parent=99132"}],"wp:term":[{"taxonomy":"category","embeddable":true,"href":"https:\/\/regiaonews.net.br\/2022\/wp-json\/wp\/v2\/categories?post=99132"},{"taxonomy":"post_tag","embeddable":true,"href":"https:\/\/regiaonews.net.br\/2022\/wp-json\/wp\/v2\/tags?post=99132"}],"curies":[{"name":"wp","href":"https:\/\/api.w.org\/{rel}","templated":true}]}}