{"id":99065,"date":"2023-12-13T21:02:58","date_gmt":"2023-12-14T00:02:58","guid":{"rendered":"https:\/\/regiaonews.net.br\/2022\/?p=99065"},"modified":"2023-12-13T21:02:58","modified_gmt":"2023-12-14T00:02:58","slug":"bonde-do-noel-e-sucesso-nos-bairros-de-barretos","status":"publish","type":"post","link":"https:\/\/regiaonews.net.br\/2022\/2023\/12\/13\/bonde-do-noel-e-sucesso-nos-bairros-de-barretos\/","title":{"rendered":"Bonde do Noel \u00e9 sucesso nos bairros de Barretos"},"content":{"rendered":"<p>Atra\u00e7\u00e3o leva o Papai Noel e programa\u00e7\u00e3o natalina \u00e0s diferentes regi\u00f5es da cidade, descentralizando as atividades do Natal Luz 2023<\/p>\n<p>O in\u00e9dito Bonde do Noel vem fazendo muito sucesso. A caravana guiada por um trio el\u00e9trico natalino tem sa\u00edda da sede da Secretaria Municipal de Cultura e segue para os bairros da Est\u00e2ncia Tur\u00edstica de Barretos, levando a magia e o encantamento do Natal \u00e0s regi\u00f5es perif\u00e9ricas. No ponto de chegada, em um palco itinerante, as atra\u00e7\u00f5es natalinas e personagens preferidos das crian\u00e7as interagem com o p\u00fablico, promovendo a inclus\u00e3o de todos \u00e0s festividades do Natal Luz 2023.<br \/>\nA estreia do Bonde do Noel aconteceu na segunda-feira, dia 11, com itiner\u00e1rio que percorreu os bairros Clementina, Res. Parque dos Ip\u00eas, Hussein Gemha, Santana, Pimenta, Bom Jesus, Santa Helena, Dom Bosco, e Zequinha Am\u00eandola (Barretos II). Na ter\u00e7a-feira, dia 12, a atra\u00e7\u00e3o seguiu pela Vila Gomes, Mais Parque e Christiano Carvalho.<br \/>\nA Prefeita Paula Lemos acompanhou os dois trajetos e destacou com alegria a iniciativa em levar o Natal aos bairros. \u201cO Bonde do Noel foi pensado com todo o carinho e com o prop\u00f3sito de levar nossa programa\u00e7\u00e3o \u00e0s regi\u00f5es perif\u00e9ricas. Tem sido m\u00e1gico vivenciar esses momentos de alegria, uni\u00e3o e celebra\u00e7\u00e3o. At\u00e9 agora, foram dois dias inesquec\u00edveis na minha vida\u201d, enfatizou.<br \/>\nA programa\u00e7\u00e3o teve ades\u00e3o da popula\u00e7\u00e3o que prestigiou e aprovou as atra\u00e7\u00f5es, conforme explicou o Secret\u00e1rio Municipal de Cultura, Rog\u00e9rio Teod\u00f3sio \u201cO Bonde do Noel est\u00e1 encantando e levando alegria aos bairros. A ades\u00e3o da popula\u00e7\u00e3o comprova o sucesso e mostra que estamos alcan\u00e7ando nossos objetivos de promover uma programa\u00e7\u00e3o inclusiva\u201d, disse.<\/p>\n<p>O Bonde do Noel continua<br \/>\nA programa\u00e7\u00e3o do Bonde do Noel continua nesta quarta-feira, dia 13, com itiner\u00e1rio que seguir\u00e1 para os bairros Pedro Cavalini, Cecap II, Benedito Correia, Newton Siqueira Sopa, Falleiros e Luiz Spina e chegada na Pra\u00e7a do Bairro Luiz Spina, na R. Demerval de Almeida, \u00e0s 19h30.<br \/>\nNo domingo, dia 17, o Bonde do Noel sair\u00e1 mais cedo, \u00e0s 16h, seguindo pelos bairros Paulo Prata, Am\u00e9rica Vila Rios, Diva, Jardim, Nova Barretos e tem chegada no Bairro Vida, prevista para \u00e0s 17h30, na Escola Municipal \u201cProf.\u00aa Ivone Diniz Junqueira\u201d, Av. VN 5 &#8211; Irlandino Netto Sandoval.<br \/>\nE na segunda-feira, dia 18, o Bonde do Noel se despede fazendo seu percurso Jockey, Derby, Los Angeles, Santa Cec\u00edlia, San Diego, Anast\u00e1cio e S\u00e3o Francisco, onde ser\u00e1 a sua chegada na Escola Municipal S\u00e3o Francisco (Rua SF-8, 1610), \u00e0s 19h30.<\/p>\n<p>Programa\u00e7\u00e3o Natal Luz 2023<br \/>\nAl\u00e9m do Bonde do Noel, a programa\u00e7\u00e3o do Natal Luz continua na \u00e1rea central com as seguintes atra\u00e7\u00f5es:<\/p>\n<p>Veneratta &#8211; M\u00fasica e Feira Gastron\u00f4mica<br \/>\nUm happy-hour no cal\u00e7ad\u00e3o do centro comercial da cidade, com m\u00fasica tocada das sacadas das casas e lojas do cal\u00e7ad\u00e3o. A Veneratta tem como objetivo venerar e apreciar a arquitetura do local e a m\u00fasica de diversos ritmos com a inspira\u00e7\u00e3o do Natal.<br \/>\nDias: 15 e 22<br \/>\nHor\u00e1rio: 20h<br \/>\nLocal: Cal\u00e7ad\u00e3o da AV. 17, Ruas 18&#215;20.<\/p>\n<p>Choro e Bossa<br \/>\nHappy-hour no centro comercial da cidade com bandas de Choro e Bossa Nova tocando no cal\u00e7ad\u00e3o.<br \/>\nDia: 16<br \/>\nHor\u00e1rio: 20h<br \/>\nLocal: Cal\u00e7ad\u00e3o da AV. 17, Ruas 18&#215;20.<\/p>\n<p>Concurso \u201cA Mais Bela Voz \u2013 Kids\u201d (infantil e juvenil)<br \/>\nDia: 19<br \/>\nHor\u00e1rio: 21h<br \/>\nLocal: Pra\u00e7a Francisco Barreto<\/p>\n<p>Entrega das obras de revitaliza\u00e7\u00e3o da Pra\u00e7a Francisco Barreto e show com Rionegro e Solim\u00f5es<br \/>\nDia: 20<br \/>\nHor\u00e1rio: 20h<br \/>\nLocal: Pra\u00e7a Francisco Barreto<\/p>\n<p>Parada de Natal<br \/>\nDia:21<br \/>\nHor\u00e1rio:19h30<br \/>\nSa\u00edda: Sede da Secretaria Municipal de Cultura (Esq. Av. 15xRua18), seguindo perla Rua 20.<br \/>\nChegada: Esq. Av21x Rua 20<\/p>\n<p>\u201cCasinha do Papai Noel Ecopower\u201d<br \/>\nAberta de segunda a sexta-feira, a partir das 15h<br \/>\nS\u00e1bados, a partir das 10h<br \/>\nDomingos (17 e 24), a partir das 10h.<\/p>\n","protected":false},"excerpt":{"rendered":"<p>Atra\u00e7\u00e3o leva o Papai Noel e programa\u00e7\u00e3o natalina \u00e0s diferentes<\/p>\n","protected":false},"author":2,"featured_media":99066,"comment_status":"open","ping_status":"open","sticky":false,"template":"","format":"standard","meta":{"footnotes":""},"categories":[14,25],"tags":[],"class_list":["post-99065","post","type-post","status-publish","format-standard","has-post-thumbnail","hentry","category-barretos","category-cidades"],"yoast_head":"<!-- This site is optimized with the Yoast SEO plugin v27.4 - https:\/\/yoast.com\/product\/yoast-seo-wordpress\/ -->\n<title>Bonde do Noel \u00e9 sucesso nos bairros de Barretos - Regi\u00e3o News<\/title>\n<meta name=\"robots\" content=\"index, follow, max-snippet:-1, max-image-preview:large, max-video-preview:-1\" \/>\n<link rel=\"canonical\" href=\"https:\/\/regiaonews.net.br\/2022\/2023\/12\/13\/bonde-do-noel-e-sucesso-nos-bairros-de-barretos\/\" \/>\n<meta property=\"og:locale\" content=\"pt_BR\" \/>\n<meta property=\"og:type\" content=\"article\" \/>\n<meta property=\"og:title\" content=\"Bonde do Noel \u00e9 sucesso nos bairros de Barretos - Regi\u00e3o News\" \/>\n<meta property=\"og:description\" content=\"Atra\u00e7\u00e3o leva o Papai Noel e programa\u00e7\u00e3o natalina \u00e0s diferentes\" \/>\n<meta property=\"og:url\" content=\"https:\/\/regiaonews.net.br\/2022\/2023\/12\/13\/bonde-do-noel-e-sucesso-nos-bairros-de-barretos\/\" \/>\n<meta property=\"og:site_name\" content=\"Regi\u00e3o News\" \/>\n<meta property=\"article:published_time\" content=\"2023-12-14T00:02:58+00:00\" \/>\n<meta property=\"og:image\" content=\"https:\/\/regiaonews.net.br\/2022\/wp-content\/uploads\/2023\/12\/WhatsApp-Image-2023-12-13-at-19.06.36.jpeg\" \/>\n\t<meta property=\"og:image:width\" content=\"1600\" \/>\n\t<meta property=\"og:image:height\" content=\"1068\" \/>\n\t<meta property=\"og:image:type\" content=\"image\/jpeg\" \/>\n<meta name=\"author\" content=\"Roberto\" \/>\n<meta name=\"twitter:card\" content=\"summary_large_image\" \/>\n<meta name=\"twitter:label1\" content=\"Escrito por\" \/>\n\t<meta name=\"twitter:data1\" content=\"Roberto\" \/>\n\t<meta name=\"twitter:label2\" content=\"Est. tempo de leitura\" \/>\n\t<meta name=\"twitter:data2\" content=\"4 minutos\" \/>\n<script type=\"application\/ld+json\" class=\"yoast-schema-graph\">{\"@context\":\"https:\\\/\\\/schema.org\",\"@graph\":[{\"@type\":\"Article\",\"@id\":\"https:\\\/\\\/regiaonews.net.br\\\/2022\\\/2023\\\/12\\\/13\\\/bonde-do-noel-e-sucesso-nos-bairros-de-barretos\\\/#article\",\"isPartOf\":{\"@id\":\"https:\\\/\\\/regiaonews.net.br\\\/2022\\\/2023\\\/12\\\/13\\\/bonde-do-noel-e-sucesso-nos-bairros-de-barretos\\\/\"},\"author\":{\"name\":\"Roberto\",\"@id\":\"https:\\\/\\\/regiaonews.net.br\\\/2022\\\/#\\\/schema\\\/person\\\/2d205a608a5aa97ac279d7a5e6d89ad8\"},\"headline\":\"Bonde do Noel \u00e9 sucesso nos bairros de Barretos\",\"datePublished\":\"2023-12-14T00:02:58+00:00\",\"mainEntityOfPage\":{\"@id\":\"https:\\\/\\\/regiaonews.net.br\\\/2022\\\/2023\\\/12\\\/13\\\/bonde-do-noel-e-sucesso-nos-bairros-de-barretos\\\/\"},\"wordCount\":676,\"commentCount\":0,\"publisher\":{\"@id\":\"https:\\\/\\\/regiaonews.net.br\\\/2022\\\/#organization\"},\"image\":{\"@id\":\"https:\\\/\\\/regiaonews.net.br\\\/2022\\\/2023\\\/12\\\/13\\\/bonde-do-noel-e-sucesso-nos-bairros-de-barretos\\\/#primaryimage\"},\"thumbnailUrl\":\"https:\\\/\\\/regiaonews.net.br\\\/2022\\\/wp-content\\\/uploads\\\/2023\\\/12\\\/WhatsApp-Image-2023-12-13-at-19.06.36.jpeg\",\"articleSection\":[\"Barretos\",\"Cidades\"],\"inLanguage\":\"pt-BR\",\"potentialAction\":[{\"@type\":\"CommentAction\",\"name\":\"Comment\",\"target\":[\"https:\\\/\\\/regiaonews.net.br\\\/2022\\\/2023\\\/12\\\/13\\\/bonde-do-noel-e-sucesso-nos-bairros-de-barretos\\\/#respond\"]}]},{\"@type\":\"WebPage\",\"@id\":\"https:\\\/\\\/regiaonews.net.br\\\/2022\\\/2023\\\/12\\\/13\\\/bonde-do-noel-e-sucesso-nos-bairros-de-barretos\\\/\",\"url\":\"https:\\\/\\\/regiaonews.net.br\\\/2022\\\/2023\\\/12\\\/13\\\/bonde-do-noel-e-sucesso-nos-bairros-de-barretos\\\/\",\"name\":\"Bonde do Noel \u00e9 sucesso nos bairros de Barretos - Regi\u00e3o News\",\"isPartOf\":{\"@id\":\"https:\\\/\\\/regiaonews.net.br\\\/2022\\\/#website\"},\"primaryImageOfPage\":{\"@id\":\"https:\\\/\\\/regiaonews.net.br\\\/2022\\\/2023\\\/12\\\/13\\\/bonde-do-noel-e-sucesso-nos-bairros-de-barretos\\\/#primaryimage\"},\"image\":{\"@id\":\"https:\\\/\\\/regiaonews.net.br\\\/2022\\\/2023\\\/12\\\/13\\\/bonde-do-noel-e-sucesso-nos-bairros-de-barretos\\\/#primaryimage\"},\"thumbnailUrl\":\"https:\\\/\\\/regiaonews.net.br\\\/2022\\\/wp-content\\\/uploads\\\/2023\\\/12\\\/WhatsApp-Image-2023-12-13-at-19.06.36.jpeg\",\"datePublished\":\"2023-12-14T00:02:58+00:00\",\"breadcrumb\":{\"@id\":\"https:\\\/\\\/regiaonews.net.br\\\/2022\\\/2023\\\/12\\\/13\\\/bonde-do-noel-e-sucesso-nos-bairros-de-barretos\\\/#breadcrumb\"},\"inLanguage\":\"pt-BR\",\"potentialAction\":[{\"@type\":\"ReadAction\",\"target\":[\"https:\\\/\\\/regiaonews.net.br\\\/2022\\\/2023\\\/12\\\/13\\\/bonde-do-noel-e-sucesso-nos-bairros-de-barretos\\\/\"]}]},{\"@type\":\"ImageObject\",\"inLanguage\":\"pt-BR\",\"@id\":\"https:\\\/\\\/regiaonews.net.br\\\/2022\\\/2023\\\/12\\\/13\\\/bonde-do-noel-e-sucesso-nos-bairros-de-barretos\\\/#primaryimage\",\"url\":\"https:\\\/\\\/regiaonews.net.br\\\/2022\\\/wp-content\\\/uploads\\\/2023\\\/12\\\/WhatsApp-Image-2023-12-13-at-19.06.36.jpeg\",\"contentUrl\":\"https:\\\/\\\/regiaonews.net.br\\\/2022\\\/wp-content\\\/uploads\\\/2023\\\/12\\\/WhatsApp-Image-2023-12-13-at-19.06.36.jpeg\",\"width\":1600,\"height\":1068},{\"@type\":\"BreadcrumbList\",\"@id\":\"https:\\\/\\\/regiaonews.net.br\\\/2022\\\/2023\\\/12\\\/13\\\/bonde-do-noel-e-sucesso-nos-bairros-de-barretos\\\/#breadcrumb\",\"itemListElement\":[{\"@type\":\"ListItem\",\"position\":1,\"name\":\"In\u00edcio\",\"item\":\"https:\\\/\\\/regiaonews.net.br\\\/2022\\\/\"},{\"@type\":\"ListItem\",\"position\":2,\"name\":\"Bonde do Noel \u00e9 sucesso nos bairros de Barretos\"}]},{\"@type\":\"WebSite\",\"@id\":\"https:\\\/\\\/regiaonews.net.br\\\/2022\\\/#website\",\"url\":\"https:\\\/\\\/regiaonews.net.br\\\/2022\\\/\",\"name\":\"Regi\u00e3o News\",\"description\":\"Site de Not\u00edcias de Barretos e regi\u00e3o\",\"publisher\":{\"@id\":\"https:\\\/\\\/regiaonews.net.br\\\/2022\\\/#organization\"},\"potentialAction\":[{\"@type\":\"SearchAction\",\"target\":{\"@type\":\"EntryPoint\",\"urlTemplate\":\"https:\\\/\\\/regiaonews.net.br\\\/2022\\\/?s={search_term_string}\"},\"query-input\":{\"@type\":\"PropertyValueSpecification\",\"valueRequired\":true,\"valueName\":\"search_term_string\"}}],\"inLanguage\":\"pt-BR\"},{\"@type\":\"Organization\",\"@id\":\"https:\\\/\\\/regiaonews.net.br\\\/2022\\\/#organization\",\"name\":\"Regi\u00e3o News\",\"url\":\"https:\\\/\\\/regiaonews.net.br\\\/2022\\\/\",\"logo\":{\"@type\":\"ImageObject\",\"inLanguage\":\"pt-BR\",\"@id\":\"https:\\\/\\\/regiaonews.net.br\\\/2022\\\/#\\\/schema\\\/logo\\\/image\\\/\",\"url\":\"https:\\\/\\\/regiaonews.net.br\\\/2022\\\/wp-content\\\/uploads\\\/2026\\\/03\\\/regiao-13-anos-scaled.jpg\",\"contentUrl\":\"https:\\\/\\\/regiaonews.net.br\\\/2022\\\/wp-content\\\/uploads\\\/2026\\\/03\\\/regiao-13-anos-scaled.jpg\",\"width\":2560,\"height\":635,\"caption\":\"Regi\u00e3o News\"},\"image\":{\"@id\":\"https:\\\/\\\/regiaonews.net.br\\\/2022\\\/#\\\/schema\\\/logo\\\/image\\\/\"}},{\"@type\":\"Person\",\"@id\":\"https:\\\/\\\/regiaonews.net.br\\\/2022\\\/#\\\/schema\\\/person\\\/2d205a608a5aa97ac279d7a5e6d89ad8\",\"name\":\"Roberto\",\"image\":{\"@type\":\"ImageObject\",\"inLanguage\":\"pt-BR\",\"@id\":\"https:\\\/\\\/secure.gravatar.com\\\/avatar\\\/42749d8b712ff9d59ca93dc150494e5b55a44134482993f5baeb97e61b7ecc89?s=96&d=mm&r=g\",\"url\":\"https:\\\/\\\/secure.gravatar.com\\\/avatar\\\/42749d8b712ff9d59ca93dc150494e5b55a44134482993f5baeb97e61b7ecc89?s=96&d=mm&r=g\",\"contentUrl\":\"https:\\\/\\\/secure.gravatar.com\\\/avatar\\\/42749d8b712ff9d59ca93dc150494e5b55a44134482993f5baeb97e61b7ecc89?s=96&d=mm&r=g\",\"caption\":\"Roberto\"},\"url\":\"https:\\\/\\\/regiaonews.net.br\\\/2022\\\/author\\\/roberto\\\/\"}]}<\/script>\n<!-- \/ Yoast SEO plugin. -->","yoast_head_json":{"title":"Bonde do Noel \u00e9 sucesso nos bairros de Barretos - Regi\u00e3o News","robots":{"index":"index","follow":"follow","max-snippet":"max-snippet:-1","max-image-preview":"max-image-preview:large","max-video-preview":"max-video-preview:-1"},"canonical":"https:\/\/regiaonews.net.br\/2022\/2023\/12\/13\/bonde-do-noel-e-sucesso-nos-bairros-de-barretos\/","og_locale":"pt_BR","og_type":"article","og_title":"Bonde do Noel \u00e9 sucesso nos bairros de Barretos - Regi\u00e3o News","og_description":"Atra\u00e7\u00e3o leva o Papai Noel e programa\u00e7\u00e3o natalina \u00e0s diferentes","og_url":"https:\/\/regiaonews.net.br\/2022\/2023\/12\/13\/bonde-do-noel-e-sucesso-nos-bairros-de-barretos\/","og_site_name":"Regi\u00e3o News","article_published_time":"2023-12-14T00:02:58+00:00","og_image":[{"width":1600,"height":1068,"url":"https:\/\/regiaonews.net.br\/2022\/wp-content\/uploads\/2023\/12\/WhatsApp-Image-2023-12-13-at-19.06.36.jpeg","type":"image\/jpeg"}],"author":"Roberto","twitter_card":"summary_large_image","twitter_misc":{"Escrito por":"Roberto","Est. tempo de leitura":"4 minutos"},"schema":{"@context":"https:\/\/schema.org","@graph":[{"@type":"Article","@id":"https:\/\/regiaonews.net.br\/2022\/2023\/12\/13\/bonde-do-noel-e-sucesso-nos-bairros-de-barretos\/#article","isPartOf":{"@id":"https:\/\/regiaonews.net.br\/2022\/2023\/12\/13\/bonde-do-noel-e-sucesso-nos-bairros-de-barretos\/"},"author":{"name":"Roberto","@id":"https:\/\/regiaonews.net.br\/2022\/#\/schema\/person\/2d205a608a5aa97ac279d7a5e6d89ad8"},"headline":"Bonde do Noel \u00e9 sucesso nos bairros de Barretos","datePublished":"2023-12-14T00:02:58+00:00","mainEntityOfPage":{"@id":"https:\/\/regiaonews.net.br\/2022\/2023\/12\/13\/bonde-do-noel-e-sucesso-nos-bairros-de-barretos\/"},"wordCount":676,"commentCount":0,"publisher":{"@id":"https:\/\/regiaonews.net.br\/2022\/#organization"},"image":{"@id":"https:\/\/regiaonews.net.br\/2022\/2023\/12\/13\/bonde-do-noel-e-sucesso-nos-bairros-de-barretos\/#primaryimage"},"thumbnailUrl":"https:\/\/regiaonews.net.br\/2022\/wp-content\/uploads\/2023\/12\/WhatsApp-Image-2023-12-13-at-19.06.36.jpeg","articleSection":["Barretos","Cidades"],"inLanguage":"pt-BR","potentialAction":[{"@type":"CommentAction","name":"Comment","target":["https:\/\/regiaonews.net.br\/2022\/2023\/12\/13\/bonde-do-noel-e-sucesso-nos-bairros-de-barretos\/#respond"]}]},{"@type":"WebPage","@id":"https:\/\/regiaonews.net.br\/2022\/2023\/12\/13\/bonde-do-noel-e-sucesso-nos-bairros-de-barretos\/","url":"https:\/\/regiaonews.net.br\/2022\/2023\/12\/13\/bonde-do-noel-e-sucesso-nos-bairros-de-barretos\/","name":"Bonde do Noel \u00e9 sucesso nos bairros de Barretos - Regi\u00e3o News","isPartOf":{"@id":"https:\/\/regiaonews.net.br\/2022\/#website"},"primaryImageOfPage":{"@id":"https:\/\/regiaonews.net.br\/2022\/2023\/12\/13\/bonde-do-noel-e-sucesso-nos-bairros-de-barretos\/#primaryimage"},"image":{"@id":"https:\/\/regiaonews.net.br\/2022\/2023\/12\/13\/bonde-do-noel-e-sucesso-nos-bairros-de-barretos\/#primaryimage"},"thumbnailUrl":"https:\/\/regiaonews.net.br\/2022\/wp-content\/uploads\/2023\/12\/WhatsApp-Image-2023-12-13-at-19.06.36.jpeg","datePublished":"2023-12-14T00:02:58+00:00","breadcrumb":{"@id":"https:\/\/regiaonews.net.br\/2022\/2023\/12\/13\/bonde-do-noel-e-sucesso-nos-bairros-de-barretos\/#breadcrumb"},"inLanguage":"pt-BR","potentialAction":[{"@type":"ReadAction","target":["https:\/\/regiaonews.net.br\/2022\/2023\/12\/13\/bonde-do-noel-e-sucesso-nos-bairros-de-barretos\/"]}]},{"@type":"ImageObject","inLanguage":"pt-BR","@id":"https:\/\/regiaonews.net.br\/2022\/2023\/12\/13\/bonde-do-noel-e-sucesso-nos-bairros-de-barretos\/#primaryimage","url":"https:\/\/regiaonews.net.br\/2022\/wp-content\/uploads\/2023\/12\/WhatsApp-Image-2023-12-13-at-19.06.36.jpeg","contentUrl":"https:\/\/regiaonews.net.br\/2022\/wp-content\/uploads\/2023\/12\/WhatsApp-Image-2023-12-13-at-19.06.36.jpeg","width":1600,"height":1068},{"@type":"BreadcrumbList","@id":"https:\/\/regiaonews.net.br\/2022\/2023\/12\/13\/bonde-do-noel-e-sucesso-nos-bairros-de-barretos\/#breadcrumb","itemListElement":[{"@type":"ListItem","position":1,"name":"In\u00edcio","item":"https:\/\/regiaonews.net.br\/2022\/"},{"@type":"ListItem","position":2,"name":"Bonde do Noel \u00e9 sucesso nos bairros de Barretos"}]},{"@type":"WebSite","@id":"https:\/\/regiaonews.net.br\/2022\/#website","url":"https:\/\/regiaonews.net.br\/2022\/","name":"Regi\u00e3o News","description":"Site de Not\u00edcias de Barretos e regi\u00e3o","publisher":{"@id":"https:\/\/regiaonews.net.br\/2022\/#organization"},"potentialAction":[{"@type":"SearchAction","target":{"@type":"EntryPoint","urlTemplate":"https:\/\/regiaonews.net.br\/2022\/?s={search_term_string}"},"query-input":{"@type":"PropertyValueSpecification","valueRequired":true,"valueName":"search_term_string"}}],"inLanguage":"pt-BR"},{"@type":"Organization","@id":"https:\/\/regiaonews.net.br\/2022\/#organization","name":"Regi\u00e3o News","url":"https:\/\/regiaonews.net.br\/2022\/","logo":{"@type":"ImageObject","inLanguage":"pt-BR","@id":"https:\/\/regiaonews.net.br\/2022\/#\/schema\/logo\/image\/","url":"https:\/\/regiaonews.net.br\/2022\/wp-content\/uploads\/2026\/03\/regiao-13-anos-scaled.jpg","contentUrl":"https:\/\/regiaonews.net.br\/2022\/wp-content\/uploads\/2026\/03\/regiao-13-anos-scaled.jpg","width":2560,"height":635,"caption":"Regi\u00e3o News"},"image":{"@id":"https:\/\/regiaonews.net.br\/2022\/#\/schema\/logo\/image\/"}},{"@type":"Person","@id":"https:\/\/regiaonews.net.br\/2022\/#\/schema\/person\/2d205a608a5aa97ac279d7a5e6d89ad8","name":"Roberto","image":{"@type":"ImageObject","inLanguage":"pt-BR","@id":"https:\/\/secure.gravatar.com\/avatar\/42749d8b712ff9d59ca93dc150494e5b55a44134482993f5baeb97e61b7ecc89?s=96&d=mm&r=g","url":"https:\/\/secure.gravatar.com\/avatar\/42749d8b712ff9d59ca93dc150494e5b55a44134482993f5baeb97e61b7ecc89?s=96&d=mm&r=g","contentUrl":"https:\/\/secure.gravatar.com\/avatar\/42749d8b712ff9d59ca93dc150494e5b55a44134482993f5baeb97e61b7ecc89?s=96&d=mm&r=g","caption":"Roberto"},"url":"https:\/\/regiaonews.net.br\/2022\/author\/roberto\/"}]}},"publishpress_future_action":{"enabled":false,"date":"2026-05-04 08:45:19","action":"change-status","newStatus":"draft","terms":[],"taxonomy":"category","extraData":[]},"publishpress_future_workflow_manual_trigger":{"enabledWorkflows":[]},"_links":{"self":[{"href":"https:\/\/regiaonews.net.br\/2022\/wp-json\/wp\/v2\/posts\/99065","targetHints":{"allow":["GET"]}}],"collection":[{"href":"https:\/\/regiaonews.net.br\/2022\/wp-json\/wp\/v2\/posts"}],"about":[{"href":"https:\/\/regiaonews.net.br\/2022\/wp-json\/wp\/v2\/types\/post"}],"author":[{"embeddable":true,"href":"https:\/\/regiaonews.net.br\/2022\/wp-json\/wp\/v2\/users\/2"}],"replies":[{"embeddable":true,"href":"https:\/\/regiaonews.net.br\/2022\/wp-json\/wp\/v2\/comments?post=99065"}],"version-history":[{"count":1,"href":"https:\/\/regiaonews.net.br\/2022\/wp-json\/wp\/v2\/posts\/99065\/revisions"}],"predecessor-version":[{"id":99067,"href":"https:\/\/regiaonews.net.br\/2022\/wp-json\/wp\/v2\/posts\/99065\/revisions\/99067"}],"wp:featuredmedia":[{"embeddable":true,"href":"https:\/\/regiaonews.net.br\/2022\/wp-json\/wp\/v2\/media\/99066"}],"wp:attachment":[{"href":"https:\/\/regiaonews.net.br\/2022\/wp-json\/wp\/v2\/media?parent=99065"}],"wp:term":[{"taxonomy":"category","embeddable":true,"href":"https:\/\/regiaonews.net.br\/2022\/wp-json\/wp\/v2\/categories?post=99065"},{"taxonomy":"post_tag","embeddable":true,"href":"https:\/\/regiaonews.net.br\/2022\/wp-json\/wp\/v2\/tags?post=99065"}],"curies":[{"name":"wp","href":"https:\/\/api.w.org\/{rel}","templated":true}]}}