{"id":99058,"date":"2023-12-13T20:57:51","date_gmt":"2023-12-13T23:57:51","guid":{"rendered":"https:\/\/regiaonews.net.br\/2022\/?p=99058"},"modified":"2023-12-13T20:57:51","modified_gmt":"2023-12-13T23:57:51","slug":"ordem-publica-orienta-sobre-prazos-de-regularizacao-de-multas-na-zona-azul","status":"publish","type":"post","link":"https:\/\/regiaonews.net.br\/2022\/2023\/12\/13\/ordem-publica-orienta-sobre-prazos-de-regularizacao-de-multas-na-zona-azul\/","title":{"rendered":"Ordem P\u00fablica orienta sobre prazos de regulariza\u00e7\u00e3o de multas na Zona Azul"},"content":{"rendered":"<p>&nbsp;<\/p>\n<p>Cerca de 7.500 propriet\u00e1rios de ve\u00edculos foram notificados no per\u00edodo e devem regularizar<\/p>\n<p>Em outubro, a Prefeitura de Barretos, juntamente com a empresa Serttel e a Defensoria P\u00fablica fizeram um TAC \u2013 Termo de Ajustamento de Conduta \u2013 para regularizar a cobran\u00e7a da Zona Azul. Em entrevista, o secret\u00e1rio de Ordem P\u00fablica, Luiz Ant\u00f4nio de Matos, explicou que os propriet\u00e1rios de ve\u00edculos que foram multados no per\u00edodo de 8 de maio at\u00e9 o dia 31 de outubro, que estejam sendo notificados tem um prazo de 90 dias para regularizarem o pagamento do valor de R$ 19,50 at\u00e9 o dia 1\u00ba de fevereiro e ap\u00f3s esse prazo o pagamento dever\u00e1 ser integral da multa que \u00e9 R$ 195,50. \u201cAntes do TAC, os motoristas tinha 10 minutos de toler\u00e2ncia e 2 dias para procurar a Secretaria de Ordem P\u00fablica antes de serem autuados. Com a decis\u00e3o, desde o dia 20 de novembro, os propriet\u00e1rios tem 15 minutos de toler\u00e2ncia e at\u00e9 sete dias para efetuar o pagamento\u201d, explicou Matos.<br \/>\nSegundo o secret\u00e1rio, nas placas instaladas constam todas as novas informa\u00e7\u00f5es com orienta\u00e7\u00e3o para os motoristas, entre elas, o prazo de at\u00e9 sete dias para regulariza\u00e7\u00e3o das infra\u00e7\u00f5es, o tempo de estacionamento m\u00e1ximo \u00e9 de 3h, o hor\u00e1rio de segunda a sexta-feira das 9h \u00e0s 18h e aos s\u00e1bados das 9h \u00e0s 13h. Ainda consta o endere\u00e7o da empresa na Avenida 13 n\u00ba 836 no centro, o telefone do SAC (Servi\u00e7o de Atendimento ao Consumidor) que \u00e9 o (17)3612-0954, WhatsAPP, QR code e al\u00e9m de 45 pontos de vendas. \u201cDesde o dia 8 de maio, quando foi implantada a Zona Azul, n\u00f3s buscamos mergulhar em estudos para sempre buscar melhoria para a popula\u00e7\u00e3o e encontramos o Dr. Carlos Crepaldi e o Defensor P\u00fablico, Dr. F\u00e1bio Esposto, que chegamos a um novo decreto para reorganizar a Zona Azul. O sistema de estacionamento da Zona Azul n\u00e3o \u00e9 problema \u00e9 solu\u00e7\u00e3o\u201d, afirmou o secret\u00e1rio.<\/p>\n","protected":false},"excerpt":{"rendered":"<p>&nbsp; Cerca de 7.500 propriet\u00e1rios de ve\u00edculos foram notificados no<\/p>\n","protected":false},"author":2,"featured_media":99059,"comment_status":"open","ping_status":"open","sticky":false,"template":"","format":"standard","meta":{"footnotes":""},"categories":[14],"tags":[],"class_list":["post-99058","post","type-post","status-publish","format-standard","has-post-thumbnail","hentry","category-barretos"],"yoast_head":"<!-- This site is optimized with the Yoast SEO plugin v27.4 - https:\/\/yoast.com\/product\/yoast-seo-wordpress\/ -->\n<title>Ordem P\u00fablica orienta sobre prazos de regulariza\u00e7\u00e3o de multas na Zona Azul - Regi\u00e3o News<\/title>\n<meta name=\"robots\" content=\"index, follow, max-snippet:-1, max-image-preview:large, max-video-preview:-1\" \/>\n<link rel=\"canonical\" href=\"https:\/\/regiaonews.net.br\/2022\/2023\/12\/13\/ordem-publica-orienta-sobre-prazos-de-regularizacao-de-multas-na-zona-azul\/\" \/>\n<meta property=\"og:locale\" content=\"pt_BR\" \/>\n<meta property=\"og:type\" content=\"article\" \/>\n<meta property=\"og:title\" content=\"Ordem P\u00fablica orienta sobre prazos de regulariza\u00e7\u00e3o de multas na Zona Azul - Regi\u00e3o News\" \/>\n<meta property=\"og:description\" content=\"&nbsp; Cerca de 7.500 propriet\u00e1rios de ve\u00edculos foram notificados no\" \/>\n<meta property=\"og:url\" content=\"https:\/\/regiaonews.net.br\/2022\/2023\/12\/13\/ordem-publica-orienta-sobre-prazos-de-regularizacao-de-multas-na-zona-azul\/\" \/>\n<meta property=\"og:site_name\" content=\"Regi\u00e3o News\" \/>\n<meta property=\"article:published_time\" content=\"2023-12-13T23:57:51+00:00\" \/>\n<meta property=\"og:image\" content=\"https:\/\/regiaonews.net.br\/2022\/wp-content\/uploads\/2023\/12\/WhatsApp-Image-2023-12-13-at-19.08.02.jpeg\" \/>\n\t<meta property=\"og:image:width\" content=\"1600\" \/>\n\t<meta property=\"og:image:height\" content=\"1200\" \/>\n\t<meta property=\"og:image:type\" content=\"image\/jpeg\" \/>\n<meta name=\"author\" content=\"Roberto\" \/>\n<meta name=\"twitter:card\" content=\"summary_large_image\" \/>\n<meta name=\"twitter:label1\" content=\"Escrito por\" \/>\n\t<meta name=\"twitter:data1\" content=\"Roberto\" \/>\n\t<meta name=\"twitter:label2\" content=\"Est. tempo de leitura\" \/>\n\t<meta name=\"twitter:data2\" content=\"2 minutos\" \/>\n<script type=\"application\/ld+json\" class=\"yoast-schema-graph\">{\"@context\":\"https:\\\/\\\/schema.org\",\"@graph\":[{\"@type\":\"Article\",\"@id\":\"https:\\\/\\\/regiaonews.net.br\\\/2022\\\/2023\\\/12\\\/13\\\/ordem-publica-orienta-sobre-prazos-de-regularizacao-de-multas-na-zona-azul\\\/#article\",\"isPartOf\":{\"@id\":\"https:\\\/\\\/regiaonews.net.br\\\/2022\\\/2023\\\/12\\\/13\\\/ordem-publica-orienta-sobre-prazos-de-regularizacao-de-multas-na-zona-azul\\\/\"},\"author\":{\"name\":\"Roberto\",\"@id\":\"https:\\\/\\\/regiaonews.net.br\\\/2022\\\/#\\\/schema\\\/person\\\/2d205a608a5aa97ac279d7a5e6d89ad8\"},\"headline\":\"Ordem P\u00fablica orienta sobre prazos de regulariza\u00e7\u00e3o de multas na Zona Azul\",\"datePublished\":\"2023-12-13T23:57:51+00:00\",\"mainEntityOfPage\":{\"@id\":\"https:\\\/\\\/regiaonews.net.br\\\/2022\\\/2023\\\/12\\\/13\\\/ordem-publica-orienta-sobre-prazos-de-regularizacao-de-multas-na-zona-azul\\\/\"},\"wordCount\":347,\"commentCount\":0,\"publisher\":{\"@id\":\"https:\\\/\\\/regiaonews.net.br\\\/2022\\\/#organization\"},\"image\":{\"@id\":\"https:\\\/\\\/regiaonews.net.br\\\/2022\\\/2023\\\/12\\\/13\\\/ordem-publica-orienta-sobre-prazos-de-regularizacao-de-multas-na-zona-azul\\\/#primaryimage\"},\"thumbnailUrl\":\"https:\\\/\\\/regiaonews.net.br\\\/2022\\\/wp-content\\\/uploads\\\/2023\\\/12\\\/WhatsApp-Image-2023-12-13-at-19.08.02.jpeg\",\"articleSection\":[\"Barretos\"],\"inLanguage\":\"pt-BR\",\"potentialAction\":[{\"@type\":\"CommentAction\",\"name\":\"Comment\",\"target\":[\"https:\\\/\\\/regiaonews.net.br\\\/2022\\\/2023\\\/12\\\/13\\\/ordem-publica-orienta-sobre-prazos-de-regularizacao-de-multas-na-zona-azul\\\/#respond\"]}]},{\"@type\":\"WebPage\",\"@id\":\"https:\\\/\\\/regiaonews.net.br\\\/2022\\\/2023\\\/12\\\/13\\\/ordem-publica-orienta-sobre-prazos-de-regularizacao-de-multas-na-zona-azul\\\/\",\"url\":\"https:\\\/\\\/regiaonews.net.br\\\/2022\\\/2023\\\/12\\\/13\\\/ordem-publica-orienta-sobre-prazos-de-regularizacao-de-multas-na-zona-azul\\\/\",\"name\":\"Ordem P\u00fablica orienta sobre prazos de regulariza\u00e7\u00e3o de multas na Zona Azul - Regi\u00e3o News\",\"isPartOf\":{\"@id\":\"https:\\\/\\\/regiaonews.net.br\\\/2022\\\/#website\"},\"primaryImageOfPage\":{\"@id\":\"https:\\\/\\\/regiaonews.net.br\\\/2022\\\/2023\\\/12\\\/13\\\/ordem-publica-orienta-sobre-prazos-de-regularizacao-de-multas-na-zona-azul\\\/#primaryimage\"},\"image\":{\"@id\":\"https:\\\/\\\/regiaonews.net.br\\\/2022\\\/2023\\\/12\\\/13\\\/ordem-publica-orienta-sobre-prazos-de-regularizacao-de-multas-na-zona-azul\\\/#primaryimage\"},\"thumbnailUrl\":\"https:\\\/\\\/regiaonews.net.br\\\/2022\\\/wp-content\\\/uploads\\\/2023\\\/12\\\/WhatsApp-Image-2023-12-13-at-19.08.02.jpeg\",\"datePublished\":\"2023-12-13T23:57:51+00:00\",\"breadcrumb\":{\"@id\":\"https:\\\/\\\/regiaonews.net.br\\\/2022\\\/2023\\\/12\\\/13\\\/ordem-publica-orienta-sobre-prazos-de-regularizacao-de-multas-na-zona-azul\\\/#breadcrumb\"},\"inLanguage\":\"pt-BR\",\"potentialAction\":[{\"@type\":\"ReadAction\",\"target\":[\"https:\\\/\\\/regiaonews.net.br\\\/2022\\\/2023\\\/12\\\/13\\\/ordem-publica-orienta-sobre-prazos-de-regularizacao-de-multas-na-zona-azul\\\/\"]}]},{\"@type\":\"ImageObject\",\"inLanguage\":\"pt-BR\",\"@id\":\"https:\\\/\\\/regiaonews.net.br\\\/2022\\\/2023\\\/12\\\/13\\\/ordem-publica-orienta-sobre-prazos-de-regularizacao-de-multas-na-zona-azul\\\/#primaryimage\",\"url\":\"https:\\\/\\\/regiaonews.net.br\\\/2022\\\/wp-content\\\/uploads\\\/2023\\\/12\\\/WhatsApp-Image-2023-12-13-at-19.08.02.jpeg\",\"contentUrl\":\"https:\\\/\\\/regiaonews.net.br\\\/2022\\\/wp-content\\\/uploads\\\/2023\\\/12\\\/WhatsApp-Image-2023-12-13-at-19.08.02.jpeg\",\"width\":1600,\"height\":1200},{\"@type\":\"BreadcrumbList\",\"@id\":\"https:\\\/\\\/regiaonews.net.br\\\/2022\\\/2023\\\/12\\\/13\\\/ordem-publica-orienta-sobre-prazos-de-regularizacao-de-multas-na-zona-azul\\\/#breadcrumb\",\"itemListElement\":[{\"@type\":\"ListItem\",\"position\":1,\"name\":\"In\u00edcio\",\"item\":\"https:\\\/\\\/regiaonews.net.br\\\/2022\\\/\"},{\"@type\":\"ListItem\",\"position\":2,\"name\":\"Ordem P\u00fablica orienta sobre prazos de regulariza\u00e7\u00e3o de multas na Zona Azul\"}]},{\"@type\":\"WebSite\",\"@id\":\"https:\\\/\\\/regiaonews.net.br\\\/2022\\\/#website\",\"url\":\"https:\\\/\\\/regiaonews.net.br\\\/2022\\\/\",\"name\":\"Regi\u00e3o News\",\"description\":\"Site de Not\u00edcias de Barretos e regi\u00e3o\",\"publisher\":{\"@id\":\"https:\\\/\\\/regiaonews.net.br\\\/2022\\\/#organization\"},\"potentialAction\":[{\"@type\":\"SearchAction\",\"target\":{\"@type\":\"EntryPoint\",\"urlTemplate\":\"https:\\\/\\\/regiaonews.net.br\\\/2022\\\/?s={search_term_string}\"},\"query-input\":{\"@type\":\"PropertyValueSpecification\",\"valueRequired\":true,\"valueName\":\"search_term_string\"}}],\"inLanguage\":\"pt-BR\"},{\"@type\":\"Organization\",\"@id\":\"https:\\\/\\\/regiaonews.net.br\\\/2022\\\/#organization\",\"name\":\"Regi\u00e3o News\",\"url\":\"https:\\\/\\\/regiaonews.net.br\\\/2022\\\/\",\"logo\":{\"@type\":\"ImageObject\",\"inLanguage\":\"pt-BR\",\"@id\":\"https:\\\/\\\/regiaonews.net.br\\\/2022\\\/#\\\/schema\\\/logo\\\/image\\\/\",\"url\":\"https:\\\/\\\/regiaonews.net.br\\\/2022\\\/wp-content\\\/uploads\\\/2026\\\/03\\\/regiao-13-anos-scaled.jpg\",\"contentUrl\":\"https:\\\/\\\/regiaonews.net.br\\\/2022\\\/wp-content\\\/uploads\\\/2026\\\/03\\\/regiao-13-anos-scaled.jpg\",\"width\":2560,\"height\":635,\"caption\":\"Regi\u00e3o News\"},\"image\":{\"@id\":\"https:\\\/\\\/regiaonews.net.br\\\/2022\\\/#\\\/schema\\\/logo\\\/image\\\/\"}},{\"@type\":\"Person\",\"@id\":\"https:\\\/\\\/regiaonews.net.br\\\/2022\\\/#\\\/schema\\\/person\\\/2d205a608a5aa97ac279d7a5e6d89ad8\",\"name\":\"Roberto\",\"image\":{\"@type\":\"ImageObject\",\"inLanguage\":\"pt-BR\",\"@id\":\"https:\\\/\\\/secure.gravatar.com\\\/avatar\\\/42749d8b712ff9d59ca93dc150494e5b55a44134482993f5baeb97e61b7ecc89?s=96&d=mm&r=g\",\"url\":\"https:\\\/\\\/secure.gravatar.com\\\/avatar\\\/42749d8b712ff9d59ca93dc150494e5b55a44134482993f5baeb97e61b7ecc89?s=96&d=mm&r=g\",\"contentUrl\":\"https:\\\/\\\/secure.gravatar.com\\\/avatar\\\/42749d8b712ff9d59ca93dc150494e5b55a44134482993f5baeb97e61b7ecc89?s=96&d=mm&r=g\",\"caption\":\"Roberto\"},\"url\":\"https:\\\/\\\/regiaonews.net.br\\\/2022\\\/author\\\/roberto\\\/\"}]}<\/script>\n<!-- \/ Yoast SEO plugin. -->","yoast_head_json":{"title":"Ordem P\u00fablica orienta sobre prazos de regulariza\u00e7\u00e3o de multas na Zona Azul - Regi\u00e3o News","robots":{"index":"index","follow":"follow","max-snippet":"max-snippet:-1","max-image-preview":"max-image-preview:large","max-video-preview":"max-video-preview:-1"},"canonical":"https:\/\/regiaonews.net.br\/2022\/2023\/12\/13\/ordem-publica-orienta-sobre-prazos-de-regularizacao-de-multas-na-zona-azul\/","og_locale":"pt_BR","og_type":"article","og_title":"Ordem P\u00fablica orienta sobre prazos de regulariza\u00e7\u00e3o de multas na Zona Azul - Regi\u00e3o News","og_description":"&nbsp; Cerca de 7.500 propriet\u00e1rios de ve\u00edculos foram notificados no","og_url":"https:\/\/regiaonews.net.br\/2022\/2023\/12\/13\/ordem-publica-orienta-sobre-prazos-de-regularizacao-de-multas-na-zona-azul\/","og_site_name":"Regi\u00e3o News","article_published_time":"2023-12-13T23:57:51+00:00","og_image":[{"width":1600,"height":1200,"url":"https:\/\/regiaonews.net.br\/2022\/wp-content\/uploads\/2023\/12\/WhatsApp-Image-2023-12-13-at-19.08.02.jpeg","type":"image\/jpeg"}],"author":"Roberto","twitter_card":"summary_large_image","twitter_misc":{"Escrito por":"Roberto","Est. tempo de leitura":"2 minutos"},"schema":{"@context":"https:\/\/schema.org","@graph":[{"@type":"Article","@id":"https:\/\/regiaonews.net.br\/2022\/2023\/12\/13\/ordem-publica-orienta-sobre-prazos-de-regularizacao-de-multas-na-zona-azul\/#article","isPartOf":{"@id":"https:\/\/regiaonews.net.br\/2022\/2023\/12\/13\/ordem-publica-orienta-sobre-prazos-de-regularizacao-de-multas-na-zona-azul\/"},"author":{"name":"Roberto","@id":"https:\/\/regiaonews.net.br\/2022\/#\/schema\/person\/2d205a608a5aa97ac279d7a5e6d89ad8"},"headline":"Ordem P\u00fablica orienta sobre prazos de regulariza\u00e7\u00e3o de multas na Zona Azul","datePublished":"2023-12-13T23:57:51+00:00","mainEntityOfPage":{"@id":"https:\/\/regiaonews.net.br\/2022\/2023\/12\/13\/ordem-publica-orienta-sobre-prazos-de-regularizacao-de-multas-na-zona-azul\/"},"wordCount":347,"commentCount":0,"publisher":{"@id":"https:\/\/regiaonews.net.br\/2022\/#organization"},"image":{"@id":"https:\/\/regiaonews.net.br\/2022\/2023\/12\/13\/ordem-publica-orienta-sobre-prazos-de-regularizacao-de-multas-na-zona-azul\/#primaryimage"},"thumbnailUrl":"https:\/\/regiaonews.net.br\/2022\/wp-content\/uploads\/2023\/12\/WhatsApp-Image-2023-12-13-at-19.08.02.jpeg","articleSection":["Barretos"],"inLanguage":"pt-BR","potentialAction":[{"@type":"CommentAction","name":"Comment","target":["https:\/\/regiaonews.net.br\/2022\/2023\/12\/13\/ordem-publica-orienta-sobre-prazos-de-regularizacao-de-multas-na-zona-azul\/#respond"]}]},{"@type":"WebPage","@id":"https:\/\/regiaonews.net.br\/2022\/2023\/12\/13\/ordem-publica-orienta-sobre-prazos-de-regularizacao-de-multas-na-zona-azul\/","url":"https:\/\/regiaonews.net.br\/2022\/2023\/12\/13\/ordem-publica-orienta-sobre-prazos-de-regularizacao-de-multas-na-zona-azul\/","name":"Ordem P\u00fablica orienta sobre prazos de regulariza\u00e7\u00e3o de multas na Zona Azul - Regi\u00e3o News","isPartOf":{"@id":"https:\/\/regiaonews.net.br\/2022\/#website"},"primaryImageOfPage":{"@id":"https:\/\/regiaonews.net.br\/2022\/2023\/12\/13\/ordem-publica-orienta-sobre-prazos-de-regularizacao-de-multas-na-zona-azul\/#primaryimage"},"image":{"@id":"https:\/\/regiaonews.net.br\/2022\/2023\/12\/13\/ordem-publica-orienta-sobre-prazos-de-regularizacao-de-multas-na-zona-azul\/#primaryimage"},"thumbnailUrl":"https:\/\/regiaonews.net.br\/2022\/wp-content\/uploads\/2023\/12\/WhatsApp-Image-2023-12-13-at-19.08.02.jpeg","datePublished":"2023-12-13T23:57:51+00:00","breadcrumb":{"@id":"https:\/\/regiaonews.net.br\/2022\/2023\/12\/13\/ordem-publica-orienta-sobre-prazos-de-regularizacao-de-multas-na-zona-azul\/#breadcrumb"},"inLanguage":"pt-BR","potentialAction":[{"@type":"ReadAction","target":["https:\/\/regiaonews.net.br\/2022\/2023\/12\/13\/ordem-publica-orienta-sobre-prazos-de-regularizacao-de-multas-na-zona-azul\/"]}]},{"@type":"ImageObject","inLanguage":"pt-BR","@id":"https:\/\/regiaonews.net.br\/2022\/2023\/12\/13\/ordem-publica-orienta-sobre-prazos-de-regularizacao-de-multas-na-zona-azul\/#primaryimage","url":"https:\/\/regiaonews.net.br\/2022\/wp-content\/uploads\/2023\/12\/WhatsApp-Image-2023-12-13-at-19.08.02.jpeg","contentUrl":"https:\/\/regiaonews.net.br\/2022\/wp-content\/uploads\/2023\/12\/WhatsApp-Image-2023-12-13-at-19.08.02.jpeg","width":1600,"height":1200},{"@type":"BreadcrumbList","@id":"https:\/\/regiaonews.net.br\/2022\/2023\/12\/13\/ordem-publica-orienta-sobre-prazos-de-regularizacao-de-multas-na-zona-azul\/#breadcrumb","itemListElement":[{"@type":"ListItem","position":1,"name":"In\u00edcio","item":"https:\/\/regiaonews.net.br\/2022\/"},{"@type":"ListItem","position":2,"name":"Ordem P\u00fablica orienta sobre prazos de regulariza\u00e7\u00e3o de multas na Zona Azul"}]},{"@type":"WebSite","@id":"https:\/\/regiaonews.net.br\/2022\/#website","url":"https:\/\/regiaonews.net.br\/2022\/","name":"Regi\u00e3o News","description":"Site de Not\u00edcias de Barretos e regi\u00e3o","publisher":{"@id":"https:\/\/regiaonews.net.br\/2022\/#organization"},"potentialAction":[{"@type":"SearchAction","target":{"@type":"EntryPoint","urlTemplate":"https:\/\/regiaonews.net.br\/2022\/?s={search_term_string}"},"query-input":{"@type":"PropertyValueSpecification","valueRequired":true,"valueName":"search_term_string"}}],"inLanguage":"pt-BR"},{"@type":"Organization","@id":"https:\/\/regiaonews.net.br\/2022\/#organization","name":"Regi\u00e3o News","url":"https:\/\/regiaonews.net.br\/2022\/","logo":{"@type":"ImageObject","inLanguage":"pt-BR","@id":"https:\/\/regiaonews.net.br\/2022\/#\/schema\/logo\/image\/","url":"https:\/\/regiaonews.net.br\/2022\/wp-content\/uploads\/2026\/03\/regiao-13-anos-scaled.jpg","contentUrl":"https:\/\/regiaonews.net.br\/2022\/wp-content\/uploads\/2026\/03\/regiao-13-anos-scaled.jpg","width":2560,"height":635,"caption":"Regi\u00e3o News"},"image":{"@id":"https:\/\/regiaonews.net.br\/2022\/#\/schema\/logo\/image\/"}},{"@type":"Person","@id":"https:\/\/regiaonews.net.br\/2022\/#\/schema\/person\/2d205a608a5aa97ac279d7a5e6d89ad8","name":"Roberto","image":{"@type":"ImageObject","inLanguage":"pt-BR","@id":"https:\/\/secure.gravatar.com\/avatar\/42749d8b712ff9d59ca93dc150494e5b55a44134482993f5baeb97e61b7ecc89?s=96&d=mm&r=g","url":"https:\/\/secure.gravatar.com\/avatar\/42749d8b712ff9d59ca93dc150494e5b55a44134482993f5baeb97e61b7ecc89?s=96&d=mm&r=g","contentUrl":"https:\/\/secure.gravatar.com\/avatar\/42749d8b712ff9d59ca93dc150494e5b55a44134482993f5baeb97e61b7ecc89?s=96&d=mm&r=g","caption":"Roberto"},"url":"https:\/\/regiaonews.net.br\/2022\/author\/roberto\/"}]}},"publishpress_future_action":{"enabled":false,"date":"2026-05-04 05:52:09","action":"change-status","newStatus":"draft","terms":[],"taxonomy":"category","extraData":[]},"publishpress_future_workflow_manual_trigger":{"enabledWorkflows":[]},"_links":{"self":[{"href":"https:\/\/regiaonews.net.br\/2022\/wp-json\/wp\/v2\/posts\/99058","targetHints":{"allow":["GET"]}}],"collection":[{"href":"https:\/\/regiaonews.net.br\/2022\/wp-json\/wp\/v2\/posts"}],"about":[{"href":"https:\/\/regiaonews.net.br\/2022\/wp-json\/wp\/v2\/types\/post"}],"author":[{"embeddable":true,"href":"https:\/\/regiaonews.net.br\/2022\/wp-json\/wp\/v2\/users\/2"}],"replies":[{"embeddable":true,"href":"https:\/\/regiaonews.net.br\/2022\/wp-json\/wp\/v2\/comments?post=99058"}],"version-history":[{"count":1,"href":"https:\/\/regiaonews.net.br\/2022\/wp-json\/wp\/v2\/posts\/99058\/revisions"}],"predecessor-version":[{"id":99060,"href":"https:\/\/regiaonews.net.br\/2022\/wp-json\/wp\/v2\/posts\/99058\/revisions\/99060"}],"wp:featuredmedia":[{"embeddable":true,"href":"https:\/\/regiaonews.net.br\/2022\/wp-json\/wp\/v2\/media\/99059"}],"wp:attachment":[{"href":"https:\/\/regiaonews.net.br\/2022\/wp-json\/wp\/v2\/media?parent=99058"}],"wp:term":[{"taxonomy":"category","embeddable":true,"href":"https:\/\/regiaonews.net.br\/2022\/wp-json\/wp\/v2\/categories?post=99058"},{"taxonomy":"post_tag","embeddable":true,"href":"https:\/\/regiaonews.net.br\/2022\/wp-json\/wp\/v2\/tags?post=99058"}],"curies":[{"name":"wp","href":"https:\/\/api.w.org\/{rel}","templated":true}]}}