{"id":99050,"date":"2023-12-13T15:13:38","date_gmt":"2023-12-13T18:13:38","guid":{"rendered":"https:\/\/regiaonews.net.br\/2022\/?p=99050"},"modified":"2023-12-13T15:13:38","modified_gmt":"2023-12-13T18:13:38","slug":"saae-barretos-recebe-pelo-segundo-ano-consecutivo-o-selo-natureza-da-facisb","status":"publish","type":"post","link":"https:\/\/regiaonews.net.br\/2022\/2023\/12\/13\/saae-barretos-recebe-pelo-segundo-ano-consecutivo-o-selo-natureza-da-facisb\/","title":{"rendered":"SAAE Barretos recebe pelo segundo ano consecutivo o Selo Natureza da FACISB"},"content":{"rendered":"<h3 style=\"text-align: center;\">Autarquia desenvolve educa\u00e7\u00e3o ambiental por meio de programa de TV.<\/h3>\n<p>O Servi\u00e7o Aut\u00f4nomo de \u00c1gua e Esgoto de Barretos (SAAEB) foi premiado na ter\u00e7a-feira (12), com o Selo Institui\u00e7\u00e3o Ambientalmente Respons\u00e1vel (Selo Natureza) pela segunda vez consecutiva. A honraria foi concedida pela Comiss\u00e3o de Sustentabilidade e Meio Ambiente da Faculdade de Ci\u00eancias e Sa\u00fade de Barretos Dr. Paulo Prata &#8211; FACISB.<\/p>\n<p>De acordo com Tatiane Loureiro Alves Garcia, coordenadora da comiss\u00e3o, &#8220;o selo certifica as institui\u00e7\u00f5es e iniciativas que desenvolvem a\u00e7\u00f5es ambientais no munic\u00edpio de Barretos&#8221;.<\/p>\n<p>A autarquia apresentou as atividades realizadas em 2023, como por exemplo a campanha SE-PA-RE, que teve in\u00edcio internamente e foi estendida a toda popula\u00e7\u00e3o. O resultado foi o aumento consider\u00e1vel de materiais recicl\u00e1veis recebidos na usina de triagem. No entanto, o foco principal foi a exibi\u00e7\u00e3o de um teaser do programa de educa\u00e7\u00e3o ambiental, o \u2018Super Conscientes\u2019, transmitido toda segunda-feira, \u00e0s 18h30, pela TV C\u00e2mara Barretos 31.3. O programa tamb\u00e9m est\u00e1 dispon\u00edvel na p\u00e1gina de Facebook e perfil do Instagram do SAAEB.<\/p>\n<p>Apresentado pela Hidrogirl (Ivia Vieira), o Super Conscientes tem como objetivo promover a conscientiza\u00e7\u00e3o ambiental de forma l\u00fadica e interativa. Com enfoque em estimular o interesse das crian\u00e7as por quest\u00f5es ambientais, ensinar sobre reciclagem, saneamento b\u00e1sico, preserva\u00e7\u00e3o de recursos naturais e pr\u00e1ticas sustent\u00e1veis, o programa busca criar um espa\u00e7o de aprendizado significativo sobre o meio ambiente.<\/p>\n<p>&#8220;O programa de TV n\u00e3o apenas compartilha conhecimentos sobre sustentabilidade, mas tamb\u00e9m visa cultivar uma mudan\u00e7a de comportamento e atitude em rela\u00e7\u00e3o ao nosso planeta, a partir de Barretos. O Super Conscientes \u00e9 uma oportunidade valiosa para que as crian\u00e7as se tornem defensoras ativas do meio ambiente desde os primeiros anos escolares, assim como tamb\u00e9m \u00e9 um incentivo a todos os adultos para a mudan\u00e7a de atitudes&#8221;, explica Marcelo Borges, superintendente do SAAEB.<\/p>\n<p>Marcelo finaliza enfatizando que &#8220;um gesto simples, como separar o que pode ser recicl\u00e1vel do lixo org\u00e2nico e destinar \u00e0 coleta seletiva, tem um grande impacto positivo no meio ambiente&#8221;.<\/p>\n<p>www.saaeb.com.br<\/p>\n","protected":false},"excerpt":{"rendered":"<p>Autarquia desenvolve educa\u00e7\u00e3o ambiental por meio de programa de TV.<\/p>\n","protected":false},"author":2,"featured_media":99051,"comment_status":"open","ping_status":"open","sticky":false,"template":"","format":"standard","meta":{"footnotes":""},"categories":[14,3],"tags":[],"class_list":["post-99050","post","type-post","status-publish","format-standard","has-post-thumbnail","hentry","category-barretos","category-geral"],"yoast_head":"<!-- This site is optimized with the Yoast SEO plugin v27.4 - https:\/\/yoast.com\/product\/yoast-seo-wordpress\/ -->\n<title>SAAE Barretos recebe pelo segundo ano consecutivo o Selo Natureza da FACISB - Regi\u00e3o News<\/title>\n<meta name=\"robots\" content=\"index, follow, max-snippet:-1, max-image-preview:large, max-video-preview:-1\" \/>\n<link rel=\"canonical\" href=\"https:\/\/regiaonews.net.br\/2022\/2023\/12\/13\/saae-barretos-recebe-pelo-segundo-ano-consecutivo-o-selo-natureza-da-facisb\/\" \/>\n<meta property=\"og:locale\" content=\"pt_BR\" \/>\n<meta property=\"og:type\" content=\"article\" \/>\n<meta property=\"og:title\" content=\"SAAE Barretos recebe pelo segundo ano consecutivo o Selo Natureza da FACISB - Regi\u00e3o News\" \/>\n<meta property=\"og:description\" content=\"Autarquia desenvolve educa\u00e7\u00e3o ambiental por meio de programa de TV.\" \/>\n<meta property=\"og:url\" content=\"https:\/\/regiaonews.net.br\/2022\/2023\/12\/13\/saae-barretos-recebe-pelo-segundo-ano-consecutivo-o-selo-natureza-da-facisb\/\" \/>\n<meta property=\"og:site_name\" content=\"Regi\u00e3o News\" \/>\n<meta property=\"article:published_time\" content=\"2023-12-13T18:13:38+00:00\" \/>\n<meta property=\"og:image\" content=\"https:\/\/regiaonews.net.br\/2022\/wp-content\/uploads\/2023\/12\/Imagem-do-WhatsApp-de-2023-12-13-as-11.59.13_c531a0a3.jpg\" \/>\n\t<meta property=\"og:image:width\" content=\"1600\" \/>\n\t<meta property=\"og:image:height\" content=\"1066\" \/>\n\t<meta property=\"og:image:type\" content=\"image\/jpeg\" \/>\n<meta name=\"author\" content=\"Roberto\" \/>\n<meta name=\"twitter:card\" content=\"summary_large_image\" \/>\n<meta name=\"twitter:label1\" content=\"Escrito por\" \/>\n\t<meta name=\"twitter:data1\" content=\"Roberto\" \/>\n\t<meta name=\"twitter:label2\" content=\"Est. tempo de leitura\" \/>\n\t<meta name=\"twitter:data2\" content=\"3 minutos\" \/>\n<script type=\"application\/ld+json\" class=\"yoast-schema-graph\">{\"@context\":\"https:\\\/\\\/schema.org\",\"@graph\":[{\"@type\":\"Article\",\"@id\":\"https:\\\/\\\/regiaonews.net.br\\\/2022\\\/2023\\\/12\\\/13\\\/saae-barretos-recebe-pelo-segundo-ano-consecutivo-o-selo-natureza-da-facisb\\\/#article\",\"isPartOf\":{\"@id\":\"https:\\\/\\\/regiaonews.net.br\\\/2022\\\/2023\\\/12\\\/13\\\/saae-barretos-recebe-pelo-segundo-ano-consecutivo-o-selo-natureza-da-facisb\\\/\"},\"author\":{\"name\":\"Roberto\",\"@id\":\"https:\\\/\\\/regiaonews.net.br\\\/2022\\\/#\\\/schema\\\/person\\\/2d205a608a5aa97ac279d7a5e6d89ad8\"},\"headline\":\"SAAE Barretos recebe pelo segundo ano consecutivo o Selo Natureza da FACISB\",\"datePublished\":\"2023-12-13T18:13:38+00:00\",\"mainEntityOfPage\":{\"@id\":\"https:\\\/\\\/regiaonews.net.br\\\/2022\\\/2023\\\/12\\\/13\\\/saae-barretos-recebe-pelo-segundo-ano-consecutivo-o-selo-natureza-da-facisb\\\/\"},\"wordCount\":378,\"commentCount\":0,\"publisher\":{\"@id\":\"https:\\\/\\\/regiaonews.net.br\\\/2022\\\/#organization\"},\"image\":{\"@id\":\"https:\\\/\\\/regiaonews.net.br\\\/2022\\\/2023\\\/12\\\/13\\\/saae-barretos-recebe-pelo-segundo-ano-consecutivo-o-selo-natureza-da-facisb\\\/#primaryimage\"},\"thumbnailUrl\":\"https:\\\/\\\/regiaonews.net.br\\\/2022\\\/wp-content\\\/uploads\\\/2023\\\/12\\\/Imagem-do-WhatsApp-de-2023-12-13-as-11.59.13_c531a0a3.jpg\",\"articleSection\":[\"Barretos\",\"Geral\"],\"inLanguage\":\"pt-BR\",\"potentialAction\":[{\"@type\":\"CommentAction\",\"name\":\"Comment\",\"target\":[\"https:\\\/\\\/regiaonews.net.br\\\/2022\\\/2023\\\/12\\\/13\\\/saae-barretos-recebe-pelo-segundo-ano-consecutivo-o-selo-natureza-da-facisb\\\/#respond\"]}]},{\"@type\":\"WebPage\",\"@id\":\"https:\\\/\\\/regiaonews.net.br\\\/2022\\\/2023\\\/12\\\/13\\\/saae-barretos-recebe-pelo-segundo-ano-consecutivo-o-selo-natureza-da-facisb\\\/\",\"url\":\"https:\\\/\\\/regiaonews.net.br\\\/2022\\\/2023\\\/12\\\/13\\\/saae-barretos-recebe-pelo-segundo-ano-consecutivo-o-selo-natureza-da-facisb\\\/\",\"name\":\"SAAE Barretos recebe pelo segundo ano consecutivo o Selo Natureza da FACISB - Regi\u00e3o News\",\"isPartOf\":{\"@id\":\"https:\\\/\\\/regiaonews.net.br\\\/2022\\\/#website\"},\"primaryImageOfPage\":{\"@id\":\"https:\\\/\\\/regiaonews.net.br\\\/2022\\\/2023\\\/12\\\/13\\\/saae-barretos-recebe-pelo-segundo-ano-consecutivo-o-selo-natureza-da-facisb\\\/#primaryimage\"},\"image\":{\"@id\":\"https:\\\/\\\/regiaonews.net.br\\\/2022\\\/2023\\\/12\\\/13\\\/saae-barretos-recebe-pelo-segundo-ano-consecutivo-o-selo-natureza-da-facisb\\\/#primaryimage\"},\"thumbnailUrl\":\"https:\\\/\\\/regiaonews.net.br\\\/2022\\\/wp-content\\\/uploads\\\/2023\\\/12\\\/Imagem-do-WhatsApp-de-2023-12-13-as-11.59.13_c531a0a3.jpg\",\"datePublished\":\"2023-12-13T18:13:38+00:00\",\"breadcrumb\":{\"@id\":\"https:\\\/\\\/regiaonews.net.br\\\/2022\\\/2023\\\/12\\\/13\\\/saae-barretos-recebe-pelo-segundo-ano-consecutivo-o-selo-natureza-da-facisb\\\/#breadcrumb\"},\"inLanguage\":\"pt-BR\",\"potentialAction\":[{\"@type\":\"ReadAction\",\"target\":[\"https:\\\/\\\/regiaonews.net.br\\\/2022\\\/2023\\\/12\\\/13\\\/saae-barretos-recebe-pelo-segundo-ano-consecutivo-o-selo-natureza-da-facisb\\\/\"]}]},{\"@type\":\"ImageObject\",\"inLanguage\":\"pt-BR\",\"@id\":\"https:\\\/\\\/regiaonews.net.br\\\/2022\\\/2023\\\/12\\\/13\\\/saae-barretos-recebe-pelo-segundo-ano-consecutivo-o-selo-natureza-da-facisb\\\/#primaryimage\",\"url\":\"https:\\\/\\\/regiaonews.net.br\\\/2022\\\/wp-content\\\/uploads\\\/2023\\\/12\\\/Imagem-do-WhatsApp-de-2023-12-13-as-11.59.13_c531a0a3.jpg\",\"contentUrl\":\"https:\\\/\\\/regiaonews.net.br\\\/2022\\\/wp-content\\\/uploads\\\/2023\\\/12\\\/Imagem-do-WhatsApp-de-2023-12-13-as-11.59.13_c531a0a3.jpg\",\"width\":1600,\"height\":1066},{\"@type\":\"BreadcrumbList\",\"@id\":\"https:\\\/\\\/regiaonews.net.br\\\/2022\\\/2023\\\/12\\\/13\\\/saae-barretos-recebe-pelo-segundo-ano-consecutivo-o-selo-natureza-da-facisb\\\/#breadcrumb\",\"itemListElement\":[{\"@type\":\"ListItem\",\"position\":1,\"name\":\"In\u00edcio\",\"item\":\"https:\\\/\\\/regiaonews.net.br\\\/2022\\\/\"},{\"@type\":\"ListItem\",\"position\":2,\"name\":\"SAAE Barretos recebe pelo segundo ano consecutivo o Selo Natureza da FACISB\"}]},{\"@type\":\"WebSite\",\"@id\":\"https:\\\/\\\/regiaonews.net.br\\\/2022\\\/#website\",\"url\":\"https:\\\/\\\/regiaonews.net.br\\\/2022\\\/\",\"name\":\"Regi\u00e3o News\",\"description\":\"Site de Not\u00edcias de Barretos e regi\u00e3o\",\"publisher\":{\"@id\":\"https:\\\/\\\/regiaonews.net.br\\\/2022\\\/#organization\"},\"potentialAction\":[{\"@type\":\"SearchAction\",\"target\":{\"@type\":\"EntryPoint\",\"urlTemplate\":\"https:\\\/\\\/regiaonews.net.br\\\/2022\\\/?s={search_term_string}\"},\"query-input\":{\"@type\":\"PropertyValueSpecification\",\"valueRequired\":true,\"valueName\":\"search_term_string\"}}],\"inLanguage\":\"pt-BR\"},{\"@type\":\"Organization\",\"@id\":\"https:\\\/\\\/regiaonews.net.br\\\/2022\\\/#organization\",\"name\":\"Regi\u00e3o News\",\"url\":\"https:\\\/\\\/regiaonews.net.br\\\/2022\\\/\",\"logo\":{\"@type\":\"ImageObject\",\"inLanguage\":\"pt-BR\",\"@id\":\"https:\\\/\\\/regiaonews.net.br\\\/2022\\\/#\\\/schema\\\/logo\\\/image\\\/\",\"url\":\"https:\\\/\\\/regiaonews.net.br\\\/2022\\\/wp-content\\\/uploads\\\/2026\\\/03\\\/regiao-13-anos-scaled.jpg\",\"contentUrl\":\"https:\\\/\\\/regiaonews.net.br\\\/2022\\\/wp-content\\\/uploads\\\/2026\\\/03\\\/regiao-13-anos-scaled.jpg\",\"width\":2560,\"height\":635,\"caption\":\"Regi\u00e3o News\"},\"image\":{\"@id\":\"https:\\\/\\\/regiaonews.net.br\\\/2022\\\/#\\\/schema\\\/logo\\\/image\\\/\"}},{\"@type\":\"Person\",\"@id\":\"https:\\\/\\\/regiaonews.net.br\\\/2022\\\/#\\\/schema\\\/person\\\/2d205a608a5aa97ac279d7a5e6d89ad8\",\"name\":\"Roberto\",\"image\":{\"@type\":\"ImageObject\",\"inLanguage\":\"pt-BR\",\"@id\":\"https:\\\/\\\/secure.gravatar.com\\\/avatar\\\/42749d8b712ff9d59ca93dc150494e5b55a44134482993f5baeb97e61b7ecc89?s=96&d=mm&r=g\",\"url\":\"https:\\\/\\\/secure.gravatar.com\\\/avatar\\\/42749d8b712ff9d59ca93dc150494e5b55a44134482993f5baeb97e61b7ecc89?s=96&d=mm&r=g\",\"contentUrl\":\"https:\\\/\\\/secure.gravatar.com\\\/avatar\\\/42749d8b712ff9d59ca93dc150494e5b55a44134482993f5baeb97e61b7ecc89?s=96&d=mm&r=g\",\"caption\":\"Roberto\"},\"url\":\"https:\\\/\\\/regiaonews.net.br\\\/2022\\\/author\\\/roberto\\\/\"}]}<\/script>\n<!-- \/ Yoast SEO plugin. -->","yoast_head_json":{"title":"SAAE Barretos recebe pelo segundo ano consecutivo o Selo Natureza da FACISB - Regi\u00e3o News","robots":{"index":"index","follow":"follow","max-snippet":"max-snippet:-1","max-image-preview":"max-image-preview:large","max-video-preview":"max-video-preview:-1"},"canonical":"https:\/\/regiaonews.net.br\/2022\/2023\/12\/13\/saae-barretos-recebe-pelo-segundo-ano-consecutivo-o-selo-natureza-da-facisb\/","og_locale":"pt_BR","og_type":"article","og_title":"SAAE Barretos recebe pelo segundo ano consecutivo o Selo Natureza da FACISB - Regi\u00e3o News","og_description":"Autarquia desenvolve educa\u00e7\u00e3o ambiental por meio de programa de TV.","og_url":"https:\/\/regiaonews.net.br\/2022\/2023\/12\/13\/saae-barretos-recebe-pelo-segundo-ano-consecutivo-o-selo-natureza-da-facisb\/","og_site_name":"Regi\u00e3o News","article_published_time":"2023-12-13T18:13:38+00:00","og_image":[{"width":1600,"height":1066,"url":"https:\/\/regiaonews.net.br\/2022\/wp-content\/uploads\/2023\/12\/Imagem-do-WhatsApp-de-2023-12-13-as-11.59.13_c531a0a3.jpg","type":"image\/jpeg"}],"author":"Roberto","twitter_card":"summary_large_image","twitter_misc":{"Escrito por":"Roberto","Est. tempo de leitura":"3 minutos"},"schema":{"@context":"https:\/\/schema.org","@graph":[{"@type":"Article","@id":"https:\/\/regiaonews.net.br\/2022\/2023\/12\/13\/saae-barretos-recebe-pelo-segundo-ano-consecutivo-o-selo-natureza-da-facisb\/#article","isPartOf":{"@id":"https:\/\/regiaonews.net.br\/2022\/2023\/12\/13\/saae-barretos-recebe-pelo-segundo-ano-consecutivo-o-selo-natureza-da-facisb\/"},"author":{"name":"Roberto","@id":"https:\/\/regiaonews.net.br\/2022\/#\/schema\/person\/2d205a608a5aa97ac279d7a5e6d89ad8"},"headline":"SAAE Barretos recebe pelo segundo ano consecutivo o Selo Natureza da FACISB","datePublished":"2023-12-13T18:13:38+00:00","mainEntityOfPage":{"@id":"https:\/\/regiaonews.net.br\/2022\/2023\/12\/13\/saae-barretos-recebe-pelo-segundo-ano-consecutivo-o-selo-natureza-da-facisb\/"},"wordCount":378,"commentCount":0,"publisher":{"@id":"https:\/\/regiaonews.net.br\/2022\/#organization"},"image":{"@id":"https:\/\/regiaonews.net.br\/2022\/2023\/12\/13\/saae-barretos-recebe-pelo-segundo-ano-consecutivo-o-selo-natureza-da-facisb\/#primaryimage"},"thumbnailUrl":"https:\/\/regiaonews.net.br\/2022\/wp-content\/uploads\/2023\/12\/Imagem-do-WhatsApp-de-2023-12-13-as-11.59.13_c531a0a3.jpg","articleSection":["Barretos","Geral"],"inLanguage":"pt-BR","potentialAction":[{"@type":"CommentAction","name":"Comment","target":["https:\/\/regiaonews.net.br\/2022\/2023\/12\/13\/saae-barretos-recebe-pelo-segundo-ano-consecutivo-o-selo-natureza-da-facisb\/#respond"]}]},{"@type":"WebPage","@id":"https:\/\/regiaonews.net.br\/2022\/2023\/12\/13\/saae-barretos-recebe-pelo-segundo-ano-consecutivo-o-selo-natureza-da-facisb\/","url":"https:\/\/regiaonews.net.br\/2022\/2023\/12\/13\/saae-barretos-recebe-pelo-segundo-ano-consecutivo-o-selo-natureza-da-facisb\/","name":"SAAE Barretos recebe pelo segundo ano consecutivo o Selo Natureza da FACISB - Regi\u00e3o News","isPartOf":{"@id":"https:\/\/regiaonews.net.br\/2022\/#website"},"primaryImageOfPage":{"@id":"https:\/\/regiaonews.net.br\/2022\/2023\/12\/13\/saae-barretos-recebe-pelo-segundo-ano-consecutivo-o-selo-natureza-da-facisb\/#primaryimage"},"image":{"@id":"https:\/\/regiaonews.net.br\/2022\/2023\/12\/13\/saae-barretos-recebe-pelo-segundo-ano-consecutivo-o-selo-natureza-da-facisb\/#primaryimage"},"thumbnailUrl":"https:\/\/regiaonews.net.br\/2022\/wp-content\/uploads\/2023\/12\/Imagem-do-WhatsApp-de-2023-12-13-as-11.59.13_c531a0a3.jpg","datePublished":"2023-12-13T18:13:38+00:00","breadcrumb":{"@id":"https:\/\/regiaonews.net.br\/2022\/2023\/12\/13\/saae-barretos-recebe-pelo-segundo-ano-consecutivo-o-selo-natureza-da-facisb\/#breadcrumb"},"inLanguage":"pt-BR","potentialAction":[{"@type":"ReadAction","target":["https:\/\/regiaonews.net.br\/2022\/2023\/12\/13\/saae-barretos-recebe-pelo-segundo-ano-consecutivo-o-selo-natureza-da-facisb\/"]}]},{"@type":"ImageObject","inLanguage":"pt-BR","@id":"https:\/\/regiaonews.net.br\/2022\/2023\/12\/13\/saae-barretos-recebe-pelo-segundo-ano-consecutivo-o-selo-natureza-da-facisb\/#primaryimage","url":"https:\/\/regiaonews.net.br\/2022\/wp-content\/uploads\/2023\/12\/Imagem-do-WhatsApp-de-2023-12-13-as-11.59.13_c531a0a3.jpg","contentUrl":"https:\/\/regiaonews.net.br\/2022\/wp-content\/uploads\/2023\/12\/Imagem-do-WhatsApp-de-2023-12-13-as-11.59.13_c531a0a3.jpg","width":1600,"height":1066},{"@type":"BreadcrumbList","@id":"https:\/\/regiaonews.net.br\/2022\/2023\/12\/13\/saae-barretos-recebe-pelo-segundo-ano-consecutivo-o-selo-natureza-da-facisb\/#breadcrumb","itemListElement":[{"@type":"ListItem","position":1,"name":"In\u00edcio","item":"https:\/\/regiaonews.net.br\/2022\/"},{"@type":"ListItem","position":2,"name":"SAAE Barretos recebe pelo segundo ano consecutivo o Selo Natureza da FACISB"}]},{"@type":"WebSite","@id":"https:\/\/regiaonews.net.br\/2022\/#website","url":"https:\/\/regiaonews.net.br\/2022\/","name":"Regi\u00e3o News","description":"Site de Not\u00edcias de Barretos e regi\u00e3o","publisher":{"@id":"https:\/\/regiaonews.net.br\/2022\/#organization"},"potentialAction":[{"@type":"SearchAction","target":{"@type":"EntryPoint","urlTemplate":"https:\/\/regiaonews.net.br\/2022\/?s={search_term_string}"},"query-input":{"@type":"PropertyValueSpecification","valueRequired":true,"valueName":"search_term_string"}}],"inLanguage":"pt-BR"},{"@type":"Organization","@id":"https:\/\/regiaonews.net.br\/2022\/#organization","name":"Regi\u00e3o News","url":"https:\/\/regiaonews.net.br\/2022\/","logo":{"@type":"ImageObject","inLanguage":"pt-BR","@id":"https:\/\/regiaonews.net.br\/2022\/#\/schema\/logo\/image\/","url":"https:\/\/regiaonews.net.br\/2022\/wp-content\/uploads\/2026\/03\/regiao-13-anos-scaled.jpg","contentUrl":"https:\/\/regiaonews.net.br\/2022\/wp-content\/uploads\/2026\/03\/regiao-13-anos-scaled.jpg","width":2560,"height":635,"caption":"Regi\u00e3o News"},"image":{"@id":"https:\/\/regiaonews.net.br\/2022\/#\/schema\/logo\/image\/"}},{"@type":"Person","@id":"https:\/\/regiaonews.net.br\/2022\/#\/schema\/person\/2d205a608a5aa97ac279d7a5e6d89ad8","name":"Roberto","image":{"@type":"ImageObject","inLanguage":"pt-BR","@id":"https:\/\/secure.gravatar.com\/avatar\/42749d8b712ff9d59ca93dc150494e5b55a44134482993f5baeb97e61b7ecc89?s=96&d=mm&r=g","url":"https:\/\/secure.gravatar.com\/avatar\/42749d8b712ff9d59ca93dc150494e5b55a44134482993f5baeb97e61b7ecc89?s=96&d=mm&r=g","contentUrl":"https:\/\/secure.gravatar.com\/avatar\/42749d8b712ff9d59ca93dc150494e5b55a44134482993f5baeb97e61b7ecc89?s=96&d=mm&r=g","caption":"Roberto"},"url":"https:\/\/regiaonews.net.br\/2022\/author\/roberto\/"}]}},"publishpress_future_action":{"enabled":false,"date":"2026-05-04 06:05:40","action":"change-status","newStatus":"draft","terms":[],"taxonomy":"category","extraData":[]},"publishpress_future_workflow_manual_trigger":{"enabledWorkflows":[]},"_links":{"self":[{"href":"https:\/\/regiaonews.net.br\/2022\/wp-json\/wp\/v2\/posts\/99050","targetHints":{"allow":["GET"]}}],"collection":[{"href":"https:\/\/regiaonews.net.br\/2022\/wp-json\/wp\/v2\/posts"}],"about":[{"href":"https:\/\/regiaonews.net.br\/2022\/wp-json\/wp\/v2\/types\/post"}],"author":[{"embeddable":true,"href":"https:\/\/regiaonews.net.br\/2022\/wp-json\/wp\/v2\/users\/2"}],"replies":[{"embeddable":true,"href":"https:\/\/regiaonews.net.br\/2022\/wp-json\/wp\/v2\/comments?post=99050"}],"version-history":[{"count":1,"href":"https:\/\/regiaonews.net.br\/2022\/wp-json\/wp\/v2\/posts\/99050\/revisions"}],"predecessor-version":[{"id":99052,"href":"https:\/\/regiaonews.net.br\/2022\/wp-json\/wp\/v2\/posts\/99050\/revisions\/99052"}],"wp:featuredmedia":[{"embeddable":true,"href":"https:\/\/regiaonews.net.br\/2022\/wp-json\/wp\/v2\/media\/99051"}],"wp:attachment":[{"href":"https:\/\/regiaonews.net.br\/2022\/wp-json\/wp\/v2\/media?parent=99050"}],"wp:term":[{"taxonomy":"category","embeddable":true,"href":"https:\/\/regiaonews.net.br\/2022\/wp-json\/wp\/v2\/categories?post=99050"},{"taxonomy":"post_tag","embeddable":true,"href":"https:\/\/regiaonews.net.br\/2022\/wp-json\/wp\/v2\/tags?post=99050"}],"curies":[{"name":"wp","href":"https:\/\/api.w.org\/{rel}","templated":true}]}}