{"id":98973,"date":"2023-12-12T11:49:41","date_gmt":"2023-12-12T14:49:41","guid":{"rendered":"https:\/\/regiaonews.net.br\/2022\/?p=98973"},"modified":"2023-12-12T11:49:41","modified_gmt":"2023-12-12T14:49:41","slug":"ddm-online-de-sp-registra-aumento-de-mais-de-50-de-medidas-protetivas-de-urgencia","status":"publish","type":"post","link":"https:\/\/regiaonews.net.br\/2022\/2023\/12\/12\/ddm-online-de-sp-registra-aumento-de-mais-de-50-de-medidas-protetivas-de-urgencia\/","title":{"rendered":"DDM online de SP registra aumento de mais de 50% de medidas protetivas de urg\u00eancia"},"content":{"rendered":"<div class=\"col-lg-12 mt-4 justify\"><\/div>\n<div class=\"col-lg-12 justify\">\n<h3 style=\"text-align: center;\">Delegada enfatiza import\u00e2ncia da den\u00fancia; v\u00edtimas de viol\u00eancia dom\u00e9stica podem procurar delegacia presencial ou online.<\/h3>\n<\/div>\n<div class=\"col-lg-12 mt-3 justify\">\n<div>\n<div>O n\u00famero de medidas protetivas de urg\u00eancia solicitadas pela Delegacia de Defesa da Mulher (DDM) online de S\u00e3o Paulo aumentou 53,9% entre 2022 e 2023. Para a coordenadora das Delegacias de Defesa da Mulher do Estado de S\u00e3o Paulo, Jamila Jorge Ferrari, o dado mostra a import\u00e2ncia dos recursos oferecidos pelo governo paulista para a prote\u00e7\u00e3o de v\u00edtimas de viol\u00eancia dom\u00e9stica e a devida puni\u00e7\u00e3o aos agressores.<\/div>\n<div><\/div>\n<div>\u201cA partir do momento que a mulher faz a den\u00fancia, a Pol\u00edcia e o poder Judici\u00e1rio est\u00e3o cientes de que ela precisa de ajuda e podem oferecer ferramentas de aux\u00edlio e prote\u00e7\u00e3o. Medidas protetivas salvam vidas&#8221;, explica Jamila.<\/div>\n<div><\/div>\n<div>Diante disso, a Pol\u00edcia Civil de S\u00e3o Paulo disponibiliza mecanismos para que as mulheres consigam fazer o boletim de ocorr\u00eancia de qualquer forma, seja presencialmente, seja de forma online, 24 horas por dia.<\/div>\n<div><\/div>\n<div>De acordo com a Pol\u00edcia Civil, em 2022, foram solicitadas 17.536 medidas protetivas por meio da DDM online e tamb\u00e9m pelas DDMs 24 horas. J\u00e1 em 2023, at\u00e9 dezembro, eram 26.996 solicita\u00e7\u00f5es. S\u00e3o Paulo tem o maior n\u00famero de Delegacias da Mulher no pa\u00eds. S\u00e3o 140 no total, ou 40% de todas as unidades espalhadas pelo Brasil.<\/div>\n<div><\/div>\n<div>Mulheres que s\u00e3o v\u00edtimas de algum tipo de viol\u00eancia, tanto dom\u00e9stica como familiar, podem denunciar seus agressores por meio de um boletim de ocorr\u00eancia de forma presencial, em uma Delegacia de Defesa da Mulher (DDM), ou na delegacia do bairro em que ela reside.<\/div>\n<div><\/div>\n<div>Elas podem ainda fazer a den\u00fancia por meio da DDM Online (<a href=\"https:\/\/www.delegaciaeletronica.policiacivil.sp.gov.br\/ssp-de-cidadao\/home\">https:\/\/www.delegaciaeletronica.policiacivil.sp.gov.br\/ssp-de-cidadao\/home<\/a>), pelo endere\u00e7o da Delegacia Eletr\u00f4nica da Pol\u00edcia Civil de S\u00e3o Paulo. Os servi\u00e7os est\u00e3o dispon\u00edveis 24 horas, em todos os dias da semana.<\/div>\n<div><\/div>\n<div>H\u00e1 ainda outras ferramentas dispon\u00edveis no Estado para prote\u00e7\u00e3o das mulheres, como o SOS Mulher, que \u00e9 uma plataforma de conte\u00fados sobre seguran\u00e7a, sa\u00fade e independ\u00eancia financeira.<\/div>\n<div><\/div>\n<div>Outra forma de prote\u00e7\u00e3o \u00e9 o bot\u00e3o do p\u00e2nico \u2014 aplicativo que pode ser acionado em caso de situa\u00e7\u00e3o de perigo, al\u00e9m das tornozeleiras eletr\u00f4nicas, iniciativa em parceria com o Judici\u00e1rio que possibilita o monitoramento dos agressores.<\/div>\n<div><\/div>\n<div>Confira a entrevista com a delegada e coordenadora das Delegacias de Defesa da Mulher do Estado de S\u00e3o Paulo, Jamila Jorge Ferrari:<\/div>\n<div><\/div>\n<div><b>S\u00f3 mulheres v\u00edtimas de viol\u00eancia f\u00edsica podem registrar a den\u00fancia?<\/b><\/div>\n<div><\/div>\n<div>De forma alguma. Muitas mulheres n\u00e3o compreendem, e at\u00e9 a sociedade como um todo n\u00e3o entende que a viol\u00eancia n\u00e3o se resume apenas ao aspecto f\u00edsico. N\u00e3o \u00e9 apenas aquela que deixa marcas vis\u00edveis, como um olho roxo, um bra\u00e7o quebrado ou uma mordida. A viol\u00eancia \u00e9 muito mais complexa, e a pr\u00f3pria Lei Maria da Penha traz as cinco formas de viol\u00eancia, que s\u00e3o a f\u00edsica, psicol\u00f3gica, sexual, patrimonial e moral. Muitas mulheres n\u00e3o entendem que elas est\u00e3o sendo v\u00edtimas de viol\u00eancia. A viol\u00eancia moral s\u00e3o os xingamentos, as humilha\u00e7\u00f5es, o que n\u00f3s juridicamente chamamos de cal\u00fania, inj\u00faria, difama\u00e7\u00e3o. Esses crimes s\u00e3o contra a honra da mulher e causam danos t\u00e3o terr\u00edveis quanto se fosse uma viol\u00eancia f\u00edsica.<\/div>\n<div><\/div>\n<div><b>Como encorajar mulheres que vivem ciclos de viol\u00eancia a denunciar?<\/b><\/div>\n<div><\/div>\n<div>\u00c9 muito importante explicar a essas mulheres que a culpa n\u00e3o \u00e9 delas e nem a responsabilidade. E se uma viol\u00eancia foi cometida, elas t\u00eam o direito de buscar ajuda, e a pol\u00edcia tem o dever de dar aux\u00edlio. Na maioria dos casos, essa mulher est\u00e1 muito machucada e n\u00e3o consegue pedir ajuda, ou tem muito medo ou vergonha, ou muitas vezes at\u00e9 \u00e9 dependente financeiramente do seu agressor. Todas essas quest\u00f5es acabam impedindo que essa mulher fa\u00e7a o boletim de ocorr\u00eancia, mas podem ser solucionadas com a atitude da pol\u00edcia, do Poder Judici\u00e1rio e com o trabalho existente no governo estadual e em muitos governos municipais, visando proporcionar a essa mulher a possibilidade de ter um local seguro para se abrigar quando necess\u00e1rio.<\/div>\n<div><\/div>\n<div><b>O boletim de ocorr\u00eancia online tem a mesma efetividade do presencial?<\/b><\/div>\n<div><\/div>\n<div>O nosso boletim est\u00e1 repleto de informa\u00e7\u00f5es que precisamos para efetivamente prestar ajuda a essa mulher. Ent\u00e3o, ela vai fornecer seus dados pessoais, e se tiver os dados pessoais do autor, n\u00e3o precisa saber, por exemplo, o endere\u00e7o completo ou RG do agressor, podendo inserir apenas o nome ou apelido dele. Ela vai colocar no hist\u00f3rico do boletim de ocorr\u00eancia com as pr\u00f3prias palavras o que aconteceu. Tamb\u00e9m consegue anexar fotografia da les\u00e3o, ent\u00e3o, \u00e0s vezes tem uma marca da mordida ou um roxo nas pernas. Pode colocar um print de conversa com amea\u00e7as, com xingamentos, com a viol\u00eancia moral sofrida. E muitas mulheres t\u00eam colocado a papeleta do hospital em que ela foi atendida falando qual foi o tipo de les\u00e3o, qual \u00e9 o medicamento que vai ter que tomar. \u00c9 perguntado a ela se quer e se precisa de uma medida protetiva. Se ela falar que precisa, essa solicita\u00e7\u00e3o \u00e9 feita tamb\u00e9m de maneira online. O boletim online tamb\u00e9m est\u00e1 dispon\u00edvel em outros idiomas. Mulheres que n\u00e3o sabem a l\u00edngua portuguesa podem fazer o registro em ingl\u00eas e tamb\u00e9m em espanhol.<\/div>\n<div><\/div>\n<div><b>Qual o perfil das mulheres que denunciam seus agressores?<\/b><\/div>\n<div><\/div>\n<div>A maioria das mulheres que registram boletim de ocorr\u00eancia est\u00e1 se separando ou tentando se separar de seus agressores. Elas s\u00e3o mulheres jovens, entre 20 e 30 anos. H\u00e1 filhos nesses relacionamentos, n\u00e3o necessariamente do agressor, e a ocorr\u00eancia da viol\u00eancia acontece em casa.<\/div>\n<div><\/div>\n<div>Secretaria de Comunica\u00e7\u00e3o do Estado de S\u00e3o Paulo<\/div>\n<\/div>\n<\/div>\n","protected":false},"excerpt":{"rendered":"<p>Delegada enfatiza import\u00e2ncia da den\u00fancia; v\u00edtimas de viol\u00eancia dom\u00e9stica podem<\/p>\n","protected":false},"author":2,"featured_media":98974,"comment_status":"open","ping_status":"open","sticky":false,"template":"","format":"standard","meta":{"footnotes":""},"categories":[7,23],"tags":[],"class_list":["post-98973","post","type-post","status-publish","format-standard","has-post-thumbnail","hentry","category-estado-de-sao-paulo","category-policia"],"yoast_head":"<!-- This site is optimized with the Yoast SEO plugin v27.4 - https:\/\/yoast.com\/product\/yoast-seo-wordpress\/ -->\n<title>DDM online de SP registra aumento de mais de 50% de medidas protetivas de urg\u00eancia - Regi\u00e3o News<\/title>\n<meta name=\"robots\" content=\"index, follow, max-snippet:-1, max-image-preview:large, max-video-preview:-1\" \/>\n<link rel=\"canonical\" href=\"https:\/\/regiaonews.net.br\/2022\/2023\/12\/12\/ddm-online-de-sp-registra-aumento-de-mais-de-50-de-medidas-protetivas-de-urgencia\/\" \/>\n<meta property=\"og:locale\" content=\"pt_BR\" \/>\n<meta property=\"og:type\" content=\"article\" \/>\n<meta property=\"og:title\" content=\"DDM online de SP registra aumento de mais de 50% de medidas protetivas de urg\u00eancia - Regi\u00e3o News\" \/>\n<meta property=\"og:description\" content=\"Delegada enfatiza import\u00e2ncia da den\u00fancia; v\u00edtimas de viol\u00eancia dom\u00e9stica podem\" \/>\n<meta property=\"og:url\" content=\"https:\/\/regiaonews.net.br\/2022\/2023\/12\/12\/ddm-online-de-sp-registra-aumento-de-mais-de-50-de-medidas-protetivas-de-urgencia\/\" \/>\n<meta property=\"og:site_name\" content=\"Regi\u00e3o News\" \/>\n<meta property=\"article:published_time\" content=\"2023-12-12T14:49:41+00:00\" \/>\n<meta property=\"og:image\" content=\"https:\/\/regiaonews.net.br\/2022\/wp-content\/uploads\/2023\/12\/00052417.jpeg\" \/>\n\t<meta property=\"og:image:width\" content=\"1280\" \/>\n\t<meta property=\"og:image:height\" content=\"960\" \/>\n\t<meta property=\"og:image:type\" content=\"image\/jpeg\" \/>\n<meta name=\"author\" content=\"Roberto\" \/>\n<meta name=\"twitter:card\" content=\"summary_large_image\" \/>\n<meta name=\"twitter:label1\" content=\"Escrito por\" \/>\n\t<meta name=\"twitter:data1\" content=\"Roberto\" \/>\n\t<meta name=\"twitter:label2\" content=\"Est. tempo de leitura\" \/>\n\t<meta name=\"twitter:data2\" content=\"5 minutos\" \/>\n<script type=\"application\/ld+json\" class=\"yoast-schema-graph\">{\"@context\":\"https:\\\/\\\/schema.org\",\"@graph\":[{\"@type\":\"Article\",\"@id\":\"https:\\\/\\\/regiaonews.net.br\\\/2022\\\/2023\\\/12\\\/12\\\/ddm-online-de-sp-registra-aumento-de-mais-de-50-de-medidas-protetivas-de-urgencia\\\/#article\",\"isPartOf\":{\"@id\":\"https:\\\/\\\/regiaonews.net.br\\\/2022\\\/2023\\\/12\\\/12\\\/ddm-online-de-sp-registra-aumento-de-mais-de-50-de-medidas-protetivas-de-urgencia\\\/\"},\"author\":{\"name\":\"Roberto\",\"@id\":\"https:\\\/\\\/regiaonews.net.br\\\/2022\\\/#\\\/schema\\\/person\\\/2d205a608a5aa97ac279d7a5e6d89ad8\"},\"headline\":\"DDM online de SP registra aumento de mais de 50% de medidas protetivas de urg\u00eancia\",\"datePublished\":\"2023-12-12T14:49:41+00:00\",\"mainEntityOfPage\":{\"@id\":\"https:\\\/\\\/regiaonews.net.br\\\/2022\\\/2023\\\/12\\\/12\\\/ddm-online-de-sp-registra-aumento-de-mais-de-50-de-medidas-protetivas-de-urgencia\\\/\"},\"wordCount\":1026,\"commentCount\":0,\"publisher\":{\"@id\":\"https:\\\/\\\/regiaonews.net.br\\\/2022\\\/#organization\"},\"image\":{\"@id\":\"https:\\\/\\\/regiaonews.net.br\\\/2022\\\/2023\\\/12\\\/12\\\/ddm-online-de-sp-registra-aumento-de-mais-de-50-de-medidas-protetivas-de-urgencia\\\/#primaryimage\"},\"thumbnailUrl\":\"https:\\\/\\\/regiaonews.net.br\\\/2022\\\/wp-content\\\/uploads\\\/2023\\\/12\\\/00052417.jpeg\",\"articleSection\":[\"Estado de S\u00e3o Paulo\",\"Policia\"],\"inLanguage\":\"pt-BR\",\"potentialAction\":[{\"@type\":\"CommentAction\",\"name\":\"Comment\",\"target\":[\"https:\\\/\\\/regiaonews.net.br\\\/2022\\\/2023\\\/12\\\/12\\\/ddm-online-de-sp-registra-aumento-de-mais-de-50-de-medidas-protetivas-de-urgencia\\\/#respond\"]}]},{\"@type\":\"WebPage\",\"@id\":\"https:\\\/\\\/regiaonews.net.br\\\/2022\\\/2023\\\/12\\\/12\\\/ddm-online-de-sp-registra-aumento-de-mais-de-50-de-medidas-protetivas-de-urgencia\\\/\",\"url\":\"https:\\\/\\\/regiaonews.net.br\\\/2022\\\/2023\\\/12\\\/12\\\/ddm-online-de-sp-registra-aumento-de-mais-de-50-de-medidas-protetivas-de-urgencia\\\/\",\"name\":\"DDM online de SP registra aumento de mais de 50% de medidas protetivas de urg\u00eancia - Regi\u00e3o News\",\"isPartOf\":{\"@id\":\"https:\\\/\\\/regiaonews.net.br\\\/2022\\\/#website\"},\"primaryImageOfPage\":{\"@id\":\"https:\\\/\\\/regiaonews.net.br\\\/2022\\\/2023\\\/12\\\/12\\\/ddm-online-de-sp-registra-aumento-de-mais-de-50-de-medidas-protetivas-de-urgencia\\\/#primaryimage\"},\"image\":{\"@id\":\"https:\\\/\\\/regiaonews.net.br\\\/2022\\\/2023\\\/12\\\/12\\\/ddm-online-de-sp-registra-aumento-de-mais-de-50-de-medidas-protetivas-de-urgencia\\\/#primaryimage\"},\"thumbnailUrl\":\"https:\\\/\\\/regiaonews.net.br\\\/2022\\\/wp-content\\\/uploads\\\/2023\\\/12\\\/00052417.jpeg\",\"datePublished\":\"2023-12-12T14:49:41+00:00\",\"breadcrumb\":{\"@id\":\"https:\\\/\\\/regiaonews.net.br\\\/2022\\\/2023\\\/12\\\/12\\\/ddm-online-de-sp-registra-aumento-de-mais-de-50-de-medidas-protetivas-de-urgencia\\\/#breadcrumb\"},\"inLanguage\":\"pt-BR\",\"potentialAction\":[{\"@type\":\"ReadAction\",\"target\":[\"https:\\\/\\\/regiaonews.net.br\\\/2022\\\/2023\\\/12\\\/12\\\/ddm-online-de-sp-registra-aumento-de-mais-de-50-de-medidas-protetivas-de-urgencia\\\/\"]}]},{\"@type\":\"ImageObject\",\"inLanguage\":\"pt-BR\",\"@id\":\"https:\\\/\\\/regiaonews.net.br\\\/2022\\\/2023\\\/12\\\/12\\\/ddm-online-de-sp-registra-aumento-de-mais-de-50-de-medidas-protetivas-de-urgencia\\\/#primaryimage\",\"url\":\"https:\\\/\\\/regiaonews.net.br\\\/2022\\\/wp-content\\\/uploads\\\/2023\\\/12\\\/00052417.jpeg\",\"contentUrl\":\"https:\\\/\\\/regiaonews.net.br\\\/2022\\\/wp-content\\\/uploads\\\/2023\\\/12\\\/00052417.jpeg\",\"width\":1280,\"height\":960},{\"@type\":\"BreadcrumbList\",\"@id\":\"https:\\\/\\\/regiaonews.net.br\\\/2022\\\/2023\\\/12\\\/12\\\/ddm-online-de-sp-registra-aumento-de-mais-de-50-de-medidas-protetivas-de-urgencia\\\/#breadcrumb\",\"itemListElement\":[{\"@type\":\"ListItem\",\"position\":1,\"name\":\"In\u00edcio\",\"item\":\"https:\\\/\\\/regiaonews.net.br\\\/2022\\\/\"},{\"@type\":\"ListItem\",\"position\":2,\"name\":\"DDM online de SP registra aumento de mais de 50% de medidas protetivas de urg\u00eancia\"}]},{\"@type\":\"WebSite\",\"@id\":\"https:\\\/\\\/regiaonews.net.br\\\/2022\\\/#website\",\"url\":\"https:\\\/\\\/regiaonews.net.br\\\/2022\\\/\",\"name\":\"Regi\u00e3o News\",\"description\":\"Site de Not\u00edcias de Barretos e regi\u00e3o\",\"publisher\":{\"@id\":\"https:\\\/\\\/regiaonews.net.br\\\/2022\\\/#organization\"},\"potentialAction\":[{\"@type\":\"SearchAction\",\"target\":{\"@type\":\"EntryPoint\",\"urlTemplate\":\"https:\\\/\\\/regiaonews.net.br\\\/2022\\\/?s={search_term_string}\"},\"query-input\":{\"@type\":\"PropertyValueSpecification\",\"valueRequired\":true,\"valueName\":\"search_term_string\"}}],\"inLanguage\":\"pt-BR\"},{\"@type\":\"Organization\",\"@id\":\"https:\\\/\\\/regiaonews.net.br\\\/2022\\\/#organization\",\"name\":\"Regi\u00e3o News\",\"url\":\"https:\\\/\\\/regiaonews.net.br\\\/2022\\\/\",\"logo\":{\"@type\":\"ImageObject\",\"inLanguage\":\"pt-BR\",\"@id\":\"https:\\\/\\\/regiaonews.net.br\\\/2022\\\/#\\\/schema\\\/logo\\\/image\\\/\",\"url\":\"https:\\\/\\\/regiaonews.net.br\\\/2022\\\/wp-content\\\/uploads\\\/2026\\\/03\\\/regiao-13-anos-scaled.jpg\",\"contentUrl\":\"https:\\\/\\\/regiaonews.net.br\\\/2022\\\/wp-content\\\/uploads\\\/2026\\\/03\\\/regiao-13-anos-scaled.jpg\",\"width\":2560,\"height\":635,\"caption\":\"Regi\u00e3o News\"},\"image\":{\"@id\":\"https:\\\/\\\/regiaonews.net.br\\\/2022\\\/#\\\/schema\\\/logo\\\/image\\\/\"}},{\"@type\":\"Person\",\"@id\":\"https:\\\/\\\/regiaonews.net.br\\\/2022\\\/#\\\/schema\\\/person\\\/2d205a608a5aa97ac279d7a5e6d89ad8\",\"name\":\"Roberto\",\"image\":{\"@type\":\"ImageObject\",\"inLanguage\":\"pt-BR\",\"@id\":\"https:\\\/\\\/secure.gravatar.com\\\/avatar\\\/42749d8b712ff9d59ca93dc150494e5b55a44134482993f5baeb97e61b7ecc89?s=96&d=mm&r=g\",\"url\":\"https:\\\/\\\/secure.gravatar.com\\\/avatar\\\/42749d8b712ff9d59ca93dc150494e5b55a44134482993f5baeb97e61b7ecc89?s=96&d=mm&r=g\",\"contentUrl\":\"https:\\\/\\\/secure.gravatar.com\\\/avatar\\\/42749d8b712ff9d59ca93dc150494e5b55a44134482993f5baeb97e61b7ecc89?s=96&d=mm&r=g\",\"caption\":\"Roberto\"},\"url\":\"https:\\\/\\\/regiaonews.net.br\\\/2022\\\/author\\\/roberto\\\/\"}]}<\/script>\n<!-- \/ Yoast SEO plugin. -->","yoast_head_json":{"title":"DDM online de SP registra aumento de mais de 50% de medidas protetivas de urg\u00eancia - Regi\u00e3o News","robots":{"index":"index","follow":"follow","max-snippet":"max-snippet:-1","max-image-preview":"max-image-preview:large","max-video-preview":"max-video-preview:-1"},"canonical":"https:\/\/regiaonews.net.br\/2022\/2023\/12\/12\/ddm-online-de-sp-registra-aumento-de-mais-de-50-de-medidas-protetivas-de-urgencia\/","og_locale":"pt_BR","og_type":"article","og_title":"DDM online de SP registra aumento de mais de 50% de medidas protetivas de urg\u00eancia - Regi\u00e3o News","og_description":"Delegada enfatiza import\u00e2ncia da den\u00fancia; v\u00edtimas de viol\u00eancia dom\u00e9stica podem","og_url":"https:\/\/regiaonews.net.br\/2022\/2023\/12\/12\/ddm-online-de-sp-registra-aumento-de-mais-de-50-de-medidas-protetivas-de-urgencia\/","og_site_name":"Regi\u00e3o News","article_published_time":"2023-12-12T14:49:41+00:00","og_image":[{"width":1280,"height":960,"url":"https:\/\/regiaonews.net.br\/2022\/wp-content\/uploads\/2023\/12\/00052417.jpeg","type":"image\/jpeg"}],"author":"Roberto","twitter_card":"summary_large_image","twitter_misc":{"Escrito por":"Roberto","Est. tempo de leitura":"5 minutos"},"schema":{"@context":"https:\/\/schema.org","@graph":[{"@type":"Article","@id":"https:\/\/regiaonews.net.br\/2022\/2023\/12\/12\/ddm-online-de-sp-registra-aumento-de-mais-de-50-de-medidas-protetivas-de-urgencia\/#article","isPartOf":{"@id":"https:\/\/regiaonews.net.br\/2022\/2023\/12\/12\/ddm-online-de-sp-registra-aumento-de-mais-de-50-de-medidas-protetivas-de-urgencia\/"},"author":{"name":"Roberto","@id":"https:\/\/regiaonews.net.br\/2022\/#\/schema\/person\/2d205a608a5aa97ac279d7a5e6d89ad8"},"headline":"DDM online de SP registra aumento de mais de 50% de medidas protetivas de urg\u00eancia","datePublished":"2023-12-12T14:49:41+00:00","mainEntityOfPage":{"@id":"https:\/\/regiaonews.net.br\/2022\/2023\/12\/12\/ddm-online-de-sp-registra-aumento-de-mais-de-50-de-medidas-protetivas-de-urgencia\/"},"wordCount":1026,"commentCount":0,"publisher":{"@id":"https:\/\/regiaonews.net.br\/2022\/#organization"},"image":{"@id":"https:\/\/regiaonews.net.br\/2022\/2023\/12\/12\/ddm-online-de-sp-registra-aumento-de-mais-de-50-de-medidas-protetivas-de-urgencia\/#primaryimage"},"thumbnailUrl":"https:\/\/regiaonews.net.br\/2022\/wp-content\/uploads\/2023\/12\/00052417.jpeg","articleSection":["Estado de S\u00e3o Paulo","Policia"],"inLanguage":"pt-BR","potentialAction":[{"@type":"CommentAction","name":"Comment","target":["https:\/\/regiaonews.net.br\/2022\/2023\/12\/12\/ddm-online-de-sp-registra-aumento-de-mais-de-50-de-medidas-protetivas-de-urgencia\/#respond"]}]},{"@type":"WebPage","@id":"https:\/\/regiaonews.net.br\/2022\/2023\/12\/12\/ddm-online-de-sp-registra-aumento-de-mais-de-50-de-medidas-protetivas-de-urgencia\/","url":"https:\/\/regiaonews.net.br\/2022\/2023\/12\/12\/ddm-online-de-sp-registra-aumento-de-mais-de-50-de-medidas-protetivas-de-urgencia\/","name":"DDM online de SP registra aumento de mais de 50% de medidas protetivas de urg\u00eancia - Regi\u00e3o News","isPartOf":{"@id":"https:\/\/regiaonews.net.br\/2022\/#website"},"primaryImageOfPage":{"@id":"https:\/\/regiaonews.net.br\/2022\/2023\/12\/12\/ddm-online-de-sp-registra-aumento-de-mais-de-50-de-medidas-protetivas-de-urgencia\/#primaryimage"},"image":{"@id":"https:\/\/regiaonews.net.br\/2022\/2023\/12\/12\/ddm-online-de-sp-registra-aumento-de-mais-de-50-de-medidas-protetivas-de-urgencia\/#primaryimage"},"thumbnailUrl":"https:\/\/regiaonews.net.br\/2022\/wp-content\/uploads\/2023\/12\/00052417.jpeg","datePublished":"2023-12-12T14:49:41+00:00","breadcrumb":{"@id":"https:\/\/regiaonews.net.br\/2022\/2023\/12\/12\/ddm-online-de-sp-registra-aumento-de-mais-de-50-de-medidas-protetivas-de-urgencia\/#breadcrumb"},"inLanguage":"pt-BR","potentialAction":[{"@type":"ReadAction","target":["https:\/\/regiaonews.net.br\/2022\/2023\/12\/12\/ddm-online-de-sp-registra-aumento-de-mais-de-50-de-medidas-protetivas-de-urgencia\/"]}]},{"@type":"ImageObject","inLanguage":"pt-BR","@id":"https:\/\/regiaonews.net.br\/2022\/2023\/12\/12\/ddm-online-de-sp-registra-aumento-de-mais-de-50-de-medidas-protetivas-de-urgencia\/#primaryimage","url":"https:\/\/regiaonews.net.br\/2022\/wp-content\/uploads\/2023\/12\/00052417.jpeg","contentUrl":"https:\/\/regiaonews.net.br\/2022\/wp-content\/uploads\/2023\/12\/00052417.jpeg","width":1280,"height":960},{"@type":"BreadcrumbList","@id":"https:\/\/regiaonews.net.br\/2022\/2023\/12\/12\/ddm-online-de-sp-registra-aumento-de-mais-de-50-de-medidas-protetivas-de-urgencia\/#breadcrumb","itemListElement":[{"@type":"ListItem","position":1,"name":"In\u00edcio","item":"https:\/\/regiaonews.net.br\/2022\/"},{"@type":"ListItem","position":2,"name":"DDM online de SP registra aumento de mais de 50% de medidas protetivas de urg\u00eancia"}]},{"@type":"WebSite","@id":"https:\/\/regiaonews.net.br\/2022\/#website","url":"https:\/\/regiaonews.net.br\/2022\/","name":"Regi\u00e3o News","description":"Site de Not\u00edcias de Barretos e regi\u00e3o","publisher":{"@id":"https:\/\/regiaonews.net.br\/2022\/#organization"},"potentialAction":[{"@type":"SearchAction","target":{"@type":"EntryPoint","urlTemplate":"https:\/\/regiaonews.net.br\/2022\/?s={search_term_string}"},"query-input":{"@type":"PropertyValueSpecification","valueRequired":true,"valueName":"search_term_string"}}],"inLanguage":"pt-BR"},{"@type":"Organization","@id":"https:\/\/regiaonews.net.br\/2022\/#organization","name":"Regi\u00e3o News","url":"https:\/\/regiaonews.net.br\/2022\/","logo":{"@type":"ImageObject","inLanguage":"pt-BR","@id":"https:\/\/regiaonews.net.br\/2022\/#\/schema\/logo\/image\/","url":"https:\/\/regiaonews.net.br\/2022\/wp-content\/uploads\/2026\/03\/regiao-13-anos-scaled.jpg","contentUrl":"https:\/\/regiaonews.net.br\/2022\/wp-content\/uploads\/2026\/03\/regiao-13-anos-scaled.jpg","width":2560,"height":635,"caption":"Regi\u00e3o News"},"image":{"@id":"https:\/\/regiaonews.net.br\/2022\/#\/schema\/logo\/image\/"}},{"@type":"Person","@id":"https:\/\/regiaonews.net.br\/2022\/#\/schema\/person\/2d205a608a5aa97ac279d7a5e6d89ad8","name":"Roberto","image":{"@type":"ImageObject","inLanguage":"pt-BR","@id":"https:\/\/secure.gravatar.com\/avatar\/42749d8b712ff9d59ca93dc150494e5b55a44134482993f5baeb97e61b7ecc89?s=96&d=mm&r=g","url":"https:\/\/secure.gravatar.com\/avatar\/42749d8b712ff9d59ca93dc150494e5b55a44134482993f5baeb97e61b7ecc89?s=96&d=mm&r=g","contentUrl":"https:\/\/secure.gravatar.com\/avatar\/42749d8b712ff9d59ca93dc150494e5b55a44134482993f5baeb97e61b7ecc89?s=96&d=mm&r=g","caption":"Roberto"},"url":"https:\/\/regiaonews.net.br\/2022\/author\/roberto\/"}]}},"publishpress_future_action":{"enabled":false,"date":"2026-05-04 04:10:48","action":"change-status","newStatus":"draft","terms":[],"taxonomy":"category","extraData":[]},"publishpress_future_workflow_manual_trigger":{"enabledWorkflows":[]},"_links":{"self":[{"href":"https:\/\/regiaonews.net.br\/2022\/wp-json\/wp\/v2\/posts\/98973","targetHints":{"allow":["GET"]}}],"collection":[{"href":"https:\/\/regiaonews.net.br\/2022\/wp-json\/wp\/v2\/posts"}],"about":[{"href":"https:\/\/regiaonews.net.br\/2022\/wp-json\/wp\/v2\/types\/post"}],"author":[{"embeddable":true,"href":"https:\/\/regiaonews.net.br\/2022\/wp-json\/wp\/v2\/users\/2"}],"replies":[{"embeddable":true,"href":"https:\/\/regiaonews.net.br\/2022\/wp-json\/wp\/v2\/comments?post=98973"}],"version-history":[{"count":1,"href":"https:\/\/regiaonews.net.br\/2022\/wp-json\/wp\/v2\/posts\/98973\/revisions"}],"predecessor-version":[{"id":98975,"href":"https:\/\/regiaonews.net.br\/2022\/wp-json\/wp\/v2\/posts\/98973\/revisions\/98975"}],"wp:featuredmedia":[{"embeddable":true,"href":"https:\/\/regiaonews.net.br\/2022\/wp-json\/wp\/v2\/media\/98974"}],"wp:attachment":[{"href":"https:\/\/regiaonews.net.br\/2022\/wp-json\/wp\/v2\/media?parent=98973"}],"wp:term":[{"taxonomy":"category","embeddable":true,"href":"https:\/\/regiaonews.net.br\/2022\/wp-json\/wp\/v2\/categories?post=98973"},{"taxonomy":"post_tag","embeddable":true,"href":"https:\/\/regiaonews.net.br\/2022\/wp-json\/wp\/v2\/tags?post=98973"}],"curies":[{"name":"wp","href":"https:\/\/api.w.org\/{rel}","templated":true}]}}