{"id":98950,"date":"2023-12-11T21:23:47","date_gmt":"2023-12-12T00:23:47","guid":{"rendered":"https:\/\/regiaonews.net.br\/2022\/?p=98950"},"modified":"2023-12-11T21:23:47","modified_gmt":"2023-12-12T00:23:47","slug":"exame-de-graduacao-e-entrega-de-faixas-reune-260-atletas-do-jiu-jitsu-no-cemepe-do-marilia","status":"publish","type":"post","link":"https:\/\/regiaonews.net.br\/2022\/2023\/12\/11\/exame-de-graduacao-e-entrega-de-faixas-reune-260-atletas-do-jiu-jitsu-no-cemepe-do-marilia\/","title":{"rendered":"Exame de gradua\u00e7\u00e3o e entrega de faixas re\u00fane 260 atletas do jiu-jitsu no Cemepe do Mar\u00edlia"},"content":{"rendered":"<p>O Centro Municipal de Estudos e Projetos Educacionais \u2013 Cemepe \u201cDr. C\u00edrio Ribeiro de \u00c1vila\u201d, no bairro Mar\u00edlia, foi palco do exame de gradua\u00e7\u00e3o e entrega de faixas para cerca de 260 atletas do jiu-jitsu da Est\u00e2ncia Tur\u00edstica de Barretos. O evento ocorreu no \u00faltimo s\u00e1bado, dia 9 de dezembro.<br \/>\nDe acordo com o professor e servidor p\u00fablico, \u00cdtalo Luzitano, participaram alunos de 5 a 55 anos, que treinam em diversos espa\u00e7os e no gin\u00e1sio do Complexo Poliesportivo Jo\u00e3o Batista da Rocha, o Roch\u00e3o. Ele agradeceu o apoio da prefeita Paula Lemos e da Secretaria Municipal de Esportes (SMEL). \u201cQuero agradecer por todo o suporte que ela e a Secretaria de Esportes deram ao Jiu-Jitsu ao longo desse mandato dela e precisamente ao longo desse ano. Ela permitiu que a gente participasse de v\u00e1rias competi\u00e7\u00f5es, ela supriu os custos das nossas competi\u00e7\u00f5es com viagem, algumas inscri\u00e7\u00f5es\u201d, disse. Atualmente, a Prefeitura oferece treinamento gratuito para cerca de 90 alunos.<br \/>\nO secret\u00e1rio de Esportes, Tony Viera Carvalho, parabenizou a organiza\u00e7\u00e3o do evento e falou da felicidade de poder contribuir com o esporte na cidade. \u201c\u00c9 uma felicidade muito grande, \u00e9 um orgulho estar aqui hoje, estando \u00e0 frente da Secretaria de Esportes e podendo ajudar voc\u00eas. N\u00e3o vou medir esfor\u00e7os para ajudar e colaborar com todos os atletas\u201d, disse.<br \/>\nO presidente da C\u00e2mara Municipal, vereador Lu\u00eds Paulo Vieira, o Lupa, tamb\u00e9m acompanhou a gradua\u00e7\u00e3o. \u201cQuero agradecer a todos voc\u00eas, parabenizar o \u00cdtalo e toda sua equipe e ao Tony tamb\u00e9m, que \u00e9 um guerreiro dentro da Secretaria e que n\u00e3o mediu esfor\u00e7os at\u00e9 o presente momento para estarmos hoje com o esporte da forma que estamos. N\u00e3o tenho d\u00favidas que se continuarmos daqui pra frente como est\u00e1, teremos cada vez mais crian\u00e7as engajadas no esporte, qualquer que seja ele, deixando de estar nas ruas\u201d, disse.<br \/>\nSegundo a SMEL, a Prefeitura tem uma despesa que gira entre R$ 3 mil e R$ 4 mil por viagem para competi\u00e7\u00f5es fora da cidade, com inscri\u00e7\u00f5es, alimenta\u00e7\u00e3o e transporte. Em cada competi\u00e7\u00e3o, viajam de 15 a 20 competidores da SMEL.<\/p>\n","protected":false},"excerpt":{"rendered":"<p>O Centro Municipal de Estudos e Projetos Educacionais \u2013 Cemepe<\/p>\n","protected":false},"author":2,"featured_media":98951,"comment_status":"open","ping_status":"open","sticky":false,"template":"","format":"standard","meta":{"footnotes":""},"categories":[14,25],"tags":[],"class_list":["post-98950","post","type-post","status-publish","format-standard","has-post-thumbnail","hentry","category-barretos","category-cidades"],"yoast_head":"<!-- This site is optimized with the Yoast SEO plugin v27.4 - https:\/\/yoast.com\/product\/yoast-seo-wordpress\/ -->\n<title>Exame de gradua\u00e7\u00e3o e entrega de faixas re\u00fane 260 atletas do jiu-jitsu no Cemepe do Mar\u00edlia - Regi\u00e3o News<\/title>\n<meta name=\"robots\" content=\"index, follow, max-snippet:-1, max-image-preview:large, max-video-preview:-1\" \/>\n<link rel=\"canonical\" href=\"https:\/\/regiaonews.net.br\/2022\/2023\/12\/11\/exame-de-graduacao-e-entrega-de-faixas-reune-260-atletas-do-jiu-jitsu-no-cemepe-do-marilia\/\" \/>\n<meta property=\"og:locale\" content=\"pt_BR\" \/>\n<meta property=\"og:type\" content=\"article\" \/>\n<meta property=\"og:title\" content=\"Exame de gradua\u00e7\u00e3o e entrega de faixas re\u00fane 260 atletas do jiu-jitsu no Cemepe do Mar\u00edlia - Regi\u00e3o News\" \/>\n<meta property=\"og:description\" content=\"O Centro Municipal de Estudos e Projetos Educacionais \u2013 Cemepe\" \/>\n<meta property=\"og:url\" content=\"https:\/\/regiaonews.net.br\/2022\/2023\/12\/11\/exame-de-graduacao-e-entrega-de-faixas-reune-260-atletas-do-jiu-jitsu-no-cemepe-do-marilia\/\" \/>\n<meta property=\"og:site_name\" content=\"Regi\u00e3o News\" \/>\n<meta property=\"article:published_time\" content=\"2023-12-12T00:23:47+00:00\" \/>\n<meta property=\"og:image\" content=\"https:\/\/regiaonews.net.br\/2022\/wp-content\/uploads\/2023\/12\/WhatsApp-Image-2023-12-11-at-16.09.29.jpeg\" \/>\n\t<meta property=\"og:image:width\" content=\"1369\" \/>\n\t<meta property=\"og:image:height\" content=\"888\" \/>\n\t<meta property=\"og:image:type\" content=\"image\/jpeg\" \/>\n<meta name=\"author\" content=\"Roberto\" \/>\n<meta name=\"twitter:card\" content=\"summary_large_image\" \/>\n<meta name=\"twitter:label1\" content=\"Escrito por\" \/>\n\t<meta name=\"twitter:data1\" content=\"Roberto\" \/>\n\t<meta name=\"twitter:label2\" content=\"Est. tempo de leitura\" \/>\n\t<meta name=\"twitter:data2\" content=\"2 minutos\" \/>\n<script type=\"application\/ld+json\" class=\"yoast-schema-graph\">{\"@context\":\"https:\\\/\\\/schema.org\",\"@graph\":[{\"@type\":\"Article\",\"@id\":\"https:\\\/\\\/regiaonews.net.br\\\/2022\\\/2023\\\/12\\\/11\\\/exame-de-graduacao-e-entrega-de-faixas-reune-260-atletas-do-jiu-jitsu-no-cemepe-do-marilia\\\/#article\",\"isPartOf\":{\"@id\":\"https:\\\/\\\/regiaonews.net.br\\\/2022\\\/2023\\\/12\\\/11\\\/exame-de-graduacao-e-entrega-de-faixas-reune-260-atletas-do-jiu-jitsu-no-cemepe-do-marilia\\\/\"},\"author\":{\"name\":\"Roberto\",\"@id\":\"https:\\\/\\\/regiaonews.net.br\\\/2022\\\/#\\\/schema\\\/person\\\/2d205a608a5aa97ac279d7a5e6d89ad8\"},\"headline\":\"Exame de gradua\u00e7\u00e3o e entrega de faixas re\u00fane 260 atletas do jiu-jitsu no Cemepe do Mar\u00edlia\",\"datePublished\":\"2023-12-12T00:23:47+00:00\",\"mainEntityOfPage\":{\"@id\":\"https:\\\/\\\/regiaonews.net.br\\\/2022\\\/2023\\\/12\\\/11\\\/exame-de-graduacao-e-entrega-de-faixas-reune-260-atletas-do-jiu-jitsu-no-cemepe-do-marilia\\\/\"},\"wordCount\":383,\"commentCount\":0,\"publisher\":{\"@id\":\"https:\\\/\\\/regiaonews.net.br\\\/2022\\\/#organization\"},\"image\":{\"@id\":\"https:\\\/\\\/regiaonews.net.br\\\/2022\\\/2023\\\/12\\\/11\\\/exame-de-graduacao-e-entrega-de-faixas-reune-260-atletas-do-jiu-jitsu-no-cemepe-do-marilia\\\/#primaryimage\"},\"thumbnailUrl\":\"https:\\\/\\\/regiaonews.net.br\\\/2022\\\/wp-content\\\/uploads\\\/2023\\\/12\\\/WhatsApp-Image-2023-12-11-at-16.09.29.jpeg\",\"articleSection\":[\"Barretos\",\"Cidades\"],\"inLanguage\":\"pt-BR\",\"potentialAction\":[{\"@type\":\"CommentAction\",\"name\":\"Comment\",\"target\":[\"https:\\\/\\\/regiaonews.net.br\\\/2022\\\/2023\\\/12\\\/11\\\/exame-de-graduacao-e-entrega-de-faixas-reune-260-atletas-do-jiu-jitsu-no-cemepe-do-marilia\\\/#respond\"]}]},{\"@type\":\"WebPage\",\"@id\":\"https:\\\/\\\/regiaonews.net.br\\\/2022\\\/2023\\\/12\\\/11\\\/exame-de-graduacao-e-entrega-de-faixas-reune-260-atletas-do-jiu-jitsu-no-cemepe-do-marilia\\\/\",\"url\":\"https:\\\/\\\/regiaonews.net.br\\\/2022\\\/2023\\\/12\\\/11\\\/exame-de-graduacao-e-entrega-de-faixas-reune-260-atletas-do-jiu-jitsu-no-cemepe-do-marilia\\\/\",\"name\":\"Exame de gradua\u00e7\u00e3o e entrega de faixas re\u00fane 260 atletas do jiu-jitsu no Cemepe do Mar\u00edlia - Regi\u00e3o News\",\"isPartOf\":{\"@id\":\"https:\\\/\\\/regiaonews.net.br\\\/2022\\\/#website\"},\"primaryImageOfPage\":{\"@id\":\"https:\\\/\\\/regiaonews.net.br\\\/2022\\\/2023\\\/12\\\/11\\\/exame-de-graduacao-e-entrega-de-faixas-reune-260-atletas-do-jiu-jitsu-no-cemepe-do-marilia\\\/#primaryimage\"},\"image\":{\"@id\":\"https:\\\/\\\/regiaonews.net.br\\\/2022\\\/2023\\\/12\\\/11\\\/exame-de-graduacao-e-entrega-de-faixas-reune-260-atletas-do-jiu-jitsu-no-cemepe-do-marilia\\\/#primaryimage\"},\"thumbnailUrl\":\"https:\\\/\\\/regiaonews.net.br\\\/2022\\\/wp-content\\\/uploads\\\/2023\\\/12\\\/WhatsApp-Image-2023-12-11-at-16.09.29.jpeg\",\"datePublished\":\"2023-12-12T00:23:47+00:00\",\"breadcrumb\":{\"@id\":\"https:\\\/\\\/regiaonews.net.br\\\/2022\\\/2023\\\/12\\\/11\\\/exame-de-graduacao-e-entrega-de-faixas-reune-260-atletas-do-jiu-jitsu-no-cemepe-do-marilia\\\/#breadcrumb\"},\"inLanguage\":\"pt-BR\",\"potentialAction\":[{\"@type\":\"ReadAction\",\"target\":[\"https:\\\/\\\/regiaonews.net.br\\\/2022\\\/2023\\\/12\\\/11\\\/exame-de-graduacao-e-entrega-de-faixas-reune-260-atletas-do-jiu-jitsu-no-cemepe-do-marilia\\\/\"]}]},{\"@type\":\"ImageObject\",\"inLanguage\":\"pt-BR\",\"@id\":\"https:\\\/\\\/regiaonews.net.br\\\/2022\\\/2023\\\/12\\\/11\\\/exame-de-graduacao-e-entrega-de-faixas-reune-260-atletas-do-jiu-jitsu-no-cemepe-do-marilia\\\/#primaryimage\",\"url\":\"https:\\\/\\\/regiaonews.net.br\\\/2022\\\/wp-content\\\/uploads\\\/2023\\\/12\\\/WhatsApp-Image-2023-12-11-at-16.09.29.jpeg\",\"contentUrl\":\"https:\\\/\\\/regiaonews.net.br\\\/2022\\\/wp-content\\\/uploads\\\/2023\\\/12\\\/WhatsApp-Image-2023-12-11-at-16.09.29.jpeg\",\"width\":1369,\"height\":888},{\"@type\":\"BreadcrumbList\",\"@id\":\"https:\\\/\\\/regiaonews.net.br\\\/2022\\\/2023\\\/12\\\/11\\\/exame-de-graduacao-e-entrega-de-faixas-reune-260-atletas-do-jiu-jitsu-no-cemepe-do-marilia\\\/#breadcrumb\",\"itemListElement\":[{\"@type\":\"ListItem\",\"position\":1,\"name\":\"In\u00edcio\",\"item\":\"https:\\\/\\\/regiaonews.net.br\\\/2022\\\/\"},{\"@type\":\"ListItem\",\"position\":2,\"name\":\"Exame de gradua\u00e7\u00e3o e entrega de faixas re\u00fane 260 atletas do jiu-jitsu no Cemepe do Mar\u00edlia\"}]},{\"@type\":\"WebSite\",\"@id\":\"https:\\\/\\\/regiaonews.net.br\\\/2022\\\/#website\",\"url\":\"https:\\\/\\\/regiaonews.net.br\\\/2022\\\/\",\"name\":\"Regi\u00e3o News\",\"description\":\"Site de Not\u00edcias de Barretos e regi\u00e3o\",\"publisher\":{\"@id\":\"https:\\\/\\\/regiaonews.net.br\\\/2022\\\/#organization\"},\"potentialAction\":[{\"@type\":\"SearchAction\",\"target\":{\"@type\":\"EntryPoint\",\"urlTemplate\":\"https:\\\/\\\/regiaonews.net.br\\\/2022\\\/?s={search_term_string}\"},\"query-input\":{\"@type\":\"PropertyValueSpecification\",\"valueRequired\":true,\"valueName\":\"search_term_string\"}}],\"inLanguage\":\"pt-BR\"},{\"@type\":\"Organization\",\"@id\":\"https:\\\/\\\/regiaonews.net.br\\\/2022\\\/#organization\",\"name\":\"Regi\u00e3o News\",\"url\":\"https:\\\/\\\/regiaonews.net.br\\\/2022\\\/\",\"logo\":{\"@type\":\"ImageObject\",\"inLanguage\":\"pt-BR\",\"@id\":\"https:\\\/\\\/regiaonews.net.br\\\/2022\\\/#\\\/schema\\\/logo\\\/image\\\/\",\"url\":\"https:\\\/\\\/regiaonews.net.br\\\/2022\\\/wp-content\\\/uploads\\\/2026\\\/03\\\/regiao-13-anos-scaled.jpg\",\"contentUrl\":\"https:\\\/\\\/regiaonews.net.br\\\/2022\\\/wp-content\\\/uploads\\\/2026\\\/03\\\/regiao-13-anos-scaled.jpg\",\"width\":2560,\"height\":635,\"caption\":\"Regi\u00e3o News\"},\"image\":{\"@id\":\"https:\\\/\\\/regiaonews.net.br\\\/2022\\\/#\\\/schema\\\/logo\\\/image\\\/\"}},{\"@type\":\"Person\",\"@id\":\"https:\\\/\\\/regiaonews.net.br\\\/2022\\\/#\\\/schema\\\/person\\\/2d205a608a5aa97ac279d7a5e6d89ad8\",\"name\":\"Roberto\",\"image\":{\"@type\":\"ImageObject\",\"inLanguage\":\"pt-BR\",\"@id\":\"https:\\\/\\\/secure.gravatar.com\\\/avatar\\\/42749d8b712ff9d59ca93dc150494e5b55a44134482993f5baeb97e61b7ecc89?s=96&d=mm&r=g\",\"url\":\"https:\\\/\\\/secure.gravatar.com\\\/avatar\\\/42749d8b712ff9d59ca93dc150494e5b55a44134482993f5baeb97e61b7ecc89?s=96&d=mm&r=g\",\"contentUrl\":\"https:\\\/\\\/secure.gravatar.com\\\/avatar\\\/42749d8b712ff9d59ca93dc150494e5b55a44134482993f5baeb97e61b7ecc89?s=96&d=mm&r=g\",\"caption\":\"Roberto\"},\"url\":\"https:\\\/\\\/regiaonews.net.br\\\/2022\\\/author\\\/roberto\\\/\"}]}<\/script>\n<!-- \/ Yoast SEO plugin. -->","yoast_head_json":{"title":"Exame de gradua\u00e7\u00e3o e entrega de faixas re\u00fane 260 atletas do jiu-jitsu no Cemepe do Mar\u00edlia - Regi\u00e3o News","robots":{"index":"index","follow":"follow","max-snippet":"max-snippet:-1","max-image-preview":"max-image-preview:large","max-video-preview":"max-video-preview:-1"},"canonical":"https:\/\/regiaonews.net.br\/2022\/2023\/12\/11\/exame-de-graduacao-e-entrega-de-faixas-reune-260-atletas-do-jiu-jitsu-no-cemepe-do-marilia\/","og_locale":"pt_BR","og_type":"article","og_title":"Exame de gradua\u00e7\u00e3o e entrega de faixas re\u00fane 260 atletas do jiu-jitsu no Cemepe do Mar\u00edlia - Regi\u00e3o News","og_description":"O Centro Municipal de Estudos e Projetos Educacionais \u2013 Cemepe","og_url":"https:\/\/regiaonews.net.br\/2022\/2023\/12\/11\/exame-de-graduacao-e-entrega-de-faixas-reune-260-atletas-do-jiu-jitsu-no-cemepe-do-marilia\/","og_site_name":"Regi\u00e3o News","article_published_time":"2023-12-12T00:23:47+00:00","og_image":[{"width":1369,"height":888,"url":"https:\/\/regiaonews.net.br\/2022\/wp-content\/uploads\/2023\/12\/WhatsApp-Image-2023-12-11-at-16.09.29.jpeg","type":"image\/jpeg"}],"author":"Roberto","twitter_card":"summary_large_image","twitter_misc":{"Escrito por":"Roberto","Est. tempo de leitura":"2 minutos"},"schema":{"@context":"https:\/\/schema.org","@graph":[{"@type":"Article","@id":"https:\/\/regiaonews.net.br\/2022\/2023\/12\/11\/exame-de-graduacao-e-entrega-de-faixas-reune-260-atletas-do-jiu-jitsu-no-cemepe-do-marilia\/#article","isPartOf":{"@id":"https:\/\/regiaonews.net.br\/2022\/2023\/12\/11\/exame-de-graduacao-e-entrega-de-faixas-reune-260-atletas-do-jiu-jitsu-no-cemepe-do-marilia\/"},"author":{"name":"Roberto","@id":"https:\/\/regiaonews.net.br\/2022\/#\/schema\/person\/2d205a608a5aa97ac279d7a5e6d89ad8"},"headline":"Exame de gradua\u00e7\u00e3o e entrega de faixas re\u00fane 260 atletas do jiu-jitsu no Cemepe do Mar\u00edlia","datePublished":"2023-12-12T00:23:47+00:00","mainEntityOfPage":{"@id":"https:\/\/regiaonews.net.br\/2022\/2023\/12\/11\/exame-de-graduacao-e-entrega-de-faixas-reune-260-atletas-do-jiu-jitsu-no-cemepe-do-marilia\/"},"wordCount":383,"commentCount":0,"publisher":{"@id":"https:\/\/regiaonews.net.br\/2022\/#organization"},"image":{"@id":"https:\/\/regiaonews.net.br\/2022\/2023\/12\/11\/exame-de-graduacao-e-entrega-de-faixas-reune-260-atletas-do-jiu-jitsu-no-cemepe-do-marilia\/#primaryimage"},"thumbnailUrl":"https:\/\/regiaonews.net.br\/2022\/wp-content\/uploads\/2023\/12\/WhatsApp-Image-2023-12-11-at-16.09.29.jpeg","articleSection":["Barretos","Cidades"],"inLanguage":"pt-BR","potentialAction":[{"@type":"CommentAction","name":"Comment","target":["https:\/\/regiaonews.net.br\/2022\/2023\/12\/11\/exame-de-graduacao-e-entrega-de-faixas-reune-260-atletas-do-jiu-jitsu-no-cemepe-do-marilia\/#respond"]}]},{"@type":"WebPage","@id":"https:\/\/regiaonews.net.br\/2022\/2023\/12\/11\/exame-de-graduacao-e-entrega-de-faixas-reune-260-atletas-do-jiu-jitsu-no-cemepe-do-marilia\/","url":"https:\/\/regiaonews.net.br\/2022\/2023\/12\/11\/exame-de-graduacao-e-entrega-de-faixas-reune-260-atletas-do-jiu-jitsu-no-cemepe-do-marilia\/","name":"Exame de gradua\u00e7\u00e3o e entrega de faixas re\u00fane 260 atletas do jiu-jitsu no Cemepe do Mar\u00edlia - Regi\u00e3o News","isPartOf":{"@id":"https:\/\/regiaonews.net.br\/2022\/#website"},"primaryImageOfPage":{"@id":"https:\/\/regiaonews.net.br\/2022\/2023\/12\/11\/exame-de-graduacao-e-entrega-de-faixas-reune-260-atletas-do-jiu-jitsu-no-cemepe-do-marilia\/#primaryimage"},"image":{"@id":"https:\/\/regiaonews.net.br\/2022\/2023\/12\/11\/exame-de-graduacao-e-entrega-de-faixas-reune-260-atletas-do-jiu-jitsu-no-cemepe-do-marilia\/#primaryimage"},"thumbnailUrl":"https:\/\/regiaonews.net.br\/2022\/wp-content\/uploads\/2023\/12\/WhatsApp-Image-2023-12-11-at-16.09.29.jpeg","datePublished":"2023-12-12T00:23:47+00:00","breadcrumb":{"@id":"https:\/\/regiaonews.net.br\/2022\/2023\/12\/11\/exame-de-graduacao-e-entrega-de-faixas-reune-260-atletas-do-jiu-jitsu-no-cemepe-do-marilia\/#breadcrumb"},"inLanguage":"pt-BR","potentialAction":[{"@type":"ReadAction","target":["https:\/\/regiaonews.net.br\/2022\/2023\/12\/11\/exame-de-graduacao-e-entrega-de-faixas-reune-260-atletas-do-jiu-jitsu-no-cemepe-do-marilia\/"]}]},{"@type":"ImageObject","inLanguage":"pt-BR","@id":"https:\/\/regiaonews.net.br\/2022\/2023\/12\/11\/exame-de-graduacao-e-entrega-de-faixas-reune-260-atletas-do-jiu-jitsu-no-cemepe-do-marilia\/#primaryimage","url":"https:\/\/regiaonews.net.br\/2022\/wp-content\/uploads\/2023\/12\/WhatsApp-Image-2023-12-11-at-16.09.29.jpeg","contentUrl":"https:\/\/regiaonews.net.br\/2022\/wp-content\/uploads\/2023\/12\/WhatsApp-Image-2023-12-11-at-16.09.29.jpeg","width":1369,"height":888},{"@type":"BreadcrumbList","@id":"https:\/\/regiaonews.net.br\/2022\/2023\/12\/11\/exame-de-graduacao-e-entrega-de-faixas-reune-260-atletas-do-jiu-jitsu-no-cemepe-do-marilia\/#breadcrumb","itemListElement":[{"@type":"ListItem","position":1,"name":"In\u00edcio","item":"https:\/\/regiaonews.net.br\/2022\/"},{"@type":"ListItem","position":2,"name":"Exame de gradua\u00e7\u00e3o e entrega de faixas re\u00fane 260 atletas do jiu-jitsu no Cemepe do Mar\u00edlia"}]},{"@type":"WebSite","@id":"https:\/\/regiaonews.net.br\/2022\/#website","url":"https:\/\/regiaonews.net.br\/2022\/","name":"Regi\u00e3o News","description":"Site de Not\u00edcias de Barretos e regi\u00e3o","publisher":{"@id":"https:\/\/regiaonews.net.br\/2022\/#organization"},"potentialAction":[{"@type":"SearchAction","target":{"@type":"EntryPoint","urlTemplate":"https:\/\/regiaonews.net.br\/2022\/?s={search_term_string}"},"query-input":{"@type":"PropertyValueSpecification","valueRequired":true,"valueName":"search_term_string"}}],"inLanguage":"pt-BR"},{"@type":"Organization","@id":"https:\/\/regiaonews.net.br\/2022\/#organization","name":"Regi\u00e3o News","url":"https:\/\/regiaonews.net.br\/2022\/","logo":{"@type":"ImageObject","inLanguage":"pt-BR","@id":"https:\/\/regiaonews.net.br\/2022\/#\/schema\/logo\/image\/","url":"https:\/\/regiaonews.net.br\/2022\/wp-content\/uploads\/2026\/03\/regiao-13-anos-scaled.jpg","contentUrl":"https:\/\/regiaonews.net.br\/2022\/wp-content\/uploads\/2026\/03\/regiao-13-anos-scaled.jpg","width":2560,"height":635,"caption":"Regi\u00e3o News"},"image":{"@id":"https:\/\/regiaonews.net.br\/2022\/#\/schema\/logo\/image\/"}},{"@type":"Person","@id":"https:\/\/regiaonews.net.br\/2022\/#\/schema\/person\/2d205a608a5aa97ac279d7a5e6d89ad8","name":"Roberto","image":{"@type":"ImageObject","inLanguage":"pt-BR","@id":"https:\/\/secure.gravatar.com\/avatar\/42749d8b712ff9d59ca93dc150494e5b55a44134482993f5baeb97e61b7ecc89?s=96&d=mm&r=g","url":"https:\/\/secure.gravatar.com\/avatar\/42749d8b712ff9d59ca93dc150494e5b55a44134482993f5baeb97e61b7ecc89?s=96&d=mm&r=g","contentUrl":"https:\/\/secure.gravatar.com\/avatar\/42749d8b712ff9d59ca93dc150494e5b55a44134482993f5baeb97e61b7ecc89?s=96&d=mm&r=g","caption":"Roberto"},"url":"https:\/\/regiaonews.net.br\/2022\/author\/roberto\/"}]}},"publishpress_future_action":{"enabled":false,"date":"2026-05-04 10:38:43","action":"change-status","newStatus":"draft","terms":[],"taxonomy":"category","extraData":[]},"publishpress_future_workflow_manual_trigger":{"enabledWorkflows":[]},"_links":{"self":[{"href":"https:\/\/regiaonews.net.br\/2022\/wp-json\/wp\/v2\/posts\/98950","targetHints":{"allow":["GET"]}}],"collection":[{"href":"https:\/\/regiaonews.net.br\/2022\/wp-json\/wp\/v2\/posts"}],"about":[{"href":"https:\/\/regiaonews.net.br\/2022\/wp-json\/wp\/v2\/types\/post"}],"author":[{"embeddable":true,"href":"https:\/\/regiaonews.net.br\/2022\/wp-json\/wp\/v2\/users\/2"}],"replies":[{"embeddable":true,"href":"https:\/\/regiaonews.net.br\/2022\/wp-json\/wp\/v2\/comments?post=98950"}],"version-history":[{"count":1,"href":"https:\/\/regiaonews.net.br\/2022\/wp-json\/wp\/v2\/posts\/98950\/revisions"}],"predecessor-version":[{"id":98952,"href":"https:\/\/regiaonews.net.br\/2022\/wp-json\/wp\/v2\/posts\/98950\/revisions\/98952"}],"wp:featuredmedia":[{"embeddable":true,"href":"https:\/\/regiaonews.net.br\/2022\/wp-json\/wp\/v2\/media\/98951"}],"wp:attachment":[{"href":"https:\/\/regiaonews.net.br\/2022\/wp-json\/wp\/v2\/media?parent=98950"}],"wp:term":[{"taxonomy":"category","embeddable":true,"href":"https:\/\/regiaonews.net.br\/2022\/wp-json\/wp\/v2\/categories?post=98950"},{"taxonomy":"post_tag","embeddable":true,"href":"https:\/\/regiaonews.net.br\/2022\/wp-json\/wp\/v2\/tags?post=98950"}],"curies":[{"name":"wp","href":"https:\/\/api.w.org\/{rel}","templated":true}]}}