{"id":98937,"date":"2023-12-11T13:47:08","date_gmt":"2023-12-11T16:47:08","guid":{"rendered":"https:\/\/regiaonews.net.br\/2022\/?p=98937"},"modified":"2023-12-11T13:47:08","modified_gmt":"2023-12-11T16:47:08","slug":"eletrocol-e-campea-do-municipal-de-futsal-de-colina","status":"publish","type":"post","link":"https:\/\/regiaonews.net.br\/2022\/2023\/12\/11\/eletrocol-e-campea-do-municipal-de-futsal-de-colina\/","title":{"rendered":"Eletrocol \u00e9 campe\u00e3 do Municipal de Futsal de Colina"},"content":{"rendered":"<p>A Prefeitura Municipal de Colina atrav\u00e9s da Secretaria Municipal de Esportes, Turismo e Lazer, promoveu na noite do dia 1\u00ba de dezembro, no Gin\u00e1sio Municipal de Esportes, a final do Campeonato Municipal de Futsal 2023. A equipe ELETROCOL EC foi a campe\u00e3 deste ano. OS MULEKES DA DIRCE conquistaram o vice-campeonato. A equipe mais disciplinada (fair play) foi OS MULEKES DA DIRCE. O artilheiro foi MANOEL, da equipe NINHO DO AZUL\u00c3O, com 15 gols. O goleiro menos vazado, ALAN, da equipe ELETROCOL EC, que tamb\u00e9m conquistou a premia\u00e7\u00e3o de melhor jogador da Final.<\/p>\n<p>Ao todo, 14 equipes divididas em dois grupos (A e B), disputaram o Campeonato Municipal de Futsal 2023, que teve in\u00edcio no dia 20 de setembro.<\/p>\n<p>As equipes participantes foram: NINHO DO AZUL\u00c3O; CDHU I; INSTITUTO VIVER BEM; NOVA COLINA; OS MULEKES DA DIRCE; REAL MADRUGA; TARTARUGA FC; ATL\u00c9TICO SANTA L\u00daCIA; AC 1; D3 FC; EC CATUENSE; ELETROCOL EC; GUI MOTOS e PEDREIRA FC.<\/p>\n<p>\u00c9 importante destacar que a Prefeitura, por meio da Secretaria de Esportes, custeou toda a premia\u00e7\u00e3o (trof\u00e9us, medalhas e premia\u00e7\u00e3o em dinheiro), bem como forneceu uniformes para todas as equipes que disputaram o Campeonato Municipal de Futsal 2023.<\/p>\n<p>O Vice-prefeito de Colina, S\u00e9rgio Campanholi, parabenizou todas as equipes participantes e a Secretaria de Esportes pela organiza\u00e7\u00e3o. \u201cA Administra\u00e7\u00e3o continuar\u00e1 dando todo o apoio ao esporte no munic\u00edpio, oferecendo, atrav\u00e9s das escolinhas, v\u00e1rias modalidades esportivas, estimulando a pr\u00e1tica\u00a0de\u00a0esportes\u201d.<\/p>\n","protected":false},"excerpt":{"rendered":"<p>A Prefeitura Municipal de Colina atrav\u00e9s da Secretaria Municipal de<\/p>\n","protected":false},"author":2,"featured_media":98938,"comment_status":"open","ping_status":"open","sticky":false,"template":"","format":"standard","meta":{"footnotes":""},"categories":[5,21],"tags":[],"class_list":["post-98937","post","type-post","status-publish","format-standard","has-post-thumbnail","hentry","category-colina","category-esporte"],"yoast_head":"<!-- This site is optimized with the Yoast SEO plugin v27.4 - https:\/\/yoast.com\/product\/yoast-seo-wordpress\/ -->\n<title>Eletrocol \u00e9 campe\u00e3 do Municipal de Futsal de Colina - Regi\u00e3o News<\/title>\n<meta name=\"robots\" content=\"index, follow, max-snippet:-1, max-image-preview:large, max-video-preview:-1\" \/>\n<link rel=\"canonical\" href=\"https:\/\/regiaonews.net.br\/2022\/2023\/12\/11\/eletrocol-e-campea-do-municipal-de-futsal-de-colina\/\" \/>\n<meta property=\"og:locale\" content=\"pt_BR\" \/>\n<meta property=\"og:type\" content=\"article\" \/>\n<meta property=\"og:title\" content=\"Eletrocol \u00e9 campe\u00e3 do Municipal de Futsal de Colina - Regi\u00e3o News\" \/>\n<meta property=\"og:description\" content=\"A Prefeitura Municipal de Colina atrav\u00e9s da Secretaria Municipal de\" \/>\n<meta property=\"og:url\" content=\"https:\/\/regiaonews.net.br\/2022\/2023\/12\/11\/eletrocol-e-campea-do-municipal-de-futsal-de-colina\/\" \/>\n<meta property=\"og:site_name\" content=\"Regi\u00e3o News\" \/>\n<meta property=\"article:published_time\" content=\"2023-12-11T16:47:08+00:00\" \/>\n<meta property=\"og:image\" content=\"https:\/\/regiaonews.net.br\/2022\/wp-content\/uploads\/2023\/12\/Imagem-do-WhatsApp-de-2023-12-11-as-10.56.01_8eab076d.jpg\" \/>\n\t<meta property=\"og:image:width\" content=\"1600\" \/>\n\t<meta property=\"og:image:height\" content=\"1064\" \/>\n\t<meta property=\"og:image:type\" content=\"image\/jpeg\" \/>\n<meta name=\"author\" content=\"Roberto\" \/>\n<meta name=\"twitter:card\" content=\"summary_large_image\" \/>\n<meta name=\"twitter:label1\" content=\"Escrito por\" \/>\n\t<meta name=\"twitter:data1\" content=\"Roberto\" \/>\n\t<meta name=\"twitter:label2\" content=\"Est. tempo de leitura\" \/>\n\t<meta name=\"twitter:data2\" content=\"2 minutos\" \/>\n<script type=\"application\/ld+json\" class=\"yoast-schema-graph\">{\"@context\":\"https:\\\/\\\/schema.org\",\"@graph\":[{\"@type\":\"Article\",\"@id\":\"https:\\\/\\\/regiaonews.net.br\\\/2022\\\/2023\\\/12\\\/11\\\/eletrocol-e-campea-do-municipal-de-futsal-de-colina\\\/#article\",\"isPartOf\":{\"@id\":\"https:\\\/\\\/regiaonews.net.br\\\/2022\\\/2023\\\/12\\\/11\\\/eletrocol-e-campea-do-municipal-de-futsal-de-colina\\\/\"},\"author\":{\"name\":\"Roberto\",\"@id\":\"https:\\\/\\\/regiaonews.net.br\\\/2022\\\/#\\\/schema\\\/person\\\/2d205a608a5aa97ac279d7a5e6d89ad8\"},\"headline\":\"Eletrocol \u00e9 campe\u00e3 do Municipal de Futsal de Colina\",\"datePublished\":\"2023-12-11T16:47:08+00:00\",\"mainEntityOfPage\":{\"@id\":\"https:\\\/\\\/regiaonews.net.br\\\/2022\\\/2023\\\/12\\\/11\\\/eletrocol-e-campea-do-municipal-de-futsal-de-colina\\\/\"},\"wordCount\":254,\"commentCount\":0,\"publisher\":{\"@id\":\"https:\\\/\\\/regiaonews.net.br\\\/2022\\\/#organization\"},\"image\":{\"@id\":\"https:\\\/\\\/regiaonews.net.br\\\/2022\\\/2023\\\/12\\\/11\\\/eletrocol-e-campea-do-municipal-de-futsal-de-colina\\\/#primaryimage\"},\"thumbnailUrl\":\"https:\\\/\\\/regiaonews.net.br\\\/2022\\\/wp-content\\\/uploads\\\/2023\\\/12\\\/Imagem-do-WhatsApp-de-2023-12-11-as-10.56.01_8eab076d.jpg\",\"articleSection\":[\"Colina\",\"Esporte\"],\"inLanguage\":\"pt-BR\",\"potentialAction\":[{\"@type\":\"CommentAction\",\"name\":\"Comment\",\"target\":[\"https:\\\/\\\/regiaonews.net.br\\\/2022\\\/2023\\\/12\\\/11\\\/eletrocol-e-campea-do-municipal-de-futsal-de-colina\\\/#respond\"]}]},{\"@type\":\"WebPage\",\"@id\":\"https:\\\/\\\/regiaonews.net.br\\\/2022\\\/2023\\\/12\\\/11\\\/eletrocol-e-campea-do-municipal-de-futsal-de-colina\\\/\",\"url\":\"https:\\\/\\\/regiaonews.net.br\\\/2022\\\/2023\\\/12\\\/11\\\/eletrocol-e-campea-do-municipal-de-futsal-de-colina\\\/\",\"name\":\"Eletrocol \u00e9 campe\u00e3 do Municipal de Futsal de Colina - Regi\u00e3o News\",\"isPartOf\":{\"@id\":\"https:\\\/\\\/regiaonews.net.br\\\/2022\\\/#website\"},\"primaryImageOfPage\":{\"@id\":\"https:\\\/\\\/regiaonews.net.br\\\/2022\\\/2023\\\/12\\\/11\\\/eletrocol-e-campea-do-municipal-de-futsal-de-colina\\\/#primaryimage\"},\"image\":{\"@id\":\"https:\\\/\\\/regiaonews.net.br\\\/2022\\\/2023\\\/12\\\/11\\\/eletrocol-e-campea-do-municipal-de-futsal-de-colina\\\/#primaryimage\"},\"thumbnailUrl\":\"https:\\\/\\\/regiaonews.net.br\\\/2022\\\/wp-content\\\/uploads\\\/2023\\\/12\\\/Imagem-do-WhatsApp-de-2023-12-11-as-10.56.01_8eab076d.jpg\",\"datePublished\":\"2023-12-11T16:47:08+00:00\",\"breadcrumb\":{\"@id\":\"https:\\\/\\\/regiaonews.net.br\\\/2022\\\/2023\\\/12\\\/11\\\/eletrocol-e-campea-do-municipal-de-futsal-de-colina\\\/#breadcrumb\"},\"inLanguage\":\"pt-BR\",\"potentialAction\":[{\"@type\":\"ReadAction\",\"target\":[\"https:\\\/\\\/regiaonews.net.br\\\/2022\\\/2023\\\/12\\\/11\\\/eletrocol-e-campea-do-municipal-de-futsal-de-colina\\\/\"]}]},{\"@type\":\"ImageObject\",\"inLanguage\":\"pt-BR\",\"@id\":\"https:\\\/\\\/regiaonews.net.br\\\/2022\\\/2023\\\/12\\\/11\\\/eletrocol-e-campea-do-municipal-de-futsal-de-colina\\\/#primaryimage\",\"url\":\"https:\\\/\\\/regiaonews.net.br\\\/2022\\\/wp-content\\\/uploads\\\/2023\\\/12\\\/Imagem-do-WhatsApp-de-2023-12-11-as-10.56.01_8eab076d.jpg\",\"contentUrl\":\"https:\\\/\\\/regiaonews.net.br\\\/2022\\\/wp-content\\\/uploads\\\/2023\\\/12\\\/Imagem-do-WhatsApp-de-2023-12-11-as-10.56.01_8eab076d.jpg\",\"width\":1600,\"height\":1064},{\"@type\":\"BreadcrumbList\",\"@id\":\"https:\\\/\\\/regiaonews.net.br\\\/2022\\\/2023\\\/12\\\/11\\\/eletrocol-e-campea-do-municipal-de-futsal-de-colina\\\/#breadcrumb\",\"itemListElement\":[{\"@type\":\"ListItem\",\"position\":1,\"name\":\"In\u00edcio\",\"item\":\"https:\\\/\\\/regiaonews.net.br\\\/2022\\\/\"},{\"@type\":\"ListItem\",\"position\":2,\"name\":\"Eletrocol \u00e9 campe\u00e3 do Municipal de Futsal de Colina\"}]},{\"@type\":\"WebSite\",\"@id\":\"https:\\\/\\\/regiaonews.net.br\\\/2022\\\/#website\",\"url\":\"https:\\\/\\\/regiaonews.net.br\\\/2022\\\/\",\"name\":\"Regi\u00e3o News\",\"description\":\"Site de Not\u00edcias de Barretos e regi\u00e3o\",\"publisher\":{\"@id\":\"https:\\\/\\\/regiaonews.net.br\\\/2022\\\/#organization\"},\"potentialAction\":[{\"@type\":\"SearchAction\",\"target\":{\"@type\":\"EntryPoint\",\"urlTemplate\":\"https:\\\/\\\/regiaonews.net.br\\\/2022\\\/?s={search_term_string}\"},\"query-input\":{\"@type\":\"PropertyValueSpecification\",\"valueRequired\":true,\"valueName\":\"search_term_string\"}}],\"inLanguage\":\"pt-BR\"},{\"@type\":\"Organization\",\"@id\":\"https:\\\/\\\/regiaonews.net.br\\\/2022\\\/#organization\",\"name\":\"Regi\u00e3o News\",\"url\":\"https:\\\/\\\/regiaonews.net.br\\\/2022\\\/\",\"logo\":{\"@type\":\"ImageObject\",\"inLanguage\":\"pt-BR\",\"@id\":\"https:\\\/\\\/regiaonews.net.br\\\/2022\\\/#\\\/schema\\\/logo\\\/image\\\/\",\"url\":\"https:\\\/\\\/regiaonews.net.br\\\/2022\\\/wp-content\\\/uploads\\\/2026\\\/03\\\/regiao-13-anos-scaled.jpg\",\"contentUrl\":\"https:\\\/\\\/regiaonews.net.br\\\/2022\\\/wp-content\\\/uploads\\\/2026\\\/03\\\/regiao-13-anos-scaled.jpg\",\"width\":2560,\"height\":635,\"caption\":\"Regi\u00e3o News\"},\"image\":{\"@id\":\"https:\\\/\\\/regiaonews.net.br\\\/2022\\\/#\\\/schema\\\/logo\\\/image\\\/\"}},{\"@type\":\"Person\",\"@id\":\"https:\\\/\\\/regiaonews.net.br\\\/2022\\\/#\\\/schema\\\/person\\\/2d205a608a5aa97ac279d7a5e6d89ad8\",\"name\":\"Roberto\",\"image\":{\"@type\":\"ImageObject\",\"inLanguage\":\"pt-BR\",\"@id\":\"https:\\\/\\\/secure.gravatar.com\\\/avatar\\\/42749d8b712ff9d59ca93dc150494e5b55a44134482993f5baeb97e61b7ecc89?s=96&d=mm&r=g\",\"url\":\"https:\\\/\\\/secure.gravatar.com\\\/avatar\\\/42749d8b712ff9d59ca93dc150494e5b55a44134482993f5baeb97e61b7ecc89?s=96&d=mm&r=g\",\"contentUrl\":\"https:\\\/\\\/secure.gravatar.com\\\/avatar\\\/42749d8b712ff9d59ca93dc150494e5b55a44134482993f5baeb97e61b7ecc89?s=96&d=mm&r=g\",\"caption\":\"Roberto\"},\"url\":\"https:\\\/\\\/regiaonews.net.br\\\/2022\\\/author\\\/roberto\\\/\"}]}<\/script>\n<!-- \/ Yoast SEO plugin. -->","yoast_head_json":{"title":"Eletrocol \u00e9 campe\u00e3 do Municipal de Futsal de Colina - Regi\u00e3o News","robots":{"index":"index","follow":"follow","max-snippet":"max-snippet:-1","max-image-preview":"max-image-preview:large","max-video-preview":"max-video-preview:-1"},"canonical":"https:\/\/regiaonews.net.br\/2022\/2023\/12\/11\/eletrocol-e-campea-do-municipal-de-futsal-de-colina\/","og_locale":"pt_BR","og_type":"article","og_title":"Eletrocol \u00e9 campe\u00e3 do Municipal de Futsal de Colina - Regi\u00e3o News","og_description":"A Prefeitura Municipal de Colina atrav\u00e9s da Secretaria Municipal de","og_url":"https:\/\/regiaonews.net.br\/2022\/2023\/12\/11\/eletrocol-e-campea-do-municipal-de-futsal-de-colina\/","og_site_name":"Regi\u00e3o News","article_published_time":"2023-12-11T16:47:08+00:00","og_image":[{"width":1600,"height":1064,"url":"https:\/\/regiaonews.net.br\/2022\/wp-content\/uploads\/2023\/12\/Imagem-do-WhatsApp-de-2023-12-11-as-10.56.01_8eab076d.jpg","type":"image\/jpeg"}],"author":"Roberto","twitter_card":"summary_large_image","twitter_misc":{"Escrito por":"Roberto","Est. tempo de leitura":"2 minutos"},"schema":{"@context":"https:\/\/schema.org","@graph":[{"@type":"Article","@id":"https:\/\/regiaonews.net.br\/2022\/2023\/12\/11\/eletrocol-e-campea-do-municipal-de-futsal-de-colina\/#article","isPartOf":{"@id":"https:\/\/regiaonews.net.br\/2022\/2023\/12\/11\/eletrocol-e-campea-do-municipal-de-futsal-de-colina\/"},"author":{"name":"Roberto","@id":"https:\/\/regiaonews.net.br\/2022\/#\/schema\/person\/2d205a608a5aa97ac279d7a5e6d89ad8"},"headline":"Eletrocol \u00e9 campe\u00e3 do Municipal de Futsal de Colina","datePublished":"2023-12-11T16:47:08+00:00","mainEntityOfPage":{"@id":"https:\/\/regiaonews.net.br\/2022\/2023\/12\/11\/eletrocol-e-campea-do-municipal-de-futsal-de-colina\/"},"wordCount":254,"commentCount":0,"publisher":{"@id":"https:\/\/regiaonews.net.br\/2022\/#organization"},"image":{"@id":"https:\/\/regiaonews.net.br\/2022\/2023\/12\/11\/eletrocol-e-campea-do-municipal-de-futsal-de-colina\/#primaryimage"},"thumbnailUrl":"https:\/\/regiaonews.net.br\/2022\/wp-content\/uploads\/2023\/12\/Imagem-do-WhatsApp-de-2023-12-11-as-10.56.01_8eab076d.jpg","articleSection":["Colina","Esporte"],"inLanguage":"pt-BR","potentialAction":[{"@type":"CommentAction","name":"Comment","target":["https:\/\/regiaonews.net.br\/2022\/2023\/12\/11\/eletrocol-e-campea-do-municipal-de-futsal-de-colina\/#respond"]}]},{"@type":"WebPage","@id":"https:\/\/regiaonews.net.br\/2022\/2023\/12\/11\/eletrocol-e-campea-do-municipal-de-futsal-de-colina\/","url":"https:\/\/regiaonews.net.br\/2022\/2023\/12\/11\/eletrocol-e-campea-do-municipal-de-futsal-de-colina\/","name":"Eletrocol \u00e9 campe\u00e3 do Municipal de Futsal de Colina - Regi\u00e3o News","isPartOf":{"@id":"https:\/\/regiaonews.net.br\/2022\/#website"},"primaryImageOfPage":{"@id":"https:\/\/regiaonews.net.br\/2022\/2023\/12\/11\/eletrocol-e-campea-do-municipal-de-futsal-de-colina\/#primaryimage"},"image":{"@id":"https:\/\/regiaonews.net.br\/2022\/2023\/12\/11\/eletrocol-e-campea-do-municipal-de-futsal-de-colina\/#primaryimage"},"thumbnailUrl":"https:\/\/regiaonews.net.br\/2022\/wp-content\/uploads\/2023\/12\/Imagem-do-WhatsApp-de-2023-12-11-as-10.56.01_8eab076d.jpg","datePublished":"2023-12-11T16:47:08+00:00","breadcrumb":{"@id":"https:\/\/regiaonews.net.br\/2022\/2023\/12\/11\/eletrocol-e-campea-do-municipal-de-futsal-de-colina\/#breadcrumb"},"inLanguage":"pt-BR","potentialAction":[{"@type":"ReadAction","target":["https:\/\/regiaonews.net.br\/2022\/2023\/12\/11\/eletrocol-e-campea-do-municipal-de-futsal-de-colina\/"]}]},{"@type":"ImageObject","inLanguage":"pt-BR","@id":"https:\/\/regiaonews.net.br\/2022\/2023\/12\/11\/eletrocol-e-campea-do-municipal-de-futsal-de-colina\/#primaryimage","url":"https:\/\/regiaonews.net.br\/2022\/wp-content\/uploads\/2023\/12\/Imagem-do-WhatsApp-de-2023-12-11-as-10.56.01_8eab076d.jpg","contentUrl":"https:\/\/regiaonews.net.br\/2022\/wp-content\/uploads\/2023\/12\/Imagem-do-WhatsApp-de-2023-12-11-as-10.56.01_8eab076d.jpg","width":1600,"height":1064},{"@type":"BreadcrumbList","@id":"https:\/\/regiaonews.net.br\/2022\/2023\/12\/11\/eletrocol-e-campea-do-municipal-de-futsal-de-colina\/#breadcrumb","itemListElement":[{"@type":"ListItem","position":1,"name":"In\u00edcio","item":"https:\/\/regiaonews.net.br\/2022\/"},{"@type":"ListItem","position":2,"name":"Eletrocol \u00e9 campe\u00e3 do Municipal de Futsal de Colina"}]},{"@type":"WebSite","@id":"https:\/\/regiaonews.net.br\/2022\/#website","url":"https:\/\/regiaonews.net.br\/2022\/","name":"Regi\u00e3o News","description":"Site de Not\u00edcias de Barretos e regi\u00e3o","publisher":{"@id":"https:\/\/regiaonews.net.br\/2022\/#organization"},"potentialAction":[{"@type":"SearchAction","target":{"@type":"EntryPoint","urlTemplate":"https:\/\/regiaonews.net.br\/2022\/?s={search_term_string}"},"query-input":{"@type":"PropertyValueSpecification","valueRequired":true,"valueName":"search_term_string"}}],"inLanguage":"pt-BR"},{"@type":"Organization","@id":"https:\/\/regiaonews.net.br\/2022\/#organization","name":"Regi\u00e3o News","url":"https:\/\/regiaonews.net.br\/2022\/","logo":{"@type":"ImageObject","inLanguage":"pt-BR","@id":"https:\/\/regiaonews.net.br\/2022\/#\/schema\/logo\/image\/","url":"https:\/\/regiaonews.net.br\/2022\/wp-content\/uploads\/2026\/03\/regiao-13-anos-scaled.jpg","contentUrl":"https:\/\/regiaonews.net.br\/2022\/wp-content\/uploads\/2026\/03\/regiao-13-anos-scaled.jpg","width":2560,"height":635,"caption":"Regi\u00e3o News"},"image":{"@id":"https:\/\/regiaonews.net.br\/2022\/#\/schema\/logo\/image\/"}},{"@type":"Person","@id":"https:\/\/regiaonews.net.br\/2022\/#\/schema\/person\/2d205a608a5aa97ac279d7a5e6d89ad8","name":"Roberto","image":{"@type":"ImageObject","inLanguage":"pt-BR","@id":"https:\/\/secure.gravatar.com\/avatar\/42749d8b712ff9d59ca93dc150494e5b55a44134482993f5baeb97e61b7ecc89?s=96&d=mm&r=g","url":"https:\/\/secure.gravatar.com\/avatar\/42749d8b712ff9d59ca93dc150494e5b55a44134482993f5baeb97e61b7ecc89?s=96&d=mm&r=g","contentUrl":"https:\/\/secure.gravatar.com\/avatar\/42749d8b712ff9d59ca93dc150494e5b55a44134482993f5baeb97e61b7ecc89?s=96&d=mm&r=g","caption":"Roberto"},"url":"https:\/\/regiaonews.net.br\/2022\/author\/roberto\/"}]}},"publishpress_future_action":{"enabled":false,"date":"2026-05-04 11:36:48","action":"change-status","newStatus":"draft","terms":[],"taxonomy":"category","extraData":[]},"publishpress_future_workflow_manual_trigger":{"enabledWorkflows":[]},"_links":{"self":[{"href":"https:\/\/regiaonews.net.br\/2022\/wp-json\/wp\/v2\/posts\/98937","targetHints":{"allow":["GET"]}}],"collection":[{"href":"https:\/\/regiaonews.net.br\/2022\/wp-json\/wp\/v2\/posts"}],"about":[{"href":"https:\/\/regiaonews.net.br\/2022\/wp-json\/wp\/v2\/types\/post"}],"author":[{"embeddable":true,"href":"https:\/\/regiaonews.net.br\/2022\/wp-json\/wp\/v2\/users\/2"}],"replies":[{"embeddable":true,"href":"https:\/\/regiaonews.net.br\/2022\/wp-json\/wp\/v2\/comments?post=98937"}],"version-history":[{"count":1,"href":"https:\/\/regiaonews.net.br\/2022\/wp-json\/wp\/v2\/posts\/98937\/revisions"}],"predecessor-version":[{"id":98939,"href":"https:\/\/regiaonews.net.br\/2022\/wp-json\/wp\/v2\/posts\/98937\/revisions\/98939"}],"wp:featuredmedia":[{"embeddable":true,"href":"https:\/\/regiaonews.net.br\/2022\/wp-json\/wp\/v2\/media\/98938"}],"wp:attachment":[{"href":"https:\/\/regiaonews.net.br\/2022\/wp-json\/wp\/v2\/media?parent=98937"}],"wp:term":[{"taxonomy":"category","embeddable":true,"href":"https:\/\/regiaonews.net.br\/2022\/wp-json\/wp\/v2\/categories?post=98937"},{"taxonomy":"post_tag","embeddable":true,"href":"https:\/\/regiaonews.net.br\/2022\/wp-json\/wp\/v2\/tags?post=98937"}],"curies":[{"name":"wp","href":"https:\/\/api.w.org\/{rel}","templated":true}]}}