{"id":98906,"date":"2023-12-10T17:20:46","date_gmt":"2023-12-10T20:20:46","guid":{"rendered":"https:\/\/regiaonews.net.br\/2022\/?p=98906"},"modified":"2023-12-10T17:20:46","modified_gmt":"2023-12-10T20:20:46","slug":"mina-18-da-braskem-em-maceio-se-rompe-na-lagoa-mundau","status":"publish","type":"post","link":"https:\/\/regiaonews.net.br\/2022\/2023\/12\/10\/mina-18-da-braskem-em-maceio-se-rompe-na-lagoa-mundau\/","title":{"rendered":"Mina 18 da Braskem em Macei\u00f3  se rompe na Lagoa Munda\u00fa"},"content":{"rendered":"<div class=\"col-lg-12 mb-3\">\n<div class=\"row\"><\/div>\n<div class=\"row\">\n<div id=\"tts-container\" class=\"col-xl-7 offset-xl-1 col-lg-8 offset-lg-0 col-md-10 offset-md-1 mb-3\">Fonte &#8211; Ag\u00eancia Brasil<\/div>\n<div><\/div>\n<div class=\"col-xl-7 offset-xl-1 col-lg-8 offset-lg-0 col-md-10 offset-md-1 mb-3\">A Defesa Civil de Macei\u00f3 informou que a mina n\u00b018, que era operada pela mineradora Braskem, se rompeu neste domingo (10). Segundo o \u00f3rg\u00e3o, o rompimento ocorreu por volta das 13h15, na Lagoa Munda\u00fa, localizada no bairro do Mutange.<img decoding=\"async\" src=\"https:\/\/agenciabrasil.ebc.com.br\/ebc.png?id=1571445&amp;o=node\" \/><img decoding=\"async\" src=\"https:\/\/agenciabrasil.ebc.com.br\/ebc.gif?id=1571445&amp;o=node\" \/><\/div>\n<\/div>\n<\/div>\n<div class=\"col-xl-7 offset-xl-1 col-lg-8 offset-lg-0 col-md-10 offset-md-1 mb-3\">\n<div class=\"post-item alt-font\">\n<div class=\"post-item-wrap\">\n<p>T\u00e9cnicos do \u00f3rg\u00e3o est\u00e3o no local neste momento em busca de novas informa\u00e7\u00f5es. Toda a regi\u00e3o est\u00e1 desocupada e n\u00e3o h\u00e1 risco para a popula\u00e7\u00e3o, segundo a Defesa Civil.<\/p>\n<p>O prefeito da capital alagoana, Jo\u00e3o Henrique Caldas, JHC, divulgou o momento em que a mina se rompe, provocando um redemoinho nas \u00e1guas da lagoa. Ele informou que sobrevoar\u00e1 a regi\u00e3o.<\/p>\n<div class=\"twitter-tweet twitter-tweet-rendered\"><iframe id=\"twitter-widget-0\" class=\"\" title=\"X Post\" src=\"https:\/\/platform.twitter.com\/embed\/Tweet.html?creatorScreenName=agenciabrasil&amp;dnt=false&amp;embedId=twitter-widget-0&amp;features=eyJ0ZndfdGltZWxpbmVfbGlzdCI6eyJidWNrZXQiOltdLCJ2ZXJzaW9uIjpudWxsfSwidGZ3X2ZvbGxvd2VyX2NvdW50X3N1bnNldCI6eyJidWNrZXQiOnRydWUsInZlcnNpb24iOm51bGx9LCJ0ZndfdHdlZXRfZWRpdF9iYWNrZW5kIjp7ImJ1Y2tldCI6Im9uIiwidmVyc2lvbiI6bnVsbH0sInRmd19yZWZzcmNfc2Vzc2lvbiI6eyJidWNrZXQiOiJvbiIsInZlcnNpb24iOm51bGx9LCJ0ZndfZm9zbnJfc29mdF9pbnRlcnZlbnRpb25zX2VuYWJsZWQiOnsiYnVja2V0Ijoib24iLCJ2ZXJzaW9uIjpudWxsfSwidGZ3X21peGVkX21lZGlhXzE1ODk3Ijp7ImJ1Y2tldCI6InRyZWF0bWVudCIsInZlcnNpb24iOm51bGx9LCJ0ZndfZXhwZXJpbWVudHNfY29va2llX2V4cGlyYXRpb24iOnsiYnVja2V0IjoxMjA5NjAwLCJ2ZXJzaW9uIjpudWxsfSwidGZ3X3Nob3dfYmlyZHdhdGNoX3Bpdm90c19lbmFibGVkIjp7ImJ1Y2tldCI6Im9uIiwidmVyc2lvbiI6bnVsbH0sInRmd19kdXBsaWNhdGVfc2NyaWJlc190b19zZXR0aW5ncyI6eyJidWNrZXQiOiJvbiIsInZlcnNpb24iOm51bGx9LCJ0ZndfdXNlX3Byb2ZpbGVfaW1hZ2Vfc2hhcGVfZW5hYmxlZCI6eyJidWNrZXQiOiJvbiIsInZlcnNpb24iOm51bGx9LCJ0ZndfdmlkZW9faGxzX2R5bmFtaWNfbWFuaWZlc3RzXzE1MDgyIjp7ImJ1Y2tldCI6InRydWVfYml0cmF0ZSIsInZlcnNpb24iOm51bGx9LCJ0ZndfbGVnYWN5X3RpbWVsaW5lX3N1bnNldCI6eyJidWNrZXQiOnRydWUsInZlcnNpb24iOm51bGx9LCJ0ZndfdHdlZXRfZWRpdF9mcm9udGVuZCI6eyJidWNrZXQiOiJvbiIsInZlcnNpb24iOm51bGx9fQ%3D%3D&amp;frame=false&amp;hideCard=false&amp;hideThread=false&amp;id=1733902276224303177&amp;lang=pt&amp;maxWidth=560px&amp;origin=https%3A%2F%2Fagenciabrasil.ebc.com.br%2Fgeral%2Fnoticia%2F2023-12%2Fmina-18-da-braskem-se-rompe-na-lagoa-mundau-em-maceio&amp;sessionId=4dfc721102542a5a15a6920c0fa56c2b92aa70fd&amp;siteScreenName=agenciabrasil&amp;theme=light&amp;widgetsVersion=b2c2611296916%3A1702048662315&amp;width=550px\" frameborder=\"0\" scrolling=\"no\" allowfullscreen=\"allowfullscreen\" data-tweet-id=\"1733902276224303177\" data-mce-fragment=\"1\"><\/iframe><\/div>\n<p>O desastre na capital alagoana foi causado pela explora\u00e7\u00e3o de sal-gema em jazidas no subsolo, ao longo de d\u00e9cadas, pela Braskem. O sal-gema \u00e9 um tipo de sal usado na ind\u00fastria qu\u00edmica.<\/p>\n<p>Falhas graves no processo de minera\u00e7\u00e3o causaram instabilidade no solo. Ao menos tr\u00eas bairros da capital alagoana tiveram que ser completamente evacuados em 2020, por causa de tremores de terra que abalaram a estrutura dos im\u00f3veis.<\/p>\n<p>Nas \u00faltimas semanas, o risco iminente de colapso tem mobilizado autoridades, com afundamento do solo acumulado de mais de 2 metros.<\/p>\n<p>Em nota, a Braskem informou que, por volta das 13h45, outro &#8220;movimento at\u00edpico&#8221; foi detectado na lagoa. A empresa tamb\u00e9m ressaltou que a \u00e1rea est\u00e1 sendo monitorada. Ap\u00f3s o afundamento registrado nesta tarde, as autoridades locais foram comunicadas, informou a empresa.<\/p>\n<p>Confina a \u00edntegra do comunicado:<\/p>\n<blockquote><p>\u00c0s 13h15 deste domingo, c\u00e2meras que monitoram o entorno da cavidade 18 registraram movimento at\u00edpico de \u00e1gua na lagoa Munda\u00fa, no trecho sobre esta cavidade. Toda a \u00e1rea, que vem sendo monitorada nos \u00faltimos dias, j\u00e1 estava isolada.\u00a0 Movimento semelhante ocorreu por volta das 13h45. O sistema de monitoramento de solo captou a movimenta\u00e7\u00e3o por meio de DGPS instalados na regi\u00e3o. As autoridades foram imediatamente comunicadas, e a Braskem segue colaborando com elas.<\/p><\/blockquote>\n<\/div>\n<\/div>\n<\/div>\n","protected":false},"excerpt":{"rendered":"<p>Fonte &#8211; Ag\u00eancia Brasil A Defesa Civil de Macei\u00f3 informou<\/p>\n","protected":false},"author":2,"featured_media":98907,"comment_status":"open","ping_status":"open","sticky":false,"template":"","format":"standard","meta":{"footnotes":""},"categories":[24,23],"tags":[],"class_list":["post-98906","post","type-post","status-publish","format-standard","has-post-thumbnail","hentry","category-brasil","category-policia"],"yoast_head":"<!-- This site is optimized with the Yoast SEO plugin v27.4 - https:\/\/yoast.com\/product\/yoast-seo-wordpress\/ -->\n<title>Mina 18 da Braskem em Macei\u00f3 se rompe na Lagoa Munda\u00fa - Regi\u00e3o News<\/title>\n<meta name=\"robots\" content=\"index, follow, max-snippet:-1, max-image-preview:large, max-video-preview:-1\" \/>\n<link rel=\"canonical\" href=\"https:\/\/regiaonews.net.br\/2022\/2023\/12\/10\/mina-18-da-braskem-em-maceio-se-rompe-na-lagoa-mundau\/\" \/>\n<meta property=\"og:locale\" content=\"pt_BR\" \/>\n<meta property=\"og:type\" content=\"article\" \/>\n<meta property=\"og:title\" content=\"Mina 18 da Braskem em Macei\u00f3 se rompe na Lagoa Munda\u00fa - Regi\u00e3o News\" \/>\n<meta property=\"og:description\" content=\"Fonte &#8211; Ag\u00eancia Brasil A Defesa Civil de Macei\u00f3 informou\" \/>\n<meta property=\"og:url\" content=\"https:\/\/regiaonews.net.br\/2022\/2023\/12\/10\/mina-18-da-braskem-em-maceio-se-rompe-na-lagoa-mundau\/\" \/>\n<meta property=\"og:site_name\" content=\"Regi\u00e3o News\" \/>\n<meta property=\"article:published_time\" content=\"2023-12-10T20:20:46+00:00\" \/>\n<meta property=\"og:image\" content=\"https:\/\/regiaonews.net.br\/2022\/wp-content\/uploads\/2023\/12\/mina.jpg\" \/>\n\t<meta property=\"og:image:width\" content=\"1053\" \/>\n\t<meta property=\"og:image:height\" content=\"534\" \/>\n\t<meta property=\"og:image:type\" content=\"image\/jpeg\" \/>\n<meta name=\"author\" content=\"Roberto\" \/>\n<meta name=\"twitter:card\" content=\"summary_large_image\" \/>\n<meta name=\"twitter:label1\" content=\"Escrito por\" \/>\n\t<meta name=\"twitter:data1\" content=\"Roberto\" \/>\n\t<meta name=\"twitter:label2\" content=\"Est. tempo de leitura\" \/>\n\t<meta name=\"twitter:data2\" content=\"2 minutos\" \/>\n<script type=\"application\/ld+json\" class=\"yoast-schema-graph\">{\"@context\":\"https:\\\/\\\/schema.org\",\"@graph\":[{\"@type\":\"Article\",\"@id\":\"https:\\\/\\\/regiaonews.net.br\\\/2022\\\/2023\\\/12\\\/10\\\/mina-18-da-braskem-em-maceio-se-rompe-na-lagoa-mundau\\\/#article\",\"isPartOf\":{\"@id\":\"https:\\\/\\\/regiaonews.net.br\\\/2022\\\/2023\\\/12\\\/10\\\/mina-18-da-braskem-em-maceio-se-rompe-na-lagoa-mundau\\\/\"},\"author\":{\"name\":\"Roberto\",\"@id\":\"https:\\\/\\\/regiaonews.net.br\\\/2022\\\/#\\\/schema\\\/person\\\/2d205a608a5aa97ac279d7a5e6d89ad8\"},\"headline\":\"Mina 18 da Braskem em Macei\u00f3 se rompe na Lagoa Munda\u00fa\",\"datePublished\":\"2023-12-10T20:20:46+00:00\",\"mainEntityOfPage\":{\"@id\":\"https:\\\/\\\/regiaonews.net.br\\\/2022\\\/2023\\\/12\\\/10\\\/mina-18-da-braskem-em-maceio-se-rompe-na-lagoa-mundau\\\/\"},\"wordCount\":341,\"commentCount\":0,\"publisher\":{\"@id\":\"https:\\\/\\\/regiaonews.net.br\\\/2022\\\/#organization\"},\"image\":{\"@id\":\"https:\\\/\\\/regiaonews.net.br\\\/2022\\\/2023\\\/12\\\/10\\\/mina-18-da-braskem-em-maceio-se-rompe-na-lagoa-mundau\\\/#primaryimage\"},\"thumbnailUrl\":\"https:\\\/\\\/regiaonews.net.br\\\/2022\\\/wp-content\\\/uploads\\\/2023\\\/12\\\/mina.jpg\",\"articleSection\":[\"Brasil\",\"Policia\"],\"inLanguage\":\"pt-BR\",\"potentialAction\":[{\"@type\":\"CommentAction\",\"name\":\"Comment\",\"target\":[\"https:\\\/\\\/regiaonews.net.br\\\/2022\\\/2023\\\/12\\\/10\\\/mina-18-da-braskem-em-maceio-se-rompe-na-lagoa-mundau\\\/#respond\"]}]},{\"@type\":\"WebPage\",\"@id\":\"https:\\\/\\\/regiaonews.net.br\\\/2022\\\/2023\\\/12\\\/10\\\/mina-18-da-braskem-em-maceio-se-rompe-na-lagoa-mundau\\\/\",\"url\":\"https:\\\/\\\/regiaonews.net.br\\\/2022\\\/2023\\\/12\\\/10\\\/mina-18-da-braskem-em-maceio-se-rompe-na-lagoa-mundau\\\/\",\"name\":\"Mina 18 da Braskem em Macei\u00f3 se rompe na Lagoa Munda\u00fa - Regi\u00e3o News\",\"isPartOf\":{\"@id\":\"https:\\\/\\\/regiaonews.net.br\\\/2022\\\/#website\"},\"primaryImageOfPage\":{\"@id\":\"https:\\\/\\\/regiaonews.net.br\\\/2022\\\/2023\\\/12\\\/10\\\/mina-18-da-braskem-em-maceio-se-rompe-na-lagoa-mundau\\\/#primaryimage\"},\"image\":{\"@id\":\"https:\\\/\\\/regiaonews.net.br\\\/2022\\\/2023\\\/12\\\/10\\\/mina-18-da-braskem-em-maceio-se-rompe-na-lagoa-mundau\\\/#primaryimage\"},\"thumbnailUrl\":\"https:\\\/\\\/regiaonews.net.br\\\/2022\\\/wp-content\\\/uploads\\\/2023\\\/12\\\/mina.jpg\",\"datePublished\":\"2023-12-10T20:20:46+00:00\",\"breadcrumb\":{\"@id\":\"https:\\\/\\\/regiaonews.net.br\\\/2022\\\/2023\\\/12\\\/10\\\/mina-18-da-braskem-em-maceio-se-rompe-na-lagoa-mundau\\\/#breadcrumb\"},\"inLanguage\":\"pt-BR\",\"potentialAction\":[{\"@type\":\"ReadAction\",\"target\":[\"https:\\\/\\\/regiaonews.net.br\\\/2022\\\/2023\\\/12\\\/10\\\/mina-18-da-braskem-em-maceio-se-rompe-na-lagoa-mundau\\\/\"]}]},{\"@type\":\"ImageObject\",\"inLanguage\":\"pt-BR\",\"@id\":\"https:\\\/\\\/regiaonews.net.br\\\/2022\\\/2023\\\/12\\\/10\\\/mina-18-da-braskem-em-maceio-se-rompe-na-lagoa-mundau\\\/#primaryimage\",\"url\":\"https:\\\/\\\/regiaonews.net.br\\\/2022\\\/wp-content\\\/uploads\\\/2023\\\/12\\\/mina.jpg\",\"contentUrl\":\"https:\\\/\\\/regiaonews.net.br\\\/2022\\\/wp-content\\\/uploads\\\/2023\\\/12\\\/mina.jpg\",\"width\":1053,\"height\":534},{\"@type\":\"BreadcrumbList\",\"@id\":\"https:\\\/\\\/regiaonews.net.br\\\/2022\\\/2023\\\/12\\\/10\\\/mina-18-da-braskem-em-maceio-se-rompe-na-lagoa-mundau\\\/#breadcrumb\",\"itemListElement\":[{\"@type\":\"ListItem\",\"position\":1,\"name\":\"In\u00edcio\",\"item\":\"https:\\\/\\\/regiaonews.net.br\\\/2022\\\/\"},{\"@type\":\"ListItem\",\"position\":2,\"name\":\"Mina 18 da Braskem em Macei\u00f3 se rompe na Lagoa Munda\u00fa\"}]},{\"@type\":\"WebSite\",\"@id\":\"https:\\\/\\\/regiaonews.net.br\\\/2022\\\/#website\",\"url\":\"https:\\\/\\\/regiaonews.net.br\\\/2022\\\/\",\"name\":\"Regi\u00e3o News\",\"description\":\"Site de Not\u00edcias de Barretos e regi\u00e3o\",\"publisher\":{\"@id\":\"https:\\\/\\\/regiaonews.net.br\\\/2022\\\/#organization\"},\"potentialAction\":[{\"@type\":\"SearchAction\",\"target\":{\"@type\":\"EntryPoint\",\"urlTemplate\":\"https:\\\/\\\/regiaonews.net.br\\\/2022\\\/?s={search_term_string}\"},\"query-input\":{\"@type\":\"PropertyValueSpecification\",\"valueRequired\":true,\"valueName\":\"search_term_string\"}}],\"inLanguage\":\"pt-BR\"},{\"@type\":\"Organization\",\"@id\":\"https:\\\/\\\/regiaonews.net.br\\\/2022\\\/#organization\",\"name\":\"Regi\u00e3o News\",\"url\":\"https:\\\/\\\/regiaonews.net.br\\\/2022\\\/\",\"logo\":{\"@type\":\"ImageObject\",\"inLanguage\":\"pt-BR\",\"@id\":\"https:\\\/\\\/regiaonews.net.br\\\/2022\\\/#\\\/schema\\\/logo\\\/image\\\/\",\"url\":\"https:\\\/\\\/regiaonews.net.br\\\/2022\\\/wp-content\\\/uploads\\\/2026\\\/03\\\/regiao-13-anos-scaled.jpg\",\"contentUrl\":\"https:\\\/\\\/regiaonews.net.br\\\/2022\\\/wp-content\\\/uploads\\\/2026\\\/03\\\/regiao-13-anos-scaled.jpg\",\"width\":2560,\"height\":635,\"caption\":\"Regi\u00e3o News\"},\"image\":{\"@id\":\"https:\\\/\\\/regiaonews.net.br\\\/2022\\\/#\\\/schema\\\/logo\\\/image\\\/\"}},{\"@type\":\"Person\",\"@id\":\"https:\\\/\\\/regiaonews.net.br\\\/2022\\\/#\\\/schema\\\/person\\\/2d205a608a5aa97ac279d7a5e6d89ad8\",\"name\":\"Roberto\",\"image\":{\"@type\":\"ImageObject\",\"inLanguage\":\"pt-BR\",\"@id\":\"https:\\\/\\\/secure.gravatar.com\\\/avatar\\\/42749d8b712ff9d59ca93dc150494e5b55a44134482993f5baeb97e61b7ecc89?s=96&d=mm&r=g\",\"url\":\"https:\\\/\\\/secure.gravatar.com\\\/avatar\\\/42749d8b712ff9d59ca93dc150494e5b55a44134482993f5baeb97e61b7ecc89?s=96&d=mm&r=g\",\"contentUrl\":\"https:\\\/\\\/secure.gravatar.com\\\/avatar\\\/42749d8b712ff9d59ca93dc150494e5b55a44134482993f5baeb97e61b7ecc89?s=96&d=mm&r=g\",\"caption\":\"Roberto\"},\"url\":\"https:\\\/\\\/regiaonews.net.br\\\/2022\\\/author\\\/roberto\\\/\"}]}<\/script>\n<!-- \/ Yoast SEO plugin. -->","yoast_head_json":{"title":"Mina 18 da Braskem em Macei\u00f3 se rompe na Lagoa Munda\u00fa - Regi\u00e3o News","robots":{"index":"index","follow":"follow","max-snippet":"max-snippet:-1","max-image-preview":"max-image-preview:large","max-video-preview":"max-video-preview:-1"},"canonical":"https:\/\/regiaonews.net.br\/2022\/2023\/12\/10\/mina-18-da-braskem-em-maceio-se-rompe-na-lagoa-mundau\/","og_locale":"pt_BR","og_type":"article","og_title":"Mina 18 da Braskem em Macei\u00f3 se rompe na Lagoa Munda\u00fa - Regi\u00e3o News","og_description":"Fonte &#8211; Ag\u00eancia Brasil A Defesa Civil de Macei\u00f3 informou","og_url":"https:\/\/regiaonews.net.br\/2022\/2023\/12\/10\/mina-18-da-braskem-em-maceio-se-rompe-na-lagoa-mundau\/","og_site_name":"Regi\u00e3o News","article_published_time":"2023-12-10T20:20:46+00:00","og_image":[{"width":1053,"height":534,"url":"https:\/\/regiaonews.net.br\/2022\/wp-content\/uploads\/2023\/12\/mina.jpg","type":"image\/jpeg"}],"author":"Roberto","twitter_card":"summary_large_image","twitter_misc":{"Escrito por":"Roberto","Est. tempo de leitura":"2 minutos"},"schema":{"@context":"https:\/\/schema.org","@graph":[{"@type":"Article","@id":"https:\/\/regiaonews.net.br\/2022\/2023\/12\/10\/mina-18-da-braskem-em-maceio-se-rompe-na-lagoa-mundau\/#article","isPartOf":{"@id":"https:\/\/regiaonews.net.br\/2022\/2023\/12\/10\/mina-18-da-braskem-em-maceio-se-rompe-na-lagoa-mundau\/"},"author":{"name":"Roberto","@id":"https:\/\/regiaonews.net.br\/2022\/#\/schema\/person\/2d205a608a5aa97ac279d7a5e6d89ad8"},"headline":"Mina 18 da Braskem em Macei\u00f3 se rompe na Lagoa Munda\u00fa","datePublished":"2023-12-10T20:20:46+00:00","mainEntityOfPage":{"@id":"https:\/\/regiaonews.net.br\/2022\/2023\/12\/10\/mina-18-da-braskem-em-maceio-se-rompe-na-lagoa-mundau\/"},"wordCount":341,"commentCount":0,"publisher":{"@id":"https:\/\/regiaonews.net.br\/2022\/#organization"},"image":{"@id":"https:\/\/regiaonews.net.br\/2022\/2023\/12\/10\/mina-18-da-braskem-em-maceio-se-rompe-na-lagoa-mundau\/#primaryimage"},"thumbnailUrl":"https:\/\/regiaonews.net.br\/2022\/wp-content\/uploads\/2023\/12\/mina.jpg","articleSection":["Brasil","Policia"],"inLanguage":"pt-BR","potentialAction":[{"@type":"CommentAction","name":"Comment","target":["https:\/\/regiaonews.net.br\/2022\/2023\/12\/10\/mina-18-da-braskem-em-maceio-se-rompe-na-lagoa-mundau\/#respond"]}]},{"@type":"WebPage","@id":"https:\/\/regiaonews.net.br\/2022\/2023\/12\/10\/mina-18-da-braskem-em-maceio-se-rompe-na-lagoa-mundau\/","url":"https:\/\/regiaonews.net.br\/2022\/2023\/12\/10\/mina-18-da-braskem-em-maceio-se-rompe-na-lagoa-mundau\/","name":"Mina 18 da Braskem em Macei\u00f3 se rompe na Lagoa Munda\u00fa - Regi\u00e3o News","isPartOf":{"@id":"https:\/\/regiaonews.net.br\/2022\/#website"},"primaryImageOfPage":{"@id":"https:\/\/regiaonews.net.br\/2022\/2023\/12\/10\/mina-18-da-braskem-em-maceio-se-rompe-na-lagoa-mundau\/#primaryimage"},"image":{"@id":"https:\/\/regiaonews.net.br\/2022\/2023\/12\/10\/mina-18-da-braskem-em-maceio-se-rompe-na-lagoa-mundau\/#primaryimage"},"thumbnailUrl":"https:\/\/regiaonews.net.br\/2022\/wp-content\/uploads\/2023\/12\/mina.jpg","datePublished":"2023-12-10T20:20:46+00:00","breadcrumb":{"@id":"https:\/\/regiaonews.net.br\/2022\/2023\/12\/10\/mina-18-da-braskem-em-maceio-se-rompe-na-lagoa-mundau\/#breadcrumb"},"inLanguage":"pt-BR","potentialAction":[{"@type":"ReadAction","target":["https:\/\/regiaonews.net.br\/2022\/2023\/12\/10\/mina-18-da-braskem-em-maceio-se-rompe-na-lagoa-mundau\/"]}]},{"@type":"ImageObject","inLanguage":"pt-BR","@id":"https:\/\/regiaonews.net.br\/2022\/2023\/12\/10\/mina-18-da-braskem-em-maceio-se-rompe-na-lagoa-mundau\/#primaryimage","url":"https:\/\/regiaonews.net.br\/2022\/wp-content\/uploads\/2023\/12\/mina.jpg","contentUrl":"https:\/\/regiaonews.net.br\/2022\/wp-content\/uploads\/2023\/12\/mina.jpg","width":1053,"height":534},{"@type":"BreadcrumbList","@id":"https:\/\/regiaonews.net.br\/2022\/2023\/12\/10\/mina-18-da-braskem-em-maceio-se-rompe-na-lagoa-mundau\/#breadcrumb","itemListElement":[{"@type":"ListItem","position":1,"name":"In\u00edcio","item":"https:\/\/regiaonews.net.br\/2022\/"},{"@type":"ListItem","position":2,"name":"Mina 18 da Braskem em Macei\u00f3 se rompe na Lagoa Munda\u00fa"}]},{"@type":"WebSite","@id":"https:\/\/regiaonews.net.br\/2022\/#website","url":"https:\/\/regiaonews.net.br\/2022\/","name":"Regi\u00e3o News","description":"Site de Not\u00edcias de Barretos e regi\u00e3o","publisher":{"@id":"https:\/\/regiaonews.net.br\/2022\/#organization"},"potentialAction":[{"@type":"SearchAction","target":{"@type":"EntryPoint","urlTemplate":"https:\/\/regiaonews.net.br\/2022\/?s={search_term_string}"},"query-input":{"@type":"PropertyValueSpecification","valueRequired":true,"valueName":"search_term_string"}}],"inLanguage":"pt-BR"},{"@type":"Organization","@id":"https:\/\/regiaonews.net.br\/2022\/#organization","name":"Regi\u00e3o News","url":"https:\/\/regiaonews.net.br\/2022\/","logo":{"@type":"ImageObject","inLanguage":"pt-BR","@id":"https:\/\/regiaonews.net.br\/2022\/#\/schema\/logo\/image\/","url":"https:\/\/regiaonews.net.br\/2022\/wp-content\/uploads\/2026\/03\/regiao-13-anos-scaled.jpg","contentUrl":"https:\/\/regiaonews.net.br\/2022\/wp-content\/uploads\/2026\/03\/regiao-13-anos-scaled.jpg","width":2560,"height":635,"caption":"Regi\u00e3o News"},"image":{"@id":"https:\/\/regiaonews.net.br\/2022\/#\/schema\/logo\/image\/"}},{"@type":"Person","@id":"https:\/\/regiaonews.net.br\/2022\/#\/schema\/person\/2d205a608a5aa97ac279d7a5e6d89ad8","name":"Roberto","image":{"@type":"ImageObject","inLanguage":"pt-BR","@id":"https:\/\/secure.gravatar.com\/avatar\/42749d8b712ff9d59ca93dc150494e5b55a44134482993f5baeb97e61b7ecc89?s=96&d=mm&r=g","url":"https:\/\/secure.gravatar.com\/avatar\/42749d8b712ff9d59ca93dc150494e5b55a44134482993f5baeb97e61b7ecc89?s=96&d=mm&r=g","contentUrl":"https:\/\/secure.gravatar.com\/avatar\/42749d8b712ff9d59ca93dc150494e5b55a44134482993f5baeb97e61b7ecc89?s=96&d=mm&r=g","caption":"Roberto"},"url":"https:\/\/regiaonews.net.br\/2022\/author\/roberto\/"}]}},"publishpress_future_action":{"enabled":false,"date":"2026-05-04 05:50:58","action":"change-status","newStatus":"draft","terms":[],"taxonomy":"category","extraData":[]},"publishpress_future_workflow_manual_trigger":{"enabledWorkflows":[]},"_links":{"self":[{"href":"https:\/\/regiaonews.net.br\/2022\/wp-json\/wp\/v2\/posts\/98906","targetHints":{"allow":["GET"]}}],"collection":[{"href":"https:\/\/regiaonews.net.br\/2022\/wp-json\/wp\/v2\/posts"}],"about":[{"href":"https:\/\/regiaonews.net.br\/2022\/wp-json\/wp\/v2\/types\/post"}],"author":[{"embeddable":true,"href":"https:\/\/regiaonews.net.br\/2022\/wp-json\/wp\/v2\/users\/2"}],"replies":[{"embeddable":true,"href":"https:\/\/regiaonews.net.br\/2022\/wp-json\/wp\/v2\/comments?post=98906"}],"version-history":[{"count":1,"href":"https:\/\/regiaonews.net.br\/2022\/wp-json\/wp\/v2\/posts\/98906\/revisions"}],"predecessor-version":[{"id":98908,"href":"https:\/\/regiaonews.net.br\/2022\/wp-json\/wp\/v2\/posts\/98906\/revisions\/98908"}],"wp:featuredmedia":[{"embeddable":true,"href":"https:\/\/regiaonews.net.br\/2022\/wp-json\/wp\/v2\/media\/98907"}],"wp:attachment":[{"href":"https:\/\/regiaonews.net.br\/2022\/wp-json\/wp\/v2\/media?parent=98906"}],"wp:term":[{"taxonomy":"category","embeddable":true,"href":"https:\/\/regiaonews.net.br\/2022\/wp-json\/wp\/v2\/categories?post=98906"},{"taxonomy":"post_tag","embeddable":true,"href":"https:\/\/regiaonews.net.br\/2022\/wp-json\/wp\/v2\/tags?post=98906"}],"curies":[{"name":"wp","href":"https:\/\/api.w.org\/{rel}","templated":true}]}}