{"id":98900,"date":"2023-12-10T12:26:06","date_gmt":"2023-12-10T15:26:06","guid":{"rendered":"https:\/\/regiaonews.net.br\/2022\/?p=98900"},"modified":"2023-12-10T12:26:06","modified_gmt":"2023-12-10T15:26:06","slug":"pm-rodoviaria-prende-dois-e-apreende-19-tonelada-de-maconha-em-pardinho","status":"publish","type":"post","link":"https:\/\/regiaonews.net.br\/2022\/2023\/12\/10\/pm-rodoviaria-prende-dois-e-apreende-19-tonelada-de-maconha-em-pardinho\/","title":{"rendered":"PM Rodovi\u00e1ria prende dois e apreende 1,9 tonelada de maconha em Pardinho"},"content":{"rendered":"<div class=\"col-lg-12 mt-4 justify\">\n<h3 class=\"justify\"><\/h3>\n<\/div>\n<div class=\"col-lg-12 mt-2 justify\">\n<h5 class=\"justify\">A droga estava escondida em meio a carga de trigo<\/h5>\n<\/div>\n<div class=\"col-lg-12 mt-3 justify\">\n<div>\n<div>A Pol\u00edcia Militar apreendeu 1,9 tonelada de maconha na Rodovia Castello Branco, por volta das 12h45 deste s\u00e1bado (09), no munic\u00edpio de Pardinho, regi\u00e3o de Sorocaba. A droga estava caminh\u00e3o reboque com emplacamento do Paraguai. No flagrante, foram presos dois homens que levavam o il\u00edcito em meio a carga de trigo.<\/div>\n<div><\/div>\n<div>Os policias da 3\u00aa Cia do 5\u00ba Batalh\u00e3o de Pol\u00edcia Rodovi\u00e1ria (BPRv) faziam uma a\u00e7\u00e3o para repress\u00e3o do tr\u00e1fico de drogas quando, na altura do km 198, a equipe do T\u00e1tico Ostensivo Rodovi\u00e1rio (TOR) fez abordagem ao ve\u00edculo estacionado em um p\u00e1tio de servi\u00e7o.\u00a0 Um dos envolvidos tentou fugir, mas foi detido. Dentro dos carros foram encontrados 78 fardos e 151 tijolos de maconha, totalizando 1.959 quilos. Com eles, tamb\u00e9m foi apreendido um celular,<\/div>\n<div><\/div>\n<p>Os envolvidos, de origem paraguaia, e a droga foram encaminhados para Delegacia da Pol\u00edcia Federal de Bauru.<\/p><\/div>\n<\/div>\n","protected":false},"excerpt":{"rendered":"<p>A droga estava escondida em meio a carga de trigo<\/p>\n","protected":false},"author":2,"featured_media":98901,"comment_status":"open","ping_status":"open","sticky":false,"template":"","format":"standard","meta":{"footnotes":""},"categories":[7,23],"tags":[],"class_list":["post-98900","post","type-post","status-publish","format-standard","has-post-thumbnail","hentry","category-estado-de-sao-paulo","category-policia"],"yoast_head":"<!-- This site is optimized with the Yoast SEO plugin v27.4 - https:\/\/yoast.com\/product\/yoast-seo-wordpress\/ -->\n<title>PM Rodovi\u00e1ria prende dois e apreende 1,9 tonelada de maconha em Pardinho - Regi\u00e3o News<\/title>\n<meta name=\"robots\" content=\"index, follow, max-snippet:-1, max-image-preview:large, max-video-preview:-1\" \/>\n<link rel=\"canonical\" href=\"https:\/\/regiaonews.net.br\/2022\/2023\/12\/10\/pm-rodoviaria-prende-dois-e-apreende-19-tonelada-de-maconha-em-pardinho\/\" \/>\n<meta property=\"og:locale\" content=\"pt_BR\" \/>\n<meta property=\"og:type\" content=\"article\" \/>\n<meta property=\"og:title\" content=\"PM Rodovi\u00e1ria prende dois e apreende 1,9 tonelada de maconha em Pardinho - Regi\u00e3o News\" \/>\n<meta property=\"og:description\" content=\"A droga estava escondida em meio a carga de trigo\" \/>\n<meta property=\"og:url\" content=\"https:\/\/regiaonews.net.br\/2022\/2023\/12\/10\/pm-rodoviaria-prende-dois-e-apreende-19-tonelada-de-maconha-em-pardinho\/\" \/>\n<meta property=\"og:site_name\" content=\"Regi\u00e3o News\" \/>\n<meta property=\"article:published_time\" content=\"2023-12-10T15:26:06+00:00\" \/>\n<meta property=\"og:image\" content=\"https:\/\/regiaonews.net.br\/2022\/wp-content\/uploads\/2023\/12\/00052392.jpeg\" \/>\n\t<meta property=\"og:image:width\" content=\"1000\" \/>\n\t<meta property=\"og:image:height\" content=\"534\" \/>\n\t<meta property=\"og:image:type\" content=\"image\/jpeg\" \/>\n<meta name=\"author\" content=\"Roberto\" \/>\n<meta name=\"twitter:card\" content=\"summary_large_image\" \/>\n<meta name=\"twitter:label1\" content=\"Escrito por\" \/>\n\t<meta name=\"twitter:data1\" content=\"Roberto\" \/>\n\t<meta name=\"twitter:label2\" content=\"Est. tempo de leitura\" \/>\n\t<meta name=\"twitter:data2\" content=\"1 minuto\" \/>\n<script type=\"application\/ld+json\" class=\"yoast-schema-graph\">{\"@context\":\"https:\\\/\\\/schema.org\",\"@graph\":[{\"@type\":\"Article\",\"@id\":\"https:\\\/\\\/regiaonews.net.br\\\/2022\\\/2023\\\/12\\\/10\\\/pm-rodoviaria-prende-dois-e-apreende-19-tonelada-de-maconha-em-pardinho\\\/#article\",\"isPartOf\":{\"@id\":\"https:\\\/\\\/regiaonews.net.br\\\/2022\\\/2023\\\/12\\\/10\\\/pm-rodoviaria-prende-dois-e-apreende-19-tonelada-de-maconha-em-pardinho\\\/\"},\"author\":{\"name\":\"Roberto\",\"@id\":\"https:\\\/\\\/regiaonews.net.br\\\/2022\\\/#\\\/schema\\\/person\\\/2d205a608a5aa97ac279d7a5e6d89ad8\"},\"headline\":\"PM Rodovi\u00e1ria prende dois e apreende 1,9 tonelada de maconha em Pardinho\",\"datePublished\":\"2023-12-10T15:26:06+00:00\",\"mainEntityOfPage\":{\"@id\":\"https:\\\/\\\/regiaonews.net.br\\\/2022\\\/2023\\\/12\\\/10\\\/pm-rodoviaria-prende-dois-e-apreende-19-tonelada-de-maconha-em-pardinho\\\/\"},\"wordCount\":175,\"commentCount\":0,\"publisher\":{\"@id\":\"https:\\\/\\\/regiaonews.net.br\\\/2022\\\/#organization\"},\"image\":{\"@id\":\"https:\\\/\\\/regiaonews.net.br\\\/2022\\\/2023\\\/12\\\/10\\\/pm-rodoviaria-prende-dois-e-apreende-19-tonelada-de-maconha-em-pardinho\\\/#primaryimage\"},\"thumbnailUrl\":\"https:\\\/\\\/regiaonews.net.br\\\/2022\\\/wp-content\\\/uploads\\\/2023\\\/12\\\/00052392.jpeg\",\"articleSection\":[\"Estado de S\u00e3o Paulo\",\"Policia\"],\"inLanguage\":\"pt-BR\",\"potentialAction\":[{\"@type\":\"CommentAction\",\"name\":\"Comment\",\"target\":[\"https:\\\/\\\/regiaonews.net.br\\\/2022\\\/2023\\\/12\\\/10\\\/pm-rodoviaria-prende-dois-e-apreende-19-tonelada-de-maconha-em-pardinho\\\/#respond\"]}]},{\"@type\":\"WebPage\",\"@id\":\"https:\\\/\\\/regiaonews.net.br\\\/2022\\\/2023\\\/12\\\/10\\\/pm-rodoviaria-prende-dois-e-apreende-19-tonelada-de-maconha-em-pardinho\\\/\",\"url\":\"https:\\\/\\\/regiaonews.net.br\\\/2022\\\/2023\\\/12\\\/10\\\/pm-rodoviaria-prende-dois-e-apreende-19-tonelada-de-maconha-em-pardinho\\\/\",\"name\":\"PM Rodovi\u00e1ria prende dois e apreende 1,9 tonelada de maconha em Pardinho - Regi\u00e3o News\",\"isPartOf\":{\"@id\":\"https:\\\/\\\/regiaonews.net.br\\\/2022\\\/#website\"},\"primaryImageOfPage\":{\"@id\":\"https:\\\/\\\/regiaonews.net.br\\\/2022\\\/2023\\\/12\\\/10\\\/pm-rodoviaria-prende-dois-e-apreende-19-tonelada-de-maconha-em-pardinho\\\/#primaryimage\"},\"image\":{\"@id\":\"https:\\\/\\\/regiaonews.net.br\\\/2022\\\/2023\\\/12\\\/10\\\/pm-rodoviaria-prende-dois-e-apreende-19-tonelada-de-maconha-em-pardinho\\\/#primaryimage\"},\"thumbnailUrl\":\"https:\\\/\\\/regiaonews.net.br\\\/2022\\\/wp-content\\\/uploads\\\/2023\\\/12\\\/00052392.jpeg\",\"datePublished\":\"2023-12-10T15:26:06+00:00\",\"breadcrumb\":{\"@id\":\"https:\\\/\\\/regiaonews.net.br\\\/2022\\\/2023\\\/12\\\/10\\\/pm-rodoviaria-prende-dois-e-apreende-19-tonelada-de-maconha-em-pardinho\\\/#breadcrumb\"},\"inLanguage\":\"pt-BR\",\"potentialAction\":[{\"@type\":\"ReadAction\",\"target\":[\"https:\\\/\\\/regiaonews.net.br\\\/2022\\\/2023\\\/12\\\/10\\\/pm-rodoviaria-prende-dois-e-apreende-19-tonelada-de-maconha-em-pardinho\\\/\"]}]},{\"@type\":\"ImageObject\",\"inLanguage\":\"pt-BR\",\"@id\":\"https:\\\/\\\/regiaonews.net.br\\\/2022\\\/2023\\\/12\\\/10\\\/pm-rodoviaria-prende-dois-e-apreende-19-tonelada-de-maconha-em-pardinho\\\/#primaryimage\",\"url\":\"https:\\\/\\\/regiaonews.net.br\\\/2022\\\/wp-content\\\/uploads\\\/2023\\\/12\\\/00052392.jpeg\",\"contentUrl\":\"https:\\\/\\\/regiaonews.net.br\\\/2022\\\/wp-content\\\/uploads\\\/2023\\\/12\\\/00052392.jpeg\",\"width\":1000,\"height\":534},{\"@type\":\"BreadcrumbList\",\"@id\":\"https:\\\/\\\/regiaonews.net.br\\\/2022\\\/2023\\\/12\\\/10\\\/pm-rodoviaria-prende-dois-e-apreende-19-tonelada-de-maconha-em-pardinho\\\/#breadcrumb\",\"itemListElement\":[{\"@type\":\"ListItem\",\"position\":1,\"name\":\"In\u00edcio\",\"item\":\"https:\\\/\\\/regiaonews.net.br\\\/2022\\\/\"},{\"@type\":\"ListItem\",\"position\":2,\"name\":\"PM Rodovi\u00e1ria prende dois e apreende 1,9 tonelada de maconha em Pardinho\"}]},{\"@type\":\"WebSite\",\"@id\":\"https:\\\/\\\/regiaonews.net.br\\\/2022\\\/#website\",\"url\":\"https:\\\/\\\/regiaonews.net.br\\\/2022\\\/\",\"name\":\"Regi\u00e3o News\",\"description\":\"Site de Not\u00edcias de Barretos e regi\u00e3o\",\"publisher\":{\"@id\":\"https:\\\/\\\/regiaonews.net.br\\\/2022\\\/#organization\"},\"potentialAction\":[{\"@type\":\"SearchAction\",\"target\":{\"@type\":\"EntryPoint\",\"urlTemplate\":\"https:\\\/\\\/regiaonews.net.br\\\/2022\\\/?s={search_term_string}\"},\"query-input\":{\"@type\":\"PropertyValueSpecification\",\"valueRequired\":true,\"valueName\":\"search_term_string\"}}],\"inLanguage\":\"pt-BR\"},{\"@type\":\"Organization\",\"@id\":\"https:\\\/\\\/regiaonews.net.br\\\/2022\\\/#organization\",\"name\":\"Regi\u00e3o News\",\"url\":\"https:\\\/\\\/regiaonews.net.br\\\/2022\\\/\",\"logo\":{\"@type\":\"ImageObject\",\"inLanguage\":\"pt-BR\",\"@id\":\"https:\\\/\\\/regiaonews.net.br\\\/2022\\\/#\\\/schema\\\/logo\\\/image\\\/\",\"url\":\"https:\\\/\\\/regiaonews.net.br\\\/2022\\\/wp-content\\\/uploads\\\/2026\\\/03\\\/regiao-13-anos-scaled.jpg\",\"contentUrl\":\"https:\\\/\\\/regiaonews.net.br\\\/2022\\\/wp-content\\\/uploads\\\/2026\\\/03\\\/regiao-13-anos-scaled.jpg\",\"width\":2560,\"height\":635,\"caption\":\"Regi\u00e3o News\"},\"image\":{\"@id\":\"https:\\\/\\\/regiaonews.net.br\\\/2022\\\/#\\\/schema\\\/logo\\\/image\\\/\"}},{\"@type\":\"Person\",\"@id\":\"https:\\\/\\\/regiaonews.net.br\\\/2022\\\/#\\\/schema\\\/person\\\/2d205a608a5aa97ac279d7a5e6d89ad8\",\"name\":\"Roberto\",\"image\":{\"@type\":\"ImageObject\",\"inLanguage\":\"pt-BR\",\"@id\":\"https:\\\/\\\/secure.gravatar.com\\\/avatar\\\/42749d8b712ff9d59ca93dc150494e5b55a44134482993f5baeb97e61b7ecc89?s=96&d=mm&r=g\",\"url\":\"https:\\\/\\\/secure.gravatar.com\\\/avatar\\\/42749d8b712ff9d59ca93dc150494e5b55a44134482993f5baeb97e61b7ecc89?s=96&d=mm&r=g\",\"contentUrl\":\"https:\\\/\\\/secure.gravatar.com\\\/avatar\\\/42749d8b712ff9d59ca93dc150494e5b55a44134482993f5baeb97e61b7ecc89?s=96&d=mm&r=g\",\"caption\":\"Roberto\"},\"url\":\"https:\\\/\\\/regiaonews.net.br\\\/2022\\\/author\\\/roberto\\\/\"}]}<\/script>\n<!-- \/ Yoast SEO plugin. -->","yoast_head_json":{"title":"PM Rodovi\u00e1ria prende dois e apreende 1,9 tonelada de maconha em Pardinho - Regi\u00e3o News","robots":{"index":"index","follow":"follow","max-snippet":"max-snippet:-1","max-image-preview":"max-image-preview:large","max-video-preview":"max-video-preview:-1"},"canonical":"https:\/\/regiaonews.net.br\/2022\/2023\/12\/10\/pm-rodoviaria-prende-dois-e-apreende-19-tonelada-de-maconha-em-pardinho\/","og_locale":"pt_BR","og_type":"article","og_title":"PM Rodovi\u00e1ria prende dois e apreende 1,9 tonelada de maconha em Pardinho - Regi\u00e3o News","og_description":"A droga estava escondida em meio a carga de trigo","og_url":"https:\/\/regiaonews.net.br\/2022\/2023\/12\/10\/pm-rodoviaria-prende-dois-e-apreende-19-tonelada-de-maconha-em-pardinho\/","og_site_name":"Regi\u00e3o News","article_published_time":"2023-12-10T15:26:06+00:00","og_image":[{"width":1000,"height":534,"url":"https:\/\/regiaonews.net.br\/2022\/wp-content\/uploads\/2023\/12\/00052392.jpeg","type":"image\/jpeg"}],"author":"Roberto","twitter_card":"summary_large_image","twitter_misc":{"Escrito por":"Roberto","Est. tempo de leitura":"1 minuto"},"schema":{"@context":"https:\/\/schema.org","@graph":[{"@type":"Article","@id":"https:\/\/regiaonews.net.br\/2022\/2023\/12\/10\/pm-rodoviaria-prende-dois-e-apreende-19-tonelada-de-maconha-em-pardinho\/#article","isPartOf":{"@id":"https:\/\/regiaonews.net.br\/2022\/2023\/12\/10\/pm-rodoviaria-prende-dois-e-apreende-19-tonelada-de-maconha-em-pardinho\/"},"author":{"name":"Roberto","@id":"https:\/\/regiaonews.net.br\/2022\/#\/schema\/person\/2d205a608a5aa97ac279d7a5e6d89ad8"},"headline":"PM Rodovi\u00e1ria prende dois e apreende 1,9 tonelada de maconha em Pardinho","datePublished":"2023-12-10T15:26:06+00:00","mainEntityOfPage":{"@id":"https:\/\/regiaonews.net.br\/2022\/2023\/12\/10\/pm-rodoviaria-prende-dois-e-apreende-19-tonelada-de-maconha-em-pardinho\/"},"wordCount":175,"commentCount":0,"publisher":{"@id":"https:\/\/regiaonews.net.br\/2022\/#organization"},"image":{"@id":"https:\/\/regiaonews.net.br\/2022\/2023\/12\/10\/pm-rodoviaria-prende-dois-e-apreende-19-tonelada-de-maconha-em-pardinho\/#primaryimage"},"thumbnailUrl":"https:\/\/regiaonews.net.br\/2022\/wp-content\/uploads\/2023\/12\/00052392.jpeg","articleSection":["Estado de S\u00e3o Paulo","Policia"],"inLanguage":"pt-BR","potentialAction":[{"@type":"CommentAction","name":"Comment","target":["https:\/\/regiaonews.net.br\/2022\/2023\/12\/10\/pm-rodoviaria-prende-dois-e-apreende-19-tonelada-de-maconha-em-pardinho\/#respond"]}]},{"@type":"WebPage","@id":"https:\/\/regiaonews.net.br\/2022\/2023\/12\/10\/pm-rodoviaria-prende-dois-e-apreende-19-tonelada-de-maconha-em-pardinho\/","url":"https:\/\/regiaonews.net.br\/2022\/2023\/12\/10\/pm-rodoviaria-prende-dois-e-apreende-19-tonelada-de-maconha-em-pardinho\/","name":"PM Rodovi\u00e1ria prende dois e apreende 1,9 tonelada de maconha em Pardinho - Regi\u00e3o News","isPartOf":{"@id":"https:\/\/regiaonews.net.br\/2022\/#website"},"primaryImageOfPage":{"@id":"https:\/\/regiaonews.net.br\/2022\/2023\/12\/10\/pm-rodoviaria-prende-dois-e-apreende-19-tonelada-de-maconha-em-pardinho\/#primaryimage"},"image":{"@id":"https:\/\/regiaonews.net.br\/2022\/2023\/12\/10\/pm-rodoviaria-prende-dois-e-apreende-19-tonelada-de-maconha-em-pardinho\/#primaryimage"},"thumbnailUrl":"https:\/\/regiaonews.net.br\/2022\/wp-content\/uploads\/2023\/12\/00052392.jpeg","datePublished":"2023-12-10T15:26:06+00:00","breadcrumb":{"@id":"https:\/\/regiaonews.net.br\/2022\/2023\/12\/10\/pm-rodoviaria-prende-dois-e-apreende-19-tonelada-de-maconha-em-pardinho\/#breadcrumb"},"inLanguage":"pt-BR","potentialAction":[{"@type":"ReadAction","target":["https:\/\/regiaonews.net.br\/2022\/2023\/12\/10\/pm-rodoviaria-prende-dois-e-apreende-19-tonelada-de-maconha-em-pardinho\/"]}]},{"@type":"ImageObject","inLanguage":"pt-BR","@id":"https:\/\/regiaonews.net.br\/2022\/2023\/12\/10\/pm-rodoviaria-prende-dois-e-apreende-19-tonelada-de-maconha-em-pardinho\/#primaryimage","url":"https:\/\/regiaonews.net.br\/2022\/wp-content\/uploads\/2023\/12\/00052392.jpeg","contentUrl":"https:\/\/regiaonews.net.br\/2022\/wp-content\/uploads\/2023\/12\/00052392.jpeg","width":1000,"height":534},{"@type":"BreadcrumbList","@id":"https:\/\/regiaonews.net.br\/2022\/2023\/12\/10\/pm-rodoviaria-prende-dois-e-apreende-19-tonelada-de-maconha-em-pardinho\/#breadcrumb","itemListElement":[{"@type":"ListItem","position":1,"name":"In\u00edcio","item":"https:\/\/regiaonews.net.br\/2022\/"},{"@type":"ListItem","position":2,"name":"PM Rodovi\u00e1ria prende dois e apreende 1,9 tonelada de maconha em Pardinho"}]},{"@type":"WebSite","@id":"https:\/\/regiaonews.net.br\/2022\/#website","url":"https:\/\/regiaonews.net.br\/2022\/","name":"Regi\u00e3o News","description":"Site de Not\u00edcias de Barretos e regi\u00e3o","publisher":{"@id":"https:\/\/regiaonews.net.br\/2022\/#organization"},"potentialAction":[{"@type":"SearchAction","target":{"@type":"EntryPoint","urlTemplate":"https:\/\/regiaonews.net.br\/2022\/?s={search_term_string}"},"query-input":{"@type":"PropertyValueSpecification","valueRequired":true,"valueName":"search_term_string"}}],"inLanguage":"pt-BR"},{"@type":"Organization","@id":"https:\/\/regiaonews.net.br\/2022\/#organization","name":"Regi\u00e3o News","url":"https:\/\/regiaonews.net.br\/2022\/","logo":{"@type":"ImageObject","inLanguage":"pt-BR","@id":"https:\/\/regiaonews.net.br\/2022\/#\/schema\/logo\/image\/","url":"https:\/\/regiaonews.net.br\/2022\/wp-content\/uploads\/2026\/03\/regiao-13-anos-scaled.jpg","contentUrl":"https:\/\/regiaonews.net.br\/2022\/wp-content\/uploads\/2026\/03\/regiao-13-anos-scaled.jpg","width":2560,"height":635,"caption":"Regi\u00e3o News"},"image":{"@id":"https:\/\/regiaonews.net.br\/2022\/#\/schema\/logo\/image\/"}},{"@type":"Person","@id":"https:\/\/regiaonews.net.br\/2022\/#\/schema\/person\/2d205a608a5aa97ac279d7a5e6d89ad8","name":"Roberto","image":{"@type":"ImageObject","inLanguage":"pt-BR","@id":"https:\/\/secure.gravatar.com\/avatar\/42749d8b712ff9d59ca93dc150494e5b55a44134482993f5baeb97e61b7ecc89?s=96&d=mm&r=g","url":"https:\/\/secure.gravatar.com\/avatar\/42749d8b712ff9d59ca93dc150494e5b55a44134482993f5baeb97e61b7ecc89?s=96&d=mm&r=g","contentUrl":"https:\/\/secure.gravatar.com\/avatar\/42749d8b712ff9d59ca93dc150494e5b55a44134482993f5baeb97e61b7ecc89?s=96&d=mm&r=g","caption":"Roberto"},"url":"https:\/\/regiaonews.net.br\/2022\/author\/roberto\/"}]}},"publishpress_future_action":{"enabled":false,"date":"2026-05-04 05:52:09","action":"change-status","newStatus":"draft","terms":[],"taxonomy":"category","extraData":[]},"publishpress_future_workflow_manual_trigger":{"enabledWorkflows":[]},"_links":{"self":[{"href":"https:\/\/regiaonews.net.br\/2022\/wp-json\/wp\/v2\/posts\/98900","targetHints":{"allow":["GET"]}}],"collection":[{"href":"https:\/\/regiaonews.net.br\/2022\/wp-json\/wp\/v2\/posts"}],"about":[{"href":"https:\/\/regiaonews.net.br\/2022\/wp-json\/wp\/v2\/types\/post"}],"author":[{"embeddable":true,"href":"https:\/\/regiaonews.net.br\/2022\/wp-json\/wp\/v2\/users\/2"}],"replies":[{"embeddable":true,"href":"https:\/\/regiaonews.net.br\/2022\/wp-json\/wp\/v2\/comments?post=98900"}],"version-history":[{"count":1,"href":"https:\/\/regiaonews.net.br\/2022\/wp-json\/wp\/v2\/posts\/98900\/revisions"}],"predecessor-version":[{"id":98902,"href":"https:\/\/regiaonews.net.br\/2022\/wp-json\/wp\/v2\/posts\/98900\/revisions\/98902"}],"wp:featuredmedia":[{"embeddable":true,"href":"https:\/\/regiaonews.net.br\/2022\/wp-json\/wp\/v2\/media\/98901"}],"wp:attachment":[{"href":"https:\/\/regiaonews.net.br\/2022\/wp-json\/wp\/v2\/media?parent=98900"}],"wp:term":[{"taxonomy":"category","embeddable":true,"href":"https:\/\/regiaonews.net.br\/2022\/wp-json\/wp\/v2\/categories?post=98900"},{"taxonomy":"post_tag","embeddable":true,"href":"https:\/\/regiaonews.net.br\/2022\/wp-json\/wp\/v2\/tags?post=98900"}],"curies":[{"name":"wp","href":"https:\/\/api.w.org\/{rel}","templated":true}]}}