{"id":98872,"date":"2023-12-09T19:28:51","date_gmt":"2023-12-09T22:28:51","guid":{"rendered":"https:\/\/regiaonews.net.br\/2022\/?p=98872"},"modified":"2023-12-09T19:31:08","modified_gmt":"2023-12-09T22:31:08","slug":"marcelo-teixeira-e-eleito-presidente-do-santos","status":"publish","type":"post","link":"https:\/\/regiaonews.net.br\/2022\/2023\/12\/09\/marcelo-teixeira-e-eleito-presidente-do-santos\/","title":{"rendered":"Marcelo Teixeira \u00e9 eleito presidente do Santos"},"content":{"rendered":"<div class=\"styles_heading__tdFsb\">\n<div class=\"styles_highlight__qM5_T\">\n<div class=\"jsx-531f29ceb76331fd container\">\n<div class=\"styles_description__d13jc\">\n<p>Foto: Pedro Ernesto Guerra Azevedo \/ Santos FC)<\/p>\n<\/div>\n<\/div>\n<div class=\"jsx-61bbe1d8b92e8cca container\">\n<div class=\"jsx-61bbe1d8b92e8cca img\"><\/div>\n<div class=\"jsx-61bbe1d8b92e8cca img\"><\/div>\n<div class=\"jsx-61bbe1d8b92e8cca img\"><\/div>\n<\/div>\n<\/div>\n<\/div>\n<div class=\"styles_mainContainer__mWSIB\">\n<p>&nbsp;<\/p>\n<div class=\"jsx-e53532bf709bd4e4 container signatureField\">\n<div class=\"jsx-e53532bf709bd4e4 mobileContainer\"><\/div>\n<\/div>\n<p>&nbsp;<\/p>\n<\/div>\n<p>Pela terceira vez na hist\u00f3ria, Marcelo Teixeira ser\u00e1 o presidente do\u00a0Santos.<\/p>\n<p>&nbsp;<\/p>\n<p>Neste s\u00e1bado, em uma elei\u00e7\u00e3o\u00a0marcada pela tens\u00e3o e pela viol\u00eancia\u00a0de torcedores organizados, Teixeira foi eleito ao cargo com 53% dos votos v\u00e1lidos e derrotou seus quatro concorrentes ao cargo. O dirigente ter\u00e1 o advogado Fernando Bonavides como vice.<\/p>\n<p>Cartola foi o escolhido dos s\u00f3cios para comandar o Peixe no pr\u00f3ximo tri\u00eanio e ter\u00e1 como principal miss\u00e3o recolocar o clube na S\u00e9rie A do Brasileir\u00e3o<\/p>\n<p style=\"text-align: left;\">\n","protected":false},"excerpt":{"rendered":"<p>Foto: Pedro Ernesto Guerra Azevedo \/ Santos FC) &nbsp; &nbsp;<\/p>\n","protected":false},"author":2,"featured_media":98873,"comment_status":"open","ping_status":"open","sticky":false,"template":"","format":"standard","meta":{"footnotes":""},"categories":[21,192],"tags":[],"class_list":["post-98872","post","type-post","status-publish","format-standard","has-post-thumbnail","hentry","category-esporte","category-santos"],"yoast_head":"<!-- This site is optimized with the Yoast SEO plugin v27.4 - https:\/\/yoast.com\/product\/yoast-seo-wordpress\/ -->\n<title>Marcelo Teixeira \u00e9 eleito presidente do Santos<\/title>\n<meta name=\"description\" content=\"Neste s\u00e1bado, em uma elei\u00e7\u00e3o\u00a0marcada pela tens\u00e3o e pela viol\u00eancia\u00a0de torcedores organizados, Teixeira foi eleito ao cargo\" \/>\n<meta name=\"robots\" content=\"index, follow, max-snippet:-1, max-image-preview:large, max-video-preview:-1\" \/>\n<link rel=\"canonical\" href=\"https:\/\/regiaonews.net.br\/2022\/2023\/12\/09\/marcelo-teixeira-e-eleito-presidente-do-santos\/\" \/>\n<meta property=\"og:locale\" content=\"pt_BR\" \/>\n<meta property=\"og:type\" content=\"article\" \/>\n<meta property=\"og:title\" content=\"Marcelo Teixeira \u00e9 eleito presidente do Santos\" \/>\n<meta property=\"og:description\" content=\"Neste s\u00e1bado, em uma elei\u00e7\u00e3o\u00a0marcada pela tens\u00e3o e pela viol\u00eancia\u00a0de torcedores organizados, Teixeira foi eleito ao cargo\" \/>\n<meta property=\"og:url\" content=\"https:\/\/regiaonews.net.br\/2022\/2023\/12\/09\/marcelo-teixeira-e-eleito-presidente-do-santos\/\" \/>\n<meta property=\"og:site_name\" content=\"Regi\u00e3o News\" \/>\n<meta property=\"article:published_time\" content=\"2023-12-09T22:28:51+00:00\" \/>\n<meta property=\"article:modified_time\" content=\"2023-12-09T22:31:08+00:00\" \/>\n<meta property=\"og:image\" content=\"https:\/\/regiaonews.net.br\/2022\/wp-content\/uploads\/2023\/12\/52587336415_901e5dd8dd_o-aspect-ratio-512-320.jpg\" \/>\n\t<meta property=\"og:image:width\" content=\"390\" \/>\n\t<meta property=\"og:image:height\" content=\"240\" \/>\n\t<meta property=\"og:image:type\" content=\"image\/jpeg\" \/>\n<meta name=\"author\" content=\"Roberto\" \/>\n<meta name=\"twitter:card\" content=\"summary_large_image\" \/>\n<meta name=\"twitter:label1\" content=\"Escrito por\" \/>\n\t<meta name=\"twitter:data1\" content=\"Roberto\" \/>\n\t<meta name=\"twitter:label2\" content=\"Est. tempo de leitura\" \/>\n\t<meta name=\"twitter:data2\" content=\"1 minuto\" \/>\n<script type=\"application\/ld+json\" class=\"yoast-schema-graph\">{\"@context\":\"https:\\\/\\\/schema.org\",\"@graph\":[{\"@type\":\"Article\",\"@id\":\"https:\\\/\\\/regiaonews.net.br\\\/2022\\\/2023\\\/12\\\/09\\\/marcelo-teixeira-e-eleito-presidente-do-santos\\\/#article\",\"isPartOf\":{\"@id\":\"https:\\\/\\\/regiaonews.net.br\\\/2022\\\/2023\\\/12\\\/09\\\/marcelo-teixeira-e-eleito-presidente-do-santos\\\/\"},\"author\":{\"name\":\"Roberto\",\"@id\":\"https:\\\/\\\/regiaonews.net.br\\\/2022\\\/#\\\/schema\\\/person\\\/2d205a608a5aa97ac279d7a5e6d89ad8\"},\"headline\":\"Marcelo Teixeira \u00e9 eleito presidente do Santos\",\"datePublished\":\"2023-12-09T22:28:51+00:00\",\"dateModified\":\"2023-12-09T22:31:08+00:00\",\"mainEntityOfPage\":{\"@id\":\"https:\\\/\\\/regiaonews.net.br\\\/2022\\\/2023\\\/12\\\/09\\\/marcelo-teixeira-e-eleito-presidente-do-santos\\\/\"},\"wordCount\":105,\"commentCount\":0,\"publisher\":{\"@id\":\"https:\\\/\\\/regiaonews.net.br\\\/2022\\\/#organization\"},\"image\":{\"@id\":\"https:\\\/\\\/regiaonews.net.br\\\/2022\\\/2023\\\/12\\\/09\\\/marcelo-teixeira-e-eleito-presidente-do-santos\\\/#primaryimage\"},\"thumbnailUrl\":\"https:\\\/\\\/regiaonews.net.br\\\/2022\\\/wp-content\\\/uploads\\\/2023\\\/12\\\/52587336415_901e5dd8dd_o-aspect-ratio-512-320.jpg\",\"articleSection\":[\"Esporte\",\"Santos\"],\"inLanguage\":\"pt-BR\",\"potentialAction\":[{\"@type\":\"CommentAction\",\"name\":\"Comment\",\"target\":[\"https:\\\/\\\/regiaonews.net.br\\\/2022\\\/2023\\\/12\\\/09\\\/marcelo-teixeira-e-eleito-presidente-do-santos\\\/#respond\"]}]},{\"@type\":\"WebPage\",\"@id\":\"https:\\\/\\\/regiaonews.net.br\\\/2022\\\/2023\\\/12\\\/09\\\/marcelo-teixeira-e-eleito-presidente-do-santos\\\/\",\"url\":\"https:\\\/\\\/regiaonews.net.br\\\/2022\\\/2023\\\/12\\\/09\\\/marcelo-teixeira-e-eleito-presidente-do-santos\\\/\",\"name\":\"Marcelo Teixeira \u00e9 eleito presidente do Santos\",\"isPartOf\":{\"@id\":\"https:\\\/\\\/regiaonews.net.br\\\/2022\\\/#website\"},\"primaryImageOfPage\":{\"@id\":\"https:\\\/\\\/regiaonews.net.br\\\/2022\\\/2023\\\/12\\\/09\\\/marcelo-teixeira-e-eleito-presidente-do-santos\\\/#primaryimage\"},\"image\":{\"@id\":\"https:\\\/\\\/regiaonews.net.br\\\/2022\\\/2023\\\/12\\\/09\\\/marcelo-teixeira-e-eleito-presidente-do-santos\\\/#primaryimage\"},\"thumbnailUrl\":\"https:\\\/\\\/regiaonews.net.br\\\/2022\\\/wp-content\\\/uploads\\\/2023\\\/12\\\/52587336415_901e5dd8dd_o-aspect-ratio-512-320.jpg\",\"datePublished\":\"2023-12-09T22:28:51+00:00\",\"dateModified\":\"2023-12-09T22:31:08+00:00\",\"description\":\"Neste s\u00e1bado, em uma elei\u00e7\u00e3o\u00a0marcada pela tens\u00e3o e pela viol\u00eancia\u00a0de torcedores organizados, Teixeira foi eleito ao cargo\",\"breadcrumb\":{\"@id\":\"https:\\\/\\\/regiaonews.net.br\\\/2022\\\/2023\\\/12\\\/09\\\/marcelo-teixeira-e-eleito-presidente-do-santos\\\/#breadcrumb\"},\"inLanguage\":\"pt-BR\",\"potentialAction\":[{\"@type\":\"ReadAction\",\"target\":[\"https:\\\/\\\/regiaonews.net.br\\\/2022\\\/2023\\\/12\\\/09\\\/marcelo-teixeira-e-eleito-presidente-do-santos\\\/\"]}]},{\"@type\":\"ImageObject\",\"inLanguage\":\"pt-BR\",\"@id\":\"https:\\\/\\\/regiaonews.net.br\\\/2022\\\/2023\\\/12\\\/09\\\/marcelo-teixeira-e-eleito-presidente-do-santos\\\/#primaryimage\",\"url\":\"https:\\\/\\\/regiaonews.net.br\\\/2022\\\/wp-content\\\/uploads\\\/2023\\\/12\\\/52587336415_901e5dd8dd_o-aspect-ratio-512-320.jpg\",\"contentUrl\":\"https:\\\/\\\/regiaonews.net.br\\\/2022\\\/wp-content\\\/uploads\\\/2023\\\/12\\\/52587336415_901e5dd8dd_o-aspect-ratio-512-320.jpg\",\"width\":390,\"height\":240},{\"@type\":\"BreadcrumbList\",\"@id\":\"https:\\\/\\\/regiaonews.net.br\\\/2022\\\/2023\\\/12\\\/09\\\/marcelo-teixeira-e-eleito-presidente-do-santos\\\/#breadcrumb\",\"itemListElement\":[{\"@type\":\"ListItem\",\"position\":1,\"name\":\"In\u00edcio\",\"item\":\"https:\\\/\\\/regiaonews.net.br\\\/2022\\\/\"},{\"@type\":\"ListItem\",\"position\":2,\"name\":\"Marcelo Teixeira \u00e9 eleito presidente do Santos\"}]},{\"@type\":\"WebSite\",\"@id\":\"https:\\\/\\\/regiaonews.net.br\\\/2022\\\/#website\",\"url\":\"https:\\\/\\\/regiaonews.net.br\\\/2022\\\/\",\"name\":\"Regi\u00e3o News\",\"description\":\"Site de Not\u00edcias de Barretos e regi\u00e3o\",\"publisher\":{\"@id\":\"https:\\\/\\\/regiaonews.net.br\\\/2022\\\/#organization\"},\"potentialAction\":[{\"@type\":\"SearchAction\",\"target\":{\"@type\":\"EntryPoint\",\"urlTemplate\":\"https:\\\/\\\/regiaonews.net.br\\\/2022\\\/?s={search_term_string}\"},\"query-input\":{\"@type\":\"PropertyValueSpecification\",\"valueRequired\":true,\"valueName\":\"search_term_string\"}}],\"inLanguage\":\"pt-BR\"},{\"@type\":\"Organization\",\"@id\":\"https:\\\/\\\/regiaonews.net.br\\\/2022\\\/#organization\",\"name\":\"Regi\u00e3o News\",\"url\":\"https:\\\/\\\/regiaonews.net.br\\\/2022\\\/\",\"logo\":{\"@type\":\"ImageObject\",\"inLanguage\":\"pt-BR\",\"@id\":\"https:\\\/\\\/regiaonews.net.br\\\/2022\\\/#\\\/schema\\\/logo\\\/image\\\/\",\"url\":\"https:\\\/\\\/regiaonews.net.br\\\/2022\\\/wp-content\\\/uploads\\\/2026\\\/03\\\/regiao-13-anos-scaled.jpg\",\"contentUrl\":\"https:\\\/\\\/regiaonews.net.br\\\/2022\\\/wp-content\\\/uploads\\\/2026\\\/03\\\/regiao-13-anos-scaled.jpg\",\"width\":2560,\"height\":635,\"caption\":\"Regi\u00e3o News\"},\"image\":{\"@id\":\"https:\\\/\\\/regiaonews.net.br\\\/2022\\\/#\\\/schema\\\/logo\\\/image\\\/\"}},{\"@type\":\"Person\",\"@id\":\"https:\\\/\\\/regiaonews.net.br\\\/2022\\\/#\\\/schema\\\/person\\\/2d205a608a5aa97ac279d7a5e6d89ad8\",\"name\":\"Roberto\",\"image\":{\"@type\":\"ImageObject\",\"inLanguage\":\"pt-BR\",\"@id\":\"https:\\\/\\\/secure.gravatar.com\\\/avatar\\\/42749d8b712ff9d59ca93dc150494e5b55a44134482993f5baeb97e61b7ecc89?s=96&d=mm&r=g\",\"url\":\"https:\\\/\\\/secure.gravatar.com\\\/avatar\\\/42749d8b712ff9d59ca93dc150494e5b55a44134482993f5baeb97e61b7ecc89?s=96&d=mm&r=g\",\"contentUrl\":\"https:\\\/\\\/secure.gravatar.com\\\/avatar\\\/42749d8b712ff9d59ca93dc150494e5b55a44134482993f5baeb97e61b7ecc89?s=96&d=mm&r=g\",\"caption\":\"Roberto\"},\"url\":\"https:\\\/\\\/regiaonews.net.br\\\/2022\\\/author\\\/roberto\\\/\"}]}<\/script>\n<!-- \/ Yoast SEO plugin. -->","yoast_head_json":{"title":"Marcelo Teixeira \u00e9 eleito presidente do Santos","description":"Neste s\u00e1bado, em uma elei\u00e7\u00e3o\u00a0marcada pela tens\u00e3o e pela viol\u00eancia\u00a0de torcedores organizados, Teixeira foi eleito ao cargo","robots":{"index":"index","follow":"follow","max-snippet":"max-snippet:-1","max-image-preview":"max-image-preview:large","max-video-preview":"max-video-preview:-1"},"canonical":"https:\/\/regiaonews.net.br\/2022\/2023\/12\/09\/marcelo-teixeira-e-eleito-presidente-do-santos\/","og_locale":"pt_BR","og_type":"article","og_title":"Marcelo Teixeira \u00e9 eleito presidente do Santos","og_description":"Neste s\u00e1bado, em uma elei\u00e7\u00e3o\u00a0marcada pela tens\u00e3o e pela viol\u00eancia\u00a0de torcedores organizados, Teixeira foi eleito ao cargo","og_url":"https:\/\/regiaonews.net.br\/2022\/2023\/12\/09\/marcelo-teixeira-e-eleito-presidente-do-santos\/","og_site_name":"Regi\u00e3o News","article_published_time":"2023-12-09T22:28:51+00:00","article_modified_time":"2023-12-09T22:31:08+00:00","og_image":[{"width":390,"height":240,"url":"https:\/\/regiaonews.net.br\/2022\/wp-content\/uploads\/2023\/12\/52587336415_901e5dd8dd_o-aspect-ratio-512-320.jpg","type":"image\/jpeg"}],"author":"Roberto","twitter_card":"summary_large_image","twitter_misc":{"Escrito por":"Roberto","Est. tempo de leitura":"1 minuto"},"schema":{"@context":"https:\/\/schema.org","@graph":[{"@type":"Article","@id":"https:\/\/regiaonews.net.br\/2022\/2023\/12\/09\/marcelo-teixeira-e-eleito-presidente-do-santos\/#article","isPartOf":{"@id":"https:\/\/regiaonews.net.br\/2022\/2023\/12\/09\/marcelo-teixeira-e-eleito-presidente-do-santos\/"},"author":{"name":"Roberto","@id":"https:\/\/regiaonews.net.br\/2022\/#\/schema\/person\/2d205a608a5aa97ac279d7a5e6d89ad8"},"headline":"Marcelo Teixeira \u00e9 eleito presidente do Santos","datePublished":"2023-12-09T22:28:51+00:00","dateModified":"2023-12-09T22:31:08+00:00","mainEntityOfPage":{"@id":"https:\/\/regiaonews.net.br\/2022\/2023\/12\/09\/marcelo-teixeira-e-eleito-presidente-do-santos\/"},"wordCount":105,"commentCount":0,"publisher":{"@id":"https:\/\/regiaonews.net.br\/2022\/#organization"},"image":{"@id":"https:\/\/regiaonews.net.br\/2022\/2023\/12\/09\/marcelo-teixeira-e-eleito-presidente-do-santos\/#primaryimage"},"thumbnailUrl":"https:\/\/regiaonews.net.br\/2022\/wp-content\/uploads\/2023\/12\/52587336415_901e5dd8dd_o-aspect-ratio-512-320.jpg","articleSection":["Esporte","Santos"],"inLanguage":"pt-BR","potentialAction":[{"@type":"CommentAction","name":"Comment","target":["https:\/\/regiaonews.net.br\/2022\/2023\/12\/09\/marcelo-teixeira-e-eleito-presidente-do-santos\/#respond"]}]},{"@type":"WebPage","@id":"https:\/\/regiaonews.net.br\/2022\/2023\/12\/09\/marcelo-teixeira-e-eleito-presidente-do-santos\/","url":"https:\/\/regiaonews.net.br\/2022\/2023\/12\/09\/marcelo-teixeira-e-eleito-presidente-do-santos\/","name":"Marcelo Teixeira \u00e9 eleito presidente do Santos","isPartOf":{"@id":"https:\/\/regiaonews.net.br\/2022\/#website"},"primaryImageOfPage":{"@id":"https:\/\/regiaonews.net.br\/2022\/2023\/12\/09\/marcelo-teixeira-e-eleito-presidente-do-santos\/#primaryimage"},"image":{"@id":"https:\/\/regiaonews.net.br\/2022\/2023\/12\/09\/marcelo-teixeira-e-eleito-presidente-do-santos\/#primaryimage"},"thumbnailUrl":"https:\/\/regiaonews.net.br\/2022\/wp-content\/uploads\/2023\/12\/52587336415_901e5dd8dd_o-aspect-ratio-512-320.jpg","datePublished":"2023-12-09T22:28:51+00:00","dateModified":"2023-12-09T22:31:08+00:00","description":"Neste s\u00e1bado, em uma elei\u00e7\u00e3o\u00a0marcada pela tens\u00e3o e pela viol\u00eancia\u00a0de torcedores organizados, Teixeira foi eleito ao cargo","breadcrumb":{"@id":"https:\/\/regiaonews.net.br\/2022\/2023\/12\/09\/marcelo-teixeira-e-eleito-presidente-do-santos\/#breadcrumb"},"inLanguage":"pt-BR","potentialAction":[{"@type":"ReadAction","target":["https:\/\/regiaonews.net.br\/2022\/2023\/12\/09\/marcelo-teixeira-e-eleito-presidente-do-santos\/"]}]},{"@type":"ImageObject","inLanguage":"pt-BR","@id":"https:\/\/regiaonews.net.br\/2022\/2023\/12\/09\/marcelo-teixeira-e-eleito-presidente-do-santos\/#primaryimage","url":"https:\/\/regiaonews.net.br\/2022\/wp-content\/uploads\/2023\/12\/52587336415_901e5dd8dd_o-aspect-ratio-512-320.jpg","contentUrl":"https:\/\/regiaonews.net.br\/2022\/wp-content\/uploads\/2023\/12\/52587336415_901e5dd8dd_o-aspect-ratio-512-320.jpg","width":390,"height":240},{"@type":"BreadcrumbList","@id":"https:\/\/regiaonews.net.br\/2022\/2023\/12\/09\/marcelo-teixeira-e-eleito-presidente-do-santos\/#breadcrumb","itemListElement":[{"@type":"ListItem","position":1,"name":"In\u00edcio","item":"https:\/\/regiaonews.net.br\/2022\/"},{"@type":"ListItem","position":2,"name":"Marcelo Teixeira \u00e9 eleito presidente do Santos"}]},{"@type":"WebSite","@id":"https:\/\/regiaonews.net.br\/2022\/#website","url":"https:\/\/regiaonews.net.br\/2022\/","name":"Regi\u00e3o News","description":"Site de Not\u00edcias de Barretos e regi\u00e3o","publisher":{"@id":"https:\/\/regiaonews.net.br\/2022\/#organization"},"potentialAction":[{"@type":"SearchAction","target":{"@type":"EntryPoint","urlTemplate":"https:\/\/regiaonews.net.br\/2022\/?s={search_term_string}"},"query-input":{"@type":"PropertyValueSpecification","valueRequired":true,"valueName":"search_term_string"}}],"inLanguage":"pt-BR"},{"@type":"Organization","@id":"https:\/\/regiaonews.net.br\/2022\/#organization","name":"Regi\u00e3o News","url":"https:\/\/regiaonews.net.br\/2022\/","logo":{"@type":"ImageObject","inLanguage":"pt-BR","@id":"https:\/\/regiaonews.net.br\/2022\/#\/schema\/logo\/image\/","url":"https:\/\/regiaonews.net.br\/2022\/wp-content\/uploads\/2026\/03\/regiao-13-anos-scaled.jpg","contentUrl":"https:\/\/regiaonews.net.br\/2022\/wp-content\/uploads\/2026\/03\/regiao-13-anos-scaled.jpg","width":2560,"height":635,"caption":"Regi\u00e3o News"},"image":{"@id":"https:\/\/regiaonews.net.br\/2022\/#\/schema\/logo\/image\/"}},{"@type":"Person","@id":"https:\/\/regiaonews.net.br\/2022\/#\/schema\/person\/2d205a608a5aa97ac279d7a5e6d89ad8","name":"Roberto","image":{"@type":"ImageObject","inLanguage":"pt-BR","@id":"https:\/\/secure.gravatar.com\/avatar\/42749d8b712ff9d59ca93dc150494e5b55a44134482993f5baeb97e61b7ecc89?s=96&d=mm&r=g","url":"https:\/\/secure.gravatar.com\/avatar\/42749d8b712ff9d59ca93dc150494e5b55a44134482993f5baeb97e61b7ecc89?s=96&d=mm&r=g","contentUrl":"https:\/\/secure.gravatar.com\/avatar\/42749d8b712ff9d59ca93dc150494e5b55a44134482993f5baeb97e61b7ecc89?s=96&d=mm&r=g","caption":"Roberto"},"url":"https:\/\/regiaonews.net.br\/2022\/author\/roberto\/"}]}},"publishpress_future_action":{"enabled":false,"date":"2026-05-04 07:26:57","action":"change-status","newStatus":"draft","terms":[],"taxonomy":"category","extraData":[]},"publishpress_future_workflow_manual_trigger":{"enabledWorkflows":[]},"_links":{"self":[{"href":"https:\/\/regiaonews.net.br\/2022\/wp-json\/wp\/v2\/posts\/98872","targetHints":{"allow":["GET"]}}],"collection":[{"href":"https:\/\/regiaonews.net.br\/2022\/wp-json\/wp\/v2\/posts"}],"about":[{"href":"https:\/\/regiaonews.net.br\/2022\/wp-json\/wp\/v2\/types\/post"}],"author":[{"embeddable":true,"href":"https:\/\/regiaonews.net.br\/2022\/wp-json\/wp\/v2\/users\/2"}],"replies":[{"embeddable":true,"href":"https:\/\/regiaonews.net.br\/2022\/wp-json\/wp\/v2\/comments?post=98872"}],"version-history":[{"count":3,"href":"https:\/\/regiaonews.net.br\/2022\/wp-json\/wp\/v2\/posts\/98872\/revisions"}],"predecessor-version":[{"id":98876,"href":"https:\/\/regiaonews.net.br\/2022\/wp-json\/wp\/v2\/posts\/98872\/revisions\/98876"}],"wp:featuredmedia":[{"embeddable":true,"href":"https:\/\/regiaonews.net.br\/2022\/wp-json\/wp\/v2\/media\/98873"}],"wp:attachment":[{"href":"https:\/\/regiaonews.net.br\/2022\/wp-json\/wp\/v2\/media?parent=98872"}],"wp:term":[{"taxonomy":"category","embeddable":true,"href":"https:\/\/regiaonews.net.br\/2022\/wp-json\/wp\/v2\/categories?post=98872"},{"taxonomy":"post_tag","embeddable":true,"href":"https:\/\/regiaonews.net.br\/2022\/wp-json\/wp\/v2\/tags?post=98872"}],"curies":[{"name":"wp","href":"https:\/\/api.w.org\/{rel}","templated":true}]}}