{"id":98855,"date":"2023-12-09T13:45:16","date_gmt":"2023-12-09T16:45:16","guid":{"rendered":"https:\/\/regiaonews.net.br\/2022\/?p=98855"},"modified":"2023-12-09T14:17:19","modified_gmt":"2023-12-09T17:17:19","slug":"acib-e-sincomercio-participam-da-abertura-da-programacao-de-natal-2023-da-estancia-turistica-de-barretos","status":"publish","type":"post","link":"https:\/\/regiaonews.net.br\/2022\/2023\/12\/09\/acib-e-sincomercio-participam-da-abertura-da-programacao-de-natal-2023-da-estancia-turistica-de-barretos\/","title":{"rendered":"Com a chegada do Papai Noel \u00e9 aberta programa\u00e7\u00e3o de Natal"},"content":{"rendered":"<p>Durante a programa\u00e7\u00e3o foi inaugurada oficialmente a Casinha do Papai Noel Ecopower<\/p>\n<p>Com muita emo\u00e7\u00e3o e alegria, o centro comercial de Barretos foi palco da Parada abertura da programa\u00e7\u00e3o \u201cNatal Luz 2023\u201d com a I Parada de Natal deste ano realizada pela Prefeitura da Est\u00e2ncia Tur\u00edstica de Barretos, por meio da Secretaria Municipal de Cultura, com o apoio da Associa\u00e7\u00e3o Comercial e Industrial de Barretos \u2013 ACIB e o Sindicato do Com\u00e9rcio Varejista \u2013 Sincomercio.<br \/>\nDurante a Parada de Natal foi realizada a chegada do Papai Noel da ACIB e a inaugura\u00e7\u00e3o da \u201cCasinha do Papai Noel Ecopower\u201d com a participa\u00e7\u00e3o da Prefeita de Barretos, Paula Lemos, do presidente do Sincomercio, Roberto Arutim, representantes da diretoria da ACIB e de comerci\u00e1rios que prestigiaram o evento e acompanharam a programa\u00e7\u00e3o.<br \/>\nA \u201cCasinha do Papai Noel Ecopower\u201d tem o patroc\u00ednio da empresa Ecopower e funciona at\u00e9 o dia 24 de dezembro, aberta \u00e0 visita\u00e7\u00e3o das crian\u00e7as ao Papai Noel. A empresa tamb\u00e9m presenteou o evento com a participa\u00e7\u00e3o da Mam\u00e3e Noel, que acompanhou o Papai Noel durante o cortejo e o atendimento na abertura da Programa\u00e7\u00e3o, e tamb\u00e9m fica na Casinha at\u00e9 o dia 24\/12.<br \/>\nPara a presidente da ACIB, Jackelyne Rossini, a chegada do Papai Noel e a abertura oficial da Casinha do Papai Noel \u201cEcopower\u201d, durante a Parada de Natal, abrem com alegria o funcionamento da atra\u00e7\u00e3o natalina da ACIB \u201c Nosso Papai Noel foi recebido com alegria durante a abertura da Programa\u00e7\u00e3o Cultural da Cidade. A partir de agora nossos clientes tem mais motivos para prestigiar o com\u00e9rcio do centro da cidade\u201d, disse.<br \/>\nO presidente do Sincomercio e secret\u00e1rio municipal de Ind\u00fastria e Com\u00e9rcio, Roberto Arutim, acredita que o atendimento do Papai e da Mam\u00e3e Noel na \u201cCasinha do Papai Noel Ecopower\u201d vai contribuir com o crescimento das vendas neste per\u00edodo e elogia a chegada do personagem durante a Parada de Natal \u201c O Natal \u00e9 a principal campanha para o com\u00e9rcio e a atra\u00e7\u00e3o \u00e9 mais um incentivo para as compras e a movimenta\u00e7\u00e3o no com\u00e9rcio. A abertura do Natal Luz 2023 com a Parada de Natal trazendo o Papai Noel foi importante para divulgar e celebrara a programa\u00e7\u00e3o cultural natalina para todo o com\u00e9rcio\u201d, explicou.<br \/>\nGustavo Miziara, diretor da ACIB, elogiou a programa\u00e7\u00e3o e agradeceu os empres\u00e1rios que patrocinaram a produ\u00e7\u00e3o da Casinha do Papai Noel \u201c A chegada do Papai Noel na Parada de Natal foi muito importante para dar maior visibilidade ao centro comercial. Agradecemos tamb\u00e9m aos empres\u00e1rios Anderson Oliveira e N\u00e1chila Oliveira pelo apoio fundamental na viabiliza\u00e7\u00e3o da nossa Casinha\u201d, concluiu.<br \/>\nDia 21 de dezembro, \u00e0s 19h30 ser\u00e1 realizada a II Parada de Natal 2023, com sa\u00edda da sede da Secretaria Municipal de Cultura, seguindo pela Rua 20, com chegada na Pra\u00e7a Francisco Barreto.<br \/>\nA abertura da programa\u00e7\u00e3o cultural \u201cNatal Luz 2023, nesta sexta- feira, contou ainda com a apresenta\u00e7\u00e3o do Coral Municipal, sob a reg\u00eancia do maestro Tiago Lucas Garcia Prado nas janelas da sede da ALAB, localizada na esq. Rua 18x Av 23., \u00e0s 19h. Ap\u00f3s a Parada de Natal e abertura da \u201cCasinha do Papai Noel Ecopower\u201d foi realizada \u201cVeneratta e Feira Gastron\u00f4mica\u201d no cal\u00e7ad\u00e3o da Avenida 21x Rua 20 com m\u00fasica tocada das sacadas das casas e lojas e feira gastron\u00f4mica.<\/p>\n<p>Hor\u00e1rios da \u201cCasinha do Papai Noel Ecopower\u201d<br \/>\nA \u201cCasinha do Papai Noel Ecopower\u201d estar\u00e1 aberta:<br \/>\nSegunda a sexta- feira: A partir das 15h<br \/>\nS\u00e1bados- A partir das 10h<br \/>\nDomingos (17 e 24)- A partir das 10h<\/p>\n","protected":false},"excerpt":{"rendered":"<p>Durante a programa\u00e7\u00e3o foi inaugurada oficialmente a Casinha do Papai<\/p>\n","protected":false},"author":2,"featured_media":98856,"comment_status":"open","ping_status":"open","sticky":false,"template":"","format":"standard","meta":{"footnotes":""},"categories":[14,25],"tags":[],"class_list":["post-98855","post","type-post","status-publish","format-standard","has-post-thumbnail","hentry","category-barretos","category-cidades"],"yoast_head":"<!-- This site is optimized with the Yoast SEO plugin v27.4 - https:\/\/yoast.com\/product\/yoast-seo-wordpress\/ -->\n<title>Com a chegada do Papai Noel \u00e9 aberta programa\u00e7\u00e3o de Natal<\/title>\n<meta name=\"robots\" content=\"index, follow, max-snippet:-1, max-image-preview:large, max-video-preview:-1\" \/>\n<link rel=\"canonical\" href=\"https:\/\/regiaonews.net.br\/2022\/2023\/12\/09\/acib-e-sincomercio-participam-da-abertura-da-programacao-de-natal-2023-da-estancia-turistica-de-barretos\/\" \/>\n<meta property=\"og:locale\" content=\"pt_BR\" \/>\n<meta property=\"og:type\" content=\"article\" \/>\n<meta property=\"og:title\" content=\"Com a chegada do Papai Noel \u00e9 aberta programa\u00e7\u00e3o de Natal\" \/>\n<meta property=\"og:description\" content=\"Durante a programa\u00e7\u00e3o foi inaugurada oficialmente a Casinha do Papai\" \/>\n<meta property=\"og:url\" content=\"https:\/\/regiaonews.net.br\/2022\/2023\/12\/09\/acib-e-sincomercio-participam-da-abertura-da-programacao-de-natal-2023-da-estancia-turistica-de-barretos\/\" \/>\n<meta property=\"og:site_name\" content=\"Regi\u00e3o News\" \/>\n<meta property=\"article:published_time\" content=\"2023-12-09T16:45:16+00:00\" \/>\n<meta property=\"article:modified_time\" content=\"2023-12-09T17:17:19+00:00\" \/>\n<meta property=\"og:image\" content=\"https:\/\/regiaonews.net.br\/2022\/wp-content\/uploads\/2023\/12\/ea2954c9-c9a6-454a-83c3-1232214fb3be.jpg\" \/>\n\t<meta property=\"og:image:width\" content=\"1600\" \/>\n\t<meta property=\"og:image:height\" content=\"1067\" \/>\n\t<meta property=\"og:image:type\" content=\"image\/jpeg\" \/>\n<meta name=\"author\" content=\"Roberto\" \/>\n<meta name=\"twitter:card\" content=\"summary_large_image\" \/>\n<meta name=\"twitter:label1\" content=\"Escrito por\" \/>\n\t<meta name=\"twitter:data1\" content=\"Roberto\" \/>\n\t<meta name=\"twitter:label2\" content=\"Est. tempo de leitura\" \/>\n\t<meta name=\"twitter:data2\" content=\"4 minutos\" \/>\n<script type=\"application\/ld+json\" class=\"yoast-schema-graph\">{\"@context\":\"https:\\\/\\\/schema.org\",\"@graph\":[{\"@type\":\"Article\",\"@id\":\"https:\\\/\\\/regiaonews.net.br\\\/2022\\\/2023\\\/12\\\/09\\\/acib-e-sincomercio-participam-da-abertura-da-programacao-de-natal-2023-da-estancia-turistica-de-barretos\\\/#article\",\"isPartOf\":{\"@id\":\"https:\\\/\\\/regiaonews.net.br\\\/2022\\\/2023\\\/12\\\/09\\\/acib-e-sincomercio-participam-da-abertura-da-programacao-de-natal-2023-da-estancia-turistica-de-barretos\\\/\"},\"author\":{\"name\":\"Roberto\",\"@id\":\"https:\\\/\\\/regiaonews.net.br\\\/2022\\\/#\\\/schema\\\/person\\\/2d205a608a5aa97ac279d7a5e6d89ad8\"},\"headline\":\"Com a chegada do Papai Noel \u00e9 aberta programa\u00e7\u00e3o de Natal\",\"datePublished\":\"2023-12-09T16:45:16+00:00\",\"dateModified\":\"2023-12-09T17:17:19+00:00\",\"mainEntityOfPage\":{\"@id\":\"https:\\\/\\\/regiaonews.net.br\\\/2022\\\/2023\\\/12\\\/09\\\/acib-e-sincomercio-participam-da-abertura-da-programacao-de-natal-2023-da-estancia-turistica-de-barretos\\\/\"},\"wordCount\":622,\"commentCount\":0,\"publisher\":{\"@id\":\"https:\\\/\\\/regiaonews.net.br\\\/2022\\\/#organization\"},\"image\":{\"@id\":\"https:\\\/\\\/regiaonews.net.br\\\/2022\\\/2023\\\/12\\\/09\\\/acib-e-sincomercio-participam-da-abertura-da-programacao-de-natal-2023-da-estancia-turistica-de-barretos\\\/#primaryimage\"},\"thumbnailUrl\":\"https:\\\/\\\/regiaonews.net.br\\\/2022\\\/wp-content\\\/uploads\\\/2023\\\/12\\\/ea2954c9-c9a6-454a-83c3-1232214fb3be.jpg\",\"articleSection\":[\"Barretos\",\"Cidades\"],\"inLanguage\":\"pt-BR\",\"potentialAction\":[{\"@type\":\"CommentAction\",\"name\":\"Comment\",\"target\":[\"https:\\\/\\\/regiaonews.net.br\\\/2022\\\/2023\\\/12\\\/09\\\/acib-e-sincomercio-participam-da-abertura-da-programacao-de-natal-2023-da-estancia-turistica-de-barretos\\\/#respond\"]}]},{\"@type\":\"WebPage\",\"@id\":\"https:\\\/\\\/regiaonews.net.br\\\/2022\\\/2023\\\/12\\\/09\\\/acib-e-sincomercio-participam-da-abertura-da-programacao-de-natal-2023-da-estancia-turistica-de-barretos\\\/\",\"url\":\"https:\\\/\\\/regiaonews.net.br\\\/2022\\\/2023\\\/12\\\/09\\\/acib-e-sincomercio-participam-da-abertura-da-programacao-de-natal-2023-da-estancia-turistica-de-barretos\\\/\",\"name\":\"Com a chegada do Papai Noel \u00e9 aberta programa\u00e7\u00e3o de Natal\",\"isPartOf\":{\"@id\":\"https:\\\/\\\/regiaonews.net.br\\\/2022\\\/#website\"},\"primaryImageOfPage\":{\"@id\":\"https:\\\/\\\/regiaonews.net.br\\\/2022\\\/2023\\\/12\\\/09\\\/acib-e-sincomercio-participam-da-abertura-da-programacao-de-natal-2023-da-estancia-turistica-de-barretos\\\/#primaryimage\"},\"image\":{\"@id\":\"https:\\\/\\\/regiaonews.net.br\\\/2022\\\/2023\\\/12\\\/09\\\/acib-e-sincomercio-participam-da-abertura-da-programacao-de-natal-2023-da-estancia-turistica-de-barretos\\\/#primaryimage\"},\"thumbnailUrl\":\"https:\\\/\\\/regiaonews.net.br\\\/2022\\\/wp-content\\\/uploads\\\/2023\\\/12\\\/ea2954c9-c9a6-454a-83c3-1232214fb3be.jpg\",\"datePublished\":\"2023-12-09T16:45:16+00:00\",\"dateModified\":\"2023-12-09T17:17:19+00:00\",\"breadcrumb\":{\"@id\":\"https:\\\/\\\/regiaonews.net.br\\\/2022\\\/2023\\\/12\\\/09\\\/acib-e-sincomercio-participam-da-abertura-da-programacao-de-natal-2023-da-estancia-turistica-de-barretos\\\/#breadcrumb\"},\"inLanguage\":\"pt-BR\",\"potentialAction\":[{\"@type\":\"ReadAction\",\"target\":[\"https:\\\/\\\/regiaonews.net.br\\\/2022\\\/2023\\\/12\\\/09\\\/acib-e-sincomercio-participam-da-abertura-da-programacao-de-natal-2023-da-estancia-turistica-de-barretos\\\/\"]}]},{\"@type\":\"ImageObject\",\"inLanguage\":\"pt-BR\",\"@id\":\"https:\\\/\\\/regiaonews.net.br\\\/2022\\\/2023\\\/12\\\/09\\\/acib-e-sincomercio-participam-da-abertura-da-programacao-de-natal-2023-da-estancia-turistica-de-barretos\\\/#primaryimage\",\"url\":\"https:\\\/\\\/regiaonews.net.br\\\/2022\\\/wp-content\\\/uploads\\\/2023\\\/12\\\/ea2954c9-c9a6-454a-83c3-1232214fb3be.jpg\",\"contentUrl\":\"https:\\\/\\\/regiaonews.net.br\\\/2022\\\/wp-content\\\/uploads\\\/2023\\\/12\\\/ea2954c9-c9a6-454a-83c3-1232214fb3be.jpg\",\"width\":1600,\"height\":1067},{\"@type\":\"BreadcrumbList\",\"@id\":\"https:\\\/\\\/regiaonews.net.br\\\/2022\\\/2023\\\/12\\\/09\\\/acib-e-sincomercio-participam-da-abertura-da-programacao-de-natal-2023-da-estancia-turistica-de-barretos\\\/#breadcrumb\",\"itemListElement\":[{\"@type\":\"ListItem\",\"position\":1,\"name\":\"In\u00edcio\",\"item\":\"https:\\\/\\\/regiaonews.net.br\\\/2022\\\/\"},{\"@type\":\"ListItem\",\"position\":2,\"name\":\"Com a chegada do Papai Noel \u00e9 aberta programa\u00e7\u00e3o de Natal\"}]},{\"@type\":\"WebSite\",\"@id\":\"https:\\\/\\\/regiaonews.net.br\\\/2022\\\/#website\",\"url\":\"https:\\\/\\\/regiaonews.net.br\\\/2022\\\/\",\"name\":\"Regi\u00e3o News\",\"description\":\"Site de Not\u00edcias de Barretos e regi\u00e3o\",\"publisher\":{\"@id\":\"https:\\\/\\\/regiaonews.net.br\\\/2022\\\/#organization\"},\"potentialAction\":[{\"@type\":\"SearchAction\",\"target\":{\"@type\":\"EntryPoint\",\"urlTemplate\":\"https:\\\/\\\/regiaonews.net.br\\\/2022\\\/?s={search_term_string}\"},\"query-input\":{\"@type\":\"PropertyValueSpecification\",\"valueRequired\":true,\"valueName\":\"search_term_string\"}}],\"inLanguage\":\"pt-BR\"},{\"@type\":\"Organization\",\"@id\":\"https:\\\/\\\/regiaonews.net.br\\\/2022\\\/#organization\",\"name\":\"Regi\u00e3o News\",\"url\":\"https:\\\/\\\/regiaonews.net.br\\\/2022\\\/\",\"logo\":{\"@type\":\"ImageObject\",\"inLanguage\":\"pt-BR\",\"@id\":\"https:\\\/\\\/regiaonews.net.br\\\/2022\\\/#\\\/schema\\\/logo\\\/image\\\/\",\"url\":\"https:\\\/\\\/regiaonews.net.br\\\/2022\\\/wp-content\\\/uploads\\\/2026\\\/03\\\/regiao-13-anos-scaled.jpg\",\"contentUrl\":\"https:\\\/\\\/regiaonews.net.br\\\/2022\\\/wp-content\\\/uploads\\\/2026\\\/03\\\/regiao-13-anos-scaled.jpg\",\"width\":2560,\"height\":635,\"caption\":\"Regi\u00e3o News\"},\"image\":{\"@id\":\"https:\\\/\\\/regiaonews.net.br\\\/2022\\\/#\\\/schema\\\/logo\\\/image\\\/\"}},{\"@type\":\"Person\",\"@id\":\"https:\\\/\\\/regiaonews.net.br\\\/2022\\\/#\\\/schema\\\/person\\\/2d205a608a5aa97ac279d7a5e6d89ad8\",\"name\":\"Roberto\",\"image\":{\"@type\":\"ImageObject\",\"inLanguage\":\"pt-BR\",\"@id\":\"https:\\\/\\\/secure.gravatar.com\\\/avatar\\\/42749d8b712ff9d59ca93dc150494e5b55a44134482993f5baeb97e61b7ecc89?s=96&d=mm&r=g\",\"url\":\"https:\\\/\\\/secure.gravatar.com\\\/avatar\\\/42749d8b712ff9d59ca93dc150494e5b55a44134482993f5baeb97e61b7ecc89?s=96&d=mm&r=g\",\"contentUrl\":\"https:\\\/\\\/secure.gravatar.com\\\/avatar\\\/42749d8b712ff9d59ca93dc150494e5b55a44134482993f5baeb97e61b7ecc89?s=96&d=mm&r=g\",\"caption\":\"Roberto\"},\"url\":\"https:\\\/\\\/regiaonews.net.br\\\/2022\\\/author\\\/roberto\\\/\"}]}<\/script>\n<!-- \/ Yoast SEO plugin. -->","yoast_head_json":{"title":"Com a chegada do Papai Noel \u00e9 aberta programa\u00e7\u00e3o de Natal","robots":{"index":"index","follow":"follow","max-snippet":"max-snippet:-1","max-image-preview":"max-image-preview:large","max-video-preview":"max-video-preview:-1"},"canonical":"https:\/\/regiaonews.net.br\/2022\/2023\/12\/09\/acib-e-sincomercio-participam-da-abertura-da-programacao-de-natal-2023-da-estancia-turistica-de-barretos\/","og_locale":"pt_BR","og_type":"article","og_title":"Com a chegada do Papai Noel \u00e9 aberta programa\u00e7\u00e3o de Natal","og_description":"Durante a programa\u00e7\u00e3o foi inaugurada oficialmente a Casinha do Papai","og_url":"https:\/\/regiaonews.net.br\/2022\/2023\/12\/09\/acib-e-sincomercio-participam-da-abertura-da-programacao-de-natal-2023-da-estancia-turistica-de-barretos\/","og_site_name":"Regi\u00e3o News","article_published_time":"2023-12-09T16:45:16+00:00","article_modified_time":"2023-12-09T17:17:19+00:00","og_image":[{"width":1600,"height":1067,"url":"https:\/\/regiaonews.net.br\/2022\/wp-content\/uploads\/2023\/12\/ea2954c9-c9a6-454a-83c3-1232214fb3be.jpg","type":"image\/jpeg"}],"author":"Roberto","twitter_card":"summary_large_image","twitter_misc":{"Escrito por":"Roberto","Est. tempo de leitura":"4 minutos"},"schema":{"@context":"https:\/\/schema.org","@graph":[{"@type":"Article","@id":"https:\/\/regiaonews.net.br\/2022\/2023\/12\/09\/acib-e-sincomercio-participam-da-abertura-da-programacao-de-natal-2023-da-estancia-turistica-de-barretos\/#article","isPartOf":{"@id":"https:\/\/regiaonews.net.br\/2022\/2023\/12\/09\/acib-e-sincomercio-participam-da-abertura-da-programacao-de-natal-2023-da-estancia-turistica-de-barretos\/"},"author":{"name":"Roberto","@id":"https:\/\/regiaonews.net.br\/2022\/#\/schema\/person\/2d205a608a5aa97ac279d7a5e6d89ad8"},"headline":"Com a chegada do Papai Noel \u00e9 aberta programa\u00e7\u00e3o de Natal","datePublished":"2023-12-09T16:45:16+00:00","dateModified":"2023-12-09T17:17:19+00:00","mainEntityOfPage":{"@id":"https:\/\/regiaonews.net.br\/2022\/2023\/12\/09\/acib-e-sincomercio-participam-da-abertura-da-programacao-de-natal-2023-da-estancia-turistica-de-barretos\/"},"wordCount":622,"commentCount":0,"publisher":{"@id":"https:\/\/regiaonews.net.br\/2022\/#organization"},"image":{"@id":"https:\/\/regiaonews.net.br\/2022\/2023\/12\/09\/acib-e-sincomercio-participam-da-abertura-da-programacao-de-natal-2023-da-estancia-turistica-de-barretos\/#primaryimage"},"thumbnailUrl":"https:\/\/regiaonews.net.br\/2022\/wp-content\/uploads\/2023\/12\/ea2954c9-c9a6-454a-83c3-1232214fb3be.jpg","articleSection":["Barretos","Cidades"],"inLanguage":"pt-BR","potentialAction":[{"@type":"CommentAction","name":"Comment","target":["https:\/\/regiaonews.net.br\/2022\/2023\/12\/09\/acib-e-sincomercio-participam-da-abertura-da-programacao-de-natal-2023-da-estancia-turistica-de-barretos\/#respond"]}]},{"@type":"WebPage","@id":"https:\/\/regiaonews.net.br\/2022\/2023\/12\/09\/acib-e-sincomercio-participam-da-abertura-da-programacao-de-natal-2023-da-estancia-turistica-de-barretos\/","url":"https:\/\/regiaonews.net.br\/2022\/2023\/12\/09\/acib-e-sincomercio-participam-da-abertura-da-programacao-de-natal-2023-da-estancia-turistica-de-barretos\/","name":"Com a chegada do Papai Noel \u00e9 aberta programa\u00e7\u00e3o de Natal","isPartOf":{"@id":"https:\/\/regiaonews.net.br\/2022\/#website"},"primaryImageOfPage":{"@id":"https:\/\/regiaonews.net.br\/2022\/2023\/12\/09\/acib-e-sincomercio-participam-da-abertura-da-programacao-de-natal-2023-da-estancia-turistica-de-barretos\/#primaryimage"},"image":{"@id":"https:\/\/regiaonews.net.br\/2022\/2023\/12\/09\/acib-e-sincomercio-participam-da-abertura-da-programacao-de-natal-2023-da-estancia-turistica-de-barretos\/#primaryimage"},"thumbnailUrl":"https:\/\/regiaonews.net.br\/2022\/wp-content\/uploads\/2023\/12\/ea2954c9-c9a6-454a-83c3-1232214fb3be.jpg","datePublished":"2023-12-09T16:45:16+00:00","dateModified":"2023-12-09T17:17:19+00:00","breadcrumb":{"@id":"https:\/\/regiaonews.net.br\/2022\/2023\/12\/09\/acib-e-sincomercio-participam-da-abertura-da-programacao-de-natal-2023-da-estancia-turistica-de-barretos\/#breadcrumb"},"inLanguage":"pt-BR","potentialAction":[{"@type":"ReadAction","target":["https:\/\/regiaonews.net.br\/2022\/2023\/12\/09\/acib-e-sincomercio-participam-da-abertura-da-programacao-de-natal-2023-da-estancia-turistica-de-barretos\/"]}]},{"@type":"ImageObject","inLanguage":"pt-BR","@id":"https:\/\/regiaonews.net.br\/2022\/2023\/12\/09\/acib-e-sincomercio-participam-da-abertura-da-programacao-de-natal-2023-da-estancia-turistica-de-barretos\/#primaryimage","url":"https:\/\/regiaonews.net.br\/2022\/wp-content\/uploads\/2023\/12\/ea2954c9-c9a6-454a-83c3-1232214fb3be.jpg","contentUrl":"https:\/\/regiaonews.net.br\/2022\/wp-content\/uploads\/2023\/12\/ea2954c9-c9a6-454a-83c3-1232214fb3be.jpg","width":1600,"height":1067},{"@type":"BreadcrumbList","@id":"https:\/\/regiaonews.net.br\/2022\/2023\/12\/09\/acib-e-sincomercio-participam-da-abertura-da-programacao-de-natal-2023-da-estancia-turistica-de-barretos\/#breadcrumb","itemListElement":[{"@type":"ListItem","position":1,"name":"In\u00edcio","item":"https:\/\/regiaonews.net.br\/2022\/"},{"@type":"ListItem","position":2,"name":"Com a chegada do Papai Noel \u00e9 aberta programa\u00e7\u00e3o de Natal"}]},{"@type":"WebSite","@id":"https:\/\/regiaonews.net.br\/2022\/#website","url":"https:\/\/regiaonews.net.br\/2022\/","name":"Regi\u00e3o News","description":"Site de Not\u00edcias de Barretos e regi\u00e3o","publisher":{"@id":"https:\/\/regiaonews.net.br\/2022\/#organization"},"potentialAction":[{"@type":"SearchAction","target":{"@type":"EntryPoint","urlTemplate":"https:\/\/regiaonews.net.br\/2022\/?s={search_term_string}"},"query-input":{"@type":"PropertyValueSpecification","valueRequired":true,"valueName":"search_term_string"}}],"inLanguage":"pt-BR"},{"@type":"Organization","@id":"https:\/\/regiaonews.net.br\/2022\/#organization","name":"Regi\u00e3o News","url":"https:\/\/regiaonews.net.br\/2022\/","logo":{"@type":"ImageObject","inLanguage":"pt-BR","@id":"https:\/\/regiaonews.net.br\/2022\/#\/schema\/logo\/image\/","url":"https:\/\/regiaonews.net.br\/2022\/wp-content\/uploads\/2026\/03\/regiao-13-anos-scaled.jpg","contentUrl":"https:\/\/regiaonews.net.br\/2022\/wp-content\/uploads\/2026\/03\/regiao-13-anos-scaled.jpg","width":2560,"height":635,"caption":"Regi\u00e3o News"},"image":{"@id":"https:\/\/regiaonews.net.br\/2022\/#\/schema\/logo\/image\/"}},{"@type":"Person","@id":"https:\/\/regiaonews.net.br\/2022\/#\/schema\/person\/2d205a608a5aa97ac279d7a5e6d89ad8","name":"Roberto","image":{"@type":"ImageObject","inLanguage":"pt-BR","@id":"https:\/\/secure.gravatar.com\/avatar\/42749d8b712ff9d59ca93dc150494e5b55a44134482993f5baeb97e61b7ecc89?s=96&d=mm&r=g","url":"https:\/\/secure.gravatar.com\/avatar\/42749d8b712ff9d59ca93dc150494e5b55a44134482993f5baeb97e61b7ecc89?s=96&d=mm&r=g","contentUrl":"https:\/\/secure.gravatar.com\/avatar\/42749d8b712ff9d59ca93dc150494e5b55a44134482993f5baeb97e61b7ecc89?s=96&d=mm&r=g","caption":"Roberto"},"url":"https:\/\/regiaonews.net.br\/2022\/author\/roberto\/"}]}},"publishpress_future_action":{"enabled":false,"date":"2026-05-04 09:14:18","action":"change-status","newStatus":"draft","terms":[],"taxonomy":"category","extraData":[]},"publishpress_future_workflow_manual_trigger":{"enabledWorkflows":[]},"_links":{"self":[{"href":"https:\/\/regiaonews.net.br\/2022\/wp-json\/wp\/v2\/posts\/98855","targetHints":{"allow":["GET"]}}],"collection":[{"href":"https:\/\/regiaonews.net.br\/2022\/wp-json\/wp\/v2\/posts"}],"about":[{"href":"https:\/\/regiaonews.net.br\/2022\/wp-json\/wp\/v2\/types\/post"}],"author":[{"embeddable":true,"href":"https:\/\/regiaonews.net.br\/2022\/wp-json\/wp\/v2\/users\/2"}],"replies":[{"embeddable":true,"href":"https:\/\/regiaonews.net.br\/2022\/wp-json\/wp\/v2\/comments?post=98855"}],"version-history":[{"count":3,"href":"https:\/\/regiaonews.net.br\/2022\/wp-json\/wp\/v2\/posts\/98855\/revisions"}],"predecessor-version":[{"id":98864,"href":"https:\/\/regiaonews.net.br\/2022\/wp-json\/wp\/v2\/posts\/98855\/revisions\/98864"}],"wp:featuredmedia":[{"embeddable":true,"href":"https:\/\/regiaonews.net.br\/2022\/wp-json\/wp\/v2\/media\/98856"}],"wp:attachment":[{"href":"https:\/\/regiaonews.net.br\/2022\/wp-json\/wp\/v2\/media?parent=98855"}],"wp:term":[{"taxonomy":"category","embeddable":true,"href":"https:\/\/regiaonews.net.br\/2022\/wp-json\/wp\/v2\/categories?post=98855"},{"taxonomy":"post_tag","embeddable":true,"href":"https:\/\/regiaonews.net.br\/2022\/wp-json\/wp\/v2\/tags?post=98855"}],"curies":[{"name":"wp","href":"https:\/\/api.w.org\/{rel}","templated":true}]}}