{"id":98830,"date":"2023-12-08T21:39:38","date_gmt":"2023-12-09T00:39:38","guid":{"rendered":"https:\/\/regiaonews.net.br\/2022\/?p=98830"},"modified":"2023-12-09T07:47:31","modified_gmt":"2023-12-09T10:47:31","slug":"enio-rodrigues-e-reeleito-presidente-do-sindicato-rural","status":"publish","type":"post","link":"https:\/\/regiaonews.net.br\/2022\/2023\/12\/08\/enio-rodrigues-e-reeleito-presidente-do-sindicato-rural\/","title":{"rendered":"\u00canio Rodrigues \u00e9 reeleito presidente do Sindicato Rural"},"content":{"rendered":"<p>&nbsp;<\/p>\n<p>Os produtores rurais que s\u00e3o s\u00f3cios votaram nesta sexta-feira (8), para eleger a diretoria do Sindicato Rural do Vale do Rio Grande para a gest\u00e3o de 2024 a 2027. Com o comparecimento de 154 votantes do total de 259 com direito a voto, a chapa For\u00e7a e Uni\u00e3o, liderada pelo atual presidente \u00canio Melo Rodrigues, foi reeleita por ser chapa \u00fanica, necessitava do qu\u00f3rum de 130 votos mais um para serem eleitos.<br \/>\nA atual diretoria tem mandato at\u00e9 o dia 31 de dezembro e a nova gest\u00e3o assume a partir do dia 2 de janeiro, tendo o presidente \u00canio Melo Rodrigues (suplente \u2013 Cyro Penna J\u00fanior), 1\u00ba secret\u00e1rio Nestor Leonel dos Santos (suplente \u2013 Jo\u00e3o Amadeu Giachetto) e tesoureiro Ant\u00f4nio Roberto Filisbino (suplente \u2013 C\u00e9lio Ferreira de Macedo).<br \/>\nEm entrevista, o presidente reeleito, \u00canio Melo Rodrigues, disse que na nova gest\u00e3o pretende ampliar os cursos em parceria com SENAR (Servi\u00e7os de Aprendizagem Rural) subindo dos quase 250 curso para 300 cursos. \u201cTemos muitos projetos para colocar em pr\u00e1tica e iremos continuar trabalhando em diversas frentes, principalmente apoiando os pequenos produtores, auxiliando na resolu\u00e7\u00e3o dos problemas\u201d, afirmou.<\/p>\n<p>Confira a chapa<\/p>\n<p>Presidente: \u00canio Melo Rodrigues, Secret\u00e1rio: Nestor Leonel dos Santos Tesoureiro: Ant\u00f4nio Roberto Filisbino, Suplentes: Cyro Penna Junior, Jo\u00e3o Amadeu Giachetto e Celio Ferreira de Macedo, Conselho Fiscal Efetivos: Raul Carlos Guimar\u00e3es, Jos\u00e9 Pedro \u2013 Domingues Netto e Jos\u00e9 Ant\u00f4nio Eiras, Suplentes: Nivaldo Pereira Guedes, Armando Aparecido Martins, Daniel Pereira Caldas; Delegados Representantes Junto \u00e0 FAESP Efetivos: Cyro Ferreira Penna Junior e Enio Melo Rodrigues; Suplentes: Denilson Lucio S\u00e3o Romano e Hiroci Clovis Haraguchi; Supl\u00eancias Gerais: Mois\u00e9s Henrique Basso, Paulo Roberto Junqueira de Souza.<\/p>\n","protected":false},"excerpt":{"rendered":"<p>&nbsp; Os produtores rurais que s\u00e3o s\u00f3cios votaram nesta sexta-feira<\/p>\n","protected":false},"author":2,"featured_media":98831,"comment_status":"open","ping_status":"open","sticky":false,"template":"","format":"standard","meta":{"footnotes":""},"categories":[14,25],"tags":[],"class_list":["post-98830","post","type-post","status-publish","format-standard","has-post-thumbnail","hentry","category-barretos","category-cidades"],"yoast_head":"<!-- This site is optimized with the Yoast SEO plugin v27.4 - https:\/\/yoast.com\/product\/yoast-seo-wordpress\/ -->\n<title>\u00c9nio Rodrigues \u00e9 reeleito presidente do Sindicato Rural<\/title>\n<meta name=\"description\" content=\"Os produtores rurais que s\u00e3o s\u00f3cios votaram nesta sexta-feira (8), para eleger a diretoria do Sindicato Rural do Vale do Rio Grande para\" \/>\n<meta name=\"robots\" content=\"index, follow, max-snippet:-1, max-image-preview:large, max-video-preview:-1\" \/>\n<link rel=\"canonical\" href=\"https:\/\/regiaonews.net.br\/2022\/2023\/12\/08\/enio-rodrigues-e-reeleito-presidente-do-sindicato-rural\/\" \/>\n<meta property=\"og:locale\" content=\"pt_BR\" \/>\n<meta property=\"og:type\" content=\"article\" \/>\n<meta property=\"og:title\" content=\"\u00c9nio Rodrigues \u00e9 reeleito presidente do Sindicato Rural\" \/>\n<meta property=\"og:description\" content=\"Os produtores rurais que s\u00e3o s\u00f3cios votaram nesta sexta-feira (8), para eleger a diretoria do Sindicato Rural do Vale do Rio Grande para\" \/>\n<meta property=\"og:url\" content=\"https:\/\/regiaonews.net.br\/2022\/2023\/12\/08\/enio-rodrigues-e-reeleito-presidente-do-sindicato-rural\/\" \/>\n<meta property=\"og:site_name\" content=\"Regi\u00e3o News\" \/>\n<meta property=\"article:published_time\" content=\"2023-12-09T00:39:38+00:00\" \/>\n<meta property=\"article:modified_time\" content=\"2023-12-09T10:47:31+00:00\" \/>\n<meta property=\"og:image\" content=\"https:\/\/regiaonews.net.br\/2022\/wp-content\/uploads\/2023\/12\/20231201_102049-scaled.jpg\" \/>\n\t<meta property=\"og:image:width\" content=\"2560\" \/>\n\t<meta property=\"og:image:height\" content=\"1920\" \/>\n\t<meta property=\"og:image:type\" content=\"image\/jpeg\" \/>\n<meta name=\"author\" content=\"Roberto\" \/>\n<meta name=\"twitter:card\" content=\"summary_large_image\" \/>\n<meta name=\"twitter:label1\" content=\"Escrito por\" \/>\n\t<meta name=\"twitter:data1\" content=\"Roberto\" \/>\n\t<meta name=\"twitter:label2\" content=\"Est. tempo de leitura\" \/>\n\t<meta name=\"twitter:data2\" content=\"2 minutos\" \/>\n<script type=\"application\/ld+json\" class=\"yoast-schema-graph\">{\"@context\":\"https:\\\/\\\/schema.org\",\"@graph\":[{\"@type\":\"Article\",\"@id\":\"https:\\\/\\\/regiaonews.net.br\\\/2022\\\/2023\\\/12\\\/08\\\/enio-rodrigues-e-reeleito-presidente-do-sindicato-rural\\\/#article\",\"isPartOf\":{\"@id\":\"https:\\\/\\\/regiaonews.net.br\\\/2022\\\/2023\\\/12\\\/08\\\/enio-rodrigues-e-reeleito-presidente-do-sindicato-rural\\\/\"},\"author\":{\"name\":\"Roberto\",\"@id\":\"https:\\\/\\\/regiaonews.net.br\\\/2022\\\/#\\\/schema\\\/person\\\/2d205a608a5aa97ac279d7a5e6d89ad8\"},\"headline\":\"\u00canio Rodrigues \u00e9 reeleito presidente do Sindicato Rural\",\"datePublished\":\"2023-12-09T00:39:38+00:00\",\"dateModified\":\"2023-12-09T10:47:31+00:00\",\"mainEntityOfPage\":{\"@id\":\"https:\\\/\\\/regiaonews.net.br\\\/2022\\\/2023\\\/12\\\/08\\\/enio-rodrigues-e-reeleito-presidente-do-sindicato-rural\\\/\"},\"wordCount\":288,\"commentCount\":0,\"publisher\":{\"@id\":\"https:\\\/\\\/regiaonews.net.br\\\/2022\\\/#organization\"},\"image\":{\"@id\":\"https:\\\/\\\/regiaonews.net.br\\\/2022\\\/2023\\\/12\\\/08\\\/enio-rodrigues-e-reeleito-presidente-do-sindicato-rural\\\/#primaryimage\"},\"thumbnailUrl\":\"https:\\\/\\\/regiaonews.net.br\\\/2022\\\/wp-content\\\/uploads\\\/2023\\\/12\\\/20231201_102049-scaled.jpg\",\"articleSection\":[\"Barretos\",\"Cidades\"],\"inLanguage\":\"pt-BR\",\"potentialAction\":[{\"@type\":\"CommentAction\",\"name\":\"Comment\",\"target\":[\"https:\\\/\\\/regiaonews.net.br\\\/2022\\\/2023\\\/12\\\/08\\\/enio-rodrigues-e-reeleito-presidente-do-sindicato-rural\\\/#respond\"]}]},{\"@type\":\"WebPage\",\"@id\":\"https:\\\/\\\/regiaonews.net.br\\\/2022\\\/2023\\\/12\\\/08\\\/enio-rodrigues-e-reeleito-presidente-do-sindicato-rural\\\/\",\"url\":\"https:\\\/\\\/regiaonews.net.br\\\/2022\\\/2023\\\/12\\\/08\\\/enio-rodrigues-e-reeleito-presidente-do-sindicato-rural\\\/\",\"name\":\"\u00c9nio Rodrigues \u00e9 reeleito presidente do Sindicato Rural\",\"isPartOf\":{\"@id\":\"https:\\\/\\\/regiaonews.net.br\\\/2022\\\/#website\"},\"primaryImageOfPage\":{\"@id\":\"https:\\\/\\\/regiaonews.net.br\\\/2022\\\/2023\\\/12\\\/08\\\/enio-rodrigues-e-reeleito-presidente-do-sindicato-rural\\\/#primaryimage\"},\"image\":{\"@id\":\"https:\\\/\\\/regiaonews.net.br\\\/2022\\\/2023\\\/12\\\/08\\\/enio-rodrigues-e-reeleito-presidente-do-sindicato-rural\\\/#primaryimage\"},\"thumbnailUrl\":\"https:\\\/\\\/regiaonews.net.br\\\/2022\\\/wp-content\\\/uploads\\\/2023\\\/12\\\/20231201_102049-scaled.jpg\",\"datePublished\":\"2023-12-09T00:39:38+00:00\",\"dateModified\":\"2023-12-09T10:47:31+00:00\",\"description\":\"Os produtores rurais que s\u00e3o s\u00f3cios votaram nesta sexta-feira (8), para eleger a diretoria do Sindicato Rural do Vale do Rio Grande para\",\"breadcrumb\":{\"@id\":\"https:\\\/\\\/regiaonews.net.br\\\/2022\\\/2023\\\/12\\\/08\\\/enio-rodrigues-e-reeleito-presidente-do-sindicato-rural\\\/#breadcrumb\"},\"inLanguage\":\"pt-BR\",\"potentialAction\":[{\"@type\":\"ReadAction\",\"target\":[\"https:\\\/\\\/regiaonews.net.br\\\/2022\\\/2023\\\/12\\\/08\\\/enio-rodrigues-e-reeleito-presidente-do-sindicato-rural\\\/\"]}]},{\"@type\":\"ImageObject\",\"inLanguage\":\"pt-BR\",\"@id\":\"https:\\\/\\\/regiaonews.net.br\\\/2022\\\/2023\\\/12\\\/08\\\/enio-rodrigues-e-reeleito-presidente-do-sindicato-rural\\\/#primaryimage\",\"url\":\"https:\\\/\\\/regiaonews.net.br\\\/2022\\\/wp-content\\\/uploads\\\/2023\\\/12\\\/20231201_102049-scaled.jpg\",\"contentUrl\":\"https:\\\/\\\/regiaonews.net.br\\\/2022\\\/wp-content\\\/uploads\\\/2023\\\/12\\\/20231201_102049-scaled.jpg\",\"width\":2560,\"height\":1920},{\"@type\":\"BreadcrumbList\",\"@id\":\"https:\\\/\\\/regiaonews.net.br\\\/2022\\\/2023\\\/12\\\/08\\\/enio-rodrigues-e-reeleito-presidente-do-sindicato-rural\\\/#breadcrumb\",\"itemListElement\":[{\"@type\":\"ListItem\",\"position\":1,\"name\":\"In\u00edcio\",\"item\":\"https:\\\/\\\/regiaonews.net.br\\\/2022\\\/\"},{\"@type\":\"ListItem\",\"position\":2,\"name\":\"\u00canio Rodrigues \u00e9 reeleito presidente do Sindicato Rural\"}]},{\"@type\":\"WebSite\",\"@id\":\"https:\\\/\\\/regiaonews.net.br\\\/2022\\\/#website\",\"url\":\"https:\\\/\\\/regiaonews.net.br\\\/2022\\\/\",\"name\":\"Regi\u00e3o News\",\"description\":\"Site de Not\u00edcias de Barretos e regi\u00e3o\",\"publisher\":{\"@id\":\"https:\\\/\\\/regiaonews.net.br\\\/2022\\\/#organization\"},\"potentialAction\":[{\"@type\":\"SearchAction\",\"target\":{\"@type\":\"EntryPoint\",\"urlTemplate\":\"https:\\\/\\\/regiaonews.net.br\\\/2022\\\/?s={search_term_string}\"},\"query-input\":{\"@type\":\"PropertyValueSpecification\",\"valueRequired\":true,\"valueName\":\"search_term_string\"}}],\"inLanguage\":\"pt-BR\"},{\"@type\":\"Organization\",\"@id\":\"https:\\\/\\\/regiaonews.net.br\\\/2022\\\/#organization\",\"name\":\"Regi\u00e3o News\",\"url\":\"https:\\\/\\\/regiaonews.net.br\\\/2022\\\/\",\"logo\":{\"@type\":\"ImageObject\",\"inLanguage\":\"pt-BR\",\"@id\":\"https:\\\/\\\/regiaonews.net.br\\\/2022\\\/#\\\/schema\\\/logo\\\/image\\\/\",\"url\":\"https:\\\/\\\/regiaonews.net.br\\\/2022\\\/wp-content\\\/uploads\\\/2026\\\/03\\\/regiao-13-anos-scaled.jpg\",\"contentUrl\":\"https:\\\/\\\/regiaonews.net.br\\\/2022\\\/wp-content\\\/uploads\\\/2026\\\/03\\\/regiao-13-anos-scaled.jpg\",\"width\":2560,\"height\":635,\"caption\":\"Regi\u00e3o News\"},\"image\":{\"@id\":\"https:\\\/\\\/regiaonews.net.br\\\/2022\\\/#\\\/schema\\\/logo\\\/image\\\/\"}},{\"@type\":\"Person\",\"@id\":\"https:\\\/\\\/regiaonews.net.br\\\/2022\\\/#\\\/schema\\\/person\\\/2d205a608a5aa97ac279d7a5e6d89ad8\",\"name\":\"Roberto\",\"image\":{\"@type\":\"ImageObject\",\"inLanguage\":\"pt-BR\",\"@id\":\"https:\\\/\\\/secure.gravatar.com\\\/avatar\\\/42749d8b712ff9d59ca93dc150494e5b55a44134482993f5baeb97e61b7ecc89?s=96&d=mm&r=g\",\"url\":\"https:\\\/\\\/secure.gravatar.com\\\/avatar\\\/42749d8b712ff9d59ca93dc150494e5b55a44134482993f5baeb97e61b7ecc89?s=96&d=mm&r=g\",\"contentUrl\":\"https:\\\/\\\/secure.gravatar.com\\\/avatar\\\/42749d8b712ff9d59ca93dc150494e5b55a44134482993f5baeb97e61b7ecc89?s=96&d=mm&r=g\",\"caption\":\"Roberto\"},\"url\":\"https:\\\/\\\/regiaonews.net.br\\\/2022\\\/author\\\/roberto\\\/\"}]}<\/script>\n<!-- \/ Yoast SEO plugin. -->","yoast_head_json":{"title":"\u00c9nio Rodrigues \u00e9 reeleito presidente do Sindicato Rural","description":"Os produtores rurais que s\u00e3o s\u00f3cios votaram nesta sexta-feira (8), para eleger a diretoria do Sindicato Rural do Vale do Rio Grande para","robots":{"index":"index","follow":"follow","max-snippet":"max-snippet:-1","max-image-preview":"max-image-preview:large","max-video-preview":"max-video-preview:-1"},"canonical":"https:\/\/regiaonews.net.br\/2022\/2023\/12\/08\/enio-rodrigues-e-reeleito-presidente-do-sindicato-rural\/","og_locale":"pt_BR","og_type":"article","og_title":"\u00c9nio Rodrigues \u00e9 reeleito presidente do Sindicato Rural","og_description":"Os produtores rurais que s\u00e3o s\u00f3cios votaram nesta sexta-feira (8), para eleger a diretoria do Sindicato Rural do Vale do Rio Grande para","og_url":"https:\/\/regiaonews.net.br\/2022\/2023\/12\/08\/enio-rodrigues-e-reeleito-presidente-do-sindicato-rural\/","og_site_name":"Regi\u00e3o News","article_published_time":"2023-12-09T00:39:38+00:00","article_modified_time":"2023-12-09T10:47:31+00:00","og_image":[{"width":2560,"height":1920,"url":"https:\/\/regiaonews.net.br\/2022\/wp-content\/uploads\/2023\/12\/20231201_102049-scaled.jpg","type":"image\/jpeg"}],"author":"Roberto","twitter_card":"summary_large_image","twitter_misc":{"Escrito por":"Roberto","Est. tempo de leitura":"2 minutos"},"schema":{"@context":"https:\/\/schema.org","@graph":[{"@type":"Article","@id":"https:\/\/regiaonews.net.br\/2022\/2023\/12\/08\/enio-rodrigues-e-reeleito-presidente-do-sindicato-rural\/#article","isPartOf":{"@id":"https:\/\/regiaonews.net.br\/2022\/2023\/12\/08\/enio-rodrigues-e-reeleito-presidente-do-sindicato-rural\/"},"author":{"name":"Roberto","@id":"https:\/\/regiaonews.net.br\/2022\/#\/schema\/person\/2d205a608a5aa97ac279d7a5e6d89ad8"},"headline":"\u00canio Rodrigues \u00e9 reeleito presidente do Sindicato Rural","datePublished":"2023-12-09T00:39:38+00:00","dateModified":"2023-12-09T10:47:31+00:00","mainEntityOfPage":{"@id":"https:\/\/regiaonews.net.br\/2022\/2023\/12\/08\/enio-rodrigues-e-reeleito-presidente-do-sindicato-rural\/"},"wordCount":288,"commentCount":0,"publisher":{"@id":"https:\/\/regiaonews.net.br\/2022\/#organization"},"image":{"@id":"https:\/\/regiaonews.net.br\/2022\/2023\/12\/08\/enio-rodrigues-e-reeleito-presidente-do-sindicato-rural\/#primaryimage"},"thumbnailUrl":"https:\/\/regiaonews.net.br\/2022\/wp-content\/uploads\/2023\/12\/20231201_102049-scaled.jpg","articleSection":["Barretos","Cidades"],"inLanguage":"pt-BR","potentialAction":[{"@type":"CommentAction","name":"Comment","target":["https:\/\/regiaonews.net.br\/2022\/2023\/12\/08\/enio-rodrigues-e-reeleito-presidente-do-sindicato-rural\/#respond"]}]},{"@type":"WebPage","@id":"https:\/\/regiaonews.net.br\/2022\/2023\/12\/08\/enio-rodrigues-e-reeleito-presidente-do-sindicato-rural\/","url":"https:\/\/regiaonews.net.br\/2022\/2023\/12\/08\/enio-rodrigues-e-reeleito-presidente-do-sindicato-rural\/","name":"\u00c9nio Rodrigues \u00e9 reeleito presidente do Sindicato Rural","isPartOf":{"@id":"https:\/\/regiaonews.net.br\/2022\/#website"},"primaryImageOfPage":{"@id":"https:\/\/regiaonews.net.br\/2022\/2023\/12\/08\/enio-rodrigues-e-reeleito-presidente-do-sindicato-rural\/#primaryimage"},"image":{"@id":"https:\/\/regiaonews.net.br\/2022\/2023\/12\/08\/enio-rodrigues-e-reeleito-presidente-do-sindicato-rural\/#primaryimage"},"thumbnailUrl":"https:\/\/regiaonews.net.br\/2022\/wp-content\/uploads\/2023\/12\/20231201_102049-scaled.jpg","datePublished":"2023-12-09T00:39:38+00:00","dateModified":"2023-12-09T10:47:31+00:00","description":"Os produtores rurais que s\u00e3o s\u00f3cios votaram nesta sexta-feira (8), para eleger a diretoria do Sindicato Rural do Vale do Rio Grande para","breadcrumb":{"@id":"https:\/\/regiaonews.net.br\/2022\/2023\/12\/08\/enio-rodrigues-e-reeleito-presidente-do-sindicato-rural\/#breadcrumb"},"inLanguage":"pt-BR","potentialAction":[{"@type":"ReadAction","target":["https:\/\/regiaonews.net.br\/2022\/2023\/12\/08\/enio-rodrigues-e-reeleito-presidente-do-sindicato-rural\/"]}]},{"@type":"ImageObject","inLanguage":"pt-BR","@id":"https:\/\/regiaonews.net.br\/2022\/2023\/12\/08\/enio-rodrigues-e-reeleito-presidente-do-sindicato-rural\/#primaryimage","url":"https:\/\/regiaonews.net.br\/2022\/wp-content\/uploads\/2023\/12\/20231201_102049-scaled.jpg","contentUrl":"https:\/\/regiaonews.net.br\/2022\/wp-content\/uploads\/2023\/12\/20231201_102049-scaled.jpg","width":2560,"height":1920},{"@type":"BreadcrumbList","@id":"https:\/\/regiaonews.net.br\/2022\/2023\/12\/08\/enio-rodrigues-e-reeleito-presidente-do-sindicato-rural\/#breadcrumb","itemListElement":[{"@type":"ListItem","position":1,"name":"In\u00edcio","item":"https:\/\/regiaonews.net.br\/2022\/"},{"@type":"ListItem","position":2,"name":"\u00canio Rodrigues \u00e9 reeleito presidente do Sindicato Rural"}]},{"@type":"WebSite","@id":"https:\/\/regiaonews.net.br\/2022\/#website","url":"https:\/\/regiaonews.net.br\/2022\/","name":"Regi\u00e3o News","description":"Site de Not\u00edcias de Barretos e regi\u00e3o","publisher":{"@id":"https:\/\/regiaonews.net.br\/2022\/#organization"},"potentialAction":[{"@type":"SearchAction","target":{"@type":"EntryPoint","urlTemplate":"https:\/\/regiaonews.net.br\/2022\/?s={search_term_string}"},"query-input":{"@type":"PropertyValueSpecification","valueRequired":true,"valueName":"search_term_string"}}],"inLanguage":"pt-BR"},{"@type":"Organization","@id":"https:\/\/regiaonews.net.br\/2022\/#organization","name":"Regi\u00e3o News","url":"https:\/\/regiaonews.net.br\/2022\/","logo":{"@type":"ImageObject","inLanguage":"pt-BR","@id":"https:\/\/regiaonews.net.br\/2022\/#\/schema\/logo\/image\/","url":"https:\/\/regiaonews.net.br\/2022\/wp-content\/uploads\/2026\/03\/regiao-13-anos-scaled.jpg","contentUrl":"https:\/\/regiaonews.net.br\/2022\/wp-content\/uploads\/2026\/03\/regiao-13-anos-scaled.jpg","width":2560,"height":635,"caption":"Regi\u00e3o News"},"image":{"@id":"https:\/\/regiaonews.net.br\/2022\/#\/schema\/logo\/image\/"}},{"@type":"Person","@id":"https:\/\/regiaonews.net.br\/2022\/#\/schema\/person\/2d205a608a5aa97ac279d7a5e6d89ad8","name":"Roberto","image":{"@type":"ImageObject","inLanguage":"pt-BR","@id":"https:\/\/secure.gravatar.com\/avatar\/42749d8b712ff9d59ca93dc150494e5b55a44134482993f5baeb97e61b7ecc89?s=96&d=mm&r=g","url":"https:\/\/secure.gravatar.com\/avatar\/42749d8b712ff9d59ca93dc150494e5b55a44134482993f5baeb97e61b7ecc89?s=96&d=mm&r=g","contentUrl":"https:\/\/secure.gravatar.com\/avatar\/42749d8b712ff9d59ca93dc150494e5b55a44134482993f5baeb97e61b7ecc89?s=96&d=mm&r=g","caption":"Roberto"},"url":"https:\/\/regiaonews.net.br\/2022\/author\/roberto\/"}]}},"publishpress_future_action":{"enabled":false,"date":"2026-05-04 08:46:22","action":"change-status","newStatus":"draft","terms":[],"taxonomy":"category","extraData":[]},"publishpress_future_workflow_manual_trigger":{"enabledWorkflows":[]},"_links":{"self":[{"href":"https:\/\/regiaonews.net.br\/2022\/wp-json\/wp\/v2\/posts\/98830","targetHints":{"allow":["GET"]}}],"collection":[{"href":"https:\/\/regiaonews.net.br\/2022\/wp-json\/wp\/v2\/posts"}],"about":[{"href":"https:\/\/regiaonews.net.br\/2022\/wp-json\/wp\/v2\/types\/post"}],"author":[{"embeddable":true,"href":"https:\/\/regiaonews.net.br\/2022\/wp-json\/wp\/v2\/users\/2"}],"replies":[{"embeddable":true,"href":"https:\/\/regiaonews.net.br\/2022\/wp-json\/wp\/v2\/comments?post=98830"}],"version-history":[{"count":3,"href":"https:\/\/regiaonews.net.br\/2022\/wp-json\/wp\/v2\/posts\/98830\/revisions"}],"predecessor-version":[{"id":98840,"href":"https:\/\/regiaonews.net.br\/2022\/wp-json\/wp\/v2\/posts\/98830\/revisions\/98840"}],"wp:featuredmedia":[{"embeddable":true,"href":"https:\/\/regiaonews.net.br\/2022\/wp-json\/wp\/v2\/media\/98831"}],"wp:attachment":[{"href":"https:\/\/regiaonews.net.br\/2022\/wp-json\/wp\/v2\/media?parent=98830"}],"wp:term":[{"taxonomy":"category","embeddable":true,"href":"https:\/\/regiaonews.net.br\/2022\/wp-json\/wp\/v2\/categories?post=98830"},{"taxonomy":"post_tag","embeddable":true,"href":"https:\/\/regiaonews.net.br\/2022\/wp-json\/wp\/v2\/tags?post=98830"}],"curies":[{"name":"wp","href":"https:\/\/api.w.org\/{rel}","templated":true}]}}