{"id":98797,"date":"2023-12-08T19:02:06","date_gmt":"2023-12-08T22:02:06","guid":{"rendered":"https:\/\/regiaonews.net.br\/2022\/?p=98797"},"modified":"2023-12-08T19:02:06","modified_gmt":"2023-12-08T22:02:06","slug":"programacao-natal-luz-2023-comeca-nesta-sexta-feira","status":"publish","type":"post","link":"https:\/\/regiaonews.net.br\/2022\/2023\/12\/08\/programacao-natal-luz-2023-comeca-nesta-sexta-feira\/","title":{"rendered":"Programa\u00e7\u00e3o &#8220;Natal Luz 2023&#8221; come\u00e7a nesta sexta-feira"},"content":{"rendered":"<div><\/div>\n<div><\/div>\n<div><i>Parada de Natal e apresenta\u00e7\u00e3o do Coral Municipal d\u00e3o in\u00edcio \u00e0s festividades em Barretos<\/i><\/div>\n<div><\/div>\n<div>A esperada Parada de Natal, antecedida pela apresenta\u00e7\u00e3o de Coral na sede da Academia de Letras e Artes de Barretos abrem as festividades do \u201cNatal Luz 2023\u201d nesta sexta-feira, dia 8, em Barretos.<\/div>\n<div>A programa\u00e7\u00e3o come\u00e7a \u00e0s 19h com Coral Municipal, sob a reg\u00eancia do maestro Tiago Lucas Garcia Prado nas janelas da sede da ALAB, localizada na esquina da Rua 18 com a Avenida 23.<\/div>\n<div>Em seguida, a magia fica por conta da Parada de Natal, com sa\u00edda da sede da Secretaria Municipal de Cultura, localizada na esquina da Av.15 com a Rua 18 e segue pela Rua 20 at\u00e9 a esquina da Rua 20 com a Avenida 21. A chegada do Papai Noel, da Associa\u00e7\u00e3o comercial e Industrial de Barretos \u2013 ACIB, para a inaugura\u00e7\u00e3o da Casinha do Bom Velinho Noel, que atender\u00e1 crian\u00e7as at\u00e9 o dia 24 de dezembro, encerra a primeira noite de atra\u00e7\u00f5es.<\/div>\n<div>Sucesso em 2022, a Parada de Natal deste ano traz muitas novidades, entre as alas e atra\u00e7\u00f5es, com a participa\u00e7\u00e3o dos personagens preferidos do p\u00fablico infantil.<\/div>\n<div><b>Atra\u00e7\u00f5es In\u00e9ditas<\/b><\/div>\n<div>A sexta-feira tamb\u00e9m ser\u00e1 marcada pela estreia de uma das atra\u00e7\u00f5es in\u00e9ditas da programa\u00e7\u00e3o: \u201cVeneratta e Feira Gastron\u00f4mica\u201d que ser\u00e3o realizadas no cal\u00e7ad\u00e3o do centro comercial da cidade, com m\u00fasica tocada das sacadas das casas e lojas, a partir das 20h.<\/div>\n<div>No s\u00e1bado, dia 9, ser\u00e1 a vez do \u201cChoro e Bossa\u201d, atividade que prop\u00f5e um happy-hour no centro comercial da cidade, a partir das 20h.<\/div>\n<div><b>Natal nos bairros<\/b><\/div>\n<div>No dia 11, segunda-feira, a magia do Natal invadir\u00e1 os bairros de Barretos com o &#8220;Bonde do Noel&#8221;, outra atra\u00e7\u00e3o in\u00e9dita voltada \u00e0 inclus\u00e3o. Ser\u00e3o seis roteiros. O primeiro sair\u00e1, \u00e0s 18h horas, da Sede da Secretaria Municipal de Cultura (Esquina da Av.15 com a Rua 18) e parada na Rotat\u00f3ria do Barretos II (em frente ao SAMU), passando pelos bairros: Clementina, Pimenta, Santana, Calif\u00f3rnia e Barretos II.<\/div>\n<div>O Bonde do Noel levar\u00e1 m\u00fasica, concursos culturais, programa\u00e7\u00e3o pet friendly, al\u00e9m dos personagens natalinos.<\/div>\n<div>Para o secret\u00e1rio municipal de cultura de Barretos, Rog\u00e9rio Teod\u00f3sio, a programa\u00e7\u00e3o tem como objetivo promover o encantamento e superar o sucesso do ano passado. \u201cO Natal \u00e9 uma \u00e9poca de magia e que encanta crian\u00e7as e adultos. Queremos proporcionar uma experi\u00eancia inesquec\u00edvel e superar os resultados de 2022, melhorando assim a cada ano\u201d, explicou.<\/div>\n<div>A programa\u00e7\u00e3o cultural \u201cNatal Luz 2023\u201d \u00e9 uma realiza\u00e7\u00e3o da Prefeitura da Est\u00e2ncia Tur\u00edstica de Barretos, por meio da Secretaria Municipal de Cultura, com apoio da Secretaria do Estado de Turismo e Viagem e da ACIB.<\/div>\n<div><\/div>\n<div>Confira a programa\u00e7\u00e3o completa:<\/div>\n<div><b>Programa\u00e7\u00e3o Natal Luz 2023 de 8 a 22 de dezembro<\/b><\/div>\n<div>Parada de Natal e M\u00fasica Natalina<\/div>\n<div>Data: 8<\/div>\n<div>Apresenta\u00e7\u00e3o do Coral:<\/div>\n<div>19h \u2013 Coral na Sede da ALAB<\/div>\n<div>Local: Esq. Rua 18 x Av.23<\/div>\n<div>19h30- Parada de Natal<\/div>\n<div>Sa\u00edda: Sede da Secretaria Municipal de Cultura (Esq. Av.15 x Rua 18), seguindo pela Rua 20.<\/div>\n<div>Chegada: Rua 20 esq. Av.21.<\/div>\n<div>Veneratta- M\u00fasica e Feira Gastron\u00f4mica<\/div>\n<div>Um happy hour no cal\u00e7ad\u00e3o do centro comercial da cidade, com m\u00fasica tocada das sacadas das casas e lojas do cal\u00e7ad\u00e3o. A Veneratta tem como objetivo venerar e apreciar a arquitetura do local e a m\u00fasica de diversos ritmos com a inspira\u00e7\u00e3o do Natal.<\/div>\n<div>Dia: 8<\/div>\n<div>Hor\u00e1rio: 20h<\/div>\n<div>Local: Cal\u00e7ad\u00e3o da AV. 21, Ruas 18&#215;20.<\/div>\n<div>Dia: 15<\/div>\n<div>Hor\u00e1rio :20h<\/div>\n<div>Local: Cal\u00e7ad\u00e3o da AV. 17, Ruas 18&#215;20.<\/div>\n<div>Dia: 22<\/div>\n<div>Hor\u00e1rio :20h<\/div>\n<div>Local: Cal\u00e7ad\u00e3o da AV. 19, Ruas 18&#215;20.<\/div>\n<div>Choro e Bossa<\/div>\n<div>Happy Hour no centro comercial da cidade com bandas de Choro e Bossa Nova tocando no cal\u00e7ad\u00e3o.<\/div>\n<div>Dia: 9<\/div>\n<div>Hor\u00e1rio: 20h<\/div>\n<div>Local: Cal\u00e7ad\u00e3o da AV. 21, Ruas 18&#215;20.<\/div>\n<div>Dia: 16<\/div>\n<div>Hor\u00e1rio: 20h<\/div>\n<div>Local: Cal\u00e7ad\u00e3o da AV. 17, Ruas 18&#215;20.<\/div>\n<div>Bonde do Noel<\/div>\n<div>Programa\u00e7\u00e3o Natalina nos bairros da cidade.<\/div>\n<div>O Bonde do Noel sai em carreata natalina pelas ruas das diferentes regi\u00f5es da cidade levando M\u00fasica, concursos culturais, programa\u00e7\u00e3o pet friendly e os personagens preferidos das crian\u00e7as.<\/div>\n<div>Dia:11(segunda-feira)<\/div>\n<div>Sa\u00edda: Sede da Secretaria Municipal de Cultura (Esq. Av. 15x Rua 18)<\/div>\n<div>Chegada: Rotat\u00f3ria do Barretos II (Em frente ao SAMU)<\/div>\n<div>Itiner\u00e1rio: Secretaria de Cultura, passando pelos bairros: Clementina, Pimenta, Santana Calif\u00f3rnia e Barretos II.<\/div>\n<div>Dia:12 (ter\u00e7a-feira)<\/div>\n<div>Sa\u00edda: Sede da Secretaria Municipal de Cultura (Esq. Av. 15 x Rua 18)<\/div>\n<div>Chegada: Christiano Carvalho (Rua C-20, 402 &#8211; Cristiano de Carvalho &#8211; CEMEP)<\/div>\n<div>Itiner\u00e1rio: Secretaria de Cultura, passando pelos bairros: Gomes, Hussein GEMHA, BRZ, MRV, Mais Parque e Christiano Carvalho.<\/div>\n<div>Dia:13 (quarta-feira)<\/div>\n<div>Sa\u00edda: Sede da Secretaria Municipal de Cultura (Esq. Av.15 x Rua 18)<\/div>\n<div>Chegada: Luiz Spina (Pra\u00e7a do Bairro Luiz Spina &#8211; R. Demerval de Almeida)<\/div>\n<div>Itiner\u00e1rio: Secretaria de Cultura, Pedro Cavalini, Cecap II, Benedito Correia, Newton Siqueira Sopa, Falleiros, Luiz Spina.<\/div>\n<div>Dia:14 (quinta-feira)<\/div>\n<div>Sa\u00edda: Sede da Secretaria Municipal de Cultura (Esq. Av.15 x Rua 18)<\/div>\n<div>Chegada: Bairro Vida Nova (E. M. Prof.\u00aa Ivone Diniz Junqueira\u201d &#8211; Av. VN 5 &#8211; Irlandino Netto Sandoval)<\/div>\n<div>Itiner\u00e1rio: Secretaria de Cultura, AV. Ibirapuera, Pereira, Bairro Ibirapuera, Nova Barretos, Vida Nova.<\/div>\n<div>Dia:17 (domingo)<\/div>\n<div>Sa\u00edda: Sede da Secretaria Municipal de Cultura (Esq. Av.15 x Rua 18)<\/div>\n<div>Chegada: Jardim Alvorada (Pra\u00e7a em frente Instituto Cesalpina R. Quarenta, 3050 &#8211; Jardim Alvorada)<\/div>\n<div>Itiner\u00e1rio: Secretaria de Cultura, Paulo Prata, Am\u00e9rica Vila Rios, Diva, Jardim Alvorada.<\/div>\n<div>Dia:18 (segunda-feira)<\/div>\n<div>Sa\u00edda: Sede da Secretaria Municipal de Cultura (Esq. Av.15 x Rua 18)<\/div>\n<div>Chegada: S\u00e3o Francisco (E.M. S\u00e3o Francisco &#8211; Rua SF-8, 1610 &#8211; S\u00e3o Francisco,)<\/div>\n<div>Itiner\u00e1rio: Secretaria de Cultura, Jockey, Derby, Los Angeles, Santa Cec\u00edlia, San Diego, Anast\u00e1cio, S\u00e3o Francisco<\/div>\n<div>Concurso \u201cA Mais Bela Voz \u2013 Kids\u201d (infantil e juvenil)<\/div>\n<div>Dia:19 (Ter\u00e7a-feira)<\/div>\n<div>Hor\u00e1rio: 20h<\/div>\n<div>Local: Pra\u00e7a Francisco Barreto<\/div>\n<div>Dia: 20<\/div>\n<div>Inaugura\u00e7\u00e3o das Obras de Reforma da Pra\u00e7a Francisco Barreto<\/div>\n<div>E Show com Rionegro e Solim\u00f5es<\/div>\n<div>Dia: 20<\/div>\n<div>Hor\u00e1rio: 20h<\/div>\n<div>Local: Pra\u00e7a Francisco Barreto<\/div>\n<div>Dia:21<\/div>\n<div>Hor\u00e1rio:19h30<\/div>\n<div>Sa\u00edda: Sede da Secretaria Municipal de Cultura (Esq. Av.15 x Rua 18), seguindo pela Rua 20.<\/div>\n<div>Chegada: Esq. Av.21 x Rua 20<\/div>\n","protected":false},"excerpt":{"rendered":"<p>Parada de Natal e apresenta\u00e7\u00e3o do Coral Municipal d\u00e3o in\u00edcio<\/p>\n","protected":false},"author":2,"featured_media":98798,"comment_status":"open","ping_status":"open","sticky":false,"template":"","format":"standard","meta":{"footnotes":""},"categories":[14,25],"tags":[],"class_list":["post-98797","post","type-post","status-publish","format-standard","has-post-thumbnail","hentry","category-barretos","category-cidades"],"yoast_head":"<!-- This site is optimized with the Yoast SEO plugin v27.4 - https:\/\/yoast.com\/product\/yoast-seo-wordpress\/ -->\n<title>Programa\u00e7\u00e3o &quot;Natal Luz 2023&quot; come\u00e7a nesta sexta-feira - Regi\u00e3o News<\/title>\n<meta name=\"robots\" content=\"index, follow, max-snippet:-1, max-image-preview:large, max-video-preview:-1\" \/>\n<link rel=\"canonical\" href=\"https:\/\/regiaonews.net.br\/2022\/2023\/12\/08\/programacao-natal-luz-2023-comeca-nesta-sexta-feira\/\" \/>\n<meta property=\"og:locale\" content=\"pt_BR\" \/>\n<meta property=\"og:type\" content=\"article\" \/>\n<meta property=\"og:title\" content=\"Programa\u00e7\u00e3o &quot;Natal Luz 2023&quot; come\u00e7a nesta sexta-feira - Regi\u00e3o News\" \/>\n<meta property=\"og:description\" content=\"Parada de Natal e apresenta\u00e7\u00e3o do Coral Municipal d\u00e3o in\u00edcio\" \/>\n<meta property=\"og:url\" content=\"https:\/\/regiaonews.net.br\/2022\/2023\/12\/08\/programacao-natal-luz-2023-comeca-nesta-sexta-feira\/\" \/>\n<meta property=\"og:site_name\" content=\"Regi\u00e3o News\" \/>\n<meta property=\"article:published_time\" content=\"2023-12-08T22:02:06+00:00\" \/>\n<meta property=\"og:image\" content=\"https:\/\/regiaonews.net.br\/2022\/wp-content\/uploads\/2023\/12\/b73ce398c39f506af761d2277d853a92.jpeg\" \/>\n\t<meta property=\"og:image:width\" content=\"1080\" \/>\n\t<meta property=\"og:image:height\" content=\"1080\" \/>\n\t<meta property=\"og:image:type\" content=\"image\/jpeg\" \/>\n<meta name=\"author\" content=\"Roberto\" \/>\n<meta name=\"twitter:card\" content=\"summary_large_image\" \/>\n<meta name=\"twitter:label1\" content=\"Escrito por\" \/>\n\t<meta name=\"twitter:data1\" content=\"Roberto\" \/>\n\t<meta name=\"twitter:label2\" content=\"Est. tempo de leitura\" \/>\n\t<meta name=\"twitter:data2\" content=\"6 minutos\" \/>\n<script type=\"application\/ld+json\" class=\"yoast-schema-graph\">{\"@context\":\"https:\\\/\\\/schema.org\",\"@graph\":[{\"@type\":\"Article\",\"@id\":\"https:\\\/\\\/regiaonews.net.br\\\/2022\\\/2023\\\/12\\\/08\\\/programacao-natal-luz-2023-comeca-nesta-sexta-feira\\\/#article\",\"isPartOf\":{\"@id\":\"https:\\\/\\\/regiaonews.net.br\\\/2022\\\/2023\\\/12\\\/08\\\/programacao-natal-luz-2023-comeca-nesta-sexta-feira\\\/\"},\"author\":{\"name\":\"Roberto\",\"@id\":\"https:\\\/\\\/regiaonews.net.br\\\/2022\\\/#\\\/schema\\\/person\\\/2d205a608a5aa97ac279d7a5e6d89ad8\"},\"headline\":\"Programa\u00e7\u00e3o &#8220;Natal Luz 2023&#8221; come\u00e7a nesta sexta-feira\",\"datePublished\":\"2023-12-08T22:02:06+00:00\",\"mainEntityOfPage\":{\"@id\":\"https:\\\/\\\/regiaonews.net.br\\\/2022\\\/2023\\\/12\\\/08\\\/programacao-natal-luz-2023-comeca-nesta-sexta-feira\\\/\"},\"wordCount\":1049,\"commentCount\":0,\"publisher\":{\"@id\":\"https:\\\/\\\/regiaonews.net.br\\\/2022\\\/#organization\"},\"image\":{\"@id\":\"https:\\\/\\\/regiaonews.net.br\\\/2022\\\/2023\\\/12\\\/08\\\/programacao-natal-luz-2023-comeca-nesta-sexta-feira\\\/#primaryimage\"},\"thumbnailUrl\":\"https:\\\/\\\/regiaonews.net.br\\\/2022\\\/wp-content\\\/uploads\\\/2023\\\/12\\\/b73ce398c39f506af761d2277d853a92.jpeg\",\"articleSection\":[\"Barretos\",\"Cidades\"],\"inLanguage\":\"pt-BR\",\"potentialAction\":[{\"@type\":\"CommentAction\",\"name\":\"Comment\",\"target\":[\"https:\\\/\\\/regiaonews.net.br\\\/2022\\\/2023\\\/12\\\/08\\\/programacao-natal-luz-2023-comeca-nesta-sexta-feira\\\/#respond\"]}]},{\"@type\":\"WebPage\",\"@id\":\"https:\\\/\\\/regiaonews.net.br\\\/2022\\\/2023\\\/12\\\/08\\\/programacao-natal-luz-2023-comeca-nesta-sexta-feira\\\/\",\"url\":\"https:\\\/\\\/regiaonews.net.br\\\/2022\\\/2023\\\/12\\\/08\\\/programacao-natal-luz-2023-comeca-nesta-sexta-feira\\\/\",\"name\":\"Programa\u00e7\u00e3o \\\"Natal Luz 2023\\\" come\u00e7a nesta sexta-feira - Regi\u00e3o News\",\"isPartOf\":{\"@id\":\"https:\\\/\\\/regiaonews.net.br\\\/2022\\\/#website\"},\"primaryImageOfPage\":{\"@id\":\"https:\\\/\\\/regiaonews.net.br\\\/2022\\\/2023\\\/12\\\/08\\\/programacao-natal-luz-2023-comeca-nesta-sexta-feira\\\/#primaryimage\"},\"image\":{\"@id\":\"https:\\\/\\\/regiaonews.net.br\\\/2022\\\/2023\\\/12\\\/08\\\/programacao-natal-luz-2023-comeca-nesta-sexta-feira\\\/#primaryimage\"},\"thumbnailUrl\":\"https:\\\/\\\/regiaonews.net.br\\\/2022\\\/wp-content\\\/uploads\\\/2023\\\/12\\\/b73ce398c39f506af761d2277d853a92.jpeg\",\"datePublished\":\"2023-12-08T22:02:06+00:00\",\"breadcrumb\":{\"@id\":\"https:\\\/\\\/regiaonews.net.br\\\/2022\\\/2023\\\/12\\\/08\\\/programacao-natal-luz-2023-comeca-nesta-sexta-feira\\\/#breadcrumb\"},\"inLanguage\":\"pt-BR\",\"potentialAction\":[{\"@type\":\"ReadAction\",\"target\":[\"https:\\\/\\\/regiaonews.net.br\\\/2022\\\/2023\\\/12\\\/08\\\/programacao-natal-luz-2023-comeca-nesta-sexta-feira\\\/\"]}]},{\"@type\":\"ImageObject\",\"inLanguage\":\"pt-BR\",\"@id\":\"https:\\\/\\\/regiaonews.net.br\\\/2022\\\/2023\\\/12\\\/08\\\/programacao-natal-luz-2023-comeca-nesta-sexta-feira\\\/#primaryimage\",\"url\":\"https:\\\/\\\/regiaonews.net.br\\\/2022\\\/wp-content\\\/uploads\\\/2023\\\/12\\\/b73ce398c39f506af761d2277d853a92.jpeg\",\"contentUrl\":\"https:\\\/\\\/regiaonews.net.br\\\/2022\\\/wp-content\\\/uploads\\\/2023\\\/12\\\/b73ce398c39f506af761d2277d853a92.jpeg\",\"width\":1080,\"height\":1080},{\"@type\":\"BreadcrumbList\",\"@id\":\"https:\\\/\\\/regiaonews.net.br\\\/2022\\\/2023\\\/12\\\/08\\\/programacao-natal-luz-2023-comeca-nesta-sexta-feira\\\/#breadcrumb\",\"itemListElement\":[{\"@type\":\"ListItem\",\"position\":1,\"name\":\"In\u00edcio\",\"item\":\"https:\\\/\\\/regiaonews.net.br\\\/2022\\\/\"},{\"@type\":\"ListItem\",\"position\":2,\"name\":\"Programa\u00e7\u00e3o &#8220;Natal Luz 2023&#8221; come\u00e7a nesta sexta-feira\"}]},{\"@type\":\"WebSite\",\"@id\":\"https:\\\/\\\/regiaonews.net.br\\\/2022\\\/#website\",\"url\":\"https:\\\/\\\/regiaonews.net.br\\\/2022\\\/\",\"name\":\"Regi\u00e3o News\",\"description\":\"Site de Not\u00edcias de Barretos e regi\u00e3o\",\"publisher\":{\"@id\":\"https:\\\/\\\/regiaonews.net.br\\\/2022\\\/#organization\"},\"potentialAction\":[{\"@type\":\"SearchAction\",\"target\":{\"@type\":\"EntryPoint\",\"urlTemplate\":\"https:\\\/\\\/regiaonews.net.br\\\/2022\\\/?s={search_term_string}\"},\"query-input\":{\"@type\":\"PropertyValueSpecification\",\"valueRequired\":true,\"valueName\":\"search_term_string\"}}],\"inLanguage\":\"pt-BR\"},{\"@type\":\"Organization\",\"@id\":\"https:\\\/\\\/regiaonews.net.br\\\/2022\\\/#organization\",\"name\":\"Regi\u00e3o News\",\"url\":\"https:\\\/\\\/regiaonews.net.br\\\/2022\\\/\",\"logo\":{\"@type\":\"ImageObject\",\"inLanguage\":\"pt-BR\",\"@id\":\"https:\\\/\\\/regiaonews.net.br\\\/2022\\\/#\\\/schema\\\/logo\\\/image\\\/\",\"url\":\"https:\\\/\\\/regiaonews.net.br\\\/2022\\\/wp-content\\\/uploads\\\/2026\\\/03\\\/regiao-13-anos-scaled.jpg\",\"contentUrl\":\"https:\\\/\\\/regiaonews.net.br\\\/2022\\\/wp-content\\\/uploads\\\/2026\\\/03\\\/regiao-13-anos-scaled.jpg\",\"width\":2560,\"height\":635,\"caption\":\"Regi\u00e3o News\"},\"image\":{\"@id\":\"https:\\\/\\\/regiaonews.net.br\\\/2022\\\/#\\\/schema\\\/logo\\\/image\\\/\"}},{\"@type\":\"Person\",\"@id\":\"https:\\\/\\\/regiaonews.net.br\\\/2022\\\/#\\\/schema\\\/person\\\/2d205a608a5aa97ac279d7a5e6d89ad8\",\"name\":\"Roberto\",\"image\":{\"@type\":\"ImageObject\",\"inLanguage\":\"pt-BR\",\"@id\":\"https:\\\/\\\/secure.gravatar.com\\\/avatar\\\/42749d8b712ff9d59ca93dc150494e5b55a44134482993f5baeb97e61b7ecc89?s=96&d=mm&r=g\",\"url\":\"https:\\\/\\\/secure.gravatar.com\\\/avatar\\\/42749d8b712ff9d59ca93dc150494e5b55a44134482993f5baeb97e61b7ecc89?s=96&d=mm&r=g\",\"contentUrl\":\"https:\\\/\\\/secure.gravatar.com\\\/avatar\\\/42749d8b712ff9d59ca93dc150494e5b55a44134482993f5baeb97e61b7ecc89?s=96&d=mm&r=g\",\"caption\":\"Roberto\"},\"url\":\"https:\\\/\\\/regiaonews.net.br\\\/2022\\\/author\\\/roberto\\\/\"}]}<\/script>\n<!-- \/ Yoast SEO plugin. -->","yoast_head_json":{"title":"Programa\u00e7\u00e3o \"Natal Luz 2023\" come\u00e7a nesta sexta-feira - Regi\u00e3o News","robots":{"index":"index","follow":"follow","max-snippet":"max-snippet:-1","max-image-preview":"max-image-preview:large","max-video-preview":"max-video-preview:-1"},"canonical":"https:\/\/regiaonews.net.br\/2022\/2023\/12\/08\/programacao-natal-luz-2023-comeca-nesta-sexta-feira\/","og_locale":"pt_BR","og_type":"article","og_title":"Programa\u00e7\u00e3o \"Natal Luz 2023\" come\u00e7a nesta sexta-feira - Regi\u00e3o News","og_description":"Parada de Natal e apresenta\u00e7\u00e3o do Coral Municipal d\u00e3o in\u00edcio","og_url":"https:\/\/regiaonews.net.br\/2022\/2023\/12\/08\/programacao-natal-luz-2023-comeca-nesta-sexta-feira\/","og_site_name":"Regi\u00e3o News","article_published_time":"2023-12-08T22:02:06+00:00","og_image":[{"width":1080,"height":1080,"url":"https:\/\/regiaonews.net.br\/2022\/wp-content\/uploads\/2023\/12\/b73ce398c39f506af761d2277d853a92.jpeg","type":"image\/jpeg"}],"author":"Roberto","twitter_card":"summary_large_image","twitter_misc":{"Escrito por":"Roberto","Est. tempo de leitura":"6 minutos"},"schema":{"@context":"https:\/\/schema.org","@graph":[{"@type":"Article","@id":"https:\/\/regiaonews.net.br\/2022\/2023\/12\/08\/programacao-natal-luz-2023-comeca-nesta-sexta-feira\/#article","isPartOf":{"@id":"https:\/\/regiaonews.net.br\/2022\/2023\/12\/08\/programacao-natal-luz-2023-comeca-nesta-sexta-feira\/"},"author":{"name":"Roberto","@id":"https:\/\/regiaonews.net.br\/2022\/#\/schema\/person\/2d205a608a5aa97ac279d7a5e6d89ad8"},"headline":"Programa\u00e7\u00e3o &#8220;Natal Luz 2023&#8221; come\u00e7a nesta sexta-feira","datePublished":"2023-12-08T22:02:06+00:00","mainEntityOfPage":{"@id":"https:\/\/regiaonews.net.br\/2022\/2023\/12\/08\/programacao-natal-luz-2023-comeca-nesta-sexta-feira\/"},"wordCount":1049,"commentCount":0,"publisher":{"@id":"https:\/\/regiaonews.net.br\/2022\/#organization"},"image":{"@id":"https:\/\/regiaonews.net.br\/2022\/2023\/12\/08\/programacao-natal-luz-2023-comeca-nesta-sexta-feira\/#primaryimage"},"thumbnailUrl":"https:\/\/regiaonews.net.br\/2022\/wp-content\/uploads\/2023\/12\/b73ce398c39f506af761d2277d853a92.jpeg","articleSection":["Barretos","Cidades"],"inLanguage":"pt-BR","potentialAction":[{"@type":"CommentAction","name":"Comment","target":["https:\/\/regiaonews.net.br\/2022\/2023\/12\/08\/programacao-natal-luz-2023-comeca-nesta-sexta-feira\/#respond"]}]},{"@type":"WebPage","@id":"https:\/\/regiaonews.net.br\/2022\/2023\/12\/08\/programacao-natal-luz-2023-comeca-nesta-sexta-feira\/","url":"https:\/\/regiaonews.net.br\/2022\/2023\/12\/08\/programacao-natal-luz-2023-comeca-nesta-sexta-feira\/","name":"Programa\u00e7\u00e3o \"Natal Luz 2023\" come\u00e7a nesta sexta-feira - Regi\u00e3o News","isPartOf":{"@id":"https:\/\/regiaonews.net.br\/2022\/#website"},"primaryImageOfPage":{"@id":"https:\/\/regiaonews.net.br\/2022\/2023\/12\/08\/programacao-natal-luz-2023-comeca-nesta-sexta-feira\/#primaryimage"},"image":{"@id":"https:\/\/regiaonews.net.br\/2022\/2023\/12\/08\/programacao-natal-luz-2023-comeca-nesta-sexta-feira\/#primaryimage"},"thumbnailUrl":"https:\/\/regiaonews.net.br\/2022\/wp-content\/uploads\/2023\/12\/b73ce398c39f506af761d2277d853a92.jpeg","datePublished":"2023-12-08T22:02:06+00:00","breadcrumb":{"@id":"https:\/\/regiaonews.net.br\/2022\/2023\/12\/08\/programacao-natal-luz-2023-comeca-nesta-sexta-feira\/#breadcrumb"},"inLanguage":"pt-BR","potentialAction":[{"@type":"ReadAction","target":["https:\/\/regiaonews.net.br\/2022\/2023\/12\/08\/programacao-natal-luz-2023-comeca-nesta-sexta-feira\/"]}]},{"@type":"ImageObject","inLanguage":"pt-BR","@id":"https:\/\/regiaonews.net.br\/2022\/2023\/12\/08\/programacao-natal-luz-2023-comeca-nesta-sexta-feira\/#primaryimage","url":"https:\/\/regiaonews.net.br\/2022\/wp-content\/uploads\/2023\/12\/b73ce398c39f506af761d2277d853a92.jpeg","contentUrl":"https:\/\/regiaonews.net.br\/2022\/wp-content\/uploads\/2023\/12\/b73ce398c39f506af761d2277d853a92.jpeg","width":1080,"height":1080},{"@type":"BreadcrumbList","@id":"https:\/\/regiaonews.net.br\/2022\/2023\/12\/08\/programacao-natal-luz-2023-comeca-nesta-sexta-feira\/#breadcrumb","itemListElement":[{"@type":"ListItem","position":1,"name":"In\u00edcio","item":"https:\/\/regiaonews.net.br\/2022\/"},{"@type":"ListItem","position":2,"name":"Programa\u00e7\u00e3o &#8220;Natal Luz 2023&#8221; come\u00e7a nesta sexta-feira"}]},{"@type":"WebSite","@id":"https:\/\/regiaonews.net.br\/2022\/#website","url":"https:\/\/regiaonews.net.br\/2022\/","name":"Regi\u00e3o News","description":"Site de Not\u00edcias de Barretos e regi\u00e3o","publisher":{"@id":"https:\/\/regiaonews.net.br\/2022\/#organization"},"potentialAction":[{"@type":"SearchAction","target":{"@type":"EntryPoint","urlTemplate":"https:\/\/regiaonews.net.br\/2022\/?s={search_term_string}"},"query-input":{"@type":"PropertyValueSpecification","valueRequired":true,"valueName":"search_term_string"}}],"inLanguage":"pt-BR"},{"@type":"Organization","@id":"https:\/\/regiaonews.net.br\/2022\/#organization","name":"Regi\u00e3o News","url":"https:\/\/regiaonews.net.br\/2022\/","logo":{"@type":"ImageObject","inLanguage":"pt-BR","@id":"https:\/\/regiaonews.net.br\/2022\/#\/schema\/logo\/image\/","url":"https:\/\/regiaonews.net.br\/2022\/wp-content\/uploads\/2026\/03\/regiao-13-anos-scaled.jpg","contentUrl":"https:\/\/regiaonews.net.br\/2022\/wp-content\/uploads\/2026\/03\/regiao-13-anos-scaled.jpg","width":2560,"height":635,"caption":"Regi\u00e3o News"},"image":{"@id":"https:\/\/regiaonews.net.br\/2022\/#\/schema\/logo\/image\/"}},{"@type":"Person","@id":"https:\/\/regiaonews.net.br\/2022\/#\/schema\/person\/2d205a608a5aa97ac279d7a5e6d89ad8","name":"Roberto","image":{"@type":"ImageObject","inLanguage":"pt-BR","@id":"https:\/\/secure.gravatar.com\/avatar\/42749d8b712ff9d59ca93dc150494e5b55a44134482993f5baeb97e61b7ecc89?s=96&d=mm&r=g","url":"https:\/\/secure.gravatar.com\/avatar\/42749d8b712ff9d59ca93dc150494e5b55a44134482993f5baeb97e61b7ecc89?s=96&d=mm&r=g","contentUrl":"https:\/\/secure.gravatar.com\/avatar\/42749d8b712ff9d59ca93dc150494e5b55a44134482993f5baeb97e61b7ecc89?s=96&d=mm&r=g","caption":"Roberto"},"url":"https:\/\/regiaonews.net.br\/2022\/author\/roberto\/"}]}},"publishpress_future_action":{"enabled":false,"date":"2026-05-04 13:01:32","action":"change-status","newStatus":"draft","terms":[],"taxonomy":"category","extraData":[]},"publishpress_future_workflow_manual_trigger":{"enabledWorkflows":[]},"_links":{"self":[{"href":"https:\/\/regiaonews.net.br\/2022\/wp-json\/wp\/v2\/posts\/98797","targetHints":{"allow":["GET"]}}],"collection":[{"href":"https:\/\/regiaonews.net.br\/2022\/wp-json\/wp\/v2\/posts"}],"about":[{"href":"https:\/\/regiaonews.net.br\/2022\/wp-json\/wp\/v2\/types\/post"}],"author":[{"embeddable":true,"href":"https:\/\/regiaonews.net.br\/2022\/wp-json\/wp\/v2\/users\/2"}],"replies":[{"embeddable":true,"href":"https:\/\/regiaonews.net.br\/2022\/wp-json\/wp\/v2\/comments?post=98797"}],"version-history":[{"count":1,"href":"https:\/\/regiaonews.net.br\/2022\/wp-json\/wp\/v2\/posts\/98797\/revisions"}],"predecessor-version":[{"id":98799,"href":"https:\/\/regiaonews.net.br\/2022\/wp-json\/wp\/v2\/posts\/98797\/revisions\/98799"}],"wp:featuredmedia":[{"embeddable":true,"href":"https:\/\/regiaonews.net.br\/2022\/wp-json\/wp\/v2\/media\/98798"}],"wp:attachment":[{"href":"https:\/\/regiaonews.net.br\/2022\/wp-json\/wp\/v2\/media?parent=98797"}],"wp:term":[{"taxonomy":"category","embeddable":true,"href":"https:\/\/regiaonews.net.br\/2022\/wp-json\/wp\/v2\/categories?post=98797"},{"taxonomy":"post_tag","embeddable":true,"href":"https:\/\/regiaonews.net.br\/2022\/wp-json\/wp\/v2\/tags?post=98797"}],"curies":[{"name":"wp","href":"https:\/\/api.w.org\/{rel}","templated":true}]}}