{"id":98791,"date":"2023-12-08T18:57:05","date_gmt":"2023-12-08T21:57:05","guid":{"rendered":"https:\/\/regiaonews.net.br\/2022\/?p=98791"},"modified":"2023-12-08T18:57:05","modified_gmt":"2023-12-08T21:57:05","slug":"revitalizacao-da-praca-francisco-barreto-entra-em-fase-final","status":"publish","type":"post","link":"https:\/\/regiaonews.net.br\/2022\/2023\/12\/08\/revitalizacao-da-praca-francisco-barreto-entra-em-fase-final\/","title":{"rendered":"Revitaliza\u00e7\u00e3o da Pra\u00e7a Francisco Barreto entra em fase final"},"content":{"rendered":"<p>Espa\u00e7o ser\u00e1 entregue \u00e0 popula\u00e7\u00e3o no dia 20 de dezembro, com show gratuito da dupla Rionegro &amp; Solim\u00f5es<\/p>\n<p>A partir do pr\u00f3ximo dia 20 de dezembro, a popula\u00e7\u00e3o da Est\u00e2ncia Tur\u00edstica de Barretos poder\u00e1 usufruir de uma Pra\u00e7a Francisco Barreto totalmente revitalizada, com novo paisagismo e uma \u00e1rea de alimenta\u00e7\u00e3o dotada de toda a infraestrutura necess\u00e1ria para os comerciantes e consumidores. A obra, que j\u00e1 se encontra em fase de finaliza\u00e7\u00e3o, ser\u00e1 entregue durante a programa\u00e7\u00e3o do \u201cNatal Luz\u201d. O evento, com apoio da Secretaria de Estado de Turismo e Viagem e da iniciativa privada, ter\u00e1 show gratuito da dupla sertaneja Rionegro &amp; Solim\u00f5es.<br \/>\nDe acordo com o secret\u00e1rio municipal de Obras, Pl\u00e1cido Martins J\u00fanior, os servi\u00e7os seguem em ritmo acelerado. \u201cEstamos nos retoques finais para entregar essa que ser\u00e1 uma das pra\u00e7as mais bonitas da nossa regi\u00e3o. J\u00e1 instalamos mais de cem bancos, lixeiras, os playgrounds e a cobertura dos pergolados da \u00e1rea de alimenta\u00e7\u00e3o e dos pontos de \u00f4nibus. Tamb\u00e9m estamos realizando a pintura das estruturas e trabalhando na execu\u00e7\u00e3o da ilumina\u00e7\u00e3o final, paisagismo e assentamento de pedras\u201d, pontuou.<br \/>\nA revitaliza\u00e7\u00e3o contemplou a adequa\u00e7\u00e3o da antiga biblioteca municipal para receber os comerciantes do local, transformando o espa\u00e7o em uma ampla e moderna \u00e1rea de alimenta\u00e7\u00e3o, com novos sanit\u00e1rios e adapta\u00e7\u00f5es de acessibilidade.<br \/>\nPlantio de Ip\u00eas<br \/>\nO novo projeto paisag\u00edstico, com estimativa de plantio de mais de 45 mil mudas entre \u00e1rvores, palmeiras, arbustos e forra\u00e7\u00e3o, tamb\u00e9m est\u00e1 em fase de conclus\u00e3o e contar\u00e1 com sistema de irriga\u00e7\u00e3o e ilumina\u00e7\u00e3o ornamental nos canteiros, para embelezar o projeto. Al\u00e9m disso, a \u00e1rvore s\u00edmbolo da cidade ter\u00e1 destaque no novo paisagismo. Ao todo, ser\u00e3o 67 exemplares de Ip\u00ea, dos quais 15 Ip\u00eas-do-cerrado e 52 Ip\u00eas-roxos. As mudas est\u00e3o em fase de plantio.<br \/>\nO investimento na Pra\u00e7a Francisco Barreto \u00e9 de R$ 7.656.639,58, sendo R$ 1.000.000,00 em repasse da Secretaria de Governo e Rela\u00e7\u00f5es Institucionais, R$ 615.073,96, da Secretaria de Turismo e Viagens \u2013 DADETUR, mais contrapartida municipal de R$ 6.041.565,62.<\/p>\n","protected":false},"excerpt":{"rendered":"<p>Espa\u00e7o ser\u00e1 entregue \u00e0 popula\u00e7\u00e3o no dia 20 de dezembro,<\/p>\n","protected":false},"author":2,"featured_media":98792,"comment_status":"open","ping_status":"open","sticky":false,"template":"","format":"standard","meta":{"footnotes":""},"categories":[14,25],"tags":[],"class_list":["post-98791","post","type-post","status-publish","format-standard","has-post-thumbnail","hentry","category-barretos","category-cidades"],"yoast_head":"<!-- This site is optimized with the Yoast SEO plugin v27.4 - https:\/\/yoast.com\/product\/yoast-seo-wordpress\/ -->\n<title>Revitaliza\u00e7\u00e3o da Pra\u00e7a Francisco Barreto entra em fase final - Regi\u00e3o News<\/title>\n<meta name=\"robots\" content=\"index, follow, max-snippet:-1, max-image-preview:large, max-video-preview:-1\" \/>\n<link rel=\"canonical\" href=\"https:\/\/regiaonews.net.br\/2022\/2023\/12\/08\/revitalizacao-da-praca-francisco-barreto-entra-em-fase-final\/\" \/>\n<meta property=\"og:locale\" content=\"pt_BR\" \/>\n<meta property=\"og:type\" content=\"article\" \/>\n<meta property=\"og:title\" content=\"Revitaliza\u00e7\u00e3o da Pra\u00e7a Francisco Barreto entra em fase final - Regi\u00e3o News\" \/>\n<meta property=\"og:description\" content=\"Espa\u00e7o ser\u00e1 entregue \u00e0 popula\u00e7\u00e3o no dia 20 de dezembro,\" \/>\n<meta property=\"og:url\" content=\"https:\/\/regiaonews.net.br\/2022\/2023\/12\/08\/revitalizacao-da-praca-francisco-barreto-entra-em-fase-final\/\" \/>\n<meta property=\"og:site_name\" content=\"Regi\u00e3o News\" \/>\n<meta property=\"article:published_time\" content=\"2023-12-08T21:57:05+00:00\" \/>\n<meta property=\"og:image\" content=\"https:\/\/regiaonews.net.br\/2022\/wp-content\/uploads\/2023\/12\/WhatsApp-Image-2023-12-08-at-16.50.48.jpeg\" \/>\n\t<meta property=\"og:image:width\" content=\"1280\" \/>\n\t<meta property=\"og:image:height\" content=\"846\" \/>\n\t<meta property=\"og:image:type\" content=\"image\/jpeg\" \/>\n<meta name=\"author\" content=\"Roberto\" \/>\n<meta name=\"twitter:card\" content=\"summary_large_image\" \/>\n<meta name=\"twitter:label1\" content=\"Escrito por\" \/>\n\t<meta name=\"twitter:data1\" content=\"Roberto\" \/>\n\t<meta name=\"twitter:label2\" content=\"Est. tempo de leitura\" \/>\n\t<meta name=\"twitter:data2\" content=\"2 minutos\" \/>\n<script type=\"application\/ld+json\" class=\"yoast-schema-graph\">{\"@context\":\"https:\\\/\\\/schema.org\",\"@graph\":[{\"@type\":\"Article\",\"@id\":\"https:\\\/\\\/regiaonews.net.br\\\/2022\\\/2023\\\/12\\\/08\\\/revitalizacao-da-praca-francisco-barreto-entra-em-fase-final\\\/#article\",\"isPartOf\":{\"@id\":\"https:\\\/\\\/regiaonews.net.br\\\/2022\\\/2023\\\/12\\\/08\\\/revitalizacao-da-praca-francisco-barreto-entra-em-fase-final\\\/\"},\"author\":{\"name\":\"Roberto\",\"@id\":\"https:\\\/\\\/regiaonews.net.br\\\/2022\\\/#\\\/schema\\\/person\\\/2d205a608a5aa97ac279d7a5e6d89ad8\"},\"headline\":\"Revitaliza\u00e7\u00e3o da Pra\u00e7a Francisco Barreto entra em fase final\",\"datePublished\":\"2023-12-08T21:57:05+00:00\",\"mainEntityOfPage\":{\"@id\":\"https:\\\/\\\/regiaonews.net.br\\\/2022\\\/2023\\\/12\\\/08\\\/revitalizacao-da-praca-francisco-barreto-entra-em-fase-final\\\/\"},\"wordCount\":371,\"commentCount\":0,\"publisher\":{\"@id\":\"https:\\\/\\\/regiaonews.net.br\\\/2022\\\/#organization\"},\"image\":{\"@id\":\"https:\\\/\\\/regiaonews.net.br\\\/2022\\\/2023\\\/12\\\/08\\\/revitalizacao-da-praca-francisco-barreto-entra-em-fase-final\\\/#primaryimage\"},\"thumbnailUrl\":\"https:\\\/\\\/regiaonews.net.br\\\/2022\\\/wp-content\\\/uploads\\\/2023\\\/12\\\/WhatsApp-Image-2023-12-08-at-16.50.48.jpeg\",\"articleSection\":[\"Barretos\",\"Cidades\"],\"inLanguage\":\"pt-BR\",\"potentialAction\":[{\"@type\":\"CommentAction\",\"name\":\"Comment\",\"target\":[\"https:\\\/\\\/regiaonews.net.br\\\/2022\\\/2023\\\/12\\\/08\\\/revitalizacao-da-praca-francisco-barreto-entra-em-fase-final\\\/#respond\"]}]},{\"@type\":\"WebPage\",\"@id\":\"https:\\\/\\\/regiaonews.net.br\\\/2022\\\/2023\\\/12\\\/08\\\/revitalizacao-da-praca-francisco-barreto-entra-em-fase-final\\\/\",\"url\":\"https:\\\/\\\/regiaonews.net.br\\\/2022\\\/2023\\\/12\\\/08\\\/revitalizacao-da-praca-francisco-barreto-entra-em-fase-final\\\/\",\"name\":\"Revitaliza\u00e7\u00e3o da Pra\u00e7a Francisco Barreto entra em fase final - Regi\u00e3o News\",\"isPartOf\":{\"@id\":\"https:\\\/\\\/regiaonews.net.br\\\/2022\\\/#website\"},\"primaryImageOfPage\":{\"@id\":\"https:\\\/\\\/regiaonews.net.br\\\/2022\\\/2023\\\/12\\\/08\\\/revitalizacao-da-praca-francisco-barreto-entra-em-fase-final\\\/#primaryimage\"},\"image\":{\"@id\":\"https:\\\/\\\/regiaonews.net.br\\\/2022\\\/2023\\\/12\\\/08\\\/revitalizacao-da-praca-francisco-barreto-entra-em-fase-final\\\/#primaryimage\"},\"thumbnailUrl\":\"https:\\\/\\\/regiaonews.net.br\\\/2022\\\/wp-content\\\/uploads\\\/2023\\\/12\\\/WhatsApp-Image-2023-12-08-at-16.50.48.jpeg\",\"datePublished\":\"2023-12-08T21:57:05+00:00\",\"breadcrumb\":{\"@id\":\"https:\\\/\\\/regiaonews.net.br\\\/2022\\\/2023\\\/12\\\/08\\\/revitalizacao-da-praca-francisco-barreto-entra-em-fase-final\\\/#breadcrumb\"},\"inLanguage\":\"pt-BR\",\"potentialAction\":[{\"@type\":\"ReadAction\",\"target\":[\"https:\\\/\\\/regiaonews.net.br\\\/2022\\\/2023\\\/12\\\/08\\\/revitalizacao-da-praca-francisco-barreto-entra-em-fase-final\\\/\"]}]},{\"@type\":\"ImageObject\",\"inLanguage\":\"pt-BR\",\"@id\":\"https:\\\/\\\/regiaonews.net.br\\\/2022\\\/2023\\\/12\\\/08\\\/revitalizacao-da-praca-francisco-barreto-entra-em-fase-final\\\/#primaryimage\",\"url\":\"https:\\\/\\\/regiaonews.net.br\\\/2022\\\/wp-content\\\/uploads\\\/2023\\\/12\\\/WhatsApp-Image-2023-12-08-at-16.50.48.jpeg\",\"contentUrl\":\"https:\\\/\\\/regiaonews.net.br\\\/2022\\\/wp-content\\\/uploads\\\/2023\\\/12\\\/WhatsApp-Image-2023-12-08-at-16.50.48.jpeg\",\"width\":1280,\"height\":846},{\"@type\":\"BreadcrumbList\",\"@id\":\"https:\\\/\\\/regiaonews.net.br\\\/2022\\\/2023\\\/12\\\/08\\\/revitalizacao-da-praca-francisco-barreto-entra-em-fase-final\\\/#breadcrumb\",\"itemListElement\":[{\"@type\":\"ListItem\",\"position\":1,\"name\":\"In\u00edcio\",\"item\":\"https:\\\/\\\/regiaonews.net.br\\\/2022\\\/\"},{\"@type\":\"ListItem\",\"position\":2,\"name\":\"Revitaliza\u00e7\u00e3o da Pra\u00e7a Francisco Barreto entra em fase final\"}]},{\"@type\":\"WebSite\",\"@id\":\"https:\\\/\\\/regiaonews.net.br\\\/2022\\\/#website\",\"url\":\"https:\\\/\\\/regiaonews.net.br\\\/2022\\\/\",\"name\":\"Regi\u00e3o News\",\"description\":\"Site de Not\u00edcias de Barretos e regi\u00e3o\",\"publisher\":{\"@id\":\"https:\\\/\\\/regiaonews.net.br\\\/2022\\\/#organization\"},\"potentialAction\":[{\"@type\":\"SearchAction\",\"target\":{\"@type\":\"EntryPoint\",\"urlTemplate\":\"https:\\\/\\\/regiaonews.net.br\\\/2022\\\/?s={search_term_string}\"},\"query-input\":{\"@type\":\"PropertyValueSpecification\",\"valueRequired\":true,\"valueName\":\"search_term_string\"}}],\"inLanguage\":\"pt-BR\"},{\"@type\":\"Organization\",\"@id\":\"https:\\\/\\\/regiaonews.net.br\\\/2022\\\/#organization\",\"name\":\"Regi\u00e3o News\",\"url\":\"https:\\\/\\\/regiaonews.net.br\\\/2022\\\/\",\"logo\":{\"@type\":\"ImageObject\",\"inLanguage\":\"pt-BR\",\"@id\":\"https:\\\/\\\/regiaonews.net.br\\\/2022\\\/#\\\/schema\\\/logo\\\/image\\\/\",\"url\":\"https:\\\/\\\/regiaonews.net.br\\\/2022\\\/wp-content\\\/uploads\\\/2026\\\/03\\\/regiao-13-anos-scaled.jpg\",\"contentUrl\":\"https:\\\/\\\/regiaonews.net.br\\\/2022\\\/wp-content\\\/uploads\\\/2026\\\/03\\\/regiao-13-anos-scaled.jpg\",\"width\":2560,\"height\":635,\"caption\":\"Regi\u00e3o News\"},\"image\":{\"@id\":\"https:\\\/\\\/regiaonews.net.br\\\/2022\\\/#\\\/schema\\\/logo\\\/image\\\/\"}},{\"@type\":\"Person\",\"@id\":\"https:\\\/\\\/regiaonews.net.br\\\/2022\\\/#\\\/schema\\\/person\\\/2d205a608a5aa97ac279d7a5e6d89ad8\",\"name\":\"Roberto\",\"image\":{\"@type\":\"ImageObject\",\"inLanguage\":\"pt-BR\",\"@id\":\"https:\\\/\\\/secure.gravatar.com\\\/avatar\\\/42749d8b712ff9d59ca93dc150494e5b55a44134482993f5baeb97e61b7ecc89?s=96&d=mm&r=g\",\"url\":\"https:\\\/\\\/secure.gravatar.com\\\/avatar\\\/42749d8b712ff9d59ca93dc150494e5b55a44134482993f5baeb97e61b7ecc89?s=96&d=mm&r=g\",\"contentUrl\":\"https:\\\/\\\/secure.gravatar.com\\\/avatar\\\/42749d8b712ff9d59ca93dc150494e5b55a44134482993f5baeb97e61b7ecc89?s=96&d=mm&r=g\",\"caption\":\"Roberto\"},\"url\":\"https:\\\/\\\/regiaonews.net.br\\\/2022\\\/author\\\/roberto\\\/\"}]}<\/script>\n<!-- \/ Yoast SEO plugin. -->","yoast_head_json":{"title":"Revitaliza\u00e7\u00e3o da Pra\u00e7a Francisco Barreto entra em fase final - Regi\u00e3o News","robots":{"index":"index","follow":"follow","max-snippet":"max-snippet:-1","max-image-preview":"max-image-preview:large","max-video-preview":"max-video-preview:-1"},"canonical":"https:\/\/regiaonews.net.br\/2022\/2023\/12\/08\/revitalizacao-da-praca-francisco-barreto-entra-em-fase-final\/","og_locale":"pt_BR","og_type":"article","og_title":"Revitaliza\u00e7\u00e3o da Pra\u00e7a Francisco Barreto entra em fase final - Regi\u00e3o News","og_description":"Espa\u00e7o ser\u00e1 entregue \u00e0 popula\u00e7\u00e3o no dia 20 de dezembro,","og_url":"https:\/\/regiaonews.net.br\/2022\/2023\/12\/08\/revitalizacao-da-praca-francisco-barreto-entra-em-fase-final\/","og_site_name":"Regi\u00e3o News","article_published_time":"2023-12-08T21:57:05+00:00","og_image":[{"width":1280,"height":846,"url":"https:\/\/regiaonews.net.br\/2022\/wp-content\/uploads\/2023\/12\/WhatsApp-Image-2023-12-08-at-16.50.48.jpeg","type":"image\/jpeg"}],"author":"Roberto","twitter_card":"summary_large_image","twitter_misc":{"Escrito por":"Roberto","Est. tempo de leitura":"2 minutos"},"schema":{"@context":"https:\/\/schema.org","@graph":[{"@type":"Article","@id":"https:\/\/regiaonews.net.br\/2022\/2023\/12\/08\/revitalizacao-da-praca-francisco-barreto-entra-em-fase-final\/#article","isPartOf":{"@id":"https:\/\/regiaonews.net.br\/2022\/2023\/12\/08\/revitalizacao-da-praca-francisco-barreto-entra-em-fase-final\/"},"author":{"name":"Roberto","@id":"https:\/\/regiaonews.net.br\/2022\/#\/schema\/person\/2d205a608a5aa97ac279d7a5e6d89ad8"},"headline":"Revitaliza\u00e7\u00e3o da Pra\u00e7a Francisco Barreto entra em fase final","datePublished":"2023-12-08T21:57:05+00:00","mainEntityOfPage":{"@id":"https:\/\/regiaonews.net.br\/2022\/2023\/12\/08\/revitalizacao-da-praca-francisco-barreto-entra-em-fase-final\/"},"wordCount":371,"commentCount":0,"publisher":{"@id":"https:\/\/regiaonews.net.br\/2022\/#organization"},"image":{"@id":"https:\/\/regiaonews.net.br\/2022\/2023\/12\/08\/revitalizacao-da-praca-francisco-barreto-entra-em-fase-final\/#primaryimage"},"thumbnailUrl":"https:\/\/regiaonews.net.br\/2022\/wp-content\/uploads\/2023\/12\/WhatsApp-Image-2023-12-08-at-16.50.48.jpeg","articleSection":["Barretos","Cidades"],"inLanguage":"pt-BR","potentialAction":[{"@type":"CommentAction","name":"Comment","target":["https:\/\/regiaonews.net.br\/2022\/2023\/12\/08\/revitalizacao-da-praca-francisco-barreto-entra-em-fase-final\/#respond"]}]},{"@type":"WebPage","@id":"https:\/\/regiaonews.net.br\/2022\/2023\/12\/08\/revitalizacao-da-praca-francisco-barreto-entra-em-fase-final\/","url":"https:\/\/regiaonews.net.br\/2022\/2023\/12\/08\/revitalizacao-da-praca-francisco-barreto-entra-em-fase-final\/","name":"Revitaliza\u00e7\u00e3o da Pra\u00e7a Francisco Barreto entra em fase final - Regi\u00e3o News","isPartOf":{"@id":"https:\/\/regiaonews.net.br\/2022\/#website"},"primaryImageOfPage":{"@id":"https:\/\/regiaonews.net.br\/2022\/2023\/12\/08\/revitalizacao-da-praca-francisco-barreto-entra-em-fase-final\/#primaryimage"},"image":{"@id":"https:\/\/regiaonews.net.br\/2022\/2023\/12\/08\/revitalizacao-da-praca-francisco-barreto-entra-em-fase-final\/#primaryimage"},"thumbnailUrl":"https:\/\/regiaonews.net.br\/2022\/wp-content\/uploads\/2023\/12\/WhatsApp-Image-2023-12-08-at-16.50.48.jpeg","datePublished":"2023-12-08T21:57:05+00:00","breadcrumb":{"@id":"https:\/\/regiaonews.net.br\/2022\/2023\/12\/08\/revitalizacao-da-praca-francisco-barreto-entra-em-fase-final\/#breadcrumb"},"inLanguage":"pt-BR","potentialAction":[{"@type":"ReadAction","target":["https:\/\/regiaonews.net.br\/2022\/2023\/12\/08\/revitalizacao-da-praca-francisco-barreto-entra-em-fase-final\/"]}]},{"@type":"ImageObject","inLanguage":"pt-BR","@id":"https:\/\/regiaonews.net.br\/2022\/2023\/12\/08\/revitalizacao-da-praca-francisco-barreto-entra-em-fase-final\/#primaryimage","url":"https:\/\/regiaonews.net.br\/2022\/wp-content\/uploads\/2023\/12\/WhatsApp-Image-2023-12-08-at-16.50.48.jpeg","contentUrl":"https:\/\/regiaonews.net.br\/2022\/wp-content\/uploads\/2023\/12\/WhatsApp-Image-2023-12-08-at-16.50.48.jpeg","width":1280,"height":846},{"@type":"BreadcrumbList","@id":"https:\/\/regiaonews.net.br\/2022\/2023\/12\/08\/revitalizacao-da-praca-francisco-barreto-entra-em-fase-final\/#breadcrumb","itemListElement":[{"@type":"ListItem","position":1,"name":"In\u00edcio","item":"https:\/\/regiaonews.net.br\/2022\/"},{"@type":"ListItem","position":2,"name":"Revitaliza\u00e7\u00e3o da Pra\u00e7a Francisco Barreto entra em fase final"}]},{"@type":"WebSite","@id":"https:\/\/regiaonews.net.br\/2022\/#website","url":"https:\/\/regiaonews.net.br\/2022\/","name":"Regi\u00e3o News","description":"Site de Not\u00edcias de Barretos e regi\u00e3o","publisher":{"@id":"https:\/\/regiaonews.net.br\/2022\/#organization"},"potentialAction":[{"@type":"SearchAction","target":{"@type":"EntryPoint","urlTemplate":"https:\/\/regiaonews.net.br\/2022\/?s={search_term_string}"},"query-input":{"@type":"PropertyValueSpecification","valueRequired":true,"valueName":"search_term_string"}}],"inLanguage":"pt-BR"},{"@type":"Organization","@id":"https:\/\/regiaonews.net.br\/2022\/#organization","name":"Regi\u00e3o News","url":"https:\/\/regiaonews.net.br\/2022\/","logo":{"@type":"ImageObject","inLanguage":"pt-BR","@id":"https:\/\/regiaonews.net.br\/2022\/#\/schema\/logo\/image\/","url":"https:\/\/regiaonews.net.br\/2022\/wp-content\/uploads\/2026\/03\/regiao-13-anos-scaled.jpg","contentUrl":"https:\/\/regiaonews.net.br\/2022\/wp-content\/uploads\/2026\/03\/regiao-13-anos-scaled.jpg","width":2560,"height":635,"caption":"Regi\u00e3o News"},"image":{"@id":"https:\/\/regiaonews.net.br\/2022\/#\/schema\/logo\/image\/"}},{"@type":"Person","@id":"https:\/\/regiaonews.net.br\/2022\/#\/schema\/person\/2d205a608a5aa97ac279d7a5e6d89ad8","name":"Roberto","image":{"@type":"ImageObject","inLanguage":"pt-BR","@id":"https:\/\/secure.gravatar.com\/avatar\/42749d8b712ff9d59ca93dc150494e5b55a44134482993f5baeb97e61b7ecc89?s=96&d=mm&r=g","url":"https:\/\/secure.gravatar.com\/avatar\/42749d8b712ff9d59ca93dc150494e5b55a44134482993f5baeb97e61b7ecc89?s=96&d=mm&r=g","contentUrl":"https:\/\/secure.gravatar.com\/avatar\/42749d8b712ff9d59ca93dc150494e5b55a44134482993f5baeb97e61b7ecc89?s=96&d=mm&r=g","caption":"Roberto"},"url":"https:\/\/regiaonews.net.br\/2022\/author\/roberto\/"}]}},"publishpress_future_action":{"enabled":false,"date":"2026-05-04 10:39:34","action":"change-status","newStatus":"draft","terms":[],"taxonomy":"category","extraData":[]},"publishpress_future_workflow_manual_trigger":{"enabledWorkflows":[]},"_links":{"self":[{"href":"https:\/\/regiaonews.net.br\/2022\/wp-json\/wp\/v2\/posts\/98791","targetHints":{"allow":["GET"]}}],"collection":[{"href":"https:\/\/regiaonews.net.br\/2022\/wp-json\/wp\/v2\/posts"}],"about":[{"href":"https:\/\/regiaonews.net.br\/2022\/wp-json\/wp\/v2\/types\/post"}],"author":[{"embeddable":true,"href":"https:\/\/regiaonews.net.br\/2022\/wp-json\/wp\/v2\/users\/2"}],"replies":[{"embeddable":true,"href":"https:\/\/regiaonews.net.br\/2022\/wp-json\/wp\/v2\/comments?post=98791"}],"version-history":[{"count":1,"href":"https:\/\/regiaonews.net.br\/2022\/wp-json\/wp\/v2\/posts\/98791\/revisions"}],"predecessor-version":[{"id":98793,"href":"https:\/\/regiaonews.net.br\/2022\/wp-json\/wp\/v2\/posts\/98791\/revisions\/98793"}],"wp:featuredmedia":[{"embeddable":true,"href":"https:\/\/regiaonews.net.br\/2022\/wp-json\/wp\/v2\/media\/98792"}],"wp:attachment":[{"href":"https:\/\/regiaonews.net.br\/2022\/wp-json\/wp\/v2\/media?parent=98791"}],"wp:term":[{"taxonomy":"category","embeddable":true,"href":"https:\/\/regiaonews.net.br\/2022\/wp-json\/wp\/v2\/categories?post=98791"},{"taxonomy":"post_tag","embeddable":true,"href":"https:\/\/regiaonews.net.br\/2022\/wp-json\/wp\/v2\/tags?post=98791"}],"curies":[{"name":"wp","href":"https:\/\/api.w.org\/{rel}","templated":true}]}}