{"id":98784,"date":"2023-12-08T18:05:28","date_gmt":"2023-12-08T21:05:28","guid":{"rendered":"https:\/\/regiaonews.net.br\/2022\/?p=98784"},"modified":"2023-12-08T18:05:28","modified_gmt":"2023-12-08T21:05:28","slug":"prefeito-dieb-encaminha-para-camara-projeto-que-concede-auxilio-de-natal-de-r-400-para-servidores","status":"publish","type":"post","link":"https:\/\/regiaonews.net.br\/2022\/2023\/12\/08\/prefeito-dieb-encaminha-para-camara-projeto-que-concede-auxilio-de-natal-de-r-400-para-servidores\/","title":{"rendered":"Prefeito Dieb encaminha para C\u00e2mara projeto que concede \u201cAux\u00edlio de Natal\u201d de R$ 400 para servidores"},"content":{"rendered":"<p>&nbsp;<\/p>\n<p>Na \u00faltima sexta-feira, dia 1\u00ba. de dezembro, o prefeito\u00a0 de Colina, Dieb Taha, encaminhou Projeto de Lei para a C\u00e2mara Municipal, que concede o \u201cAux\u00edlio Alimenta\u00e7\u00e3o de Natal\u201d para mais de mil servidores p\u00fablicos municipais.<\/p>\n<p>De acordo com o Projeto de Lei do Prefeito, o benef\u00edcio, que era de R$ 350,00 , este ano passar\u00e1 a ser de R$ 400,00 , disponibilizado nas contas banc\u00e1rias de todos os servidores do munic\u00edpio, em parcela \u00fanica, neste pr\u00f3ximo dia 22 de dezembro.<\/p>\n<p>Este ano, o prefeito Dieb prop\u00f4s a concess\u00e3o do abono de Natal com reajuste de 14,29 % a mais que nos anos anteriores, de R$ 350,00 para R$ 400,00 reais, como uma forma de premiar a dedica\u00e7\u00e3o do funcionalismo p\u00fablico municipal. O \u201cAux\u00edlio Alimenta\u00e7\u00e3o de Natal\u201d \u00e9 como se fosse uma cesta de Natal, mas com a op\u00e7\u00e3o de o servidor escolher os alimentos natalinos que ele ou sua fam\u00edlia mais aprecia.<\/p>\n<p>No total, o investimento demandado ser\u00e1 de R$ 455.600,00 (quatrocentos e cinquenta e cinco mil e seiscentos reais), de recursos pr\u00f3prios do Munic\u00edpio, proporcionando mais esse incremento ao com\u00e9rcio local, refor\u00e7ando significativamente os valores de arrecada\u00e7\u00e3o do com\u00e9rcio na cidade.<\/p>\n<p>Todos os funcion\u00e1rios da Prefeitura Municipal de Colina e do SAAEC (Servi\u00e7o Aut\u00f4nomo de \u00c1gua e Esgoto de Colina), que incluem os funcion\u00e1rios ativos (efetivos, tempor\u00e1rios e conselheiros tutelares em atividade), receber\u00e3o o abono de Natal. Com exce\u00e7\u00e3o do Prefeito; Vice; funcion\u00e1rios inativos, pensionistas e afastados em geral; funcion\u00e1rios nomeados exclusivamente em comiss\u00e3o e, ainda, os cedidos ao munic\u00edpio por outros \u00f3rg\u00e3os do Poder P\u00fablico, do Estado e da Uni\u00e3o, n\u00e3o receber\u00e3o a bonifica\u00e7\u00e3o.<\/p>\n<p>Al\u00e9m do pagamento do sal\u00e1rio da folha mensal no dia 06 de dezembro, os funcion\u00e1rios receber\u00e3o a segunda parcela do 13\u00ba sal\u00e1rio no dia 15, o \u201cVale\u201d (adiantamento) no dia 20 e o \u201cAux\u00edlio Alimenta\u00e7\u00e3o de Natal\u201d no dia 22 de \u00a0dezembro.<\/p>\n<p>O Prefeito Dieb afirmou que o benef\u00edcio visa valorizar o funcionalismo e, ao mesmo tempo, aquecer ainda mais a economia local neste final de ano. \u201cOs servidores municipais s\u00e3o o cora\u00e7\u00e3o de todo governo. \u00c9 deles o carinho e a dedica\u00e7\u00e3o di\u00e1ria para que cada cidad\u00e3o colinense seja bem atendido, tenha os servi\u00e7os p\u00fablicos colocados \u00e0 sua disposi\u00e7\u00e3o, pois o servi\u00e7o p\u00fablico faz parte do progresso de nossa cidade. N\u00e3o se constr\u00f3i uma democracia e um pa\u00eds organizado, que atenda as necessidades e anseios da popula\u00e7\u00e3o de forma digna, sem o servidor p\u00fablico competente, bem remunerado, tratado com respeito e dignidade\u201d, destaca o Prefeito.<\/p>\n","protected":false},"excerpt":{"rendered":"<p>&nbsp; Na \u00faltima sexta-feira, dia 1\u00ba. de dezembro, o prefeito\u00a0<\/p>\n","protected":false},"author":2,"featured_media":98785,"comment_status":"open","ping_status":"open","sticky":false,"template":"","format":"standard","meta":{"footnotes":""},"categories":[5,111],"tags":[],"class_list":["post-98784","post","type-post","status-publish","format-standard","has-post-thumbnail","hentry","category-colina","category-cotidiano"],"yoast_head":"<!-- This site is optimized with the Yoast SEO plugin v27.4 - https:\/\/yoast.com\/product\/yoast-seo-wordpress\/ -->\n<title>Prefeito Dieb encaminha para C\u00e2mara projeto que concede<\/title>\n<meta name=\"robots\" content=\"index, follow, max-snippet:-1, max-image-preview:large, max-video-preview:-1\" \/>\n<link rel=\"canonical\" href=\"https:\/\/regiaonews.net.br\/2022\/2023\/12\/08\/prefeito-dieb-encaminha-para-camara-projeto-que-concede-auxilio-de-natal-de-r-400-para-servidores\/\" \/>\n<meta property=\"og:locale\" content=\"pt_BR\" \/>\n<meta property=\"og:type\" content=\"article\" \/>\n<meta property=\"og:title\" content=\"Prefeito Dieb encaminha para C\u00e2mara projeto que concede\" \/>\n<meta property=\"og:description\" content=\"&nbsp; Na \u00faltima sexta-feira, dia 1\u00ba. de dezembro, o prefeito\u00a0\" \/>\n<meta property=\"og:url\" content=\"https:\/\/regiaonews.net.br\/2022\/2023\/12\/08\/prefeito-dieb-encaminha-para-camara-projeto-que-concede-auxilio-de-natal-de-r-400-para-servidores\/\" \/>\n<meta property=\"og:site_name\" content=\"Regi\u00e3o News\" \/>\n<meta property=\"article:published_time\" content=\"2023-12-08T21:05:28+00:00\" \/>\n<meta property=\"og:image\" content=\"https:\/\/regiaonews.net.br\/2022\/wp-content\/uploads\/2023\/12\/Dieb-Taha.jpg\" \/>\n\t<meta property=\"og:image:width\" content=\"399\" \/>\n\t<meta property=\"og:image:height\" content=\"309\" \/>\n\t<meta property=\"og:image:type\" content=\"image\/jpeg\" \/>\n<meta name=\"author\" content=\"Roberto\" \/>\n<meta name=\"twitter:card\" content=\"summary_large_image\" \/>\n<meta name=\"twitter:label1\" content=\"Escrito por\" \/>\n\t<meta name=\"twitter:data1\" content=\"Roberto\" \/>\n\t<meta name=\"twitter:label2\" content=\"Est. tempo de leitura\" \/>\n\t<meta name=\"twitter:data2\" content=\"3 minutos\" \/>\n<script type=\"application\/ld+json\" class=\"yoast-schema-graph\">{\"@context\":\"https:\\\/\\\/schema.org\",\"@graph\":[{\"@type\":\"Article\",\"@id\":\"https:\\\/\\\/regiaonews.net.br\\\/2022\\\/2023\\\/12\\\/08\\\/prefeito-dieb-encaminha-para-camara-projeto-que-concede-auxilio-de-natal-de-r-400-para-servidores\\\/#article\",\"isPartOf\":{\"@id\":\"https:\\\/\\\/regiaonews.net.br\\\/2022\\\/2023\\\/12\\\/08\\\/prefeito-dieb-encaminha-para-camara-projeto-que-concede-auxilio-de-natal-de-r-400-para-servidores\\\/\"},\"author\":{\"name\":\"Roberto\",\"@id\":\"https:\\\/\\\/regiaonews.net.br\\\/2022\\\/#\\\/schema\\\/person\\\/2d205a608a5aa97ac279d7a5e6d89ad8\"},\"headline\":\"Prefeito Dieb encaminha para C\u00e2mara projeto que concede \u201cAux\u00edlio de Natal\u201d de R$ 400 para servidores\",\"datePublished\":\"2023-12-08T21:05:28+00:00\",\"mainEntityOfPage\":{\"@id\":\"https:\\\/\\\/regiaonews.net.br\\\/2022\\\/2023\\\/12\\\/08\\\/prefeito-dieb-encaminha-para-camara-projeto-que-concede-auxilio-de-natal-de-r-400-para-servidores\\\/\"},\"wordCount\":473,\"commentCount\":0,\"publisher\":{\"@id\":\"https:\\\/\\\/regiaonews.net.br\\\/2022\\\/#organization\"},\"image\":{\"@id\":\"https:\\\/\\\/regiaonews.net.br\\\/2022\\\/2023\\\/12\\\/08\\\/prefeito-dieb-encaminha-para-camara-projeto-que-concede-auxilio-de-natal-de-r-400-para-servidores\\\/#primaryimage\"},\"thumbnailUrl\":\"https:\\\/\\\/regiaonews.net.br\\\/2022\\\/wp-content\\\/uploads\\\/2023\\\/12\\\/Dieb-Taha.jpg\",\"articleSection\":[\"Colina\",\"Cotidiano\"],\"inLanguage\":\"pt-BR\",\"potentialAction\":[{\"@type\":\"CommentAction\",\"name\":\"Comment\",\"target\":[\"https:\\\/\\\/regiaonews.net.br\\\/2022\\\/2023\\\/12\\\/08\\\/prefeito-dieb-encaminha-para-camara-projeto-que-concede-auxilio-de-natal-de-r-400-para-servidores\\\/#respond\"]}]},{\"@type\":\"WebPage\",\"@id\":\"https:\\\/\\\/regiaonews.net.br\\\/2022\\\/2023\\\/12\\\/08\\\/prefeito-dieb-encaminha-para-camara-projeto-que-concede-auxilio-de-natal-de-r-400-para-servidores\\\/\",\"url\":\"https:\\\/\\\/regiaonews.net.br\\\/2022\\\/2023\\\/12\\\/08\\\/prefeito-dieb-encaminha-para-camara-projeto-que-concede-auxilio-de-natal-de-r-400-para-servidores\\\/\",\"name\":\"Prefeito Dieb encaminha para C\u00e2mara projeto que concede\",\"isPartOf\":{\"@id\":\"https:\\\/\\\/regiaonews.net.br\\\/2022\\\/#website\"},\"primaryImageOfPage\":{\"@id\":\"https:\\\/\\\/regiaonews.net.br\\\/2022\\\/2023\\\/12\\\/08\\\/prefeito-dieb-encaminha-para-camara-projeto-que-concede-auxilio-de-natal-de-r-400-para-servidores\\\/#primaryimage\"},\"image\":{\"@id\":\"https:\\\/\\\/regiaonews.net.br\\\/2022\\\/2023\\\/12\\\/08\\\/prefeito-dieb-encaminha-para-camara-projeto-que-concede-auxilio-de-natal-de-r-400-para-servidores\\\/#primaryimage\"},\"thumbnailUrl\":\"https:\\\/\\\/regiaonews.net.br\\\/2022\\\/wp-content\\\/uploads\\\/2023\\\/12\\\/Dieb-Taha.jpg\",\"datePublished\":\"2023-12-08T21:05:28+00:00\",\"breadcrumb\":{\"@id\":\"https:\\\/\\\/regiaonews.net.br\\\/2022\\\/2023\\\/12\\\/08\\\/prefeito-dieb-encaminha-para-camara-projeto-que-concede-auxilio-de-natal-de-r-400-para-servidores\\\/#breadcrumb\"},\"inLanguage\":\"pt-BR\",\"potentialAction\":[{\"@type\":\"ReadAction\",\"target\":[\"https:\\\/\\\/regiaonews.net.br\\\/2022\\\/2023\\\/12\\\/08\\\/prefeito-dieb-encaminha-para-camara-projeto-que-concede-auxilio-de-natal-de-r-400-para-servidores\\\/\"]}]},{\"@type\":\"ImageObject\",\"inLanguage\":\"pt-BR\",\"@id\":\"https:\\\/\\\/regiaonews.net.br\\\/2022\\\/2023\\\/12\\\/08\\\/prefeito-dieb-encaminha-para-camara-projeto-que-concede-auxilio-de-natal-de-r-400-para-servidores\\\/#primaryimage\",\"url\":\"https:\\\/\\\/regiaonews.net.br\\\/2022\\\/wp-content\\\/uploads\\\/2023\\\/12\\\/Dieb-Taha.jpg\",\"contentUrl\":\"https:\\\/\\\/regiaonews.net.br\\\/2022\\\/wp-content\\\/uploads\\\/2023\\\/12\\\/Dieb-Taha.jpg\",\"width\":399,\"height\":309},{\"@type\":\"BreadcrumbList\",\"@id\":\"https:\\\/\\\/regiaonews.net.br\\\/2022\\\/2023\\\/12\\\/08\\\/prefeito-dieb-encaminha-para-camara-projeto-que-concede-auxilio-de-natal-de-r-400-para-servidores\\\/#breadcrumb\",\"itemListElement\":[{\"@type\":\"ListItem\",\"position\":1,\"name\":\"In\u00edcio\",\"item\":\"https:\\\/\\\/regiaonews.net.br\\\/2022\\\/\"},{\"@type\":\"ListItem\",\"position\":2,\"name\":\"Prefeito Dieb encaminha para C\u00e2mara projeto que concede \u201cAux\u00edlio de Natal\u201d de R$ 400 para servidores\"}]},{\"@type\":\"WebSite\",\"@id\":\"https:\\\/\\\/regiaonews.net.br\\\/2022\\\/#website\",\"url\":\"https:\\\/\\\/regiaonews.net.br\\\/2022\\\/\",\"name\":\"Regi\u00e3o News\",\"description\":\"Site de Not\u00edcias de Barretos e regi\u00e3o\",\"publisher\":{\"@id\":\"https:\\\/\\\/regiaonews.net.br\\\/2022\\\/#organization\"},\"potentialAction\":[{\"@type\":\"SearchAction\",\"target\":{\"@type\":\"EntryPoint\",\"urlTemplate\":\"https:\\\/\\\/regiaonews.net.br\\\/2022\\\/?s={search_term_string}\"},\"query-input\":{\"@type\":\"PropertyValueSpecification\",\"valueRequired\":true,\"valueName\":\"search_term_string\"}}],\"inLanguage\":\"pt-BR\"},{\"@type\":\"Organization\",\"@id\":\"https:\\\/\\\/regiaonews.net.br\\\/2022\\\/#organization\",\"name\":\"Regi\u00e3o News\",\"url\":\"https:\\\/\\\/regiaonews.net.br\\\/2022\\\/\",\"logo\":{\"@type\":\"ImageObject\",\"inLanguage\":\"pt-BR\",\"@id\":\"https:\\\/\\\/regiaonews.net.br\\\/2022\\\/#\\\/schema\\\/logo\\\/image\\\/\",\"url\":\"https:\\\/\\\/regiaonews.net.br\\\/2022\\\/wp-content\\\/uploads\\\/2026\\\/03\\\/regiao-13-anos-scaled.jpg\",\"contentUrl\":\"https:\\\/\\\/regiaonews.net.br\\\/2022\\\/wp-content\\\/uploads\\\/2026\\\/03\\\/regiao-13-anos-scaled.jpg\",\"width\":2560,\"height\":635,\"caption\":\"Regi\u00e3o News\"},\"image\":{\"@id\":\"https:\\\/\\\/regiaonews.net.br\\\/2022\\\/#\\\/schema\\\/logo\\\/image\\\/\"}},{\"@type\":\"Person\",\"@id\":\"https:\\\/\\\/regiaonews.net.br\\\/2022\\\/#\\\/schema\\\/person\\\/2d205a608a5aa97ac279d7a5e6d89ad8\",\"name\":\"Roberto\",\"image\":{\"@type\":\"ImageObject\",\"inLanguage\":\"pt-BR\",\"@id\":\"https:\\\/\\\/secure.gravatar.com\\\/avatar\\\/42749d8b712ff9d59ca93dc150494e5b55a44134482993f5baeb97e61b7ecc89?s=96&d=mm&r=g\",\"url\":\"https:\\\/\\\/secure.gravatar.com\\\/avatar\\\/42749d8b712ff9d59ca93dc150494e5b55a44134482993f5baeb97e61b7ecc89?s=96&d=mm&r=g\",\"contentUrl\":\"https:\\\/\\\/secure.gravatar.com\\\/avatar\\\/42749d8b712ff9d59ca93dc150494e5b55a44134482993f5baeb97e61b7ecc89?s=96&d=mm&r=g\",\"caption\":\"Roberto\"},\"url\":\"https:\\\/\\\/regiaonews.net.br\\\/2022\\\/author\\\/roberto\\\/\"}]}<\/script>\n<!-- \/ Yoast SEO plugin. -->","yoast_head_json":{"title":"Prefeito Dieb encaminha para C\u00e2mara projeto que concede","robots":{"index":"index","follow":"follow","max-snippet":"max-snippet:-1","max-image-preview":"max-image-preview:large","max-video-preview":"max-video-preview:-1"},"canonical":"https:\/\/regiaonews.net.br\/2022\/2023\/12\/08\/prefeito-dieb-encaminha-para-camara-projeto-que-concede-auxilio-de-natal-de-r-400-para-servidores\/","og_locale":"pt_BR","og_type":"article","og_title":"Prefeito Dieb encaminha para C\u00e2mara projeto que concede","og_description":"&nbsp; Na \u00faltima sexta-feira, dia 1\u00ba. de dezembro, o prefeito\u00a0","og_url":"https:\/\/regiaonews.net.br\/2022\/2023\/12\/08\/prefeito-dieb-encaminha-para-camara-projeto-que-concede-auxilio-de-natal-de-r-400-para-servidores\/","og_site_name":"Regi\u00e3o News","article_published_time":"2023-12-08T21:05:28+00:00","og_image":[{"width":399,"height":309,"url":"https:\/\/regiaonews.net.br\/2022\/wp-content\/uploads\/2023\/12\/Dieb-Taha.jpg","type":"image\/jpeg"}],"author":"Roberto","twitter_card":"summary_large_image","twitter_misc":{"Escrito por":"Roberto","Est. tempo de leitura":"3 minutos"},"schema":{"@context":"https:\/\/schema.org","@graph":[{"@type":"Article","@id":"https:\/\/regiaonews.net.br\/2022\/2023\/12\/08\/prefeito-dieb-encaminha-para-camara-projeto-que-concede-auxilio-de-natal-de-r-400-para-servidores\/#article","isPartOf":{"@id":"https:\/\/regiaonews.net.br\/2022\/2023\/12\/08\/prefeito-dieb-encaminha-para-camara-projeto-que-concede-auxilio-de-natal-de-r-400-para-servidores\/"},"author":{"name":"Roberto","@id":"https:\/\/regiaonews.net.br\/2022\/#\/schema\/person\/2d205a608a5aa97ac279d7a5e6d89ad8"},"headline":"Prefeito Dieb encaminha para C\u00e2mara projeto que concede \u201cAux\u00edlio de Natal\u201d de R$ 400 para servidores","datePublished":"2023-12-08T21:05:28+00:00","mainEntityOfPage":{"@id":"https:\/\/regiaonews.net.br\/2022\/2023\/12\/08\/prefeito-dieb-encaminha-para-camara-projeto-que-concede-auxilio-de-natal-de-r-400-para-servidores\/"},"wordCount":473,"commentCount":0,"publisher":{"@id":"https:\/\/regiaonews.net.br\/2022\/#organization"},"image":{"@id":"https:\/\/regiaonews.net.br\/2022\/2023\/12\/08\/prefeito-dieb-encaminha-para-camara-projeto-que-concede-auxilio-de-natal-de-r-400-para-servidores\/#primaryimage"},"thumbnailUrl":"https:\/\/regiaonews.net.br\/2022\/wp-content\/uploads\/2023\/12\/Dieb-Taha.jpg","articleSection":["Colina","Cotidiano"],"inLanguage":"pt-BR","potentialAction":[{"@type":"CommentAction","name":"Comment","target":["https:\/\/regiaonews.net.br\/2022\/2023\/12\/08\/prefeito-dieb-encaminha-para-camara-projeto-que-concede-auxilio-de-natal-de-r-400-para-servidores\/#respond"]}]},{"@type":"WebPage","@id":"https:\/\/regiaonews.net.br\/2022\/2023\/12\/08\/prefeito-dieb-encaminha-para-camara-projeto-que-concede-auxilio-de-natal-de-r-400-para-servidores\/","url":"https:\/\/regiaonews.net.br\/2022\/2023\/12\/08\/prefeito-dieb-encaminha-para-camara-projeto-que-concede-auxilio-de-natal-de-r-400-para-servidores\/","name":"Prefeito Dieb encaminha para C\u00e2mara projeto que concede","isPartOf":{"@id":"https:\/\/regiaonews.net.br\/2022\/#website"},"primaryImageOfPage":{"@id":"https:\/\/regiaonews.net.br\/2022\/2023\/12\/08\/prefeito-dieb-encaminha-para-camara-projeto-que-concede-auxilio-de-natal-de-r-400-para-servidores\/#primaryimage"},"image":{"@id":"https:\/\/regiaonews.net.br\/2022\/2023\/12\/08\/prefeito-dieb-encaminha-para-camara-projeto-que-concede-auxilio-de-natal-de-r-400-para-servidores\/#primaryimage"},"thumbnailUrl":"https:\/\/regiaonews.net.br\/2022\/wp-content\/uploads\/2023\/12\/Dieb-Taha.jpg","datePublished":"2023-12-08T21:05:28+00:00","breadcrumb":{"@id":"https:\/\/regiaonews.net.br\/2022\/2023\/12\/08\/prefeito-dieb-encaminha-para-camara-projeto-que-concede-auxilio-de-natal-de-r-400-para-servidores\/#breadcrumb"},"inLanguage":"pt-BR","potentialAction":[{"@type":"ReadAction","target":["https:\/\/regiaonews.net.br\/2022\/2023\/12\/08\/prefeito-dieb-encaminha-para-camara-projeto-que-concede-auxilio-de-natal-de-r-400-para-servidores\/"]}]},{"@type":"ImageObject","inLanguage":"pt-BR","@id":"https:\/\/regiaonews.net.br\/2022\/2023\/12\/08\/prefeito-dieb-encaminha-para-camara-projeto-que-concede-auxilio-de-natal-de-r-400-para-servidores\/#primaryimage","url":"https:\/\/regiaonews.net.br\/2022\/wp-content\/uploads\/2023\/12\/Dieb-Taha.jpg","contentUrl":"https:\/\/regiaonews.net.br\/2022\/wp-content\/uploads\/2023\/12\/Dieb-Taha.jpg","width":399,"height":309},{"@type":"BreadcrumbList","@id":"https:\/\/regiaonews.net.br\/2022\/2023\/12\/08\/prefeito-dieb-encaminha-para-camara-projeto-que-concede-auxilio-de-natal-de-r-400-para-servidores\/#breadcrumb","itemListElement":[{"@type":"ListItem","position":1,"name":"In\u00edcio","item":"https:\/\/regiaonews.net.br\/2022\/"},{"@type":"ListItem","position":2,"name":"Prefeito Dieb encaminha para C\u00e2mara projeto que concede \u201cAux\u00edlio de Natal\u201d de R$ 400 para servidores"}]},{"@type":"WebSite","@id":"https:\/\/regiaonews.net.br\/2022\/#website","url":"https:\/\/regiaonews.net.br\/2022\/","name":"Regi\u00e3o News","description":"Site de Not\u00edcias de Barretos e regi\u00e3o","publisher":{"@id":"https:\/\/regiaonews.net.br\/2022\/#organization"},"potentialAction":[{"@type":"SearchAction","target":{"@type":"EntryPoint","urlTemplate":"https:\/\/regiaonews.net.br\/2022\/?s={search_term_string}"},"query-input":{"@type":"PropertyValueSpecification","valueRequired":true,"valueName":"search_term_string"}}],"inLanguage":"pt-BR"},{"@type":"Organization","@id":"https:\/\/regiaonews.net.br\/2022\/#organization","name":"Regi\u00e3o News","url":"https:\/\/regiaonews.net.br\/2022\/","logo":{"@type":"ImageObject","inLanguage":"pt-BR","@id":"https:\/\/regiaonews.net.br\/2022\/#\/schema\/logo\/image\/","url":"https:\/\/regiaonews.net.br\/2022\/wp-content\/uploads\/2026\/03\/regiao-13-anos-scaled.jpg","contentUrl":"https:\/\/regiaonews.net.br\/2022\/wp-content\/uploads\/2026\/03\/regiao-13-anos-scaled.jpg","width":2560,"height":635,"caption":"Regi\u00e3o News"},"image":{"@id":"https:\/\/regiaonews.net.br\/2022\/#\/schema\/logo\/image\/"}},{"@type":"Person","@id":"https:\/\/regiaonews.net.br\/2022\/#\/schema\/person\/2d205a608a5aa97ac279d7a5e6d89ad8","name":"Roberto","image":{"@type":"ImageObject","inLanguage":"pt-BR","@id":"https:\/\/secure.gravatar.com\/avatar\/42749d8b712ff9d59ca93dc150494e5b55a44134482993f5baeb97e61b7ecc89?s=96&d=mm&r=g","url":"https:\/\/secure.gravatar.com\/avatar\/42749d8b712ff9d59ca93dc150494e5b55a44134482993f5baeb97e61b7ecc89?s=96&d=mm&r=g","contentUrl":"https:\/\/secure.gravatar.com\/avatar\/42749d8b712ff9d59ca93dc150494e5b55a44134482993f5baeb97e61b7ecc89?s=96&d=mm&r=g","caption":"Roberto"},"url":"https:\/\/regiaonews.net.br\/2022\/author\/roberto\/"}]}},"publishpress_future_action":{"enabled":false,"date":"2026-05-04 07:48:04","action":"change-status","newStatus":"draft","terms":[],"taxonomy":"category","extraData":[]},"publishpress_future_workflow_manual_trigger":{"enabledWorkflows":[]},"_links":{"self":[{"href":"https:\/\/regiaonews.net.br\/2022\/wp-json\/wp\/v2\/posts\/98784","targetHints":{"allow":["GET"]}}],"collection":[{"href":"https:\/\/regiaonews.net.br\/2022\/wp-json\/wp\/v2\/posts"}],"about":[{"href":"https:\/\/regiaonews.net.br\/2022\/wp-json\/wp\/v2\/types\/post"}],"author":[{"embeddable":true,"href":"https:\/\/regiaonews.net.br\/2022\/wp-json\/wp\/v2\/users\/2"}],"replies":[{"embeddable":true,"href":"https:\/\/regiaonews.net.br\/2022\/wp-json\/wp\/v2\/comments?post=98784"}],"version-history":[{"count":1,"href":"https:\/\/regiaonews.net.br\/2022\/wp-json\/wp\/v2\/posts\/98784\/revisions"}],"predecessor-version":[{"id":98786,"href":"https:\/\/regiaonews.net.br\/2022\/wp-json\/wp\/v2\/posts\/98784\/revisions\/98786"}],"wp:featuredmedia":[{"embeddable":true,"href":"https:\/\/regiaonews.net.br\/2022\/wp-json\/wp\/v2\/media\/98785"}],"wp:attachment":[{"href":"https:\/\/regiaonews.net.br\/2022\/wp-json\/wp\/v2\/media?parent=98784"}],"wp:term":[{"taxonomy":"category","embeddable":true,"href":"https:\/\/regiaonews.net.br\/2022\/wp-json\/wp\/v2\/categories?post=98784"},{"taxonomy":"post_tag","embeddable":true,"href":"https:\/\/regiaonews.net.br\/2022\/wp-json\/wp\/v2\/tags?post=98784"}],"curies":[{"name":"wp","href":"https:\/\/api.w.org\/{rel}","templated":true}]}}