{"id":98779,"date":"2023-12-08T13:40:14","date_gmt":"2023-12-08T16:40:14","guid":{"rendered":"https:\/\/regiaonews.net.br\/2022\/?p=98779"},"modified":"2023-12-08T13:40:25","modified_gmt":"2023-12-08T16:40:25","slug":"operacao-resgate-prende-seis-procurados-pela-justica-na-cracolandia","status":"publish","type":"post","link":"https:\/\/regiaonews.net.br\/2022\/2023\/12\/08\/operacao-resgate-prende-seis-procurados-pela-justica-na-cracolandia\/","title":{"rendered":"Opera\u00e7\u00e3o Resgate prende seis procurados pela Justi\u00e7a na Cracol\u00e2ndia"},"content":{"rendered":"<div class=\"col-lg-12 justify\">\n<h3 style=\"text-align: center;\">Outras 51 pessoas foram flagradas descumprindo medidas cautelares.<\/h3>\n<\/div>\n<div class=\"col-lg-12 mt-3 justify\">\n<div>\n<div>A Pol\u00edcia Civil prendeu durante a Opera\u00e7\u00e3o Resgate realizada nesta quinta-feira (7) seis procurados pela Justi\u00e7a na regi\u00e3o da Cracol\u00e2ndia. A a\u00e7\u00e3o, realizada em conjunto com a Pol\u00edcia Militar e a Guarda Civil Municipal, ainda flagrou 51 pessoas descumprindo medidas cautelares impostas pelo Poder Judici\u00e1rio. Todas foram levadas para a delegacia.<\/div>\n<div><\/div>\n<div>Na \u00faltima fase da opera\u00e7\u00e3o, realizada em novembro, 17 pessoas foram presas por tr\u00e1fico de drogas e 9 foragidos da Justi\u00e7a foram capturados. Desde janeiro, a a\u00e7\u00e3o j\u00e1 prendeu 814 pessoas por tr\u00e1fico ou descumprimento de medidas cautelares na regi\u00e3o central de S\u00e3o Paulo.<\/div>\n<div><\/div>\n<div><b>Projeto V.I.D.A<\/b><\/div>\n<div><\/div>\n<div>No \u00faltimo m\u00eas, uma parceria entre a Pol\u00edcia Militar do Estado de S\u00e3o Paulo e o Tribunal de Justi\u00e7a de S\u00e3o Paulo deu aos militares uma nova ferramenta para monitorar os condenados que cumprem pena em regime aberto, s\u00e3o soltos em audi\u00eancia de cust\u00f3dia ou beneficiados com a sa\u00edda tempor\u00e1ria.<\/div>\n<div><\/div>\n<div>O Projeto V.I.D.A permite que os policiais acessem por uma plataforma atrav\u00e9s de um tablet na pr\u00f3pria viatura os locais, hor\u00e1rios e demais determina\u00e7\u00f5es judiciais que os condenados deveriam obedecer. Caso haja descumprimento, poder\u00e3o informar imediatamente o Poder Judici\u00e1rio sobre a desobedi\u00eancia.<\/div>\n<div><\/div>\n<div><b>Cenas Abertas<\/b><\/div>\n<div><\/div>\n<div>A regi\u00e3o da Cracol\u00e2ndia teve queda no n\u00famero de roubos pela 35\u00ba semana consecutiva, de acordo com o \u00faltimo relat\u00f3rio das Cenas Abertas de Uso.<\/div>\n<div><\/div>\n<div>Na an\u00e1lise, de 27 de novembro a 3 de dezembro, os roubos ca\u00edram 40% em rela\u00e7\u00e3o ao mesmo per\u00edodo do ano passado, passando de 174 para 104.<\/div>\n<div><\/div>\n<div>J\u00e1 os furtos ca\u00edram 32% no mesmo comparativo. Em 2022 foram 301 delitos contra 204 deste ano.<\/div>\n<\/div>\n<\/div>\n","protected":false},"excerpt":{"rendered":"<p>Outras 51 pessoas foram flagradas descumprindo medidas cautelares. A Pol\u00edcia<\/p>\n","protected":false},"author":2,"featured_media":98781,"comment_status":"open","ping_status":"open","sticky":false,"template":"","format":"standard","meta":{"footnotes":""},"categories":[7,23],"tags":[],"class_list":["post-98779","post","type-post","status-publish","format-standard","has-post-thumbnail","hentry","category-estado-de-sao-paulo","category-policia"],"yoast_head":"<!-- This site is optimized with the Yoast SEO plugin v27.4 - https:\/\/yoast.com\/product\/yoast-seo-wordpress\/ -->\n<title>Opera\u00e7\u00e3o Resgate prende seis procurados pela Justi\u00e7a na Cracol\u00e2ndia - Regi\u00e3o News<\/title>\n<meta name=\"robots\" content=\"index, follow, max-snippet:-1, max-image-preview:large, max-video-preview:-1\" \/>\n<link rel=\"canonical\" href=\"https:\/\/regiaonews.net.br\/2022\/2023\/12\/08\/operacao-resgate-prende-seis-procurados-pela-justica-na-cracolandia\/\" \/>\n<meta property=\"og:locale\" content=\"pt_BR\" \/>\n<meta property=\"og:type\" content=\"article\" \/>\n<meta property=\"og:title\" content=\"Opera\u00e7\u00e3o Resgate prende seis procurados pela Justi\u00e7a na Cracol\u00e2ndia - Regi\u00e3o News\" \/>\n<meta property=\"og:description\" content=\"Outras 51 pessoas foram flagradas descumprindo medidas cautelares. A Pol\u00edcia\" \/>\n<meta property=\"og:url\" content=\"https:\/\/regiaonews.net.br\/2022\/2023\/12\/08\/operacao-resgate-prende-seis-procurados-pela-justica-na-cracolandia\/\" \/>\n<meta property=\"og:site_name\" content=\"Regi\u00e3o News\" \/>\n<meta property=\"article:published_time\" content=\"2023-12-08T16:40:14+00:00\" \/>\n<meta property=\"article:modified_time\" content=\"2023-12-08T16:40:25+00:00\" \/>\n<meta property=\"og:image\" content=\"https:\/\/regiaonews.net.br\/2022\/wp-content\/uploads\/2023\/12\/00052375.jpeg\" \/>\n\t<meta property=\"og:image:width\" content=\"1600\" \/>\n\t<meta property=\"og:image:height\" content=\"1099\" \/>\n\t<meta property=\"og:image:type\" content=\"image\/jpeg\" \/>\n<meta name=\"author\" content=\"Roberto\" \/>\n<meta name=\"twitter:card\" content=\"summary_large_image\" \/>\n<meta name=\"twitter:label1\" content=\"Escrito por\" \/>\n\t<meta name=\"twitter:data1\" content=\"Roberto\" \/>\n\t<meta name=\"twitter:label2\" content=\"Est. tempo de leitura\" \/>\n\t<meta name=\"twitter:data2\" content=\"2 minutos\" \/>\n<script type=\"application\/ld+json\" class=\"yoast-schema-graph\">{\"@context\":\"https:\\\/\\\/schema.org\",\"@graph\":[{\"@type\":\"Article\",\"@id\":\"https:\\\/\\\/regiaonews.net.br\\\/2022\\\/2023\\\/12\\\/08\\\/operacao-resgate-prende-seis-procurados-pela-justica-na-cracolandia\\\/#article\",\"isPartOf\":{\"@id\":\"https:\\\/\\\/regiaonews.net.br\\\/2022\\\/2023\\\/12\\\/08\\\/operacao-resgate-prende-seis-procurados-pela-justica-na-cracolandia\\\/\"},\"author\":{\"name\":\"Roberto\",\"@id\":\"https:\\\/\\\/regiaonews.net.br\\\/2022\\\/#\\\/schema\\\/person\\\/2d205a608a5aa97ac279d7a5e6d89ad8\"},\"headline\":\"Opera\u00e7\u00e3o Resgate prende seis procurados pela Justi\u00e7a na Cracol\u00e2ndia\",\"datePublished\":\"2023-12-08T16:40:14+00:00\",\"dateModified\":\"2023-12-08T16:40:25+00:00\",\"mainEntityOfPage\":{\"@id\":\"https:\\\/\\\/regiaonews.net.br\\\/2022\\\/2023\\\/12\\\/08\\\/operacao-resgate-prende-seis-procurados-pela-justica-na-cracolandia\\\/\"},\"wordCount\":311,\"commentCount\":0,\"publisher\":{\"@id\":\"https:\\\/\\\/regiaonews.net.br\\\/2022\\\/#organization\"},\"image\":{\"@id\":\"https:\\\/\\\/regiaonews.net.br\\\/2022\\\/2023\\\/12\\\/08\\\/operacao-resgate-prende-seis-procurados-pela-justica-na-cracolandia\\\/#primaryimage\"},\"thumbnailUrl\":\"https:\\\/\\\/regiaonews.net.br\\\/2022\\\/wp-content\\\/uploads\\\/2023\\\/12\\\/00052375.jpeg\",\"articleSection\":[\"Estado de S\u00e3o Paulo\",\"Policia\"],\"inLanguage\":\"pt-BR\",\"potentialAction\":[{\"@type\":\"CommentAction\",\"name\":\"Comment\",\"target\":[\"https:\\\/\\\/regiaonews.net.br\\\/2022\\\/2023\\\/12\\\/08\\\/operacao-resgate-prende-seis-procurados-pela-justica-na-cracolandia\\\/#respond\"]}]},{\"@type\":\"WebPage\",\"@id\":\"https:\\\/\\\/regiaonews.net.br\\\/2022\\\/2023\\\/12\\\/08\\\/operacao-resgate-prende-seis-procurados-pela-justica-na-cracolandia\\\/\",\"url\":\"https:\\\/\\\/regiaonews.net.br\\\/2022\\\/2023\\\/12\\\/08\\\/operacao-resgate-prende-seis-procurados-pela-justica-na-cracolandia\\\/\",\"name\":\"Opera\u00e7\u00e3o Resgate prende seis procurados pela Justi\u00e7a na Cracol\u00e2ndia - Regi\u00e3o News\",\"isPartOf\":{\"@id\":\"https:\\\/\\\/regiaonews.net.br\\\/2022\\\/#website\"},\"primaryImageOfPage\":{\"@id\":\"https:\\\/\\\/regiaonews.net.br\\\/2022\\\/2023\\\/12\\\/08\\\/operacao-resgate-prende-seis-procurados-pela-justica-na-cracolandia\\\/#primaryimage\"},\"image\":{\"@id\":\"https:\\\/\\\/regiaonews.net.br\\\/2022\\\/2023\\\/12\\\/08\\\/operacao-resgate-prende-seis-procurados-pela-justica-na-cracolandia\\\/#primaryimage\"},\"thumbnailUrl\":\"https:\\\/\\\/regiaonews.net.br\\\/2022\\\/wp-content\\\/uploads\\\/2023\\\/12\\\/00052375.jpeg\",\"datePublished\":\"2023-12-08T16:40:14+00:00\",\"dateModified\":\"2023-12-08T16:40:25+00:00\",\"breadcrumb\":{\"@id\":\"https:\\\/\\\/regiaonews.net.br\\\/2022\\\/2023\\\/12\\\/08\\\/operacao-resgate-prende-seis-procurados-pela-justica-na-cracolandia\\\/#breadcrumb\"},\"inLanguage\":\"pt-BR\",\"potentialAction\":[{\"@type\":\"ReadAction\",\"target\":[\"https:\\\/\\\/regiaonews.net.br\\\/2022\\\/2023\\\/12\\\/08\\\/operacao-resgate-prende-seis-procurados-pela-justica-na-cracolandia\\\/\"]}]},{\"@type\":\"ImageObject\",\"inLanguage\":\"pt-BR\",\"@id\":\"https:\\\/\\\/regiaonews.net.br\\\/2022\\\/2023\\\/12\\\/08\\\/operacao-resgate-prende-seis-procurados-pela-justica-na-cracolandia\\\/#primaryimage\",\"url\":\"https:\\\/\\\/regiaonews.net.br\\\/2022\\\/wp-content\\\/uploads\\\/2023\\\/12\\\/00052375.jpeg\",\"contentUrl\":\"https:\\\/\\\/regiaonews.net.br\\\/2022\\\/wp-content\\\/uploads\\\/2023\\\/12\\\/00052375.jpeg\",\"width\":1600,\"height\":1099},{\"@type\":\"BreadcrumbList\",\"@id\":\"https:\\\/\\\/regiaonews.net.br\\\/2022\\\/2023\\\/12\\\/08\\\/operacao-resgate-prende-seis-procurados-pela-justica-na-cracolandia\\\/#breadcrumb\",\"itemListElement\":[{\"@type\":\"ListItem\",\"position\":1,\"name\":\"In\u00edcio\",\"item\":\"https:\\\/\\\/regiaonews.net.br\\\/2022\\\/\"},{\"@type\":\"ListItem\",\"position\":2,\"name\":\"Opera\u00e7\u00e3o Resgate prende seis procurados pela Justi\u00e7a na Cracol\u00e2ndia\"}]},{\"@type\":\"WebSite\",\"@id\":\"https:\\\/\\\/regiaonews.net.br\\\/2022\\\/#website\",\"url\":\"https:\\\/\\\/regiaonews.net.br\\\/2022\\\/\",\"name\":\"Regi\u00e3o News\",\"description\":\"Site de Not\u00edcias de Barretos e regi\u00e3o\",\"publisher\":{\"@id\":\"https:\\\/\\\/regiaonews.net.br\\\/2022\\\/#organization\"},\"potentialAction\":[{\"@type\":\"SearchAction\",\"target\":{\"@type\":\"EntryPoint\",\"urlTemplate\":\"https:\\\/\\\/regiaonews.net.br\\\/2022\\\/?s={search_term_string}\"},\"query-input\":{\"@type\":\"PropertyValueSpecification\",\"valueRequired\":true,\"valueName\":\"search_term_string\"}}],\"inLanguage\":\"pt-BR\"},{\"@type\":\"Organization\",\"@id\":\"https:\\\/\\\/regiaonews.net.br\\\/2022\\\/#organization\",\"name\":\"Regi\u00e3o News\",\"url\":\"https:\\\/\\\/regiaonews.net.br\\\/2022\\\/\",\"logo\":{\"@type\":\"ImageObject\",\"inLanguage\":\"pt-BR\",\"@id\":\"https:\\\/\\\/regiaonews.net.br\\\/2022\\\/#\\\/schema\\\/logo\\\/image\\\/\",\"url\":\"https:\\\/\\\/regiaonews.net.br\\\/2022\\\/wp-content\\\/uploads\\\/2026\\\/03\\\/regiao-13-anos-scaled.jpg\",\"contentUrl\":\"https:\\\/\\\/regiaonews.net.br\\\/2022\\\/wp-content\\\/uploads\\\/2026\\\/03\\\/regiao-13-anos-scaled.jpg\",\"width\":2560,\"height\":635,\"caption\":\"Regi\u00e3o News\"},\"image\":{\"@id\":\"https:\\\/\\\/regiaonews.net.br\\\/2022\\\/#\\\/schema\\\/logo\\\/image\\\/\"}},{\"@type\":\"Person\",\"@id\":\"https:\\\/\\\/regiaonews.net.br\\\/2022\\\/#\\\/schema\\\/person\\\/2d205a608a5aa97ac279d7a5e6d89ad8\",\"name\":\"Roberto\",\"image\":{\"@type\":\"ImageObject\",\"inLanguage\":\"pt-BR\",\"@id\":\"https:\\\/\\\/secure.gravatar.com\\\/avatar\\\/42749d8b712ff9d59ca93dc150494e5b55a44134482993f5baeb97e61b7ecc89?s=96&d=mm&r=g\",\"url\":\"https:\\\/\\\/secure.gravatar.com\\\/avatar\\\/42749d8b712ff9d59ca93dc150494e5b55a44134482993f5baeb97e61b7ecc89?s=96&d=mm&r=g\",\"contentUrl\":\"https:\\\/\\\/secure.gravatar.com\\\/avatar\\\/42749d8b712ff9d59ca93dc150494e5b55a44134482993f5baeb97e61b7ecc89?s=96&d=mm&r=g\",\"caption\":\"Roberto\"},\"url\":\"https:\\\/\\\/regiaonews.net.br\\\/2022\\\/author\\\/roberto\\\/\"}]}<\/script>\n<!-- \/ Yoast SEO plugin. -->","yoast_head_json":{"title":"Opera\u00e7\u00e3o Resgate prende seis procurados pela Justi\u00e7a na Cracol\u00e2ndia - Regi\u00e3o News","robots":{"index":"index","follow":"follow","max-snippet":"max-snippet:-1","max-image-preview":"max-image-preview:large","max-video-preview":"max-video-preview:-1"},"canonical":"https:\/\/regiaonews.net.br\/2022\/2023\/12\/08\/operacao-resgate-prende-seis-procurados-pela-justica-na-cracolandia\/","og_locale":"pt_BR","og_type":"article","og_title":"Opera\u00e7\u00e3o Resgate prende seis procurados pela Justi\u00e7a na Cracol\u00e2ndia - Regi\u00e3o News","og_description":"Outras 51 pessoas foram flagradas descumprindo medidas cautelares. A Pol\u00edcia","og_url":"https:\/\/regiaonews.net.br\/2022\/2023\/12\/08\/operacao-resgate-prende-seis-procurados-pela-justica-na-cracolandia\/","og_site_name":"Regi\u00e3o News","article_published_time":"2023-12-08T16:40:14+00:00","article_modified_time":"2023-12-08T16:40:25+00:00","og_image":[{"width":1600,"height":1099,"url":"https:\/\/regiaonews.net.br\/2022\/wp-content\/uploads\/2023\/12\/00052375.jpeg","type":"image\/jpeg"}],"author":"Roberto","twitter_card":"summary_large_image","twitter_misc":{"Escrito por":"Roberto","Est. tempo de leitura":"2 minutos"},"schema":{"@context":"https:\/\/schema.org","@graph":[{"@type":"Article","@id":"https:\/\/regiaonews.net.br\/2022\/2023\/12\/08\/operacao-resgate-prende-seis-procurados-pela-justica-na-cracolandia\/#article","isPartOf":{"@id":"https:\/\/regiaonews.net.br\/2022\/2023\/12\/08\/operacao-resgate-prende-seis-procurados-pela-justica-na-cracolandia\/"},"author":{"name":"Roberto","@id":"https:\/\/regiaonews.net.br\/2022\/#\/schema\/person\/2d205a608a5aa97ac279d7a5e6d89ad8"},"headline":"Opera\u00e7\u00e3o Resgate prende seis procurados pela Justi\u00e7a na Cracol\u00e2ndia","datePublished":"2023-12-08T16:40:14+00:00","dateModified":"2023-12-08T16:40:25+00:00","mainEntityOfPage":{"@id":"https:\/\/regiaonews.net.br\/2022\/2023\/12\/08\/operacao-resgate-prende-seis-procurados-pela-justica-na-cracolandia\/"},"wordCount":311,"commentCount":0,"publisher":{"@id":"https:\/\/regiaonews.net.br\/2022\/#organization"},"image":{"@id":"https:\/\/regiaonews.net.br\/2022\/2023\/12\/08\/operacao-resgate-prende-seis-procurados-pela-justica-na-cracolandia\/#primaryimage"},"thumbnailUrl":"https:\/\/regiaonews.net.br\/2022\/wp-content\/uploads\/2023\/12\/00052375.jpeg","articleSection":["Estado de S\u00e3o Paulo","Policia"],"inLanguage":"pt-BR","potentialAction":[{"@type":"CommentAction","name":"Comment","target":["https:\/\/regiaonews.net.br\/2022\/2023\/12\/08\/operacao-resgate-prende-seis-procurados-pela-justica-na-cracolandia\/#respond"]}]},{"@type":"WebPage","@id":"https:\/\/regiaonews.net.br\/2022\/2023\/12\/08\/operacao-resgate-prende-seis-procurados-pela-justica-na-cracolandia\/","url":"https:\/\/regiaonews.net.br\/2022\/2023\/12\/08\/operacao-resgate-prende-seis-procurados-pela-justica-na-cracolandia\/","name":"Opera\u00e7\u00e3o Resgate prende seis procurados pela Justi\u00e7a na Cracol\u00e2ndia - Regi\u00e3o News","isPartOf":{"@id":"https:\/\/regiaonews.net.br\/2022\/#website"},"primaryImageOfPage":{"@id":"https:\/\/regiaonews.net.br\/2022\/2023\/12\/08\/operacao-resgate-prende-seis-procurados-pela-justica-na-cracolandia\/#primaryimage"},"image":{"@id":"https:\/\/regiaonews.net.br\/2022\/2023\/12\/08\/operacao-resgate-prende-seis-procurados-pela-justica-na-cracolandia\/#primaryimage"},"thumbnailUrl":"https:\/\/regiaonews.net.br\/2022\/wp-content\/uploads\/2023\/12\/00052375.jpeg","datePublished":"2023-12-08T16:40:14+00:00","dateModified":"2023-12-08T16:40:25+00:00","breadcrumb":{"@id":"https:\/\/regiaonews.net.br\/2022\/2023\/12\/08\/operacao-resgate-prende-seis-procurados-pela-justica-na-cracolandia\/#breadcrumb"},"inLanguage":"pt-BR","potentialAction":[{"@type":"ReadAction","target":["https:\/\/regiaonews.net.br\/2022\/2023\/12\/08\/operacao-resgate-prende-seis-procurados-pela-justica-na-cracolandia\/"]}]},{"@type":"ImageObject","inLanguage":"pt-BR","@id":"https:\/\/regiaonews.net.br\/2022\/2023\/12\/08\/operacao-resgate-prende-seis-procurados-pela-justica-na-cracolandia\/#primaryimage","url":"https:\/\/regiaonews.net.br\/2022\/wp-content\/uploads\/2023\/12\/00052375.jpeg","contentUrl":"https:\/\/regiaonews.net.br\/2022\/wp-content\/uploads\/2023\/12\/00052375.jpeg","width":1600,"height":1099},{"@type":"BreadcrumbList","@id":"https:\/\/regiaonews.net.br\/2022\/2023\/12\/08\/operacao-resgate-prende-seis-procurados-pela-justica-na-cracolandia\/#breadcrumb","itemListElement":[{"@type":"ListItem","position":1,"name":"In\u00edcio","item":"https:\/\/regiaonews.net.br\/2022\/"},{"@type":"ListItem","position":2,"name":"Opera\u00e7\u00e3o Resgate prende seis procurados pela Justi\u00e7a na Cracol\u00e2ndia"}]},{"@type":"WebSite","@id":"https:\/\/regiaonews.net.br\/2022\/#website","url":"https:\/\/regiaonews.net.br\/2022\/","name":"Regi\u00e3o News","description":"Site de Not\u00edcias de Barretos e regi\u00e3o","publisher":{"@id":"https:\/\/regiaonews.net.br\/2022\/#organization"},"potentialAction":[{"@type":"SearchAction","target":{"@type":"EntryPoint","urlTemplate":"https:\/\/regiaonews.net.br\/2022\/?s={search_term_string}"},"query-input":{"@type":"PropertyValueSpecification","valueRequired":true,"valueName":"search_term_string"}}],"inLanguage":"pt-BR"},{"@type":"Organization","@id":"https:\/\/regiaonews.net.br\/2022\/#organization","name":"Regi\u00e3o News","url":"https:\/\/regiaonews.net.br\/2022\/","logo":{"@type":"ImageObject","inLanguage":"pt-BR","@id":"https:\/\/regiaonews.net.br\/2022\/#\/schema\/logo\/image\/","url":"https:\/\/regiaonews.net.br\/2022\/wp-content\/uploads\/2026\/03\/regiao-13-anos-scaled.jpg","contentUrl":"https:\/\/regiaonews.net.br\/2022\/wp-content\/uploads\/2026\/03\/regiao-13-anos-scaled.jpg","width":2560,"height":635,"caption":"Regi\u00e3o News"},"image":{"@id":"https:\/\/regiaonews.net.br\/2022\/#\/schema\/logo\/image\/"}},{"@type":"Person","@id":"https:\/\/regiaonews.net.br\/2022\/#\/schema\/person\/2d205a608a5aa97ac279d7a5e6d89ad8","name":"Roberto","image":{"@type":"ImageObject","inLanguage":"pt-BR","@id":"https:\/\/secure.gravatar.com\/avatar\/42749d8b712ff9d59ca93dc150494e5b55a44134482993f5baeb97e61b7ecc89?s=96&d=mm&r=g","url":"https:\/\/secure.gravatar.com\/avatar\/42749d8b712ff9d59ca93dc150494e5b55a44134482993f5baeb97e61b7ecc89?s=96&d=mm&r=g","contentUrl":"https:\/\/secure.gravatar.com\/avatar\/42749d8b712ff9d59ca93dc150494e5b55a44134482993f5baeb97e61b7ecc89?s=96&d=mm&r=g","caption":"Roberto"},"url":"https:\/\/regiaonews.net.br\/2022\/author\/roberto\/"}]}},"publishpress_future_action":{"enabled":false,"date":"2026-05-04 07:26:25","action":"change-status","newStatus":"draft","terms":[],"taxonomy":"category","extraData":[]},"publishpress_future_workflow_manual_trigger":{"enabledWorkflows":[]},"_links":{"self":[{"href":"https:\/\/regiaonews.net.br\/2022\/wp-json\/wp\/v2\/posts\/98779","targetHints":{"allow":["GET"]}}],"collection":[{"href":"https:\/\/regiaonews.net.br\/2022\/wp-json\/wp\/v2\/posts"}],"about":[{"href":"https:\/\/regiaonews.net.br\/2022\/wp-json\/wp\/v2\/types\/post"}],"author":[{"embeddable":true,"href":"https:\/\/regiaonews.net.br\/2022\/wp-json\/wp\/v2\/users\/2"}],"replies":[{"embeddable":true,"href":"https:\/\/regiaonews.net.br\/2022\/wp-json\/wp\/v2\/comments?post=98779"}],"version-history":[{"count":2,"href":"https:\/\/regiaonews.net.br\/2022\/wp-json\/wp\/v2\/posts\/98779\/revisions"}],"predecessor-version":[{"id":98783,"href":"https:\/\/regiaonews.net.br\/2022\/wp-json\/wp\/v2\/posts\/98779\/revisions\/98783"}],"wp:featuredmedia":[{"embeddable":true,"href":"https:\/\/regiaonews.net.br\/2022\/wp-json\/wp\/v2\/media\/98781"}],"wp:attachment":[{"href":"https:\/\/regiaonews.net.br\/2022\/wp-json\/wp\/v2\/media?parent=98779"}],"wp:term":[{"taxonomy":"category","embeddable":true,"href":"https:\/\/regiaonews.net.br\/2022\/wp-json\/wp\/v2\/categories?post=98779"},{"taxonomy":"post_tag","embeddable":true,"href":"https:\/\/regiaonews.net.br\/2022\/wp-json\/wp\/v2\/tags?post=98779"}],"curies":[{"name":"wp","href":"https:\/\/api.w.org\/{rel}","templated":true}]}}