{"id":98776,"date":"2023-12-08T13:39:15","date_gmt":"2023-12-08T16:39:15","guid":{"rendered":"https:\/\/regiaonews.net.br\/2022\/?p=98776"},"modified":"2023-12-08T13:39:15","modified_gmt":"2023-12-08T16:39:15","slug":"camara-de-bebedouro-entrega-hoje-medalha-tio-toninho-a-esportistas","status":"publish","type":"post","link":"https:\/\/regiaonews.net.br\/2022\/2023\/12\/08\/camara-de-bebedouro-entrega-hoje-medalha-tio-toninho-a-esportistas\/","title":{"rendered":"C\u00e2mara de Bebedouro entrega hoje Medalha Tio Toninho a esportistas"},"content":{"rendered":"<p>Em cumprimento ao Decreto Legislativo n\u00ba 659, de 27 de novembro de 2023, de autoria da Mesa Diretora, a C\u00e2mara Municipal de Bebedouro promove sess\u00e3o solene hoje, a partir das 20h, para a entrega da Medalha Tio Toninho a 25 esportistas que est\u00e3o mandando bem em suas modalidades.<\/p>\n<p>A homenagem foi criada pela vereadora Eliana Merchan (Uni\u00e3o Brasil) no ano passado visando valorizar e reconhecer os esportistas bebedourenses anualmente, al\u00e9m \u2013 \u00e9 claro \u2013 de incentivar a pr\u00e1tica de atividades f\u00edsicas entre a popula\u00e7\u00e3o.<\/p>\n<p>Neste ano ser\u00e3o homenageados os seguintes esportistas:<\/p>\n<p>Ademir Aparecido dos Santos<br \/>\nAdenilson Ostenil Pereira<br \/>\nAlessandra Andreia de Oliveira Cezar<br \/>\nAline Beatriz Ramos Luz<br \/>\nBen\u00edcio Augusto Porto da Silva<br \/>\nBruno Leandro Feltrim<br \/>\nClaudimar Assis de Oliveira<br \/>\nDebora Merchan Ferraz<br \/>\nEnzo Andrade Papel<br \/>\nFl\u00e1vio J\u00falio Basilo<br \/>\nGabriele Gomes<br \/>\nGermino dos Santos<br \/>\nGivaldo Teixeira Sobrinho<br \/>\nIngrid Janaina Alves<br \/>\nIsaac Ferreira Gandra<br \/>\nJo\u00e3o Ant\u00f4nio Ennes<br \/>\nJo\u00e3o Henrique Rebelatto<br \/>\nJo\u00e3o Pedro Barboza<br \/>\nLuciano Andr\u00e9 de Oliveira<br \/>\nRicardo Henrique Esgargeta de Souza<br \/>\nRobenilson Oliveira dos Santos<br \/>\nV\u00e2nia Daniela de Brito do Amaral<br \/>\nVilmar Justino<br \/>\nVin\u00edcius Brito do Amaral<br \/>\nWskley Glen de Oliveira Gomes<\/p>\n<p>Quem foi Toninho?<\/p>\n<p>Antonio Alves dos Santos, o Tio Toninho, foi um dos principais corredores de rua bebedourenses de longa dist\u00e2ncia nos \u00faltimos 40 anos (maratonas), mas tamb\u00e9m se destacava em corridas pedestres mais curtas como as de 21 km (meia maratona) e 10km. Sempre representou Bebedouro nas competi\u00e7\u00f5es, servindo de exemplo para os esportistas mais jovens.<\/p>\n<p>H\u00e1 quase 20 anos, liderou um grupo de atletas fundando a Associa\u00e7\u00e3o Bebedourense de Atletismo (ABA) com o objetivo de melhorar o esporte em Bebedouro, descobrir novos talentos e, acima de tudo, estimular h\u00e1bitos saud\u00e1veis pela qualidade de vida atrav\u00e9s da corrida.<br \/>\nNa pista de atletismo do est\u00e1dio municipal S\u00f3crates Stamato (Feccib Velha), nas avenidas de Bebedouro e estradas rurais, Tio Toninho \u2013 t\u00e9cnico de atletismo licenciado pela Federa\u00e7\u00e3o Paulista de Atletismo (FPA) &#8211; instru\u00eda uma legi\u00e3o de atletas em busca da pr\u00f3pria supera\u00e7\u00e3o e de bem-estar.<\/p>\n<p>Tio Toninho faleceu no final de 2021 vitimado pelo c\u00e2ncer, em meio \u00e0 pandemia da Covid-19, perto de completar 60\u00a0anos\u00a0de\u00a0idade.<\/p>\n","protected":false},"excerpt":{"rendered":"<p>Em cumprimento ao Decreto Legislativo n\u00ba 659, de 27 de<\/p>\n","protected":false},"author":2,"featured_media":98777,"comment_status":"open","ping_status":"open","sticky":false,"template":"","format":"standard","meta":{"footnotes":""},"categories":[4,3],"tags":[],"class_list":["post-98776","post","type-post","status-publish","format-standard","has-post-thumbnail","hentry","category-bebedouro","category-geral"],"yoast_head":"<!-- This site is optimized with the Yoast SEO plugin v27.4 - https:\/\/yoast.com\/product\/yoast-seo-wordpress\/ -->\n<title>C\u00e2mara de Bebedouro entrega hoje Medalha Tio Toninho a esportistas - Regi\u00e3o News<\/title>\n<meta name=\"robots\" content=\"index, follow, max-snippet:-1, max-image-preview:large, max-video-preview:-1\" \/>\n<link rel=\"canonical\" href=\"https:\/\/regiaonews.net.br\/2022\/2023\/12\/08\/camara-de-bebedouro-entrega-hoje-medalha-tio-toninho-a-esportistas\/\" \/>\n<meta property=\"og:locale\" content=\"pt_BR\" \/>\n<meta property=\"og:type\" content=\"article\" \/>\n<meta property=\"og:title\" content=\"C\u00e2mara de Bebedouro entrega hoje Medalha Tio Toninho a esportistas - Regi\u00e3o News\" \/>\n<meta property=\"og:description\" content=\"Em cumprimento ao Decreto Legislativo n\u00ba 659, de 27 de\" \/>\n<meta property=\"og:url\" content=\"https:\/\/regiaonews.net.br\/2022\/2023\/12\/08\/camara-de-bebedouro-entrega-hoje-medalha-tio-toninho-a-esportistas\/\" \/>\n<meta property=\"og:site_name\" content=\"Regi\u00e3o News\" \/>\n<meta property=\"article:published_time\" content=\"2023-12-08T16:39:15+00:00\" \/>\n<meta property=\"og:image\" content=\"https:\/\/regiaonews.net.br\/2022\/wp-content\/uploads\/2023\/12\/Imagem-do-WhatsApp-de-2023-12-08-as-11.09.41_7e586883.jpg\" \/>\n\t<meta property=\"og:image:width\" content=\"1600\" \/>\n\t<meta property=\"og:image:height\" content=\"1067\" \/>\n\t<meta property=\"og:image:type\" content=\"image\/jpeg\" \/>\n<meta name=\"author\" content=\"Roberto\" \/>\n<meta name=\"twitter:card\" content=\"summary_large_image\" \/>\n<meta name=\"twitter:label1\" content=\"Escrito por\" \/>\n\t<meta name=\"twitter:data1\" content=\"Roberto\" \/>\n\t<meta name=\"twitter:label2\" content=\"Est. tempo de leitura\" \/>\n\t<meta name=\"twitter:data2\" content=\"2 minutos\" \/>\n<script type=\"application\/ld+json\" class=\"yoast-schema-graph\">{\"@context\":\"https:\\\/\\\/schema.org\",\"@graph\":[{\"@type\":\"Article\",\"@id\":\"https:\\\/\\\/regiaonews.net.br\\\/2022\\\/2023\\\/12\\\/08\\\/camara-de-bebedouro-entrega-hoje-medalha-tio-toninho-a-esportistas\\\/#article\",\"isPartOf\":{\"@id\":\"https:\\\/\\\/regiaonews.net.br\\\/2022\\\/2023\\\/12\\\/08\\\/camara-de-bebedouro-entrega-hoje-medalha-tio-toninho-a-esportistas\\\/\"},\"author\":{\"name\":\"Roberto\",\"@id\":\"https:\\\/\\\/regiaonews.net.br\\\/2022\\\/#\\\/schema\\\/person\\\/2d205a608a5aa97ac279d7a5e6d89ad8\"},\"headline\":\"C\u00e2mara de Bebedouro entrega hoje Medalha Tio Toninho a esportistas\",\"datePublished\":\"2023-12-08T16:39:15+00:00\",\"mainEntityOfPage\":{\"@id\":\"https:\\\/\\\/regiaonews.net.br\\\/2022\\\/2023\\\/12\\\/08\\\/camara-de-bebedouro-entrega-hoje-medalha-tio-toninho-a-esportistas\\\/\"},\"wordCount\":379,\"commentCount\":0,\"publisher\":{\"@id\":\"https:\\\/\\\/regiaonews.net.br\\\/2022\\\/#organization\"},\"image\":{\"@id\":\"https:\\\/\\\/regiaonews.net.br\\\/2022\\\/2023\\\/12\\\/08\\\/camara-de-bebedouro-entrega-hoje-medalha-tio-toninho-a-esportistas\\\/#primaryimage\"},\"thumbnailUrl\":\"https:\\\/\\\/regiaonews.net.br\\\/2022\\\/wp-content\\\/uploads\\\/2023\\\/12\\\/Imagem-do-WhatsApp-de-2023-12-08-as-11.09.41_7e586883.jpg\",\"articleSection\":[\"Bebedouro\",\"Geral\"],\"inLanguage\":\"pt-BR\",\"potentialAction\":[{\"@type\":\"CommentAction\",\"name\":\"Comment\",\"target\":[\"https:\\\/\\\/regiaonews.net.br\\\/2022\\\/2023\\\/12\\\/08\\\/camara-de-bebedouro-entrega-hoje-medalha-tio-toninho-a-esportistas\\\/#respond\"]}]},{\"@type\":\"WebPage\",\"@id\":\"https:\\\/\\\/regiaonews.net.br\\\/2022\\\/2023\\\/12\\\/08\\\/camara-de-bebedouro-entrega-hoje-medalha-tio-toninho-a-esportistas\\\/\",\"url\":\"https:\\\/\\\/regiaonews.net.br\\\/2022\\\/2023\\\/12\\\/08\\\/camara-de-bebedouro-entrega-hoje-medalha-tio-toninho-a-esportistas\\\/\",\"name\":\"C\u00e2mara de Bebedouro entrega hoje Medalha Tio Toninho a esportistas - Regi\u00e3o News\",\"isPartOf\":{\"@id\":\"https:\\\/\\\/regiaonews.net.br\\\/2022\\\/#website\"},\"primaryImageOfPage\":{\"@id\":\"https:\\\/\\\/regiaonews.net.br\\\/2022\\\/2023\\\/12\\\/08\\\/camara-de-bebedouro-entrega-hoje-medalha-tio-toninho-a-esportistas\\\/#primaryimage\"},\"image\":{\"@id\":\"https:\\\/\\\/regiaonews.net.br\\\/2022\\\/2023\\\/12\\\/08\\\/camara-de-bebedouro-entrega-hoje-medalha-tio-toninho-a-esportistas\\\/#primaryimage\"},\"thumbnailUrl\":\"https:\\\/\\\/regiaonews.net.br\\\/2022\\\/wp-content\\\/uploads\\\/2023\\\/12\\\/Imagem-do-WhatsApp-de-2023-12-08-as-11.09.41_7e586883.jpg\",\"datePublished\":\"2023-12-08T16:39:15+00:00\",\"breadcrumb\":{\"@id\":\"https:\\\/\\\/regiaonews.net.br\\\/2022\\\/2023\\\/12\\\/08\\\/camara-de-bebedouro-entrega-hoje-medalha-tio-toninho-a-esportistas\\\/#breadcrumb\"},\"inLanguage\":\"pt-BR\",\"potentialAction\":[{\"@type\":\"ReadAction\",\"target\":[\"https:\\\/\\\/regiaonews.net.br\\\/2022\\\/2023\\\/12\\\/08\\\/camara-de-bebedouro-entrega-hoje-medalha-tio-toninho-a-esportistas\\\/\"]}]},{\"@type\":\"ImageObject\",\"inLanguage\":\"pt-BR\",\"@id\":\"https:\\\/\\\/regiaonews.net.br\\\/2022\\\/2023\\\/12\\\/08\\\/camara-de-bebedouro-entrega-hoje-medalha-tio-toninho-a-esportistas\\\/#primaryimage\",\"url\":\"https:\\\/\\\/regiaonews.net.br\\\/2022\\\/wp-content\\\/uploads\\\/2023\\\/12\\\/Imagem-do-WhatsApp-de-2023-12-08-as-11.09.41_7e586883.jpg\",\"contentUrl\":\"https:\\\/\\\/regiaonews.net.br\\\/2022\\\/wp-content\\\/uploads\\\/2023\\\/12\\\/Imagem-do-WhatsApp-de-2023-12-08-as-11.09.41_7e586883.jpg\",\"width\":1600,\"height\":1067},{\"@type\":\"BreadcrumbList\",\"@id\":\"https:\\\/\\\/regiaonews.net.br\\\/2022\\\/2023\\\/12\\\/08\\\/camara-de-bebedouro-entrega-hoje-medalha-tio-toninho-a-esportistas\\\/#breadcrumb\",\"itemListElement\":[{\"@type\":\"ListItem\",\"position\":1,\"name\":\"In\u00edcio\",\"item\":\"https:\\\/\\\/regiaonews.net.br\\\/2022\\\/\"},{\"@type\":\"ListItem\",\"position\":2,\"name\":\"C\u00e2mara de Bebedouro entrega hoje Medalha Tio Toninho a esportistas\"}]},{\"@type\":\"WebSite\",\"@id\":\"https:\\\/\\\/regiaonews.net.br\\\/2022\\\/#website\",\"url\":\"https:\\\/\\\/regiaonews.net.br\\\/2022\\\/\",\"name\":\"Regi\u00e3o News\",\"description\":\"Site de Not\u00edcias de Barretos e regi\u00e3o\",\"publisher\":{\"@id\":\"https:\\\/\\\/regiaonews.net.br\\\/2022\\\/#organization\"},\"potentialAction\":[{\"@type\":\"SearchAction\",\"target\":{\"@type\":\"EntryPoint\",\"urlTemplate\":\"https:\\\/\\\/regiaonews.net.br\\\/2022\\\/?s={search_term_string}\"},\"query-input\":{\"@type\":\"PropertyValueSpecification\",\"valueRequired\":true,\"valueName\":\"search_term_string\"}}],\"inLanguage\":\"pt-BR\"},{\"@type\":\"Organization\",\"@id\":\"https:\\\/\\\/regiaonews.net.br\\\/2022\\\/#organization\",\"name\":\"Regi\u00e3o News\",\"url\":\"https:\\\/\\\/regiaonews.net.br\\\/2022\\\/\",\"logo\":{\"@type\":\"ImageObject\",\"inLanguage\":\"pt-BR\",\"@id\":\"https:\\\/\\\/regiaonews.net.br\\\/2022\\\/#\\\/schema\\\/logo\\\/image\\\/\",\"url\":\"https:\\\/\\\/regiaonews.net.br\\\/2022\\\/wp-content\\\/uploads\\\/2026\\\/03\\\/regiao-13-anos-scaled.jpg\",\"contentUrl\":\"https:\\\/\\\/regiaonews.net.br\\\/2022\\\/wp-content\\\/uploads\\\/2026\\\/03\\\/regiao-13-anos-scaled.jpg\",\"width\":2560,\"height\":635,\"caption\":\"Regi\u00e3o News\"},\"image\":{\"@id\":\"https:\\\/\\\/regiaonews.net.br\\\/2022\\\/#\\\/schema\\\/logo\\\/image\\\/\"}},{\"@type\":\"Person\",\"@id\":\"https:\\\/\\\/regiaonews.net.br\\\/2022\\\/#\\\/schema\\\/person\\\/2d205a608a5aa97ac279d7a5e6d89ad8\",\"name\":\"Roberto\",\"image\":{\"@type\":\"ImageObject\",\"inLanguage\":\"pt-BR\",\"@id\":\"https:\\\/\\\/secure.gravatar.com\\\/avatar\\\/42749d8b712ff9d59ca93dc150494e5b55a44134482993f5baeb97e61b7ecc89?s=96&d=mm&r=g\",\"url\":\"https:\\\/\\\/secure.gravatar.com\\\/avatar\\\/42749d8b712ff9d59ca93dc150494e5b55a44134482993f5baeb97e61b7ecc89?s=96&d=mm&r=g\",\"contentUrl\":\"https:\\\/\\\/secure.gravatar.com\\\/avatar\\\/42749d8b712ff9d59ca93dc150494e5b55a44134482993f5baeb97e61b7ecc89?s=96&d=mm&r=g\",\"caption\":\"Roberto\"},\"url\":\"https:\\\/\\\/regiaonews.net.br\\\/2022\\\/author\\\/roberto\\\/\"}]}<\/script>\n<!-- \/ Yoast SEO plugin. -->","yoast_head_json":{"title":"C\u00e2mara de Bebedouro entrega hoje Medalha Tio Toninho a esportistas - Regi\u00e3o News","robots":{"index":"index","follow":"follow","max-snippet":"max-snippet:-1","max-image-preview":"max-image-preview:large","max-video-preview":"max-video-preview:-1"},"canonical":"https:\/\/regiaonews.net.br\/2022\/2023\/12\/08\/camara-de-bebedouro-entrega-hoje-medalha-tio-toninho-a-esportistas\/","og_locale":"pt_BR","og_type":"article","og_title":"C\u00e2mara de Bebedouro entrega hoje Medalha Tio Toninho a esportistas - Regi\u00e3o News","og_description":"Em cumprimento ao Decreto Legislativo n\u00ba 659, de 27 de","og_url":"https:\/\/regiaonews.net.br\/2022\/2023\/12\/08\/camara-de-bebedouro-entrega-hoje-medalha-tio-toninho-a-esportistas\/","og_site_name":"Regi\u00e3o News","article_published_time":"2023-12-08T16:39:15+00:00","og_image":[{"width":1600,"height":1067,"url":"https:\/\/regiaonews.net.br\/2022\/wp-content\/uploads\/2023\/12\/Imagem-do-WhatsApp-de-2023-12-08-as-11.09.41_7e586883.jpg","type":"image\/jpeg"}],"author":"Roberto","twitter_card":"summary_large_image","twitter_misc":{"Escrito por":"Roberto","Est. tempo de leitura":"2 minutos"},"schema":{"@context":"https:\/\/schema.org","@graph":[{"@type":"Article","@id":"https:\/\/regiaonews.net.br\/2022\/2023\/12\/08\/camara-de-bebedouro-entrega-hoje-medalha-tio-toninho-a-esportistas\/#article","isPartOf":{"@id":"https:\/\/regiaonews.net.br\/2022\/2023\/12\/08\/camara-de-bebedouro-entrega-hoje-medalha-tio-toninho-a-esportistas\/"},"author":{"name":"Roberto","@id":"https:\/\/regiaonews.net.br\/2022\/#\/schema\/person\/2d205a608a5aa97ac279d7a5e6d89ad8"},"headline":"C\u00e2mara de Bebedouro entrega hoje Medalha Tio Toninho a esportistas","datePublished":"2023-12-08T16:39:15+00:00","mainEntityOfPage":{"@id":"https:\/\/regiaonews.net.br\/2022\/2023\/12\/08\/camara-de-bebedouro-entrega-hoje-medalha-tio-toninho-a-esportistas\/"},"wordCount":379,"commentCount":0,"publisher":{"@id":"https:\/\/regiaonews.net.br\/2022\/#organization"},"image":{"@id":"https:\/\/regiaonews.net.br\/2022\/2023\/12\/08\/camara-de-bebedouro-entrega-hoje-medalha-tio-toninho-a-esportistas\/#primaryimage"},"thumbnailUrl":"https:\/\/regiaonews.net.br\/2022\/wp-content\/uploads\/2023\/12\/Imagem-do-WhatsApp-de-2023-12-08-as-11.09.41_7e586883.jpg","articleSection":["Bebedouro","Geral"],"inLanguage":"pt-BR","potentialAction":[{"@type":"CommentAction","name":"Comment","target":["https:\/\/regiaonews.net.br\/2022\/2023\/12\/08\/camara-de-bebedouro-entrega-hoje-medalha-tio-toninho-a-esportistas\/#respond"]}]},{"@type":"WebPage","@id":"https:\/\/regiaonews.net.br\/2022\/2023\/12\/08\/camara-de-bebedouro-entrega-hoje-medalha-tio-toninho-a-esportistas\/","url":"https:\/\/regiaonews.net.br\/2022\/2023\/12\/08\/camara-de-bebedouro-entrega-hoje-medalha-tio-toninho-a-esportistas\/","name":"C\u00e2mara de Bebedouro entrega hoje Medalha Tio Toninho a esportistas - Regi\u00e3o News","isPartOf":{"@id":"https:\/\/regiaonews.net.br\/2022\/#website"},"primaryImageOfPage":{"@id":"https:\/\/regiaonews.net.br\/2022\/2023\/12\/08\/camara-de-bebedouro-entrega-hoje-medalha-tio-toninho-a-esportistas\/#primaryimage"},"image":{"@id":"https:\/\/regiaonews.net.br\/2022\/2023\/12\/08\/camara-de-bebedouro-entrega-hoje-medalha-tio-toninho-a-esportistas\/#primaryimage"},"thumbnailUrl":"https:\/\/regiaonews.net.br\/2022\/wp-content\/uploads\/2023\/12\/Imagem-do-WhatsApp-de-2023-12-08-as-11.09.41_7e586883.jpg","datePublished":"2023-12-08T16:39:15+00:00","breadcrumb":{"@id":"https:\/\/regiaonews.net.br\/2022\/2023\/12\/08\/camara-de-bebedouro-entrega-hoje-medalha-tio-toninho-a-esportistas\/#breadcrumb"},"inLanguage":"pt-BR","potentialAction":[{"@type":"ReadAction","target":["https:\/\/regiaonews.net.br\/2022\/2023\/12\/08\/camara-de-bebedouro-entrega-hoje-medalha-tio-toninho-a-esportistas\/"]}]},{"@type":"ImageObject","inLanguage":"pt-BR","@id":"https:\/\/regiaonews.net.br\/2022\/2023\/12\/08\/camara-de-bebedouro-entrega-hoje-medalha-tio-toninho-a-esportistas\/#primaryimage","url":"https:\/\/regiaonews.net.br\/2022\/wp-content\/uploads\/2023\/12\/Imagem-do-WhatsApp-de-2023-12-08-as-11.09.41_7e586883.jpg","contentUrl":"https:\/\/regiaonews.net.br\/2022\/wp-content\/uploads\/2023\/12\/Imagem-do-WhatsApp-de-2023-12-08-as-11.09.41_7e586883.jpg","width":1600,"height":1067},{"@type":"BreadcrumbList","@id":"https:\/\/regiaonews.net.br\/2022\/2023\/12\/08\/camara-de-bebedouro-entrega-hoje-medalha-tio-toninho-a-esportistas\/#breadcrumb","itemListElement":[{"@type":"ListItem","position":1,"name":"In\u00edcio","item":"https:\/\/regiaonews.net.br\/2022\/"},{"@type":"ListItem","position":2,"name":"C\u00e2mara de Bebedouro entrega hoje Medalha Tio Toninho a esportistas"}]},{"@type":"WebSite","@id":"https:\/\/regiaonews.net.br\/2022\/#website","url":"https:\/\/regiaonews.net.br\/2022\/","name":"Regi\u00e3o News","description":"Site de Not\u00edcias de Barretos e regi\u00e3o","publisher":{"@id":"https:\/\/regiaonews.net.br\/2022\/#organization"},"potentialAction":[{"@type":"SearchAction","target":{"@type":"EntryPoint","urlTemplate":"https:\/\/regiaonews.net.br\/2022\/?s={search_term_string}"},"query-input":{"@type":"PropertyValueSpecification","valueRequired":true,"valueName":"search_term_string"}}],"inLanguage":"pt-BR"},{"@type":"Organization","@id":"https:\/\/regiaonews.net.br\/2022\/#organization","name":"Regi\u00e3o News","url":"https:\/\/regiaonews.net.br\/2022\/","logo":{"@type":"ImageObject","inLanguage":"pt-BR","@id":"https:\/\/regiaonews.net.br\/2022\/#\/schema\/logo\/image\/","url":"https:\/\/regiaonews.net.br\/2022\/wp-content\/uploads\/2026\/03\/regiao-13-anos-scaled.jpg","contentUrl":"https:\/\/regiaonews.net.br\/2022\/wp-content\/uploads\/2026\/03\/regiao-13-anos-scaled.jpg","width":2560,"height":635,"caption":"Regi\u00e3o News"},"image":{"@id":"https:\/\/regiaonews.net.br\/2022\/#\/schema\/logo\/image\/"}},{"@type":"Person","@id":"https:\/\/regiaonews.net.br\/2022\/#\/schema\/person\/2d205a608a5aa97ac279d7a5e6d89ad8","name":"Roberto","image":{"@type":"ImageObject","inLanguage":"pt-BR","@id":"https:\/\/secure.gravatar.com\/avatar\/42749d8b712ff9d59ca93dc150494e5b55a44134482993f5baeb97e61b7ecc89?s=96&d=mm&r=g","url":"https:\/\/secure.gravatar.com\/avatar\/42749d8b712ff9d59ca93dc150494e5b55a44134482993f5baeb97e61b7ecc89?s=96&d=mm&r=g","contentUrl":"https:\/\/secure.gravatar.com\/avatar\/42749d8b712ff9d59ca93dc150494e5b55a44134482993f5baeb97e61b7ecc89?s=96&d=mm&r=g","caption":"Roberto"},"url":"https:\/\/regiaonews.net.br\/2022\/author\/roberto\/"}]}},"publishpress_future_action":{"enabled":false,"date":"2026-05-04 07:47:54","action":"change-status","newStatus":"draft","terms":[],"taxonomy":"category","extraData":[]},"publishpress_future_workflow_manual_trigger":{"enabledWorkflows":[]},"_links":{"self":[{"href":"https:\/\/regiaonews.net.br\/2022\/wp-json\/wp\/v2\/posts\/98776","targetHints":{"allow":["GET"]}}],"collection":[{"href":"https:\/\/regiaonews.net.br\/2022\/wp-json\/wp\/v2\/posts"}],"about":[{"href":"https:\/\/regiaonews.net.br\/2022\/wp-json\/wp\/v2\/types\/post"}],"author":[{"embeddable":true,"href":"https:\/\/regiaonews.net.br\/2022\/wp-json\/wp\/v2\/users\/2"}],"replies":[{"embeddable":true,"href":"https:\/\/regiaonews.net.br\/2022\/wp-json\/wp\/v2\/comments?post=98776"}],"version-history":[{"count":1,"href":"https:\/\/regiaonews.net.br\/2022\/wp-json\/wp\/v2\/posts\/98776\/revisions"}],"predecessor-version":[{"id":98778,"href":"https:\/\/regiaonews.net.br\/2022\/wp-json\/wp\/v2\/posts\/98776\/revisions\/98778"}],"wp:featuredmedia":[{"embeddable":true,"href":"https:\/\/regiaonews.net.br\/2022\/wp-json\/wp\/v2\/media\/98777"}],"wp:attachment":[{"href":"https:\/\/regiaonews.net.br\/2022\/wp-json\/wp\/v2\/media?parent=98776"}],"wp:term":[{"taxonomy":"category","embeddable":true,"href":"https:\/\/regiaonews.net.br\/2022\/wp-json\/wp\/v2\/categories?post=98776"},{"taxonomy":"post_tag","embeddable":true,"href":"https:\/\/regiaonews.net.br\/2022\/wp-json\/wp\/v2\/tags?post=98776"}],"curies":[{"name":"wp","href":"https:\/\/api.w.org\/{rel}","templated":true}]}}