{"id":98766,"date":"2023-12-07T19:32:26","date_gmt":"2023-12-07T22:32:26","guid":{"rendered":"https:\/\/regiaonews.net.br\/2022\/?p=98766"},"modified":"2023-12-07T21:12:01","modified_gmt":"2023-12-08T00:12:01","slug":"corpo-de-bombeiros-forma-94-soldados-para-atuarem-em-resgates-salvamentos-e-incendios","status":"publish","type":"post","link":"https:\/\/regiaonews.net.br\/2022\/2023\/12\/07\/corpo-de-bombeiros-forma-94-soldados-para-atuarem-em-resgates-salvamentos-e-incendios\/","title":{"rendered":"Corpo de Bombeiros forma 94 soldados para atuarem em resgates, salvamentos e inc\u00eandios"},"content":{"rendered":"<div class=\"col-lg-12 mt-2 justify\"><\/div>\n<div class=\"col-lg-12 mt-3 justify\">\n<div>\n<div>\n<div class=\"main-content\">\n<div>\n<div class=\"container\">\n<div class=\"row\">\n<div class=\"col-lg-12 mt-2 justify\">\n<h5 class=\"justify\">Corpora\u00e7\u00e3o recebeu 84 viaturas, com investimento de mais de R$ 21 milh\u00f5es<\/h5>\n<\/div>\n<div class=\"col-lg-12 mt-3 justify\">\n<div>\n<div>A manh\u00e3 desta quinta-feira (6) ficar\u00e1 marcada na mem\u00f3ria dos 94 soldados de 2\u00aa classe que se formaram na Escola Superior de Bombeiros e agora passar\u00e3o a atuar em resgates, salvamentos e combates a inc\u00eandios no Estado de S\u00e3o Paulo. Esse sempre foi o sonho do soldado Guilherme Silva Lopes, de 22 anos, que obteve a nota mais alta e ficou em primeiro colocado na turma.<\/div>\n<div><\/div>\n<div>\u201cEscolhi ser bombeiro para fazer salvamentos. No momento que a pessoa mais precisa, s\u00f3 um algu\u00e9m treinado consegue chegar aonde todo mundo est\u00e1 fugindo e fazer o que \u00e9 preciso. A gente poder ajudar algu\u00e9m num momento de desespero. \u00c9 isso que eu busco fazer depois de formado\u201d, relatou.<\/div>\n<div><\/div>\n<div>Ao lado da fam\u00edlia, ele recebeu do secret\u00e1rio Derrite as \u201cAudazes Bombeiros\u201d, honraria concedida a personalidades que contribu\u00edram com a Escola Superior de Bombeiros. O segundo lugar ficou com o soldado de 2\u00aa classe Jonas Silva de Barros, e terceiro, com o soldado de 2\u00aa classe Diogo de Souza Mirante.<\/div>\n<div><img decoding=\"async\" src=\"http:\/\/http\/\/www.ssp.sp.gov.br\/midia\/Imagem\/D00052364.jpeg\" \/><\/div>\n<div><\/div>\n<div><img decoding=\"async\" src=\"http:\/\/www.ssp.sp.gov.br\/midia\/Imagem\/D00052365.png\" \/><\/div>\n<div><\/div>\n<div>A forma\u00e7\u00e3o tem dura\u00e7\u00e3o de um ano. Os policiais passam os seis primeiros meses na Escola Superior de Soldados. J\u00e1 nos seis \u00faltimos, v\u00e3o para a Escola Superior de Bombeiros e se graduam no m\u00f3dulo especializado, podendo atuar em resgates<\/div>\n<div><\/div>\n<div><b>Entrega de viaturas<\/b><\/div>\n<div><\/div>\n<div>Al\u00e9m da formatura, a cerim\u00f4nia ainda contou com a entrega de 84 viaturas para o a corpora\u00e7\u00e3o, com investimento de mais de R$ 21 milh\u00f5es, que ir\u00e3o refor\u00e7ar o atendimento de ocorr\u00eancias. S\u00e3o 7 s\u00e3o auto tanques (AT), 25 operacionais (VO) e 52 de transporte de pessoal (TP).<\/div>\n<div><\/div>\n<div>Tamb\u00e9m foi entregue uma viatura para o Grupamento de A\u00e7\u00f5es em Emerg\u00eancias e Desastres (GAED), que ser\u00e1 utilizada pela equipe do canil. O ve\u00edculo foi adquirido por meio de emenda parlamentar do deputado estadual Major Mecca, no valor de R$ 530.500,00.<\/div>\n<div><\/div>\n<div>&#8220;Vamos continuar investindo em viaturas, equipamentos, novos quart\u00e9is e reformas, levando dignidade para os policiais. Mais do que isso, vamos investir no que h\u00e1 de melhor, que s\u00e3o esses homens e mulheres que est\u00e3o aqui. Voc\u00eas s\u00e3o verdadeiros her\u00f3is, que salvam vidas diariamente. Tenho imenso orgulho de ter sido, e com certeza sempre serei, bombeiro militar do Estado de S\u00e3o Paulo\u201d, destacou o secret\u00e1rio da Seguran\u00e7a P\u00fablica, Guilherme Derrite.<\/div>\n<div><\/div>\n<div><b>Entrega da Casa Mais Segura<\/b><\/div>\n<div><\/div>\n<div>Tamb\u00e9m foram entregues seis casas infl\u00e1veis que ser\u00e3o usadas para instru\u00e7\u00f5es de risco a crian\u00e7as. O material, tamb\u00e9m comprado com emenda parlamentar do ex-deputado estadual Cel PM Nishikawa, no valor de R$ 147.000,00, ficar\u00e1 nos Grupamentos do Corpo de Bombeiros.<\/div>\n<\/div>\n<\/div>\n<div class=\"col-lg-12 mb-5 justify\"><\/div>\n<\/div>\n<div class=\"row mb-4\">\n<div><img decoding=\"async\" class=\"me-3 ng-star-inserted\" src=\"https:\/\/www.ssp.sp.gov.br\/assets\/noticias\/midia\/Imagem\/00052361.jpeg\" \/><img decoding=\"async\" class=\"me-3 ng-star-inserted\" src=\"https:\/\/www.ssp.sp.gov.br\/assets\/noticias\/midia\/Imagem\/00052362.jpeg\" \/><img decoding=\"async\" class=\"me-3 ng-star-inserted\" src=\"https:\/\/www.ssp.sp.gov.br\/assets\/noticias\/midia\/Imagem\/00052363.jpeg\" \/><\/div>\n<\/div>\n<\/div>\n<\/div>\n<\/div>\n<div class=\"rodape-icones\">\n<div class=\"row row-cols-1 row-cols-md-5 g-5\">\n<div class=\"col\"><a href=\"https:\/\/www.policiacientifica.sp.gov.br\/\" target=\"_blank\" rel=\"noopener\"><img decoding=\"async\" class=\"img-fluid\" src=\"https:\/\/www.ssp.sp.gov.br\/assets\/img\/icones_rodape\/icon-polcie.png\" width=\"66px\" \/><br \/>\nPolicia Cient\u00edfica<\/a><\/div>\n<div class=\"col\"><a href=\"https:\/\/www.policiacivil.sp.gov.br\/portal\/faces\/pages_home\" target=\"_blank\" rel=\"noopener\"><img decoding=\"async\" class=\"img-fluid\" src=\"https:\/\/www.ssp.sp.gov.br\/assets\/img\/icones_rodape\/icon-policiacivil.png\" width=\"66px\" \/><br \/>\nPolicia Civil<\/a><\/div>\n<div class=\"col\"><a href=\"https:\/\/www.policiamilitar.sp.gov.br\/\" target=\"_blank\" rel=\"noopener\"><img decoding=\"async\" class=\"img-fluid\" src=\"https:\/\/www.ssp.sp.gov.br\/assets\/img\/icones_rodape\/icon-policiamilitar.png\" width=\"66px\" \/><br \/>\nPolicia Militar<\/a><\/div>\n<div class=\"col\"><a href=\"http:\/\/www.corpodebombeiros.sp.gov.br\/\" target=\"_blank\" rel=\"noopener\"><img decoding=\"async\" class=\"img-fluid\" src=\"https:\/\/www.ssp.sp.gov.br\/assets\/img\/icones_rodape\/corpodebombeiros.png\" width=\"66px\" \/><br \/>\nCorpo de Bombeiros<\/a><\/div>\n<div class=\"col\"><a href=\"https:\/\/www.ssp.sp.gov.br\/conseg\/\" target=\"_blank\" rel=\"noopener\"><img decoding=\"async\" class=\"img-fluid\" src=\"https:\/\/www.ssp.sp.gov.br\/assets\/img\/icones_rodape\/conseg.png\" width=\"66px\" \/><br \/>\nCONSEG<\/a><\/div>\n<\/div>\n<\/div>\n<div class=\"rodape-site\">\n<div class=\"row row-cols-1 row-cols-md-3 g-3\">\n<h4><b>Secretaria de Seguran\u00e7a P\u00fablica<\/b><\/h4>\n<\/div>\n<div class=\"row row-cols-1 row-cols-md-5 g-5\">\n<div class=\"col\"><\/div>\n<\/div>\n<\/div>\n<footer class=\"saopaulo\">\n<div class=\"container text-center\">\n<div class=\"row\">\n<div class=\"col\"><img decoding=\"async\" src=\"https:\/\/www.ssp.sp.gov.br\/assets\/img\/Logo_SP.png\" width=\"196px\" height=\"36px\" \/><\/div>\n<\/div>\n<\/div>\n<\/footer>\n<\/div>\n<\/div>\n<\/div>\n","protected":false},"excerpt":{"rendered":"<p>Corpora\u00e7\u00e3o recebeu 84 viaturas, com investimento de mais de R$<\/p>\n","protected":false},"author":2,"featured_media":98767,"comment_status":"open","ping_status":"open","sticky":false,"template":"","format":"standard","meta":{"footnotes":""},"categories":[7],"tags":[],"class_list":["post-98766","post","type-post","status-publish","format-standard","has-post-thumbnail","hentry","category-estado-de-sao-paulo"],"yoast_head":"<!-- This site is optimized with the Yoast SEO plugin v27.4 - https:\/\/yoast.com\/product\/yoast-seo-wordpress\/ -->\n<title>Corpo de Bombeiros forma 94 soldados para atuarem em resgates, salvamentos e inc\u00eandios - Regi\u00e3o News<\/title>\n<meta name=\"robots\" content=\"index, follow, max-snippet:-1, max-image-preview:large, max-video-preview:-1\" \/>\n<link rel=\"canonical\" href=\"https:\/\/regiaonews.net.br\/2022\/2023\/12\/07\/corpo-de-bombeiros-forma-94-soldados-para-atuarem-em-resgates-salvamentos-e-incendios\/\" \/>\n<meta property=\"og:locale\" content=\"pt_BR\" \/>\n<meta property=\"og:type\" content=\"article\" \/>\n<meta property=\"og:title\" content=\"Corpo de Bombeiros forma 94 soldados para atuarem em resgates, salvamentos e inc\u00eandios - Regi\u00e3o News\" \/>\n<meta property=\"og:description\" content=\"Corpora\u00e7\u00e3o recebeu 84 viaturas, com investimento de mais de R$\" \/>\n<meta property=\"og:url\" content=\"https:\/\/regiaonews.net.br\/2022\/2023\/12\/07\/corpo-de-bombeiros-forma-94-soldados-para-atuarem-em-resgates-salvamentos-e-incendios\/\" \/>\n<meta property=\"og:site_name\" content=\"Regi\u00e3o News\" \/>\n<meta property=\"article:published_time\" content=\"2023-12-07T22:32:26+00:00\" \/>\n<meta property=\"article:modified_time\" content=\"2023-12-08T00:12:01+00:00\" \/>\n<meta name=\"author\" content=\"Roberto\" \/>\n<meta name=\"twitter:card\" content=\"summary_large_image\" \/>\n<meta name=\"twitter:label1\" content=\"Escrito por\" \/>\n\t<meta name=\"twitter:data1\" content=\"Roberto\" \/>\n\t<meta name=\"twitter:label2\" content=\"Est. tempo de leitura\" \/>\n\t<meta name=\"twitter:data2\" content=\"5 minutos\" \/>\n<script type=\"application\/ld+json\" class=\"yoast-schema-graph\">{\"@context\":\"https:\\\/\\\/schema.org\",\"@graph\":[{\"@type\":\"Article\",\"@id\":\"https:\\\/\\\/regiaonews.net.br\\\/2022\\\/2023\\\/12\\\/07\\\/corpo-de-bombeiros-forma-94-soldados-para-atuarem-em-resgates-salvamentos-e-incendios\\\/#article\",\"isPartOf\":{\"@id\":\"https:\\\/\\\/regiaonews.net.br\\\/2022\\\/2023\\\/12\\\/07\\\/corpo-de-bombeiros-forma-94-soldados-para-atuarem-em-resgates-salvamentos-e-incendios\\\/\"},\"author\":{\"name\":\"Roberto\",\"@id\":\"https:\\\/\\\/regiaonews.net.br\\\/2022\\\/#\\\/schema\\\/person\\\/2d205a608a5aa97ac279d7a5e6d89ad8\"},\"headline\":\"Corpo de Bombeiros forma 94 soldados para atuarem em resgates, salvamentos e inc\u00eandios\",\"datePublished\":\"2023-12-07T22:32:26+00:00\",\"dateModified\":\"2023-12-08T00:12:01+00:00\",\"mainEntityOfPage\":{\"@id\":\"https:\\\/\\\/regiaonews.net.br\\\/2022\\\/2023\\\/12\\\/07\\\/corpo-de-bombeiros-forma-94-soldados-para-atuarem-em-resgates-salvamentos-e-incendios\\\/\"},\"wordCount\":480,\"commentCount\":0,\"publisher\":{\"@id\":\"https:\\\/\\\/regiaonews.net.br\\\/2022\\\/#organization\"},\"image\":{\"@id\":\"https:\\\/\\\/regiaonews.net.br\\\/2022\\\/2023\\\/12\\\/07\\\/corpo-de-bombeiros-forma-94-soldados-para-atuarem-em-resgates-salvamentos-e-incendios\\\/#primaryimage\"},\"thumbnailUrl\":\"https:\\\/\\\/regiaonews.net.br\\\/2022\\\/wp-content\\\/uploads\\\/2023\\\/12\\\/00052362.bmp\",\"articleSection\":[\"Estado de S\u00e3o Paulo\"],\"inLanguage\":\"pt-BR\",\"potentialAction\":[{\"@type\":\"CommentAction\",\"name\":\"Comment\",\"target\":[\"https:\\\/\\\/regiaonews.net.br\\\/2022\\\/2023\\\/12\\\/07\\\/corpo-de-bombeiros-forma-94-soldados-para-atuarem-em-resgates-salvamentos-e-incendios\\\/#respond\"]}]},{\"@type\":\"WebPage\",\"@id\":\"https:\\\/\\\/regiaonews.net.br\\\/2022\\\/2023\\\/12\\\/07\\\/corpo-de-bombeiros-forma-94-soldados-para-atuarem-em-resgates-salvamentos-e-incendios\\\/\",\"url\":\"https:\\\/\\\/regiaonews.net.br\\\/2022\\\/2023\\\/12\\\/07\\\/corpo-de-bombeiros-forma-94-soldados-para-atuarem-em-resgates-salvamentos-e-incendios\\\/\",\"name\":\"Corpo de Bombeiros forma 94 soldados para atuarem em resgates, salvamentos e inc\u00eandios - Regi\u00e3o News\",\"isPartOf\":{\"@id\":\"https:\\\/\\\/regiaonews.net.br\\\/2022\\\/#website\"},\"primaryImageOfPage\":{\"@id\":\"https:\\\/\\\/regiaonews.net.br\\\/2022\\\/2023\\\/12\\\/07\\\/corpo-de-bombeiros-forma-94-soldados-para-atuarem-em-resgates-salvamentos-e-incendios\\\/#primaryimage\"},\"image\":{\"@id\":\"https:\\\/\\\/regiaonews.net.br\\\/2022\\\/2023\\\/12\\\/07\\\/corpo-de-bombeiros-forma-94-soldados-para-atuarem-em-resgates-salvamentos-e-incendios\\\/#primaryimage\"},\"thumbnailUrl\":\"https:\\\/\\\/regiaonews.net.br\\\/2022\\\/wp-content\\\/uploads\\\/2023\\\/12\\\/00052362.bmp\",\"datePublished\":\"2023-12-07T22:32:26+00:00\",\"dateModified\":\"2023-12-08T00:12:01+00:00\",\"breadcrumb\":{\"@id\":\"https:\\\/\\\/regiaonews.net.br\\\/2022\\\/2023\\\/12\\\/07\\\/corpo-de-bombeiros-forma-94-soldados-para-atuarem-em-resgates-salvamentos-e-incendios\\\/#breadcrumb\"},\"inLanguage\":\"pt-BR\",\"potentialAction\":[{\"@type\":\"ReadAction\",\"target\":[\"https:\\\/\\\/regiaonews.net.br\\\/2022\\\/2023\\\/12\\\/07\\\/corpo-de-bombeiros-forma-94-soldados-para-atuarem-em-resgates-salvamentos-e-incendios\\\/\"]}]},{\"@type\":\"ImageObject\",\"inLanguage\":\"pt-BR\",\"@id\":\"https:\\\/\\\/regiaonews.net.br\\\/2022\\\/2023\\\/12\\\/07\\\/corpo-de-bombeiros-forma-94-soldados-para-atuarem-em-resgates-salvamentos-e-incendios\\\/#primaryimage\",\"url\":\"https:\\\/\\\/regiaonews.net.br\\\/2022\\\/wp-content\\\/uploads\\\/2023\\\/12\\\/00052362.bmp\",\"contentUrl\":\"https:\\\/\\\/regiaonews.net.br\\\/2022\\\/wp-content\\\/uploads\\\/2023\\\/12\\\/00052362.bmp\",\"width\":380,\"height\":285},{\"@type\":\"BreadcrumbList\",\"@id\":\"https:\\\/\\\/regiaonews.net.br\\\/2022\\\/2023\\\/12\\\/07\\\/corpo-de-bombeiros-forma-94-soldados-para-atuarem-em-resgates-salvamentos-e-incendios\\\/#breadcrumb\",\"itemListElement\":[{\"@type\":\"ListItem\",\"position\":1,\"name\":\"In\u00edcio\",\"item\":\"https:\\\/\\\/regiaonews.net.br\\\/2022\\\/\"},{\"@type\":\"ListItem\",\"position\":2,\"name\":\"Corpo de Bombeiros forma 94 soldados para atuarem em resgates, salvamentos e inc\u00eandios\"}]},{\"@type\":\"WebSite\",\"@id\":\"https:\\\/\\\/regiaonews.net.br\\\/2022\\\/#website\",\"url\":\"https:\\\/\\\/regiaonews.net.br\\\/2022\\\/\",\"name\":\"Regi\u00e3o News\",\"description\":\"Site de Not\u00edcias de Barretos e regi\u00e3o\",\"publisher\":{\"@id\":\"https:\\\/\\\/regiaonews.net.br\\\/2022\\\/#organization\"},\"potentialAction\":[{\"@type\":\"SearchAction\",\"target\":{\"@type\":\"EntryPoint\",\"urlTemplate\":\"https:\\\/\\\/regiaonews.net.br\\\/2022\\\/?s={search_term_string}\"},\"query-input\":{\"@type\":\"PropertyValueSpecification\",\"valueRequired\":true,\"valueName\":\"search_term_string\"}}],\"inLanguage\":\"pt-BR\"},{\"@type\":\"Organization\",\"@id\":\"https:\\\/\\\/regiaonews.net.br\\\/2022\\\/#organization\",\"name\":\"Regi\u00e3o News\",\"url\":\"https:\\\/\\\/regiaonews.net.br\\\/2022\\\/\",\"logo\":{\"@type\":\"ImageObject\",\"inLanguage\":\"pt-BR\",\"@id\":\"https:\\\/\\\/regiaonews.net.br\\\/2022\\\/#\\\/schema\\\/logo\\\/image\\\/\",\"url\":\"https:\\\/\\\/regiaonews.net.br\\\/2022\\\/wp-content\\\/uploads\\\/2026\\\/03\\\/regiao-13-anos-scaled.jpg\",\"contentUrl\":\"https:\\\/\\\/regiaonews.net.br\\\/2022\\\/wp-content\\\/uploads\\\/2026\\\/03\\\/regiao-13-anos-scaled.jpg\",\"width\":2560,\"height\":635,\"caption\":\"Regi\u00e3o News\"},\"image\":{\"@id\":\"https:\\\/\\\/regiaonews.net.br\\\/2022\\\/#\\\/schema\\\/logo\\\/image\\\/\"}},{\"@type\":\"Person\",\"@id\":\"https:\\\/\\\/regiaonews.net.br\\\/2022\\\/#\\\/schema\\\/person\\\/2d205a608a5aa97ac279d7a5e6d89ad8\",\"name\":\"Roberto\",\"image\":{\"@type\":\"ImageObject\",\"inLanguage\":\"pt-BR\",\"@id\":\"https:\\\/\\\/secure.gravatar.com\\\/avatar\\\/42749d8b712ff9d59ca93dc150494e5b55a44134482993f5baeb97e61b7ecc89?s=96&d=mm&r=g\",\"url\":\"https:\\\/\\\/secure.gravatar.com\\\/avatar\\\/42749d8b712ff9d59ca93dc150494e5b55a44134482993f5baeb97e61b7ecc89?s=96&d=mm&r=g\",\"contentUrl\":\"https:\\\/\\\/secure.gravatar.com\\\/avatar\\\/42749d8b712ff9d59ca93dc150494e5b55a44134482993f5baeb97e61b7ecc89?s=96&d=mm&r=g\",\"caption\":\"Roberto\"},\"url\":\"https:\\\/\\\/regiaonews.net.br\\\/2022\\\/author\\\/roberto\\\/\"}]}<\/script>\n<!-- \/ Yoast SEO plugin. -->","yoast_head_json":{"title":"Corpo de Bombeiros forma 94 soldados para atuarem em resgates, salvamentos e inc\u00eandios - Regi\u00e3o News","robots":{"index":"index","follow":"follow","max-snippet":"max-snippet:-1","max-image-preview":"max-image-preview:large","max-video-preview":"max-video-preview:-1"},"canonical":"https:\/\/regiaonews.net.br\/2022\/2023\/12\/07\/corpo-de-bombeiros-forma-94-soldados-para-atuarem-em-resgates-salvamentos-e-incendios\/","og_locale":"pt_BR","og_type":"article","og_title":"Corpo de Bombeiros forma 94 soldados para atuarem em resgates, salvamentos e inc\u00eandios - Regi\u00e3o News","og_description":"Corpora\u00e7\u00e3o recebeu 84 viaturas, com investimento de mais de R$","og_url":"https:\/\/regiaonews.net.br\/2022\/2023\/12\/07\/corpo-de-bombeiros-forma-94-soldados-para-atuarem-em-resgates-salvamentos-e-incendios\/","og_site_name":"Regi\u00e3o News","article_published_time":"2023-12-07T22:32:26+00:00","article_modified_time":"2023-12-08T00:12:01+00:00","author":"Roberto","twitter_card":"summary_large_image","twitter_misc":{"Escrito por":"Roberto","Est. tempo de leitura":"5 minutos"},"schema":{"@context":"https:\/\/schema.org","@graph":[{"@type":"Article","@id":"https:\/\/regiaonews.net.br\/2022\/2023\/12\/07\/corpo-de-bombeiros-forma-94-soldados-para-atuarem-em-resgates-salvamentos-e-incendios\/#article","isPartOf":{"@id":"https:\/\/regiaonews.net.br\/2022\/2023\/12\/07\/corpo-de-bombeiros-forma-94-soldados-para-atuarem-em-resgates-salvamentos-e-incendios\/"},"author":{"name":"Roberto","@id":"https:\/\/regiaonews.net.br\/2022\/#\/schema\/person\/2d205a608a5aa97ac279d7a5e6d89ad8"},"headline":"Corpo de Bombeiros forma 94 soldados para atuarem em resgates, salvamentos e inc\u00eandios","datePublished":"2023-12-07T22:32:26+00:00","dateModified":"2023-12-08T00:12:01+00:00","mainEntityOfPage":{"@id":"https:\/\/regiaonews.net.br\/2022\/2023\/12\/07\/corpo-de-bombeiros-forma-94-soldados-para-atuarem-em-resgates-salvamentos-e-incendios\/"},"wordCount":480,"commentCount":0,"publisher":{"@id":"https:\/\/regiaonews.net.br\/2022\/#organization"},"image":{"@id":"https:\/\/regiaonews.net.br\/2022\/2023\/12\/07\/corpo-de-bombeiros-forma-94-soldados-para-atuarem-em-resgates-salvamentos-e-incendios\/#primaryimage"},"thumbnailUrl":"https:\/\/regiaonews.net.br\/2022\/wp-content\/uploads\/2023\/12\/00052362.bmp","articleSection":["Estado de S\u00e3o Paulo"],"inLanguage":"pt-BR","potentialAction":[{"@type":"CommentAction","name":"Comment","target":["https:\/\/regiaonews.net.br\/2022\/2023\/12\/07\/corpo-de-bombeiros-forma-94-soldados-para-atuarem-em-resgates-salvamentos-e-incendios\/#respond"]}]},{"@type":"WebPage","@id":"https:\/\/regiaonews.net.br\/2022\/2023\/12\/07\/corpo-de-bombeiros-forma-94-soldados-para-atuarem-em-resgates-salvamentos-e-incendios\/","url":"https:\/\/regiaonews.net.br\/2022\/2023\/12\/07\/corpo-de-bombeiros-forma-94-soldados-para-atuarem-em-resgates-salvamentos-e-incendios\/","name":"Corpo de Bombeiros forma 94 soldados para atuarem em resgates, salvamentos e inc\u00eandios - Regi\u00e3o News","isPartOf":{"@id":"https:\/\/regiaonews.net.br\/2022\/#website"},"primaryImageOfPage":{"@id":"https:\/\/regiaonews.net.br\/2022\/2023\/12\/07\/corpo-de-bombeiros-forma-94-soldados-para-atuarem-em-resgates-salvamentos-e-incendios\/#primaryimage"},"image":{"@id":"https:\/\/regiaonews.net.br\/2022\/2023\/12\/07\/corpo-de-bombeiros-forma-94-soldados-para-atuarem-em-resgates-salvamentos-e-incendios\/#primaryimage"},"thumbnailUrl":"https:\/\/regiaonews.net.br\/2022\/wp-content\/uploads\/2023\/12\/00052362.bmp","datePublished":"2023-12-07T22:32:26+00:00","dateModified":"2023-12-08T00:12:01+00:00","breadcrumb":{"@id":"https:\/\/regiaonews.net.br\/2022\/2023\/12\/07\/corpo-de-bombeiros-forma-94-soldados-para-atuarem-em-resgates-salvamentos-e-incendios\/#breadcrumb"},"inLanguage":"pt-BR","potentialAction":[{"@type":"ReadAction","target":["https:\/\/regiaonews.net.br\/2022\/2023\/12\/07\/corpo-de-bombeiros-forma-94-soldados-para-atuarem-em-resgates-salvamentos-e-incendios\/"]}]},{"@type":"ImageObject","inLanguage":"pt-BR","@id":"https:\/\/regiaonews.net.br\/2022\/2023\/12\/07\/corpo-de-bombeiros-forma-94-soldados-para-atuarem-em-resgates-salvamentos-e-incendios\/#primaryimage","url":"https:\/\/regiaonews.net.br\/2022\/wp-content\/uploads\/2023\/12\/00052362.bmp","contentUrl":"https:\/\/regiaonews.net.br\/2022\/wp-content\/uploads\/2023\/12\/00052362.bmp","width":380,"height":285},{"@type":"BreadcrumbList","@id":"https:\/\/regiaonews.net.br\/2022\/2023\/12\/07\/corpo-de-bombeiros-forma-94-soldados-para-atuarem-em-resgates-salvamentos-e-incendios\/#breadcrumb","itemListElement":[{"@type":"ListItem","position":1,"name":"In\u00edcio","item":"https:\/\/regiaonews.net.br\/2022\/"},{"@type":"ListItem","position":2,"name":"Corpo de Bombeiros forma 94 soldados para atuarem em resgates, salvamentos e inc\u00eandios"}]},{"@type":"WebSite","@id":"https:\/\/regiaonews.net.br\/2022\/#website","url":"https:\/\/regiaonews.net.br\/2022\/","name":"Regi\u00e3o News","description":"Site de Not\u00edcias de Barretos e regi\u00e3o","publisher":{"@id":"https:\/\/regiaonews.net.br\/2022\/#organization"},"potentialAction":[{"@type":"SearchAction","target":{"@type":"EntryPoint","urlTemplate":"https:\/\/regiaonews.net.br\/2022\/?s={search_term_string}"},"query-input":{"@type":"PropertyValueSpecification","valueRequired":true,"valueName":"search_term_string"}}],"inLanguage":"pt-BR"},{"@type":"Organization","@id":"https:\/\/regiaonews.net.br\/2022\/#organization","name":"Regi\u00e3o News","url":"https:\/\/regiaonews.net.br\/2022\/","logo":{"@type":"ImageObject","inLanguage":"pt-BR","@id":"https:\/\/regiaonews.net.br\/2022\/#\/schema\/logo\/image\/","url":"https:\/\/regiaonews.net.br\/2022\/wp-content\/uploads\/2026\/03\/regiao-13-anos-scaled.jpg","contentUrl":"https:\/\/regiaonews.net.br\/2022\/wp-content\/uploads\/2026\/03\/regiao-13-anos-scaled.jpg","width":2560,"height":635,"caption":"Regi\u00e3o News"},"image":{"@id":"https:\/\/regiaonews.net.br\/2022\/#\/schema\/logo\/image\/"}},{"@type":"Person","@id":"https:\/\/regiaonews.net.br\/2022\/#\/schema\/person\/2d205a608a5aa97ac279d7a5e6d89ad8","name":"Roberto","image":{"@type":"ImageObject","inLanguage":"pt-BR","@id":"https:\/\/secure.gravatar.com\/avatar\/42749d8b712ff9d59ca93dc150494e5b55a44134482993f5baeb97e61b7ecc89?s=96&d=mm&r=g","url":"https:\/\/secure.gravatar.com\/avatar\/42749d8b712ff9d59ca93dc150494e5b55a44134482993f5baeb97e61b7ecc89?s=96&d=mm&r=g","contentUrl":"https:\/\/secure.gravatar.com\/avatar\/42749d8b712ff9d59ca93dc150494e5b55a44134482993f5baeb97e61b7ecc89?s=96&d=mm&r=g","caption":"Roberto"},"url":"https:\/\/regiaonews.net.br\/2022\/author\/roberto\/"}]}},"publishpress_future_action":{"enabled":false,"date":"2026-05-04 07:26:57","action":"change-status","newStatus":"draft","terms":[],"taxonomy":"category","extraData":[]},"publishpress_future_workflow_manual_trigger":{"enabledWorkflows":[]},"_links":{"self":[{"href":"https:\/\/regiaonews.net.br\/2022\/wp-json\/wp\/v2\/posts\/98766","targetHints":{"allow":["GET"]}}],"collection":[{"href":"https:\/\/regiaonews.net.br\/2022\/wp-json\/wp\/v2\/posts"}],"about":[{"href":"https:\/\/regiaonews.net.br\/2022\/wp-json\/wp\/v2\/types\/post"}],"author":[{"embeddable":true,"href":"https:\/\/regiaonews.net.br\/2022\/wp-json\/wp\/v2\/users\/2"}],"replies":[{"embeddable":true,"href":"https:\/\/regiaonews.net.br\/2022\/wp-json\/wp\/v2\/comments?post=98766"}],"version-history":[{"count":1,"href":"https:\/\/regiaonews.net.br\/2022\/wp-json\/wp\/v2\/posts\/98766\/revisions"}],"predecessor-version":[{"id":98768,"href":"https:\/\/regiaonews.net.br\/2022\/wp-json\/wp\/v2\/posts\/98766\/revisions\/98768"}],"wp:featuredmedia":[{"embeddable":true,"href":"https:\/\/regiaonews.net.br\/2022\/wp-json\/wp\/v2\/media\/98767"}],"wp:attachment":[{"href":"https:\/\/regiaonews.net.br\/2022\/wp-json\/wp\/v2\/media?parent=98766"}],"wp:term":[{"taxonomy":"category","embeddable":true,"href":"https:\/\/regiaonews.net.br\/2022\/wp-json\/wp\/v2\/categories?post=98766"},{"taxonomy":"post_tag","embeddable":true,"href":"https:\/\/regiaonews.net.br\/2022\/wp-json\/wp\/v2\/tags?post=98766"}],"curies":[{"name":"wp","href":"https:\/\/api.w.org\/{rel}","templated":true}]}}