{"id":98760,"date":"2023-12-07T19:26:00","date_gmt":"2023-12-07T22:26:00","guid":{"rendered":"https:\/\/regiaonews.net.br\/2022\/?p=98760"},"modified":"2023-12-07T19:27:39","modified_gmt":"2023-12-07T22:27:39","slug":"pm-prende-homem-e-encontra-deposito-com-mais-de-10-kg-de-maconha-na-zona-sul","status":"publish","type":"post","link":"https:\/\/regiaonews.net.br\/2022\/2023\/12\/07\/pm-prende-homem-e-encontra-deposito-com-mais-de-10-kg-de-maconha-na-zona-sul\/","title":{"rendered":"PM prende homem e encontra dep\u00f3sito com mais de 10 kg de maconha na zona sul"},"content":{"rendered":"<div class=\"col-lg-12 mt-4 justify\">\n<h3 class=\"justify\"><\/h3>\n<\/div>\n<div class=\"col-lg-12 justify\">\n<p>&nbsp;<\/p>\n<\/div>\n<div class=\"col-lg-12 mt-2 justify\">\n<h5 class=\"justify\">Suspeito tentou fugir pela janela do pr\u00e9dio, mas foi detido<\/h5>\n<\/div>\n<div class=\"col-lg-12 mt-3 justify\">\n<div>\n<div>Um homem foi preso na tarde de quarta-feira (6) por tr\u00e1fico de drogas. Ele estava com 29 tijolos de maconha, totalizando mais de 10 quilos, escondidos em uma casa usada como dep\u00f3sito. A pris\u00e3o do suspeito ocorreu logo ap\u00f3s ele tentar fugir pela janela de um pr\u00e9dio, na zona sul da capital.<\/div>\n<div><\/div>\n<div>Policiais militares do 16\u00ba Batalh\u00e3o de Pol\u00edcia Militar Metropolitano realizavam patrulhamento pela avenida quando foram chamados ao local para atender a ocorr\u00eancia.<\/div>\n<div><\/div>\n<div>Os propriet\u00e1rios do im\u00f3vel haviam acionado a equipe ap\u00f3s encontrarem o suspeito na casa. Eles relataram que haviam alugado a casa para uma mulher que n\u00e3o havia pago o aluguel do m\u00eas e, por isso, foram cobrar. No entanto, ao chegarem, encontraram o homem, que alegou ser amigo da mulher. Em seguida, as v\u00edtimas chamaram o zelador para esclarecer a situa\u00e7\u00e3o, quando o suspeito tentou fugir pela janela e acabou caindo. Ele fraturou a perna, mas foi socorrido pela unidade de resgate.<\/div>\n<div><\/div>\n<div>Na entrada do condom\u00ednio os agentes encontraram duas caixas que haviam sido abandonadas na hora da queda. L\u00e1, foram apreendidos 29 tijolos de maconha e haxixe, que totalizaram 10,8 quilos da droga, al\u00e9m de uma m\u00e1quina de contar dinheiro, R$ 72, 43 bobinas de pl\u00e1stico filme e duas balan\u00e7as de precis\u00e3o encontradas na casa.<\/div>\n<div><\/div>\n<div>O homem permaneceu no hospital sob cuidados m\u00e9dicos e, ap\u00f3s ter alta, ser\u00e1 escoltado e ficar\u00e1 \u00e0 disposi\u00e7\u00e3o da Justi\u00e7a. O caso foi encaminhado \u00e0 delegacia, onde foi registrado como tr\u00e1fico de drogas.<\/div>\n<\/div>\n<\/div>\n","protected":false},"excerpt":{"rendered":"<p>&nbsp; Suspeito tentou fugir pela janela do pr\u00e9dio, mas foi<\/p>\n","protected":false},"author":2,"featured_media":98761,"comment_status":"open","ping_status":"open","sticky":false,"template":"","format":"standard","meta":{"footnotes":""},"categories":[23,29],"tags":[],"class_list":["post-98760","post","type-post","status-publish","format-standard","has-post-thumbnail","hentry","category-policia","category-sao-paulo"],"yoast_head":"<!-- This site is optimized with the Yoast SEO plugin v27.4 - https:\/\/yoast.com\/product\/yoast-seo-wordpress\/ -->\n<title>PM prende homem e encontra dep\u00f3sito com mais de 10 kg de maconha na zona sul - Regi\u00e3o News<\/title>\n<meta name=\"robots\" content=\"index, follow, max-snippet:-1, max-image-preview:large, max-video-preview:-1\" \/>\n<link rel=\"canonical\" href=\"https:\/\/regiaonews.net.br\/2022\/2023\/12\/07\/pm-prende-homem-e-encontra-deposito-com-mais-de-10-kg-de-maconha-na-zona-sul\/\" \/>\n<meta property=\"og:locale\" content=\"pt_BR\" \/>\n<meta property=\"og:type\" content=\"article\" \/>\n<meta property=\"og:title\" content=\"PM prende homem e encontra dep\u00f3sito com mais de 10 kg de maconha na zona sul - Regi\u00e3o News\" \/>\n<meta property=\"og:description\" content=\"&nbsp; Suspeito tentou fugir pela janela do pr\u00e9dio, mas foi\" \/>\n<meta property=\"og:url\" content=\"https:\/\/regiaonews.net.br\/2022\/2023\/12\/07\/pm-prende-homem-e-encontra-deposito-com-mais-de-10-kg-de-maconha-na-zona-sul\/\" \/>\n<meta property=\"og:site_name\" content=\"Regi\u00e3o News\" \/>\n<meta property=\"article:published_time\" content=\"2023-12-07T22:26:00+00:00\" \/>\n<meta property=\"article:modified_time\" content=\"2023-12-07T22:27:39+00:00\" \/>\n<meta property=\"og:image\" content=\"https:\/\/regiaonews.net.br\/2022\/wp-content\/uploads\/2023\/12\/00052360.jpeg\" \/>\n\t<meta property=\"og:image:width\" content=\"1600\" \/>\n\t<meta property=\"og:image:height\" content=\"1200\" \/>\n\t<meta property=\"og:image:type\" content=\"image\/jpeg\" \/>\n<meta name=\"author\" content=\"Roberto\" \/>\n<meta name=\"twitter:card\" content=\"summary_large_image\" \/>\n<meta name=\"twitter:label1\" content=\"Escrito por\" \/>\n\t<meta name=\"twitter:data1\" content=\"Roberto\" \/>\n\t<meta name=\"twitter:label2\" content=\"Est. tempo de leitura\" \/>\n\t<meta name=\"twitter:data2\" content=\"2 minutos\" \/>\n<script type=\"application\/ld+json\" class=\"yoast-schema-graph\">{\"@context\":\"https:\\\/\\\/schema.org\",\"@graph\":[{\"@type\":\"Article\",\"@id\":\"https:\\\/\\\/regiaonews.net.br\\\/2022\\\/2023\\\/12\\\/07\\\/pm-prende-homem-e-encontra-deposito-com-mais-de-10-kg-de-maconha-na-zona-sul\\\/#article\",\"isPartOf\":{\"@id\":\"https:\\\/\\\/regiaonews.net.br\\\/2022\\\/2023\\\/12\\\/07\\\/pm-prende-homem-e-encontra-deposito-com-mais-de-10-kg-de-maconha-na-zona-sul\\\/\"},\"author\":{\"name\":\"Roberto\",\"@id\":\"https:\\\/\\\/regiaonews.net.br\\\/2022\\\/#\\\/schema\\\/person\\\/2d205a608a5aa97ac279d7a5e6d89ad8\"},\"headline\":\"PM prende homem e encontra dep\u00f3sito com mais de 10 kg de maconha na zona sul\",\"datePublished\":\"2023-12-07T22:26:00+00:00\",\"dateModified\":\"2023-12-07T22:27:39+00:00\",\"mainEntityOfPage\":{\"@id\":\"https:\\\/\\\/regiaonews.net.br\\\/2022\\\/2023\\\/12\\\/07\\\/pm-prende-homem-e-encontra-deposito-com-mais-de-10-kg-de-maconha-na-zona-sul\\\/\"},\"wordCount\":287,\"commentCount\":0,\"publisher\":{\"@id\":\"https:\\\/\\\/regiaonews.net.br\\\/2022\\\/#organization\"},\"image\":{\"@id\":\"https:\\\/\\\/regiaonews.net.br\\\/2022\\\/2023\\\/12\\\/07\\\/pm-prende-homem-e-encontra-deposito-com-mais-de-10-kg-de-maconha-na-zona-sul\\\/#primaryimage\"},\"thumbnailUrl\":\"https:\\\/\\\/regiaonews.net.br\\\/2022\\\/wp-content\\\/uploads\\\/2023\\\/12\\\/00052360.jpeg\",\"articleSection\":[\"Policia\",\"S\u00e3o Paulo\"],\"inLanguage\":\"pt-BR\",\"potentialAction\":[{\"@type\":\"CommentAction\",\"name\":\"Comment\",\"target\":[\"https:\\\/\\\/regiaonews.net.br\\\/2022\\\/2023\\\/12\\\/07\\\/pm-prende-homem-e-encontra-deposito-com-mais-de-10-kg-de-maconha-na-zona-sul\\\/#respond\"]}]},{\"@type\":\"WebPage\",\"@id\":\"https:\\\/\\\/regiaonews.net.br\\\/2022\\\/2023\\\/12\\\/07\\\/pm-prende-homem-e-encontra-deposito-com-mais-de-10-kg-de-maconha-na-zona-sul\\\/\",\"url\":\"https:\\\/\\\/regiaonews.net.br\\\/2022\\\/2023\\\/12\\\/07\\\/pm-prende-homem-e-encontra-deposito-com-mais-de-10-kg-de-maconha-na-zona-sul\\\/\",\"name\":\"PM prende homem e encontra dep\u00f3sito com mais de 10 kg de maconha na zona sul - Regi\u00e3o News\",\"isPartOf\":{\"@id\":\"https:\\\/\\\/regiaonews.net.br\\\/2022\\\/#website\"},\"primaryImageOfPage\":{\"@id\":\"https:\\\/\\\/regiaonews.net.br\\\/2022\\\/2023\\\/12\\\/07\\\/pm-prende-homem-e-encontra-deposito-com-mais-de-10-kg-de-maconha-na-zona-sul\\\/#primaryimage\"},\"image\":{\"@id\":\"https:\\\/\\\/regiaonews.net.br\\\/2022\\\/2023\\\/12\\\/07\\\/pm-prende-homem-e-encontra-deposito-com-mais-de-10-kg-de-maconha-na-zona-sul\\\/#primaryimage\"},\"thumbnailUrl\":\"https:\\\/\\\/regiaonews.net.br\\\/2022\\\/wp-content\\\/uploads\\\/2023\\\/12\\\/00052360.jpeg\",\"datePublished\":\"2023-12-07T22:26:00+00:00\",\"dateModified\":\"2023-12-07T22:27:39+00:00\",\"breadcrumb\":{\"@id\":\"https:\\\/\\\/regiaonews.net.br\\\/2022\\\/2023\\\/12\\\/07\\\/pm-prende-homem-e-encontra-deposito-com-mais-de-10-kg-de-maconha-na-zona-sul\\\/#breadcrumb\"},\"inLanguage\":\"pt-BR\",\"potentialAction\":[{\"@type\":\"ReadAction\",\"target\":[\"https:\\\/\\\/regiaonews.net.br\\\/2022\\\/2023\\\/12\\\/07\\\/pm-prende-homem-e-encontra-deposito-com-mais-de-10-kg-de-maconha-na-zona-sul\\\/\"]}]},{\"@type\":\"ImageObject\",\"inLanguage\":\"pt-BR\",\"@id\":\"https:\\\/\\\/regiaonews.net.br\\\/2022\\\/2023\\\/12\\\/07\\\/pm-prende-homem-e-encontra-deposito-com-mais-de-10-kg-de-maconha-na-zona-sul\\\/#primaryimage\",\"url\":\"https:\\\/\\\/regiaonews.net.br\\\/2022\\\/wp-content\\\/uploads\\\/2023\\\/12\\\/00052360.jpeg\",\"contentUrl\":\"https:\\\/\\\/regiaonews.net.br\\\/2022\\\/wp-content\\\/uploads\\\/2023\\\/12\\\/00052360.jpeg\",\"width\":1600,\"height\":1200},{\"@type\":\"BreadcrumbList\",\"@id\":\"https:\\\/\\\/regiaonews.net.br\\\/2022\\\/2023\\\/12\\\/07\\\/pm-prende-homem-e-encontra-deposito-com-mais-de-10-kg-de-maconha-na-zona-sul\\\/#breadcrumb\",\"itemListElement\":[{\"@type\":\"ListItem\",\"position\":1,\"name\":\"In\u00edcio\",\"item\":\"https:\\\/\\\/regiaonews.net.br\\\/2022\\\/\"},{\"@type\":\"ListItem\",\"position\":2,\"name\":\"PM prende homem e encontra dep\u00f3sito com mais de 10 kg de maconha na zona sul\"}]},{\"@type\":\"WebSite\",\"@id\":\"https:\\\/\\\/regiaonews.net.br\\\/2022\\\/#website\",\"url\":\"https:\\\/\\\/regiaonews.net.br\\\/2022\\\/\",\"name\":\"Regi\u00e3o News\",\"description\":\"Site de Not\u00edcias de Barretos e regi\u00e3o\",\"publisher\":{\"@id\":\"https:\\\/\\\/regiaonews.net.br\\\/2022\\\/#organization\"},\"potentialAction\":[{\"@type\":\"SearchAction\",\"target\":{\"@type\":\"EntryPoint\",\"urlTemplate\":\"https:\\\/\\\/regiaonews.net.br\\\/2022\\\/?s={search_term_string}\"},\"query-input\":{\"@type\":\"PropertyValueSpecification\",\"valueRequired\":true,\"valueName\":\"search_term_string\"}}],\"inLanguage\":\"pt-BR\"},{\"@type\":\"Organization\",\"@id\":\"https:\\\/\\\/regiaonews.net.br\\\/2022\\\/#organization\",\"name\":\"Regi\u00e3o News\",\"url\":\"https:\\\/\\\/regiaonews.net.br\\\/2022\\\/\",\"logo\":{\"@type\":\"ImageObject\",\"inLanguage\":\"pt-BR\",\"@id\":\"https:\\\/\\\/regiaonews.net.br\\\/2022\\\/#\\\/schema\\\/logo\\\/image\\\/\",\"url\":\"https:\\\/\\\/regiaonews.net.br\\\/2022\\\/wp-content\\\/uploads\\\/2026\\\/03\\\/regiao-13-anos-scaled.jpg\",\"contentUrl\":\"https:\\\/\\\/regiaonews.net.br\\\/2022\\\/wp-content\\\/uploads\\\/2026\\\/03\\\/regiao-13-anos-scaled.jpg\",\"width\":2560,\"height\":635,\"caption\":\"Regi\u00e3o News\"},\"image\":{\"@id\":\"https:\\\/\\\/regiaonews.net.br\\\/2022\\\/#\\\/schema\\\/logo\\\/image\\\/\"}},{\"@type\":\"Person\",\"@id\":\"https:\\\/\\\/regiaonews.net.br\\\/2022\\\/#\\\/schema\\\/person\\\/2d205a608a5aa97ac279d7a5e6d89ad8\",\"name\":\"Roberto\",\"image\":{\"@type\":\"ImageObject\",\"inLanguage\":\"pt-BR\",\"@id\":\"https:\\\/\\\/secure.gravatar.com\\\/avatar\\\/42749d8b712ff9d59ca93dc150494e5b55a44134482993f5baeb97e61b7ecc89?s=96&d=mm&r=g\",\"url\":\"https:\\\/\\\/secure.gravatar.com\\\/avatar\\\/42749d8b712ff9d59ca93dc150494e5b55a44134482993f5baeb97e61b7ecc89?s=96&d=mm&r=g\",\"contentUrl\":\"https:\\\/\\\/secure.gravatar.com\\\/avatar\\\/42749d8b712ff9d59ca93dc150494e5b55a44134482993f5baeb97e61b7ecc89?s=96&d=mm&r=g\",\"caption\":\"Roberto\"},\"url\":\"https:\\\/\\\/regiaonews.net.br\\\/2022\\\/author\\\/roberto\\\/\"}]}<\/script>\n<!-- \/ Yoast SEO plugin. -->","yoast_head_json":{"title":"PM prende homem e encontra dep\u00f3sito com mais de 10 kg de maconha na zona sul - Regi\u00e3o News","robots":{"index":"index","follow":"follow","max-snippet":"max-snippet:-1","max-image-preview":"max-image-preview:large","max-video-preview":"max-video-preview:-1"},"canonical":"https:\/\/regiaonews.net.br\/2022\/2023\/12\/07\/pm-prende-homem-e-encontra-deposito-com-mais-de-10-kg-de-maconha-na-zona-sul\/","og_locale":"pt_BR","og_type":"article","og_title":"PM prende homem e encontra dep\u00f3sito com mais de 10 kg de maconha na zona sul - Regi\u00e3o News","og_description":"&nbsp; Suspeito tentou fugir pela janela do pr\u00e9dio, mas foi","og_url":"https:\/\/regiaonews.net.br\/2022\/2023\/12\/07\/pm-prende-homem-e-encontra-deposito-com-mais-de-10-kg-de-maconha-na-zona-sul\/","og_site_name":"Regi\u00e3o News","article_published_time":"2023-12-07T22:26:00+00:00","article_modified_time":"2023-12-07T22:27:39+00:00","og_image":[{"width":1600,"height":1200,"url":"https:\/\/regiaonews.net.br\/2022\/wp-content\/uploads\/2023\/12\/00052360.jpeg","type":"image\/jpeg"}],"author":"Roberto","twitter_card":"summary_large_image","twitter_misc":{"Escrito por":"Roberto","Est. tempo de leitura":"2 minutos"},"schema":{"@context":"https:\/\/schema.org","@graph":[{"@type":"Article","@id":"https:\/\/regiaonews.net.br\/2022\/2023\/12\/07\/pm-prende-homem-e-encontra-deposito-com-mais-de-10-kg-de-maconha-na-zona-sul\/#article","isPartOf":{"@id":"https:\/\/regiaonews.net.br\/2022\/2023\/12\/07\/pm-prende-homem-e-encontra-deposito-com-mais-de-10-kg-de-maconha-na-zona-sul\/"},"author":{"name":"Roberto","@id":"https:\/\/regiaonews.net.br\/2022\/#\/schema\/person\/2d205a608a5aa97ac279d7a5e6d89ad8"},"headline":"PM prende homem e encontra dep\u00f3sito com mais de 10 kg de maconha na zona sul","datePublished":"2023-12-07T22:26:00+00:00","dateModified":"2023-12-07T22:27:39+00:00","mainEntityOfPage":{"@id":"https:\/\/regiaonews.net.br\/2022\/2023\/12\/07\/pm-prende-homem-e-encontra-deposito-com-mais-de-10-kg-de-maconha-na-zona-sul\/"},"wordCount":287,"commentCount":0,"publisher":{"@id":"https:\/\/regiaonews.net.br\/2022\/#organization"},"image":{"@id":"https:\/\/regiaonews.net.br\/2022\/2023\/12\/07\/pm-prende-homem-e-encontra-deposito-com-mais-de-10-kg-de-maconha-na-zona-sul\/#primaryimage"},"thumbnailUrl":"https:\/\/regiaonews.net.br\/2022\/wp-content\/uploads\/2023\/12\/00052360.jpeg","articleSection":["Policia","S\u00e3o Paulo"],"inLanguage":"pt-BR","potentialAction":[{"@type":"CommentAction","name":"Comment","target":["https:\/\/regiaonews.net.br\/2022\/2023\/12\/07\/pm-prende-homem-e-encontra-deposito-com-mais-de-10-kg-de-maconha-na-zona-sul\/#respond"]}]},{"@type":"WebPage","@id":"https:\/\/regiaonews.net.br\/2022\/2023\/12\/07\/pm-prende-homem-e-encontra-deposito-com-mais-de-10-kg-de-maconha-na-zona-sul\/","url":"https:\/\/regiaonews.net.br\/2022\/2023\/12\/07\/pm-prende-homem-e-encontra-deposito-com-mais-de-10-kg-de-maconha-na-zona-sul\/","name":"PM prende homem e encontra dep\u00f3sito com mais de 10 kg de maconha na zona sul - Regi\u00e3o News","isPartOf":{"@id":"https:\/\/regiaonews.net.br\/2022\/#website"},"primaryImageOfPage":{"@id":"https:\/\/regiaonews.net.br\/2022\/2023\/12\/07\/pm-prende-homem-e-encontra-deposito-com-mais-de-10-kg-de-maconha-na-zona-sul\/#primaryimage"},"image":{"@id":"https:\/\/regiaonews.net.br\/2022\/2023\/12\/07\/pm-prende-homem-e-encontra-deposito-com-mais-de-10-kg-de-maconha-na-zona-sul\/#primaryimage"},"thumbnailUrl":"https:\/\/regiaonews.net.br\/2022\/wp-content\/uploads\/2023\/12\/00052360.jpeg","datePublished":"2023-12-07T22:26:00+00:00","dateModified":"2023-12-07T22:27:39+00:00","breadcrumb":{"@id":"https:\/\/regiaonews.net.br\/2022\/2023\/12\/07\/pm-prende-homem-e-encontra-deposito-com-mais-de-10-kg-de-maconha-na-zona-sul\/#breadcrumb"},"inLanguage":"pt-BR","potentialAction":[{"@type":"ReadAction","target":["https:\/\/regiaonews.net.br\/2022\/2023\/12\/07\/pm-prende-homem-e-encontra-deposito-com-mais-de-10-kg-de-maconha-na-zona-sul\/"]}]},{"@type":"ImageObject","inLanguage":"pt-BR","@id":"https:\/\/regiaonews.net.br\/2022\/2023\/12\/07\/pm-prende-homem-e-encontra-deposito-com-mais-de-10-kg-de-maconha-na-zona-sul\/#primaryimage","url":"https:\/\/regiaonews.net.br\/2022\/wp-content\/uploads\/2023\/12\/00052360.jpeg","contentUrl":"https:\/\/regiaonews.net.br\/2022\/wp-content\/uploads\/2023\/12\/00052360.jpeg","width":1600,"height":1200},{"@type":"BreadcrumbList","@id":"https:\/\/regiaonews.net.br\/2022\/2023\/12\/07\/pm-prende-homem-e-encontra-deposito-com-mais-de-10-kg-de-maconha-na-zona-sul\/#breadcrumb","itemListElement":[{"@type":"ListItem","position":1,"name":"In\u00edcio","item":"https:\/\/regiaonews.net.br\/2022\/"},{"@type":"ListItem","position":2,"name":"PM prende homem e encontra dep\u00f3sito com mais de 10 kg de maconha na zona sul"}]},{"@type":"WebSite","@id":"https:\/\/regiaonews.net.br\/2022\/#website","url":"https:\/\/regiaonews.net.br\/2022\/","name":"Regi\u00e3o News","description":"Site de Not\u00edcias de Barretos e regi\u00e3o","publisher":{"@id":"https:\/\/regiaonews.net.br\/2022\/#organization"},"potentialAction":[{"@type":"SearchAction","target":{"@type":"EntryPoint","urlTemplate":"https:\/\/regiaonews.net.br\/2022\/?s={search_term_string}"},"query-input":{"@type":"PropertyValueSpecification","valueRequired":true,"valueName":"search_term_string"}}],"inLanguage":"pt-BR"},{"@type":"Organization","@id":"https:\/\/regiaonews.net.br\/2022\/#organization","name":"Regi\u00e3o News","url":"https:\/\/regiaonews.net.br\/2022\/","logo":{"@type":"ImageObject","inLanguage":"pt-BR","@id":"https:\/\/regiaonews.net.br\/2022\/#\/schema\/logo\/image\/","url":"https:\/\/regiaonews.net.br\/2022\/wp-content\/uploads\/2026\/03\/regiao-13-anos-scaled.jpg","contentUrl":"https:\/\/regiaonews.net.br\/2022\/wp-content\/uploads\/2026\/03\/regiao-13-anos-scaled.jpg","width":2560,"height":635,"caption":"Regi\u00e3o News"},"image":{"@id":"https:\/\/regiaonews.net.br\/2022\/#\/schema\/logo\/image\/"}},{"@type":"Person","@id":"https:\/\/regiaonews.net.br\/2022\/#\/schema\/person\/2d205a608a5aa97ac279d7a5e6d89ad8","name":"Roberto","image":{"@type":"ImageObject","inLanguage":"pt-BR","@id":"https:\/\/secure.gravatar.com\/avatar\/42749d8b712ff9d59ca93dc150494e5b55a44134482993f5baeb97e61b7ecc89?s=96&d=mm&r=g","url":"https:\/\/secure.gravatar.com\/avatar\/42749d8b712ff9d59ca93dc150494e5b55a44134482993f5baeb97e61b7ecc89?s=96&d=mm&r=g","contentUrl":"https:\/\/secure.gravatar.com\/avatar\/42749d8b712ff9d59ca93dc150494e5b55a44134482993f5baeb97e61b7ecc89?s=96&d=mm&r=g","caption":"Roberto"},"url":"https:\/\/regiaonews.net.br\/2022\/author\/roberto\/"}]}},"publishpress_future_action":{"enabled":false,"date":"2026-05-04 05:51:40","action":"change-status","newStatus":"draft","terms":[],"taxonomy":"category","extraData":[]},"publishpress_future_workflow_manual_trigger":{"enabledWorkflows":[]},"_links":{"self":[{"href":"https:\/\/regiaonews.net.br\/2022\/wp-json\/wp\/v2\/posts\/98760","targetHints":{"allow":["GET"]}}],"collection":[{"href":"https:\/\/regiaonews.net.br\/2022\/wp-json\/wp\/v2\/posts"}],"about":[{"href":"https:\/\/regiaonews.net.br\/2022\/wp-json\/wp\/v2\/types\/post"}],"author":[{"embeddable":true,"href":"https:\/\/regiaonews.net.br\/2022\/wp-json\/wp\/v2\/users\/2"}],"replies":[{"embeddable":true,"href":"https:\/\/regiaonews.net.br\/2022\/wp-json\/wp\/v2\/comments?post=98760"}],"version-history":[{"count":3,"href":"https:\/\/regiaonews.net.br\/2022\/wp-json\/wp\/v2\/posts\/98760\/revisions"}],"predecessor-version":[{"id":98764,"href":"https:\/\/regiaonews.net.br\/2022\/wp-json\/wp\/v2\/posts\/98760\/revisions\/98764"}],"wp:featuredmedia":[{"embeddable":true,"href":"https:\/\/regiaonews.net.br\/2022\/wp-json\/wp\/v2\/media\/98761"}],"wp:attachment":[{"href":"https:\/\/regiaonews.net.br\/2022\/wp-json\/wp\/v2\/media?parent=98760"}],"wp:term":[{"taxonomy":"category","embeddable":true,"href":"https:\/\/regiaonews.net.br\/2022\/wp-json\/wp\/v2\/categories?post=98760"},{"taxonomy":"post_tag","embeddable":true,"href":"https:\/\/regiaonews.net.br\/2022\/wp-json\/wp\/v2\/tags?post=98760"}],"curies":[{"name":"wp","href":"https:\/\/api.w.org\/{rel}","templated":true}]}}