{"id":98757,"date":"2023-12-07T19:22:07","date_gmt":"2023-12-07T22:22:07","guid":{"rendered":"https:\/\/regiaonews.net.br\/2022\/?p=98757"},"modified":"2023-12-07T19:22:07","modified_gmt":"2023-12-07T22:22:07","slug":"cnar-anuncia-competidores-da-final-nacional-do-rodeio","status":"publish","type":"post","link":"https:\/\/regiaonews.net.br\/2022\/2023\/12\/07\/cnar-anuncia-competidores-da-final-nacional-do-rodeio\/","title":{"rendered":"CNAR anuncia competidores da Final Nacional do Rodeio"},"content":{"rendered":"<p>Competidores mais bem ranqueados do pa\u00eds nas modalidades montaria em touros e cutiano disputam o t\u00edtulo em Avar\u00e9 (SP)<\/p>\n<p>Come\u00e7a hoje (7) a Final Nacional do Rodeio da CNAR, que vai revelar os campe\u00f5es nacionais das modalidades touros e cutiano. A competi\u00e7\u00e3o vai at\u00e9 domingo (10) e acontece durante a 53\u00aa Exposi\u00e7\u00e3o Municipal Agropecu\u00e1ria e Industrial de Avar\u00e9\/SP (Emapa), no Parque de Exposi\u00e7\u00f5es \u201cFernando Cruz Pimentel\u201d.<\/p>\n<p>A temporada 2023 de rodeio em touros e cutiano &#8211; modalidade brasileira de montaria em cavalos &#8211; distribuiu uma premia\u00e7\u00e3o total de mais de R$ 9 milh\u00f5es nos eventos credenciados e mais de 250 etapas filiadas.<\/p>\n<p>As vagas j\u00e1 est\u00e3o definidas e distribu\u00eddas. De montaria em touros est\u00e3o os competidores do ranking CNAR, da Liga Nacional de Rodeio (LNR); o Circuito Rancho Primavera; a Ekip Rozeta e a PBR Brazil. J\u00e1 no Cutiano, est\u00e3o atletas do ranking CNAR, Sele\u00e7\u00e3o Brasileira do Cutiano e Copa Rozeta de Cutiano.<\/p>\n<p>Neste final de semana, os melhores e mais bem ranqueados do pa\u00eds v\u00e3o em busca do t\u00edtulo nacional. Confira a lista de classificados:<\/p>\n<p>TOURO:<br \/>\nRanking CNAR<br \/>\n1\u00ba Warley Oliveira Silva, de Aparecida do Taboado (MS)<br \/>\n3\u00ba Assyrio Jos\u00e9 Reinaldo Dias, de Sertan\u00f3polis (PR)<br \/>\n4\u00ba Alex Trindade, de Nossa Senhora das Gra\u00e7as (PR)<br \/>\n5\u00ba Yan Victo dos Santos, de Assis Brasil (AC)<br \/>\n6\u00ba Lucas Wiliam Santos Paiva, de Guaira\u00e7\u00e1 (PR)<br \/>\n7\u00ba Jo\u00e3o Paulo Morais, de Congonhal (MG)<br \/>\n8\u00ba Murilo Henrique de Oliveira Costa, de Pereira Barreto (SP)<br \/>\n9\u00ba Cladson Rodolfo Vieira da Silva, de Pilar do Sul (SP)<br \/>\n10\u00ba Alex Correia de Lima, de Sta. Cruz do Monte Castelo (PR)<br \/>\n11\u00ba Vitor Manoel Dias, de Sales (SP)<br \/>\n12\u00ba Frederico Ara\u00fajo Margarido, de Jaboticatubas (MG)<br \/>\n13\u00ba Everton Natan Silva, de Viradouro (SP)<br \/>\n14\u00ba Sebasti\u00e3o Marcos Moreira, de \u00c1gua Boa (MT)<br \/>\n15\u00ba Danilo de Almeida Batista, de Cardoso (SP)<br \/>\n16\u00ba Diego Fernando Sandre Santos, de Pomp\u00e9ia (SP)<br \/>\n17\u00ba Elton Salgado Toledo, de Ribas do Rio Pardo (MS)<br \/>\n18\u00ba Alex J\u00fanior da Silva, de Bom Jesus da Penha (MG)<br \/>\n19\u00ba Carlos Andr\u00e9 Oliveira Rodrigues &#8211; Ipameri (GO)<\/p>\n<p>Circuito Rancho Primavera (CRP)<br \/>\nFabr\u00edcio Aparecido Gomes da Costa, de Cuiab\u00e1 Paulista (SP)<br \/>\nDouglas Aparecido da Silva, de Chapec\u00f3 (SC)<br \/>\nSamuel Thiago Soares Fraga, de Mirante do Paranapanema (SP)<\/p>\n<p>Ekip Rozeta<br \/>\nWiny Paulo dos Santos, Loanda (PR)<br \/>\nF\u00e1bio Br\u00e1z dos Santos, Rio Brilhante (MS)<br \/>\nJo\u00e3o Gleyson Ferreira Lopes, de Tangar\u00e1 da Serra (MT)<\/p>\n<p>Liga Nacional de Rodeio (LNR)<br \/>\nEikson Pereira, Mina\u00e7u (GO)<br \/>\nMaikon Calixto Rocha, de Orindi\u00fava (SP)<br \/>\nAndr\u00e9 Pereira Pinto, de Suzan\u00e1polis (SP)<\/p>\n<p>PBR Brazil<br \/>\nJos\u00e9 Alberto de Castro, de S\u00e3o Jorge do Patroc\u00ednio (PR)<br \/>\nMaciel de Santana, de Ibirataia (BA)<br \/>\nLuiz Am\u00e9rico Pereira Silva, de Tim\u00f3teo (MG)<\/p>\n<p>CUTIANO:<br \/>\nRanking CNAR<br \/>\n1\u00ba Luiz Felipe Calejuri da Silva, de Mirassol (SP)<br \/>\n2\u00ba Jo\u00e3o Victor Gimenez, de Deod\u00e1polis (MS)<br \/>\n3\u00ba Rodrigo Pedro Rosa, de Hercul\u00e2ndia (PR)<br \/>\n4\u00ba Ari Piovesan, de Piracicaba (SP)<br \/>\n5\u00ba Fabiano da Concei\u00e7\u00e3o, de Piracicaba (SP)<br \/>\n6\u00ba Marcelo Pedro da Silva, Jardim Alegre (PR)<br \/>\n8\u00ba Nilton Donizete de Souza, Guarant\u00e3 (SP)<br \/>\n9\u00ba Diego Manoel Piovezan, de Piracicaba (SP)<br \/>\n10\u00ba Gleidson Jean Lopes, Ilha Solteira (SP)<br \/>\n11\u00ba Felipe Mariano Santos, de Deod\u00e1polis (MS)<br \/>\n12\u00ba Eder Carlos Fiori, de Aparecida do Taboado (MS)<br \/>\n13\u00ba Higor Brito da Silva, de Birigui (SP)<br \/>\n14\u00ba Mauro Silva Rodrigues, de Navira\u00ed (MS)<br \/>\n15\u00ba Luis Henrique Andreza de Almeida, de Piracicaba (SP)<br \/>\n16\u00ba Matheus Lima de Matos, de Pirapora do Bom Jesus (SP)<br \/>\n17\u00ba Rodrigo Alberto dos Santos &#8211; Populina (SP)<br \/>\n18\u00ba Marlon Vin\u00edcius Barbosa, Lagamar (MG)<br \/>\n19\u00ba Alessandro Vieira Ferreira &#8211; Bocai\u00fava (MG)<br \/>\n22\u00ba Paulo S\u00e9rgio da Silva, de Monte Mor (SP)<\/p>\n<p>Sele\u00e7\u00e3o Brasileira de Cutiano (SBC)<br \/>\nFl\u00e1vio Fonseca Leite, de Aparecida do Taboado (MS)<br \/>\nEdvaldo Ant\u00f4nio Filho, Aparecida do Taboado (MS)<br \/>\nSidnei Pereira Brito, Santop\u00f3lis do Aguape\u00ed (MS)<\/p>\n<p>Copa Rozeta<br \/>\nKaio Henrique Barros, de Tiet\u00ea (SP)<br \/>\nPablo Luiz Bertolin, Mirassol (SP)<br \/>\nAdilton Rodrigues Dos Santos, de Mineiros (GO)<\/p>\n","protected":false},"excerpt":{"rendered":"<p>Competidores mais bem ranqueados do pa\u00eds nas modalidades montaria em<\/p>\n","protected":false},"author":2,"featured_media":98758,"comment_status":"open","ping_status":"open","sticky":false,"template":"","format":"standard","meta":{"footnotes":""},"categories":[25,21],"tags":[],"class_list":["post-98757","post","type-post","status-publish","format-standard","has-post-thumbnail","hentry","category-cidades","category-esporte"],"yoast_head":"<!-- This site is optimized with the Yoast SEO plugin v27.4 - https:\/\/yoast.com\/product\/yoast-seo-wordpress\/ -->\n<title>CNAR anuncia competidores da Final Nacional do Rodeio - Regi\u00e3o News<\/title>\n<meta name=\"robots\" content=\"index, follow, max-snippet:-1, max-image-preview:large, max-video-preview:-1\" \/>\n<link rel=\"canonical\" href=\"https:\/\/regiaonews.net.br\/2022\/2023\/12\/07\/cnar-anuncia-competidores-da-final-nacional-do-rodeio\/\" \/>\n<meta property=\"og:locale\" content=\"pt_BR\" \/>\n<meta property=\"og:type\" content=\"article\" \/>\n<meta property=\"og:title\" content=\"CNAR anuncia competidores da Final Nacional do Rodeio - Regi\u00e3o News\" \/>\n<meta property=\"og:description\" content=\"Competidores mais bem ranqueados do pa\u00eds nas modalidades montaria em\" \/>\n<meta property=\"og:url\" content=\"https:\/\/regiaonews.net.br\/2022\/2023\/12\/07\/cnar-anuncia-competidores-da-final-nacional-do-rodeio\/\" \/>\n<meta property=\"og:site_name\" content=\"Regi\u00e3o News\" \/>\n<meta property=\"article:published_time\" content=\"2023-12-07T22:22:07+00:00\" \/>\n<meta property=\"og:image\" content=\"https:\/\/regiaonews.net.br\/2022\/wp-content\/uploads\/2023\/12\/WhatsApp-Image-2023-12-07-at-16.14.37.jpeg\" \/>\n\t<meta property=\"og:image:width\" content=\"1199\" \/>\n\t<meta property=\"og:image:height\" content=\"674\" \/>\n\t<meta property=\"og:image:type\" content=\"image\/jpeg\" \/>\n<meta name=\"author\" content=\"Roberto\" \/>\n<meta name=\"twitter:card\" content=\"summary_large_image\" \/>\n<meta name=\"twitter:label1\" content=\"Escrito por\" \/>\n\t<meta name=\"twitter:data1\" content=\"Roberto\" \/>\n\t<meta name=\"twitter:label2\" content=\"Est. tempo de leitura\" \/>\n\t<meta name=\"twitter:data2\" content=\"4 minutos\" \/>\n<script type=\"application\/ld+json\" class=\"yoast-schema-graph\">{\"@context\":\"https:\\\/\\\/schema.org\",\"@graph\":[{\"@type\":\"Article\",\"@id\":\"https:\\\/\\\/regiaonews.net.br\\\/2022\\\/2023\\\/12\\\/07\\\/cnar-anuncia-competidores-da-final-nacional-do-rodeio\\\/#article\",\"isPartOf\":{\"@id\":\"https:\\\/\\\/regiaonews.net.br\\\/2022\\\/2023\\\/12\\\/07\\\/cnar-anuncia-competidores-da-final-nacional-do-rodeio\\\/\"},\"author\":{\"name\":\"Roberto\",\"@id\":\"https:\\\/\\\/regiaonews.net.br\\\/2022\\\/#\\\/schema\\\/person\\\/2d205a608a5aa97ac279d7a5e6d89ad8\"},\"headline\":\"CNAR anuncia competidores da Final Nacional do Rodeio\",\"datePublished\":\"2023-12-07T22:22:07+00:00\",\"mainEntityOfPage\":{\"@id\":\"https:\\\/\\\/regiaonews.net.br\\\/2022\\\/2023\\\/12\\\/07\\\/cnar-anuncia-competidores-da-final-nacional-do-rodeio\\\/\"},\"wordCount\":645,\"commentCount\":0,\"publisher\":{\"@id\":\"https:\\\/\\\/regiaonews.net.br\\\/2022\\\/#organization\"},\"image\":{\"@id\":\"https:\\\/\\\/regiaonews.net.br\\\/2022\\\/2023\\\/12\\\/07\\\/cnar-anuncia-competidores-da-final-nacional-do-rodeio\\\/#primaryimage\"},\"thumbnailUrl\":\"https:\\\/\\\/regiaonews.net.br\\\/2022\\\/wp-content\\\/uploads\\\/2023\\\/12\\\/WhatsApp-Image-2023-12-07-at-16.14.37.jpeg\",\"articleSection\":[\"Cidades\",\"Esporte\"],\"inLanguage\":\"pt-BR\",\"potentialAction\":[{\"@type\":\"CommentAction\",\"name\":\"Comment\",\"target\":[\"https:\\\/\\\/regiaonews.net.br\\\/2022\\\/2023\\\/12\\\/07\\\/cnar-anuncia-competidores-da-final-nacional-do-rodeio\\\/#respond\"]}]},{\"@type\":\"WebPage\",\"@id\":\"https:\\\/\\\/regiaonews.net.br\\\/2022\\\/2023\\\/12\\\/07\\\/cnar-anuncia-competidores-da-final-nacional-do-rodeio\\\/\",\"url\":\"https:\\\/\\\/regiaonews.net.br\\\/2022\\\/2023\\\/12\\\/07\\\/cnar-anuncia-competidores-da-final-nacional-do-rodeio\\\/\",\"name\":\"CNAR anuncia competidores da Final Nacional do Rodeio - Regi\u00e3o News\",\"isPartOf\":{\"@id\":\"https:\\\/\\\/regiaonews.net.br\\\/2022\\\/#website\"},\"primaryImageOfPage\":{\"@id\":\"https:\\\/\\\/regiaonews.net.br\\\/2022\\\/2023\\\/12\\\/07\\\/cnar-anuncia-competidores-da-final-nacional-do-rodeio\\\/#primaryimage\"},\"image\":{\"@id\":\"https:\\\/\\\/regiaonews.net.br\\\/2022\\\/2023\\\/12\\\/07\\\/cnar-anuncia-competidores-da-final-nacional-do-rodeio\\\/#primaryimage\"},\"thumbnailUrl\":\"https:\\\/\\\/regiaonews.net.br\\\/2022\\\/wp-content\\\/uploads\\\/2023\\\/12\\\/WhatsApp-Image-2023-12-07-at-16.14.37.jpeg\",\"datePublished\":\"2023-12-07T22:22:07+00:00\",\"breadcrumb\":{\"@id\":\"https:\\\/\\\/regiaonews.net.br\\\/2022\\\/2023\\\/12\\\/07\\\/cnar-anuncia-competidores-da-final-nacional-do-rodeio\\\/#breadcrumb\"},\"inLanguage\":\"pt-BR\",\"potentialAction\":[{\"@type\":\"ReadAction\",\"target\":[\"https:\\\/\\\/regiaonews.net.br\\\/2022\\\/2023\\\/12\\\/07\\\/cnar-anuncia-competidores-da-final-nacional-do-rodeio\\\/\"]}]},{\"@type\":\"ImageObject\",\"inLanguage\":\"pt-BR\",\"@id\":\"https:\\\/\\\/regiaonews.net.br\\\/2022\\\/2023\\\/12\\\/07\\\/cnar-anuncia-competidores-da-final-nacional-do-rodeio\\\/#primaryimage\",\"url\":\"https:\\\/\\\/regiaonews.net.br\\\/2022\\\/wp-content\\\/uploads\\\/2023\\\/12\\\/WhatsApp-Image-2023-12-07-at-16.14.37.jpeg\",\"contentUrl\":\"https:\\\/\\\/regiaonews.net.br\\\/2022\\\/wp-content\\\/uploads\\\/2023\\\/12\\\/WhatsApp-Image-2023-12-07-at-16.14.37.jpeg\",\"width\":1199,\"height\":674},{\"@type\":\"BreadcrumbList\",\"@id\":\"https:\\\/\\\/regiaonews.net.br\\\/2022\\\/2023\\\/12\\\/07\\\/cnar-anuncia-competidores-da-final-nacional-do-rodeio\\\/#breadcrumb\",\"itemListElement\":[{\"@type\":\"ListItem\",\"position\":1,\"name\":\"In\u00edcio\",\"item\":\"https:\\\/\\\/regiaonews.net.br\\\/2022\\\/\"},{\"@type\":\"ListItem\",\"position\":2,\"name\":\"CNAR anuncia competidores da Final Nacional do Rodeio\"}]},{\"@type\":\"WebSite\",\"@id\":\"https:\\\/\\\/regiaonews.net.br\\\/2022\\\/#website\",\"url\":\"https:\\\/\\\/regiaonews.net.br\\\/2022\\\/\",\"name\":\"Regi\u00e3o News\",\"description\":\"Site de Not\u00edcias de Barretos e regi\u00e3o\",\"publisher\":{\"@id\":\"https:\\\/\\\/regiaonews.net.br\\\/2022\\\/#organization\"},\"potentialAction\":[{\"@type\":\"SearchAction\",\"target\":{\"@type\":\"EntryPoint\",\"urlTemplate\":\"https:\\\/\\\/regiaonews.net.br\\\/2022\\\/?s={search_term_string}\"},\"query-input\":{\"@type\":\"PropertyValueSpecification\",\"valueRequired\":true,\"valueName\":\"search_term_string\"}}],\"inLanguage\":\"pt-BR\"},{\"@type\":\"Organization\",\"@id\":\"https:\\\/\\\/regiaonews.net.br\\\/2022\\\/#organization\",\"name\":\"Regi\u00e3o News\",\"url\":\"https:\\\/\\\/regiaonews.net.br\\\/2022\\\/\",\"logo\":{\"@type\":\"ImageObject\",\"inLanguage\":\"pt-BR\",\"@id\":\"https:\\\/\\\/regiaonews.net.br\\\/2022\\\/#\\\/schema\\\/logo\\\/image\\\/\",\"url\":\"https:\\\/\\\/regiaonews.net.br\\\/2022\\\/wp-content\\\/uploads\\\/2026\\\/03\\\/regiao-13-anos-scaled.jpg\",\"contentUrl\":\"https:\\\/\\\/regiaonews.net.br\\\/2022\\\/wp-content\\\/uploads\\\/2026\\\/03\\\/regiao-13-anos-scaled.jpg\",\"width\":2560,\"height\":635,\"caption\":\"Regi\u00e3o News\"},\"image\":{\"@id\":\"https:\\\/\\\/regiaonews.net.br\\\/2022\\\/#\\\/schema\\\/logo\\\/image\\\/\"}},{\"@type\":\"Person\",\"@id\":\"https:\\\/\\\/regiaonews.net.br\\\/2022\\\/#\\\/schema\\\/person\\\/2d205a608a5aa97ac279d7a5e6d89ad8\",\"name\":\"Roberto\",\"image\":{\"@type\":\"ImageObject\",\"inLanguage\":\"pt-BR\",\"@id\":\"https:\\\/\\\/secure.gravatar.com\\\/avatar\\\/42749d8b712ff9d59ca93dc150494e5b55a44134482993f5baeb97e61b7ecc89?s=96&d=mm&r=g\",\"url\":\"https:\\\/\\\/secure.gravatar.com\\\/avatar\\\/42749d8b712ff9d59ca93dc150494e5b55a44134482993f5baeb97e61b7ecc89?s=96&d=mm&r=g\",\"contentUrl\":\"https:\\\/\\\/secure.gravatar.com\\\/avatar\\\/42749d8b712ff9d59ca93dc150494e5b55a44134482993f5baeb97e61b7ecc89?s=96&d=mm&r=g\",\"caption\":\"Roberto\"},\"url\":\"https:\\\/\\\/regiaonews.net.br\\\/2022\\\/author\\\/roberto\\\/\"}]}<\/script>\n<!-- \/ Yoast SEO plugin. -->","yoast_head_json":{"title":"CNAR anuncia competidores da Final Nacional do Rodeio - Regi\u00e3o News","robots":{"index":"index","follow":"follow","max-snippet":"max-snippet:-1","max-image-preview":"max-image-preview:large","max-video-preview":"max-video-preview:-1"},"canonical":"https:\/\/regiaonews.net.br\/2022\/2023\/12\/07\/cnar-anuncia-competidores-da-final-nacional-do-rodeio\/","og_locale":"pt_BR","og_type":"article","og_title":"CNAR anuncia competidores da Final Nacional do Rodeio - Regi\u00e3o News","og_description":"Competidores mais bem ranqueados do pa\u00eds nas modalidades montaria em","og_url":"https:\/\/regiaonews.net.br\/2022\/2023\/12\/07\/cnar-anuncia-competidores-da-final-nacional-do-rodeio\/","og_site_name":"Regi\u00e3o News","article_published_time":"2023-12-07T22:22:07+00:00","og_image":[{"width":1199,"height":674,"url":"https:\/\/regiaonews.net.br\/2022\/wp-content\/uploads\/2023\/12\/WhatsApp-Image-2023-12-07-at-16.14.37.jpeg","type":"image\/jpeg"}],"author":"Roberto","twitter_card":"summary_large_image","twitter_misc":{"Escrito por":"Roberto","Est. tempo de leitura":"4 minutos"},"schema":{"@context":"https:\/\/schema.org","@graph":[{"@type":"Article","@id":"https:\/\/regiaonews.net.br\/2022\/2023\/12\/07\/cnar-anuncia-competidores-da-final-nacional-do-rodeio\/#article","isPartOf":{"@id":"https:\/\/regiaonews.net.br\/2022\/2023\/12\/07\/cnar-anuncia-competidores-da-final-nacional-do-rodeio\/"},"author":{"name":"Roberto","@id":"https:\/\/regiaonews.net.br\/2022\/#\/schema\/person\/2d205a608a5aa97ac279d7a5e6d89ad8"},"headline":"CNAR anuncia competidores da Final Nacional do Rodeio","datePublished":"2023-12-07T22:22:07+00:00","mainEntityOfPage":{"@id":"https:\/\/regiaonews.net.br\/2022\/2023\/12\/07\/cnar-anuncia-competidores-da-final-nacional-do-rodeio\/"},"wordCount":645,"commentCount":0,"publisher":{"@id":"https:\/\/regiaonews.net.br\/2022\/#organization"},"image":{"@id":"https:\/\/regiaonews.net.br\/2022\/2023\/12\/07\/cnar-anuncia-competidores-da-final-nacional-do-rodeio\/#primaryimage"},"thumbnailUrl":"https:\/\/regiaonews.net.br\/2022\/wp-content\/uploads\/2023\/12\/WhatsApp-Image-2023-12-07-at-16.14.37.jpeg","articleSection":["Cidades","Esporte"],"inLanguage":"pt-BR","potentialAction":[{"@type":"CommentAction","name":"Comment","target":["https:\/\/regiaonews.net.br\/2022\/2023\/12\/07\/cnar-anuncia-competidores-da-final-nacional-do-rodeio\/#respond"]}]},{"@type":"WebPage","@id":"https:\/\/regiaonews.net.br\/2022\/2023\/12\/07\/cnar-anuncia-competidores-da-final-nacional-do-rodeio\/","url":"https:\/\/regiaonews.net.br\/2022\/2023\/12\/07\/cnar-anuncia-competidores-da-final-nacional-do-rodeio\/","name":"CNAR anuncia competidores da Final Nacional do Rodeio - Regi\u00e3o News","isPartOf":{"@id":"https:\/\/regiaonews.net.br\/2022\/#website"},"primaryImageOfPage":{"@id":"https:\/\/regiaonews.net.br\/2022\/2023\/12\/07\/cnar-anuncia-competidores-da-final-nacional-do-rodeio\/#primaryimage"},"image":{"@id":"https:\/\/regiaonews.net.br\/2022\/2023\/12\/07\/cnar-anuncia-competidores-da-final-nacional-do-rodeio\/#primaryimage"},"thumbnailUrl":"https:\/\/regiaonews.net.br\/2022\/wp-content\/uploads\/2023\/12\/WhatsApp-Image-2023-12-07-at-16.14.37.jpeg","datePublished":"2023-12-07T22:22:07+00:00","breadcrumb":{"@id":"https:\/\/regiaonews.net.br\/2022\/2023\/12\/07\/cnar-anuncia-competidores-da-final-nacional-do-rodeio\/#breadcrumb"},"inLanguage":"pt-BR","potentialAction":[{"@type":"ReadAction","target":["https:\/\/regiaonews.net.br\/2022\/2023\/12\/07\/cnar-anuncia-competidores-da-final-nacional-do-rodeio\/"]}]},{"@type":"ImageObject","inLanguage":"pt-BR","@id":"https:\/\/regiaonews.net.br\/2022\/2023\/12\/07\/cnar-anuncia-competidores-da-final-nacional-do-rodeio\/#primaryimage","url":"https:\/\/regiaonews.net.br\/2022\/wp-content\/uploads\/2023\/12\/WhatsApp-Image-2023-12-07-at-16.14.37.jpeg","contentUrl":"https:\/\/regiaonews.net.br\/2022\/wp-content\/uploads\/2023\/12\/WhatsApp-Image-2023-12-07-at-16.14.37.jpeg","width":1199,"height":674},{"@type":"BreadcrumbList","@id":"https:\/\/regiaonews.net.br\/2022\/2023\/12\/07\/cnar-anuncia-competidores-da-final-nacional-do-rodeio\/#breadcrumb","itemListElement":[{"@type":"ListItem","position":1,"name":"In\u00edcio","item":"https:\/\/regiaonews.net.br\/2022\/"},{"@type":"ListItem","position":2,"name":"CNAR anuncia competidores da Final Nacional do Rodeio"}]},{"@type":"WebSite","@id":"https:\/\/regiaonews.net.br\/2022\/#website","url":"https:\/\/regiaonews.net.br\/2022\/","name":"Regi\u00e3o News","description":"Site de Not\u00edcias de Barretos e regi\u00e3o","publisher":{"@id":"https:\/\/regiaonews.net.br\/2022\/#organization"},"potentialAction":[{"@type":"SearchAction","target":{"@type":"EntryPoint","urlTemplate":"https:\/\/regiaonews.net.br\/2022\/?s={search_term_string}"},"query-input":{"@type":"PropertyValueSpecification","valueRequired":true,"valueName":"search_term_string"}}],"inLanguage":"pt-BR"},{"@type":"Organization","@id":"https:\/\/regiaonews.net.br\/2022\/#organization","name":"Regi\u00e3o News","url":"https:\/\/regiaonews.net.br\/2022\/","logo":{"@type":"ImageObject","inLanguage":"pt-BR","@id":"https:\/\/regiaonews.net.br\/2022\/#\/schema\/logo\/image\/","url":"https:\/\/regiaonews.net.br\/2022\/wp-content\/uploads\/2026\/03\/regiao-13-anos-scaled.jpg","contentUrl":"https:\/\/regiaonews.net.br\/2022\/wp-content\/uploads\/2026\/03\/regiao-13-anos-scaled.jpg","width":2560,"height":635,"caption":"Regi\u00e3o News"},"image":{"@id":"https:\/\/regiaonews.net.br\/2022\/#\/schema\/logo\/image\/"}},{"@type":"Person","@id":"https:\/\/regiaonews.net.br\/2022\/#\/schema\/person\/2d205a608a5aa97ac279d7a5e6d89ad8","name":"Roberto","image":{"@type":"ImageObject","inLanguage":"pt-BR","@id":"https:\/\/secure.gravatar.com\/avatar\/42749d8b712ff9d59ca93dc150494e5b55a44134482993f5baeb97e61b7ecc89?s=96&d=mm&r=g","url":"https:\/\/secure.gravatar.com\/avatar\/42749d8b712ff9d59ca93dc150494e5b55a44134482993f5baeb97e61b7ecc89?s=96&d=mm&r=g","contentUrl":"https:\/\/secure.gravatar.com\/avatar\/42749d8b712ff9d59ca93dc150494e5b55a44134482993f5baeb97e61b7ecc89?s=96&d=mm&r=g","caption":"Roberto"},"url":"https:\/\/regiaonews.net.br\/2022\/author\/roberto\/"}]}},"publishpress_future_action":{"enabled":false,"date":"2026-05-04 08:46:12","action":"change-status","newStatus":"draft","terms":[],"taxonomy":"category","extraData":[]},"publishpress_future_workflow_manual_trigger":{"enabledWorkflows":[]},"_links":{"self":[{"href":"https:\/\/regiaonews.net.br\/2022\/wp-json\/wp\/v2\/posts\/98757","targetHints":{"allow":["GET"]}}],"collection":[{"href":"https:\/\/regiaonews.net.br\/2022\/wp-json\/wp\/v2\/posts"}],"about":[{"href":"https:\/\/regiaonews.net.br\/2022\/wp-json\/wp\/v2\/types\/post"}],"author":[{"embeddable":true,"href":"https:\/\/regiaonews.net.br\/2022\/wp-json\/wp\/v2\/users\/2"}],"replies":[{"embeddable":true,"href":"https:\/\/regiaonews.net.br\/2022\/wp-json\/wp\/v2\/comments?post=98757"}],"version-history":[{"count":1,"href":"https:\/\/regiaonews.net.br\/2022\/wp-json\/wp\/v2\/posts\/98757\/revisions"}],"predecessor-version":[{"id":98759,"href":"https:\/\/regiaonews.net.br\/2022\/wp-json\/wp\/v2\/posts\/98757\/revisions\/98759"}],"wp:featuredmedia":[{"embeddable":true,"href":"https:\/\/regiaonews.net.br\/2022\/wp-json\/wp\/v2\/media\/98758"}],"wp:attachment":[{"href":"https:\/\/regiaonews.net.br\/2022\/wp-json\/wp\/v2\/media?parent=98757"}],"wp:term":[{"taxonomy":"category","embeddable":true,"href":"https:\/\/regiaonews.net.br\/2022\/wp-json\/wp\/v2\/categories?post=98757"},{"taxonomy":"post_tag","embeddable":true,"href":"https:\/\/regiaonews.net.br\/2022\/wp-json\/wp\/v2\/tags?post=98757"}],"curies":[{"name":"wp","href":"https:\/\/api.w.org\/{rel}","templated":true}]}}