{"id":98747,"date":"2023-12-07T18:07:21","date_gmt":"2023-12-07T21:07:21","guid":{"rendered":"https:\/\/regiaonews.net.br\/2022\/?p=98747"},"modified":"2023-12-07T18:07:21","modified_gmt":"2023-12-07T21:07:21","slug":"saude-realiza-testes-rapidos-para-hiv-e-outras-ists-na-acib-de-7-a-15-de-dezembro","status":"publish","type":"post","link":"https:\/\/regiaonews.net.br\/2022\/2023\/12\/07\/saude-realiza-testes-rapidos-para-hiv-e-outras-ists-na-acib-de-7-a-15-de-dezembro\/","title":{"rendered":"Sa\u00fade realiza testes r\u00e1pidos para HIV e outras ISTs na ACIB de 7 a 15 de dezembro"},"content":{"rendered":"<h3 style=\"text-align: center;\">A tradicional campanha &#8220;Fique Sabendo&#8221; leva as testagens para o centro da cidade no per\u00edodo noturno. No s\u00e1bado, dia 9, a a\u00e7\u00e3o ser\u00e1 realizada ao longo da manh\u00e3.<\/h3>\n<p>A Prefeitura da Est\u00e2ncia Tur\u00edstica de Barretos, por meio do Programa Municipal IST\/HIV\/AIDS da Secretaria Municipal de Sa\u00fade, realiza a Campanha Fique Sabendo entre os dias 7 e 15 deste m\u00eas. A a\u00e7\u00e3o integra a programa\u00e7\u00e3o do \u201cDezembro Vermelho\u201d, m\u00eas de luta contra o v\u00edrus HIV, a Aids e outras infec\u00e7\u00f5es sexualmente transmiss\u00edveis (ISTs).<\/p>\n<p>Ao longo da campanha, testagens gratuitas ser\u00e3o realizadas na Associa\u00e7\u00e3o Comercial e Industrial de Barretos (ACIB), na Rua 20, n. 725, entre as avenidas 19 e 21, no Centro. Nestas quinta e sexta-feira (7 e 8) e tamb\u00e9m de segunda a sexta-feira da pr\u00f3xima semana (11 a 15), a equipe da Sa\u00fade realizar\u00e1 testagens \u00e0 noite, das 18 \u00e0s 22h. O com\u00e9rcio central passa a estar aberto no per\u00edodo noturno a partir desta quinta-feira, 7.<\/p>\n<p>No mesmo local, tamb\u00e9m ser\u00e3o realizadas testagens na manh\u00e3 do s\u00e1bado, dia 9, das 9 \u00e0s 12h30. A popula\u00e7\u00e3o poder\u00e1 realizar testes r\u00e1pidos para HIV, s\u00edfilis e hepatites B e C. Para fazer o teste, \u00e9 importante levar o RG ou CNH.<br \/>\nA coordenadora do Programa Municipal IST\/HIV\/AIDS, Cec\u00edlia de Assis Marques dos Reis, lembra que os testes s\u00e3o gratuitos e sigilosos. \u201cO profissional de sa\u00fade conta com treinamento e preparo especial para conversar com a pessoa antes da realiza\u00e7\u00e3o do teste e para informar os resultados\u201d, ressalta.<br \/>\nAl\u00e9m de realizar as testagens, as equipes distribuem preservativos e gel lubrificante e d\u00e3o orienta\u00e7\u00f5es \u00e0 popula\u00e7\u00e3o. Em caso de algum resultado positivo, \u00e9 dado encaminhamento para a pessoa realizar exames confirmat\u00f3rios e a partir disso poder\u00e1 fazer o tratamento necess\u00e1rio.<\/p>\n","protected":false},"excerpt":{"rendered":"<p>A tradicional campanha &#8220;Fique Sabendo&#8221; leva as testagens para o<\/p>\n","protected":false},"author":2,"featured_media":98748,"comment_status":"open","ping_status":"open","sticky":false,"template":"","format":"standard","meta":{"footnotes":""},"categories":[14],"tags":[],"class_list":["post-98747","post","type-post","status-publish","format-standard","has-post-thumbnail","hentry","category-barretos"],"yoast_head":"<!-- This site is optimized with the Yoast SEO plugin v27.4 - https:\/\/yoast.com\/product\/yoast-seo-wordpress\/ -->\n<title>Sa\u00fade realiza testes r\u00e1pidos para HIV e outras ISTs na ACIB de 7 a 15 de dezembro - Regi\u00e3o News<\/title>\n<meta name=\"robots\" content=\"index, follow, max-snippet:-1, max-image-preview:large, max-video-preview:-1\" \/>\n<link rel=\"canonical\" href=\"https:\/\/regiaonews.net.br\/2022\/2023\/12\/07\/saude-realiza-testes-rapidos-para-hiv-e-outras-ists-na-acib-de-7-a-15-de-dezembro\/\" \/>\n<meta property=\"og:locale\" content=\"pt_BR\" \/>\n<meta property=\"og:type\" content=\"article\" \/>\n<meta property=\"og:title\" content=\"Sa\u00fade realiza testes r\u00e1pidos para HIV e outras ISTs na ACIB de 7 a 15 de dezembro - Regi\u00e3o News\" \/>\n<meta property=\"og:description\" content=\"A tradicional campanha &#8220;Fique Sabendo&#8221; leva as testagens para o\" \/>\n<meta property=\"og:url\" content=\"https:\/\/regiaonews.net.br\/2022\/2023\/12\/07\/saude-realiza-testes-rapidos-para-hiv-e-outras-ists-na-acib-de-7-a-15-de-dezembro\/\" \/>\n<meta property=\"og:site_name\" content=\"Regi\u00e3o News\" \/>\n<meta property=\"article:published_time\" content=\"2023-12-07T21:07:21+00:00\" \/>\n<meta property=\"og:image\" content=\"https:\/\/regiaonews.net.br\/2022\/wp-content\/uploads\/2023\/12\/Imagem-do-WhatsApp-de-2023-12-07-as-16.13.26_64f775bc.jpg\" \/>\n\t<meta property=\"og:image:width\" content=\"1600\" \/>\n\t<meta property=\"og:image:height\" content=\"1200\" \/>\n\t<meta property=\"og:image:type\" content=\"image\/jpeg\" \/>\n<meta name=\"author\" content=\"Roberto\" \/>\n<meta name=\"twitter:card\" content=\"summary_large_image\" \/>\n<meta name=\"twitter:label1\" content=\"Escrito por\" \/>\n\t<meta name=\"twitter:data1\" content=\"Roberto\" \/>\n\t<meta name=\"twitter:label2\" content=\"Est. tempo de leitura\" \/>\n\t<meta name=\"twitter:data2\" content=\"2 minutos\" \/>\n<script type=\"application\/ld+json\" class=\"yoast-schema-graph\">{\"@context\":\"https:\\\/\\\/schema.org\",\"@graph\":[{\"@type\":\"Article\",\"@id\":\"https:\\\/\\\/regiaonews.net.br\\\/2022\\\/2023\\\/12\\\/07\\\/saude-realiza-testes-rapidos-para-hiv-e-outras-ists-na-acib-de-7-a-15-de-dezembro\\\/#article\",\"isPartOf\":{\"@id\":\"https:\\\/\\\/regiaonews.net.br\\\/2022\\\/2023\\\/12\\\/07\\\/saude-realiza-testes-rapidos-para-hiv-e-outras-ists-na-acib-de-7-a-15-de-dezembro\\\/\"},\"author\":{\"name\":\"Roberto\",\"@id\":\"https:\\\/\\\/regiaonews.net.br\\\/2022\\\/#\\\/schema\\\/person\\\/2d205a608a5aa97ac279d7a5e6d89ad8\"},\"headline\":\"Sa\u00fade realiza testes r\u00e1pidos para HIV e outras ISTs na ACIB de 7 a 15 de dezembro\",\"datePublished\":\"2023-12-07T21:07:21+00:00\",\"mainEntityOfPage\":{\"@id\":\"https:\\\/\\\/regiaonews.net.br\\\/2022\\\/2023\\\/12\\\/07\\\/saude-realiza-testes-rapidos-para-hiv-e-outras-ists-na-acib-de-7-a-15-de-dezembro\\\/\"},\"wordCount\":324,\"commentCount\":0,\"publisher\":{\"@id\":\"https:\\\/\\\/regiaonews.net.br\\\/2022\\\/#organization\"},\"image\":{\"@id\":\"https:\\\/\\\/regiaonews.net.br\\\/2022\\\/2023\\\/12\\\/07\\\/saude-realiza-testes-rapidos-para-hiv-e-outras-ists-na-acib-de-7-a-15-de-dezembro\\\/#primaryimage\"},\"thumbnailUrl\":\"https:\\\/\\\/regiaonews.net.br\\\/2022\\\/wp-content\\\/uploads\\\/2023\\\/12\\\/Imagem-do-WhatsApp-de-2023-12-07-as-16.13.26_64f775bc.jpg\",\"articleSection\":[\"Barretos\"],\"inLanguage\":\"pt-BR\",\"potentialAction\":[{\"@type\":\"CommentAction\",\"name\":\"Comment\",\"target\":[\"https:\\\/\\\/regiaonews.net.br\\\/2022\\\/2023\\\/12\\\/07\\\/saude-realiza-testes-rapidos-para-hiv-e-outras-ists-na-acib-de-7-a-15-de-dezembro\\\/#respond\"]}]},{\"@type\":\"WebPage\",\"@id\":\"https:\\\/\\\/regiaonews.net.br\\\/2022\\\/2023\\\/12\\\/07\\\/saude-realiza-testes-rapidos-para-hiv-e-outras-ists-na-acib-de-7-a-15-de-dezembro\\\/\",\"url\":\"https:\\\/\\\/regiaonews.net.br\\\/2022\\\/2023\\\/12\\\/07\\\/saude-realiza-testes-rapidos-para-hiv-e-outras-ists-na-acib-de-7-a-15-de-dezembro\\\/\",\"name\":\"Sa\u00fade realiza testes r\u00e1pidos para HIV e outras ISTs na ACIB de 7 a 15 de dezembro - Regi\u00e3o News\",\"isPartOf\":{\"@id\":\"https:\\\/\\\/regiaonews.net.br\\\/2022\\\/#website\"},\"primaryImageOfPage\":{\"@id\":\"https:\\\/\\\/regiaonews.net.br\\\/2022\\\/2023\\\/12\\\/07\\\/saude-realiza-testes-rapidos-para-hiv-e-outras-ists-na-acib-de-7-a-15-de-dezembro\\\/#primaryimage\"},\"image\":{\"@id\":\"https:\\\/\\\/regiaonews.net.br\\\/2022\\\/2023\\\/12\\\/07\\\/saude-realiza-testes-rapidos-para-hiv-e-outras-ists-na-acib-de-7-a-15-de-dezembro\\\/#primaryimage\"},\"thumbnailUrl\":\"https:\\\/\\\/regiaonews.net.br\\\/2022\\\/wp-content\\\/uploads\\\/2023\\\/12\\\/Imagem-do-WhatsApp-de-2023-12-07-as-16.13.26_64f775bc.jpg\",\"datePublished\":\"2023-12-07T21:07:21+00:00\",\"breadcrumb\":{\"@id\":\"https:\\\/\\\/regiaonews.net.br\\\/2022\\\/2023\\\/12\\\/07\\\/saude-realiza-testes-rapidos-para-hiv-e-outras-ists-na-acib-de-7-a-15-de-dezembro\\\/#breadcrumb\"},\"inLanguage\":\"pt-BR\",\"potentialAction\":[{\"@type\":\"ReadAction\",\"target\":[\"https:\\\/\\\/regiaonews.net.br\\\/2022\\\/2023\\\/12\\\/07\\\/saude-realiza-testes-rapidos-para-hiv-e-outras-ists-na-acib-de-7-a-15-de-dezembro\\\/\"]}]},{\"@type\":\"ImageObject\",\"inLanguage\":\"pt-BR\",\"@id\":\"https:\\\/\\\/regiaonews.net.br\\\/2022\\\/2023\\\/12\\\/07\\\/saude-realiza-testes-rapidos-para-hiv-e-outras-ists-na-acib-de-7-a-15-de-dezembro\\\/#primaryimage\",\"url\":\"https:\\\/\\\/regiaonews.net.br\\\/2022\\\/wp-content\\\/uploads\\\/2023\\\/12\\\/Imagem-do-WhatsApp-de-2023-12-07-as-16.13.26_64f775bc.jpg\",\"contentUrl\":\"https:\\\/\\\/regiaonews.net.br\\\/2022\\\/wp-content\\\/uploads\\\/2023\\\/12\\\/Imagem-do-WhatsApp-de-2023-12-07-as-16.13.26_64f775bc.jpg\",\"width\":1600,\"height\":1200},{\"@type\":\"BreadcrumbList\",\"@id\":\"https:\\\/\\\/regiaonews.net.br\\\/2022\\\/2023\\\/12\\\/07\\\/saude-realiza-testes-rapidos-para-hiv-e-outras-ists-na-acib-de-7-a-15-de-dezembro\\\/#breadcrumb\",\"itemListElement\":[{\"@type\":\"ListItem\",\"position\":1,\"name\":\"In\u00edcio\",\"item\":\"https:\\\/\\\/regiaonews.net.br\\\/2022\\\/\"},{\"@type\":\"ListItem\",\"position\":2,\"name\":\"Sa\u00fade realiza testes r\u00e1pidos para HIV e outras ISTs na ACIB de 7 a 15 de dezembro\"}]},{\"@type\":\"WebSite\",\"@id\":\"https:\\\/\\\/regiaonews.net.br\\\/2022\\\/#website\",\"url\":\"https:\\\/\\\/regiaonews.net.br\\\/2022\\\/\",\"name\":\"Regi\u00e3o News\",\"description\":\"Site de Not\u00edcias de Barretos e regi\u00e3o\",\"publisher\":{\"@id\":\"https:\\\/\\\/regiaonews.net.br\\\/2022\\\/#organization\"},\"potentialAction\":[{\"@type\":\"SearchAction\",\"target\":{\"@type\":\"EntryPoint\",\"urlTemplate\":\"https:\\\/\\\/regiaonews.net.br\\\/2022\\\/?s={search_term_string}\"},\"query-input\":{\"@type\":\"PropertyValueSpecification\",\"valueRequired\":true,\"valueName\":\"search_term_string\"}}],\"inLanguage\":\"pt-BR\"},{\"@type\":\"Organization\",\"@id\":\"https:\\\/\\\/regiaonews.net.br\\\/2022\\\/#organization\",\"name\":\"Regi\u00e3o News\",\"url\":\"https:\\\/\\\/regiaonews.net.br\\\/2022\\\/\",\"logo\":{\"@type\":\"ImageObject\",\"inLanguage\":\"pt-BR\",\"@id\":\"https:\\\/\\\/regiaonews.net.br\\\/2022\\\/#\\\/schema\\\/logo\\\/image\\\/\",\"url\":\"https:\\\/\\\/regiaonews.net.br\\\/2022\\\/wp-content\\\/uploads\\\/2026\\\/03\\\/regiao-13-anos-scaled.jpg\",\"contentUrl\":\"https:\\\/\\\/regiaonews.net.br\\\/2022\\\/wp-content\\\/uploads\\\/2026\\\/03\\\/regiao-13-anos-scaled.jpg\",\"width\":2560,\"height\":635,\"caption\":\"Regi\u00e3o News\"},\"image\":{\"@id\":\"https:\\\/\\\/regiaonews.net.br\\\/2022\\\/#\\\/schema\\\/logo\\\/image\\\/\"}},{\"@type\":\"Person\",\"@id\":\"https:\\\/\\\/regiaonews.net.br\\\/2022\\\/#\\\/schema\\\/person\\\/2d205a608a5aa97ac279d7a5e6d89ad8\",\"name\":\"Roberto\",\"image\":{\"@type\":\"ImageObject\",\"inLanguage\":\"pt-BR\",\"@id\":\"https:\\\/\\\/secure.gravatar.com\\\/avatar\\\/42749d8b712ff9d59ca93dc150494e5b55a44134482993f5baeb97e61b7ecc89?s=96&d=mm&r=g\",\"url\":\"https:\\\/\\\/secure.gravatar.com\\\/avatar\\\/42749d8b712ff9d59ca93dc150494e5b55a44134482993f5baeb97e61b7ecc89?s=96&d=mm&r=g\",\"contentUrl\":\"https:\\\/\\\/secure.gravatar.com\\\/avatar\\\/42749d8b712ff9d59ca93dc150494e5b55a44134482993f5baeb97e61b7ecc89?s=96&d=mm&r=g\",\"caption\":\"Roberto\"},\"url\":\"https:\\\/\\\/regiaonews.net.br\\\/2022\\\/author\\\/roberto\\\/\"}]}<\/script>\n<!-- \/ Yoast SEO plugin. -->","yoast_head_json":{"title":"Sa\u00fade realiza testes r\u00e1pidos para HIV e outras ISTs na ACIB de 7 a 15 de dezembro - Regi\u00e3o News","robots":{"index":"index","follow":"follow","max-snippet":"max-snippet:-1","max-image-preview":"max-image-preview:large","max-video-preview":"max-video-preview:-1"},"canonical":"https:\/\/regiaonews.net.br\/2022\/2023\/12\/07\/saude-realiza-testes-rapidos-para-hiv-e-outras-ists-na-acib-de-7-a-15-de-dezembro\/","og_locale":"pt_BR","og_type":"article","og_title":"Sa\u00fade realiza testes r\u00e1pidos para HIV e outras ISTs na ACIB de 7 a 15 de dezembro - Regi\u00e3o News","og_description":"A tradicional campanha &#8220;Fique Sabendo&#8221; leva as testagens para o","og_url":"https:\/\/regiaonews.net.br\/2022\/2023\/12\/07\/saude-realiza-testes-rapidos-para-hiv-e-outras-ists-na-acib-de-7-a-15-de-dezembro\/","og_site_name":"Regi\u00e3o News","article_published_time":"2023-12-07T21:07:21+00:00","og_image":[{"width":1600,"height":1200,"url":"https:\/\/regiaonews.net.br\/2022\/wp-content\/uploads\/2023\/12\/Imagem-do-WhatsApp-de-2023-12-07-as-16.13.26_64f775bc.jpg","type":"image\/jpeg"}],"author":"Roberto","twitter_card":"summary_large_image","twitter_misc":{"Escrito por":"Roberto","Est. tempo de leitura":"2 minutos"},"schema":{"@context":"https:\/\/schema.org","@graph":[{"@type":"Article","@id":"https:\/\/regiaonews.net.br\/2022\/2023\/12\/07\/saude-realiza-testes-rapidos-para-hiv-e-outras-ists-na-acib-de-7-a-15-de-dezembro\/#article","isPartOf":{"@id":"https:\/\/regiaonews.net.br\/2022\/2023\/12\/07\/saude-realiza-testes-rapidos-para-hiv-e-outras-ists-na-acib-de-7-a-15-de-dezembro\/"},"author":{"name":"Roberto","@id":"https:\/\/regiaonews.net.br\/2022\/#\/schema\/person\/2d205a608a5aa97ac279d7a5e6d89ad8"},"headline":"Sa\u00fade realiza testes r\u00e1pidos para HIV e outras ISTs na ACIB de 7 a 15 de dezembro","datePublished":"2023-12-07T21:07:21+00:00","mainEntityOfPage":{"@id":"https:\/\/regiaonews.net.br\/2022\/2023\/12\/07\/saude-realiza-testes-rapidos-para-hiv-e-outras-ists-na-acib-de-7-a-15-de-dezembro\/"},"wordCount":324,"commentCount":0,"publisher":{"@id":"https:\/\/regiaonews.net.br\/2022\/#organization"},"image":{"@id":"https:\/\/regiaonews.net.br\/2022\/2023\/12\/07\/saude-realiza-testes-rapidos-para-hiv-e-outras-ists-na-acib-de-7-a-15-de-dezembro\/#primaryimage"},"thumbnailUrl":"https:\/\/regiaonews.net.br\/2022\/wp-content\/uploads\/2023\/12\/Imagem-do-WhatsApp-de-2023-12-07-as-16.13.26_64f775bc.jpg","articleSection":["Barretos"],"inLanguage":"pt-BR","potentialAction":[{"@type":"CommentAction","name":"Comment","target":["https:\/\/regiaonews.net.br\/2022\/2023\/12\/07\/saude-realiza-testes-rapidos-para-hiv-e-outras-ists-na-acib-de-7-a-15-de-dezembro\/#respond"]}]},{"@type":"WebPage","@id":"https:\/\/regiaonews.net.br\/2022\/2023\/12\/07\/saude-realiza-testes-rapidos-para-hiv-e-outras-ists-na-acib-de-7-a-15-de-dezembro\/","url":"https:\/\/regiaonews.net.br\/2022\/2023\/12\/07\/saude-realiza-testes-rapidos-para-hiv-e-outras-ists-na-acib-de-7-a-15-de-dezembro\/","name":"Sa\u00fade realiza testes r\u00e1pidos para HIV e outras ISTs na ACIB de 7 a 15 de dezembro - Regi\u00e3o News","isPartOf":{"@id":"https:\/\/regiaonews.net.br\/2022\/#website"},"primaryImageOfPage":{"@id":"https:\/\/regiaonews.net.br\/2022\/2023\/12\/07\/saude-realiza-testes-rapidos-para-hiv-e-outras-ists-na-acib-de-7-a-15-de-dezembro\/#primaryimage"},"image":{"@id":"https:\/\/regiaonews.net.br\/2022\/2023\/12\/07\/saude-realiza-testes-rapidos-para-hiv-e-outras-ists-na-acib-de-7-a-15-de-dezembro\/#primaryimage"},"thumbnailUrl":"https:\/\/regiaonews.net.br\/2022\/wp-content\/uploads\/2023\/12\/Imagem-do-WhatsApp-de-2023-12-07-as-16.13.26_64f775bc.jpg","datePublished":"2023-12-07T21:07:21+00:00","breadcrumb":{"@id":"https:\/\/regiaonews.net.br\/2022\/2023\/12\/07\/saude-realiza-testes-rapidos-para-hiv-e-outras-ists-na-acib-de-7-a-15-de-dezembro\/#breadcrumb"},"inLanguage":"pt-BR","potentialAction":[{"@type":"ReadAction","target":["https:\/\/regiaonews.net.br\/2022\/2023\/12\/07\/saude-realiza-testes-rapidos-para-hiv-e-outras-ists-na-acib-de-7-a-15-de-dezembro\/"]}]},{"@type":"ImageObject","inLanguage":"pt-BR","@id":"https:\/\/regiaonews.net.br\/2022\/2023\/12\/07\/saude-realiza-testes-rapidos-para-hiv-e-outras-ists-na-acib-de-7-a-15-de-dezembro\/#primaryimage","url":"https:\/\/regiaonews.net.br\/2022\/wp-content\/uploads\/2023\/12\/Imagem-do-WhatsApp-de-2023-12-07-as-16.13.26_64f775bc.jpg","contentUrl":"https:\/\/regiaonews.net.br\/2022\/wp-content\/uploads\/2023\/12\/Imagem-do-WhatsApp-de-2023-12-07-as-16.13.26_64f775bc.jpg","width":1600,"height":1200},{"@type":"BreadcrumbList","@id":"https:\/\/regiaonews.net.br\/2022\/2023\/12\/07\/saude-realiza-testes-rapidos-para-hiv-e-outras-ists-na-acib-de-7-a-15-de-dezembro\/#breadcrumb","itemListElement":[{"@type":"ListItem","position":1,"name":"In\u00edcio","item":"https:\/\/regiaonews.net.br\/2022\/"},{"@type":"ListItem","position":2,"name":"Sa\u00fade realiza testes r\u00e1pidos para HIV e outras ISTs na ACIB de 7 a 15 de dezembro"}]},{"@type":"WebSite","@id":"https:\/\/regiaonews.net.br\/2022\/#website","url":"https:\/\/regiaonews.net.br\/2022\/","name":"Regi\u00e3o News","description":"Site de Not\u00edcias de Barretos e regi\u00e3o","publisher":{"@id":"https:\/\/regiaonews.net.br\/2022\/#organization"},"potentialAction":[{"@type":"SearchAction","target":{"@type":"EntryPoint","urlTemplate":"https:\/\/regiaonews.net.br\/2022\/?s={search_term_string}"},"query-input":{"@type":"PropertyValueSpecification","valueRequired":true,"valueName":"search_term_string"}}],"inLanguage":"pt-BR"},{"@type":"Organization","@id":"https:\/\/regiaonews.net.br\/2022\/#organization","name":"Regi\u00e3o News","url":"https:\/\/regiaonews.net.br\/2022\/","logo":{"@type":"ImageObject","inLanguage":"pt-BR","@id":"https:\/\/regiaonews.net.br\/2022\/#\/schema\/logo\/image\/","url":"https:\/\/regiaonews.net.br\/2022\/wp-content\/uploads\/2026\/03\/regiao-13-anos-scaled.jpg","contentUrl":"https:\/\/regiaonews.net.br\/2022\/wp-content\/uploads\/2026\/03\/regiao-13-anos-scaled.jpg","width":2560,"height":635,"caption":"Regi\u00e3o News"},"image":{"@id":"https:\/\/regiaonews.net.br\/2022\/#\/schema\/logo\/image\/"}},{"@type":"Person","@id":"https:\/\/regiaonews.net.br\/2022\/#\/schema\/person\/2d205a608a5aa97ac279d7a5e6d89ad8","name":"Roberto","image":{"@type":"ImageObject","inLanguage":"pt-BR","@id":"https:\/\/secure.gravatar.com\/avatar\/42749d8b712ff9d59ca93dc150494e5b55a44134482993f5baeb97e61b7ecc89?s=96&d=mm&r=g","url":"https:\/\/secure.gravatar.com\/avatar\/42749d8b712ff9d59ca93dc150494e5b55a44134482993f5baeb97e61b7ecc89?s=96&d=mm&r=g","contentUrl":"https:\/\/secure.gravatar.com\/avatar\/42749d8b712ff9d59ca93dc150494e5b55a44134482993f5baeb97e61b7ecc89?s=96&d=mm&r=g","caption":"Roberto"},"url":"https:\/\/regiaonews.net.br\/2022\/author\/roberto\/"}]}},"publishpress_future_action":{"enabled":false,"date":"2026-05-04 11:54:02","action":"change-status","newStatus":"draft","terms":[],"taxonomy":"category","extraData":[]},"publishpress_future_workflow_manual_trigger":{"enabledWorkflows":[]},"_links":{"self":[{"href":"https:\/\/regiaonews.net.br\/2022\/wp-json\/wp\/v2\/posts\/98747","targetHints":{"allow":["GET"]}}],"collection":[{"href":"https:\/\/regiaonews.net.br\/2022\/wp-json\/wp\/v2\/posts"}],"about":[{"href":"https:\/\/regiaonews.net.br\/2022\/wp-json\/wp\/v2\/types\/post"}],"author":[{"embeddable":true,"href":"https:\/\/regiaonews.net.br\/2022\/wp-json\/wp\/v2\/users\/2"}],"replies":[{"embeddable":true,"href":"https:\/\/regiaonews.net.br\/2022\/wp-json\/wp\/v2\/comments?post=98747"}],"version-history":[{"count":1,"href":"https:\/\/regiaonews.net.br\/2022\/wp-json\/wp\/v2\/posts\/98747\/revisions"}],"predecessor-version":[{"id":98749,"href":"https:\/\/regiaonews.net.br\/2022\/wp-json\/wp\/v2\/posts\/98747\/revisions\/98749"}],"wp:featuredmedia":[{"embeddable":true,"href":"https:\/\/regiaonews.net.br\/2022\/wp-json\/wp\/v2\/media\/98748"}],"wp:attachment":[{"href":"https:\/\/regiaonews.net.br\/2022\/wp-json\/wp\/v2\/media?parent=98747"}],"wp:term":[{"taxonomy":"category","embeddable":true,"href":"https:\/\/regiaonews.net.br\/2022\/wp-json\/wp\/v2\/categories?post=98747"},{"taxonomy":"post_tag","embeddable":true,"href":"https:\/\/regiaonews.net.br\/2022\/wp-json\/wp\/v2\/tags?post=98747"}],"curies":[{"name":"wp","href":"https:\/\/api.w.org\/{rel}","templated":true}]}}