{"id":98737,"date":"2023-12-07T13:52:07","date_gmt":"2023-12-07T16:52:07","guid":{"rendered":"https:\/\/regiaonews.net.br\/2022\/?p=98737"},"modified":"2023-12-07T13:52:07","modified_gmt":"2023-12-07T16:52:07","slug":"magia-do-natal-toma-conta-do-iguatemi-sao-jose-do-rio-preto","status":"publish","type":"post","link":"https:\/\/regiaonews.net.br\/2022\/2023\/12\/07\/magia-do-natal-toma-conta-do-iguatemi-sao-jose-do-rio-preto\/","title":{"rendered":"Magia do Natal toma conta do Iguatemi S\u00e3o Jos\u00e9 do Rio Preto"},"content":{"rendered":"<h3 style=\"text-align: center;\">Decora\u00e7\u00e3o especial, atividades para toda fam\u00edlia, a\u00e7\u00e3o social, promo\u00e7\u00e3o Compre e Ganhe e o tradicional filme espalham o clima natalino no shopping, mostrando que o tempo do Natal faz o improv\u00e1vel acontecer.<\/h3>\n<p>O Natal, \u00e9poca mais m\u00e1gica do ano, j\u00e1 tomou conta do Iguatemi S\u00e3o Jos\u00e9 do Rio Preto. Desde o dia 11\/11, os clientes podem se encantar com a tradicional decora\u00e7\u00e3o natalina, visitar o Trono do Papai Noel e ainda aproveitar uma programa\u00e7\u00e3o repleta de atividades para toda a fam\u00edlia.<\/p>\n<p>Agora, para tornar este momento ainda mais especial, o Iguatemi S\u00e3o Jos\u00e9 do Rio Preto, em parceria com o Cart\u00e3o XP Visa Infinite, est\u00e1 iniciando sua promo\u00e7\u00e3o \u201cCompre e Ganhe\u201d. Do dia 8 a 24 de dezembro, clientes Iguatemi One que realizarem compras a partir de R$700, ser\u00e3o presenteados com um panetone Pati Piva 500g, com massa de fermenta\u00e7\u00e3o natural, gotas e recheio cremoso de chocolate.<\/p>\n<p>Al\u00e9m disso, os consumidores receber\u00e3o n\u00fameros da sorte para concorrer a cinco vales-compra no valor de R$10 mil cada um. Para participar das duas a\u00e7\u00f5es, basta cadastrar os cupons fiscais com CPF no aplicativo Iguatemi One ou no Posto de Troca localizado no Piso Superior, em frente \u00e0 loja Track&amp;Field. O limite \u00e9 um panetone por CPF e a troca est\u00e1 sujeita \u00e0 disponibilidade de estoque. Os clientes dos Cart\u00f5es XP Visa Infinite receber\u00e3o um panetone extra e ganhar\u00e3o n\u00fameros da sorte em dobro para concorrer ao sorteio dos vales-compra.<\/p>\n<p>\u201cEste momento \u00e9 sempre muito especial e, a cada ano, nos empenhamos para levar a magia do Natal para todos aqueles que visitam os nossos empreendimentos. Refor\u00e7ando o nosso compromisso em sempre proporcionar experi\u00eancias \u00fanicas e exclusivas, este ano temos ainda o cart\u00e3o XP Visa Infinite como nosso parceiro oficial, trazendo ainda mais benef\u00edcios e novidades nessa \u00e9poca que \u00e9 sempre t\u00e3o aguardada pelos nossos clientes\u201d, comenta Alexandre Biancamano, diretor de marketing da Iguatemi.<\/p>\n<p>Tendo a responsabilidade social como um dos pilares de atua\u00e7\u00e3o, a Iguatemi ir\u00e1, mais uma vez, incentivar a solidariedade. Este ano, as doa\u00e7\u00f5es poder\u00e3o ser realizadas por meio do site abacashi.com e todo o valor arrecadado ser\u00e1 revertido para a institui\u00e7\u00e3o Lar das Crian\u00e7as, que visa dar oportunidades de desenvolvimento para 500 crian\u00e7as e jovens, levando a magia do Natal tamb\u00e9m \u00e0queles que mais precisam. \u201cQueremos celebrar a import\u00e2ncia dos encontros e de aproveitar o momento presente com aqueles que amamos. Para refor\u00e7ar nossa mensagem em torno da magia do Natal, convido a todos a participarem dessa campanha conosco para juntos fazermos com que essa data seja m\u00e1gica para muito mais pessoas\u201d, conta Biancamano.<\/p>\n<p>Participe e fa\u00e7a sua doa\u00e7\u00e3o pelo Iguatemi One!<br \/>\nO programa de relacionamento Iguatemi One proporciona para seus participantes acesso a diversos descontos e benef\u00edcios exclusivos, por meio de servi\u00e7os e parceiros em \u00e1reas como moda, gastronomia, wellness, arte e cultura, lifestyle e experi\u00eancias. Para participar da promo\u00e7\u00e3o de Natal, basta fazer o download do aplicativo, dispon\u00edvel nos dispositivos Android e iOS, clicar no banner da campanha e cadastrar seus cupons ficais com CPF. Al\u00e9m disso, os clientes que quiserem participar da a\u00e7\u00e3o de responsabilidade social tamb\u00e9m poder\u00e3o usar o aplicativo Iguatemi One para fazerem suas doa\u00e7\u00f5es direto para a institui\u00e7\u00e3o apoiada.<\/p>\n<p>Filme de Natal refor\u00e7a que a magia da \u00e9poca \u00e9 estarmos juntos<br \/>\nOs momentos vividos dentro dos shoppings da Iguatemi v\u00e3o ser m\u00e1gicos. Seguindo o conceito \u201cSomos O Que Vivemos\u201d, presente nas \u00faltimas comunica\u00e7\u00f5es da companhia, o filme da nova campanha foi desenvolvido para mostrar como a data pode ser celebrada de forma leve e divertida, evidenciando o valor do tempo e a import\u00e2ncia da conex\u00e3o com quem amamos.<\/p>\n<p>Desenvolvido pela ag\u00eancia DAVID, o filme de 30 segundos conta a hist\u00f3ria de uma mulher, protagonizada por Malu Borges (influenciadora digital e parceira da Iguatemi) que est\u00e1 fazendo as compras de Natal. At\u00e9 que, por um descuido, deixa um de seus presentes escapar. A caixa percorre os corredores, passando por meio das cenas natalinas do shopping quando, magicamente, encontra M\u00e1rcia, m\u00e3e da protagonista, e seu marido, Jo\u00e3o, unindo a fam\u00edlia de forma inesperada em um momento emocionante. A pe\u00e7a \u00e9 assinada com a frase &#8220;A Magia do Natal \u00e9 Estarmos Juntos&#8221;, refor\u00e7ando o encanto do tempo vivido em fam\u00edlia.<\/p>\n<p>A campanha ainda conta com mais dois filmetes que resgatam as hist\u00f3rias retratadas nas campanhas de Dia dos Namorados e do Dia dos Pais, conectando os personagens que viveram estes momentos ao Natal. A veicula\u00e7\u00e3o ocorrer\u00e1 nas principais plataformas de TV, portais e OOH, al\u00e9m de permear a presen\u00e7a digital e f\u00edsica dos 14 shoppings e dois outlets da rede Iguatemi e tamb\u00e9m do e-commerce Iguatemi 365. Link da campanha no YT: https:\/\/www.youtube.com\/watch?v=_6Lzm2BBMFU<\/p>\n<p>Confira aqui na \u00edntegra: @iguatemisaojosedoriopreto<\/p>\n<p>Servi\u00e7o | Iguatemi S\u00e3o Jos\u00e9 do Rio Preto:<br \/>\nTrono do Papai Noel:<br \/>\nLocal: Piso Superior, pr\u00f3ximo \u00e0 Centauro<br \/>\nData: de 11\/11 a 24\/12<br \/>\nHor\u00e1rio: de 11\/11 a 30\/11, das 14h \u00e0s 20h. De 1\/12 a 15\/12, das 12h \u00e0s 20h. De 16\/12 a 23\/12, das 10h \u00e0s 22h. E no dia 24\/12, das 10h \u00e0s 18h<\/p>\n<p>Trenzinho gratuito:<br \/>\nLocal: Pra\u00e7a de Eventos, Piso T\u00e9rreo<br \/>\nData: de 11\/11 a 02\/01<br \/>\nHor\u00e1rio: de segunda a sexta, das 10h \u00e0s 22h. Domingos e feriados, das 14h \u00e0s 20h. De 24\/12 a 31\/12, das 10h \u00e0s 18h. Dias 25\/12 e 01\/01, fechado.<\/p>\n<p>Oficina de Natal:<br \/>\nLocal: Pra\u00e7a de Eventos, Piso T\u00e9rreo<br \/>\nData: de 11\/11 a 24\/12<br \/>\nHor\u00e1rio: de 11\/11 a 30\/11, das 14h \u00e0s 20h. De 1\/12 a 15\/12, das 12h \u00e0s 20h. De 16\/12 a 23\/12, das 10h \u00e0s 22h. E no dia 24\/12, das 10h \u00e0s 18h<\/p>\n<p>Posto de Trocas \u2018Compre e Ganhe\u2019:<br \/>\nLocal: Piso Superior, em frente \u00e0 Track&amp;Field<br \/>\nData: de 08 a 24\/12<br \/>\nHor\u00e1rios: de segunda a s\u00e1bado, das 10h \u00e0s 22h e aos domingos e feriados, das 14h \u00e0s 20h<\/p>\n<p>Sobre o Iguatemi S\u00e3o Jos\u00e9 do Rio Preto<br \/>\nConsiderado o primeiro e maior complexo multiuso do Noroeste Paulista, o Iguatemi S\u00e3o Jos\u00e9 do Rio Preto pertence \u00e0 Iguatemi S.A, carrega a excel\u00eancia e pioneirismo da marca em seu DNA. O empreendimento re\u00fane moda, arte, cultura, gastronomia, entretenimento, lazer, servi\u00e7os exclusivos, e conta com o hotel Hyatt Place, uma torre comercial (Iguatemi Business) e o residencial Integrado. Com um ambiente agrad\u00e1vel e aconchegante, pensado para proporcionar experi\u00eancias \u00fanicas e exclusivas, o Iguatemi S\u00e3o Jos\u00e9 do Rio Preto oferece um mix diversificado com marcas conceituadas do varejo nacional e internacional, entretenimento exclusivo e restaurantes renomados que o consolidaram como o principal polo gastron\u00f4mico da regi\u00e3o. Mais informa\u00e7\u00f5es: https:\/\/iguatemi.com.br\/saojosedoriopreto\/.<\/p>\n<p>Sobre a Iguatemi<br \/>\nA Iguatemi S.A. \u00e9 uma das maiores empresas full service no setor de shopping centers do Brasil. Suas atividades englobam a concep\u00e7\u00e3o, o planejamento, o desenvolvimento e a administra\u00e7\u00e3o de shopping centers regionais, outlets e complexos imobili\u00e1rios de uso misto com torres comerciais. A Iguatemi det\u00e9m participa\u00e7\u00e3o em 14 shopping centers, 2 Premium Outlets e quatro torres comerciais que juntos totalizam 727 mil m\u00b2 de ABL total, sendo a sua ABL pr\u00f3pria correspondente a 490 mil m\u00b2, al\u00e9m do seu marketplace, o Iguatemi 365, opera\u00e7\u00e3o que nasceu conectada ao espa\u00e7o f\u00edsico para a entrega de uma experi\u00eancia multicanal. A Companhia participa da administra\u00e7\u00e3o de todos os seus shoppings centers, de seus premium outlets e das suas torres comerciais. As a\u00e7\u00f5es da Iguatemi est\u00e3o listadas na B3 [IGTI11] e fazem parte do \u00edndice Ibovespa.<\/p>\n<p>Sobre o Lar das Crian\u00e7as<br \/>\nInstitui\u00e7\u00e3o sem fins lucrativos, que visa dar oportunidades de desenvolvimento para 500 crian\u00e7as e jovens dos quatro anos at\u00e9 seu encaminhamento profissional, oriundos de fam\u00edlias em vulnerabilidade social, no contraturno escolar, preparando-os para realiza\u00e7\u00e3o de seu projeto de vida pessoal.<\/p>\n<p>FSB Comunica\u00e7\u00e3o | PH Ideias<\/p>\n","protected":false},"excerpt":{"rendered":"<p>Decora\u00e7\u00e3o especial, atividades para toda fam\u00edlia, a\u00e7\u00e3o social, promo\u00e7\u00e3o Compre<\/p>\n","protected":false},"author":2,"featured_media":98738,"comment_status":"open","ping_status":"open","sticky":false,"template":"","format":"standard","meta":{"footnotes":""},"categories":[3,38],"tags":[],"class_list":["post-98737","post","type-post","status-publish","format-standard","has-post-thumbnail","hentry","category-geral","category-sao-jose-do-rio-preto"],"yoast_head":"<!-- This site is optimized with the Yoast SEO plugin v27.4 - https:\/\/yoast.com\/product\/yoast-seo-wordpress\/ -->\n<title>Magia do Natal toma conta do Iguatemi S\u00e3o Jos\u00e9 do Rio Preto - Regi\u00e3o News<\/title>\n<meta name=\"robots\" content=\"index, follow, max-snippet:-1, max-image-preview:large, max-video-preview:-1\" \/>\n<link rel=\"canonical\" href=\"https:\/\/regiaonews.net.br\/2022\/2023\/12\/07\/magia-do-natal-toma-conta-do-iguatemi-sao-jose-do-rio-preto\/\" \/>\n<meta property=\"og:locale\" content=\"pt_BR\" \/>\n<meta property=\"og:type\" content=\"article\" \/>\n<meta property=\"og:title\" content=\"Magia do Natal toma conta do Iguatemi S\u00e3o Jos\u00e9 do Rio Preto - Regi\u00e3o News\" \/>\n<meta property=\"og:description\" content=\"Decora\u00e7\u00e3o especial, atividades para toda fam\u00edlia, a\u00e7\u00e3o social, promo\u00e7\u00e3o Compre\" \/>\n<meta property=\"og:url\" content=\"https:\/\/regiaonews.net.br\/2022\/2023\/12\/07\/magia-do-natal-toma-conta-do-iguatemi-sao-jose-do-rio-preto\/\" \/>\n<meta property=\"og:site_name\" content=\"Regi\u00e3o News\" \/>\n<meta property=\"article:published_time\" content=\"2023-12-07T16:52:07+00:00\" \/>\n<meta property=\"og:image\" content=\"https:\/\/regiaonews.net.br\/2022\/wp-content\/uploads\/2023\/12\/Imagem-do-WhatsApp-de-2023-12-07-as-12.48.00_e88bb774.jpg\" \/>\n\t<meta property=\"og:image:width\" content=\"1248\" \/>\n\t<meta property=\"og:image:height\" content=\"832\" \/>\n\t<meta property=\"og:image:type\" content=\"image\/jpeg\" \/>\n<meta name=\"author\" content=\"Roberto\" \/>\n<meta name=\"twitter:card\" content=\"summary_large_image\" \/>\n<meta name=\"twitter:label1\" content=\"Escrito por\" \/>\n\t<meta name=\"twitter:data1\" content=\"Roberto\" \/>\n\t<meta name=\"twitter:label2\" content=\"Est. tempo de leitura\" \/>\n\t<meta name=\"twitter:data2\" content=\"7 minutos\" \/>\n<script type=\"application\/ld+json\" class=\"yoast-schema-graph\">{\"@context\":\"https:\\\/\\\/schema.org\",\"@graph\":[{\"@type\":\"Article\",\"@id\":\"https:\\\/\\\/regiaonews.net.br\\\/2022\\\/2023\\\/12\\\/07\\\/magia-do-natal-toma-conta-do-iguatemi-sao-jose-do-rio-preto\\\/#article\",\"isPartOf\":{\"@id\":\"https:\\\/\\\/regiaonews.net.br\\\/2022\\\/2023\\\/12\\\/07\\\/magia-do-natal-toma-conta-do-iguatemi-sao-jose-do-rio-preto\\\/\"},\"author\":{\"name\":\"Roberto\",\"@id\":\"https:\\\/\\\/regiaonews.net.br\\\/2022\\\/#\\\/schema\\\/person\\\/2d205a608a5aa97ac279d7a5e6d89ad8\"},\"headline\":\"Magia do Natal toma conta do Iguatemi S\u00e3o Jos\u00e9 do Rio Preto\",\"datePublished\":\"2023-12-07T16:52:07+00:00\",\"mainEntityOfPage\":{\"@id\":\"https:\\\/\\\/regiaonews.net.br\\\/2022\\\/2023\\\/12\\\/07\\\/magia-do-natal-toma-conta-do-iguatemi-sao-jose-do-rio-preto\\\/\"},\"wordCount\":1348,\"commentCount\":0,\"publisher\":{\"@id\":\"https:\\\/\\\/regiaonews.net.br\\\/2022\\\/#organization\"},\"image\":{\"@id\":\"https:\\\/\\\/regiaonews.net.br\\\/2022\\\/2023\\\/12\\\/07\\\/magia-do-natal-toma-conta-do-iguatemi-sao-jose-do-rio-preto\\\/#primaryimage\"},\"thumbnailUrl\":\"https:\\\/\\\/regiaonews.net.br\\\/2022\\\/wp-content\\\/uploads\\\/2023\\\/12\\\/Imagem-do-WhatsApp-de-2023-12-07-as-12.48.00_e88bb774.jpg\",\"articleSection\":[\"Geral\",\"S\u00e3o Jos\u00e9 do RIo Preto\"],\"inLanguage\":\"pt-BR\",\"potentialAction\":[{\"@type\":\"CommentAction\",\"name\":\"Comment\",\"target\":[\"https:\\\/\\\/regiaonews.net.br\\\/2022\\\/2023\\\/12\\\/07\\\/magia-do-natal-toma-conta-do-iguatemi-sao-jose-do-rio-preto\\\/#respond\"]}]},{\"@type\":\"WebPage\",\"@id\":\"https:\\\/\\\/regiaonews.net.br\\\/2022\\\/2023\\\/12\\\/07\\\/magia-do-natal-toma-conta-do-iguatemi-sao-jose-do-rio-preto\\\/\",\"url\":\"https:\\\/\\\/regiaonews.net.br\\\/2022\\\/2023\\\/12\\\/07\\\/magia-do-natal-toma-conta-do-iguatemi-sao-jose-do-rio-preto\\\/\",\"name\":\"Magia do Natal toma conta do Iguatemi S\u00e3o Jos\u00e9 do Rio Preto - Regi\u00e3o News\",\"isPartOf\":{\"@id\":\"https:\\\/\\\/regiaonews.net.br\\\/2022\\\/#website\"},\"primaryImageOfPage\":{\"@id\":\"https:\\\/\\\/regiaonews.net.br\\\/2022\\\/2023\\\/12\\\/07\\\/magia-do-natal-toma-conta-do-iguatemi-sao-jose-do-rio-preto\\\/#primaryimage\"},\"image\":{\"@id\":\"https:\\\/\\\/regiaonews.net.br\\\/2022\\\/2023\\\/12\\\/07\\\/magia-do-natal-toma-conta-do-iguatemi-sao-jose-do-rio-preto\\\/#primaryimage\"},\"thumbnailUrl\":\"https:\\\/\\\/regiaonews.net.br\\\/2022\\\/wp-content\\\/uploads\\\/2023\\\/12\\\/Imagem-do-WhatsApp-de-2023-12-07-as-12.48.00_e88bb774.jpg\",\"datePublished\":\"2023-12-07T16:52:07+00:00\",\"breadcrumb\":{\"@id\":\"https:\\\/\\\/regiaonews.net.br\\\/2022\\\/2023\\\/12\\\/07\\\/magia-do-natal-toma-conta-do-iguatemi-sao-jose-do-rio-preto\\\/#breadcrumb\"},\"inLanguage\":\"pt-BR\",\"potentialAction\":[{\"@type\":\"ReadAction\",\"target\":[\"https:\\\/\\\/regiaonews.net.br\\\/2022\\\/2023\\\/12\\\/07\\\/magia-do-natal-toma-conta-do-iguatemi-sao-jose-do-rio-preto\\\/\"]}]},{\"@type\":\"ImageObject\",\"inLanguage\":\"pt-BR\",\"@id\":\"https:\\\/\\\/regiaonews.net.br\\\/2022\\\/2023\\\/12\\\/07\\\/magia-do-natal-toma-conta-do-iguatemi-sao-jose-do-rio-preto\\\/#primaryimage\",\"url\":\"https:\\\/\\\/regiaonews.net.br\\\/2022\\\/wp-content\\\/uploads\\\/2023\\\/12\\\/Imagem-do-WhatsApp-de-2023-12-07-as-12.48.00_e88bb774.jpg\",\"contentUrl\":\"https:\\\/\\\/regiaonews.net.br\\\/2022\\\/wp-content\\\/uploads\\\/2023\\\/12\\\/Imagem-do-WhatsApp-de-2023-12-07-as-12.48.00_e88bb774.jpg\",\"width\":1248,\"height\":832},{\"@type\":\"BreadcrumbList\",\"@id\":\"https:\\\/\\\/regiaonews.net.br\\\/2022\\\/2023\\\/12\\\/07\\\/magia-do-natal-toma-conta-do-iguatemi-sao-jose-do-rio-preto\\\/#breadcrumb\",\"itemListElement\":[{\"@type\":\"ListItem\",\"position\":1,\"name\":\"In\u00edcio\",\"item\":\"https:\\\/\\\/regiaonews.net.br\\\/2022\\\/\"},{\"@type\":\"ListItem\",\"position\":2,\"name\":\"Magia do Natal toma conta do Iguatemi S\u00e3o Jos\u00e9 do Rio Preto\"}]},{\"@type\":\"WebSite\",\"@id\":\"https:\\\/\\\/regiaonews.net.br\\\/2022\\\/#website\",\"url\":\"https:\\\/\\\/regiaonews.net.br\\\/2022\\\/\",\"name\":\"Regi\u00e3o News\",\"description\":\"Site de Not\u00edcias de Barretos e regi\u00e3o\",\"publisher\":{\"@id\":\"https:\\\/\\\/regiaonews.net.br\\\/2022\\\/#organization\"},\"potentialAction\":[{\"@type\":\"SearchAction\",\"target\":{\"@type\":\"EntryPoint\",\"urlTemplate\":\"https:\\\/\\\/regiaonews.net.br\\\/2022\\\/?s={search_term_string}\"},\"query-input\":{\"@type\":\"PropertyValueSpecification\",\"valueRequired\":true,\"valueName\":\"search_term_string\"}}],\"inLanguage\":\"pt-BR\"},{\"@type\":\"Organization\",\"@id\":\"https:\\\/\\\/regiaonews.net.br\\\/2022\\\/#organization\",\"name\":\"Regi\u00e3o News\",\"url\":\"https:\\\/\\\/regiaonews.net.br\\\/2022\\\/\",\"logo\":{\"@type\":\"ImageObject\",\"inLanguage\":\"pt-BR\",\"@id\":\"https:\\\/\\\/regiaonews.net.br\\\/2022\\\/#\\\/schema\\\/logo\\\/image\\\/\",\"url\":\"https:\\\/\\\/regiaonews.net.br\\\/2022\\\/wp-content\\\/uploads\\\/2026\\\/03\\\/regiao-13-anos-scaled.jpg\",\"contentUrl\":\"https:\\\/\\\/regiaonews.net.br\\\/2022\\\/wp-content\\\/uploads\\\/2026\\\/03\\\/regiao-13-anos-scaled.jpg\",\"width\":2560,\"height\":635,\"caption\":\"Regi\u00e3o News\"},\"image\":{\"@id\":\"https:\\\/\\\/regiaonews.net.br\\\/2022\\\/#\\\/schema\\\/logo\\\/image\\\/\"}},{\"@type\":\"Person\",\"@id\":\"https:\\\/\\\/regiaonews.net.br\\\/2022\\\/#\\\/schema\\\/person\\\/2d205a608a5aa97ac279d7a5e6d89ad8\",\"name\":\"Roberto\",\"image\":{\"@type\":\"ImageObject\",\"inLanguage\":\"pt-BR\",\"@id\":\"https:\\\/\\\/secure.gravatar.com\\\/avatar\\\/42749d8b712ff9d59ca93dc150494e5b55a44134482993f5baeb97e61b7ecc89?s=96&d=mm&r=g\",\"url\":\"https:\\\/\\\/secure.gravatar.com\\\/avatar\\\/42749d8b712ff9d59ca93dc150494e5b55a44134482993f5baeb97e61b7ecc89?s=96&d=mm&r=g\",\"contentUrl\":\"https:\\\/\\\/secure.gravatar.com\\\/avatar\\\/42749d8b712ff9d59ca93dc150494e5b55a44134482993f5baeb97e61b7ecc89?s=96&d=mm&r=g\",\"caption\":\"Roberto\"},\"url\":\"https:\\\/\\\/regiaonews.net.br\\\/2022\\\/author\\\/roberto\\\/\"}]}<\/script>\n<!-- \/ Yoast SEO plugin. -->","yoast_head_json":{"title":"Magia do Natal toma conta do Iguatemi S\u00e3o Jos\u00e9 do Rio Preto - Regi\u00e3o News","robots":{"index":"index","follow":"follow","max-snippet":"max-snippet:-1","max-image-preview":"max-image-preview:large","max-video-preview":"max-video-preview:-1"},"canonical":"https:\/\/regiaonews.net.br\/2022\/2023\/12\/07\/magia-do-natal-toma-conta-do-iguatemi-sao-jose-do-rio-preto\/","og_locale":"pt_BR","og_type":"article","og_title":"Magia do Natal toma conta do Iguatemi S\u00e3o Jos\u00e9 do Rio Preto - Regi\u00e3o News","og_description":"Decora\u00e7\u00e3o especial, atividades para toda fam\u00edlia, a\u00e7\u00e3o social, promo\u00e7\u00e3o Compre","og_url":"https:\/\/regiaonews.net.br\/2022\/2023\/12\/07\/magia-do-natal-toma-conta-do-iguatemi-sao-jose-do-rio-preto\/","og_site_name":"Regi\u00e3o News","article_published_time":"2023-12-07T16:52:07+00:00","og_image":[{"width":1248,"height":832,"url":"https:\/\/regiaonews.net.br\/2022\/wp-content\/uploads\/2023\/12\/Imagem-do-WhatsApp-de-2023-12-07-as-12.48.00_e88bb774.jpg","type":"image\/jpeg"}],"author":"Roberto","twitter_card":"summary_large_image","twitter_misc":{"Escrito por":"Roberto","Est. tempo de leitura":"7 minutos"},"schema":{"@context":"https:\/\/schema.org","@graph":[{"@type":"Article","@id":"https:\/\/regiaonews.net.br\/2022\/2023\/12\/07\/magia-do-natal-toma-conta-do-iguatemi-sao-jose-do-rio-preto\/#article","isPartOf":{"@id":"https:\/\/regiaonews.net.br\/2022\/2023\/12\/07\/magia-do-natal-toma-conta-do-iguatemi-sao-jose-do-rio-preto\/"},"author":{"name":"Roberto","@id":"https:\/\/regiaonews.net.br\/2022\/#\/schema\/person\/2d205a608a5aa97ac279d7a5e6d89ad8"},"headline":"Magia do Natal toma conta do Iguatemi S\u00e3o Jos\u00e9 do Rio Preto","datePublished":"2023-12-07T16:52:07+00:00","mainEntityOfPage":{"@id":"https:\/\/regiaonews.net.br\/2022\/2023\/12\/07\/magia-do-natal-toma-conta-do-iguatemi-sao-jose-do-rio-preto\/"},"wordCount":1348,"commentCount":0,"publisher":{"@id":"https:\/\/regiaonews.net.br\/2022\/#organization"},"image":{"@id":"https:\/\/regiaonews.net.br\/2022\/2023\/12\/07\/magia-do-natal-toma-conta-do-iguatemi-sao-jose-do-rio-preto\/#primaryimage"},"thumbnailUrl":"https:\/\/regiaonews.net.br\/2022\/wp-content\/uploads\/2023\/12\/Imagem-do-WhatsApp-de-2023-12-07-as-12.48.00_e88bb774.jpg","articleSection":["Geral","S\u00e3o Jos\u00e9 do RIo Preto"],"inLanguage":"pt-BR","potentialAction":[{"@type":"CommentAction","name":"Comment","target":["https:\/\/regiaonews.net.br\/2022\/2023\/12\/07\/magia-do-natal-toma-conta-do-iguatemi-sao-jose-do-rio-preto\/#respond"]}]},{"@type":"WebPage","@id":"https:\/\/regiaonews.net.br\/2022\/2023\/12\/07\/magia-do-natal-toma-conta-do-iguatemi-sao-jose-do-rio-preto\/","url":"https:\/\/regiaonews.net.br\/2022\/2023\/12\/07\/magia-do-natal-toma-conta-do-iguatemi-sao-jose-do-rio-preto\/","name":"Magia do Natal toma conta do Iguatemi S\u00e3o Jos\u00e9 do Rio Preto - Regi\u00e3o News","isPartOf":{"@id":"https:\/\/regiaonews.net.br\/2022\/#website"},"primaryImageOfPage":{"@id":"https:\/\/regiaonews.net.br\/2022\/2023\/12\/07\/magia-do-natal-toma-conta-do-iguatemi-sao-jose-do-rio-preto\/#primaryimage"},"image":{"@id":"https:\/\/regiaonews.net.br\/2022\/2023\/12\/07\/magia-do-natal-toma-conta-do-iguatemi-sao-jose-do-rio-preto\/#primaryimage"},"thumbnailUrl":"https:\/\/regiaonews.net.br\/2022\/wp-content\/uploads\/2023\/12\/Imagem-do-WhatsApp-de-2023-12-07-as-12.48.00_e88bb774.jpg","datePublished":"2023-12-07T16:52:07+00:00","breadcrumb":{"@id":"https:\/\/regiaonews.net.br\/2022\/2023\/12\/07\/magia-do-natal-toma-conta-do-iguatemi-sao-jose-do-rio-preto\/#breadcrumb"},"inLanguage":"pt-BR","potentialAction":[{"@type":"ReadAction","target":["https:\/\/regiaonews.net.br\/2022\/2023\/12\/07\/magia-do-natal-toma-conta-do-iguatemi-sao-jose-do-rio-preto\/"]}]},{"@type":"ImageObject","inLanguage":"pt-BR","@id":"https:\/\/regiaonews.net.br\/2022\/2023\/12\/07\/magia-do-natal-toma-conta-do-iguatemi-sao-jose-do-rio-preto\/#primaryimage","url":"https:\/\/regiaonews.net.br\/2022\/wp-content\/uploads\/2023\/12\/Imagem-do-WhatsApp-de-2023-12-07-as-12.48.00_e88bb774.jpg","contentUrl":"https:\/\/regiaonews.net.br\/2022\/wp-content\/uploads\/2023\/12\/Imagem-do-WhatsApp-de-2023-12-07-as-12.48.00_e88bb774.jpg","width":1248,"height":832},{"@type":"BreadcrumbList","@id":"https:\/\/regiaonews.net.br\/2022\/2023\/12\/07\/magia-do-natal-toma-conta-do-iguatemi-sao-jose-do-rio-preto\/#breadcrumb","itemListElement":[{"@type":"ListItem","position":1,"name":"In\u00edcio","item":"https:\/\/regiaonews.net.br\/2022\/"},{"@type":"ListItem","position":2,"name":"Magia do Natal toma conta do Iguatemi S\u00e3o Jos\u00e9 do Rio Preto"}]},{"@type":"WebSite","@id":"https:\/\/regiaonews.net.br\/2022\/#website","url":"https:\/\/regiaonews.net.br\/2022\/","name":"Regi\u00e3o News","description":"Site de Not\u00edcias de Barretos e regi\u00e3o","publisher":{"@id":"https:\/\/regiaonews.net.br\/2022\/#organization"},"potentialAction":[{"@type":"SearchAction","target":{"@type":"EntryPoint","urlTemplate":"https:\/\/regiaonews.net.br\/2022\/?s={search_term_string}"},"query-input":{"@type":"PropertyValueSpecification","valueRequired":true,"valueName":"search_term_string"}}],"inLanguage":"pt-BR"},{"@type":"Organization","@id":"https:\/\/regiaonews.net.br\/2022\/#organization","name":"Regi\u00e3o News","url":"https:\/\/regiaonews.net.br\/2022\/","logo":{"@type":"ImageObject","inLanguage":"pt-BR","@id":"https:\/\/regiaonews.net.br\/2022\/#\/schema\/logo\/image\/","url":"https:\/\/regiaonews.net.br\/2022\/wp-content\/uploads\/2026\/03\/regiao-13-anos-scaled.jpg","contentUrl":"https:\/\/regiaonews.net.br\/2022\/wp-content\/uploads\/2026\/03\/regiao-13-anos-scaled.jpg","width":2560,"height":635,"caption":"Regi\u00e3o News"},"image":{"@id":"https:\/\/regiaonews.net.br\/2022\/#\/schema\/logo\/image\/"}},{"@type":"Person","@id":"https:\/\/regiaonews.net.br\/2022\/#\/schema\/person\/2d205a608a5aa97ac279d7a5e6d89ad8","name":"Roberto","image":{"@type":"ImageObject","inLanguage":"pt-BR","@id":"https:\/\/secure.gravatar.com\/avatar\/42749d8b712ff9d59ca93dc150494e5b55a44134482993f5baeb97e61b7ecc89?s=96&d=mm&r=g","url":"https:\/\/secure.gravatar.com\/avatar\/42749d8b712ff9d59ca93dc150494e5b55a44134482993f5baeb97e61b7ecc89?s=96&d=mm&r=g","contentUrl":"https:\/\/secure.gravatar.com\/avatar\/42749d8b712ff9d59ca93dc150494e5b55a44134482993f5baeb97e61b7ecc89?s=96&d=mm&r=g","caption":"Roberto"},"url":"https:\/\/regiaonews.net.br\/2022\/author\/roberto\/"}]}},"publishpress_future_action":{"enabled":false,"date":"2026-05-04 16:37:15","action":"change-status","newStatus":"draft","terms":[],"taxonomy":"category","extraData":[]},"publishpress_future_workflow_manual_trigger":{"enabledWorkflows":[]},"_links":{"self":[{"href":"https:\/\/regiaonews.net.br\/2022\/wp-json\/wp\/v2\/posts\/98737","targetHints":{"allow":["GET"]}}],"collection":[{"href":"https:\/\/regiaonews.net.br\/2022\/wp-json\/wp\/v2\/posts"}],"about":[{"href":"https:\/\/regiaonews.net.br\/2022\/wp-json\/wp\/v2\/types\/post"}],"author":[{"embeddable":true,"href":"https:\/\/regiaonews.net.br\/2022\/wp-json\/wp\/v2\/users\/2"}],"replies":[{"embeddable":true,"href":"https:\/\/regiaonews.net.br\/2022\/wp-json\/wp\/v2\/comments?post=98737"}],"version-history":[{"count":1,"href":"https:\/\/regiaonews.net.br\/2022\/wp-json\/wp\/v2\/posts\/98737\/revisions"}],"predecessor-version":[{"id":98739,"href":"https:\/\/regiaonews.net.br\/2022\/wp-json\/wp\/v2\/posts\/98737\/revisions\/98739"}],"wp:featuredmedia":[{"embeddable":true,"href":"https:\/\/regiaonews.net.br\/2022\/wp-json\/wp\/v2\/media\/98738"}],"wp:attachment":[{"href":"https:\/\/regiaonews.net.br\/2022\/wp-json\/wp\/v2\/media?parent=98737"}],"wp:term":[{"taxonomy":"category","embeddable":true,"href":"https:\/\/regiaonews.net.br\/2022\/wp-json\/wp\/v2\/categories?post=98737"},{"taxonomy":"post_tag","embeddable":true,"href":"https:\/\/regiaonews.net.br\/2022\/wp-json\/wp\/v2\/tags?post=98737"}],"curies":[{"name":"wp","href":"https:\/\/api.w.org\/{rel}","templated":true}]}}