{"id":98733,"date":"2023-12-07T11:42:54","date_gmt":"2023-12-07T14:42:54","guid":{"rendered":"https:\/\/regiaonews.net.br\/2022\/?p=98733"},"modified":"2023-12-07T11:42:54","modified_gmt":"2023-12-07T14:42:54","slug":"bec-da-inicio-a-pre-temporada-com-apresentacao-de-jogadores-e-comissao-tecnica","status":"publish","type":"post","link":"https:\/\/regiaonews.net.br\/2022\/2023\/12\/07\/bec-da-inicio-a-pre-temporada-com-apresentacao-de-jogadores-e-comissao-tecnica\/","title":{"rendered":"BEC d\u00e1 in\u00edcio a pr\u00e9-temporada com apresenta\u00e7\u00e3o de jogadores e comiss\u00e3o t\u00e9cnica"},"content":{"rendered":"<p>A diretoria do Barretos Esporte Clube realizou na tarde desta quarta (6), a apresenta\u00e7\u00e3o da comiss\u00e3o t\u00e9cnica e parte do elenco que ir\u00e1 disputar a temporada 2024 do Campeonato Paulista da S\u00e9rie A-4. Com a presen\u00e7a do presidente eleito, Jailton Rodrigues e o presidente ainda em exerc\u00edcio, J\u00falio Samara e diretores da nova diretoria ocorreu a apresenta\u00e7\u00e3o.<br \/>\nO vice-presidente e diretor de futebol, Jos\u00e9 Reinado Borges, falou sobre o clube que tem 63 anos de hist\u00f3ria e da torcida que apoia muito a equipe. Em seguida apresentou o treinador Gustavo Marciano, o fisioterapeuta Matheus Scatena e o massagista Hitalo Pereira C\u00e2mara. \u201cHoje conseguimos apresentar metade do elenco j\u00e1 contratado e a comiss\u00e3o t\u00e9cnica para a diretoria e imprensa barretense. Agora ser\u00e3o avaliados pelo Departamento M\u00e9dico e j\u00e1 come\u00e7am a trabalhar a parte f\u00edsica\u201d, explicou Jos\u00e9 Reinaldo.<br \/>\nDas contrata\u00e7\u00f5es, a equipe pode contar com cinco pe\u00e7as com idade acima de 23 anos, e j\u00e1 foram um goleiro, um volante e um atacante. \u201cEstamos em negocia\u00e7\u00e3o com mais um zagueiro, um meia ou atacante\u201d, explicou Jos\u00e9 Reinaldo, que confirmou que outros nomes ir\u00e3o chegar at\u00e9 o pr\u00f3ximo domingo.<br \/>\nO treinador Gustavo Marciano afirmou que a expectativa \u00e9 das melhores para a temperada do clube na S\u00e9rie A-4 de 2024. \u201cPassei para os atletas que vai ser uma competi\u00e7\u00e3o muito dif\u00edcil, com equipes com investimento muito alto na competi\u00e7\u00e3o, e a margem de erro \u00e9 pequena nessas contrata\u00e7\u00f5es, para quanto menos a gente errar \u00e9 melhor nessa competi\u00e7\u00e3o\u201d, afirmou o treinador que tem passagens pela equipe\u00a0do\u00a0Comercial.<\/p>\n<p>Foto \u2013 J\u00e2nio Munhoz<\/p>\n","protected":false},"excerpt":{"rendered":"<p>A diretoria do Barretos Esporte Clube realizou na tarde desta<\/p>\n","protected":false},"author":2,"featured_media":98734,"comment_status":"open","ping_status":"open","sticky":false,"template":"","format":"standard","meta":{"footnotes":""},"categories":[14,21],"tags":[],"class_list":["post-98733","post","type-post","status-publish","format-standard","has-post-thumbnail","hentry","category-barretos","category-esporte"],"yoast_head":"<!-- This site is optimized with the Yoast SEO plugin v27.4 - https:\/\/yoast.com\/product\/yoast-seo-wordpress\/ -->\n<title>BEC d\u00e1 in\u00edcio a pr\u00e9-temporada com apresenta\u00e7\u00e3o de jogadores e comiss\u00e3o t\u00e9cnica - Regi\u00e3o News<\/title>\n<meta name=\"robots\" content=\"index, follow, max-snippet:-1, max-image-preview:large, max-video-preview:-1\" \/>\n<link rel=\"canonical\" href=\"https:\/\/regiaonews.net.br\/2022\/2023\/12\/07\/bec-da-inicio-a-pre-temporada-com-apresentacao-de-jogadores-e-comissao-tecnica\/\" \/>\n<meta property=\"og:locale\" content=\"pt_BR\" \/>\n<meta property=\"og:type\" content=\"article\" \/>\n<meta property=\"og:title\" content=\"BEC d\u00e1 in\u00edcio a pr\u00e9-temporada com apresenta\u00e7\u00e3o de jogadores e comiss\u00e3o t\u00e9cnica - Regi\u00e3o News\" \/>\n<meta property=\"og:description\" content=\"A diretoria do Barretos Esporte Clube realizou na tarde desta\" \/>\n<meta property=\"og:url\" content=\"https:\/\/regiaonews.net.br\/2022\/2023\/12\/07\/bec-da-inicio-a-pre-temporada-com-apresentacao-de-jogadores-e-comissao-tecnica\/\" \/>\n<meta property=\"og:site_name\" content=\"Regi\u00e3o News\" \/>\n<meta property=\"article:published_time\" content=\"2023-12-07T14:42:54+00:00\" \/>\n<meta property=\"og:image\" content=\"https:\/\/regiaonews.net.br\/2022\/wp-content\/uploads\/2023\/12\/Imagem-do-WhatsApp-de-2023-12-07-as-11.34.57_123af9b1.jpg\" \/>\n\t<meta property=\"og:image:width\" content=\"1600\" \/>\n\t<meta property=\"og:image:height\" content=\"1066\" \/>\n\t<meta property=\"og:image:type\" content=\"image\/jpeg\" \/>\n<meta name=\"author\" content=\"Roberto\" \/>\n<meta name=\"twitter:card\" content=\"summary_large_image\" \/>\n<meta name=\"twitter:label1\" content=\"Escrito por\" \/>\n\t<meta name=\"twitter:data1\" content=\"Roberto\" \/>\n\t<meta name=\"twitter:label2\" content=\"Est. tempo de leitura\" \/>\n\t<meta name=\"twitter:data2\" content=\"2 minutos\" \/>\n<script type=\"application\/ld+json\" class=\"yoast-schema-graph\">{\"@context\":\"https:\\\/\\\/schema.org\",\"@graph\":[{\"@type\":\"Article\",\"@id\":\"https:\\\/\\\/regiaonews.net.br\\\/2022\\\/2023\\\/12\\\/07\\\/bec-da-inicio-a-pre-temporada-com-apresentacao-de-jogadores-e-comissao-tecnica\\\/#article\",\"isPartOf\":{\"@id\":\"https:\\\/\\\/regiaonews.net.br\\\/2022\\\/2023\\\/12\\\/07\\\/bec-da-inicio-a-pre-temporada-com-apresentacao-de-jogadores-e-comissao-tecnica\\\/\"},\"author\":{\"name\":\"Roberto\",\"@id\":\"https:\\\/\\\/regiaonews.net.br\\\/2022\\\/#\\\/schema\\\/person\\\/2d205a608a5aa97ac279d7a5e6d89ad8\"},\"headline\":\"BEC d\u00e1 in\u00edcio a pr\u00e9-temporada com apresenta\u00e7\u00e3o de jogadores e comiss\u00e3o t\u00e9cnica\",\"datePublished\":\"2023-12-07T14:42:54+00:00\",\"mainEntityOfPage\":{\"@id\":\"https:\\\/\\\/regiaonews.net.br\\\/2022\\\/2023\\\/12\\\/07\\\/bec-da-inicio-a-pre-temporada-com-apresentacao-de-jogadores-e-comissao-tecnica\\\/\"},\"wordCount\":295,\"commentCount\":0,\"publisher\":{\"@id\":\"https:\\\/\\\/regiaonews.net.br\\\/2022\\\/#organization\"},\"image\":{\"@id\":\"https:\\\/\\\/regiaonews.net.br\\\/2022\\\/2023\\\/12\\\/07\\\/bec-da-inicio-a-pre-temporada-com-apresentacao-de-jogadores-e-comissao-tecnica\\\/#primaryimage\"},\"thumbnailUrl\":\"https:\\\/\\\/regiaonews.net.br\\\/2022\\\/wp-content\\\/uploads\\\/2023\\\/12\\\/Imagem-do-WhatsApp-de-2023-12-07-as-11.34.57_123af9b1.jpg\",\"articleSection\":[\"Barretos\",\"Esporte\"],\"inLanguage\":\"pt-BR\",\"potentialAction\":[{\"@type\":\"CommentAction\",\"name\":\"Comment\",\"target\":[\"https:\\\/\\\/regiaonews.net.br\\\/2022\\\/2023\\\/12\\\/07\\\/bec-da-inicio-a-pre-temporada-com-apresentacao-de-jogadores-e-comissao-tecnica\\\/#respond\"]}]},{\"@type\":\"WebPage\",\"@id\":\"https:\\\/\\\/regiaonews.net.br\\\/2022\\\/2023\\\/12\\\/07\\\/bec-da-inicio-a-pre-temporada-com-apresentacao-de-jogadores-e-comissao-tecnica\\\/\",\"url\":\"https:\\\/\\\/regiaonews.net.br\\\/2022\\\/2023\\\/12\\\/07\\\/bec-da-inicio-a-pre-temporada-com-apresentacao-de-jogadores-e-comissao-tecnica\\\/\",\"name\":\"BEC d\u00e1 in\u00edcio a pr\u00e9-temporada com apresenta\u00e7\u00e3o de jogadores e comiss\u00e3o t\u00e9cnica - Regi\u00e3o News\",\"isPartOf\":{\"@id\":\"https:\\\/\\\/regiaonews.net.br\\\/2022\\\/#website\"},\"primaryImageOfPage\":{\"@id\":\"https:\\\/\\\/regiaonews.net.br\\\/2022\\\/2023\\\/12\\\/07\\\/bec-da-inicio-a-pre-temporada-com-apresentacao-de-jogadores-e-comissao-tecnica\\\/#primaryimage\"},\"image\":{\"@id\":\"https:\\\/\\\/regiaonews.net.br\\\/2022\\\/2023\\\/12\\\/07\\\/bec-da-inicio-a-pre-temporada-com-apresentacao-de-jogadores-e-comissao-tecnica\\\/#primaryimage\"},\"thumbnailUrl\":\"https:\\\/\\\/regiaonews.net.br\\\/2022\\\/wp-content\\\/uploads\\\/2023\\\/12\\\/Imagem-do-WhatsApp-de-2023-12-07-as-11.34.57_123af9b1.jpg\",\"datePublished\":\"2023-12-07T14:42:54+00:00\",\"breadcrumb\":{\"@id\":\"https:\\\/\\\/regiaonews.net.br\\\/2022\\\/2023\\\/12\\\/07\\\/bec-da-inicio-a-pre-temporada-com-apresentacao-de-jogadores-e-comissao-tecnica\\\/#breadcrumb\"},\"inLanguage\":\"pt-BR\",\"potentialAction\":[{\"@type\":\"ReadAction\",\"target\":[\"https:\\\/\\\/regiaonews.net.br\\\/2022\\\/2023\\\/12\\\/07\\\/bec-da-inicio-a-pre-temporada-com-apresentacao-de-jogadores-e-comissao-tecnica\\\/\"]}]},{\"@type\":\"ImageObject\",\"inLanguage\":\"pt-BR\",\"@id\":\"https:\\\/\\\/regiaonews.net.br\\\/2022\\\/2023\\\/12\\\/07\\\/bec-da-inicio-a-pre-temporada-com-apresentacao-de-jogadores-e-comissao-tecnica\\\/#primaryimage\",\"url\":\"https:\\\/\\\/regiaonews.net.br\\\/2022\\\/wp-content\\\/uploads\\\/2023\\\/12\\\/Imagem-do-WhatsApp-de-2023-12-07-as-11.34.57_123af9b1.jpg\",\"contentUrl\":\"https:\\\/\\\/regiaonews.net.br\\\/2022\\\/wp-content\\\/uploads\\\/2023\\\/12\\\/Imagem-do-WhatsApp-de-2023-12-07-as-11.34.57_123af9b1.jpg\",\"width\":1600,\"height\":1066},{\"@type\":\"BreadcrumbList\",\"@id\":\"https:\\\/\\\/regiaonews.net.br\\\/2022\\\/2023\\\/12\\\/07\\\/bec-da-inicio-a-pre-temporada-com-apresentacao-de-jogadores-e-comissao-tecnica\\\/#breadcrumb\",\"itemListElement\":[{\"@type\":\"ListItem\",\"position\":1,\"name\":\"In\u00edcio\",\"item\":\"https:\\\/\\\/regiaonews.net.br\\\/2022\\\/\"},{\"@type\":\"ListItem\",\"position\":2,\"name\":\"BEC d\u00e1 in\u00edcio a pr\u00e9-temporada com apresenta\u00e7\u00e3o de jogadores e comiss\u00e3o t\u00e9cnica\"}]},{\"@type\":\"WebSite\",\"@id\":\"https:\\\/\\\/regiaonews.net.br\\\/2022\\\/#website\",\"url\":\"https:\\\/\\\/regiaonews.net.br\\\/2022\\\/\",\"name\":\"Regi\u00e3o News\",\"description\":\"Site de Not\u00edcias de Barretos e regi\u00e3o\",\"publisher\":{\"@id\":\"https:\\\/\\\/regiaonews.net.br\\\/2022\\\/#organization\"},\"potentialAction\":[{\"@type\":\"SearchAction\",\"target\":{\"@type\":\"EntryPoint\",\"urlTemplate\":\"https:\\\/\\\/regiaonews.net.br\\\/2022\\\/?s={search_term_string}\"},\"query-input\":{\"@type\":\"PropertyValueSpecification\",\"valueRequired\":true,\"valueName\":\"search_term_string\"}}],\"inLanguage\":\"pt-BR\"},{\"@type\":\"Organization\",\"@id\":\"https:\\\/\\\/regiaonews.net.br\\\/2022\\\/#organization\",\"name\":\"Regi\u00e3o News\",\"url\":\"https:\\\/\\\/regiaonews.net.br\\\/2022\\\/\",\"logo\":{\"@type\":\"ImageObject\",\"inLanguage\":\"pt-BR\",\"@id\":\"https:\\\/\\\/regiaonews.net.br\\\/2022\\\/#\\\/schema\\\/logo\\\/image\\\/\",\"url\":\"https:\\\/\\\/regiaonews.net.br\\\/2022\\\/wp-content\\\/uploads\\\/2026\\\/03\\\/regiao-13-anos-scaled.jpg\",\"contentUrl\":\"https:\\\/\\\/regiaonews.net.br\\\/2022\\\/wp-content\\\/uploads\\\/2026\\\/03\\\/regiao-13-anos-scaled.jpg\",\"width\":2560,\"height\":635,\"caption\":\"Regi\u00e3o News\"},\"image\":{\"@id\":\"https:\\\/\\\/regiaonews.net.br\\\/2022\\\/#\\\/schema\\\/logo\\\/image\\\/\"}},{\"@type\":\"Person\",\"@id\":\"https:\\\/\\\/regiaonews.net.br\\\/2022\\\/#\\\/schema\\\/person\\\/2d205a608a5aa97ac279d7a5e6d89ad8\",\"name\":\"Roberto\",\"image\":{\"@type\":\"ImageObject\",\"inLanguage\":\"pt-BR\",\"@id\":\"https:\\\/\\\/secure.gravatar.com\\\/avatar\\\/42749d8b712ff9d59ca93dc150494e5b55a44134482993f5baeb97e61b7ecc89?s=96&d=mm&r=g\",\"url\":\"https:\\\/\\\/secure.gravatar.com\\\/avatar\\\/42749d8b712ff9d59ca93dc150494e5b55a44134482993f5baeb97e61b7ecc89?s=96&d=mm&r=g\",\"contentUrl\":\"https:\\\/\\\/secure.gravatar.com\\\/avatar\\\/42749d8b712ff9d59ca93dc150494e5b55a44134482993f5baeb97e61b7ecc89?s=96&d=mm&r=g\",\"caption\":\"Roberto\"},\"url\":\"https:\\\/\\\/regiaonews.net.br\\\/2022\\\/author\\\/roberto\\\/\"}]}<\/script>\n<!-- \/ Yoast SEO plugin. -->","yoast_head_json":{"title":"BEC d\u00e1 in\u00edcio a pr\u00e9-temporada com apresenta\u00e7\u00e3o de jogadores e comiss\u00e3o t\u00e9cnica - Regi\u00e3o News","robots":{"index":"index","follow":"follow","max-snippet":"max-snippet:-1","max-image-preview":"max-image-preview:large","max-video-preview":"max-video-preview:-1"},"canonical":"https:\/\/regiaonews.net.br\/2022\/2023\/12\/07\/bec-da-inicio-a-pre-temporada-com-apresentacao-de-jogadores-e-comissao-tecnica\/","og_locale":"pt_BR","og_type":"article","og_title":"BEC d\u00e1 in\u00edcio a pr\u00e9-temporada com apresenta\u00e7\u00e3o de jogadores e comiss\u00e3o t\u00e9cnica - Regi\u00e3o News","og_description":"A diretoria do Barretos Esporte Clube realizou na tarde desta","og_url":"https:\/\/regiaonews.net.br\/2022\/2023\/12\/07\/bec-da-inicio-a-pre-temporada-com-apresentacao-de-jogadores-e-comissao-tecnica\/","og_site_name":"Regi\u00e3o News","article_published_time":"2023-12-07T14:42:54+00:00","og_image":[{"width":1600,"height":1066,"url":"https:\/\/regiaonews.net.br\/2022\/wp-content\/uploads\/2023\/12\/Imagem-do-WhatsApp-de-2023-12-07-as-11.34.57_123af9b1.jpg","type":"image\/jpeg"}],"author":"Roberto","twitter_card":"summary_large_image","twitter_misc":{"Escrito por":"Roberto","Est. tempo de leitura":"2 minutos"},"schema":{"@context":"https:\/\/schema.org","@graph":[{"@type":"Article","@id":"https:\/\/regiaonews.net.br\/2022\/2023\/12\/07\/bec-da-inicio-a-pre-temporada-com-apresentacao-de-jogadores-e-comissao-tecnica\/#article","isPartOf":{"@id":"https:\/\/regiaonews.net.br\/2022\/2023\/12\/07\/bec-da-inicio-a-pre-temporada-com-apresentacao-de-jogadores-e-comissao-tecnica\/"},"author":{"name":"Roberto","@id":"https:\/\/regiaonews.net.br\/2022\/#\/schema\/person\/2d205a608a5aa97ac279d7a5e6d89ad8"},"headline":"BEC d\u00e1 in\u00edcio a pr\u00e9-temporada com apresenta\u00e7\u00e3o de jogadores e comiss\u00e3o t\u00e9cnica","datePublished":"2023-12-07T14:42:54+00:00","mainEntityOfPage":{"@id":"https:\/\/regiaonews.net.br\/2022\/2023\/12\/07\/bec-da-inicio-a-pre-temporada-com-apresentacao-de-jogadores-e-comissao-tecnica\/"},"wordCount":295,"commentCount":0,"publisher":{"@id":"https:\/\/regiaonews.net.br\/2022\/#organization"},"image":{"@id":"https:\/\/regiaonews.net.br\/2022\/2023\/12\/07\/bec-da-inicio-a-pre-temporada-com-apresentacao-de-jogadores-e-comissao-tecnica\/#primaryimage"},"thumbnailUrl":"https:\/\/regiaonews.net.br\/2022\/wp-content\/uploads\/2023\/12\/Imagem-do-WhatsApp-de-2023-12-07-as-11.34.57_123af9b1.jpg","articleSection":["Barretos","Esporte"],"inLanguage":"pt-BR","potentialAction":[{"@type":"CommentAction","name":"Comment","target":["https:\/\/regiaonews.net.br\/2022\/2023\/12\/07\/bec-da-inicio-a-pre-temporada-com-apresentacao-de-jogadores-e-comissao-tecnica\/#respond"]}]},{"@type":"WebPage","@id":"https:\/\/regiaonews.net.br\/2022\/2023\/12\/07\/bec-da-inicio-a-pre-temporada-com-apresentacao-de-jogadores-e-comissao-tecnica\/","url":"https:\/\/regiaonews.net.br\/2022\/2023\/12\/07\/bec-da-inicio-a-pre-temporada-com-apresentacao-de-jogadores-e-comissao-tecnica\/","name":"BEC d\u00e1 in\u00edcio a pr\u00e9-temporada com apresenta\u00e7\u00e3o de jogadores e comiss\u00e3o t\u00e9cnica - Regi\u00e3o News","isPartOf":{"@id":"https:\/\/regiaonews.net.br\/2022\/#website"},"primaryImageOfPage":{"@id":"https:\/\/regiaonews.net.br\/2022\/2023\/12\/07\/bec-da-inicio-a-pre-temporada-com-apresentacao-de-jogadores-e-comissao-tecnica\/#primaryimage"},"image":{"@id":"https:\/\/regiaonews.net.br\/2022\/2023\/12\/07\/bec-da-inicio-a-pre-temporada-com-apresentacao-de-jogadores-e-comissao-tecnica\/#primaryimage"},"thumbnailUrl":"https:\/\/regiaonews.net.br\/2022\/wp-content\/uploads\/2023\/12\/Imagem-do-WhatsApp-de-2023-12-07-as-11.34.57_123af9b1.jpg","datePublished":"2023-12-07T14:42:54+00:00","breadcrumb":{"@id":"https:\/\/regiaonews.net.br\/2022\/2023\/12\/07\/bec-da-inicio-a-pre-temporada-com-apresentacao-de-jogadores-e-comissao-tecnica\/#breadcrumb"},"inLanguage":"pt-BR","potentialAction":[{"@type":"ReadAction","target":["https:\/\/regiaonews.net.br\/2022\/2023\/12\/07\/bec-da-inicio-a-pre-temporada-com-apresentacao-de-jogadores-e-comissao-tecnica\/"]}]},{"@type":"ImageObject","inLanguage":"pt-BR","@id":"https:\/\/regiaonews.net.br\/2022\/2023\/12\/07\/bec-da-inicio-a-pre-temporada-com-apresentacao-de-jogadores-e-comissao-tecnica\/#primaryimage","url":"https:\/\/regiaonews.net.br\/2022\/wp-content\/uploads\/2023\/12\/Imagem-do-WhatsApp-de-2023-12-07-as-11.34.57_123af9b1.jpg","contentUrl":"https:\/\/regiaonews.net.br\/2022\/wp-content\/uploads\/2023\/12\/Imagem-do-WhatsApp-de-2023-12-07-as-11.34.57_123af9b1.jpg","width":1600,"height":1066},{"@type":"BreadcrumbList","@id":"https:\/\/regiaonews.net.br\/2022\/2023\/12\/07\/bec-da-inicio-a-pre-temporada-com-apresentacao-de-jogadores-e-comissao-tecnica\/#breadcrumb","itemListElement":[{"@type":"ListItem","position":1,"name":"In\u00edcio","item":"https:\/\/regiaonews.net.br\/2022\/"},{"@type":"ListItem","position":2,"name":"BEC d\u00e1 in\u00edcio a pr\u00e9-temporada com apresenta\u00e7\u00e3o de jogadores e comiss\u00e3o t\u00e9cnica"}]},{"@type":"WebSite","@id":"https:\/\/regiaonews.net.br\/2022\/#website","url":"https:\/\/regiaonews.net.br\/2022\/","name":"Regi\u00e3o News","description":"Site de Not\u00edcias de Barretos e regi\u00e3o","publisher":{"@id":"https:\/\/regiaonews.net.br\/2022\/#organization"},"potentialAction":[{"@type":"SearchAction","target":{"@type":"EntryPoint","urlTemplate":"https:\/\/regiaonews.net.br\/2022\/?s={search_term_string}"},"query-input":{"@type":"PropertyValueSpecification","valueRequired":true,"valueName":"search_term_string"}}],"inLanguage":"pt-BR"},{"@type":"Organization","@id":"https:\/\/regiaonews.net.br\/2022\/#organization","name":"Regi\u00e3o News","url":"https:\/\/regiaonews.net.br\/2022\/","logo":{"@type":"ImageObject","inLanguage":"pt-BR","@id":"https:\/\/regiaonews.net.br\/2022\/#\/schema\/logo\/image\/","url":"https:\/\/regiaonews.net.br\/2022\/wp-content\/uploads\/2026\/03\/regiao-13-anos-scaled.jpg","contentUrl":"https:\/\/regiaonews.net.br\/2022\/wp-content\/uploads\/2026\/03\/regiao-13-anos-scaled.jpg","width":2560,"height":635,"caption":"Regi\u00e3o News"},"image":{"@id":"https:\/\/regiaonews.net.br\/2022\/#\/schema\/logo\/image\/"}},{"@type":"Person","@id":"https:\/\/regiaonews.net.br\/2022\/#\/schema\/person\/2d205a608a5aa97ac279d7a5e6d89ad8","name":"Roberto","image":{"@type":"ImageObject","inLanguage":"pt-BR","@id":"https:\/\/secure.gravatar.com\/avatar\/42749d8b712ff9d59ca93dc150494e5b55a44134482993f5baeb97e61b7ecc89?s=96&d=mm&r=g","url":"https:\/\/secure.gravatar.com\/avatar\/42749d8b712ff9d59ca93dc150494e5b55a44134482993f5baeb97e61b7ecc89?s=96&d=mm&r=g","contentUrl":"https:\/\/secure.gravatar.com\/avatar\/42749d8b712ff9d59ca93dc150494e5b55a44134482993f5baeb97e61b7ecc89?s=96&d=mm&r=g","caption":"Roberto"},"url":"https:\/\/regiaonews.net.br\/2022\/author\/roberto\/"}]}},"publishpress_future_action":{"enabled":false,"date":"2026-05-04 18:09:48","action":"change-status","newStatus":"draft","terms":[],"taxonomy":"category","extraData":[]},"publishpress_future_workflow_manual_trigger":{"enabledWorkflows":[]},"_links":{"self":[{"href":"https:\/\/regiaonews.net.br\/2022\/wp-json\/wp\/v2\/posts\/98733","targetHints":{"allow":["GET"]}}],"collection":[{"href":"https:\/\/regiaonews.net.br\/2022\/wp-json\/wp\/v2\/posts"}],"about":[{"href":"https:\/\/regiaonews.net.br\/2022\/wp-json\/wp\/v2\/types\/post"}],"author":[{"embeddable":true,"href":"https:\/\/regiaonews.net.br\/2022\/wp-json\/wp\/v2\/users\/2"}],"replies":[{"embeddable":true,"href":"https:\/\/regiaonews.net.br\/2022\/wp-json\/wp\/v2\/comments?post=98733"}],"version-history":[{"count":1,"href":"https:\/\/regiaonews.net.br\/2022\/wp-json\/wp\/v2\/posts\/98733\/revisions"}],"predecessor-version":[{"id":98735,"href":"https:\/\/regiaonews.net.br\/2022\/wp-json\/wp\/v2\/posts\/98733\/revisions\/98735"}],"wp:featuredmedia":[{"embeddable":true,"href":"https:\/\/regiaonews.net.br\/2022\/wp-json\/wp\/v2\/media\/98734"}],"wp:attachment":[{"href":"https:\/\/regiaonews.net.br\/2022\/wp-json\/wp\/v2\/media?parent=98733"}],"wp:term":[{"taxonomy":"category","embeddable":true,"href":"https:\/\/regiaonews.net.br\/2022\/wp-json\/wp\/v2\/categories?post=98733"},{"taxonomy":"post_tag","embeddable":true,"href":"https:\/\/regiaonews.net.br\/2022\/wp-json\/wp\/v2\/tags?post=98733"}],"curies":[{"name":"wp","href":"https:\/\/api.w.org\/{rel}","templated":true}]}}