{"id":98700,"date":"2023-12-06T17:45:06","date_gmt":"2023-12-06T20:45:06","guid":{"rendered":"https:\/\/regiaonews.net.br\/2022\/?p=98700"},"modified":"2023-12-06T19:09:09","modified_gmt":"2023-12-06T22:09:09","slug":"parque-do-peao-decoracao-natalina-atrai-visitantes","status":"publish","type":"post","link":"https:\/\/regiaonews.net.br\/2022\/2023\/12\/06\/parque-do-peao-decoracao-natalina-atrai-visitantes\/","title":{"rendered":"Parque do Pe\u00e3o: decora\u00e7\u00e3o natalina atrai visitantes"},"content":{"rendered":"<h3 style=\"text-align: center;\">Um dos pontos tur\u00edsticos mais importantes de Barretos e regi\u00e3o est\u00e1 em clima de Natal.<\/h3>\n<p><a href=\"https:\/\/regiaonews.net.br\/2022\/wp-content\/uploads\/2023\/12\/Imagem-do-WhatsApp-de-2023-12-06-as-17.26.47_18190119.jpg\"><img loading=\"lazy\" decoding=\"async\" class=\"alignnone size-medium wp-image-98702\" src=\"https:\/\/regiaonews.net.br\/2022\/wp-content\/uploads\/2023\/12\/Imagem-do-WhatsApp-de-2023-12-06-as-17.26.47_18190119-300x169.jpg\" alt=\"\" width=\"300\" height=\"169\" srcset=\"https:\/\/regiaonews.net.br\/2022\/wp-content\/uploads\/2023\/12\/Imagem-do-WhatsApp-de-2023-12-06-as-17.26.47_18190119-300x169.jpg 300w, https:\/\/regiaonews.net.br\/2022\/wp-content\/uploads\/2023\/12\/Imagem-do-WhatsApp-de-2023-12-06-as-17.26.47_18190119-768x432.jpg 768w, https:\/\/regiaonews.net.br\/2022\/wp-content\/uploads\/2023\/12\/Imagem-do-WhatsApp-de-2023-12-06-as-17.26.47_18190119-250x141.jpg 250w, https:\/\/regiaonews.net.br\/2022\/wp-content\/uploads\/2023\/12\/Imagem-do-WhatsApp-de-2023-12-06-as-17.26.47_18190119.jpg 800w\" sizes=\"auto, (max-width: 300px) 100vw, 300px\" \/><\/a><\/p>\n<p>Na \u00faltima ter\u00e7a-feira, dia 5, o Parque do Pe\u00e3o entrou oficialmente no clima de Natal com a inaugura\u00e7\u00e3o da decora\u00e7\u00e3o tem\u00e1tica, que contou at\u00e9 com a presen\u00e7a do Papai Noel.<\/p>\n<p>Com entrada gratuita, a decora\u00e7\u00e3o est\u00e1 situada na entrada do complexo e permanecer\u00e1 durante todo m\u00eas de dezembro. &#8220;Foi lindo ver os olhos de todas as fam\u00edlias brilhando com o show de luzes e as crian\u00e7as encontrando o papai noel\u201d, contou Hussein Gemha Junior, Presidente de Os Independentes.<\/p>\n<p>Foram 11.500 metros de leds para deixar o Parque do Pe\u00e3o no clima natalino e ainda elementos tem\u00e1ticos como renas, papai noel, pinheiros, entre outros. Um mural com imagens natalinas tamb\u00e9m tomou conta da parte exterior do Memorial do Pe\u00e3o.<\/p>\n<p>\u201cSabemos o quanto o per\u00edodo de Natal \u00e9 importante e especial. E queremos que o barretense e os visitantes da nossa cidade tenham a oportunidade de se contagiar com este clima m\u00e1gico e esperan\u00e7oso que o Natal e o Ano Novo trazem. Esperamos muitos visitantes diariamente\u201d,\u00a0disse\u00a0Hussein.<\/p>\n<p>Um dos pontos tur\u00edsticos mais importantes de Barretos e regi\u00e3o est\u00e1 em clima de Natal &#8211; Cr\u00e9dito:\u00a0@Airdronee<\/p>\n","protected":false},"excerpt":{"rendered":"<p>Um dos pontos tur\u00edsticos mais importantes de Barretos e regi\u00e3o<\/p>\n","protected":false},"author":2,"featured_media":98704,"comment_status":"open","ping_status":"open","sticky":false,"template":"","format":"standard","meta":{"footnotes":""},"categories":[14,3],"tags":[],"class_list":["post-98700","post","type-post","status-publish","format-standard","has-post-thumbnail","hentry","category-barretos","category-geral"],"yoast_head":"<!-- This site is optimized with the Yoast SEO plugin v27.4 - https:\/\/yoast.com\/product\/yoast-seo-wordpress\/ -->\n<title>Parque do Pe\u00e3o: decora\u00e7\u00e3o natalina atrai visitantes - Regi\u00e3o News<\/title>\n<meta name=\"robots\" content=\"index, follow, max-snippet:-1, max-image-preview:large, max-video-preview:-1\" \/>\n<link rel=\"canonical\" href=\"https:\/\/regiaonews.net.br\/2022\/2023\/12\/06\/parque-do-peao-decoracao-natalina-atrai-visitantes\/\" \/>\n<meta property=\"og:locale\" content=\"pt_BR\" \/>\n<meta property=\"og:type\" content=\"article\" \/>\n<meta property=\"og:title\" content=\"Parque do Pe\u00e3o: decora\u00e7\u00e3o natalina atrai visitantes - Regi\u00e3o News\" \/>\n<meta property=\"og:description\" content=\"Um dos pontos tur\u00edsticos mais importantes de Barretos e regi\u00e3o\" \/>\n<meta property=\"og:url\" content=\"https:\/\/regiaonews.net.br\/2022\/2023\/12\/06\/parque-do-peao-decoracao-natalina-atrai-visitantes\/\" \/>\n<meta property=\"og:site_name\" content=\"Regi\u00e3o News\" \/>\n<meta property=\"article:published_time\" content=\"2023-12-06T20:45:06+00:00\" \/>\n<meta property=\"article:modified_time\" content=\"2023-12-06T22:09:09+00:00\" \/>\n<meta property=\"og:image\" content=\"https:\/\/regiaonews.net.br\/2022\/wp-content\/uploads\/2023\/12\/WhatsApp-Image-2023-12-06-at-17.21.39.jpeg\" \/>\n\t<meta property=\"og:image:width\" content=\"800\" \/>\n\t<meta property=\"og:image:height\" content=\"450\" \/>\n\t<meta property=\"og:image:type\" content=\"image\/jpeg\" \/>\n<meta name=\"author\" content=\"Roberto\" \/>\n<meta name=\"twitter:card\" content=\"summary_large_image\" \/>\n<meta name=\"twitter:label1\" content=\"Escrito por\" \/>\n\t<meta name=\"twitter:data1\" content=\"Roberto\" \/>\n\t<meta name=\"twitter:label2\" content=\"Est. tempo de leitura\" \/>\n\t<meta name=\"twitter:data2\" content=\"2 minutos\" \/>\n<script type=\"application\/ld+json\" class=\"yoast-schema-graph\">{\"@context\":\"https:\\\/\\\/schema.org\",\"@graph\":[{\"@type\":\"Article\",\"@id\":\"https:\\\/\\\/regiaonews.net.br\\\/2022\\\/2023\\\/12\\\/06\\\/parque-do-peao-decoracao-natalina-atrai-visitantes\\\/#article\",\"isPartOf\":{\"@id\":\"https:\\\/\\\/regiaonews.net.br\\\/2022\\\/2023\\\/12\\\/06\\\/parque-do-peao-decoracao-natalina-atrai-visitantes\\\/\"},\"author\":{\"name\":\"Roberto\",\"@id\":\"https:\\\/\\\/regiaonews.net.br\\\/2022\\\/#\\\/schema\\\/person\\\/2d205a608a5aa97ac279d7a5e6d89ad8\"},\"headline\":\"Parque do Pe\u00e3o: decora\u00e7\u00e3o natalina atrai visitantes\",\"datePublished\":\"2023-12-06T20:45:06+00:00\",\"dateModified\":\"2023-12-06T22:09:09+00:00\",\"mainEntityOfPage\":{\"@id\":\"https:\\\/\\\/regiaonews.net.br\\\/2022\\\/2023\\\/12\\\/06\\\/parque-do-peao-decoracao-natalina-atrai-visitantes\\\/\"},\"wordCount\":227,\"commentCount\":0,\"publisher\":{\"@id\":\"https:\\\/\\\/regiaonews.net.br\\\/2022\\\/#organization\"},\"image\":{\"@id\":\"https:\\\/\\\/regiaonews.net.br\\\/2022\\\/2023\\\/12\\\/06\\\/parque-do-peao-decoracao-natalina-atrai-visitantes\\\/#primaryimage\"},\"thumbnailUrl\":\"https:\\\/\\\/regiaonews.net.br\\\/2022\\\/wp-content\\\/uploads\\\/2023\\\/12\\\/WhatsApp-Image-2023-12-06-at-17.21.39.jpeg\",\"articleSection\":[\"Barretos\",\"Geral\"],\"inLanguage\":\"pt-BR\",\"potentialAction\":[{\"@type\":\"CommentAction\",\"name\":\"Comment\",\"target\":[\"https:\\\/\\\/regiaonews.net.br\\\/2022\\\/2023\\\/12\\\/06\\\/parque-do-peao-decoracao-natalina-atrai-visitantes\\\/#respond\"]}]},{\"@type\":\"WebPage\",\"@id\":\"https:\\\/\\\/regiaonews.net.br\\\/2022\\\/2023\\\/12\\\/06\\\/parque-do-peao-decoracao-natalina-atrai-visitantes\\\/\",\"url\":\"https:\\\/\\\/regiaonews.net.br\\\/2022\\\/2023\\\/12\\\/06\\\/parque-do-peao-decoracao-natalina-atrai-visitantes\\\/\",\"name\":\"Parque do Pe\u00e3o: decora\u00e7\u00e3o natalina atrai visitantes - Regi\u00e3o News\",\"isPartOf\":{\"@id\":\"https:\\\/\\\/regiaonews.net.br\\\/2022\\\/#website\"},\"primaryImageOfPage\":{\"@id\":\"https:\\\/\\\/regiaonews.net.br\\\/2022\\\/2023\\\/12\\\/06\\\/parque-do-peao-decoracao-natalina-atrai-visitantes\\\/#primaryimage\"},\"image\":{\"@id\":\"https:\\\/\\\/regiaonews.net.br\\\/2022\\\/2023\\\/12\\\/06\\\/parque-do-peao-decoracao-natalina-atrai-visitantes\\\/#primaryimage\"},\"thumbnailUrl\":\"https:\\\/\\\/regiaonews.net.br\\\/2022\\\/wp-content\\\/uploads\\\/2023\\\/12\\\/WhatsApp-Image-2023-12-06-at-17.21.39.jpeg\",\"datePublished\":\"2023-12-06T20:45:06+00:00\",\"dateModified\":\"2023-12-06T22:09:09+00:00\",\"breadcrumb\":{\"@id\":\"https:\\\/\\\/regiaonews.net.br\\\/2022\\\/2023\\\/12\\\/06\\\/parque-do-peao-decoracao-natalina-atrai-visitantes\\\/#breadcrumb\"},\"inLanguage\":\"pt-BR\",\"potentialAction\":[{\"@type\":\"ReadAction\",\"target\":[\"https:\\\/\\\/regiaonews.net.br\\\/2022\\\/2023\\\/12\\\/06\\\/parque-do-peao-decoracao-natalina-atrai-visitantes\\\/\"]}]},{\"@type\":\"ImageObject\",\"inLanguage\":\"pt-BR\",\"@id\":\"https:\\\/\\\/regiaonews.net.br\\\/2022\\\/2023\\\/12\\\/06\\\/parque-do-peao-decoracao-natalina-atrai-visitantes\\\/#primaryimage\",\"url\":\"https:\\\/\\\/regiaonews.net.br\\\/2022\\\/wp-content\\\/uploads\\\/2023\\\/12\\\/WhatsApp-Image-2023-12-06-at-17.21.39.jpeg\",\"contentUrl\":\"https:\\\/\\\/regiaonews.net.br\\\/2022\\\/wp-content\\\/uploads\\\/2023\\\/12\\\/WhatsApp-Image-2023-12-06-at-17.21.39.jpeg\",\"width\":800,\"height\":450},{\"@type\":\"BreadcrumbList\",\"@id\":\"https:\\\/\\\/regiaonews.net.br\\\/2022\\\/2023\\\/12\\\/06\\\/parque-do-peao-decoracao-natalina-atrai-visitantes\\\/#breadcrumb\",\"itemListElement\":[{\"@type\":\"ListItem\",\"position\":1,\"name\":\"In\u00edcio\",\"item\":\"https:\\\/\\\/regiaonews.net.br\\\/2022\\\/\"},{\"@type\":\"ListItem\",\"position\":2,\"name\":\"Parque do Pe\u00e3o: decora\u00e7\u00e3o natalina atrai visitantes\"}]},{\"@type\":\"WebSite\",\"@id\":\"https:\\\/\\\/regiaonews.net.br\\\/2022\\\/#website\",\"url\":\"https:\\\/\\\/regiaonews.net.br\\\/2022\\\/\",\"name\":\"Regi\u00e3o News\",\"description\":\"Site de Not\u00edcias de Barretos e regi\u00e3o\",\"publisher\":{\"@id\":\"https:\\\/\\\/regiaonews.net.br\\\/2022\\\/#organization\"},\"potentialAction\":[{\"@type\":\"SearchAction\",\"target\":{\"@type\":\"EntryPoint\",\"urlTemplate\":\"https:\\\/\\\/regiaonews.net.br\\\/2022\\\/?s={search_term_string}\"},\"query-input\":{\"@type\":\"PropertyValueSpecification\",\"valueRequired\":true,\"valueName\":\"search_term_string\"}}],\"inLanguage\":\"pt-BR\"},{\"@type\":\"Organization\",\"@id\":\"https:\\\/\\\/regiaonews.net.br\\\/2022\\\/#organization\",\"name\":\"Regi\u00e3o News\",\"url\":\"https:\\\/\\\/regiaonews.net.br\\\/2022\\\/\",\"logo\":{\"@type\":\"ImageObject\",\"inLanguage\":\"pt-BR\",\"@id\":\"https:\\\/\\\/regiaonews.net.br\\\/2022\\\/#\\\/schema\\\/logo\\\/image\\\/\",\"url\":\"https:\\\/\\\/regiaonews.net.br\\\/2022\\\/wp-content\\\/uploads\\\/2026\\\/03\\\/regiao-13-anos-scaled.jpg\",\"contentUrl\":\"https:\\\/\\\/regiaonews.net.br\\\/2022\\\/wp-content\\\/uploads\\\/2026\\\/03\\\/regiao-13-anos-scaled.jpg\",\"width\":2560,\"height\":635,\"caption\":\"Regi\u00e3o News\"},\"image\":{\"@id\":\"https:\\\/\\\/regiaonews.net.br\\\/2022\\\/#\\\/schema\\\/logo\\\/image\\\/\"}},{\"@type\":\"Person\",\"@id\":\"https:\\\/\\\/regiaonews.net.br\\\/2022\\\/#\\\/schema\\\/person\\\/2d205a608a5aa97ac279d7a5e6d89ad8\",\"name\":\"Roberto\",\"image\":{\"@type\":\"ImageObject\",\"inLanguage\":\"pt-BR\",\"@id\":\"https:\\\/\\\/secure.gravatar.com\\\/avatar\\\/42749d8b712ff9d59ca93dc150494e5b55a44134482993f5baeb97e61b7ecc89?s=96&d=mm&r=g\",\"url\":\"https:\\\/\\\/secure.gravatar.com\\\/avatar\\\/42749d8b712ff9d59ca93dc150494e5b55a44134482993f5baeb97e61b7ecc89?s=96&d=mm&r=g\",\"contentUrl\":\"https:\\\/\\\/secure.gravatar.com\\\/avatar\\\/42749d8b712ff9d59ca93dc150494e5b55a44134482993f5baeb97e61b7ecc89?s=96&d=mm&r=g\",\"caption\":\"Roberto\"},\"url\":\"https:\\\/\\\/regiaonews.net.br\\\/2022\\\/author\\\/roberto\\\/\"}]}<\/script>\n<!-- \/ Yoast SEO plugin. -->","yoast_head_json":{"title":"Parque do Pe\u00e3o: decora\u00e7\u00e3o natalina atrai visitantes - Regi\u00e3o News","robots":{"index":"index","follow":"follow","max-snippet":"max-snippet:-1","max-image-preview":"max-image-preview:large","max-video-preview":"max-video-preview:-1"},"canonical":"https:\/\/regiaonews.net.br\/2022\/2023\/12\/06\/parque-do-peao-decoracao-natalina-atrai-visitantes\/","og_locale":"pt_BR","og_type":"article","og_title":"Parque do Pe\u00e3o: decora\u00e7\u00e3o natalina atrai visitantes - Regi\u00e3o News","og_description":"Um dos pontos tur\u00edsticos mais importantes de Barretos e regi\u00e3o","og_url":"https:\/\/regiaonews.net.br\/2022\/2023\/12\/06\/parque-do-peao-decoracao-natalina-atrai-visitantes\/","og_site_name":"Regi\u00e3o News","article_published_time":"2023-12-06T20:45:06+00:00","article_modified_time":"2023-12-06T22:09:09+00:00","og_image":[{"width":800,"height":450,"url":"https:\/\/regiaonews.net.br\/2022\/wp-content\/uploads\/2023\/12\/WhatsApp-Image-2023-12-06-at-17.21.39.jpeg","type":"image\/jpeg"}],"author":"Roberto","twitter_card":"summary_large_image","twitter_misc":{"Escrito por":"Roberto","Est. tempo de leitura":"2 minutos"},"schema":{"@context":"https:\/\/schema.org","@graph":[{"@type":"Article","@id":"https:\/\/regiaonews.net.br\/2022\/2023\/12\/06\/parque-do-peao-decoracao-natalina-atrai-visitantes\/#article","isPartOf":{"@id":"https:\/\/regiaonews.net.br\/2022\/2023\/12\/06\/parque-do-peao-decoracao-natalina-atrai-visitantes\/"},"author":{"name":"Roberto","@id":"https:\/\/regiaonews.net.br\/2022\/#\/schema\/person\/2d205a608a5aa97ac279d7a5e6d89ad8"},"headline":"Parque do Pe\u00e3o: decora\u00e7\u00e3o natalina atrai visitantes","datePublished":"2023-12-06T20:45:06+00:00","dateModified":"2023-12-06T22:09:09+00:00","mainEntityOfPage":{"@id":"https:\/\/regiaonews.net.br\/2022\/2023\/12\/06\/parque-do-peao-decoracao-natalina-atrai-visitantes\/"},"wordCount":227,"commentCount":0,"publisher":{"@id":"https:\/\/regiaonews.net.br\/2022\/#organization"},"image":{"@id":"https:\/\/regiaonews.net.br\/2022\/2023\/12\/06\/parque-do-peao-decoracao-natalina-atrai-visitantes\/#primaryimage"},"thumbnailUrl":"https:\/\/regiaonews.net.br\/2022\/wp-content\/uploads\/2023\/12\/WhatsApp-Image-2023-12-06-at-17.21.39.jpeg","articleSection":["Barretos","Geral"],"inLanguage":"pt-BR","potentialAction":[{"@type":"CommentAction","name":"Comment","target":["https:\/\/regiaonews.net.br\/2022\/2023\/12\/06\/parque-do-peao-decoracao-natalina-atrai-visitantes\/#respond"]}]},{"@type":"WebPage","@id":"https:\/\/regiaonews.net.br\/2022\/2023\/12\/06\/parque-do-peao-decoracao-natalina-atrai-visitantes\/","url":"https:\/\/regiaonews.net.br\/2022\/2023\/12\/06\/parque-do-peao-decoracao-natalina-atrai-visitantes\/","name":"Parque do Pe\u00e3o: decora\u00e7\u00e3o natalina atrai visitantes - Regi\u00e3o News","isPartOf":{"@id":"https:\/\/regiaonews.net.br\/2022\/#website"},"primaryImageOfPage":{"@id":"https:\/\/regiaonews.net.br\/2022\/2023\/12\/06\/parque-do-peao-decoracao-natalina-atrai-visitantes\/#primaryimage"},"image":{"@id":"https:\/\/regiaonews.net.br\/2022\/2023\/12\/06\/parque-do-peao-decoracao-natalina-atrai-visitantes\/#primaryimage"},"thumbnailUrl":"https:\/\/regiaonews.net.br\/2022\/wp-content\/uploads\/2023\/12\/WhatsApp-Image-2023-12-06-at-17.21.39.jpeg","datePublished":"2023-12-06T20:45:06+00:00","dateModified":"2023-12-06T22:09:09+00:00","breadcrumb":{"@id":"https:\/\/regiaonews.net.br\/2022\/2023\/12\/06\/parque-do-peao-decoracao-natalina-atrai-visitantes\/#breadcrumb"},"inLanguage":"pt-BR","potentialAction":[{"@type":"ReadAction","target":["https:\/\/regiaonews.net.br\/2022\/2023\/12\/06\/parque-do-peao-decoracao-natalina-atrai-visitantes\/"]}]},{"@type":"ImageObject","inLanguage":"pt-BR","@id":"https:\/\/regiaonews.net.br\/2022\/2023\/12\/06\/parque-do-peao-decoracao-natalina-atrai-visitantes\/#primaryimage","url":"https:\/\/regiaonews.net.br\/2022\/wp-content\/uploads\/2023\/12\/WhatsApp-Image-2023-12-06-at-17.21.39.jpeg","contentUrl":"https:\/\/regiaonews.net.br\/2022\/wp-content\/uploads\/2023\/12\/WhatsApp-Image-2023-12-06-at-17.21.39.jpeg","width":800,"height":450},{"@type":"BreadcrumbList","@id":"https:\/\/regiaonews.net.br\/2022\/2023\/12\/06\/parque-do-peao-decoracao-natalina-atrai-visitantes\/#breadcrumb","itemListElement":[{"@type":"ListItem","position":1,"name":"In\u00edcio","item":"https:\/\/regiaonews.net.br\/2022\/"},{"@type":"ListItem","position":2,"name":"Parque do Pe\u00e3o: decora\u00e7\u00e3o natalina atrai visitantes"}]},{"@type":"WebSite","@id":"https:\/\/regiaonews.net.br\/2022\/#website","url":"https:\/\/regiaonews.net.br\/2022\/","name":"Regi\u00e3o News","description":"Site de Not\u00edcias de Barretos e regi\u00e3o","publisher":{"@id":"https:\/\/regiaonews.net.br\/2022\/#organization"},"potentialAction":[{"@type":"SearchAction","target":{"@type":"EntryPoint","urlTemplate":"https:\/\/regiaonews.net.br\/2022\/?s={search_term_string}"},"query-input":{"@type":"PropertyValueSpecification","valueRequired":true,"valueName":"search_term_string"}}],"inLanguage":"pt-BR"},{"@type":"Organization","@id":"https:\/\/regiaonews.net.br\/2022\/#organization","name":"Regi\u00e3o News","url":"https:\/\/regiaonews.net.br\/2022\/","logo":{"@type":"ImageObject","inLanguage":"pt-BR","@id":"https:\/\/regiaonews.net.br\/2022\/#\/schema\/logo\/image\/","url":"https:\/\/regiaonews.net.br\/2022\/wp-content\/uploads\/2026\/03\/regiao-13-anos-scaled.jpg","contentUrl":"https:\/\/regiaonews.net.br\/2022\/wp-content\/uploads\/2026\/03\/regiao-13-anos-scaled.jpg","width":2560,"height":635,"caption":"Regi\u00e3o News"},"image":{"@id":"https:\/\/regiaonews.net.br\/2022\/#\/schema\/logo\/image\/"}},{"@type":"Person","@id":"https:\/\/regiaonews.net.br\/2022\/#\/schema\/person\/2d205a608a5aa97ac279d7a5e6d89ad8","name":"Roberto","image":{"@type":"ImageObject","inLanguage":"pt-BR","@id":"https:\/\/secure.gravatar.com\/avatar\/42749d8b712ff9d59ca93dc150494e5b55a44134482993f5baeb97e61b7ecc89?s=96&d=mm&r=g","url":"https:\/\/secure.gravatar.com\/avatar\/42749d8b712ff9d59ca93dc150494e5b55a44134482993f5baeb97e61b7ecc89?s=96&d=mm&r=g","contentUrl":"https:\/\/secure.gravatar.com\/avatar\/42749d8b712ff9d59ca93dc150494e5b55a44134482993f5baeb97e61b7ecc89?s=96&d=mm&r=g","caption":"Roberto"},"url":"https:\/\/regiaonews.net.br\/2022\/author\/roberto\/"}]}},"publishpress_future_action":{"enabled":false,"date":"2026-05-04 14:55:07","action":"change-status","newStatus":"draft","terms":[],"taxonomy":"category","extraData":[]},"publishpress_future_workflow_manual_trigger":{"enabledWorkflows":[]},"_links":{"self":[{"href":"https:\/\/regiaonews.net.br\/2022\/wp-json\/wp\/v2\/posts\/98700","targetHints":{"allow":["GET"]}}],"collection":[{"href":"https:\/\/regiaonews.net.br\/2022\/wp-json\/wp\/v2\/posts"}],"about":[{"href":"https:\/\/regiaonews.net.br\/2022\/wp-json\/wp\/v2\/types\/post"}],"author":[{"embeddable":true,"href":"https:\/\/regiaonews.net.br\/2022\/wp-json\/wp\/v2\/users\/2"}],"replies":[{"embeddable":true,"href":"https:\/\/regiaonews.net.br\/2022\/wp-json\/wp\/v2\/comments?post=98700"}],"version-history":[{"count":3,"href":"https:\/\/regiaonews.net.br\/2022\/wp-json\/wp\/v2\/posts\/98700\/revisions"}],"predecessor-version":[{"id":98706,"href":"https:\/\/regiaonews.net.br\/2022\/wp-json\/wp\/v2\/posts\/98700\/revisions\/98706"}],"wp:featuredmedia":[{"embeddable":true,"href":"https:\/\/regiaonews.net.br\/2022\/wp-json\/wp\/v2\/media\/98704"}],"wp:attachment":[{"href":"https:\/\/regiaonews.net.br\/2022\/wp-json\/wp\/v2\/media?parent=98700"}],"wp:term":[{"taxonomy":"category","embeddable":true,"href":"https:\/\/regiaonews.net.br\/2022\/wp-json\/wp\/v2\/categories?post=98700"},{"taxonomy":"post_tag","embeddable":true,"href":"https:\/\/regiaonews.net.br\/2022\/wp-json\/wp\/v2\/tags?post=98700"}],"curies":[{"name":"wp","href":"https:\/\/api.w.org\/{rel}","templated":true}]}}