{"id":98670,"date":"2023-12-06T11:50:09","date_gmt":"2023-12-06T14:50:09","guid":{"rendered":"https:\/\/regiaonews.net.br\/2022\/?p=98670"},"modified":"2023-12-06T11:50:09","modified_gmt":"2023-12-06T14:50:09","slug":"deic-descobre-call-center-do-golpe-e-prende-24-pessoas-no-centro-de-sp","status":"publish","type":"post","link":"https:\/\/regiaonews.net.br\/2022\/2023\/12\/06\/deic-descobre-call-center-do-golpe-e-prende-24-pessoas-no-centro-de-sp\/","title":{"rendered":"Deic descobre &#8220;call center do golpe&#8221; e prende 24 pessoas no centro de SP"},"content":{"rendered":"<div class=\"col-lg-12 mt-4 justify\"><\/div>\n<div class=\"col-lg-12 mt-2 justify\">\n<h3 class=\"justify\" style=\"text-align: center;\">Central telef\u00f4nica funcionava em im\u00f3vel no centro da capital.<\/h3>\n<\/div>\n<div class=\"col-lg-12 mt-3 justify\">\n<div>\n<div>Policiais do Departamento Estadual de Investiga\u00e7\u00f5es Criminais (Deic) prenderam 24 pessoas que operavam uma central telef\u00f4nica para aplicar golpes nesta ter\u00e7a-feira (5). A a\u00e7\u00e3o ocorreu no im\u00f3vel onde funcionava o esquema, em um conjunto comercial no bairro da Rep\u00fablica, centro de S\u00e3o Paulo.<\/div>\n<div><\/div>\n<div>Os golpistas se identificavam como funcion\u00e1rios de grandes empresas do ramo de telefonia e entravam em contato com representantes de com\u00e9rcios informando que seria necess\u00e1rio a renova\u00e7\u00e3o do cadastro, sem qualquer custo. Para isso, era enviado aos estabelecimentos documentos para assinaturas, com a promessa tamb\u00e9m de melhorar o nome da empresa em sites de busca.<\/div>\n<div><\/div>\n<div>No entanto, os documentos enviados se referiam a contrato de presta\u00e7\u00e3o de servi\u00e7os publicit\u00e1rios, que n\u00e3o eram cumpridos. Al\u00e9m disso, era cobrada uma taxa de R$399 por m\u00eas \u00e0s empresas contratantes ap\u00f3s a assinatura.<\/div>\n<div><\/div>\n<div>Foram realizados v\u00e1rios boletins de ocorr\u00eancia em que as v\u00edtimas relatavam terem sido induzidas ao erro no fornecimento de dados e assinaturas do contrato.<\/div>\n<div><\/div>\n<div>Com as informa\u00e7\u00f5es, os policiais foram at\u00e9 o im\u00f3vel, onde havia 24 pessoas operando o esquema criminoso. Foram apreendidos 11 computadores, 8 celulares, 5 m\u00e1quinas de cart\u00e3o, 5 carimbos e diversos pap\u00e9is que ser\u00e3o analisados.<\/div>\n<div><\/div>\n<div>O grupo foi preso em flagrante e encaminhado \u00e0 2\u00aa Delegacia de Investiga\u00e7\u00f5es Gerais (Sobre Estelionato e Crimes contra a F\u00e9 P\u00fablica), do Deic, onde o caso foi registrado como associa\u00e7\u00e3o criminosa. Foi fixada fian\u00e7a no valor de R$ 1,3 mil para cada autuado.<\/div>\n<\/div>\n<\/div>\n","protected":false},"excerpt":{"rendered":"<p>Central telef\u00f4nica funcionava em im\u00f3vel no centro da capital. Policiais<\/p>\n","protected":false},"author":2,"featured_media":98671,"comment_status":"open","ping_status":"open","sticky":false,"template":"","format":"standard","meta":{"footnotes":""},"categories":[7,23],"tags":[],"class_list":["post-98670","post","type-post","status-publish","format-standard","has-post-thumbnail","hentry","category-estado-de-sao-paulo","category-policia"],"yoast_head":"<!-- This site is optimized with the Yoast SEO plugin v27.4 - https:\/\/yoast.com\/product\/yoast-seo-wordpress\/ -->\n<title>Deic descobre &quot;call center do golpe&quot; e prende 24 pessoas no centro de SP - Regi\u00e3o News<\/title>\n<meta name=\"robots\" content=\"index, follow, max-snippet:-1, max-image-preview:large, max-video-preview:-1\" \/>\n<link rel=\"canonical\" href=\"https:\/\/regiaonews.net.br\/2022\/2023\/12\/06\/deic-descobre-call-center-do-golpe-e-prende-24-pessoas-no-centro-de-sp\/\" \/>\n<meta property=\"og:locale\" content=\"pt_BR\" \/>\n<meta property=\"og:type\" content=\"article\" \/>\n<meta property=\"og:title\" content=\"Deic descobre &quot;call center do golpe&quot; e prende 24 pessoas no centro de SP - Regi\u00e3o News\" \/>\n<meta property=\"og:description\" content=\"Central telef\u00f4nica funcionava em im\u00f3vel no centro da capital. Policiais\" \/>\n<meta property=\"og:url\" content=\"https:\/\/regiaonews.net.br\/2022\/2023\/12\/06\/deic-descobre-call-center-do-golpe-e-prende-24-pessoas-no-centro-de-sp\/\" \/>\n<meta property=\"og:site_name\" content=\"Regi\u00e3o News\" \/>\n<meta property=\"article:published_time\" content=\"2023-12-06T14:50:09+00:00\" \/>\n<meta property=\"og:image\" content=\"https:\/\/regiaonews.net.br\/2022\/wp-content\/uploads\/2023\/12\/00052336.jpeg\" \/>\n\t<meta property=\"og:image:width\" content=\"868\" \/>\n\t<meta property=\"og:image:height\" content=\"1156\" \/>\n\t<meta property=\"og:image:type\" content=\"image\/jpeg\" \/>\n<meta name=\"author\" content=\"Roberto\" \/>\n<meta name=\"twitter:card\" content=\"summary_large_image\" \/>\n<meta name=\"twitter:label1\" content=\"Escrito por\" \/>\n\t<meta name=\"twitter:data1\" content=\"Roberto\" \/>\n\t<meta name=\"twitter:label2\" content=\"Est. tempo de leitura\" \/>\n\t<meta name=\"twitter:data2\" content=\"2 minutos\" \/>\n<script type=\"application\/ld+json\" class=\"yoast-schema-graph\">{\"@context\":\"https:\\\/\\\/schema.org\",\"@graph\":[{\"@type\":\"Article\",\"@id\":\"https:\\\/\\\/regiaonews.net.br\\\/2022\\\/2023\\\/12\\\/06\\\/deic-descobre-call-center-do-golpe-e-prende-24-pessoas-no-centro-de-sp\\\/#article\",\"isPartOf\":{\"@id\":\"https:\\\/\\\/regiaonews.net.br\\\/2022\\\/2023\\\/12\\\/06\\\/deic-descobre-call-center-do-golpe-e-prende-24-pessoas-no-centro-de-sp\\\/\"},\"author\":{\"name\":\"Roberto\",\"@id\":\"https:\\\/\\\/regiaonews.net.br\\\/2022\\\/#\\\/schema\\\/person\\\/2d205a608a5aa97ac279d7a5e6d89ad8\"},\"headline\":\"Deic descobre &#8220;call center do golpe&#8221; e prende 24 pessoas no centro de SP\",\"datePublished\":\"2023-12-06T14:50:09+00:00\",\"mainEntityOfPage\":{\"@id\":\"https:\\\/\\\/regiaonews.net.br\\\/2022\\\/2023\\\/12\\\/06\\\/deic-descobre-call-center-do-golpe-e-prende-24-pessoas-no-centro-de-sp\\\/\"},\"wordCount\":281,\"commentCount\":0,\"publisher\":{\"@id\":\"https:\\\/\\\/regiaonews.net.br\\\/2022\\\/#organization\"},\"image\":{\"@id\":\"https:\\\/\\\/regiaonews.net.br\\\/2022\\\/2023\\\/12\\\/06\\\/deic-descobre-call-center-do-golpe-e-prende-24-pessoas-no-centro-de-sp\\\/#primaryimage\"},\"thumbnailUrl\":\"https:\\\/\\\/regiaonews.net.br\\\/2022\\\/wp-content\\\/uploads\\\/2023\\\/12\\\/00052336.jpeg\",\"articleSection\":[\"Estado de S\u00e3o Paulo\",\"Policia\"],\"inLanguage\":\"pt-BR\",\"potentialAction\":[{\"@type\":\"CommentAction\",\"name\":\"Comment\",\"target\":[\"https:\\\/\\\/regiaonews.net.br\\\/2022\\\/2023\\\/12\\\/06\\\/deic-descobre-call-center-do-golpe-e-prende-24-pessoas-no-centro-de-sp\\\/#respond\"]}]},{\"@type\":\"WebPage\",\"@id\":\"https:\\\/\\\/regiaonews.net.br\\\/2022\\\/2023\\\/12\\\/06\\\/deic-descobre-call-center-do-golpe-e-prende-24-pessoas-no-centro-de-sp\\\/\",\"url\":\"https:\\\/\\\/regiaonews.net.br\\\/2022\\\/2023\\\/12\\\/06\\\/deic-descobre-call-center-do-golpe-e-prende-24-pessoas-no-centro-de-sp\\\/\",\"name\":\"Deic descobre \\\"call center do golpe\\\" e prende 24 pessoas no centro de SP - Regi\u00e3o News\",\"isPartOf\":{\"@id\":\"https:\\\/\\\/regiaonews.net.br\\\/2022\\\/#website\"},\"primaryImageOfPage\":{\"@id\":\"https:\\\/\\\/regiaonews.net.br\\\/2022\\\/2023\\\/12\\\/06\\\/deic-descobre-call-center-do-golpe-e-prende-24-pessoas-no-centro-de-sp\\\/#primaryimage\"},\"image\":{\"@id\":\"https:\\\/\\\/regiaonews.net.br\\\/2022\\\/2023\\\/12\\\/06\\\/deic-descobre-call-center-do-golpe-e-prende-24-pessoas-no-centro-de-sp\\\/#primaryimage\"},\"thumbnailUrl\":\"https:\\\/\\\/regiaonews.net.br\\\/2022\\\/wp-content\\\/uploads\\\/2023\\\/12\\\/00052336.jpeg\",\"datePublished\":\"2023-12-06T14:50:09+00:00\",\"breadcrumb\":{\"@id\":\"https:\\\/\\\/regiaonews.net.br\\\/2022\\\/2023\\\/12\\\/06\\\/deic-descobre-call-center-do-golpe-e-prende-24-pessoas-no-centro-de-sp\\\/#breadcrumb\"},\"inLanguage\":\"pt-BR\",\"potentialAction\":[{\"@type\":\"ReadAction\",\"target\":[\"https:\\\/\\\/regiaonews.net.br\\\/2022\\\/2023\\\/12\\\/06\\\/deic-descobre-call-center-do-golpe-e-prende-24-pessoas-no-centro-de-sp\\\/\"]}]},{\"@type\":\"ImageObject\",\"inLanguage\":\"pt-BR\",\"@id\":\"https:\\\/\\\/regiaonews.net.br\\\/2022\\\/2023\\\/12\\\/06\\\/deic-descobre-call-center-do-golpe-e-prende-24-pessoas-no-centro-de-sp\\\/#primaryimage\",\"url\":\"https:\\\/\\\/regiaonews.net.br\\\/2022\\\/wp-content\\\/uploads\\\/2023\\\/12\\\/00052336.jpeg\",\"contentUrl\":\"https:\\\/\\\/regiaonews.net.br\\\/2022\\\/wp-content\\\/uploads\\\/2023\\\/12\\\/00052336.jpeg\",\"width\":868,\"height\":1156},{\"@type\":\"BreadcrumbList\",\"@id\":\"https:\\\/\\\/regiaonews.net.br\\\/2022\\\/2023\\\/12\\\/06\\\/deic-descobre-call-center-do-golpe-e-prende-24-pessoas-no-centro-de-sp\\\/#breadcrumb\",\"itemListElement\":[{\"@type\":\"ListItem\",\"position\":1,\"name\":\"In\u00edcio\",\"item\":\"https:\\\/\\\/regiaonews.net.br\\\/2022\\\/\"},{\"@type\":\"ListItem\",\"position\":2,\"name\":\"Deic descobre &#8220;call center do golpe&#8221; e prende 24 pessoas no centro de SP\"}]},{\"@type\":\"WebSite\",\"@id\":\"https:\\\/\\\/regiaonews.net.br\\\/2022\\\/#website\",\"url\":\"https:\\\/\\\/regiaonews.net.br\\\/2022\\\/\",\"name\":\"Regi\u00e3o News\",\"description\":\"Site de Not\u00edcias de Barretos e regi\u00e3o\",\"publisher\":{\"@id\":\"https:\\\/\\\/regiaonews.net.br\\\/2022\\\/#organization\"},\"potentialAction\":[{\"@type\":\"SearchAction\",\"target\":{\"@type\":\"EntryPoint\",\"urlTemplate\":\"https:\\\/\\\/regiaonews.net.br\\\/2022\\\/?s={search_term_string}\"},\"query-input\":{\"@type\":\"PropertyValueSpecification\",\"valueRequired\":true,\"valueName\":\"search_term_string\"}}],\"inLanguage\":\"pt-BR\"},{\"@type\":\"Organization\",\"@id\":\"https:\\\/\\\/regiaonews.net.br\\\/2022\\\/#organization\",\"name\":\"Regi\u00e3o News\",\"url\":\"https:\\\/\\\/regiaonews.net.br\\\/2022\\\/\",\"logo\":{\"@type\":\"ImageObject\",\"inLanguage\":\"pt-BR\",\"@id\":\"https:\\\/\\\/regiaonews.net.br\\\/2022\\\/#\\\/schema\\\/logo\\\/image\\\/\",\"url\":\"https:\\\/\\\/regiaonews.net.br\\\/2022\\\/wp-content\\\/uploads\\\/2026\\\/03\\\/regiao-13-anos-scaled.jpg\",\"contentUrl\":\"https:\\\/\\\/regiaonews.net.br\\\/2022\\\/wp-content\\\/uploads\\\/2026\\\/03\\\/regiao-13-anos-scaled.jpg\",\"width\":2560,\"height\":635,\"caption\":\"Regi\u00e3o News\"},\"image\":{\"@id\":\"https:\\\/\\\/regiaonews.net.br\\\/2022\\\/#\\\/schema\\\/logo\\\/image\\\/\"}},{\"@type\":\"Person\",\"@id\":\"https:\\\/\\\/regiaonews.net.br\\\/2022\\\/#\\\/schema\\\/person\\\/2d205a608a5aa97ac279d7a5e6d89ad8\",\"name\":\"Roberto\",\"image\":{\"@type\":\"ImageObject\",\"inLanguage\":\"pt-BR\",\"@id\":\"https:\\\/\\\/secure.gravatar.com\\\/avatar\\\/42749d8b712ff9d59ca93dc150494e5b55a44134482993f5baeb97e61b7ecc89?s=96&d=mm&r=g\",\"url\":\"https:\\\/\\\/secure.gravatar.com\\\/avatar\\\/42749d8b712ff9d59ca93dc150494e5b55a44134482993f5baeb97e61b7ecc89?s=96&d=mm&r=g\",\"contentUrl\":\"https:\\\/\\\/secure.gravatar.com\\\/avatar\\\/42749d8b712ff9d59ca93dc150494e5b55a44134482993f5baeb97e61b7ecc89?s=96&d=mm&r=g\",\"caption\":\"Roberto\"},\"url\":\"https:\\\/\\\/regiaonews.net.br\\\/2022\\\/author\\\/roberto\\\/\"}]}<\/script>\n<!-- \/ Yoast SEO plugin. -->","yoast_head_json":{"title":"Deic descobre \"call center do golpe\" e prende 24 pessoas no centro de SP - Regi\u00e3o News","robots":{"index":"index","follow":"follow","max-snippet":"max-snippet:-1","max-image-preview":"max-image-preview:large","max-video-preview":"max-video-preview:-1"},"canonical":"https:\/\/regiaonews.net.br\/2022\/2023\/12\/06\/deic-descobre-call-center-do-golpe-e-prende-24-pessoas-no-centro-de-sp\/","og_locale":"pt_BR","og_type":"article","og_title":"Deic descobre \"call center do golpe\" e prende 24 pessoas no centro de SP - Regi\u00e3o News","og_description":"Central telef\u00f4nica funcionava em im\u00f3vel no centro da capital. Policiais","og_url":"https:\/\/regiaonews.net.br\/2022\/2023\/12\/06\/deic-descobre-call-center-do-golpe-e-prende-24-pessoas-no-centro-de-sp\/","og_site_name":"Regi\u00e3o News","article_published_time":"2023-12-06T14:50:09+00:00","og_image":[{"width":868,"height":1156,"url":"https:\/\/regiaonews.net.br\/2022\/wp-content\/uploads\/2023\/12\/00052336.jpeg","type":"image\/jpeg"}],"author":"Roberto","twitter_card":"summary_large_image","twitter_misc":{"Escrito por":"Roberto","Est. tempo de leitura":"2 minutos"},"schema":{"@context":"https:\/\/schema.org","@graph":[{"@type":"Article","@id":"https:\/\/regiaonews.net.br\/2022\/2023\/12\/06\/deic-descobre-call-center-do-golpe-e-prende-24-pessoas-no-centro-de-sp\/#article","isPartOf":{"@id":"https:\/\/regiaonews.net.br\/2022\/2023\/12\/06\/deic-descobre-call-center-do-golpe-e-prende-24-pessoas-no-centro-de-sp\/"},"author":{"name":"Roberto","@id":"https:\/\/regiaonews.net.br\/2022\/#\/schema\/person\/2d205a608a5aa97ac279d7a5e6d89ad8"},"headline":"Deic descobre &#8220;call center do golpe&#8221; e prende 24 pessoas no centro de SP","datePublished":"2023-12-06T14:50:09+00:00","mainEntityOfPage":{"@id":"https:\/\/regiaonews.net.br\/2022\/2023\/12\/06\/deic-descobre-call-center-do-golpe-e-prende-24-pessoas-no-centro-de-sp\/"},"wordCount":281,"commentCount":0,"publisher":{"@id":"https:\/\/regiaonews.net.br\/2022\/#organization"},"image":{"@id":"https:\/\/regiaonews.net.br\/2022\/2023\/12\/06\/deic-descobre-call-center-do-golpe-e-prende-24-pessoas-no-centro-de-sp\/#primaryimage"},"thumbnailUrl":"https:\/\/regiaonews.net.br\/2022\/wp-content\/uploads\/2023\/12\/00052336.jpeg","articleSection":["Estado de S\u00e3o Paulo","Policia"],"inLanguage":"pt-BR","potentialAction":[{"@type":"CommentAction","name":"Comment","target":["https:\/\/regiaonews.net.br\/2022\/2023\/12\/06\/deic-descobre-call-center-do-golpe-e-prende-24-pessoas-no-centro-de-sp\/#respond"]}]},{"@type":"WebPage","@id":"https:\/\/regiaonews.net.br\/2022\/2023\/12\/06\/deic-descobre-call-center-do-golpe-e-prende-24-pessoas-no-centro-de-sp\/","url":"https:\/\/regiaonews.net.br\/2022\/2023\/12\/06\/deic-descobre-call-center-do-golpe-e-prende-24-pessoas-no-centro-de-sp\/","name":"Deic descobre \"call center do golpe\" e prende 24 pessoas no centro de SP - Regi\u00e3o News","isPartOf":{"@id":"https:\/\/regiaonews.net.br\/2022\/#website"},"primaryImageOfPage":{"@id":"https:\/\/regiaonews.net.br\/2022\/2023\/12\/06\/deic-descobre-call-center-do-golpe-e-prende-24-pessoas-no-centro-de-sp\/#primaryimage"},"image":{"@id":"https:\/\/regiaonews.net.br\/2022\/2023\/12\/06\/deic-descobre-call-center-do-golpe-e-prende-24-pessoas-no-centro-de-sp\/#primaryimage"},"thumbnailUrl":"https:\/\/regiaonews.net.br\/2022\/wp-content\/uploads\/2023\/12\/00052336.jpeg","datePublished":"2023-12-06T14:50:09+00:00","breadcrumb":{"@id":"https:\/\/regiaonews.net.br\/2022\/2023\/12\/06\/deic-descobre-call-center-do-golpe-e-prende-24-pessoas-no-centro-de-sp\/#breadcrumb"},"inLanguage":"pt-BR","potentialAction":[{"@type":"ReadAction","target":["https:\/\/regiaonews.net.br\/2022\/2023\/12\/06\/deic-descobre-call-center-do-golpe-e-prende-24-pessoas-no-centro-de-sp\/"]}]},{"@type":"ImageObject","inLanguage":"pt-BR","@id":"https:\/\/regiaonews.net.br\/2022\/2023\/12\/06\/deic-descobre-call-center-do-golpe-e-prende-24-pessoas-no-centro-de-sp\/#primaryimage","url":"https:\/\/regiaonews.net.br\/2022\/wp-content\/uploads\/2023\/12\/00052336.jpeg","contentUrl":"https:\/\/regiaonews.net.br\/2022\/wp-content\/uploads\/2023\/12\/00052336.jpeg","width":868,"height":1156},{"@type":"BreadcrumbList","@id":"https:\/\/regiaonews.net.br\/2022\/2023\/12\/06\/deic-descobre-call-center-do-golpe-e-prende-24-pessoas-no-centro-de-sp\/#breadcrumb","itemListElement":[{"@type":"ListItem","position":1,"name":"In\u00edcio","item":"https:\/\/regiaonews.net.br\/2022\/"},{"@type":"ListItem","position":2,"name":"Deic descobre &#8220;call center do golpe&#8221; e prende 24 pessoas no centro de SP"}]},{"@type":"WebSite","@id":"https:\/\/regiaonews.net.br\/2022\/#website","url":"https:\/\/regiaonews.net.br\/2022\/","name":"Regi\u00e3o News","description":"Site de Not\u00edcias de Barretos e regi\u00e3o","publisher":{"@id":"https:\/\/regiaonews.net.br\/2022\/#organization"},"potentialAction":[{"@type":"SearchAction","target":{"@type":"EntryPoint","urlTemplate":"https:\/\/regiaonews.net.br\/2022\/?s={search_term_string}"},"query-input":{"@type":"PropertyValueSpecification","valueRequired":true,"valueName":"search_term_string"}}],"inLanguage":"pt-BR"},{"@type":"Organization","@id":"https:\/\/regiaonews.net.br\/2022\/#organization","name":"Regi\u00e3o News","url":"https:\/\/regiaonews.net.br\/2022\/","logo":{"@type":"ImageObject","inLanguage":"pt-BR","@id":"https:\/\/regiaonews.net.br\/2022\/#\/schema\/logo\/image\/","url":"https:\/\/regiaonews.net.br\/2022\/wp-content\/uploads\/2026\/03\/regiao-13-anos-scaled.jpg","contentUrl":"https:\/\/regiaonews.net.br\/2022\/wp-content\/uploads\/2026\/03\/regiao-13-anos-scaled.jpg","width":2560,"height":635,"caption":"Regi\u00e3o News"},"image":{"@id":"https:\/\/regiaonews.net.br\/2022\/#\/schema\/logo\/image\/"}},{"@type":"Person","@id":"https:\/\/regiaonews.net.br\/2022\/#\/schema\/person\/2d205a608a5aa97ac279d7a5e6d89ad8","name":"Roberto","image":{"@type":"ImageObject","inLanguage":"pt-BR","@id":"https:\/\/secure.gravatar.com\/avatar\/42749d8b712ff9d59ca93dc150494e5b55a44134482993f5baeb97e61b7ecc89?s=96&d=mm&r=g","url":"https:\/\/secure.gravatar.com\/avatar\/42749d8b712ff9d59ca93dc150494e5b55a44134482993f5baeb97e61b7ecc89?s=96&d=mm&r=g","contentUrl":"https:\/\/secure.gravatar.com\/avatar\/42749d8b712ff9d59ca93dc150494e5b55a44134482993f5baeb97e61b7ecc89?s=96&d=mm&r=g","caption":"Roberto"},"url":"https:\/\/regiaonews.net.br\/2022\/author\/roberto\/"}]}},"publishpress_future_action":{"enabled":false,"date":"2026-05-04 05:51:04","action":"change-status","newStatus":"draft","terms":[],"taxonomy":"category","extraData":[]},"publishpress_future_workflow_manual_trigger":{"enabledWorkflows":[]},"_links":{"self":[{"href":"https:\/\/regiaonews.net.br\/2022\/wp-json\/wp\/v2\/posts\/98670","targetHints":{"allow":["GET"]}}],"collection":[{"href":"https:\/\/regiaonews.net.br\/2022\/wp-json\/wp\/v2\/posts"}],"about":[{"href":"https:\/\/regiaonews.net.br\/2022\/wp-json\/wp\/v2\/types\/post"}],"author":[{"embeddable":true,"href":"https:\/\/regiaonews.net.br\/2022\/wp-json\/wp\/v2\/users\/2"}],"replies":[{"embeddable":true,"href":"https:\/\/regiaonews.net.br\/2022\/wp-json\/wp\/v2\/comments?post=98670"}],"version-history":[{"count":1,"href":"https:\/\/regiaonews.net.br\/2022\/wp-json\/wp\/v2\/posts\/98670\/revisions"}],"predecessor-version":[{"id":98672,"href":"https:\/\/regiaonews.net.br\/2022\/wp-json\/wp\/v2\/posts\/98670\/revisions\/98672"}],"wp:featuredmedia":[{"embeddable":true,"href":"https:\/\/regiaonews.net.br\/2022\/wp-json\/wp\/v2\/media\/98671"}],"wp:attachment":[{"href":"https:\/\/regiaonews.net.br\/2022\/wp-json\/wp\/v2\/media?parent=98670"}],"wp:term":[{"taxonomy":"category","embeddable":true,"href":"https:\/\/regiaonews.net.br\/2022\/wp-json\/wp\/v2\/categories?post=98670"},{"taxonomy":"post_tag","embeddable":true,"href":"https:\/\/regiaonews.net.br\/2022\/wp-json\/wp\/v2\/tags?post=98670"}],"curies":[{"name":"wp","href":"https:\/\/api.w.org\/{rel}","templated":true}]}}