{"id":98632,"date":"2023-12-05T21:48:52","date_gmt":"2023-12-06T00:48:52","guid":{"rendered":"https:\/\/regiaonews.net.br\/2022\/?p=98632"},"modified":"2023-12-05T21:48:52","modified_gmt":"2023-12-06T00:48:52","slug":"evento-tematico-realizara-testes-para-diagnostico-de-asma","status":"publish","type":"post","link":"https:\/\/regiaonews.net.br\/2022\/2023\/12\/05\/evento-tematico-realizara-testes-para-diagnostico-de-asma\/","title":{"rendered":"Evento tem\u00e1tico realizar\u00e1 testes para diagn\u00f3stico de Asma"},"content":{"rendered":"<ul>\n<li>A\u00e7\u00e3o \u201cControlando a Asma com Alegria\u201d ser\u00e1 realizada neste s\u00e1bado, dia 9, na Pra\u00e7a da Primavera<\/li>\n<\/ul>\n<p>Um circo armado na Pra\u00e7a da Primavera. Nele, a popula\u00e7\u00e3o ter\u00e1 a oportunidade de realizar, gratuitamente, testes e ficar sabendo se tem asma e, a partir disso, como fazer o controle para ter uma vida feliz lidando com a doen\u00e7a. O evento \u201cControlando a Asma com Alegria\u201d \u00e9 realizado neste s\u00e1bado, dia 9 de dezembro, das 9 \u00e0s 16h, na Pra\u00e7a da Primavera.<br \/>\nA a\u00e7\u00e3o \u00e9 desenvolvida pela Associa\u00e7\u00e3o Brasileira de Asm\u00e1ticos (ABRA), com apoio do Instituto Respire, do Hospital de Amor, da Prefeitura da Est\u00e2ncia Tur\u00edstica de Barretos, ACIB e de empresas parceiras do evento.<br \/>\nA iniciativa in\u00e9dita atrela, a um ambiente de descontra\u00e7\u00e3o, a descoberta dessa doen\u00e7a importante, que as estimativas apontam que atinge 20 milh\u00f5es de pessoas no Brasil e muitos n\u00e3o sabem. Os organizadores buscam demonstrar que \u00e9 poss\u00edvel viver de forma saud\u00e1vel e aproveitar muitos momentos especiais da vida se a pessoa souber que tem Asma e realizar o controle da doen\u00e7a.<br \/>\nA a\u00e7\u00e3o busca promover, gratuitamente, conscientiza\u00e7\u00e3o e orienta\u00e7\u00e3o sobre Asma, DPOC, Rinite e outras doen\u00e7as correlatas. Toda a popula\u00e7\u00e3o \u00e9 convidada a comparecer ao evento, sem necessidade de realizar inscri\u00e7\u00e3o pr\u00e9via, e receber informa\u00e7\u00e3o sobre a import\u00e2ncia do tratamento dessa doen\u00e7a cr\u00f4nica para evitar sintomas graves.<br \/>\nA ABRA lembra que a Asma tem alta preval\u00eancia no Brasil e elevado \u00edndice de hospitaliza\u00e7\u00e3o e mortalidade. Em torno de seis pessoas morrem diariamente no Pa\u00eds em decorr\u00eancia da doen\u00e7a.<\/p>\n<p>Din\u00e2mica do evento<\/p>\n<p>Entre 9 e 16 horas, a a\u00e7\u00e3o \u201cControlando a Asma com Alegria\u201d proporcionar\u00e1 v\u00e1rias atra\u00e7\u00f5es, tendo como pano de fundo o circo. Com o lema \u201cTodo asm\u00e1tico tem o direito de ser feliz\u201d, os participantes ser\u00e3o guiados por artistas circenses em atividades com foco no sistema respirat\u00f3rio. M\u00e9dicos da ABRA, do Instituto Respire e da Secretaria Municipal de Sa\u00fade v\u00e3o identificar e convidar para a triagem os participantes que apresentarem dificuldade na execu\u00e7\u00e3o das atividades propostas.<br \/>\nAp\u00f3s a triagem, ser\u00e3o oferecidos testes e exames, al\u00e9m de orienta\u00e7\u00e3o sobre a import\u00e2ncia do tratamento e controle da asma, demonstra\u00e7\u00e3o de como usar os dispositivos inalat\u00f3rios corretamente e orienta\u00e7\u00e3o sobre tratamento com medicamentos imunobiol\u00f3gicos. A Secretaria de Sa\u00fade disponibilizar\u00e1 tamb\u00e9m vacina\u00e7\u00e3o contra gripe.<br \/>\nO Hospital de Amor, com apoio do Programa Nacional de Apoio \u00e0 Aten\u00e7\u00e3o Oncol\u00f3gica (PRONON), tamb\u00e9m estar\u00e1 presente, realizando gratuitamente tomografia computadorizada de baixa dose, ap\u00f3s triagem, em pessoas entre 55 e 75 anos que sejam fumantes ou ex-fumantes e que possuam alto risco para desenvolver c\u00e2ncer de pulm\u00e3o.<\/p>\n<p>Import\u00e2ncia do tratamento constante<br \/>\nA ABRA lembra que atualmente a uma variedade de tratamentos de alta efic\u00e1cia para a Asma, os quais evoluem constantemente. \u00c9 vital que os pacientes com patologia cr\u00f4nica sejam orientados sobre a import\u00e2ncia do tratamento correto e sem interrup\u00e7\u00e3o. O controle total \u00e9 poss\u00edvel e, em alguns casos, \u00e9 poss\u00edvel alcan\u00e7ar a remiss\u00e3o dos sintomas (ou seja, a pessoa pode at\u00e9 ficar sem sintomas, com o tratamento adequado). Isso n\u00e3o quer dizer que tenha deixado de ter asma: Uma vez que a pessoa tem asma, existe a chance de recorrer os sintomas ao longo da vida. \u00c0s vezes, em per\u00edodos de meses ou anos.<br \/>\nA preval\u00eancia da Asma na popula\u00e7\u00e3o mundial \u00e9 de aproximadamente 300 milh\u00f5es. Estima-se que ocorram mundialmente 250 mil mortes em decorr\u00eancia da Asma a cada ano.<br \/>\nA Asma \u00e9 uma doen\u00e7a cr\u00f4nica e um dos problemas respirat\u00f3rios mais recorrentes no Brasil, sendo que mais de 80% dos asm\u00e1ticos n\u00e3o t\u00eam o controle adequado da sua patologia, o que causa limita\u00e7\u00f5es em suas rotinas di\u00e1rias, consultas m\u00e9dicas frequentes, atendimento de emerg\u00eancia e hospitaliza\u00e7\u00e3o.<\/p>\n","protected":false},"excerpt":{"rendered":"<p>A\u00e7\u00e3o \u201cControlando a Asma com Alegria\u201d ser\u00e1 realizada neste s\u00e1bado,<\/p>\n","protected":false},"author":2,"featured_media":98633,"comment_status":"open","ping_status":"open","sticky":false,"template":"","format":"standard","meta":{"footnotes":""},"categories":[14,25],"tags":[],"class_list":["post-98632","post","type-post","status-publish","format-standard","has-post-thumbnail","hentry","category-barretos","category-cidades"],"yoast_head":"<!-- This site is optimized with the Yoast SEO plugin v27.4 - https:\/\/yoast.com\/product\/yoast-seo-wordpress\/ -->\n<title>Evento tem\u00e1tico realizar\u00e1 testes para diagn\u00f3stico de Asma - Regi\u00e3o News<\/title>\n<meta name=\"robots\" content=\"index, follow, max-snippet:-1, max-image-preview:large, max-video-preview:-1\" \/>\n<link rel=\"canonical\" href=\"https:\/\/regiaonews.net.br\/2022\/2023\/12\/05\/evento-tematico-realizara-testes-para-diagnostico-de-asma\/\" \/>\n<meta property=\"og:locale\" content=\"pt_BR\" \/>\n<meta property=\"og:type\" content=\"article\" \/>\n<meta property=\"og:title\" content=\"Evento tem\u00e1tico realizar\u00e1 testes para diagn\u00f3stico de Asma - Regi\u00e3o News\" \/>\n<meta property=\"og:description\" content=\"A\u00e7\u00e3o \u201cControlando a Asma com Alegria\u201d ser\u00e1 realizada neste s\u00e1bado,\" \/>\n<meta property=\"og:url\" content=\"https:\/\/regiaonews.net.br\/2022\/2023\/12\/05\/evento-tematico-realizara-testes-para-diagnostico-de-asma\/\" \/>\n<meta property=\"og:site_name\" content=\"Regi\u00e3o News\" \/>\n<meta property=\"article:published_time\" content=\"2023-12-06T00:48:52+00:00\" \/>\n<meta property=\"og:image\" content=\"https:\/\/regiaonews.net.br\/2022\/wp-content\/uploads\/2023\/12\/WhatsApp-Image-2023-12-05-at-21.44.55.jpeg\" \/>\n\t<meta property=\"og:image:width\" content=\"1600\" \/>\n\t<meta property=\"og:image:height\" content=\"1068\" \/>\n\t<meta property=\"og:image:type\" content=\"image\/jpeg\" \/>\n<meta name=\"author\" content=\"Roberto\" \/>\n<meta name=\"twitter:card\" content=\"summary_large_image\" \/>\n<meta name=\"twitter:label1\" content=\"Escrito por\" \/>\n\t<meta name=\"twitter:data1\" content=\"Roberto\" \/>\n\t<meta name=\"twitter:label2\" content=\"Est. tempo de leitura\" \/>\n\t<meta name=\"twitter:data2\" content=\"4 minutos\" \/>\n<script type=\"application\/ld+json\" class=\"yoast-schema-graph\">{\"@context\":\"https:\\\/\\\/schema.org\",\"@graph\":[{\"@type\":\"Article\",\"@id\":\"https:\\\/\\\/regiaonews.net.br\\\/2022\\\/2023\\\/12\\\/05\\\/evento-tematico-realizara-testes-para-diagnostico-de-asma\\\/#article\",\"isPartOf\":{\"@id\":\"https:\\\/\\\/regiaonews.net.br\\\/2022\\\/2023\\\/12\\\/05\\\/evento-tematico-realizara-testes-para-diagnostico-de-asma\\\/\"},\"author\":{\"name\":\"Roberto\",\"@id\":\"https:\\\/\\\/regiaonews.net.br\\\/2022\\\/#\\\/schema\\\/person\\\/2d205a608a5aa97ac279d7a5e6d89ad8\"},\"headline\":\"Evento tem\u00e1tico realizar\u00e1 testes para diagn\u00f3stico de Asma\",\"datePublished\":\"2023-12-06T00:48:52+00:00\",\"mainEntityOfPage\":{\"@id\":\"https:\\\/\\\/regiaonews.net.br\\\/2022\\\/2023\\\/12\\\/05\\\/evento-tematico-realizara-testes-para-diagnostico-de-asma\\\/\"},\"wordCount\":683,\"commentCount\":0,\"publisher\":{\"@id\":\"https:\\\/\\\/regiaonews.net.br\\\/2022\\\/#organization\"},\"image\":{\"@id\":\"https:\\\/\\\/regiaonews.net.br\\\/2022\\\/2023\\\/12\\\/05\\\/evento-tematico-realizara-testes-para-diagnostico-de-asma\\\/#primaryimage\"},\"thumbnailUrl\":\"https:\\\/\\\/regiaonews.net.br\\\/2022\\\/wp-content\\\/uploads\\\/2023\\\/12\\\/WhatsApp-Image-2023-12-05-at-21.44.55.jpeg\",\"articleSection\":[\"Barretos\",\"Cidades\"],\"inLanguage\":\"pt-BR\",\"potentialAction\":[{\"@type\":\"CommentAction\",\"name\":\"Comment\",\"target\":[\"https:\\\/\\\/regiaonews.net.br\\\/2022\\\/2023\\\/12\\\/05\\\/evento-tematico-realizara-testes-para-diagnostico-de-asma\\\/#respond\"]}]},{\"@type\":\"WebPage\",\"@id\":\"https:\\\/\\\/regiaonews.net.br\\\/2022\\\/2023\\\/12\\\/05\\\/evento-tematico-realizara-testes-para-diagnostico-de-asma\\\/\",\"url\":\"https:\\\/\\\/regiaonews.net.br\\\/2022\\\/2023\\\/12\\\/05\\\/evento-tematico-realizara-testes-para-diagnostico-de-asma\\\/\",\"name\":\"Evento tem\u00e1tico realizar\u00e1 testes para diagn\u00f3stico de Asma - Regi\u00e3o News\",\"isPartOf\":{\"@id\":\"https:\\\/\\\/regiaonews.net.br\\\/2022\\\/#website\"},\"primaryImageOfPage\":{\"@id\":\"https:\\\/\\\/regiaonews.net.br\\\/2022\\\/2023\\\/12\\\/05\\\/evento-tematico-realizara-testes-para-diagnostico-de-asma\\\/#primaryimage\"},\"image\":{\"@id\":\"https:\\\/\\\/regiaonews.net.br\\\/2022\\\/2023\\\/12\\\/05\\\/evento-tematico-realizara-testes-para-diagnostico-de-asma\\\/#primaryimage\"},\"thumbnailUrl\":\"https:\\\/\\\/regiaonews.net.br\\\/2022\\\/wp-content\\\/uploads\\\/2023\\\/12\\\/WhatsApp-Image-2023-12-05-at-21.44.55.jpeg\",\"datePublished\":\"2023-12-06T00:48:52+00:00\",\"breadcrumb\":{\"@id\":\"https:\\\/\\\/regiaonews.net.br\\\/2022\\\/2023\\\/12\\\/05\\\/evento-tematico-realizara-testes-para-diagnostico-de-asma\\\/#breadcrumb\"},\"inLanguage\":\"pt-BR\",\"potentialAction\":[{\"@type\":\"ReadAction\",\"target\":[\"https:\\\/\\\/regiaonews.net.br\\\/2022\\\/2023\\\/12\\\/05\\\/evento-tematico-realizara-testes-para-diagnostico-de-asma\\\/\"]}]},{\"@type\":\"ImageObject\",\"inLanguage\":\"pt-BR\",\"@id\":\"https:\\\/\\\/regiaonews.net.br\\\/2022\\\/2023\\\/12\\\/05\\\/evento-tematico-realizara-testes-para-diagnostico-de-asma\\\/#primaryimage\",\"url\":\"https:\\\/\\\/regiaonews.net.br\\\/2022\\\/wp-content\\\/uploads\\\/2023\\\/12\\\/WhatsApp-Image-2023-12-05-at-21.44.55.jpeg\",\"contentUrl\":\"https:\\\/\\\/regiaonews.net.br\\\/2022\\\/wp-content\\\/uploads\\\/2023\\\/12\\\/WhatsApp-Image-2023-12-05-at-21.44.55.jpeg\",\"width\":1600,\"height\":1068},{\"@type\":\"BreadcrumbList\",\"@id\":\"https:\\\/\\\/regiaonews.net.br\\\/2022\\\/2023\\\/12\\\/05\\\/evento-tematico-realizara-testes-para-diagnostico-de-asma\\\/#breadcrumb\",\"itemListElement\":[{\"@type\":\"ListItem\",\"position\":1,\"name\":\"In\u00edcio\",\"item\":\"https:\\\/\\\/regiaonews.net.br\\\/2022\\\/\"},{\"@type\":\"ListItem\",\"position\":2,\"name\":\"Evento tem\u00e1tico realizar\u00e1 testes para diagn\u00f3stico de Asma\"}]},{\"@type\":\"WebSite\",\"@id\":\"https:\\\/\\\/regiaonews.net.br\\\/2022\\\/#website\",\"url\":\"https:\\\/\\\/regiaonews.net.br\\\/2022\\\/\",\"name\":\"Regi\u00e3o News\",\"description\":\"Site de Not\u00edcias de Barretos e regi\u00e3o\",\"publisher\":{\"@id\":\"https:\\\/\\\/regiaonews.net.br\\\/2022\\\/#organization\"},\"potentialAction\":[{\"@type\":\"SearchAction\",\"target\":{\"@type\":\"EntryPoint\",\"urlTemplate\":\"https:\\\/\\\/regiaonews.net.br\\\/2022\\\/?s={search_term_string}\"},\"query-input\":{\"@type\":\"PropertyValueSpecification\",\"valueRequired\":true,\"valueName\":\"search_term_string\"}}],\"inLanguage\":\"pt-BR\"},{\"@type\":\"Organization\",\"@id\":\"https:\\\/\\\/regiaonews.net.br\\\/2022\\\/#organization\",\"name\":\"Regi\u00e3o News\",\"url\":\"https:\\\/\\\/regiaonews.net.br\\\/2022\\\/\",\"logo\":{\"@type\":\"ImageObject\",\"inLanguage\":\"pt-BR\",\"@id\":\"https:\\\/\\\/regiaonews.net.br\\\/2022\\\/#\\\/schema\\\/logo\\\/image\\\/\",\"url\":\"https:\\\/\\\/regiaonews.net.br\\\/2022\\\/wp-content\\\/uploads\\\/2026\\\/03\\\/regiao-13-anos-scaled.jpg\",\"contentUrl\":\"https:\\\/\\\/regiaonews.net.br\\\/2022\\\/wp-content\\\/uploads\\\/2026\\\/03\\\/regiao-13-anos-scaled.jpg\",\"width\":2560,\"height\":635,\"caption\":\"Regi\u00e3o News\"},\"image\":{\"@id\":\"https:\\\/\\\/regiaonews.net.br\\\/2022\\\/#\\\/schema\\\/logo\\\/image\\\/\"}},{\"@type\":\"Person\",\"@id\":\"https:\\\/\\\/regiaonews.net.br\\\/2022\\\/#\\\/schema\\\/person\\\/2d205a608a5aa97ac279d7a5e6d89ad8\",\"name\":\"Roberto\",\"image\":{\"@type\":\"ImageObject\",\"inLanguage\":\"pt-BR\",\"@id\":\"https:\\\/\\\/secure.gravatar.com\\\/avatar\\\/42749d8b712ff9d59ca93dc150494e5b55a44134482993f5baeb97e61b7ecc89?s=96&d=mm&r=g\",\"url\":\"https:\\\/\\\/secure.gravatar.com\\\/avatar\\\/42749d8b712ff9d59ca93dc150494e5b55a44134482993f5baeb97e61b7ecc89?s=96&d=mm&r=g\",\"contentUrl\":\"https:\\\/\\\/secure.gravatar.com\\\/avatar\\\/42749d8b712ff9d59ca93dc150494e5b55a44134482993f5baeb97e61b7ecc89?s=96&d=mm&r=g\",\"caption\":\"Roberto\"},\"url\":\"https:\\\/\\\/regiaonews.net.br\\\/2022\\\/author\\\/roberto\\\/\"}]}<\/script>\n<!-- \/ Yoast SEO plugin. -->","yoast_head_json":{"title":"Evento tem\u00e1tico realizar\u00e1 testes para diagn\u00f3stico de Asma - Regi\u00e3o News","robots":{"index":"index","follow":"follow","max-snippet":"max-snippet:-1","max-image-preview":"max-image-preview:large","max-video-preview":"max-video-preview:-1"},"canonical":"https:\/\/regiaonews.net.br\/2022\/2023\/12\/05\/evento-tematico-realizara-testes-para-diagnostico-de-asma\/","og_locale":"pt_BR","og_type":"article","og_title":"Evento tem\u00e1tico realizar\u00e1 testes para diagn\u00f3stico de Asma - Regi\u00e3o News","og_description":"A\u00e7\u00e3o \u201cControlando a Asma com Alegria\u201d ser\u00e1 realizada neste s\u00e1bado,","og_url":"https:\/\/regiaonews.net.br\/2022\/2023\/12\/05\/evento-tematico-realizara-testes-para-diagnostico-de-asma\/","og_site_name":"Regi\u00e3o News","article_published_time":"2023-12-06T00:48:52+00:00","og_image":[{"width":1600,"height":1068,"url":"https:\/\/regiaonews.net.br\/2022\/wp-content\/uploads\/2023\/12\/WhatsApp-Image-2023-12-05-at-21.44.55.jpeg","type":"image\/jpeg"}],"author":"Roberto","twitter_card":"summary_large_image","twitter_misc":{"Escrito por":"Roberto","Est. tempo de leitura":"4 minutos"},"schema":{"@context":"https:\/\/schema.org","@graph":[{"@type":"Article","@id":"https:\/\/regiaonews.net.br\/2022\/2023\/12\/05\/evento-tematico-realizara-testes-para-diagnostico-de-asma\/#article","isPartOf":{"@id":"https:\/\/regiaonews.net.br\/2022\/2023\/12\/05\/evento-tematico-realizara-testes-para-diagnostico-de-asma\/"},"author":{"name":"Roberto","@id":"https:\/\/regiaonews.net.br\/2022\/#\/schema\/person\/2d205a608a5aa97ac279d7a5e6d89ad8"},"headline":"Evento tem\u00e1tico realizar\u00e1 testes para diagn\u00f3stico de Asma","datePublished":"2023-12-06T00:48:52+00:00","mainEntityOfPage":{"@id":"https:\/\/regiaonews.net.br\/2022\/2023\/12\/05\/evento-tematico-realizara-testes-para-diagnostico-de-asma\/"},"wordCount":683,"commentCount":0,"publisher":{"@id":"https:\/\/regiaonews.net.br\/2022\/#organization"},"image":{"@id":"https:\/\/regiaonews.net.br\/2022\/2023\/12\/05\/evento-tematico-realizara-testes-para-diagnostico-de-asma\/#primaryimage"},"thumbnailUrl":"https:\/\/regiaonews.net.br\/2022\/wp-content\/uploads\/2023\/12\/WhatsApp-Image-2023-12-05-at-21.44.55.jpeg","articleSection":["Barretos","Cidades"],"inLanguage":"pt-BR","potentialAction":[{"@type":"CommentAction","name":"Comment","target":["https:\/\/regiaonews.net.br\/2022\/2023\/12\/05\/evento-tematico-realizara-testes-para-diagnostico-de-asma\/#respond"]}]},{"@type":"WebPage","@id":"https:\/\/regiaonews.net.br\/2022\/2023\/12\/05\/evento-tematico-realizara-testes-para-diagnostico-de-asma\/","url":"https:\/\/regiaonews.net.br\/2022\/2023\/12\/05\/evento-tematico-realizara-testes-para-diagnostico-de-asma\/","name":"Evento tem\u00e1tico realizar\u00e1 testes para diagn\u00f3stico de Asma - Regi\u00e3o News","isPartOf":{"@id":"https:\/\/regiaonews.net.br\/2022\/#website"},"primaryImageOfPage":{"@id":"https:\/\/regiaonews.net.br\/2022\/2023\/12\/05\/evento-tematico-realizara-testes-para-diagnostico-de-asma\/#primaryimage"},"image":{"@id":"https:\/\/regiaonews.net.br\/2022\/2023\/12\/05\/evento-tematico-realizara-testes-para-diagnostico-de-asma\/#primaryimage"},"thumbnailUrl":"https:\/\/regiaonews.net.br\/2022\/wp-content\/uploads\/2023\/12\/WhatsApp-Image-2023-12-05-at-21.44.55.jpeg","datePublished":"2023-12-06T00:48:52+00:00","breadcrumb":{"@id":"https:\/\/regiaonews.net.br\/2022\/2023\/12\/05\/evento-tematico-realizara-testes-para-diagnostico-de-asma\/#breadcrumb"},"inLanguage":"pt-BR","potentialAction":[{"@type":"ReadAction","target":["https:\/\/regiaonews.net.br\/2022\/2023\/12\/05\/evento-tematico-realizara-testes-para-diagnostico-de-asma\/"]}]},{"@type":"ImageObject","inLanguage":"pt-BR","@id":"https:\/\/regiaonews.net.br\/2022\/2023\/12\/05\/evento-tematico-realizara-testes-para-diagnostico-de-asma\/#primaryimage","url":"https:\/\/regiaonews.net.br\/2022\/wp-content\/uploads\/2023\/12\/WhatsApp-Image-2023-12-05-at-21.44.55.jpeg","contentUrl":"https:\/\/regiaonews.net.br\/2022\/wp-content\/uploads\/2023\/12\/WhatsApp-Image-2023-12-05-at-21.44.55.jpeg","width":1600,"height":1068},{"@type":"BreadcrumbList","@id":"https:\/\/regiaonews.net.br\/2022\/2023\/12\/05\/evento-tematico-realizara-testes-para-diagnostico-de-asma\/#breadcrumb","itemListElement":[{"@type":"ListItem","position":1,"name":"In\u00edcio","item":"https:\/\/regiaonews.net.br\/2022\/"},{"@type":"ListItem","position":2,"name":"Evento tem\u00e1tico realizar\u00e1 testes para diagn\u00f3stico de Asma"}]},{"@type":"WebSite","@id":"https:\/\/regiaonews.net.br\/2022\/#website","url":"https:\/\/regiaonews.net.br\/2022\/","name":"Regi\u00e3o News","description":"Site de Not\u00edcias de Barretos e regi\u00e3o","publisher":{"@id":"https:\/\/regiaonews.net.br\/2022\/#organization"},"potentialAction":[{"@type":"SearchAction","target":{"@type":"EntryPoint","urlTemplate":"https:\/\/regiaonews.net.br\/2022\/?s={search_term_string}"},"query-input":{"@type":"PropertyValueSpecification","valueRequired":true,"valueName":"search_term_string"}}],"inLanguage":"pt-BR"},{"@type":"Organization","@id":"https:\/\/regiaonews.net.br\/2022\/#organization","name":"Regi\u00e3o News","url":"https:\/\/regiaonews.net.br\/2022\/","logo":{"@type":"ImageObject","inLanguage":"pt-BR","@id":"https:\/\/regiaonews.net.br\/2022\/#\/schema\/logo\/image\/","url":"https:\/\/regiaonews.net.br\/2022\/wp-content\/uploads\/2026\/03\/regiao-13-anos-scaled.jpg","contentUrl":"https:\/\/regiaonews.net.br\/2022\/wp-content\/uploads\/2026\/03\/regiao-13-anos-scaled.jpg","width":2560,"height":635,"caption":"Regi\u00e3o News"},"image":{"@id":"https:\/\/regiaonews.net.br\/2022\/#\/schema\/logo\/image\/"}},{"@type":"Person","@id":"https:\/\/regiaonews.net.br\/2022\/#\/schema\/person\/2d205a608a5aa97ac279d7a5e6d89ad8","name":"Roberto","image":{"@type":"ImageObject","inLanguage":"pt-BR","@id":"https:\/\/secure.gravatar.com\/avatar\/42749d8b712ff9d59ca93dc150494e5b55a44134482993f5baeb97e61b7ecc89?s=96&d=mm&r=g","url":"https:\/\/secure.gravatar.com\/avatar\/42749d8b712ff9d59ca93dc150494e5b55a44134482993f5baeb97e61b7ecc89?s=96&d=mm&r=g","contentUrl":"https:\/\/secure.gravatar.com\/avatar\/42749d8b712ff9d59ca93dc150494e5b55a44134482993f5baeb97e61b7ecc89?s=96&d=mm&r=g","caption":"Roberto"},"url":"https:\/\/regiaonews.net.br\/2022\/author\/roberto\/"}]}},"publishpress_future_action":{"enabled":false,"date":"2026-05-04 07:25:03","action":"change-status","newStatus":"draft","terms":[],"taxonomy":"category","extraData":[]},"publishpress_future_workflow_manual_trigger":{"enabledWorkflows":[]},"_links":{"self":[{"href":"https:\/\/regiaonews.net.br\/2022\/wp-json\/wp\/v2\/posts\/98632","targetHints":{"allow":["GET"]}}],"collection":[{"href":"https:\/\/regiaonews.net.br\/2022\/wp-json\/wp\/v2\/posts"}],"about":[{"href":"https:\/\/regiaonews.net.br\/2022\/wp-json\/wp\/v2\/types\/post"}],"author":[{"embeddable":true,"href":"https:\/\/regiaonews.net.br\/2022\/wp-json\/wp\/v2\/users\/2"}],"replies":[{"embeddable":true,"href":"https:\/\/regiaonews.net.br\/2022\/wp-json\/wp\/v2\/comments?post=98632"}],"version-history":[{"count":1,"href":"https:\/\/regiaonews.net.br\/2022\/wp-json\/wp\/v2\/posts\/98632\/revisions"}],"predecessor-version":[{"id":98634,"href":"https:\/\/regiaonews.net.br\/2022\/wp-json\/wp\/v2\/posts\/98632\/revisions\/98634"}],"wp:featuredmedia":[{"embeddable":true,"href":"https:\/\/regiaonews.net.br\/2022\/wp-json\/wp\/v2\/media\/98633"}],"wp:attachment":[{"href":"https:\/\/regiaonews.net.br\/2022\/wp-json\/wp\/v2\/media?parent=98632"}],"wp:term":[{"taxonomy":"category","embeddable":true,"href":"https:\/\/regiaonews.net.br\/2022\/wp-json\/wp\/v2\/categories?post=98632"},{"taxonomy":"post_tag","embeddable":true,"href":"https:\/\/regiaonews.net.br\/2022\/wp-json\/wp\/v2\/tags?post=98632"}],"curies":[{"name":"wp","href":"https:\/\/api.w.org\/{rel}","templated":true}]}}