{"id":98626,"date":"2023-12-05T19:26:08","date_gmt":"2023-12-05T22:26:08","guid":{"rendered":"https:\/\/regiaonews.net.br\/2022\/?p=98626"},"modified":"2023-12-05T22:43:25","modified_gmt":"2023-12-06T01:43:25","slug":"prefeitura-de-barretos-abre-processo-eleitoral-para-eleicao-da-comissao-interna-de-prevencao-de-acidentes-cipa-2024-2025","status":"publish","type":"post","link":"https:\/\/regiaonews.net.br\/2022\/2023\/12\/05\/prefeitura-de-barretos-abre-processo-eleitoral-para-eleicao-da-comissao-interna-de-prevencao-de-acidentes-cipa-2024-2025\/","title":{"rendered":"Prefeitura de Barretos abre processo eleitoral para elei\u00e7\u00e3o da CIPA"},"content":{"rendered":"<p>Candidatos podem se inscrever at\u00e9 dia 19 de dezembro; elei\u00e7\u00e3o ocorrer\u00e1 no per\u00edodo de 27 a 29<\/p>\n<p>A Prefeitura da Est\u00e2ncia Tur\u00edstica de Barretos, por meio da Secretaria Municipal de Administra\u00e7\u00e3o, deu in\u00edcio ao processo eleitoral para elei\u00e7\u00e3o de membros para a Comiss\u00e3o Interna de Preven\u00e7\u00e3o de Acidentes (CIPA) \u2013 Gest\u00e3o 2024\/2025. O edital de convoca\u00e7\u00e3o e regimento foi publicado na edi\u00e7\u00e3o n\u00b02497, de 4 de dezembro, da Folha de Barretos.<br \/>\nA CIPA \u00e9 composta por Representantes dos Servidores, escolhidos atrav\u00e9s de elei\u00e7\u00e3o secreta (seis membros titulares e cinco suplentes, obedecida a ordem de vota\u00e7\u00e3o), e da Administra\u00e7\u00e3o, sendo estes indicados pela Prefeita (seis membros titulares e cinco suplentes).<br \/>\nInscri\u00e7\u00f5es<br \/>\nPodem participar do Processo Eleitoral da CIPA \u2013 Gest\u00e3o 2024\/2025, todos os servidores p\u00fablicos efetivos da Administra\u00e7\u00e3o Municipal Direta. Os interessados em se candidatar \u00e0 elei\u00e7\u00e3o dever\u00e3o realizar sua inscri\u00e7\u00e3o junto aos membros da Comiss\u00e3o Eleitoral (CE) que ser\u00e1 instalada no Servi\u00e7o Especializado em Engenharia de Seguran\u00e7a e em Medicina do Trabalho (SESMT), no Complexo Administrativo M\u00e9lek Zaiden Geraige, localizado na Rua 30, 564, Sala 26, Centro, no per\u00edodo de 05 a 19 de dezembro, em dias \u00fateis, das 13h \u00e0s 16h. A lista dos candidatos aptos ser\u00e1 divulgada at\u00e9 o dia 20.<br \/>\nElei\u00e7\u00e3o e posse<br \/>\nA vota\u00e7\u00e3o ter\u00e1 in\u00edcio \u00e0s 10h do dia de 27 e se encerrar\u00e1 \u00e0s 14h do dia 29 de dezembro, com voto secreto e exclusivamente por meio eletr\u00f4nico, atrav\u00e9s do site da Prefeitura do Munic\u00edpio de Barretos. A apura\u00e7\u00e3o dos votos e o resultado da elei\u00e7\u00e3o ser\u00e3o divulgados a partir das 15h do dia 29.<br \/>\nA posse dos membros da CIPA, titulares e suplentes, ocorrer\u00e1 at\u00e9 09 de janeiro de 2024.<\/p>\n<p>&nbsp;<\/p>\n","protected":false},"excerpt":{"rendered":"<p>Candidatos podem se inscrever at\u00e9 dia 19 de dezembro; elei\u00e7\u00e3o<\/p>\n","protected":false},"author":2,"featured_media":98627,"comment_status":"open","ping_status":"open","sticky":false,"template":"","format":"standard","meta":{"footnotes":""},"categories":[14,25],"tags":[],"class_list":["post-98626","post","type-post","status-publish","format-standard","has-post-thumbnail","hentry","category-barretos","category-cidades"],"yoast_head":"<!-- This site is optimized with the Yoast SEO plugin v27.4 - https:\/\/yoast.com\/product\/yoast-seo-wordpress\/ -->\n<title>Prefeitura de Barretos abre processo eleitoral para elei\u00e7\u00e3o da CIPA - Regi\u00e3o News<\/title>\n<meta name=\"robots\" content=\"index, follow, max-snippet:-1, max-image-preview:large, max-video-preview:-1\" \/>\n<link rel=\"canonical\" href=\"https:\/\/regiaonews.net.br\/2022\/2023\/12\/05\/prefeitura-de-barretos-abre-processo-eleitoral-para-eleicao-da-comissao-interna-de-prevencao-de-acidentes-cipa-2024-2025\/\" \/>\n<meta property=\"og:locale\" content=\"pt_BR\" \/>\n<meta property=\"og:type\" content=\"article\" \/>\n<meta property=\"og:title\" content=\"Prefeitura de Barretos abre processo eleitoral para elei\u00e7\u00e3o da CIPA - Regi\u00e3o News\" \/>\n<meta property=\"og:description\" content=\"Candidatos podem se inscrever at\u00e9 dia 19 de dezembro; elei\u00e7\u00e3o\" \/>\n<meta property=\"og:url\" content=\"https:\/\/regiaonews.net.br\/2022\/2023\/12\/05\/prefeitura-de-barretos-abre-processo-eleitoral-para-eleicao-da-comissao-interna-de-prevencao-de-acidentes-cipa-2024-2025\/\" \/>\n<meta property=\"og:site_name\" content=\"Regi\u00e3o News\" \/>\n<meta property=\"article:published_time\" content=\"2023-12-05T22:26:08+00:00\" \/>\n<meta property=\"article:modified_time\" content=\"2023-12-06T01:43:25+00:00\" \/>\n<meta property=\"og:image\" content=\"https:\/\/regiaonews.net.br\/2022\/wp-content\/uploads\/2023\/12\/WhatsApp-Image-2023-12-05-at-17.12.35.jpeg\" \/>\n\t<meta property=\"og:image:width\" content=\"1024\" \/>\n\t<meta property=\"og:image:height\" content=\"679\" \/>\n\t<meta property=\"og:image:type\" content=\"image\/jpeg\" \/>\n<meta name=\"author\" content=\"Roberto\" \/>\n<meta name=\"twitter:card\" content=\"summary_large_image\" \/>\n<meta name=\"twitter:label1\" content=\"Escrito por\" \/>\n\t<meta name=\"twitter:data1\" content=\"Roberto\" \/>\n\t<meta name=\"twitter:label2\" content=\"Est. tempo de leitura\" \/>\n\t<meta name=\"twitter:data2\" content=\"2 minutos\" \/>\n<script type=\"application\/ld+json\" class=\"yoast-schema-graph\">{\"@context\":\"https:\\\/\\\/schema.org\",\"@graph\":[{\"@type\":\"Article\",\"@id\":\"https:\\\/\\\/regiaonews.net.br\\\/2022\\\/2023\\\/12\\\/05\\\/prefeitura-de-barretos-abre-processo-eleitoral-para-eleicao-da-comissao-interna-de-prevencao-de-acidentes-cipa-2024-2025\\\/#article\",\"isPartOf\":{\"@id\":\"https:\\\/\\\/regiaonews.net.br\\\/2022\\\/2023\\\/12\\\/05\\\/prefeitura-de-barretos-abre-processo-eleitoral-para-eleicao-da-comissao-interna-de-prevencao-de-acidentes-cipa-2024-2025\\\/\"},\"author\":{\"name\":\"Roberto\",\"@id\":\"https:\\\/\\\/regiaonews.net.br\\\/2022\\\/#\\\/schema\\\/person\\\/2d205a608a5aa97ac279d7a5e6d89ad8\"},\"headline\":\"Prefeitura de Barretos abre processo eleitoral para elei\u00e7\u00e3o da CIPA\",\"datePublished\":\"2023-12-05T22:26:08+00:00\",\"dateModified\":\"2023-12-06T01:43:25+00:00\",\"mainEntityOfPage\":{\"@id\":\"https:\\\/\\\/regiaonews.net.br\\\/2022\\\/2023\\\/12\\\/05\\\/prefeitura-de-barretos-abre-processo-eleitoral-para-eleicao-da-comissao-interna-de-prevencao-de-acidentes-cipa-2024-2025\\\/\"},\"wordCount\":305,\"commentCount\":0,\"publisher\":{\"@id\":\"https:\\\/\\\/regiaonews.net.br\\\/2022\\\/#organization\"},\"image\":{\"@id\":\"https:\\\/\\\/regiaonews.net.br\\\/2022\\\/2023\\\/12\\\/05\\\/prefeitura-de-barretos-abre-processo-eleitoral-para-eleicao-da-comissao-interna-de-prevencao-de-acidentes-cipa-2024-2025\\\/#primaryimage\"},\"thumbnailUrl\":\"https:\\\/\\\/regiaonews.net.br\\\/2022\\\/wp-content\\\/uploads\\\/2023\\\/12\\\/WhatsApp-Image-2023-12-05-at-17.12.35.jpeg\",\"articleSection\":[\"Barretos\",\"Cidades\"],\"inLanguage\":\"pt-BR\",\"potentialAction\":[{\"@type\":\"CommentAction\",\"name\":\"Comment\",\"target\":[\"https:\\\/\\\/regiaonews.net.br\\\/2022\\\/2023\\\/12\\\/05\\\/prefeitura-de-barretos-abre-processo-eleitoral-para-eleicao-da-comissao-interna-de-prevencao-de-acidentes-cipa-2024-2025\\\/#respond\"]}]},{\"@type\":\"WebPage\",\"@id\":\"https:\\\/\\\/regiaonews.net.br\\\/2022\\\/2023\\\/12\\\/05\\\/prefeitura-de-barretos-abre-processo-eleitoral-para-eleicao-da-comissao-interna-de-prevencao-de-acidentes-cipa-2024-2025\\\/\",\"url\":\"https:\\\/\\\/regiaonews.net.br\\\/2022\\\/2023\\\/12\\\/05\\\/prefeitura-de-barretos-abre-processo-eleitoral-para-eleicao-da-comissao-interna-de-prevencao-de-acidentes-cipa-2024-2025\\\/\",\"name\":\"Prefeitura de Barretos abre processo eleitoral para elei\u00e7\u00e3o da CIPA - Regi\u00e3o News\",\"isPartOf\":{\"@id\":\"https:\\\/\\\/regiaonews.net.br\\\/2022\\\/#website\"},\"primaryImageOfPage\":{\"@id\":\"https:\\\/\\\/regiaonews.net.br\\\/2022\\\/2023\\\/12\\\/05\\\/prefeitura-de-barretos-abre-processo-eleitoral-para-eleicao-da-comissao-interna-de-prevencao-de-acidentes-cipa-2024-2025\\\/#primaryimage\"},\"image\":{\"@id\":\"https:\\\/\\\/regiaonews.net.br\\\/2022\\\/2023\\\/12\\\/05\\\/prefeitura-de-barretos-abre-processo-eleitoral-para-eleicao-da-comissao-interna-de-prevencao-de-acidentes-cipa-2024-2025\\\/#primaryimage\"},\"thumbnailUrl\":\"https:\\\/\\\/regiaonews.net.br\\\/2022\\\/wp-content\\\/uploads\\\/2023\\\/12\\\/WhatsApp-Image-2023-12-05-at-17.12.35.jpeg\",\"datePublished\":\"2023-12-05T22:26:08+00:00\",\"dateModified\":\"2023-12-06T01:43:25+00:00\",\"breadcrumb\":{\"@id\":\"https:\\\/\\\/regiaonews.net.br\\\/2022\\\/2023\\\/12\\\/05\\\/prefeitura-de-barretos-abre-processo-eleitoral-para-eleicao-da-comissao-interna-de-prevencao-de-acidentes-cipa-2024-2025\\\/#breadcrumb\"},\"inLanguage\":\"pt-BR\",\"potentialAction\":[{\"@type\":\"ReadAction\",\"target\":[\"https:\\\/\\\/regiaonews.net.br\\\/2022\\\/2023\\\/12\\\/05\\\/prefeitura-de-barretos-abre-processo-eleitoral-para-eleicao-da-comissao-interna-de-prevencao-de-acidentes-cipa-2024-2025\\\/\"]}]},{\"@type\":\"ImageObject\",\"inLanguage\":\"pt-BR\",\"@id\":\"https:\\\/\\\/regiaonews.net.br\\\/2022\\\/2023\\\/12\\\/05\\\/prefeitura-de-barretos-abre-processo-eleitoral-para-eleicao-da-comissao-interna-de-prevencao-de-acidentes-cipa-2024-2025\\\/#primaryimage\",\"url\":\"https:\\\/\\\/regiaonews.net.br\\\/2022\\\/wp-content\\\/uploads\\\/2023\\\/12\\\/WhatsApp-Image-2023-12-05-at-17.12.35.jpeg\",\"contentUrl\":\"https:\\\/\\\/regiaonews.net.br\\\/2022\\\/wp-content\\\/uploads\\\/2023\\\/12\\\/WhatsApp-Image-2023-12-05-at-17.12.35.jpeg\",\"width\":1024,\"height\":679},{\"@type\":\"BreadcrumbList\",\"@id\":\"https:\\\/\\\/regiaonews.net.br\\\/2022\\\/2023\\\/12\\\/05\\\/prefeitura-de-barretos-abre-processo-eleitoral-para-eleicao-da-comissao-interna-de-prevencao-de-acidentes-cipa-2024-2025\\\/#breadcrumb\",\"itemListElement\":[{\"@type\":\"ListItem\",\"position\":1,\"name\":\"In\u00edcio\",\"item\":\"https:\\\/\\\/regiaonews.net.br\\\/2022\\\/\"},{\"@type\":\"ListItem\",\"position\":2,\"name\":\"Prefeitura de Barretos abre processo eleitoral para elei\u00e7\u00e3o da CIPA\"}]},{\"@type\":\"WebSite\",\"@id\":\"https:\\\/\\\/regiaonews.net.br\\\/2022\\\/#website\",\"url\":\"https:\\\/\\\/regiaonews.net.br\\\/2022\\\/\",\"name\":\"Regi\u00e3o News\",\"description\":\"Site de Not\u00edcias de Barretos e regi\u00e3o\",\"publisher\":{\"@id\":\"https:\\\/\\\/regiaonews.net.br\\\/2022\\\/#organization\"},\"potentialAction\":[{\"@type\":\"SearchAction\",\"target\":{\"@type\":\"EntryPoint\",\"urlTemplate\":\"https:\\\/\\\/regiaonews.net.br\\\/2022\\\/?s={search_term_string}\"},\"query-input\":{\"@type\":\"PropertyValueSpecification\",\"valueRequired\":true,\"valueName\":\"search_term_string\"}}],\"inLanguage\":\"pt-BR\"},{\"@type\":\"Organization\",\"@id\":\"https:\\\/\\\/regiaonews.net.br\\\/2022\\\/#organization\",\"name\":\"Regi\u00e3o News\",\"url\":\"https:\\\/\\\/regiaonews.net.br\\\/2022\\\/\",\"logo\":{\"@type\":\"ImageObject\",\"inLanguage\":\"pt-BR\",\"@id\":\"https:\\\/\\\/regiaonews.net.br\\\/2022\\\/#\\\/schema\\\/logo\\\/image\\\/\",\"url\":\"https:\\\/\\\/regiaonews.net.br\\\/2022\\\/wp-content\\\/uploads\\\/2026\\\/03\\\/regiao-13-anos-scaled.jpg\",\"contentUrl\":\"https:\\\/\\\/regiaonews.net.br\\\/2022\\\/wp-content\\\/uploads\\\/2026\\\/03\\\/regiao-13-anos-scaled.jpg\",\"width\":2560,\"height\":635,\"caption\":\"Regi\u00e3o News\"},\"image\":{\"@id\":\"https:\\\/\\\/regiaonews.net.br\\\/2022\\\/#\\\/schema\\\/logo\\\/image\\\/\"}},{\"@type\":\"Person\",\"@id\":\"https:\\\/\\\/regiaonews.net.br\\\/2022\\\/#\\\/schema\\\/person\\\/2d205a608a5aa97ac279d7a5e6d89ad8\",\"name\":\"Roberto\",\"image\":{\"@type\":\"ImageObject\",\"inLanguage\":\"pt-BR\",\"@id\":\"https:\\\/\\\/secure.gravatar.com\\\/avatar\\\/42749d8b712ff9d59ca93dc150494e5b55a44134482993f5baeb97e61b7ecc89?s=96&d=mm&r=g\",\"url\":\"https:\\\/\\\/secure.gravatar.com\\\/avatar\\\/42749d8b712ff9d59ca93dc150494e5b55a44134482993f5baeb97e61b7ecc89?s=96&d=mm&r=g\",\"contentUrl\":\"https:\\\/\\\/secure.gravatar.com\\\/avatar\\\/42749d8b712ff9d59ca93dc150494e5b55a44134482993f5baeb97e61b7ecc89?s=96&d=mm&r=g\",\"caption\":\"Roberto\"},\"url\":\"https:\\\/\\\/regiaonews.net.br\\\/2022\\\/author\\\/roberto\\\/\"}]}<\/script>\n<!-- \/ Yoast SEO plugin. -->","yoast_head_json":{"title":"Prefeitura de Barretos abre processo eleitoral para elei\u00e7\u00e3o da CIPA - Regi\u00e3o News","robots":{"index":"index","follow":"follow","max-snippet":"max-snippet:-1","max-image-preview":"max-image-preview:large","max-video-preview":"max-video-preview:-1"},"canonical":"https:\/\/regiaonews.net.br\/2022\/2023\/12\/05\/prefeitura-de-barretos-abre-processo-eleitoral-para-eleicao-da-comissao-interna-de-prevencao-de-acidentes-cipa-2024-2025\/","og_locale":"pt_BR","og_type":"article","og_title":"Prefeitura de Barretos abre processo eleitoral para elei\u00e7\u00e3o da CIPA - Regi\u00e3o News","og_description":"Candidatos podem se inscrever at\u00e9 dia 19 de dezembro; elei\u00e7\u00e3o","og_url":"https:\/\/regiaonews.net.br\/2022\/2023\/12\/05\/prefeitura-de-barretos-abre-processo-eleitoral-para-eleicao-da-comissao-interna-de-prevencao-de-acidentes-cipa-2024-2025\/","og_site_name":"Regi\u00e3o News","article_published_time":"2023-12-05T22:26:08+00:00","article_modified_time":"2023-12-06T01:43:25+00:00","og_image":[{"width":1024,"height":679,"url":"https:\/\/regiaonews.net.br\/2022\/wp-content\/uploads\/2023\/12\/WhatsApp-Image-2023-12-05-at-17.12.35.jpeg","type":"image\/jpeg"}],"author":"Roberto","twitter_card":"summary_large_image","twitter_misc":{"Escrito por":"Roberto","Est. tempo de leitura":"2 minutos"},"schema":{"@context":"https:\/\/schema.org","@graph":[{"@type":"Article","@id":"https:\/\/regiaonews.net.br\/2022\/2023\/12\/05\/prefeitura-de-barretos-abre-processo-eleitoral-para-eleicao-da-comissao-interna-de-prevencao-de-acidentes-cipa-2024-2025\/#article","isPartOf":{"@id":"https:\/\/regiaonews.net.br\/2022\/2023\/12\/05\/prefeitura-de-barretos-abre-processo-eleitoral-para-eleicao-da-comissao-interna-de-prevencao-de-acidentes-cipa-2024-2025\/"},"author":{"name":"Roberto","@id":"https:\/\/regiaonews.net.br\/2022\/#\/schema\/person\/2d205a608a5aa97ac279d7a5e6d89ad8"},"headline":"Prefeitura de Barretos abre processo eleitoral para elei\u00e7\u00e3o da CIPA","datePublished":"2023-12-05T22:26:08+00:00","dateModified":"2023-12-06T01:43:25+00:00","mainEntityOfPage":{"@id":"https:\/\/regiaonews.net.br\/2022\/2023\/12\/05\/prefeitura-de-barretos-abre-processo-eleitoral-para-eleicao-da-comissao-interna-de-prevencao-de-acidentes-cipa-2024-2025\/"},"wordCount":305,"commentCount":0,"publisher":{"@id":"https:\/\/regiaonews.net.br\/2022\/#organization"},"image":{"@id":"https:\/\/regiaonews.net.br\/2022\/2023\/12\/05\/prefeitura-de-barretos-abre-processo-eleitoral-para-eleicao-da-comissao-interna-de-prevencao-de-acidentes-cipa-2024-2025\/#primaryimage"},"thumbnailUrl":"https:\/\/regiaonews.net.br\/2022\/wp-content\/uploads\/2023\/12\/WhatsApp-Image-2023-12-05-at-17.12.35.jpeg","articleSection":["Barretos","Cidades"],"inLanguage":"pt-BR","potentialAction":[{"@type":"CommentAction","name":"Comment","target":["https:\/\/regiaonews.net.br\/2022\/2023\/12\/05\/prefeitura-de-barretos-abre-processo-eleitoral-para-eleicao-da-comissao-interna-de-prevencao-de-acidentes-cipa-2024-2025\/#respond"]}]},{"@type":"WebPage","@id":"https:\/\/regiaonews.net.br\/2022\/2023\/12\/05\/prefeitura-de-barretos-abre-processo-eleitoral-para-eleicao-da-comissao-interna-de-prevencao-de-acidentes-cipa-2024-2025\/","url":"https:\/\/regiaonews.net.br\/2022\/2023\/12\/05\/prefeitura-de-barretos-abre-processo-eleitoral-para-eleicao-da-comissao-interna-de-prevencao-de-acidentes-cipa-2024-2025\/","name":"Prefeitura de Barretos abre processo eleitoral para elei\u00e7\u00e3o da CIPA - Regi\u00e3o News","isPartOf":{"@id":"https:\/\/regiaonews.net.br\/2022\/#website"},"primaryImageOfPage":{"@id":"https:\/\/regiaonews.net.br\/2022\/2023\/12\/05\/prefeitura-de-barretos-abre-processo-eleitoral-para-eleicao-da-comissao-interna-de-prevencao-de-acidentes-cipa-2024-2025\/#primaryimage"},"image":{"@id":"https:\/\/regiaonews.net.br\/2022\/2023\/12\/05\/prefeitura-de-barretos-abre-processo-eleitoral-para-eleicao-da-comissao-interna-de-prevencao-de-acidentes-cipa-2024-2025\/#primaryimage"},"thumbnailUrl":"https:\/\/regiaonews.net.br\/2022\/wp-content\/uploads\/2023\/12\/WhatsApp-Image-2023-12-05-at-17.12.35.jpeg","datePublished":"2023-12-05T22:26:08+00:00","dateModified":"2023-12-06T01:43:25+00:00","breadcrumb":{"@id":"https:\/\/regiaonews.net.br\/2022\/2023\/12\/05\/prefeitura-de-barretos-abre-processo-eleitoral-para-eleicao-da-comissao-interna-de-prevencao-de-acidentes-cipa-2024-2025\/#breadcrumb"},"inLanguage":"pt-BR","potentialAction":[{"@type":"ReadAction","target":["https:\/\/regiaonews.net.br\/2022\/2023\/12\/05\/prefeitura-de-barretos-abre-processo-eleitoral-para-eleicao-da-comissao-interna-de-prevencao-de-acidentes-cipa-2024-2025\/"]}]},{"@type":"ImageObject","inLanguage":"pt-BR","@id":"https:\/\/regiaonews.net.br\/2022\/2023\/12\/05\/prefeitura-de-barretos-abre-processo-eleitoral-para-eleicao-da-comissao-interna-de-prevencao-de-acidentes-cipa-2024-2025\/#primaryimage","url":"https:\/\/regiaonews.net.br\/2022\/wp-content\/uploads\/2023\/12\/WhatsApp-Image-2023-12-05-at-17.12.35.jpeg","contentUrl":"https:\/\/regiaonews.net.br\/2022\/wp-content\/uploads\/2023\/12\/WhatsApp-Image-2023-12-05-at-17.12.35.jpeg","width":1024,"height":679},{"@type":"BreadcrumbList","@id":"https:\/\/regiaonews.net.br\/2022\/2023\/12\/05\/prefeitura-de-barretos-abre-processo-eleitoral-para-eleicao-da-comissao-interna-de-prevencao-de-acidentes-cipa-2024-2025\/#breadcrumb","itemListElement":[{"@type":"ListItem","position":1,"name":"In\u00edcio","item":"https:\/\/regiaonews.net.br\/2022\/"},{"@type":"ListItem","position":2,"name":"Prefeitura de Barretos abre processo eleitoral para elei\u00e7\u00e3o da CIPA"}]},{"@type":"WebSite","@id":"https:\/\/regiaonews.net.br\/2022\/#website","url":"https:\/\/regiaonews.net.br\/2022\/","name":"Regi\u00e3o News","description":"Site de Not\u00edcias de Barretos e regi\u00e3o","publisher":{"@id":"https:\/\/regiaonews.net.br\/2022\/#organization"},"potentialAction":[{"@type":"SearchAction","target":{"@type":"EntryPoint","urlTemplate":"https:\/\/regiaonews.net.br\/2022\/?s={search_term_string}"},"query-input":{"@type":"PropertyValueSpecification","valueRequired":true,"valueName":"search_term_string"}}],"inLanguage":"pt-BR"},{"@type":"Organization","@id":"https:\/\/regiaonews.net.br\/2022\/#organization","name":"Regi\u00e3o News","url":"https:\/\/regiaonews.net.br\/2022\/","logo":{"@type":"ImageObject","inLanguage":"pt-BR","@id":"https:\/\/regiaonews.net.br\/2022\/#\/schema\/logo\/image\/","url":"https:\/\/regiaonews.net.br\/2022\/wp-content\/uploads\/2026\/03\/regiao-13-anos-scaled.jpg","contentUrl":"https:\/\/regiaonews.net.br\/2022\/wp-content\/uploads\/2026\/03\/regiao-13-anos-scaled.jpg","width":2560,"height":635,"caption":"Regi\u00e3o News"},"image":{"@id":"https:\/\/regiaonews.net.br\/2022\/#\/schema\/logo\/image\/"}},{"@type":"Person","@id":"https:\/\/regiaonews.net.br\/2022\/#\/schema\/person\/2d205a608a5aa97ac279d7a5e6d89ad8","name":"Roberto","image":{"@type":"ImageObject","inLanguage":"pt-BR","@id":"https:\/\/secure.gravatar.com\/avatar\/42749d8b712ff9d59ca93dc150494e5b55a44134482993f5baeb97e61b7ecc89?s=96&d=mm&r=g","url":"https:\/\/secure.gravatar.com\/avatar\/42749d8b712ff9d59ca93dc150494e5b55a44134482993f5baeb97e61b7ecc89?s=96&d=mm&r=g","contentUrl":"https:\/\/secure.gravatar.com\/avatar\/42749d8b712ff9d59ca93dc150494e5b55a44134482993f5baeb97e61b7ecc89?s=96&d=mm&r=g","caption":"Roberto"},"url":"https:\/\/regiaonews.net.br\/2022\/author\/roberto\/"}]}},"publishpress_future_action":{"enabled":false,"date":"2026-05-04 10:07:19","action":"change-status","newStatus":"draft","terms":[],"taxonomy":"category","extraData":[]},"publishpress_future_workflow_manual_trigger":{"enabledWorkflows":[]},"_links":{"self":[{"href":"https:\/\/regiaonews.net.br\/2022\/wp-json\/wp\/v2\/posts\/98626","targetHints":{"allow":["GET"]}}],"collection":[{"href":"https:\/\/regiaonews.net.br\/2022\/wp-json\/wp\/v2\/posts"}],"about":[{"href":"https:\/\/regiaonews.net.br\/2022\/wp-json\/wp\/v2\/types\/post"}],"author":[{"embeddable":true,"href":"https:\/\/regiaonews.net.br\/2022\/wp-json\/wp\/v2\/users\/2"}],"replies":[{"embeddable":true,"href":"https:\/\/regiaonews.net.br\/2022\/wp-json\/wp\/v2\/comments?post=98626"}],"version-history":[{"count":4,"href":"https:\/\/regiaonews.net.br\/2022\/wp-json\/wp\/v2\/posts\/98626\/revisions"}],"predecessor-version":[{"id":98655,"href":"https:\/\/regiaonews.net.br\/2022\/wp-json\/wp\/v2\/posts\/98626\/revisions\/98655"}],"wp:featuredmedia":[{"embeddable":true,"href":"https:\/\/regiaonews.net.br\/2022\/wp-json\/wp\/v2\/media\/98627"}],"wp:attachment":[{"href":"https:\/\/regiaonews.net.br\/2022\/wp-json\/wp\/v2\/media?parent=98626"}],"wp:term":[{"taxonomy":"category","embeddable":true,"href":"https:\/\/regiaonews.net.br\/2022\/wp-json\/wp\/v2\/categories?post=98626"},{"taxonomy":"post_tag","embeddable":true,"href":"https:\/\/regiaonews.net.br\/2022\/wp-json\/wp\/v2\/tags?post=98626"}],"curies":[{"name":"wp","href":"https:\/\/api.w.org\/{rel}","templated":true}]}}