{"id":98611,"date":"2023-12-05T15:59:12","date_gmt":"2023-12-05T18:59:12","guid":{"rendered":"https:\/\/regiaonews.net.br\/2022\/?p=98611"},"modified":"2023-12-05T15:59:12","modified_gmt":"2023-12-05T18:59:12","slug":"prefeito-garante-apoio-para-o-60o-festival-do-folclore-e-exposicao-permanente-do-novo-museu-com-a-ministra-da-cultura","status":"publish","type":"post","link":"https:\/\/regiaonews.net.br\/2022\/2023\/12\/05\/prefeito-garante-apoio-para-o-60o-festival-do-folclore-e-exposicao-permanente-do-novo-museu-com-a-ministra-da-cultura\/","title":{"rendered":"Prefeito garante apoio para o 60\u00ba Festival do Folclore e exposi\u00e7\u00e3o permanente do Novo Museu com a Ministra da Cultura"},"content":{"rendered":"<p><span style=\"font-family: arial, sans-serif;\">A \u00faltima semana foi de agenda extensa e gest\u00e3o do prefeito Fernando Cunha para demandas importantes da Est\u00e2ncia Tur\u00edstica de Ol\u00edmpia. O chefe do Executivo esteve em Bras\u00edlia em encontros com Ministros do Governo Federal, buscando apoio para projetos e a\u00e7\u00f5es da cidade do pr\u00f3ximo ano.<\/span><\/p>\n<p><span style=\"font-family: arial, sans-serif;\">O grande destaque foi a reuni\u00e3o com a Ministra da Cultura, Margareth Menezes, que teve como principais pautas o Festival do Folclore (FEFOL) e o Novo Museu de Ol\u00edmpia, em busca de garantir recursos que ampliem ainda mais sua qualidade e visibilidade.<\/span><\/p>\n<p><span style=\"font-family: arial, sans-serif;\">Durante o encontro, o prefeito apresentou \u00e0 Ministra, que tamb\u00e9m \u00e9 atriz, cantora e compositora brasileira, relevantes informa\u00e7\u00f5es sobre a hist\u00f3ria do FEFOL, que no pr\u00f3ximo ano, completa 60 anos de edi\u00e7\u00f5es ininterruptas. Margareth inclusive j\u00e1 visitou o festival no passado.<\/span><\/p>\n<p><span style=\"font-family: arial, sans-serif;\">A ess\u00eancia e a grandiosidade da festa olimpiense, que \u00e9 o maior encontro da cultura popular brasileira, reunindo grupos de dan\u00e7as e manifesta\u00e7\u00f5es culturais de todas as regi\u00f5es do pa\u00eds, levou a Ministra a se comprometer em viabilizar a destina\u00e7\u00e3o de recursos federais para a realiza\u00e7\u00e3o do evento, preservando e difundindo a cultura popular.<\/span><\/p>\n<p><span style=\"font-family: arial, sans-serif;\">Em 2024, o 60\u00ba Festival Nacional do Folclore ser\u00e1 realizado na Est\u00e2ncia Tur\u00edstica de Ol\u00edmpia, que \u00e9 oficialmente a Capital Nacional do Folclore, de 03 a 11 de agosto, com a expectativa de ser uma edi\u00e7\u00e3o hist\u00f3rica.<\/span><\/p>\n<p><span style=\"font-family: arial, sans-serif;\">O encontro ainda debateu outro projeto tur\u00edstico e cultural importante da cidade, a implanta\u00e7\u00e3o do Novo Museu do Folclore. O pr\u00e9dio, que foi inaugurado na abertura do 59\u00ba FEFOL, neste ano, ter\u00e1 uma nova concep\u00e7\u00e3o de acervo, que promete ser refer\u00eancia no pa\u00eds. Todo o estudo e elabora\u00e7\u00e3o est\u00e3o sendo feitos por uma equipe especializada da Funda\u00e7\u00e3o Roberto Marinho (FRM), em uma parceria in\u00e9dita com o munic\u00edpio.<\/span><\/p>\n<p><span style=\"font-family: arial, sans-serif;\">Para isso, a Funda\u00e7\u00e3o tem buscado a capta\u00e7\u00e3o de recursos para a implanta\u00e7\u00e3o de uma exposi\u00e7\u00e3o permanente, via Sistema de Apoio \u00e0s Leis de Incentivo \u00e0 Cultura (Salic), cuja proposta foi admitida pela coordenadoria respons\u00e1vel, na \u00faltima semana, uma vez que atende os requisitos de valoriza\u00e7\u00e3o e democratiza\u00e7\u00e3o da cultura. O processo segue em andamento pelos demais tr\u00e2mites, sendo que, a pedido do prefeito, a ministra tamb\u00e9m garantiu uma aten\u00e7\u00e3o para viabiliza\u00e7\u00e3o da demanda.<\/span><\/p>\n<p><span style=\"font-family: arial, sans-serif;\">A agenda com a Ministra foi intermediada pelo Ministro das Rela\u00e7\u00f5es Institucionais, Alexandre Padilha, com quem o prefeito tamb\u00e9m esteve reunido para debater projetos estruturantes para o desenvolvimento de Ol\u00edmpia. Os encontros foram acompanhados e tiveram o apoio ainda do integrante do PT de Ol\u00edmpia, o advogado William Zanolli.<\/span><\/p>\n","protected":false},"excerpt":{"rendered":"<p>A \u00faltima semana foi de agenda extensa e gest\u00e3o do<\/p>\n","protected":false},"author":2,"featured_media":98612,"comment_status":"open","ping_status":"open","sticky":false,"template":"","format":"standard","meta":{"footnotes":""},"categories":[3,28],"tags":[],"class_list":["post-98611","post","type-post","status-publish","format-standard","has-post-thumbnail","hentry","category-geral","category-olimpia-olimpia"],"yoast_head":"<!-- This site is optimized with the Yoast SEO plugin v27.4 - https:\/\/yoast.com\/product\/yoast-seo-wordpress\/ -->\n<title>Prefeito garante apoio para o 60\u00ba Festival do Folclore e exposi\u00e7\u00e3o permanente do Novo Museu com a Ministra da Cultura - Regi\u00e3o News<\/title>\n<meta name=\"robots\" content=\"index, follow, max-snippet:-1, max-image-preview:large, max-video-preview:-1\" \/>\n<link rel=\"canonical\" href=\"https:\/\/regiaonews.net.br\/2022\/2023\/12\/05\/prefeito-garante-apoio-para-o-60o-festival-do-folclore-e-exposicao-permanente-do-novo-museu-com-a-ministra-da-cultura\/\" \/>\n<meta property=\"og:locale\" content=\"pt_BR\" \/>\n<meta property=\"og:type\" content=\"article\" \/>\n<meta property=\"og:title\" content=\"Prefeito garante apoio para o 60\u00ba Festival do Folclore e exposi\u00e7\u00e3o permanente do Novo Museu com a Ministra da Cultura - Regi\u00e3o News\" \/>\n<meta property=\"og:description\" content=\"A \u00faltima semana foi de agenda extensa e gest\u00e3o do\" \/>\n<meta property=\"og:url\" content=\"https:\/\/regiaonews.net.br\/2022\/2023\/12\/05\/prefeito-garante-apoio-para-o-60o-festival-do-folclore-e-exposicao-permanente-do-novo-museu-com-a-ministra-da-cultura\/\" \/>\n<meta property=\"og:site_name\" content=\"Regi\u00e3o News\" \/>\n<meta property=\"article:published_time\" content=\"2023-12-05T18:59:12+00:00\" \/>\n<meta property=\"og:image\" content=\"https:\/\/regiaonews.net.br\/2022\/wp-content\/uploads\/2023\/12\/Agenda-Brasilia-3.jpeg\" \/>\n\t<meta property=\"og:image:width\" content=\"1600\" \/>\n\t<meta property=\"og:image:height\" content=\"1066\" \/>\n\t<meta property=\"og:image:type\" content=\"image\/jpeg\" \/>\n<meta name=\"author\" content=\"Roberto\" \/>\n<meta name=\"twitter:card\" content=\"summary_large_image\" \/>\n<meta name=\"twitter:label1\" content=\"Escrito por\" \/>\n\t<meta name=\"twitter:data1\" content=\"Roberto\" \/>\n\t<meta name=\"twitter:label2\" content=\"Est. tempo de leitura\" \/>\n\t<meta name=\"twitter:data2\" content=\"3 minutos\" \/>\n<script type=\"application\/ld+json\" class=\"yoast-schema-graph\">{\"@context\":\"https:\\\/\\\/schema.org\",\"@graph\":[{\"@type\":\"Article\",\"@id\":\"https:\\\/\\\/regiaonews.net.br\\\/2022\\\/2023\\\/12\\\/05\\\/prefeito-garante-apoio-para-o-60o-festival-do-folclore-e-exposicao-permanente-do-novo-museu-com-a-ministra-da-cultura\\\/#article\",\"isPartOf\":{\"@id\":\"https:\\\/\\\/regiaonews.net.br\\\/2022\\\/2023\\\/12\\\/05\\\/prefeito-garante-apoio-para-o-60o-festival-do-folclore-e-exposicao-permanente-do-novo-museu-com-a-ministra-da-cultura\\\/\"},\"author\":{\"name\":\"Roberto\",\"@id\":\"https:\\\/\\\/regiaonews.net.br\\\/2022\\\/#\\\/schema\\\/person\\\/2d205a608a5aa97ac279d7a5e6d89ad8\"},\"headline\":\"Prefeito garante apoio para o 60\u00ba Festival do Folclore e exposi\u00e7\u00e3o permanente do Novo Museu com a Ministra da Cultura\",\"datePublished\":\"2023-12-05T18:59:12+00:00\",\"mainEntityOfPage\":{\"@id\":\"https:\\\/\\\/regiaonews.net.br\\\/2022\\\/2023\\\/12\\\/05\\\/prefeito-garante-apoio-para-o-60o-festival-do-folclore-e-exposicao-permanente-do-novo-museu-com-a-ministra-da-cultura\\\/\"},\"wordCount\":471,\"commentCount\":0,\"publisher\":{\"@id\":\"https:\\\/\\\/regiaonews.net.br\\\/2022\\\/#organization\"},\"image\":{\"@id\":\"https:\\\/\\\/regiaonews.net.br\\\/2022\\\/2023\\\/12\\\/05\\\/prefeito-garante-apoio-para-o-60o-festival-do-folclore-e-exposicao-permanente-do-novo-museu-com-a-ministra-da-cultura\\\/#primaryimage\"},\"thumbnailUrl\":\"https:\\\/\\\/regiaonews.net.br\\\/2022\\\/wp-content\\\/uploads\\\/2023\\\/12\\\/Agenda-Brasilia-3.jpeg\",\"articleSection\":[\"Geral\",\"Olimpia\"],\"inLanguage\":\"pt-BR\",\"potentialAction\":[{\"@type\":\"CommentAction\",\"name\":\"Comment\",\"target\":[\"https:\\\/\\\/regiaonews.net.br\\\/2022\\\/2023\\\/12\\\/05\\\/prefeito-garante-apoio-para-o-60o-festival-do-folclore-e-exposicao-permanente-do-novo-museu-com-a-ministra-da-cultura\\\/#respond\"]}]},{\"@type\":\"WebPage\",\"@id\":\"https:\\\/\\\/regiaonews.net.br\\\/2022\\\/2023\\\/12\\\/05\\\/prefeito-garante-apoio-para-o-60o-festival-do-folclore-e-exposicao-permanente-do-novo-museu-com-a-ministra-da-cultura\\\/\",\"url\":\"https:\\\/\\\/regiaonews.net.br\\\/2022\\\/2023\\\/12\\\/05\\\/prefeito-garante-apoio-para-o-60o-festival-do-folclore-e-exposicao-permanente-do-novo-museu-com-a-ministra-da-cultura\\\/\",\"name\":\"Prefeito garante apoio para o 60\u00ba Festival do Folclore e exposi\u00e7\u00e3o permanente do Novo Museu com a Ministra da Cultura - Regi\u00e3o News\",\"isPartOf\":{\"@id\":\"https:\\\/\\\/regiaonews.net.br\\\/2022\\\/#website\"},\"primaryImageOfPage\":{\"@id\":\"https:\\\/\\\/regiaonews.net.br\\\/2022\\\/2023\\\/12\\\/05\\\/prefeito-garante-apoio-para-o-60o-festival-do-folclore-e-exposicao-permanente-do-novo-museu-com-a-ministra-da-cultura\\\/#primaryimage\"},\"image\":{\"@id\":\"https:\\\/\\\/regiaonews.net.br\\\/2022\\\/2023\\\/12\\\/05\\\/prefeito-garante-apoio-para-o-60o-festival-do-folclore-e-exposicao-permanente-do-novo-museu-com-a-ministra-da-cultura\\\/#primaryimage\"},\"thumbnailUrl\":\"https:\\\/\\\/regiaonews.net.br\\\/2022\\\/wp-content\\\/uploads\\\/2023\\\/12\\\/Agenda-Brasilia-3.jpeg\",\"datePublished\":\"2023-12-05T18:59:12+00:00\",\"breadcrumb\":{\"@id\":\"https:\\\/\\\/regiaonews.net.br\\\/2022\\\/2023\\\/12\\\/05\\\/prefeito-garante-apoio-para-o-60o-festival-do-folclore-e-exposicao-permanente-do-novo-museu-com-a-ministra-da-cultura\\\/#breadcrumb\"},\"inLanguage\":\"pt-BR\",\"potentialAction\":[{\"@type\":\"ReadAction\",\"target\":[\"https:\\\/\\\/regiaonews.net.br\\\/2022\\\/2023\\\/12\\\/05\\\/prefeito-garante-apoio-para-o-60o-festival-do-folclore-e-exposicao-permanente-do-novo-museu-com-a-ministra-da-cultura\\\/\"]}]},{\"@type\":\"ImageObject\",\"inLanguage\":\"pt-BR\",\"@id\":\"https:\\\/\\\/regiaonews.net.br\\\/2022\\\/2023\\\/12\\\/05\\\/prefeito-garante-apoio-para-o-60o-festival-do-folclore-e-exposicao-permanente-do-novo-museu-com-a-ministra-da-cultura\\\/#primaryimage\",\"url\":\"https:\\\/\\\/regiaonews.net.br\\\/2022\\\/wp-content\\\/uploads\\\/2023\\\/12\\\/Agenda-Brasilia-3.jpeg\",\"contentUrl\":\"https:\\\/\\\/regiaonews.net.br\\\/2022\\\/wp-content\\\/uploads\\\/2023\\\/12\\\/Agenda-Brasilia-3.jpeg\",\"width\":1600,\"height\":1066},{\"@type\":\"BreadcrumbList\",\"@id\":\"https:\\\/\\\/regiaonews.net.br\\\/2022\\\/2023\\\/12\\\/05\\\/prefeito-garante-apoio-para-o-60o-festival-do-folclore-e-exposicao-permanente-do-novo-museu-com-a-ministra-da-cultura\\\/#breadcrumb\",\"itemListElement\":[{\"@type\":\"ListItem\",\"position\":1,\"name\":\"In\u00edcio\",\"item\":\"https:\\\/\\\/regiaonews.net.br\\\/2022\\\/\"},{\"@type\":\"ListItem\",\"position\":2,\"name\":\"Prefeito garante apoio para o 60\u00ba Festival do Folclore e exposi\u00e7\u00e3o permanente do Novo Museu com a Ministra da Cultura\"}]},{\"@type\":\"WebSite\",\"@id\":\"https:\\\/\\\/regiaonews.net.br\\\/2022\\\/#website\",\"url\":\"https:\\\/\\\/regiaonews.net.br\\\/2022\\\/\",\"name\":\"Regi\u00e3o News\",\"description\":\"Site de Not\u00edcias de Barretos e regi\u00e3o\",\"publisher\":{\"@id\":\"https:\\\/\\\/regiaonews.net.br\\\/2022\\\/#organization\"},\"potentialAction\":[{\"@type\":\"SearchAction\",\"target\":{\"@type\":\"EntryPoint\",\"urlTemplate\":\"https:\\\/\\\/regiaonews.net.br\\\/2022\\\/?s={search_term_string}\"},\"query-input\":{\"@type\":\"PropertyValueSpecification\",\"valueRequired\":true,\"valueName\":\"search_term_string\"}}],\"inLanguage\":\"pt-BR\"},{\"@type\":\"Organization\",\"@id\":\"https:\\\/\\\/regiaonews.net.br\\\/2022\\\/#organization\",\"name\":\"Regi\u00e3o News\",\"url\":\"https:\\\/\\\/regiaonews.net.br\\\/2022\\\/\",\"logo\":{\"@type\":\"ImageObject\",\"inLanguage\":\"pt-BR\",\"@id\":\"https:\\\/\\\/regiaonews.net.br\\\/2022\\\/#\\\/schema\\\/logo\\\/image\\\/\",\"url\":\"https:\\\/\\\/regiaonews.net.br\\\/2022\\\/wp-content\\\/uploads\\\/2026\\\/03\\\/regiao-13-anos-scaled.jpg\",\"contentUrl\":\"https:\\\/\\\/regiaonews.net.br\\\/2022\\\/wp-content\\\/uploads\\\/2026\\\/03\\\/regiao-13-anos-scaled.jpg\",\"width\":2560,\"height\":635,\"caption\":\"Regi\u00e3o News\"},\"image\":{\"@id\":\"https:\\\/\\\/regiaonews.net.br\\\/2022\\\/#\\\/schema\\\/logo\\\/image\\\/\"}},{\"@type\":\"Person\",\"@id\":\"https:\\\/\\\/regiaonews.net.br\\\/2022\\\/#\\\/schema\\\/person\\\/2d205a608a5aa97ac279d7a5e6d89ad8\",\"name\":\"Roberto\",\"image\":{\"@type\":\"ImageObject\",\"inLanguage\":\"pt-BR\",\"@id\":\"https:\\\/\\\/secure.gravatar.com\\\/avatar\\\/42749d8b712ff9d59ca93dc150494e5b55a44134482993f5baeb97e61b7ecc89?s=96&d=mm&r=g\",\"url\":\"https:\\\/\\\/secure.gravatar.com\\\/avatar\\\/42749d8b712ff9d59ca93dc150494e5b55a44134482993f5baeb97e61b7ecc89?s=96&d=mm&r=g\",\"contentUrl\":\"https:\\\/\\\/secure.gravatar.com\\\/avatar\\\/42749d8b712ff9d59ca93dc150494e5b55a44134482993f5baeb97e61b7ecc89?s=96&d=mm&r=g\",\"caption\":\"Roberto\"},\"url\":\"https:\\\/\\\/regiaonews.net.br\\\/2022\\\/author\\\/roberto\\\/\"}]}<\/script>\n<!-- \/ Yoast SEO plugin. -->","yoast_head_json":{"title":"Prefeito garante apoio para o 60\u00ba Festival do Folclore e exposi\u00e7\u00e3o permanente do Novo Museu com a Ministra da Cultura - Regi\u00e3o News","robots":{"index":"index","follow":"follow","max-snippet":"max-snippet:-1","max-image-preview":"max-image-preview:large","max-video-preview":"max-video-preview:-1"},"canonical":"https:\/\/regiaonews.net.br\/2022\/2023\/12\/05\/prefeito-garante-apoio-para-o-60o-festival-do-folclore-e-exposicao-permanente-do-novo-museu-com-a-ministra-da-cultura\/","og_locale":"pt_BR","og_type":"article","og_title":"Prefeito garante apoio para o 60\u00ba Festival do Folclore e exposi\u00e7\u00e3o permanente do Novo Museu com a Ministra da Cultura - Regi\u00e3o News","og_description":"A \u00faltima semana foi de agenda extensa e gest\u00e3o do","og_url":"https:\/\/regiaonews.net.br\/2022\/2023\/12\/05\/prefeito-garante-apoio-para-o-60o-festival-do-folclore-e-exposicao-permanente-do-novo-museu-com-a-ministra-da-cultura\/","og_site_name":"Regi\u00e3o News","article_published_time":"2023-12-05T18:59:12+00:00","og_image":[{"width":1600,"height":1066,"url":"https:\/\/regiaonews.net.br\/2022\/wp-content\/uploads\/2023\/12\/Agenda-Brasilia-3.jpeg","type":"image\/jpeg"}],"author":"Roberto","twitter_card":"summary_large_image","twitter_misc":{"Escrito por":"Roberto","Est. tempo de leitura":"3 minutos"},"schema":{"@context":"https:\/\/schema.org","@graph":[{"@type":"Article","@id":"https:\/\/regiaonews.net.br\/2022\/2023\/12\/05\/prefeito-garante-apoio-para-o-60o-festival-do-folclore-e-exposicao-permanente-do-novo-museu-com-a-ministra-da-cultura\/#article","isPartOf":{"@id":"https:\/\/regiaonews.net.br\/2022\/2023\/12\/05\/prefeito-garante-apoio-para-o-60o-festival-do-folclore-e-exposicao-permanente-do-novo-museu-com-a-ministra-da-cultura\/"},"author":{"name":"Roberto","@id":"https:\/\/regiaonews.net.br\/2022\/#\/schema\/person\/2d205a608a5aa97ac279d7a5e6d89ad8"},"headline":"Prefeito garante apoio para o 60\u00ba Festival do Folclore e exposi\u00e7\u00e3o permanente do Novo Museu com a Ministra da Cultura","datePublished":"2023-12-05T18:59:12+00:00","mainEntityOfPage":{"@id":"https:\/\/regiaonews.net.br\/2022\/2023\/12\/05\/prefeito-garante-apoio-para-o-60o-festival-do-folclore-e-exposicao-permanente-do-novo-museu-com-a-ministra-da-cultura\/"},"wordCount":471,"commentCount":0,"publisher":{"@id":"https:\/\/regiaonews.net.br\/2022\/#organization"},"image":{"@id":"https:\/\/regiaonews.net.br\/2022\/2023\/12\/05\/prefeito-garante-apoio-para-o-60o-festival-do-folclore-e-exposicao-permanente-do-novo-museu-com-a-ministra-da-cultura\/#primaryimage"},"thumbnailUrl":"https:\/\/regiaonews.net.br\/2022\/wp-content\/uploads\/2023\/12\/Agenda-Brasilia-3.jpeg","articleSection":["Geral","Olimpia"],"inLanguage":"pt-BR","potentialAction":[{"@type":"CommentAction","name":"Comment","target":["https:\/\/regiaonews.net.br\/2022\/2023\/12\/05\/prefeito-garante-apoio-para-o-60o-festival-do-folclore-e-exposicao-permanente-do-novo-museu-com-a-ministra-da-cultura\/#respond"]}]},{"@type":"WebPage","@id":"https:\/\/regiaonews.net.br\/2022\/2023\/12\/05\/prefeito-garante-apoio-para-o-60o-festival-do-folclore-e-exposicao-permanente-do-novo-museu-com-a-ministra-da-cultura\/","url":"https:\/\/regiaonews.net.br\/2022\/2023\/12\/05\/prefeito-garante-apoio-para-o-60o-festival-do-folclore-e-exposicao-permanente-do-novo-museu-com-a-ministra-da-cultura\/","name":"Prefeito garante apoio para o 60\u00ba Festival do Folclore e exposi\u00e7\u00e3o permanente do Novo Museu com a Ministra da Cultura - Regi\u00e3o News","isPartOf":{"@id":"https:\/\/regiaonews.net.br\/2022\/#website"},"primaryImageOfPage":{"@id":"https:\/\/regiaonews.net.br\/2022\/2023\/12\/05\/prefeito-garante-apoio-para-o-60o-festival-do-folclore-e-exposicao-permanente-do-novo-museu-com-a-ministra-da-cultura\/#primaryimage"},"image":{"@id":"https:\/\/regiaonews.net.br\/2022\/2023\/12\/05\/prefeito-garante-apoio-para-o-60o-festival-do-folclore-e-exposicao-permanente-do-novo-museu-com-a-ministra-da-cultura\/#primaryimage"},"thumbnailUrl":"https:\/\/regiaonews.net.br\/2022\/wp-content\/uploads\/2023\/12\/Agenda-Brasilia-3.jpeg","datePublished":"2023-12-05T18:59:12+00:00","breadcrumb":{"@id":"https:\/\/regiaonews.net.br\/2022\/2023\/12\/05\/prefeito-garante-apoio-para-o-60o-festival-do-folclore-e-exposicao-permanente-do-novo-museu-com-a-ministra-da-cultura\/#breadcrumb"},"inLanguage":"pt-BR","potentialAction":[{"@type":"ReadAction","target":["https:\/\/regiaonews.net.br\/2022\/2023\/12\/05\/prefeito-garante-apoio-para-o-60o-festival-do-folclore-e-exposicao-permanente-do-novo-museu-com-a-ministra-da-cultura\/"]}]},{"@type":"ImageObject","inLanguage":"pt-BR","@id":"https:\/\/regiaonews.net.br\/2022\/2023\/12\/05\/prefeito-garante-apoio-para-o-60o-festival-do-folclore-e-exposicao-permanente-do-novo-museu-com-a-ministra-da-cultura\/#primaryimage","url":"https:\/\/regiaonews.net.br\/2022\/wp-content\/uploads\/2023\/12\/Agenda-Brasilia-3.jpeg","contentUrl":"https:\/\/regiaonews.net.br\/2022\/wp-content\/uploads\/2023\/12\/Agenda-Brasilia-3.jpeg","width":1600,"height":1066},{"@type":"BreadcrumbList","@id":"https:\/\/regiaonews.net.br\/2022\/2023\/12\/05\/prefeito-garante-apoio-para-o-60o-festival-do-folclore-e-exposicao-permanente-do-novo-museu-com-a-ministra-da-cultura\/#breadcrumb","itemListElement":[{"@type":"ListItem","position":1,"name":"In\u00edcio","item":"https:\/\/regiaonews.net.br\/2022\/"},{"@type":"ListItem","position":2,"name":"Prefeito garante apoio para o 60\u00ba Festival do Folclore e exposi\u00e7\u00e3o permanente do Novo Museu com a Ministra da Cultura"}]},{"@type":"WebSite","@id":"https:\/\/regiaonews.net.br\/2022\/#website","url":"https:\/\/regiaonews.net.br\/2022\/","name":"Regi\u00e3o News","description":"Site de Not\u00edcias de Barretos e regi\u00e3o","publisher":{"@id":"https:\/\/regiaonews.net.br\/2022\/#organization"},"potentialAction":[{"@type":"SearchAction","target":{"@type":"EntryPoint","urlTemplate":"https:\/\/regiaonews.net.br\/2022\/?s={search_term_string}"},"query-input":{"@type":"PropertyValueSpecification","valueRequired":true,"valueName":"search_term_string"}}],"inLanguage":"pt-BR"},{"@type":"Organization","@id":"https:\/\/regiaonews.net.br\/2022\/#organization","name":"Regi\u00e3o News","url":"https:\/\/regiaonews.net.br\/2022\/","logo":{"@type":"ImageObject","inLanguage":"pt-BR","@id":"https:\/\/regiaonews.net.br\/2022\/#\/schema\/logo\/image\/","url":"https:\/\/regiaonews.net.br\/2022\/wp-content\/uploads\/2026\/03\/regiao-13-anos-scaled.jpg","contentUrl":"https:\/\/regiaonews.net.br\/2022\/wp-content\/uploads\/2026\/03\/regiao-13-anos-scaled.jpg","width":2560,"height":635,"caption":"Regi\u00e3o News"},"image":{"@id":"https:\/\/regiaonews.net.br\/2022\/#\/schema\/logo\/image\/"}},{"@type":"Person","@id":"https:\/\/regiaonews.net.br\/2022\/#\/schema\/person\/2d205a608a5aa97ac279d7a5e6d89ad8","name":"Roberto","image":{"@type":"ImageObject","inLanguage":"pt-BR","@id":"https:\/\/secure.gravatar.com\/avatar\/42749d8b712ff9d59ca93dc150494e5b55a44134482993f5baeb97e61b7ecc89?s=96&d=mm&r=g","url":"https:\/\/secure.gravatar.com\/avatar\/42749d8b712ff9d59ca93dc150494e5b55a44134482993f5baeb97e61b7ecc89?s=96&d=mm&r=g","contentUrl":"https:\/\/secure.gravatar.com\/avatar\/42749d8b712ff9d59ca93dc150494e5b55a44134482993f5baeb97e61b7ecc89?s=96&d=mm&r=g","caption":"Roberto"},"url":"https:\/\/regiaonews.net.br\/2022\/author\/roberto\/"}]}},"publishpress_future_action":{"enabled":false,"date":"2026-05-04 12:17:59","action":"change-status","newStatus":"draft","terms":[],"taxonomy":"category","extraData":[]},"publishpress_future_workflow_manual_trigger":{"enabledWorkflows":[]},"_links":{"self":[{"href":"https:\/\/regiaonews.net.br\/2022\/wp-json\/wp\/v2\/posts\/98611","targetHints":{"allow":["GET"]}}],"collection":[{"href":"https:\/\/regiaonews.net.br\/2022\/wp-json\/wp\/v2\/posts"}],"about":[{"href":"https:\/\/regiaonews.net.br\/2022\/wp-json\/wp\/v2\/types\/post"}],"author":[{"embeddable":true,"href":"https:\/\/regiaonews.net.br\/2022\/wp-json\/wp\/v2\/users\/2"}],"replies":[{"embeddable":true,"href":"https:\/\/regiaonews.net.br\/2022\/wp-json\/wp\/v2\/comments?post=98611"}],"version-history":[{"count":1,"href":"https:\/\/regiaonews.net.br\/2022\/wp-json\/wp\/v2\/posts\/98611\/revisions"}],"predecessor-version":[{"id":98613,"href":"https:\/\/regiaonews.net.br\/2022\/wp-json\/wp\/v2\/posts\/98611\/revisions\/98613"}],"wp:featuredmedia":[{"embeddable":true,"href":"https:\/\/regiaonews.net.br\/2022\/wp-json\/wp\/v2\/media\/98612"}],"wp:attachment":[{"href":"https:\/\/regiaonews.net.br\/2022\/wp-json\/wp\/v2\/media?parent=98611"}],"wp:term":[{"taxonomy":"category","embeddable":true,"href":"https:\/\/regiaonews.net.br\/2022\/wp-json\/wp\/v2\/categories?post=98611"},{"taxonomy":"post_tag","embeddable":true,"href":"https:\/\/regiaonews.net.br\/2022\/wp-json\/wp\/v2\/tags?post=98611"}],"curies":[{"name":"wp","href":"https:\/\/api.w.org\/{rel}","templated":true}]}}