{"id":98605,"date":"2023-12-05T15:57:10","date_gmt":"2023-12-05T18:57:10","guid":{"rendered":"https:\/\/regiaonews.net.br\/2022\/?p=98605"},"modified":"2023-12-05T15:57:10","modified_gmt":"2023-12-05T18:57:10","slug":"semana-de-negocios-do-unifeb-promove-bate-papo-sobre-rh-e-palestras-com-os-temas-marketing-e-motivacao","status":"publish","type":"post","link":"https:\/\/regiaonews.net.br\/2022\/2023\/12\/05\/semana-de-negocios-do-unifeb-promove-bate-papo-sobre-rh-e-palestras-com-os-temas-marketing-e-motivacao\/","title":{"rendered":"Semana de Neg\u00f3cios do UNIFEB promove bate-papo sobre RH e palestras com os temas marketing e motiva\u00e7\u00e3o"},"content":{"rendered":"<h3 style=\"text-align: center;\"><b>O evento contou com a palestra da maratonista e campe\u00e3 Maria Zeferina Baldaia, que fez um relato pessoal sobre sua trajet\u00f3ria e conquistas pessoais.<\/b><\/h3>\n<p>Aconteceu entre os dias 21 e 24 de novembro a III Semana da \u00c1rea de Neg\u00f3cios\u00a0do UNIFEB (Centro Universit\u00e1rio da Funda\u00e7\u00e3o Educacional de Barretos), que neste ano teve como tema &#8220;O Conhecimento e a Experi\u00eancia&#8221;, dimens\u00f5es que caminham juntas tanto profissionalmente quanto pessoalmente.<\/p>\n<p>O coordenador dos cursos de Administra\u00e7\u00e3o e Ci\u00eancias Cont\u00e1beis do Centro Universit\u00e1rio e organizador da Semana da \u00c1rea de Neg\u00f3cios, Prof. Esp. Paulo Buzati, explica que o objetivo do evento foi convidar profissionais com conhecimento e experi\u00eancia pessoal para compartilharem suas viv\u00eancias. \u201cNo primeiro dia o influencer digital e publicit\u00e1rio,\u00a0Heric Aur\u00e9lio,\u00a0falou sobre o universo do marketing. No segundo\u00a0dia,\u00a0um time de gestores de empresas posicionadas no mercado da\u00a0regi\u00e3o &#8211; entre elas, Ecopower, Sercon, Minerva, Sicred e SR Embalagens &#8211; participou de\u00a0um bate-papo sobre\u00a0RH, recrutamento, sele\u00e7\u00e3o e carreira. J\u00e1 no terceiro\u00a0dia,\u00a0a maratonista e campe\u00e3\u00a0Maria Zeferina\u00a0Baldaia trouxe um relato pessoal de sua trajet\u00f3ria e conquistas profissionais. E, claro, no quarto\u00a0dia encerramos a Semana com\u00a0nossa tradicional festa de confraterniza\u00e7\u00e3o,\u00a0que nesse ano teve o\u00a0tema\u00a0\u201cNeon\u2019\u201d, disse.<\/p>\n<p>Em rela\u00e7\u00e3o \u00e0 import\u00e2ncia dos temas abordados, Buzati afirma que todos s\u00e3o\u00a0transversais \u00e0s disciplinas dos cursos de Administra\u00e7\u00e3o e Ci\u00eancias Cont\u00e1beis e complementam de forma mais interativa, al\u00e9m da sala de aula, o conhecimento e forma\u00e7\u00e3o dos alunos. \u201cFalar sobre marketing digital \u00e9 estar conectado ao mundo digital e de neg\u00f3cios, inclusive em nosso cen\u00e1rio regional. O bate-papo com RH apresentou aos alunos a perspectiva das empresas em rela\u00e7\u00e3o aos profissionais que est\u00e3o buscando e acompanhando a carreira. E uma hist\u00f3ria de vida pessoal \u00e9 a motiva\u00e7\u00e3o e engajamento que buscamos diariamente em nossas carreiras.\u00a0Al\u00e9m de atuais e em constantes mudan\u00e7as, os temas tamb\u00e9m foram escolhidos atendendo pedidos dos pr\u00f3prios alunos\u201d, destacou.<\/p>\n<p>A palestra da maratonista e campe\u00e3,\u00a0Maria Zeferina Baldaia, foi o ponto alto da Semana de Neg\u00f3cios. \u201cNa minha\u00a0hist\u00f3ria de vida, luta e supera\u00e7\u00e3o tem um pouco de tudo.\u00a0Trouxe\u00a0uma palestra motivacional\u00a0com o\u00a0tema \u2018F\u00e9 e Sonhos\u2019 onde pude deixar uma mensagem aos alunos para que nunca\u00a0desistam dos seus sonhos e objetivos.\u00a0Afinal, a\u00a0Educa\u00e7\u00e3o \u00e9 um conhecimento que levamos para a vida toda\u201d, ressaltou a atleta.<\/p>\n<p>Para Buzati, receber a Maria Zeferina no\u00a0evento foi uma alegria imensa. \u201cEla j\u00e1 havia participado da Semana Cultural do curso de Ci\u00eancias Cont\u00e1beis em 2016 e o efeito continua o mesmo. Atrav\u00e9s de sua simplicidade e com um relato emocionante,\u00a0ela faz toda a audi\u00eancia refletir\u00a0e repensar sobre muitos fatores. Nesse novo tempo em que\u00a0vivemos,\u00a0acredito\u00a0que \u00e9 essencial n\u00e3o perdermos o\u00a0h\u00e1bito de pensar e repensar que a principal valida\u00e7\u00e3o e for\u00e7a para superarmos e alcan\u00e7armos nossos objetivos est\u00e1 dentro de cada um de n\u00f3s. Era isso que eu gostaria que nossos alunos ouvissem e, assim, fech\u00e1ssemos o semestre inspirados\u201d, enfatizou.<\/p>\n<p>O coordenador ainda afirma que no mercado de trabalho n\u00e3o existe neg\u00f3cio sem pessoas. \u201cPessoas bem formadas &#8211; e boa forma\u00e7\u00e3o n\u00e3o \u00e9 apenas forma\u00e7\u00e3o t\u00e9cnica, mas tamb\u00e9m forma\u00e7\u00e3o pessoal, social, intelectual e cultural &#8211; suprem demandas de qualquer neg\u00f3cio e em qualquer contexto. A demanda do mercado de trabalho regional tem crescido significativamente e a\u00a0\u00e1rea de neg\u00f3cios tem conseguido atender. Isso se deve muito ao fato de acreditarmos\u00a0na forma\u00e7\u00e3o completa de nossos alunos capacitando-os e investindo sempre no desenvolvimento de suas compet\u00eancias e habilidades, preparando pessoas para al\u00e9m da sala de aula\u201d, lembrou.<\/p>\n<p>A Semana da \u00c1rea de Neg\u00f3cios do UNIFEB tamb\u00e9m sorteou mais de 30 brindes\u00a0para os estudantes, entres eles uma Alexa. \u201cGostaria de\u00a0agradecer todos os alunos participantes e envolvidos na organiza\u00e7\u00e3o do evento e\u00a0dizer que ficamos muito felizes com os resultados de 2023 e j\u00e1 come\u00e7amos a pensar na Semana de 2024. N\u00e3o poder\u00edamos terminar o semestre de uma forma melhor que essa\u201d, finalizou Buzati.<\/p>\n","protected":false},"excerpt":{"rendered":"<p>O evento contou com a palestra da maratonista e campe\u00e3<\/p>\n","protected":false},"author":2,"featured_media":98606,"comment_status":"open","ping_status":"open","sticky":false,"template":"","format":"standard","meta":{"footnotes":""},"categories":[14,3],"tags":[],"class_list":["post-98605","post","type-post","status-publish","format-standard","has-post-thumbnail","hentry","category-barretos","category-geral"],"yoast_head":"<!-- This site is optimized with the Yoast SEO plugin v27.4 - https:\/\/yoast.com\/product\/yoast-seo-wordpress\/ -->\n<title>Semana de Neg\u00f3cios do UNIFEB promove bate-papo sobre RH e palestras com os temas marketing e motiva\u00e7\u00e3o - Regi\u00e3o News<\/title>\n<meta name=\"robots\" content=\"index, follow, max-snippet:-1, max-image-preview:large, max-video-preview:-1\" \/>\n<link rel=\"canonical\" href=\"https:\/\/regiaonews.net.br\/2022\/2023\/12\/05\/semana-de-negocios-do-unifeb-promove-bate-papo-sobre-rh-e-palestras-com-os-temas-marketing-e-motivacao\/\" \/>\n<meta property=\"og:locale\" content=\"pt_BR\" \/>\n<meta property=\"og:type\" content=\"article\" \/>\n<meta property=\"og:title\" content=\"Semana de Neg\u00f3cios do UNIFEB promove bate-papo sobre RH e palestras com os temas marketing e motiva\u00e7\u00e3o - Regi\u00e3o News\" \/>\n<meta property=\"og:description\" content=\"O evento contou com a palestra da maratonista e campe\u00e3\" \/>\n<meta property=\"og:url\" content=\"https:\/\/regiaonews.net.br\/2022\/2023\/12\/05\/semana-de-negocios-do-unifeb-promove-bate-papo-sobre-rh-e-palestras-com-os-temas-marketing-e-motivacao\/\" \/>\n<meta property=\"og:site_name\" content=\"Regi\u00e3o News\" \/>\n<meta property=\"article:published_time\" content=\"2023-12-05T18:57:10+00:00\" \/>\n<meta property=\"og:image\" content=\"https:\/\/regiaonews.net.br\/2022\/wp-content\/uploads\/2023\/12\/Semana-de-Negocios_02-scaled.jpg\" \/>\n\t<meta property=\"og:image:width\" content=\"2560\" \/>\n\t<meta property=\"og:image:height\" content=\"1700\" \/>\n\t<meta property=\"og:image:type\" content=\"image\/jpeg\" \/>\n<meta name=\"author\" content=\"Roberto\" \/>\n<meta name=\"twitter:card\" content=\"summary_large_image\" \/>\n<meta name=\"twitter:label1\" content=\"Escrito por\" \/>\n\t<meta name=\"twitter:data1\" content=\"Roberto\" \/>\n\t<meta name=\"twitter:label2\" content=\"Est. tempo de leitura\" \/>\n\t<meta name=\"twitter:data2\" content=\"4 minutos\" \/>\n<script type=\"application\/ld+json\" class=\"yoast-schema-graph\">{\"@context\":\"https:\\\/\\\/schema.org\",\"@graph\":[{\"@type\":\"Article\",\"@id\":\"https:\\\/\\\/regiaonews.net.br\\\/2022\\\/2023\\\/12\\\/05\\\/semana-de-negocios-do-unifeb-promove-bate-papo-sobre-rh-e-palestras-com-os-temas-marketing-e-motivacao\\\/#article\",\"isPartOf\":{\"@id\":\"https:\\\/\\\/regiaonews.net.br\\\/2022\\\/2023\\\/12\\\/05\\\/semana-de-negocios-do-unifeb-promove-bate-papo-sobre-rh-e-palestras-com-os-temas-marketing-e-motivacao\\\/\"},\"author\":{\"name\":\"Roberto\",\"@id\":\"https:\\\/\\\/regiaonews.net.br\\\/2022\\\/#\\\/schema\\\/person\\\/2d205a608a5aa97ac279d7a5e6d89ad8\"},\"headline\":\"Semana de Neg\u00f3cios do UNIFEB promove bate-papo sobre RH e palestras com os temas marketing e motiva\u00e7\u00e3o\",\"datePublished\":\"2023-12-05T18:57:10+00:00\",\"mainEntityOfPage\":{\"@id\":\"https:\\\/\\\/regiaonews.net.br\\\/2022\\\/2023\\\/12\\\/05\\\/semana-de-negocios-do-unifeb-promove-bate-papo-sobre-rh-e-palestras-com-os-temas-marketing-e-motivacao\\\/\"},\"wordCount\":735,\"commentCount\":0,\"publisher\":{\"@id\":\"https:\\\/\\\/regiaonews.net.br\\\/2022\\\/#organization\"},\"image\":{\"@id\":\"https:\\\/\\\/regiaonews.net.br\\\/2022\\\/2023\\\/12\\\/05\\\/semana-de-negocios-do-unifeb-promove-bate-papo-sobre-rh-e-palestras-com-os-temas-marketing-e-motivacao\\\/#primaryimage\"},\"thumbnailUrl\":\"https:\\\/\\\/regiaonews.net.br\\\/2022\\\/wp-content\\\/uploads\\\/2023\\\/12\\\/Semana-de-Negocios_02-scaled.jpg\",\"articleSection\":[\"Barretos\",\"Geral\"],\"inLanguage\":\"pt-BR\",\"potentialAction\":[{\"@type\":\"CommentAction\",\"name\":\"Comment\",\"target\":[\"https:\\\/\\\/regiaonews.net.br\\\/2022\\\/2023\\\/12\\\/05\\\/semana-de-negocios-do-unifeb-promove-bate-papo-sobre-rh-e-palestras-com-os-temas-marketing-e-motivacao\\\/#respond\"]}]},{\"@type\":\"WebPage\",\"@id\":\"https:\\\/\\\/regiaonews.net.br\\\/2022\\\/2023\\\/12\\\/05\\\/semana-de-negocios-do-unifeb-promove-bate-papo-sobre-rh-e-palestras-com-os-temas-marketing-e-motivacao\\\/\",\"url\":\"https:\\\/\\\/regiaonews.net.br\\\/2022\\\/2023\\\/12\\\/05\\\/semana-de-negocios-do-unifeb-promove-bate-papo-sobre-rh-e-palestras-com-os-temas-marketing-e-motivacao\\\/\",\"name\":\"Semana de Neg\u00f3cios do UNIFEB promove bate-papo sobre RH e palestras com os temas marketing e motiva\u00e7\u00e3o - Regi\u00e3o News\",\"isPartOf\":{\"@id\":\"https:\\\/\\\/regiaonews.net.br\\\/2022\\\/#website\"},\"primaryImageOfPage\":{\"@id\":\"https:\\\/\\\/regiaonews.net.br\\\/2022\\\/2023\\\/12\\\/05\\\/semana-de-negocios-do-unifeb-promove-bate-papo-sobre-rh-e-palestras-com-os-temas-marketing-e-motivacao\\\/#primaryimage\"},\"image\":{\"@id\":\"https:\\\/\\\/regiaonews.net.br\\\/2022\\\/2023\\\/12\\\/05\\\/semana-de-negocios-do-unifeb-promove-bate-papo-sobre-rh-e-palestras-com-os-temas-marketing-e-motivacao\\\/#primaryimage\"},\"thumbnailUrl\":\"https:\\\/\\\/regiaonews.net.br\\\/2022\\\/wp-content\\\/uploads\\\/2023\\\/12\\\/Semana-de-Negocios_02-scaled.jpg\",\"datePublished\":\"2023-12-05T18:57:10+00:00\",\"breadcrumb\":{\"@id\":\"https:\\\/\\\/regiaonews.net.br\\\/2022\\\/2023\\\/12\\\/05\\\/semana-de-negocios-do-unifeb-promove-bate-papo-sobre-rh-e-palestras-com-os-temas-marketing-e-motivacao\\\/#breadcrumb\"},\"inLanguage\":\"pt-BR\",\"potentialAction\":[{\"@type\":\"ReadAction\",\"target\":[\"https:\\\/\\\/regiaonews.net.br\\\/2022\\\/2023\\\/12\\\/05\\\/semana-de-negocios-do-unifeb-promove-bate-papo-sobre-rh-e-palestras-com-os-temas-marketing-e-motivacao\\\/\"]}]},{\"@type\":\"ImageObject\",\"inLanguage\":\"pt-BR\",\"@id\":\"https:\\\/\\\/regiaonews.net.br\\\/2022\\\/2023\\\/12\\\/05\\\/semana-de-negocios-do-unifeb-promove-bate-papo-sobre-rh-e-palestras-com-os-temas-marketing-e-motivacao\\\/#primaryimage\",\"url\":\"https:\\\/\\\/regiaonews.net.br\\\/2022\\\/wp-content\\\/uploads\\\/2023\\\/12\\\/Semana-de-Negocios_02-scaled.jpg\",\"contentUrl\":\"https:\\\/\\\/regiaonews.net.br\\\/2022\\\/wp-content\\\/uploads\\\/2023\\\/12\\\/Semana-de-Negocios_02-scaled.jpg\",\"width\":2560,\"height\":1700},{\"@type\":\"BreadcrumbList\",\"@id\":\"https:\\\/\\\/regiaonews.net.br\\\/2022\\\/2023\\\/12\\\/05\\\/semana-de-negocios-do-unifeb-promove-bate-papo-sobre-rh-e-palestras-com-os-temas-marketing-e-motivacao\\\/#breadcrumb\",\"itemListElement\":[{\"@type\":\"ListItem\",\"position\":1,\"name\":\"In\u00edcio\",\"item\":\"https:\\\/\\\/regiaonews.net.br\\\/2022\\\/\"},{\"@type\":\"ListItem\",\"position\":2,\"name\":\"Semana de Neg\u00f3cios do UNIFEB promove bate-papo sobre RH e palestras com os temas marketing e motiva\u00e7\u00e3o\"}]},{\"@type\":\"WebSite\",\"@id\":\"https:\\\/\\\/regiaonews.net.br\\\/2022\\\/#website\",\"url\":\"https:\\\/\\\/regiaonews.net.br\\\/2022\\\/\",\"name\":\"Regi\u00e3o News\",\"description\":\"Site de Not\u00edcias de Barretos e regi\u00e3o\",\"publisher\":{\"@id\":\"https:\\\/\\\/regiaonews.net.br\\\/2022\\\/#organization\"},\"potentialAction\":[{\"@type\":\"SearchAction\",\"target\":{\"@type\":\"EntryPoint\",\"urlTemplate\":\"https:\\\/\\\/regiaonews.net.br\\\/2022\\\/?s={search_term_string}\"},\"query-input\":{\"@type\":\"PropertyValueSpecification\",\"valueRequired\":true,\"valueName\":\"search_term_string\"}}],\"inLanguage\":\"pt-BR\"},{\"@type\":\"Organization\",\"@id\":\"https:\\\/\\\/regiaonews.net.br\\\/2022\\\/#organization\",\"name\":\"Regi\u00e3o News\",\"url\":\"https:\\\/\\\/regiaonews.net.br\\\/2022\\\/\",\"logo\":{\"@type\":\"ImageObject\",\"inLanguage\":\"pt-BR\",\"@id\":\"https:\\\/\\\/regiaonews.net.br\\\/2022\\\/#\\\/schema\\\/logo\\\/image\\\/\",\"url\":\"https:\\\/\\\/regiaonews.net.br\\\/2022\\\/wp-content\\\/uploads\\\/2026\\\/03\\\/regiao-13-anos-scaled.jpg\",\"contentUrl\":\"https:\\\/\\\/regiaonews.net.br\\\/2022\\\/wp-content\\\/uploads\\\/2026\\\/03\\\/regiao-13-anos-scaled.jpg\",\"width\":2560,\"height\":635,\"caption\":\"Regi\u00e3o News\"},\"image\":{\"@id\":\"https:\\\/\\\/regiaonews.net.br\\\/2022\\\/#\\\/schema\\\/logo\\\/image\\\/\"}},{\"@type\":\"Person\",\"@id\":\"https:\\\/\\\/regiaonews.net.br\\\/2022\\\/#\\\/schema\\\/person\\\/2d205a608a5aa97ac279d7a5e6d89ad8\",\"name\":\"Roberto\",\"image\":{\"@type\":\"ImageObject\",\"inLanguage\":\"pt-BR\",\"@id\":\"https:\\\/\\\/secure.gravatar.com\\\/avatar\\\/42749d8b712ff9d59ca93dc150494e5b55a44134482993f5baeb97e61b7ecc89?s=96&d=mm&r=g\",\"url\":\"https:\\\/\\\/secure.gravatar.com\\\/avatar\\\/42749d8b712ff9d59ca93dc150494e5b55a44134482993f5baeb97e61b7ecc89?s=96&d=mm&r=g\",\"contentUrl\":\"https:\\\/\\\/secure.gravatar.com\\\/avatar\\\/42749d8b712ff9d59ca93dc150494e5b55a44134482993f5baeb97e61b7ecc89?s=96&d=mm&r=g\",\"caption\":\"Roberto\"},\"url\":\"https:\\\/\\\/regiaonews.net.br\\\/2022\\\/author\\\/roberto\\\/\"}]}<\/script>\n<!-- \/ Yoast SEO plugin. -->","yoast_head_json":{"title":"Semana de Neg\u00f3cios do UNIFEB promove bate-papo sobre RH e palestras com os temas marketing e motiva\u00e7\u00e3o - Regi\u00e3o News","robots":{"index":"index","follow":"follow","max-snippet":"max-snippet:-1","max-image-preview":"max-image-preview:large","max-video-preview":"max-video-preview:-1"},"canonical":"https:\/\/regiaonews.net.br\/2022\/2023\/12\/05\/semana-de-negocios-do-unifeb-promove-bate-papo-sobre-rh-e-palestras-com-os-temas-marketing-e-motivacao\/","og_locale":"pt_BR","og_type":"article","og_title":"Semana de Neg\u00f3cios do UNIFEB promove bate-papo sobre RH e palestras com os temas marketing e motiva\u00e7\u00e3o - Regi\u00e3o News","og_description":"O evento contou com a palestra da maratonista e campe\u00e3","og_url":"https:\/\/regiaonews.net.br\/2022\/2023\/12\/05\/semana-de-negocios-do-unifeb-promove-bate-papo-sobre-rh-e-palestras-com-os-temas-marketing-e-motivacao\/","og_site_name":"Regi\u00e3o News","article_published_time":"2023-12-05T18:57:10+00:00","og_image":[{"width":2560,"height":1700,"url":"https:\/\/regiaonews.net.br\/2022\/wp-content\/uploads\/2023\/12\/Semana-de-Negocios_02-scaled.jpg","type":"image\/jpeg"}],"author":"Roberto","twitter_card":"summary_large_image","twitter_misc":{"Escrito por":"Roberto","Est. tempo de leitura":"4 minutos"},"schema":{"@context":"https:\/\/schema.org","@graph":[{"@type":"Article","@id":"https:\/\/regiaonews.net.br\/2022\/2023\/12\/05\/semana-de-negocios-do-unifeb-promove-bate-papo-sobre-rh-e-palestras-com-os-temas-marketing-e-motivacao\/#article","isPartOf":{"@id":"https:\/\/regiaonews.net.br\/2022\/2023\/12\/05\/semana-de-negocios-do-unifeb-promove-bate-papo-sobre-rh-e-palestras-com-os-temas-marketing-e-motivacao\/"},"author":{"name":"Roberto","@id":"https:\/\/regiaonews.net.br\/2022\/#\/schema\/person\/2d205a608a5aa97ac279d7a5e6d89ad8"},"headline":"Semana de Neg\u00f3cios do UNIFEB promove bate-papo sobre RH e palestras com os temas marketing e motiva\u00e7\u00e3o","datePublished":"2023-12-05T18:57:10+00:00","mainEntityOfPage":{"@id":"https:\/\/regiaonews.net.br\/2022\/2023\/12\/05\/semana-de-negocios-do-unifeb-promove-bate-papo-sobre-rh-e-palestras-com-os-temas-marketing-e-motivacao\/"},"wordCount":735,"commentCount":0,"publisher":{"@id":"https:\/\/regiaonews.net.br\/2022\/#organization"},"image":{"@id":"https:\/\/regiaonews.net.br\/2022\/2023\/12\/05\/semana-de-negocios-do-unifeb-promove-bate-papo-sobre-rh-e-palestras-com-os-temas-marketing-e-motivacao\/#primaryimage"},"thumbnailUrl":"https:\/\/regiaonews.net.br\/2022\/wp-content\/uploads\/2023\/12\/Semana-de-Negocios_02-scaled.jpg","articleSection":["Barretos","Geral"],"inLanguage":"pt-BR","potentialAction":[{"@type":"CommentAction","name":"Comment","target":["https:\/\/regiaonews.net.br\/2022\/2023\/12\/05\/semana-de-negocios-do-unifeb-promove-bate-papo-sobre-rh-e-palestras-com-os-temas-marketing-e-motivacao\/#respond"]}]},{"@type":"WebPage","@id":"https:\/\/regiaonews.net.br\/2022\/2023\/12\/05\/semana-de-negocios-do-unifeb-promove-bate-papo-sobre-rh-e-palestras-com-os-temas-marketing-e-motivacao\/","url":"https:\/\/regiaonews.net.br\/2022\/2023\/12\/05\/semana-de-negocios-do-unifeb-promove-bate-papo-sobre-rh-e-palestras-com-os-temas-marketing-e-motivacao\/","name":"Semana de Neg\u00f3cios do UNIFEB promove bate-papo sobre RH e palestras com os temas marketing e motiva\u00e7\u00e3o - Regi\u00e3o News","isPartOf":{"@id":"https:\/\/regiaonews.net.br\/2022\/#website"},"primaryImageOfPage":{"@id":"https:\/\/regiaonews.net.br\/2022\/2023\/12\/05\/semana-de-negocios-do-unifeb-promove-bate-papo-sobre-rh-e-palestras-com-os-temas-marketing-e-motivacao\/#primaryimage"},"image":{"@id":"https:\/\/regiaonews.net.br\/2022\/2023\/12\/05\/semana-de-negocios-do-unifeb-promove-bate-papo-sobre-rh-e-palestras-com-os-temas-marketing-e-motivacao\/#primaryimage"},"thumbnailUrl":"https:\/\/regiaonews.net.br\/2022\/wp-content\/uploads\/2023\/12\/Semana-de-Negocios_02-scaled.jpg","datePublished":"2023-12-05T18:57:10+00:00","breadcrumb":{"@id":"https:\/\/regiaonews.net.br\/2022\/2023\/12\/05\/semana-de-negocios-do-unifeb-promove-bate-papo-sobre-rh-e-palestras-com-os-temas-marketing-e-motivacao\/#breadcrumb"},"inLanguage":"pt-BR","potentialAction":[{"@type":"ReadAction","target":["https:\/\/regiaonews.net.br\/2022\/2023\/12\/05\/semana-de-negocios-do-unifeb-promove-bate-papo-sobre-rh-e-palestras-com-os-temas-marketing-e-motivacao\/"]}]},{"@type":"ImageObject","inLanguage":"pt-BR","@id":"https:\/\/regiaonews.net.br\/2022\/2023\/12\/05\/semana-de-negocios-do-unifeb-promove-bate-papo-sobre-rh-e-palestras-com-os-temas-marketing-e-motivacao\/#primaryimage","url":"https:\/\/regiaonews.net.br\/2022\/wp-content\/uploads\/2023\/12\/Semana-de-Negocios_02-scaled.jpg","contentUrl":"https:\/\/regiaonews.net.br\/2022\/wp-content\/uploads\/2023\/12\/Semana-de-Negocios_02-scaled.jpg","width":2560,"height":1700},{"@type":"BreadcrumbList","@id":"https:\/\/regiaonews.net.br\/2022\/2023\/12\/05\/semana-de-negocios-do-unifeb-promove-bate-papo-sobre-rh-e-palestras-com-os-temas-marketing-e-motivacao\/#breadcrumb","itemListElement":[{"@type":"ListItem","position":1,"name":"In\u00edcio","item":"https:\/\/regiaonews.net.br\/2022\/"},{"@type":"ListItem","position":2,"name":"Semana de Neg\u00f3cios do UNIFEB promove bate-papo sobre RH e palestras com os temas marketing e motiva\u00e7\u00e3o"}]},{"@type":"WebSite","@id":"https:\/\/regiaonews.net.br\/2022\/#website","url":"https:\/\/regiaonews.net.br\/2022\/","name":"Regi\u00e3o News","description":"Site de Not\u00edcias de Barretos e regi\u00e3o","publisher":{"@id":"https:\/\/regiaonews.net.br\/2022\/#organization"},"potentialAction":[{"@type":"SearchAction","target":{"@type":"EntryPoint","urlTemplate":"https:\/\/regiaonews.net.br\/2022\/?s={search_term_string}"},"query-input":{"@type":"PropertyValueSpecification","valueRequired":true,"valueName":"search_term_string"}}],"inLanguage":"pt-BR"},{"@type":"Organization","@id":"https:\/\/regiaonews.net.br\/2022\/#organization","name":"Regi\u00e3o News","url":"https:\/\/regiaonews.net.br\/2022\/","logo":{"@type":"ImageObject","inLanguage":"pt-BR","@id":"https:\/\/regiaonews.net.br\/2022\/#\/schema\/logo\/image\/","url":"https:\/\/regiaonews.net.br\/2022\/wp-content\/uploads\/2026\/03\/regiao-13-anos-scaled.jpg","contentUrl":"https:\/\/regiaonews.net.br\/2022\/wp-content\/uploads\/2026\/03\/regiao-13-anos-scaled.jpg","width":2560,"height":635,"caption":"Regi\u00e3o News"},"image":{"@id":"https:\/\/regiaonews.net.br\/2022\/#\/schema\/logo\/image\/"}},{"@type":"Person","@id":"https:\/\/regiaonews.net.br\/2022\/#\/schema\/person\/2d205a608a5aa97ac279d7a5e6d89ad8","name":"Roberto","image":{"@type":"ImageObject","inLanguage":"pt-BR","@id":"https:\/\/secure.gravatar.com\/avatar\/42749d8b712ff9d59ca93dc150494e5b55a44134482993f5baeb97e61b7ecc89?s=96&d=mm&r=g","url":"https:\/\/secure.gravatar.com\/avatar\/42749d8b712ff9d59ca93dc150494e5b55a44134482993f5baeb97e61b7ecc89?s=96&d=mm&r=g","contentUrl":"https:\/\/secure.gravatar.com\/avatar\/42749d8b712ff9d59ca93dc150494e5b55a44134482993f5baeb97e61b7ecc89?s=96&d=mm&r=g","caption":"Roberto"},"url":"https:\/\/regiaonews.net.br\/2022\/author\/roberto\/"}]}},"publishpress_future_action":{"enabled":false,"date":"2026-05-04 10:08:11","action":"change-status","newStatus":"draft","terms":[],"taxonomy":"category","extraData":[]},"publishpress_future_workflow_manual_trigger":{"enabledWorkflows":[]},"_links":{"self":[{"href":"https:\/\/regiaonews.net.br\/2022\/wp-json\/wp\/v2\/posts\/98605","targetHints":{"allow":["GET"]}}],"collection":[{"href":"https:\/\/regiaonews.net.br\/2022\/wp-json\/wp\/v2\/posts"}],"about":[{"href":"https:\/\/regiaonews.net.br\/2022\/wp-json\/wp\/v2\/types\/post"}],"author":[{"embeddable":true,"href":"https:\/\/regiaonews.net.br\/2022\/wp-json\/wp\/v2\/users\/2"}],"replies":[{"embeddable":true,"href":"https:\/\/regiaonews.net.br\/2022\/wp-json\/wp\/v2\/comments?post=98605"}],"version-history":[{"count":1,"href":"https:\/\/regiaonews.net.br\/2022\/wp-json\/wp\/v2\/posts\/98605\/revisions"}],"predecessor-version":[{"id":98607,"href":"https:\/\/regiaonews.net.br\/2022\/wp-json\/wp\/v2\/posts\/98605\/revisions\/98607"}],"wp:featuredmedia":[{"embeddable":true,"href":"https:\/\/regiaonews.net.br\/2022\/wp-json\/wp\/v2\/media\/98606"}],"wp:attachment":[{"href":"https:\/\/regiaonews.net.br\/2022\/wp-json\/wp\/v2\/media?parent=98605"}],"wp:term":[{"taxonomy":"category","embeddable":true,"href":"https:\/\/regiaonews.net.br\/2022\/wp-json\/wp\/v2\/categories?post=98605"},{"taxonomy":"post_tag","embeddable":true,"href":"https:\/\/regiaonews.net.br\/2022\/wp-json\/wp\/v2\/tags?post=98605"}],"curies":[{"name":"wp","href":"https:\/\/api.w.org\/{rel}","templated":true}]}}