{"id":98596,"date":"2023-12-05T13:06:55","date_gmt":"2023-12-05T16:06:55","guid":{"rendered":"https:\/\/regiaonews.net.br\/2022\/?p=98596"},"modified":"2023-12-05T13:06:55","modified_gmt":"2023-12-05T16:06:55","slug":"consegs-ampliam-a-participacao-da-comunidade-na-regiao-de-ribeirao-preto","status":"publish","type":"post","link":"https:\/\/regiaonews.net.br\/2022\/2023\/12\/05\/consegs-ampliam-a-participacao-da-comunidade-na-regiao-de-ribeirao-preto\/","title":{"rendered":"Consegs ampliam a participa\u00e7\u00e3o da comunidade na regi\u00e3o de Ribeir\u00e3o Preto"},"content":{"rendered":"<h3 class=\"col-lg-12 mt-4 justify\" style=\"text-align: center;\"><span style=\"font-size: 16px;\">J\u00e1 s\u00e3o 53 conselhos auxiliando as for\u00e7as de seguran\u00e7a no combate \u00e0 criminalidade.<\/span><\/h3>\n<div class=\"col-lg-12 mt-3 justify\">\n<div>\n<p>A regi\u00e3o de Ribeir\u00e3o Preto ampliou a participa\u00e7\u00e3o da comunidade nos Conselhos Comunit\u00e1rios de Seguran\u00e7a (Conseg). Na atual gest\u00e3o da Secretaria da Seguran\u00e7a P\u00fablica (SSP), o n\u00famero de conselhos aumentou de 30 para 53 em atua\u00e7\u00e3o.<\/p>\n<p>Para valorizar a participa\u00e7\u00e3o dos volunt\u00e1rios, a SSP promoveu nesta segunda-feira (4), o ciclo Estadual da Integra\u00e7\u00e3o Comunit\u00e1ria dos Consegs para os munic\u00edpios da regi\u00e3o de Ribeir\u00e3o Preto. Al\u00e9m de reconhecer o esfor\u00e7o dos integrantes, a nova etapa promove a capacita\u00e7\u00e3o das pessoas que atuam nos Consegs com o objetivo de fortalecer as a\u00e7\u00f5es desenvolvidas pelos conselhos.<\/p>\n<p>\u201cEssa a\u00e7\u00e3o \u00e9 um reconhecimento e uma retribui\u00e7\u00e3o ao trabalho de voc\u00eas que nos trazem um diagn\u00f3stico dos problemas da regi\u00e3o\u201d, afirmou o secret\u00e1rio da Seguran\u00e7a P\u00fablica, Guilherme Derrite, durante o evento. \u201cN\u00f3s n\u00e3o vamos fugir dos problemas, e com os senhores vamos atuar para melhorar a seguran\u00e7a em nosso Estado.\u201d<\/p>\n<p>O presidente do Conseg de Ribeir\u00e3o Preto, Maur\u00edcio Ribeiro de Arruda, avalia que a principal meta atualmente \u00e9 mostrar \u00e0 sociedade a import\u00e2ncia da participa\u00e7\u00e3o na elabora\u00e7\u00e3o de pol\u00edticas p\u00fablicas. \u201cN\u00f3s temos que auxiliar os \u00f3rg\u00e3os p\u00fablicos, com as demandas e a participa\u00e7\u00e3o efetiva, para a realiza\u00e7\u00e3o de mais a\u00e7\u00f5es pontuais, conforme a necessidade da comunidade\u201d, disse. Para ele, participar do evento \u00e9 uma maneira de valorizar e capacitar os volunt\u00e1rios que atuam nos Consegs.<\/p>\n<p>\u201cEssa uni\u00e3o \u00e9 fundamental para que o policial entenda o trabalho que realiza na comunidade para prestar um servi\u00e7o cada vez melhor \u00e0 sociedade\u201d, afirmou o coronel C\u00e1ssio Ara\u00fajo de Freitas, comandante-geral da Pol\u00edcia Militar.<\/p>\n<p><b>Ribeir\u00e3o Preto possui 812 programas de Vizinhan\u00e7a Solid\u00e1ria<\/b><\/p>\n<p>A regi\u00e3o de Ribeir\u00e3o Preto conta com 63 munic\u00edpios e uma popula\u00e7\u00e3o de quase 4 milh\u00f5es de habitantes.<\/p>\n<p>Neste ano, o programa Vizinhan\u00e7a Solid\u00e1ria, que \u00e9 um bra\u00e7o do Conseg, foi ampliado chegando a 812 ativos, a maioria na \u00e1rea urbana, mas tamb\u00e9m no apoio \u00e0s a\u00e7\u00f5es da ronda escolar e na \u00e1rea rural. O objetivo \u00e9 incentivar as a\u00e7\u00f5es de preven\u00e7\u00e3o prim\u00e1ria nos locais onde as pessoas moram, trabalham ou estudam por meio de a\u00e7\u00f5es destinadas a evitar ou reduzir as ocorr\u00eancias.<\/p>\n<p>\u201cO programa tem ajudado muito na redu\u00e7\u00e3o dos indicadores criminais. Isso se deve \u00e0 participa\u00e7\u00e3o da popula\u00e7\u00e3o no apoio \u00e0s for\u00e7as de seguran\u00e7a\u201d, afirmou coronel Marcelo San\u00e7ana, do Comando de Policiamento do Interior (CPI-3).<\/p>\n<p>Conforme os dados do Deinter 3, neste ano, a maioria dos \u00edndices criminais reduziram na regi\u00e3o, como homic\u00eddios (5%), roubos (13%), roubos de ve\u00edculos (8%) e furtos de ve\u00edculos (8%) na compara\u00e7\u00e3o com o mesmo per\u00edodo de 2022.<\/p>\n<p>\u201cO Conseg \u00e9 uma ferramenta de uni\u00e3o das for\u00e7as. A gente precisa conversar com a sociedade porque ela precisa ter uma porta aberta com a delegacia sem burocracia para ouvir os problemas da regi\u00e3o\u201d, lembrou o delegado Jorge Amaro Cury Neto, diretor do Deinter 3.<\/p>\n<p>O coordenador estadual dos Consegs, coronel Leonardo Isipon, abriu a etapa do ciclo e agradeceu aos volunt\u00e1rios que atuam no conselho. \u201cO evento \u00e9 a coroa\u00e7\u00e3o de um trabalho que vem sendo realizado h\u00e1 um bom tempo. \u00c9 essencial a participa\u00e7\u00e3o da comunidade no trabalho desenvolvido diariamente pelas for\u00e7as de seguran\u00e7a do Estado\u201d, afirmou.<\/p>\n<\/div>\n<\/div>\n","protected":false},"excerpt":{"rendered":"<p>J\u00e1 s\u00e3o 53 conselhos auxiliando as for\u00e7as de seguran\u00e7a no<\/p>\n","protected":false},"author":2,"featured_media":98597,"comment_status":"open","ping_status":"open","sticky":false,"template":"","format":"standard","meta":{"footnotes":""},"categories":[7,23],"tags":[],"class_list":["post-98596","post","type-post","status-publish","format-standard","has-post-thumbnail","hentry","category-estado-de-sao-paulo","category-policia"],"yoast_head":"<!-- This site is optimized with the Yoast SEO plugin v27.4 - https:\/\/yoast.com\/product\/yoast-seo-wordpress\/ -->\n<title>Consegs ampliam a participa\u00e7\u00e3o da comunidade na regi\u00e3o de Ribeir\u00e3o Preto - Regi\u00e3o News<\/title>\n<meta name=\"robots\" content=\"index, follow, max-snippet:-1, max-image-preview:large, max-video-preview:-1\" \/>\n<link rel=\"canonical\" href=\"https:\/\/regiaonews.net.br\/2022\/2023\/12\/05\/consegs-ampliam-a-participacao-da-comunidade-na-regiao-de-ribeirao-preto\/\" \/>\n<meta property=\"og:locale\" content=\"pt_BR\" \/>\n<meta property=\"og:type\" content=\"article\" \/>\n<meta property=\"og:title\" content=\"Consegs ampliam a participa\u00e7\u00e3o da comunidade na regi\u00e3o de Ribeir\u00e3o Preto - Regi\u00e3o News\" \/>\n<meta property=\"og:description\" content=\"J\u00e1 s\u00e3o 53 conselhos auxiliando as for\u00e7as de seguran\u00e7a no\" \/>\n<meta property=\"og:url\" content=\"https:\/\/regiaonews.net.br\/2022\/2023\/12\/05\/consegs-ampliam-a-participacao-da-comunidade-na-regiao-de-ribeirao-preto\/\" \/>\n<meta property=\"og:site_name\" content=\"Regi\u00e3o News\" \/>\n<meta property=\"article:published_time\" content=\"2023-12-05T16:06:55+00:00\" \/>\n<meta property=\"og:image\" content=\"https:\/\/regiaonews.net.br\/2022\/wp-content\/uploads\/2023\/12\/00052325.jpeg\" \/>\n\t<meta property=\"og:image:width\" content=\"1600\" \/>\n\t<meta property=\"og:image:height\" content=\"1200\" \/>\n\t<meta property=\"og:image:type\" content=\"image\/jpeg\" \/>\n<meta name=\"author\" content=\"Roberto\" \/>\n<meta name=\"twitter:card\" content=\"summary_large_image\" \/>\n<meta name=\"twitter:label1\" content=\"Escrito por\" \/>\n\t<meta name=\"twitter:data1\" content=\"Roberto\" \/>\n\t<meta name=\"twitter:label2\" content=\"Est. tempo de leitura\" \/>\n\t<meta name=\"twitter:data2\" content=\"3 minutos\" \/>\n<script type=\"application\/ld+json\" class=\"yoast-schema-graph\">{\"@context\":\"https:\\\/\\\/schema.org\",\"@graph\":[{\"@type\":\"Article\",\"@id\":\"https:\\\/\\\/regiaonews.net.br\\\/2022\\\/2023\\\/12\\\/05\\\/consegs-ampliam-a-participacao-da-comunidade-na-regiao-de-ribeirao-preto\\\/#article\",\"isPartOf\":{\"@id\":\"https:\\\/\\\/regiaonews.net.br\\\/2022\\\/2023\\\/12\\\/05\\\/consegs-ampliam-a-participacao-da-comunidade-na-regiao-de-ribeirao-preto\\\/\"},\"author\":{\"name\":\"Roberto\",\"@id\":\"https:\\\/\\\/regiaonews.net.br\\\/2022\\\/#\\\/schema\\\/person\\\/2d205a608a5aa97ac279d7a5e6d89ad8\"},\"headline\":\"Consegs ampliam a participa\u00e7\u00e3o da comunidade na regi\u00e3o de Ribeir\u00e3o Preto\",\"datePublished\":\"2023-12-05T16:06:55+00:00\",\"mainEntityOfPage\":{\"@id\":\"https:\\\/\\\/regiaonews.net.br\\\/2022\\\/2023\\\/12\\\/05\\\/consegs-ampliam-a-participacao-da-comunidade-na-regiao-de-ribeirao-preto\\\/\"},\"wordCount\":607,\"commentCount\":0,\"publisher\":{\"@id\":\"https:\\\/\\\/regiaonews.net.br\\\/2022\\\/#organization\"},\"image\":{\"@id\":\"https:\\\/\\\/regiaonews.net.br\\\/2022\\\/2023\\\/12\\\/05\\\/consegs-ampliam-a-participacao-da-comunidade-na-regiao-de-ribeirao-preto\\\/#primaryimage\"},\"thumbnailUrl\":\"https:\\\/\\\/regiaonews.net.br\\\/2022\\\/wp-content\\\/uploads\\\/2023\\\/12\\\/00052325.jpeg\",\"articleSection\":[\"Estado de S\u00e3o Paulo\",\"Policia\"],\"inLanguage\":\"pt-BR\",\"potentialAction\":[{\"@type\":\"CommentAction\",\"name\":\"Comment\",\"target\":[\"https:\\\/\\\/regiaonews.net.br\\\/2022\\\/2023\\\/12\\\/05\\\/consegs-ampliam-a-participacao-da-comunidade-na-regiao-de-ribeirao-preto\\\/#respond\"]}]},{\"@type\":\"WebPage\",\"@id\":\"https:\\\/\\\/regiaonews.net.br\\\/2022\\\/2023\\\/12\\\/05\\\/consegs-ampliam-a-participacao-da-comunidade-na-regiao-de-ribeirao-preto\\\/\",\"url\":\"https:\\\/\\\/regiaonews.net.br\\\/2022\\\/2023\\\/12\\\/05\\\/consegs-ampliam-a-participacao-da-comunidade-na-regiao-de-ribeirao-preto\\\/\",\"name\":\"Consegs ampliam a participa\u00e7\u00e3o da comunidade na regi\u00e3o de Ribeir\u00e3o Preto - Regi\u00e3o News\",\"isPartOf\":{\"@id\":\"https:\\\/\\\/regiaonews.net.br\\\/2022\\\/#website\"},\"primaryImageOfPage\":{\"@id\":\"https:\\\/\\\/regiaonews.net.br\\\/2022\\\/2023\\\/12\\\/05\\\/consegs-ampliam-a-participacao-da-comunidade-na-regiao-de-ribeirao-preto\\\/#primaryimage\"},\"image\":{\"@id\":\"https:\\\/\\\/regiaonews.net.br\\\/2022\\\/2023\\\/12\\\/05\\\/consegs-ampliam-a-participacao-da-comunidade-na-regiao-de-ribeirao-preto\\\/#primaryimage\"},\"thumbnailUrl\":\"https:\\\/\\\/regiaonews.net.br\\\/2022\\\/wp-content\\\/uploads\\\/2023\\\/12\\\/00052325.jpeg\",\"datePublished\":\"2023-12-05T16:06:55+00:00\",\"breadcrumb\":{\"@id\":\"https:\\\/\\\/regiaonews.net.br\\\/2022\\\/2023\\\/12\\\/05\\\/consegs-ampliam-a-participacao-da-comunidade-na-regiao-de-ribeirao-preto\\\/#breadcrumb\"},\"inLanguage\":\"pt-BR\",\"potentialAction\":[{\"@type\":\"ReadAction\",\"target\":[\"https:\\\/\\\/regiaonews.net.br\\\/2022\\\/2023\\\/12\\\/05\\\/consegs-ampliam-a-participacao-da-comunidade-na-regiao-de-ribeirao-preto\\\/\"]}]},{\"@type\":\"ImageObject\",\"inLanguage\":\"pt-BR\",\"@id\":\"https:\\\/\\\/regiaonews.net.br\\\/2022\\\/2023\\\/12\\\/05\\\/consegs-ampliam-a-participacao-da-comunidade-na-regiao-de-ribeirao-preto\\\/#primaryimage\",\"url\":\"https:\\\/\\\/regiaonews.net.br\\\/2022\\\/wp-content\\\/uploads\\\/2023\\\/12\\\/00052325.jpeg\",\"contentUrl\":\"https:\\\/\\\/regiaonews.net.br\\\/2022\\\/wp-content\\\/uploads\\\/2023\\\/12\\\/00052325.jpeg\",\"width\":1600,\"height\":1200},{\"@type\":\"BreadcrumbList\",\"@id\":\"https:\\\/\\\/regiaonews.net.br\\\/2022\\\/2023\\\/12\\\/05\\\/consegs-ampliam-a-participacao-da-comunidade-na-regiao-de-ribeirao-preto\\\/#breadcrumb\",\"itemListElement\":[{\"@type\":\"ListItem\",\"position\":1,\"name\":\"In\u00edcio\",\"item\":\"https:\\\/\\\/regiaonews.net.br\\\/2022\\\/\"},{\"@type\":\"ListItem\",\"position\":2,\"name\":\"Consegs ampliam a participa\u00e7\u00e3o da comunidade na regi\u00e3o de Ribeir\u00e3o Preto\"}]},{\"@type\":\"WebSite\",\"@id\":\"https:\\\/\\\/regiaonews.net.br\\\/2022\\\/#website\",\"url\":\"https:\\\/\\\/regiaonews.net.br\\\/2022\\\/\",\"name\":\"Regi\u00e3o News\",\"description\":\"Site de Not\u00edcias de Barretos e regi\u00e3o\",\"publisher\":{\"@id\":\"https:\\\/\\\/regiaonews.net.br\\\/2022\\\/#organization\"},\"potentialAction\":[{\"@type\":\"SearchAction\",\"target\":{\"@type\":\"EntryPoint\",\"urlTemplate\":\"https:\\\/\\\/regiaonews.net.br\\\/2022\\\/?s={search_term_string}\"},\"query-input\":{\"@type\":\"PropertyValueSpecification\",\"valueRequired\":true,\"valueName\":\"search_term_string\"}}],\"inLanguage\":\"pt-BR\"},{\"@type\":\"Organization\",\"@id\":\"https:\\\/\\\/regiaonews.net.br\\\/2022\\\/#organization\",\"name\":\"Regi\u00e3o News\",\"url\":\"https:\\\/\\\/regiaonews.net.br\\\/2022\\\/\",\"logo\":{\"@type\":\"ImageObject\",\"inLanguage\":\"pt-BR\",\"@id\":\"https:\\\/\\\/regiaonews.net.br\\\/2022\\\/#\\\/schema\\\/logo\\\/image\\\/\",\"url\":\"https:\\\/\\\/regiaonews.net.br\\\/2022\\\/wp-content\\\/uploads\\\/2026\\\/03\\\/regiao-13-anos-scaled.jpg\",\"contentUrl\":\"https:\\\/\\\/regiaonews.net.br\\\/2022\\\/wp-content\\\/uploads\\\/2026\\\/03\\\/regiao-13-anos-scaled.jpg\",\"width\":2560,\"height\":635,\"caption\":\"Regi\u00e3o News\"},\"image\":{\"@id\":\"https:\\\/\\\/regiaonews.net.br\\\/2022\\\/#\\\/schema\\\/logo\\\/image\\\/\"}},{\"@type\":\"Person\",\"@id\":\"https:\\\/\\\/regiaonews.net.br\\\/2022\\\/#\\\/schema\\\/person\\\/2d205a608a5aa97ac279d7a5e6d89ad8\",\"name\":\"Roberto\",\"image\":{\"@type\":\"ImageObject\",\"inLanguage\":\"pt-BR\",\"@id\":\"https:\\\/\\\/secure.gravatar.com\\\/avatar\\\/42749d8b712ff9d59ca93dc150494e5b55a44134482993f5baeb97e61b7ecc89?s=96&d=mm&r=g\",\"url\":\"https:\\\/\\\/secure.gravatar.com\\\/avatar\\\/42749d8b712ff9d59ca93dc150494e5b55a44134482993f5baeb97e61b7ecc89?s=96&d=mm&r=g\",\"contentUrl\":\"https:\\\/\\\/secure.gravatar.com\\\/avatar\\\/42749d8b712ff9d59ca93dc150494e5b55a44134482993f5baeb97e61b7ecc89?s=96&d=mm&r=g\",\"caption\":\"Roberto\"},\"url\":\"https:\\\/\\\/regiaonews.net.br\\\/2022\\\/author\\\/roberto\\\/\"}]}<\/script>\n<!-- \/ Yoast SEO plugin. -->","yoast_head_json":{"title":"Consegs ampliam a participa\u00e7\u00e3o da comunidade na regi\u00e3o de Ribeir\u00e3o Preto - Regi\u00e3o News","robots":{"index":"index","follow":"follow","max-snippet":"max-snippet:-1","max-image-preview":"max-image-preview:large","max-video-preview":"max-video-preview:-1"},"canonical":"https:\/\/regiaonews.net.br\/2022\/2023\/12\/05\/consegs-ampliam-a-participacao-da-comunidade-na-regiao-de-ribeirao-preto\/","og_locale":"pt_BR","og_type":"article","og_title":"Consegs ampliam a participa\u00e7\u00e3o da comunidade na regi\u00e3o de Ribeir\u00e3o Preto - Regi\u00e3o News","og_description":"J\u00e1 s\u00e3o 53 conselhos auxiliando as for\u00e7as de seguran\u00e7a no","og_url":"https:\/\/regiaonews.net.br\/2022\/2023\/12\/05\/consegs-ampliam-a-participacao-da-comunidade-na-regiao-de-ribeirao-preto\/","og_site_name":"Regi\u00e3o News","article_published_time":"2023-12-05T16:06:55+00:00","og_image":[{"width":1600,"height":1200,"url":"https:\/\/regiaonews.net.br\/2022\/wp-content\/uploads\/2023\/12\/00052325.jpeg","type":"image\/jpeg"}],"author":"Roberto","twitter_card":"summary_large_image","twitter_misc":{"Escrito por":"Roberto","Est. tempo de leitura":"3 minutos"},"schema":{"@context":"https:\/\/schema.org","@graph":[{"@type":"Article","@id":"https:\/\/regiaonews.net.br\/2022\/2023\/12\/05\/consegs-ampliam-a-participacao-da-comunidade-na-regiao-de-ribeirao-preto\/#article","isPartOf":{"@id":"https:\/\/regiaonews.net.br\/2022\/2023\/12\/05\/consegs-ampliam-a-participacao-da-comunidade-na-regiao-de-ribeirao-preto\/"},"author":{"name":"Roberto","@id":"https:\/\/regiaonews.net.br\/2022\/#\/schema\/person\/2d205a608a5aa97ac279d7a5e6d89ad8"},"headline":"Consegs ampliam a participa\u00e7\u00e3o da comunidade na regi\u00e3o de Ribeir\u00e3o Preto","datePublished":"2023-12-05T16:06:55+00:00","mainEntityOfPage":{"@id":"https:\/\/regiaonews.net.br\/2022\/2023\/12\/05\/consegs-ampliam-a-participacao-da-comunidade-na-regiao-de-ribeirao-preto\/"},"wordCount":607,"commentCount":0,"publisher":{"@id":"https:\/\/regiaonews.net.br\/2022\/#organization"},"image":{"@id":"https:\/\/regiaonews.net.br\/2022\/2023\/12\/05\/consegs-ampliam-a-participacao-da-comunidade-na-regiao-de-ribeirao-preto\/#primaryimage"},"thumbnailUrl":"https:\/\/regiaonews.net.br\/2022\/wp-content\/uploads\/2023\/12\/00052325.jpeg","articleSection":["Estado de S\u00e3o Paulo","Policia"],"inLanguage":"pt-BR","potentialAction":[{"@type":"CommentAction","name":"Comment","target":["https:\/\/regiaonews.net.br\/2022\/2023\/12\/05\/consegs-ampliam-a-participacao-da-comunidade-na-regiao-de-ribeirao-preto\/#respond"]}]},{"@type":"WebPage","@id":"https:\/\/regiaonews.net.br\/2022\/2023\/12\/05\/consegs-ampliam-a-participacao-da-comunidade-na-regiao-de-ribeirao-preto\/","url":"https:\/\/regiaonews.net.br\/2022\/2023\/12\/05\/consegs-ampliam-a-participacao-da-comunidade-na-regiao-de-ribeirao-preto\/","name":"Consegs ampliam a participa\u00e7\u00e3o da comunidade na regi\u00e3o de Ribeir\u00e3o Preto - Regi\u00e3o News","isPartOf":{"@id":"https:\/\/regiaonews.net.br\/2022\/#website"},"primaryImageOfPage":{"@id":"https:\/\/regiaonews.net.br\/2022\/2023\/12\/05\/consegs-ampliam-a-participacao-da-comunidade-na-regiao-de-ribeirao-preto\/#primaryimage"},"image":{"@id":"https:\/\/regiaonews.net.br\/2022\/2023\/12\/05\/consegs-ampliam-a-participacao-da-comunidade-na-regiao-de-ribeirao-preto\/#primaryimage"},"thumbnailUrl":"https:\/\/regiaonews.net.br\/2022\/wp-content\/uploads\/2023\/12\/00052325.jpeg","datePublished":"2023-12-05T16:06:55+00:00","breadcrumb":{"@id":"https:\/\/regiaonews.net.br\/2022\/2023\/12\/05\/consegs-ampliam-a-participacao-da-comunidade-na-regiao-de-ribeirao-preto\/#breadcrumb"},"inLanguage":"pt-BR","potentialAction":[{"@type":"ReadAction","target":["https:\/\/regiaonews.net.br\/2022\/2023\/12\/05\/consegs-ampliam-a-participacao-da-comunidade-na-regiao-de-ribeirao-preto\/"]}]},{"@type":"ImageObject","inLanguage":"pt-BR","@id":"https:\/\/regiaonews.net.br\/2022\/2023\/12\/05\/consegs-ampliam-a-participacao-da-comunidade-na-regiao-de-ribeirao-preto\/#primaryimage","url":"https:\/\/regiaonews.net.br\/2022\/wp-content\/uploads\/2023\/12\/00052325.jpeg","contentUrl":"https:\/\/regiaonews.net.br\/2022\/wp-content\/uploads\/2023\/12\/00052325.jpeg","width":1600,"height":1200},{"@type":"BreadcrumbList","@id":"https:\/\/regiaonews.net.br\/2022\/2023\/12\/05\/consegs-ampliam-a-participacao-da-comunidade-na-regiao-de-ribeirao-preto\/#breadcrumb","itemListElement":[{"@type":"ListItem","position":1,"name":"In\u00edcio","item":"https:\/\/regiaonews.net.br\/2022\/"},{"@type":"ListItem","position":2,"name":"Consegs ampliam a participa\u00e7\u00e3o da comunidade na regi\u00e3o de Ribeir\u00e3o Preto"}]},{"@type":"WebSite","@id":"https:\/\/regiaonews.net.br\/2022\/#website","url":"https:\/\/regiaonews.net.br\/2022\/","name":"Regi\u00e3o News","description":"Site de Not\u00edcias de Barretos e regi\u00e3o","publisher":{"@id":"https:\/\/regiaonews.net.br\/2022\/#organization"},"potentialAction":[{"@type":"SearchAction","target":{"@type":"EntryPoint","urlTemplate":"https:\/\/regiaonews.net.br\/2022\/?s={search_term_string}"},"query-input":{"@type":"PropertyValueSpecification","valueRequired":true,"valueName":"search_term_string"}}],"inLanguage":"pt-BR"},{"@type":"Organization","@id":"https:\/\/regiaonews.net.br\/2022\/#organization","name":"Regi\u00e3o News","url":"https:\/\/regiaonews.net.br\/2022\/","logo":{"@type":"ImageObject","inLanguage":"pt-BR","@id":"https:\/\/regiaonews.net.br\/2022\/#\/schema\/logo\/image\/","url":"https:\/\/regiaonews.net.br\/2022\/wp-content\/uploads\/2026\/03\/regiao-13-anos-scaled.jpg","contentUrl":"https:\/\/regiaonews.net.br\/2022\/wp-content\/uploads\/2026\/03\/regiao-13-anos-scaled.jpg","width":2560,"height":635,"caption":"Regi\u00e3o News"},"image":{"@id":"https:\/\/regiaonews.net.br\/2022\/#\/schema\/logo\/image\/"}},{"@type":"Person","@id":"https:\/\/regiaonews.net.br\/2022\/#\/schema\/person\/2d205a608a5aa97ac279d7a5e6d89ad8","name":"Roberto","image":{"@type":"ImageObject","inLanguage":"pt-BR","@id":"https:\/\/secure.gravatar.com\/avatar\/42749d8b712ff9d59ca93dc150494e5b55a44134482993f5baeb97e61b7ecc89?s=96&d=mm&r=g","url":"https:\/\/secure.gravatar.com\/avatar\/42749d8b712ff9d59ca93dc150494e5b55a44134482993f5baeb97e61b7ecc89?s=96&d=mm&r=g","contentUrl":"https:\/\/secure.gravatar.com\/avatar\/42749d8b712ff9d59ca93dc150494e5b55a44134482993f5baeb97e61b7ecc89?s=96&d=mm&r=g","caption":"Roberto"},"url":"https:\/\/regiaonews.net.br\/2022\/author\/roberto\/"}]}},"publishpress_future_action":{"enabled":false,"date":"2026-05-04 07:25:10","action":"change-status","newStatus":"draft","terms":[],"taxonomy":"category","extraData":[]},"publishpress_future_workflow_manual_trigger":{"enabledWorkflows":[]},"_links":{"self":[{"href":"https:\/\/regiaonews.net.br\/2022\/wp-json\/wp\/v2\/posts\/98596","targetHints":{"allow":["GET"]}}],"collection":[{"href":"https:\/\/regiaonews.net.br\/2022\/wp-json\/wp\/v2\/posts"}],"about":[{"href":"https:\/\/regiaonews.net.br\/2022\/wp-json\/wp\/v2\/types\/post"}],"author":[{"embeddable":true,"href":"https:\/\/regiaonews.net.br\/2022\/wp-json\/wp\/v2\/users\/2"}],"replies":[{"embeddable":true,"href":"https:\/\/regiaonews.net.br\/2022\/wp-json\/wp\/v2\/comments?post=98596"}],"version-history":[{"count":1,"href":"https:\/\/regiaonews.net.br\/2022\/wp-json\/wp\/v2\/posts\/98596\/revisions"}],"predecessor-version":[{"id":98598,"href":"https:\/\/regiaonews.net.br\/2022\/wp-json\/wp\/v2\/posts\/98596\/revisions\/98598"}],"wp:featuredmedia":[{"embeddable":true,"href":"https:\/\/regiaonews.net.br\/2022\/wp-json\/wp\/v2\/media\/98597"}],"wp:attachment":[{"href":"https:\/\/regiaonews.net.br\/2022\/wp-json\/wp\/v2\/media?parent=98596"}],"wp:term":[{"taxonomy":"category","embeddable":true,"href":"https:\/\/regiaonews.net.br\/2022\/wp-json\/wp\/v2\/categories?post=98596"},{"taxonomy":"post_tag","embeddable":true,"href":"https:\/\/regiaonews.net.br\/2022\/wp-json\/wp\/v2\/tags?post=98596"}],"curies":[{"name":"wp","href":"https:\/\/api.w.org\/{rel}","templated":true}]}}