{"id":98588,"date":"2023-12-04T22:26:04","date_gmt":"2023-12-05T01:26:04","guid":{"rendered":"https:\/\/regiaonews.net.br\/2022\/?p=98588"},"modified":"2023-12-04T22:36:55","modified_gmt":"2023-12-05T01:36:55","slug":"prefeitura-de-colina-atinge-1-100-animais-castrados-atraves-do-programa-sus-cao","status":"publish","type":"post","link":"https:\/\/regiaonews.net.br\/2022\/2023\/12\/04\/prefeitura-de-colina-atinge-1-100-animais-castrados-atraves-do-programa-sus-cao\/","title":{"rendered":"Prefeitura de Colina atinge 1.100 animais castrados atrav\u00e9s do programa SUS C\u00e3o"},"content":{"rendered":"<p>Equipe do \u00a0castram\u00f3vel realizou 213 castra\u00e7\u00f5es \u00a0neste final de semana e animais receberam microchips<\/p>\n<p>&nbsp;<\/p>\n<p>A Prefeitura de Colina vem realizando a castra\u00e7\u00e3o de animais \u00a0e implanta\u00e7\u00e3o de microchips nos c\u00e3es e gatos cadastrados no programa \u00a0SUS C\u00e3o, envolvendo as equipes da Secretaria de Sa\u00fade e Vigil\u00e2ncia Sanit\u00e1ria. O projeto foi iniciado em 2019, vem sendo executado todos os anos chegando neste m\u00eas de \u00a0novembro a \u00a0900 c\u00e3es e gatos castrados. Diante da demanda de 213 cadastros, \u00a0a Prefeitura de Colina agendou para o final de semana 213 castra\u00e7\u00f5es, elevando para 1.113 animais castrados. \u201cCom essa demanda decidimos contratar o castram\u00f3vel que neste s\u00e1bado e domingo, dias 2 e 3 de dezembro, para castrar os animais cadastrados no SUS C\u00e3o\u201d, afirmou Dieb Taha.<\/p>\n<p>O prefeito Dieb Taha, explicou que nos dois dias foi conclu\u00eddo o atendimento de todos os animais cadastrados junto ao SUS C\u00e3o. \u201cAgrade\u00e7o a popula\u00e7\u00e3o de Colina por voc\u00eas estarem acompanhando os trabalhos da Secretaria de Sa\u00fade, que em todos os setores e departamentos vai bem, mas n\u00e3o paramos por aqui, porque temos planejamento. E gostaria de parabenizar de toda a equipe de sa\u00fade, por estarem trabalhando no final de semana e atendendo bem a popula\u00e7\u00e3o\u201d, afirmou Dieb.<\/p>\n<p>O chefe do executivo colinense, tamb\u00e9m afirmou que j\u00e1 foi autorizado um novo cadastramento, e dentro de 90 dias, conforme a demanda, ser\u00e1 agendada uma nova castra\u00e7\u00e3o dos animais. \u201cJ\u00e1 est\u00e1 autorizado a contrata\u00e7\u00e3o do castram\u00f3vel para atender toda a demanda. Vamos continuar cuidando dos nossos animais\u2019, afirmou Dieb.<\/p>\n<p>A Secret\u00e1ria de Sa\u00fade, Dra. Sadia Daher, explicou que o Programa SUS C\u00e3o teve in\u00edcio em 2019 e o \u00a0primeiro ato foi a castra\u00e7\u00e3o de animais. \u201cDesde 2019 at\u00e9 agora em 2023 n\u00f3s realizamos 900 castra\u00e7\u00f5es, pelas cl\u00ednicas veterin\u00e1rias de Colina. Agora nesse m\u00eas de dezembro, n\u00f3s conseguimos acabar com a fila de espera do cadastro que a gente realiza todos os anos. Agora vamos atingir de 200 a 213 castra\u00e7\u00f5es\u201d, explicou a secret\u00e1ria Dra. Sadia.<\/p>\n<p>De acordo com o coordenador da Vigil\u00e2ncia Sanit\u00e1ria, Ant\u00f4nio Figueira, al\u00e9m das castra\u00e7\u00f5es, est\u00e1 sendo realizada a microchipagem dos animais. \u201cAproveitando essa estrutura das castra\u00e7\u00f5es, estamos microchipando os animais e iremos fazer esse protocolo nas pr\u00f3ximas demandas. Essa microchipagem traz um controle melhor no nosso SUS C\u00e3o e trata-se de uma inova\u00e7\u00e3o. A castra\u00e7\u00e3o j\u00e1 consta no chip dos animais, al\u00e9m dos tutores respons\u00e1veis j\u00e1 estarem \u00a0cadastrados\u201d, orientou Figueira.<\/p>\n<p>A m\u00e9dica veterin\u00e1ria Naraine Ruas Chaguri, que foi a respons\u00e1vel t\u00e9cnica das castra\u00e7\u00f5es, disse que foi \u00a0uma a\u00e7\u00e3o para zerar a demanda do munic\u00edpio. \u201cAp\u00f3s a castra\u00e7\u00e3o, o \u00a0tutor \u00a0leva o medicamento para casa para o p\u00f3s operat\u00f3rio. Temos uma cl\u00ednica apoio na cidade para retirar os pontos em at\u00e9 10 dias. Qualquer intercorr\u00eancia que o tutor tiver, tem o n\u00famero de telefone na receita para buscar dar assist\u00eancia as pessoas\u201d, destacou.<\/p>\n<p>A equipe atuou no castram\u00f3vel em Colina com 13 profissionais e a unidade tem \u00a0capacidade de realizar at\u00e9 150 cirurgias por dia.<\/p>\n<p>Confira abaixo como foi o programa neste final de semana:<\/p>\n<p>&nbsp;<\/p>\n<div style=\"width: 640px;\" class=\"wp-video\"><video class=\"wp-video-shortcode\" id=\"video-98588-1\" width=\"640\" height=\"360\" preload=\"metadata\" controls=\"controls\"><source type=\"video\/mp4\" src=\"https:\/\/regiaonews.net.br\/2022\/wp-content\/uploads\/2023\/12\/VID-20231204-WA0100.mp4?_=1\" \/><a href=\"https:\/\/regiaonews.net.br\/2022\/wp-content\/uploads\/2023\/12\/VID-20231204-WA0100.mp4\">https:\/\/regiaonews.net.br\/2022\/wp-content\/uploads\/2023\/12\/VID-20231204-WA0100.mp4<\/a><\/video><\/div>\n<p>&nbsp;<\/p>\n<p>&nbsp;<\/p>\n","protected":false},"excerpt":{"rendered":"<p>Equipe do \u00a0castram\u00f3vel realizou 213 castra\u00e7\u00f5es \u00a0neste final de semana<\/p>\n","protected":false},"author":2,"featured_media":98591,"comment_status":"open","ping_status":"open","sticky":false,"template":"","format":"standard","meta":{"footnotes":""},"categories":[25,111],"tags":[],"class_list":["post-98588","post","type-post","status-publish","format-standard","has-post-thumbnail","hentry","category-cidades","category-cotidiano"],"yoast_head":"<!-- This site is optimized with the Yoast SEO plugin v27.4 - https:\/\/yoast.com\/product\/yoast-seo-wordpress\/ -->\n<title>Prefeitura de Colina atinge 1.100 animais castrados atrav\u00e9s do<\/title>\n<meta name=\"robots\" content=\"index, follow, max-snippet:-1, max-image-preview:large, max-video-preview:-1\" \/>\n<link rel=\"canonical\" href=\"https:\/\/regiaonews.net.br\/2022\/2023\/12\/04\/prefeitura-de-colina-atinge-1-100-animais-castrados-atraves-do-programa-sus-cao\/\" \/>\n<meta property=\"og:locale\" content=\"pt_BR\" \/>\n<meta property=\"og:type\" content=\"article\" \/>\n<meta property=\"og:title\" content=\"Prefeitura de Colina atinge 1.100 animais castrados atrav\u00e9s do\" \/>\n<meta property=\"og:description\" content=\"Equipe do \u00a0castram\u00f3vel realizou 213 castra\u00e7\u00f5es \u00a0neste final de semana\" \/>\n<meta property=\"og:url\" content=\"https:\/\/regiaonews.net.br\/2022\/2023\/12\/04\/prefeitura-de-colina-atinge-1-100-animais-castrados-atraves-do-programa-sus-cao\/\" \/>\n<meta property=\"og:site_name\" content=\"Regi\u00e3o News\" \/>\n<meta property=\"article:published_time\" content=\"2023-12-05T01:26:04+00:00\" \/>\n<meta property=\"article:modified_time\" content=\"2023-12-05T01:36:55+00:00\" \/>\n<meta property=\"og:image\" content=\"https:\/\/regiaonews.net.br\/2022\/wp-content\/uploads\/2023\/12\/Screenshot_20231204-214211_WhatsApp.jpg\" \/>\n\t<meta property=\"og:image:width\" content=\"1075\" \/>\n\t<meta property=\"og:image:height\" content=\"593\" \/>\n\t<meta property=\"og:image:type\" content=\"image\/jpeg\" \/>\n<meta name=\"author\" content=\"Roberto\" \/>\n<meta name=\"twitter:card\" content=\"summary_large_image\" \/>\n<meta name=\"twitter:label1\" content=\"Escrito por\" \/>\n\t<meta name=\"twitter:data1\" content=\"Roberto\" \/>\n\t<meta name=\"twitter:label2\" content=\"Est. tempo de leitura\" \/>\n\t<meta name=\"twitter:data2\" content=\"3 minutos\" \/>\n<script type=\"application\/ld+json\" class=\"yoast-schema-graph\">{\"@context\":\"https:\\\/\\\/schema.org\",\"@graph\":[{\"@type\":\"Article\",\"@id\":\"https:\\\/\\\/regiaonews.net.br\\\/2022\\\/2023\\\/12\\\/04\\\/prefeitura-de-colina-atinge-1-100-animais-castrados-atraves-do-programa-sus-cao\\\/#article\",\"isPartOf\":{\"@id\":\"https:\\\/\\\/regiaonews.net.br\\\/2022\\\/2023\\\/12\\\/04\\\/prefeitura-de-colina-atinge-1-100-animais-castrados-atraves-do-programa-sus-cao\\\/\"},\"author\":{\"name\":\"Roberto\",\"@id\":\"https:\\\/\\\/regiaonews.net.br\\\/2022\\\/#\\\/schema\\\/person\\\/2d205a608a5aa97ac279d7a5e6d89ad8\"},\"headline\":\"Prefeitura de Colina atinge 1.100 animais castrados atrav\u00e9s do programa SUS C\u00e3o\",\"datePublished\":\"2023-12-05T01:26:04+00:00\",\"dateModified\":\"2023-12-05T01:36:55+00:00\",\"mainEntityOfPage\":{\"@id\":\"https:\\\/\\\/regiaonews.net.br\\\/2022\\\/2023\\\/12\\\/04\\\/prefeitura-de-colina-atinge-1-100-animais-castrados-atraves-do-programa-sus-cao\\\/\"},\"wordCount\":580,\"commentCount\":0,\"publisher\":{\"@id\":\"https:\\\/\\\/regiaonews.net.br\\\/2022\\\/#organization\"},\"image\":{\"@id\":\"https:\\\/\\\/regiaonews.net.br\\\/2022\\\/2023\\\/12\\\/04\\\/prefeitura-de-colina-atinge-1-100-animais-castrados-atraves-do-programa-sus-cao\\\/#primaryimage\"},\"thumbnailUrl\":\"https:\\\/\\\/regiaonews.net.br\\\/2022\\\/wp-content\\\/uploads\\\/2023\\\/12\\\/Screenshot_20231204-214211_WhatsApp.jpg\",\"articleSection\":[\"Cidades\",\"Cotidiano\"],\"inLanguage\":\"pt-BR\",\"potentialAction\":[{\"@type\":\"CommentAction\",\"name\":\"Comment\",\"target\":[\"https:\\\/\\\/regiaonews.net.br\\\/2022\\\/2023\\\/12\\\/04\\\/prefeitura-de-colina-atinge-1-100-animais-castrados-atraves-do-programa-sus-cao\\\/#respond\"]}]},{\"@type\":\"WebPage\",\"@id\":\"https:\\\/\\\/regiaonews.net.br\\\/2022\\\/2023\\\/12\\\/04\\\/prefeitura-de-colina-atinge-1-100-animais-castrados-atraves-do-programa-sus-cao\\\/\",\"url\":\"https:\\\/\\\/regiaonews.net.br\\\/2022\\\/2023\\\/12\\\/04\\\/prefeitura-de-colina-atinge-1-100-animais-castrados-atraves-do-programa-sus-cao\\\/\",\"name\":\"Prefeitura de Colina atinge 1.100 animais castrados atrav\u00e9s do\",\"isPartOf\":{\"@id\":\"https:\\\/\\\/regiaonews.net.br\\\/2022\\\/#website\"},\"primaryImageOfPage\":{\"@id\":\"https:\\\/\\\/regiaonews.net.br\\\/2022\\\/2023\\\/12\\\/04\\\/prefeitura-de-colina-atinge-1-100-animais-castrados-atraves-do-programa-sus-cao\\\/#primaryimage\"},\"image\":{\"@id\":\"https:\\\/\\\/regiaonews.net.br\\\/2022\\\/2023\\\/12\\\/04\\\/prefeitura-de-colina-atinge-1-100-animais-castrados-atraves-do-programa-sus-cao\\\/#primaryimage\"},\"thumbnailUrl\":\"https:\\\/\\\/regiaonews.net.br\\\/2022\\\/wp-content\\\/uploads\\\/2023\\\/12\\\/Screenshot_20231204-214211_WhatsApp.jpg\",\"datePublished\":\"2023-12-05T01:26:04+00:00\",\"dateModified\":\"2023-12-05T01:36:55+00:00\",\"breadcrumb\":{\"@id\":\"https:\\\/\\\/regiaonews.net.br\\\/2022\\\/2023\\\/12\\\/04\\\/prefeitura-de-colina-atinge-1-100-animais-castrados-atraves-do-programa-sus-cao\\\/#breadcrumb\"},\"inLanguage\":\"pt-BR\",\"potentialAction\":[{\"@type\":\"ReadAction\",\"target\":[\"https:\\\/\\\/regiaonews.net.br\\\/2022\\\/2023\\\/12\\\/04\\\/prefeitura-de-colina-atinge-1-100-animais-castrados-atraves-do-programa-sus-cao\\\/\"]}]},{\"@type\":\"ImageObject\",\"inLanguage\":\"pt-BR\",\"@id\":\"https:\\\/\\\/regiaonews.net.br\\\/2022\\\/2023\\\/12\\\/04\\\/prefeitura-de-colina-atinge-1-100-animais-castrados-atraves-do-programa-sus-cao\\\/#primaryimage\",\"url\":\"https:\\\/\\\/regiaonews.net.br\\\/2022\\\/wp-content\\\/uploads\\\/2023\\\/12\\\/Screenshot_20231204-214211_WhatsApp.jpg\",\"contentUrl\":\"https:\\\/\\\/regiaonews.net.br\\\/2022\\\/wp-content\\\/uploads\\\/2023\\\/12\\\/Screenshot_20231204-214211_WhatsApp.jpg\",\"width\":1075,\"height\":593},{\"@type\":\"BreadcrumbList\",\"@id\":\"https:\\\/\\\/regiaonews.net.br\\\/2022\\\/2023\\\/12\\\/04\\\/prefeitura-de-colina-atinge-1-100-animais-castrados-atraves-do-programa-sus-cao\\\/#breadcrumb\",\"itemListElement\":[{\"@type\":\"ListItem\",\"position\":1,\"name\":\"In\u00edcio\",\"item\":\"https:\\\/\\\/regiaonews.net.br\\\/2022\\\/\"},{\"@type\":\"ListItem\",\"position\":2,\"name\":\"Prefeitura de Colina atinge 1.100 animais castrados atrav\u00e9s do programa SUS C\u00e3o\"}]},{\"@type\":\"WebSite\",\"@id\":\"https:\\\/\\\/regiaonews.net.br\\\/2022\\\/#website\",\"url\":\"https:\\\/\\\/regiaonews.net.br\\\/2022\\\/\",\"name\":\"Regi\u00e3o News\",\"description\":\"Site de Not\u00edcias de Barretos e regi\u00e3o\",\"publisher\":{\"@id\":\"https:\\\/\\\/regiaonews.net.br\\\/2022\\\/#organization\"},\"potentialAction\":[{\"@type\":\"SearchAction\",\"target\":{\"@type\":\"EntryPoint\",\"urlTemplate\":\"https:\\\/\\\/regiaonews.net.br\\\/2022\\\/?s={search_term_string}\"},\"query-input\":{\"@type\":\"PropertyValueSpecification\",\"valueRequired\":true,\"valueName\":\"search_term_string\"}}],\"inLanguage\":\"pt-BR\"},{\"@type\":\"Organization\",\"@id\":\"https:\\\/\\\/regiaonews.net.br\\\/2022\\\/#organization\",\"name\":\"Regi\u00e3o News\",\"url\":\"https:\\\/\\\/regiaonews.net.br\\\/2022\\\/\",\"logo\":{\"@type\":\"ImageObject\",\"inLanguage\":\"pt-BR\",\"@id\":\"https:\\\/\\\/regiaonews.net.br\\\/2022\\\/#\\\/schema\\\/logo\\\/image\\\/\",\"url\":\"https:\\\/\\\/regiaonews.net.br\\\/2022\\\/wp-content\\\/uploads\\\/2026\\\/03\\\/regiao-13-anos-scaled.jpg\",\"contentUrl\":\"https:\\\/\\\/regiaonews.net.br\\\/2022\\\/wp-content\\\/uploads\\\/2026\\\/03\\\/regiao-13-anos-scaled.jpg\",\"width\":2560,\"height\":635,\"caption\":\"Regi\u00e3o News\"},\"image\":{\"@id\":\"https:\\\/\\\/regiaonews.net.br\\\/2022\\\/#\\\/schema\\\/logo\\\/image\\\/\"}},{\"@type\":\"Person\",\"@id\":\"https:\\\/\\\/regiaonews.net.br\\\/2022\\\/#\\\/schema\\\/person\\\/2d205a608a5aa97ac279d7a5e6d89ad8\",\"name\":\"Roberto\",\"image\":{\"@type\":\"ImageObject\",\"inLanguage\":\"pt-BR\",\"@id\":\"https:\\\/\\\/secure.gravatar.com\\\/avatar\\\/42749d8b712ff9d59ca93dc150494e5b55a44134482993f5baeb97e61b7ecc89?s=96&d=mm&r=g\",\"url\":\"https:\\\/\\\/secure.gravatar.com\\\/avatar\\\/42749d8b712ff9d59ca93dc150494e5b55a44134482993f5baeb97e61b7ecc89?s=96&d=mm&r=g\",\"contentUrl\":\"https:\\\/\\\/secure.gravatar.com\\\/avatar\\\/42749d8b712ff9d59ca93dc150494e5b55a44134482993f5baeb97e61b7ecc89?s=96&d=mm&r=g\",\"caption\":\"Roberto\"},\"url\":\"https:\\\/\\\/regiaonews.net.br\\\/2022\\\/author\\\/roberto\\\/\"}]}<\/script>\n<!-- \/ Yoast SEO plugin. -->","yoast_head_json":{"title":"Prefeitura de Colina atinge 1.100 animais castrados atrav\u00e9s do","robots":{"index":"index","follow":"follow","max-snippet":"max-snippet:-1","max-image-preview":"max-image-preview:large","max-video-preview":"max-video-preview:-1"},"canonical":"https:\/\/regiaonews.net.br\/2022\/2023\/12\/04\/prefeitura-de-colina-atinge-1-100-animais-castrados-atraves-do-programa-sus-cao\/","og_locale":"pt_BR","og_type":"article","og_title":"Prefeitura de Colina atinge 1.100 animais castrados atrav\u00e9s do","og_description":"Equipe do \u00a0castram\u00f3vel realizou 213 castra\u00e7\u00f5es \u00a0neste final de semana","og_url":"https:\/\/regiaonews.net.br\/2022\/2023\/12\/04\/prefeitura-de-colina-atinge-1-100-animais-castrados-atraves-do-programa-sus-cao\/","og_site_name":"Regi\u00e3o News","article_published_time":"2023-12-05T01:26:04+00:00","article_modified_time":"2023-12-05T01:36:55+00:00","og_image":[{"width":1075,"height":593,"url":"https:\/\/regiaonews.net.br\/2022\/wp-content\/uploads\/2023\/12\/Screenshot_20231204-214211_WhatsApp.jpg","type":"image\/jpeg"}],"author":"Roberto","twitter_card":"summary_large_image","twitter_misc":{"Escrito por":"Roberto","Est. tempo de leitura":"3 minutos"},"schema":{"@context":"https:\/\/schema.org","@graph":[{"@type":"Article","@id":"https:\/\/regiaonews.net.br\/2022\/2023\/12\/04\/prefeitura-de-colina-atinge-1-100-animais-castrados-atraves-do-programa-sus-cao\/#article","isPartOf":{"@id":"https:\/\/regiaonews.net.br\/2022\/2023\/12\/04\/prefeitura-de-colina-atinge-1-100-animais-castrados-atraves-do-programa-sus-cao\/"},"author":{"name":"Roberto","@id":"https:\/\/regiaonews.net.br\/2022\/#\/schema\/person\/2d205a608a5aa97ac279d7a5e6d89ad8"},"headline":"Prefeitura de Colina atinge 1.100 animais castrados atrav\u00e9s do programa SUS C\u00e3o","datePublished":"2023-12-05T01:26:04+00:00","dateModified":"2023-12-05T01:36:55+00:00","mainEntityOfPage":{"@id":"https:\/\/regiaonews.net.br\/2022\/2023\/12\/04\/prefeitura-de-colina-atinge-1-100-animais-castrados-atraves-do-programa-sus-cao\/"},"wordCount":580,"commentCount":0,"publisher":{"@id":"https:\/\/regiaonews.net.br\/2022\/#organization"},"image":{"@id":"https:\/\/regiaonews.net.br\/2022\/2023\/12\/04\/prefeitura-de-colina-atinge-1-100-animais-castrados-atraves-do-programa-sus-cao\/#primaryimage"},"thumbnailUrl":"https:\/\/regiaonews.net.br\/2022\/wp-content\/uploads\/2023\/12\/Screenshot_20231204-214211_WhatsApp.jpg","articleSection":["Cidades","Cotidiano"],"inLanguage":"pt-BR","potentialAction":[{"@type":"CommentAction","name":"Comment","target":["https:\/\/regiaonews.net.br\/2022\/2023\/12\/04\/prefeitura-de-colina-atinge-1-100-animais-castrados-atraves-do-programa-sus-cao\/#respond"]}]},{"@type":"WebPage","@id":"https:\/\/regiaonews.net.br\/2022\/2023\/12\/04\/prefeitura-de-colina-atinge-1-100-animais-castrados-atraves-do-programa-sus-cao\/","url":"https:\/\/regiaonews.net.br\/2022\/2023\/12\/04\/prefeitura-de-colina-atinge-1-100-animais-castrados-atraves-do-programa-sus-cao\/","name":"Prefeitura de Colina atinge 1.100 animais castrados atrav\u00e9s do","isPartOf":{"@id":"https:\/\/regiaonews.net.br\/2022\/#website"},"primaryImageOfPage":{"@id":"https:\/\/regiaonews.net.br\/2022\/2023\/12\/04\/prefeitura-de-colina-atinge-1-100-animais-castrados-atraves-do-programa-sus-cao\/#primaryimage"},"image":{"@id":"https:\/\/regiaonews.net.br\/2022\/2023\/12\/04\/prefeitura-de-colina-atinge-1-100-animais-castrados-atraves-do-programa-sus-cao\/#primaryimage"},"thumbnailUrl":"https:\/\/regiaonews.net.br\/2022\/wp-content\/uploads\/2023\/12\/Screenshot_20231204-214211_WhatsApp.jpg","datePublished":"2023-12-05T01:26:04+00:00","dateModified":"2023-12-05T01:36:55+00:00","breadcrumb":{"@id":"https:\/\/regiaonews.net.br\/2022\/2023\/12\/04\/prefeitura-de-colina-atinge-1-100-animais-castrados-atraves-do-programa-sus-cao\/#breadcrumb"},"inLanguage":"pt-BR","potentialAction":[{"@type":"ReadAction","target":["https:\/\/regiaonews.net.br\/2022\/2023\/12\/04\/prefeitura-de-colina-atinge-1-100-animais-castrados-atraves-do-programa-sus-cao\/"]}]},{"@type":"ImageObject","inLanguage":"pt-BR","@id":"https:\/\/regiaonews.net.br\/2022\/2023\/12\/04\/prefeitura-de-colina-atinge-1-100-animais-castrados-atraves-do-programa-sus-cao\/#primaryimage","url":"https:\/\/regiaonews.net.br\/2022\/wp-content\/uploads\/2023\/12\/Screenshot_20231204-214211_WhatsApp.jpg","contentUrl":"https:\/\/regiaonews.net.br\/2022\/wp-content\/uploads\/2023\/12\/Screenshot_20231204-214211_WhatsApp.jpg","width":1075,"height":593},{"@type":"BreadcrumbList","@id":"https:\/\/regiaonews.net.br\/2022\/2023\/12\/04\/prefeitura-de-colina-atinge-1-100-animais-castrados-atraves-do-programa-sus-cao\/#breadcrumb","itemListElement":[{"@type":"ListItem","position":1,"name":"In\u00edcio","item":"https:\/\/regiaonews.net.br\/2022\/"},{"@type":"ListItem","position":2,"name":"Prefeitura de Colina atinge 1.100 animais castrados atrav\u00e9s do programa SUS C\u00e3o"}]},{"@type":"WebSite","@id":"https:\/\/regiaonews.net.br\/2022\/#website","url":"https:\/\/regiaonews.net.br\/2022\/","name":"Regi\u00e3o News","description":"Site de Not\u00edcias de Barretos e regi\u00e3o","publisher":{"@id":"https:\/\/regiaonews.net.br\/2022\/#organization"},"potentialAction":[{"@type":"SearchAction","target":{"@type":"EntryPoint","urlTemplate":"https:\/\/regiaonews.net.br\/2022\/?s={search_term_string}"},"query-input":{"@type":"PropertyValueSpecification","valueRequired":true,"valueName":"search_term_string"}}],"inLanguage":"pt-BR"},{"@type":"Organization","@id":"https:\/\/regiaonews.net.br\/2022\/#organization","name":"Regi\u00e3o News","url":"https:\/\/regiaonews.net.br\/2022\/","logo":{"@type":"ImageObject","inLanguage":"pt-BR","@id":"https:\/\/regiaonews.net.br\/2022\/#\/schema\/logo\/image\/","url":"https:\/\/regiaonews.net.br\/2022\/wp-content\/uploads\/2026\/03\/regiao-13-anos-scaled.jpg","contentUrl":"https:\/\/regiaonews.net.br\/2022\/wp-content\/uploads\/2026\/03\/regiao-13-anos-scaled.jpg","width":2560,"height":635,"caption":"Regi\u00e3o News"},"image":{"@id":"https:\/\/regiaonews.net.br\/2022\/#\/schema\/logo\/image\/"}},{"@type":"Person","@id":"https:\/\/regiaonews.net.br\/2022\/#\/schema\/person\/2d205a608a5aa97ac279d7a5e6d89ad8","name":"Roberto","image":{"@type":"ImageObject","inLanguage":"pt-BR","@id":"https:\/\/secure.gravatar.com\/avatar\/42749d8b712ff9d59ca93dc150494e5b55a44134482993f5baeb97e61b7ecc89?s=96&d=mm&r=g","url":"https:\/\/secure.gravatar.com\/avatar\/42749d8b712ff9d59ca93dc150494e5b55a44134482993f5baeb97e61b7ecc89?s=96&d=mm&r=g","contentUrl":"https:\/\/secure.gravatar.com\/avatar\/42749d8b712ff9d59ca93dc150494e5b55a44134482993f5baeb97e61b7ecc89?s=96&d=mm&r=g","caption":"Roberto"},"url":"https:\/\/regiaonews.net.br\/2022\/author\/roberto\/"}]}},"publishpress_future_action":{"enabled":false,"date":"2026-05-04 07:25:26","action":"change-status","newStatus":"draft","terms":[],"taxonomy":"category","extraData":[]},"publishpress_future_workflow_manual_trigger":{"enabledWorkflows":[]},"_links":{"self":[{"href":"https:\/\/regiaonews.net.br\/2022\/wp-json\/wp\/v2\/posts\/98588","targetHints":{"allow":["GET"]}}],"collection":[{"href":"https:\/\/regiaonews.net.br\/2022\/wp-json\/wp\/v2\/posts"}],"about":[{"href":"https:\/\/regiaonews.net.br\/2022\/wp-json\/wp\/v2\/types\/post"}],"author":[{"embeddable":true,"href":"https:\/\/regiaonews.net.br\/2022\/wp-json\/wp\/v2\/users\/2"}],"replies":[{"embeddable":true,"href":"https:\/\/regiaonews.net.br\/2022\/wp-json\/wp\/v2\/comments?post=98588"}],"version-history":[{"count":4,"href":"https:\/\/regiaonews.net.br\/2022\/wp-json\/wp\/v2\/posts\/98588\/revisions"}],"predecessor-version":[{"id":98592,"href":"https:\/\/regiaonews.net.br\/2022\/wp-json\/wp\/v2\/posts\/98588\/revisions\/98592"}],"wp:featuredmedia":[{"embeddable":true,"href":"https:\/\/regiaonews.net.br\/2022\/wp-json\/wp\/v2\/media\/98591"}],"wp:attachment":[{"href":"https:\/\/regiaonews.net.br\/2022\/wp-json\/wp\/v2\/media?parent=98588"}],"wp:term":[{"taxonomy":"category","embeddable":true,"href":"https:\/\/regiaonews.net.br\/2022\/wp-json\/wp\/v2\/categories?post=98588"},{"taxonomy":"post_tag","embeddable":true,"href":"https:\/\/regiaonews.net.br\/2022\/wp-json\/wp\/v2\/tags?post=98588"}],"curies":[{"name":"wp","href":"https:\/\/api.w.org\/{rel}","templated":true}]}}