{"id":98585,"date":"2023-12-04T21:57:08","date_gmt":"2023-12-05T00:57:08","guid":{"rendered":"https:\/\/regiaonews.net.br\/2022\/?p=98585"},"modified":"2023-12-04T21:57:08","modified_gmt":"2023-12-05T00:57:08","slug":"ciee-divulga-classificacao-final-do-processo-seletivo-para-formacao-de-cadastro-de-reserva-para-estagio-na-camara","status":"publish","type":"post","link":"https:\/\/regiaonews.net.br\/2022\/2023\/12\/04\/ciee-divulga-classificacao-final-do-processo-seletivo-para-formacao-de-cadastro-de-reserva-para-estagio-na-camara\/","title":{"rendered":"CIEE divulga classifica\u00e7\u00e3o final do processo seletivo para forma\u00e7\u00e3o de cadastro de reserva para est\u00e1gio na C\u00e2mara"},"content":{"rendered":"<p dir=\"ltr\">O\u00a0<a title=\"\" href=\"https:\/\/pp.ciee.org.br\/vitrine\/11456\/detalhe\" target=\"_blank\" rel=\"noopener\" data-original-title=\"\">CIEE (Centro de Integra\u00e7\u00e3o Empresa Escola)<\/a>\u00a0divulgou nesta segunda-feira (27\/nov), a\u00a0<strong>lista de classifica\u00e7\u00e3o final dos estudantes que tiveram interesse em participar do Processo Seletivo visando a forma\u00e7\u00e3o de cadastro de reserva para est\u00e1gio na C\u00e2mara de Barretos.<\/strong><\/p>\n<p dir=\"ltr\">\n<p dir=\"ltr\">Ao todo,\u00a0<strong>59 estudantes<\/strong>\u00a0matriculados em institui\u00e7\u00f5es\u00a0de n\u00edvel superior participaram do processo, sendo 1<strong>1 na \u00e1rea de\u00a0<\/strong><strong>Administra\u00e7\u00e3o; 04\u00a0Ci\u00eancias Cont\u00e1beis;\u00a002 Comunica\u00e7\u00e3o Social &#8211; Jornalismo; 02 Design Gr\u00e1fico; 27\u00a0Direito; 02 Marketing; e 11\u00a0Sistemas de Informa\u00e7\u00e3o.<\/strong><\/p>\n<p dir=\"ltr\"><img decoding=\"async\" src=\"https:\/\/camarabarretos.sp.gov.br\/images\/noticias\/5072\/162144001260a5360ccac24.png\" alt=\"\" \/>\u00a0<a title=\"\" href=\"https:\/\/drive.google.com\/file\/d\/111InO73MzkvRpE143Us5FfjqfCJ45hwD\/view?usp=sharing\" target=\"_blank\" rel=\"noopener\" data-original-title=\"\"><strong>VEJA A LISTA DE CLASSIFICA\u00c7\u00c3O PUBLICADA NO SITE DO CIEE<\/strong><\/a><\/p>\n<p dir=\"ltr\">\n<p dir=\"ltr\">\n<p dir=\"ltr\">Agora,\u00a0<strong>caso haja necessidade da C\u00e2mara Municipal<\/strong>, os estudantes aprovados<strong>\u00a0ser\u00e3o contatados e convocados por e-mail e telefone informados no ato da inscri\u00e7\u00e3o.\u00a0<\/strong><\/p>\n<p dir=\"ltr\">\n<p dir=\"ltr\">Se forem convocados, os estagi\u00e1rios dever\u00e3o cumprir jornadas de\u00a0<strong>30 horas semanais<\/strong>\u00a0e contar\u00e3o com<strong>\u00a0bolsa-aux\u00edlio de R$ 1.320,00.<\/strong><\/p>\n<p dir=\"ltr\">\n<p dir=\"ltr\">A expectativa \u00e9 que alguns estudantes sejam convocados em breve, para in\u00edcio do est\u00e1gio em janeiro de 2024.<\/p>\n<p dir=\"ltr\">\n<p dir=\"ltr\">\n<p dir=\"ltr\"><img decoding=\"async\" src=\"https:\/\/camarabarretos.sp.gov.br\/images\/noticias\/5072\/162144001260a5360ccac24.png\" alt=\"\" \/>\u00a0<a title=\"\" href=\"https:\/\/rekairos.s3.sa-east-1.amazonaws.com\/uploads\/documentos\/16787906\/Edital%2001.2023%20-%20C%C3%A2m.%20Municipal%20de%20Barretos.pdf?X-Amz-Algorithm=AWS4-HMAC-SHA256&amp;X-Amz-Date=20231017T132626Z&amp;X-Amz-SignedHeaders=host&amp;X-Amz-Expires=86400&amp;X-Amz-Credential=AKIAYPKP4HTN26W47A7K%2F20231017%2Fsa-east-1%2Fs3%2Faws4_request&amp;X-Amz-Signature=bb7233a064bfb9ab55ee019b22dfde91d19ae9d631cf1d073abc769dad0f3d95\" target=\"_blank\" rel=\"noopener\" data-original-title=\"\"><strong>\u00a0LEIA O EDITAL COMPLETO DO PROCESSO SELETIVO<\/strong><\/a><\/p>\n","protected":false},"excerpt":{"rendered":"<p>O\u00a0CIEE (Centro de Integra\u00e7\u00e3o Empresa Escola)\u00a0divulgou nesta segunda-feira (27\/nov), a\u00a0lista<\/p>\n","protected":false},"author":2,"featured_media":98586,"comment_status":"open","ping_status":"open","sticky":false,"template":"","format":"standard","meta":{"footnotes":""},"categories":[14,25],"tags":[],"class_list":["post-98585","post","type-post","status-publish","format-standard","has-post-thumbnail","hentry","category-barretos","category-cidades"],"yoast_head":"<!-- This site is optimized with the Yoast SEO plugin v27.4 - https:\/\/yoast.com\/product\/yoast-seo-wordpress\/ -->\n<title>CIEE divulga classifica\u00e7\u00e3o final do processo seletivo para forma\u00e7\u00e3o de cadastro de reserva para est\u00e1gio na C\u00e2mara - Regi\u00e3o News<\/title>\n<meta name=\"robots\" content=\"index, follow, max-snippet:-1, max-image-preview:large, max-video-preview:-1\" \/>\n<link rel=\"canonical\" href=\"https:\/\/regiaonews.net.br\/2022\/2023\/12\/04\/ciee-divulga-classificacao-final-do-processo-seletivo-para-formacao-de-cadastro-de-reserva-para-estagio-na-camara\/\" \/>\n<meta property=\"og:locale\" content=\"pt_BR\" \/>\n<meta property=\"og:type\" content=\"article\" \/>\n<meta property=\"og:title\" content=\"CIEE divulga classifica\u00e7\u00e3o final do processo seletivo para forma\u00e7\u00e3o de cadastro de reserva para est\u00e1gio na C\u00e2mara - Regi\u00e3o News\" \/>\n<meta property=\"og:description\" content=\"O\u00a0CIEE (Centro de Integra\u00e7\u00e3o Empresa Escola)\u00a0divulgou nesta segunda-feira (27\/nov), a\u00a0lista\" \/>\n<meta property=\"og:url\" content=\"https:\/\/regiaonews.net.br\/2022\/2023\/12\/04\/ciee-divulga-classificacao-final-do-processo-seletivo-para-formacao-de-cadastro-de-reserva-para-estagio-na-camara\/\" \/>\n<meta property=\"og:site_name\" content=\"Regi\u00e3o News\" \/>\n<meta property=\"article:published_time\" content=\"2023-12-05T00:57:08+00:00\" \/>\n<meta property=\"og:image\" content=\"https:\/\/regiaonews.net.br\/2022\/wp-content\/uploads\/2023\/12\/alta_1701009102656356ce9c9b5.jpg\" \/>\n\t<meta property=\"og:image:width\" content=\"1920\" \/>\n\t<meta property=\"og:image:height\" content=\"1080\" \/>\n\t<meta property=\"og:image:type\" content=\"image\/jpeg\" \/>\n<meta name=\"author\" content=\"Roberto\" \/>\n<meta name=\"twitter:card\" content=\"summary_large_image\" \/>\n<meta name=\"twitter:label1\" content=\"Escrito por\" \/>\n\t<meta name=\"twitter:data1\" content=\"Roberto\" \/>\n\t<meta name=\"twitter:label2\" content=\"Est. tempo de leitura\" \/>\n\t<meta name=\"twitter:data2\" content=\"2 minutos\" \/>\n<script type=\"application\/ld+json\" class=\"yoast-schema-graph\">{\"@context\":\"https:\\\/\\\/schema.org\",\"@graph\":[{\"@type\":\"Article\",\"@id\":\"https:\\\/\\\/regiaonews.net.br\\\/2022\\\/2023\\\/12\\\/04\\\/ciee-divulga-classificacao-final-do-processo-seletivo-para-formacao-de-cadastro-de-reserva-para-estagio-na-camara\\\/#article\",\"isPartOf\":{\"@id\":\"https:\\\/\\\/regiaonews.net.br\\\/2022\\\/2023\\\/12\\\/04\\\/ciee-divulga-classificacao-final-do-processo-seletivo-para-formacao-de-cadastro-de-reserva-para-estagio-na-camara\\\/\"},\"author\":{\"name\":\"Roberto\",\"@id\":\"https:\\\/\\\/regiaonews.net.br\\\/2022\\\/#\\\/schema\\\/person\\\/2d205a608a5aa97ac279d7a5e6d89ad8\"},\"headline\":\"CIEE divulga classifica\u00e7\u00e3o final do processo seletivo para forma\u00e7\u00e3o de cadastro de reserva para est\u00e1gio na C\u00e2mara\",\"datePublished\":\"2023-12-05T00:57:08+00:00\",\"mainEntityOfPage\":{\"@id\":\"https:\\\/\\\/regiaonews.net.br\\\/2022\\\/2023\\\/12\\\/04\\\/ciee-divulga-classificacao-final-do-processo-seletivo-para-formacao-de-cadastro-de-reserva-para-estagio-na-camara\\\/\"},\"wordCount\":187,\"commentCount\":0,\"publisher\":{\"@id\":\"https:\\\/\\\/regiaonews.net.br\\\/2022\\\/#organization\"},\"image\":{\"@id\":\"https:\\\/\\\/regiaonews.net.br\\\/2022\\\/2023\\\/12\\\/04\\\/ciee-divulga-classificacao-final-do-processo-seletivo-para-formacao-de-cadastro-de-reserva-para-estagio-na-camara\\\/#primaryimage\"},\"thumbnailUrl\":\"https:\\\/\\\/regiaonews.net.br\\\/2022\\\/wp-content\\\/uploads\\\/2023\\\/12\\\/alta_1701009102656356ce9c9b5.jpg\",\"articleSection\":[\"Barretos\",\"Cidades\"],\"inLanguage\":\"pt-BR\",\"potentialAction\":[{\"@type\":\"CommentAction\",\"name\":\"Comment\",\"target\":[\"https:\\\/\\\/regiaonews.net.br\\\/2022\\\/2023\\\/12\\\/04\\\/ciee-divulga-classificacao-final-do-processo-seletivo-para-formacao-de-cadastro-de-reserva-para-estagio-na-camara\\\/#respond\"]}]},{\"@type\":\"WebPage\",\"@id\":\"https:\\\/\\\/regiaonews.net.br\\\/2022\\\/2023\\\/12\\\/04\\\/ciee-divulga-classificacao-final-do-processo-seletivo-para-formacao-de-cadastro-de-reserva-para-estagio-na-camara\\\/\",\"url\":\"https:\\\/\\\/regiaonews.net.br\\\/2022\\\/2023\\\/12\\\/04\\\/ciee-divulga-classificacao-final-do-processo-seletivo-para-formacao-de-cadastro-de-reserva-para-estagio-na-camara\\\/\",\"name\":\"CIEE divulga classifica\u00e7\u00e3o final do processo seletivo para forma\u00e7\u00e3o de cadastro de reserva para est\u00e1gio na C\u00e2mara - Regi\u00e3o News\",\"isPartOf\":{\"@id\":\"https:\\\/\\\/regiaonews.net.br\\\/2022\\\/#website\"},\"primaryImageOfPage\":{\"@id\":\"https:\\\/\\\/regiaonews.net.br\\\/2022\\\/2023\\\/12\\\/04\\\/ciee-divulga-classificacao-final-do-processo-seletivo-para-formacao-de-cadastro-de-reserva-para-estagio-na-camara\\\/#primaryimage\"},\"image\":{\"@id\":\"https:\\\/\\\/regiaonews.net.br\\\/2022\\\/2023\\\/12\\\/04\\\/ciee-divulga-classificacao-final-do-processo-seletivo-para-formacao-de-cadastro-de-reserva-para-estagio-na-camara\\\/#primaryimage\"},\"thumbnailUrl\":\"https:\\\/\\\/regiaonews.net.br\\\/2022\\\/wp-content\\\/uploads\\\/2023\\\/12\\\/alta_1701009102656356ce9c9b5.jpg\",\"datePublished\":\"2023-12-05T00:57:08+00:00\",\"breadcrumb\":{\"@id\":\"https:\\\/\\\/regiaonews.net.br\\\/2022\\\/2023\\\/12\\\/04\\\/ciee-divulga-classificacao-final-do-processo-seletivo-para-formacao-de-cadastro-de-reserva-para-estagio-na-camara\\\/#breadcrumb\"},\"inLanguage\":\"pt-BR\",\"potentialAction\":[{\"@type\":\"ReadAction\",\"target\":[\"https:\\\/\\\/regiaonews.net.br\\\/2022\\\/2023\\\/12\\\/04\\\/ciee-divulga-classificacao-final-do-processo-seletivo-para-formacao-de-cadastro-de-reserva-para-estagio-na-camara\\\/\"]}]},{\"@type\":\"ImageObject\",\"inLanguage\":\"pt-BR\",\"@id\":\"https:\\\/\\\/regiaonews.net.br\\\/2022\\\/2023\\\/12\\\/04\\\/ciee-divulga-classificacao-final-do-processo-seletivo-para-formacao-de-cadastro-de-reserva-para-estagio-na-camara\\\/#primaryimage\",\"url\":\"https:\\\/\\\/regiaonews.net.br\\\/2022\\\/wp-content\\\/uploads\\\/2023\\\/12\\\/alta_1701009102656356ce9c9b5.jpg\",\"contentUrl\":\"https:\\\/\\\/regiaonews.net.br\\\/2022\\\/wp-content\\\/uploads\\\/2023\\\/12\\\/alta_1701009102656356ce9c9b5.jpg\",\"width\":1920,\"height\":1080},{\"@type\":\"BreadcrumbList\",\"@id\":\"https:\\\/\\\/regiaonews.net.br\\\/2022\\\/2023\\\/12\\\/04\\\/ciee-divulga-classificacao-final-do-processo-seletivo-para-formacao-de-cadastro-de-reserva-para-estagio-na-camara\\\/#breadcrumb\",\"itemListElement\":[{\"@type\":\"ListItem\",\"position\":1,\"name\":\"In\u00edcio\",\"item\":\"https:\\\/\\\/regiaonews.net.br\\\/2022\\\/\"},{\"@type\":\"ListItem\",\"position\":2,\"name\":\"CIEE divulga classifica\u00e7\u00e3o final do processo seletivo para forma\u00e7\u00e3o de cadastro de reserva para est\u00e1gio na C\u00e2mara\"}]},{\"@type\":\"WebSite\",\"@id\":\"https:\\\/\\\/regiaonews.net.br\\\/2022\\\/#website\",\"url\":\"https:\\\/\\\/regiaonews.net.br\\\/2022\\\/\",\"name\":\"Regi\u00e3o News\",\"description\":\"Site de Not\u00edcias de Barretos e regi\u00e3o\",\"publisher\":{\"@id\":\"https:\\\/\\\/regiaonews.net.br\\\/2022\\\/#organization\"},\"potentialAction\":[{\"@type\":\"SearchAction\",\"target\":{\"@type\":\"EntryPoint\",\"urlTemplate\":\"https:\\\/\\\/regiaonews.net.br\\\/2022\\\/?s={search_term_string}\"},\"query-input\":{\"@type\":\"PropertyValueSpecification\",\"valueRequired\":true,\"valueName\":\"search_term_string\"}}],\"inLanguage\":\"pt-BR\"},{\"@type\":\"Organization\",\"@id\":\"https:\\\/\\\/regiaonews.net.br\\\/2022\\\/#organization\",\"name\":\"Regi\u00e3o News\",\"url\":\"https:\\\/\\\/regiaonews.net.br\\\/2022\\\/\",\"logo\":{\"@type\":\"ImageObject\",\"inLanguage\":\"pt-BR\",\"@id\":\"https:\\\/\\\/regiaonews.net.br\\\/2022\\\/#\\\/schema\\\/logo\\\/image\\\/\",\"url\":\"https:\\\/\\\/regiaonews.net.br\\\/2022\\\/wp-content\\\/uploads\\\/2026\\\/03\\\/regiao-13-anos-scaled.jpg\",\"contentUrl\":\"https:\\\/\\\/regiaonews.net.br\\\/2022\\\/wp-content\\\/uploads\\\/2026\\\/03\\\/regiao-13-anos-scaled.jpg\",\"width\":2560,\"height\":635,\"caption\":\"Regi\u00e3o News\"},\"image\":{\"@id\":\"https:\\\/\\\/regiaonews.net.br\\\/2022\\\/#\\\/schema\\\/logo\\\/image\\\/\"}},{\"@type\":\"Person\",\"@id\":\"https:\\\/\\\/regiaonews.net.br\\\/2022\\\/#\\\/schema\\\/person\\\/2d205a608a5aa97ac279d7a5e6d89ad8\",\"name\":\"Roberto\",\"image\":{\"@type\":\"ImageObject\",\"inLanguage\":\"pt-BR\",\"@id\":\"https:\\\/\\\/secure.gravatar.com\\\/avatar\\\/42749d8b712ff9d59ca93dc150494e5b55a44134482993f5baeb97e61b7ecc89?s=96&d=mm&r=g\",\"url\":\"https:\\\/\\\/secure.gravatar.com\\\/avatar\\\/42749d8b712ff9d59ca93dc150494e5b55a44134482993f5baeb97e61b7ecc89?s=96&d=mm&r=g\",\"contentUrl\":\"https:\\\/\\\/secure.gravatar.com\\\/avatar\\\/42749d8b712ff9d59ca93dc150494e5b55a44134482993f5baeb97e61b7ecc89?s=96&d=mm&r=g\",\"caption\":\"Roberto\"},\"url\":\"https:\\\/\\\/regiaonews.net.br\\\/2022\\\/author\\\/roberto\\\/\"}]}<\/script>\n<!-- \/ Yoast SEO plugin. -->","yoast_head_json":{"title":"CIEE divulga classifica\u00e7\u00e3o final do processo seletivo para forma\u00e7\u00e3o de cadastro de reserva para est\u00e1gio na C\u00e2mara - Regi\u00e3o News","robots":{"index":"index","follow":"follow","max-snippet":"max-snippet:-1","max-image-preview":"max-image-preview:large","max-video-preview":"max-video-preview:-1"},"canonical":"https:\/\/regiaonews.net.br\/2022\/2023\/12\/04\/ciee-divulga-classificacao-final-do-processo-seletivo-para-formacao-de-cadastro-de-reserva-para-estagio-na-camara\/","og_locale":"pt_BR","og_type":"article","og_title":"CIEE divulga classifica\u00e7\u00e3o final do processo seletivo para forma\u00e7\u00e3o de cadastro de reserva para est\u00e1gio na C\u00e2mara - Regi\u00e3o News","og_description":"O\u00a0CIEE (Centro de Integra\u00e7\u00e3o Empresa Escola)\u00a0divulgou nesta segunda-feira (27\/nov), a\u00a0lista","og_url":"https:\/\/regiaonews.net.br\/2022\/2023\/12\/04\/ciee-divulga-classificacao-final-do-processo-seletivo-para-formacao-de-cadastro-de-reserva-para-estagio-na-camara\/","og_site_name":"Regi\u00e3o News","article_published_time":"2023-12-05T00:57:08+00:00","og_image":[{"width":1920,"height":1080,"url":"https:\/\/regiaonews.net.br\/2022\/wp-content\/uploads\/2023\/12\/alta_1701009102656356ce9c9b5.jpg","type":"image\/jpeg"}],"author":"Roberto","twitter_card":"summary_large_image","twitter_misc":{"Escrito por":"Roberto","Est. tempo de leitura":"2 minutos"},"schema":{"@context":"https:\/\/schema.org","@graph":[{"@type":"Article","@id":"https:\/\/regiaonews.net.br\/2022\/2023\/12\/04\/ciee-divulga-classificacao-final-do-processo-seletivo-para-formacao-de-cadastro-de-reserva-para-estagio-na-camara\/#article","isPartOf":{"@id":"https:\/\/regiaonews.net.br\/2022\/2023\/12\/04\/ciee-divulga-classificacao-final-do-processo-seletivo-para-formacao-de-cadastro-de-reserva-para-estagio-na-camara\/"},"author":{"name":"Roberto","@id":"https:\/\/regiaonews.net.br\/2022\/#\/schema\/person\/2d205a608a5aa97ac279d7a5e6d89ad8"},"headline":"CIEE divulga classifica\u00e7\u00e3o final do processo seletivo para forma\u00e7\u00e3o de cadastro de reserva para est\u00e1gio na C\u00e2mara","datePublished":"2023-12-05T00:57:08+00:00","mainEntityOfPage":{"@id":"https:\/\/regiaonews.net.br\/2022\/2023\/12\/04\/ciee-divulga-classificacao-final-do-processo-seletivo-para-formacao-de-cadastro-de-reserva-para-estagio-na-camara\/"},"wordCount":187,"commentCount":0,"publisher":{"@id":"https:\/\/regiaonews.net.br\/2022\/#organization"},"image":{"@id":"https:\/\/regiaonews.net.br\/2022\/2023\/12\/04\/ciee-divulga-classificacao-final-do-processo-seletivo-para-formacao-de-cadastro-de-reserva-para-estagio-na-camara\/#primaryimage"},"thumbnailUrl":"https:\/\/regiaonews.net.br\/2022\/wp-content\/uploads\/2023\/12\/alta_1701009102656356ce9c9b5.jpg","articleSection":["Barretos","Cidades"],"inLanguage":"pt-BR","potentialAction":[{"@type":"CommentAction","name":"Comment","target":["https:\/\/regiaonews.net.br\/2022\/2023\/12\/04\/ciee-divulga-classificacao-final-do-processo-seletivo-para-formacao-de-cadastro-de-reserva-para-estagio-na-camara\/#respond"]}]},{"@type":"WebPage","@id":"https:\/\/regiaonews.net.br\/2022\/2023\/12\/04\/ciee-divulga-classificacao-final-do-processo-seletivo-para-formacao-de-cadastro-de-reserva-para-estagio-na-camara\/","url":"https:\/\/regiaonews.net.br\/2022\/2023\/12\/04\/ciee-divulga-classificacao-final-do-processo-seletivo-para-formacao-de-cadastro-de-reserva-para-estagio-na-camara\/","name":"CIEE divulga classifica\u00e7\u00e3o final do processo seletivo para forma\u00e7\u00e3o de cadastro de reserva para est\u00e1gio na C\u00e2mara - Regi\u00e3o News","isPartOf":{"@id":"https:\/\/regiaonews.net.br\/2022\/#website"},"primaryImageOfPage":{"@id":"https:\/\/regiaonews.net.br\/2022\/2023\/12\/04\/ciee-divulga-classificacao-final-do-processo-seletivo-para-formacao-de-cadastro-de-reserva-para-estagio-na-camara\/#primaryimage"},"image":{"@id":"https:\/\/regiaonews.net.br\/2022\/2023\/12\/04\/ciee-divulga-classificacao-final-do-processo-seletivo-para-formacao-de-cadastro-de-reserva-para-estagio-na-camara\/#primaryimage"},"thumbnailUrl":"https:\/\/regiaonews.net.br\/2022\/wp-content\/uploads\/2023\/12\/alta_1701009102656356ce9c9b5.jpg","datePublished":"2023-12-05T00:57:08+00:00","breadcrumb":{"@id":"https:\/\/regiaonews.net.br\/2022\/2023\/12\/04\/ciee-divulga-classificacao-final-do-processo-seletivo-para-formacao-de-cadastro-de-reserva-para-estagio-na-camara\/#breadcrumb"},"inLanguage":"pt-BR","potentialAction":[{"@type":"ReadAction","target":["https:\/\/regiaonews.net.br\/2022\/2023\/12\/04\/ciee-divulga-classificacao-final-do-processo-seletivo-para-formacao-de-cadastro-de-reserva-para-estagio-na-camara\/"]}]},{"@type":"ImageObject","inLanguage":"pt-BR","@id":"https:\/\/regiaonews.net.br\/2022\/2023\/12\/04\/ciee-divulga-classificacao-final-do-processo-seletivo-para-formacao-de-cadastro-de-reserva-para-estagio-na-camara\/#primaryimage","url":"https:\/\/regiaonews.net.br\/2022\/wp-content\/uploads\/2023\/12\/alta_1701009102656356ce9c9b5.jpg","contentUrl":"https:\/\/regiaonews.net.br\/2022\/wp-content\/uploads\/2023\/12\/alta_1701009102656356ce9c9b5.jpg","width":1920,"height":1080},{"@type":"BreadcrumbList","@id":"https:\/\/regiaonews.net.br\/2022\/2023\/12\/04\/ciee-divulga-classificacao-final-do-processo-seletivo-para-formacao-de-cadastro-de-reserva-para-estagio-na-camara\/#breadcrumb","itemListElement":[{"@type":"ListItem","position":1,"name":"In\u00edcio","item":"https:\/\/regiaonews.net.br\/2022\/"},{"@type":"ListItem","position":2,"name":"CIEE divulga classifica\u00e7\u00e3o final do processo seletivo para forma\u00e7\u00e3o de cadastro de reserva para est\u00e1gio na C\u00e2mara"}]},{"@type":"WebSite","@id":"https:\/\/regiaonews.net.br\/2022\/#website","url":"https:\/\/regiaonews.net.br\/2022\/","name":"Regi\u00e3o News","description":"Site de Not\u00edcias de Barretos e regi\u00e3o","publisher":{"@id":"https:\/\/regiaonews.net.br\/2022\/#organization"},"potentialAction":[{"@type":"SearchAction","target":{"@type":"EntryPoint","urlTemplate":"https:\/\/regiaonews.net.br\/2022\/?s={search_term_string}"},"query-input":{"@type":"PropertyValueSpecification","valueRequired":true,"valueName":"search_term_string"}}],"inLanguage":"pt-BR"},{"@type":"Organization","@id":"https:\/\/regiaonews.net.br\/2022\/#organization","name":"Regi\u00e3o News","url":"https:\/\/regiaonews.net.br\/2022\/","logo":{"@type":"ImageObject","inLanguage":"pt-BR","@id":"https:\/\/regiaonews.net.br\/2022\/#\/schema\/logo\/image\/","url":"https:\/\/regiaonews.net.br\/2022\/wp-content\/uploads\/2026\/03\/regiao-13-anos-scaled.jpg","contentUrl":"https:\/\/regiaonews.net.br\/2022\/wp-content\/uploads\/2026\/03\/regiao-13-anos-scaled.jpg","width":2560,"height":635,"caption":"Regi\u00e3o News"},"image":{"@id":"https:\/\/regiaonews.net.br\/2022\/#\/schema\/logo\/image\/"}},{"@type":"Person","@id":"https:\/\/regiaonews.net.br\/2022\/#\/schema\/person\/2d205a608a5aa97ac279d7a5e6d89ad8","name":"Roberto","image":{"@type":"ImageObject","inLanguage":"pt-BR","@id":"https:\/\/secure.gravatar.com\/avatar\/42749d8b712ff9d59ca93dc150494e5b55a44134482993f5baeb97e61b7ecc89?s=96&d=mm&r=g","url":"https:\/\/secure.gravatar.com\/avatar\/42749d8b712ff9d59ca93dc150494e5b55a44134482993f5baeb97e61b7ecc89?s=96&d=mm&r=g","contentUrl":"https:\/\/secure.gravatar.com\/avatar\/42749d8b712ff9d59ca93dc150494e5b55a44134482993f5baeb97e61b7ecc89?s=96&d=mm&r=g","caption":"Roberto"},"url":"https:\/\/regiaonews.net.br\/2022\/author\/roberto\/"}]}},"publishpress_future_action":{"enabled":false,"date":"2026-05-04 08:56:10","action":"change-status","newStatus":"draft","terms":[],"taxonomy":"category","extraData":[]},"publishpress_future_workflow_manual_trigger":{"enabledWorkflows":[]},"_links":{"self":[{"href":"https:\/\/regiaonews.net.br\/2022\/wp-json\/wp\/v2\/posts\/98585","targetHints":{"allow":["GET"]}}],"collection":[{"href":"https:\/\/regiaonews.net.br\/2022\/wp-json\/wp\/v2\/posts"}],"about":[{"href":"https:\/\/regiaonews.net.br\/2022\/wp-json\/wp\/v2\/types\/post"}],"author":[{"embeddable":true,"href":"https:\/\/regiaonews.net.br\/2022\/wp-json\/wp\/v2\/users\/2"}],"replies":[{"embeddable":true,"href":"https:\/\/regiaonews.net.br\/2022\/wp-json\/wp\/v2\/comments?post=98585"}],"version-history":[{"count":1,"href":"https:\/\/regiaonews.net.br\/2022\/wp-json\/wp\/v2\/posts\/98585\/revisions"}],"predecessor-version":[{"id":98587,"href":"https:\/\/regiaonews.net.br\/2022\/wp-json\/wp\/v2\/posts\/98585\/revisions\/98587"}],"wp:featuredmedia":[{"embeddable":true,"href":"https:\/\/regiaonews.net.br\/2022\/wp-json\/wp\/v2\/media\/98586"}],"wp:attachment":[{"href":"https:\/\/regiaonews.net.br\/2022\/wp-json\/wp\/v2\/media?parent=98585"}],"wp:term":[{"taxonomy":"category","embeddable":true,"href":"https:\/\/regiaonews.net.br\/2022\/wp-json\/wp\/v2\/categories?post=98585"},{"taxonomy":"post_tag","embeddable":true,"href":"https:\/\/regiaonews.net.br\/2022\/wp-json\/wp\/v2\/tags?post=98585"}],"curies":[{"name":"wp","href":"https:\/\/api.w.org\/{rel}","templated":true}]}}