{"id":98580,"date":"2023-12-04T20:02:39","date_gmt":"2023-12-04T23:02:39","guid":{"rendered":"https:\/\/regiaonews.net.br\/2022\/?p=98580"},"modified":"2023-12-05T07:53:15","modified_gmt":"2023-12-05T10:53:15","slug":"prefeitura-de-olimpia-anuncia-concurso-publico-com-106-vagas-em-58-cargos","status":"publish","type":"post","link":"https:\/\/regiaonews.net.br\/2022\/2023\/12\/04\/prefeitura-de-olimpia-anuncia-concurso-publico-com-106-vagas-em-58-cargos\/","title":{"rendered":"Prefeitura de Ol\u00edmpia anuncia concurso p\u00fablico com 106 vagas em 58 cargos"},"content":{"rendered":"<p>Prefeitura da Est\u00e2ncia Tur\u00edstica de Ol\u00edmpia divulgou o Edital 01\/2023 para Concurso P\u00fablico destinado ao preenchimento de 106 vagas em 58 cargos diferentes. O concurso busca atender \u00e0s necessidades crescentes do munic\u00edpio em v\u00e1rias \u00e1reas, incluindo sa\u00fade, educa\u00e7\u00e3o e servi\u00e7os p\u00fablicos.<\/p>\n<p>As oportunidades variam entre cargos que requerem ensino fundamental completo at\u00e9 ensino superior completo, abrangendo fun\u00e7\u00f5es como Auxiliar de Sa\u00fade Bucal, Motorista, T\u00e9cnico em Enfermagem, Contador Especialista, Jornalista, entre outros.<\/p>\n<p>Publicado no Di\u00e1rio Oficial Eletr\u00f4nico desta segunda-feira (4), o edital detalha os requisitos para cada cargo, carga hor\u00e1ria, conte\u00fado program\u00e1tico das provas e crit\u00e9rios de participa\u00e7\u00e3o. Os sal\u00e1rios oferecidos variam de R$ 1.906,84 a R$ 8.065,77, al\u00e9m do Aux\u00edlio Alimenta\u00e7\u00e3o, com reajustes j\u00e1 aprovados a partir de janeiro de 2024.<\/p>\n<p>As inscri\u00e7\u00f5es estar\u00e3o abertas a partir da pr\u00f3xima segunda-feira (11), exclusivamente pelo\u00a0<strong><a href=\"http:\/\/www.nossorumo.org.br\/\">site<\/a>\u00a0<\/strong>do Instituto de Educa\u00e7\u00e3o e Desenvolvimento Social \u2018Nosso Rumo\u2019, respons\u00e1vel pela organiza\u00e7\u00e3o do concurso. As taxas de inscri\u00e7\u00e3o v\u00e3o de R$ 55,00 a R$ 110,00.<\/p>\n<p>O concurso se destina ao regime estatut\u00e1rio, com validade de dois anos, prorrog\u00e1vel por igual per\u00edodo. A data prevista para a realiza\u00e7\u00e3o das Provas Objetivas \u00e9 04 de fevereiro de 2024, com outras datas espec\u00edficas para cargos como Motorista e Operador de M\u00e1quinas.<\/p>\n<p>Este \u00e9 o terceiro concurso p\u00fablico realizado sob a gest\u00e3o do prefeito Fernando Cunha. Os concursos anteriores, datados de 2019, ainda est\u00e3o em vig\u00eancia devido ao congelamento dos prazos durante a pandemia.<\/p>\n<p>O prefeito Fernando Cunha enfatizou a import\u00e2ncia do concurso, especialmente na \u00e1rea da sa\u00fade, para atender a demanda crescente de servi\u00e7os no munic\u00edpio.<\/p>\n<p>Para mais informa\u00e7\u00f5es e acesso ao edital, os interessados podem\u00a0<strong><a href=\"https:\/\/dosp.com.br\/exibe_do.php?i=NDMxOTk0\">consultar o Di\u00e1rio Oficial Eletr\u00f4nico<\/a><\/strong><\/p>\n<p>Fonte : Di\u00e1rio de Ol\u00edmpia<\/p>\n","protected":false},"excerpt":{"rendered":"<p>Prefeitura da Est\u00e2ncia Tur\u00edstica de Ol\u00edmpia divulgou o Edital 01\/2023<\/p>\n","protected":false},"author":2,"featured_media":80058,"comment_status":"open","ping_status":"open","sticky":false,"template":"","format":"standard","meta":{"footnotes":""},"categories":[178],"tags":[],"class_list":["post-98580","post","type-post","status-publish","format-standard","has-post-thumbnail","hentry","category-olimpia-2"],"yoast_head":"<!-- This site is optimized with the Yoast SEO plugin v27.4 - https:\/\/yoast.com\/product\/yoast-seo-wordpress\/ -->\n<title>Prefeitura de Ol\u00edmpia anuncia concurso p\u00fablico com 106 vagas<\/title>\n<meta name=\"description\" content=\"Prefeitura da Est\u00e2ncia Tur\u00edstica de Ol\u00edmpia divulgou o Edital 01\/2023 para Concurso P\u00fablico destinado ao preenchimento de 106 vagas em 58\" \/>\n<meta name=\"robots\" content=\"index, follow, max-snippet:-1, max-image-preview:large, max-video-preview:-1\" \/>\n<link rel=\"canonical\" href=\"https:\/\/regiaonews.net.br\/2022\/2023\/12\/04\/prefeitura-de-olimpia-anuncia-concurso-publico-com-106-vagas-em-58-cargos\/\" \/>\n<meta property=\"og:locale\" content=\"pt_BR\" \/>\n<meta property=\"og:type\" content=\"article\" \/>\n<meta property=\"og:title\" content=\"Prefeitura de Ol\u00edmpia anuncia concurso p\u00fablico com 106 vagas\" \/>\n<meta property=\"og:description\" content=\"Prefeitura da Est\u00e2ncia Tur\u00edstica de Ol\u00edmpia divulgou o Edital 01\/2023 para Concurso P\u00fablico destinado ao preenchimento de 106 vagas em 58\" \/>\n<meta property=\"og:url\" content=\"https:\/\/regiaonews.net.br\/2022\/2023\/12\/04\/prefeitura-de-olimpia-anuncia-concurso-publico-com-106-vagas-em-58-cargos\/\" \/>\n<meta property=\"og:site_name\" content=\"Regi\u00e3o News\" \/>\n<meta property=\"article:published_time\" content=\"2023-12-04T23:02:39+00:00\" \/>\n<meta property=\"article:modified_time\" content=\"2023-12-05T10:53:15+00:00\" \/>\n<meta property=\"og:image\" content=\"https:\/\/regiaonews.net.br\/2022\/wp-content\/uploads\/2022\/10\/AEREA-Estancia-Turistica-de-Olimpia-scaled.jpg\" \/>\n\t<meta property=\"og:image:width\" content=\"2560\" \/>\n\t<meta property=\"og:image:height\" content=\"1526\" \/>\n\t<meta property=\"og:image:type\" content=\"image\/jpeg\" \/>\n<meta name=\"author\" content=\"Roberto\" \/>\n<meta name=\"twitter:card\" content=\"summary_large_image\" \/>\n<meta name=\"twitter:label1\" content=\"Escrito por\" \/>\n\t<meta name=\"twitter:data1\" content=\"Roberto\" \/>\n\t<meta name=\"twitter:label2\" content=\"Est. tempo de leitura\" \/>\n\t<meta name=\"twitter:data2\" content=\"2 minutos\" \/>\n<script type=\"application\/ld+json\" class=\"yoast-schema-graph\">{\"@context\":\"https:\\\/\\\/schema.org\",\"@graph\":[{\"@type\":\"Article\",\"@id\":\"https:\\\/\\\/regiaonews.net.br\\\/2022\\\/2023\\\/12\\\/04\\\/prefeitura-de-olimpia-anuncia-concurso-publico-com-106-vagas-em-58-cargos\\\/#article\",\"isPartOf\":{\"@id\":\"https:\\\/\\\/regiaonews.net.br\\\/2022\\\/2023\\\/12\\\/04\\\/prefeitura-de-olimpia-anuncia-concurso-publico-com-106-vagas-em-58-cargos\\\/\"},\"author\":{\"name\":\"Roberto\",\"@id\":\"https:\\\/\\\/regiaonews.net.br\\\/2022\\\/#\\\/schema\\\/person\\\/2d205a608a5aa97ac279d7a5e6d89ad8\"},\"headline\":\"Prefeitura de Ol\u00edmpia anuncia concurso p\u00fablico com 106 vagas em 58 cargos\",\"datePublished\":\"2023-12-04T23:02:39+00:00\",\"dateModified\":\"2023-12-05T10:53:15+00:00\",\"mainEntityOfPage\":{\"@id\":\"https:\\\/\\\/regiaonews.net.br\\\/2022\\\/2023\\\/12\\\/04\\\/prefeitura-de-olimpia-anuncia-concurso-publico-com-106-vagas-em-58-cargos\\\/\"},\"wordCount\":324,\"commentCount\":0,\"publisher\":{\"@id\":\"https:\\\/\\\/regiaonews.net.br\\\/2022\\\/#organization\"},\"image\":{\"@id\":\"https:\\\/\\\/regiaonews.net.br\\\/2022\\\/2023\\\/12\\\/04\\\/prefeitura-de-olimpia-anuncia-concurso-publico-com-106-vagas-em-58-cargos\\\/#primaryimage\"},\"thumbnailUrl\":\"https:\\\/\\\/regiaonews.net.br\\\/2022\\\/wp-content\\\/uploads\\\/2022\\\/10\\\/AEREA-Estancia-Turistica-de-Olimpia-scaled.jpg\",\"articleSection\":[\"Ol\u00edmpia\"],\"inLanguage\":\"pt-BR\",\"potentialAction\":[{\"@type\":\"CommentAction\",\"name\":\"Comment\",\"target\":[\"https:\\\/\\\/regiaonews.net.br\\\/2022\\\/2023\\\/12\\\/04\\\/prefeitura-de-olimpia-anuncia-concurso-publico-com-106-vagas-em-58-cargos\\\/#respond\"]}]},{\"@type\":\"WebPage\",\"@id\":\"https:\\\/\\\/regiaonews.net.br\\\/2022\\\/2023\\\/12\\\/04\\\/prefeitura-de-olimpia-anuncia-concurso-publico-com-106-vagas-em-58-cargos\\\/\",\"url\":\"https:\\\/\\\/regiaonews.net.br\\\/2022\\\/2023\\\/12\\\/04\\\/prefeitura-de-olimpia-anuncia-concurso-publico-com-106-vagas-em-58-cargos\\\/\",\"name\":\"Prefeitura de Ol\u00edmpia anuncia concurso p\u00fablico com 106 vagas\",\"isPartOf\":{\"@id\":\"https:\\\/\\\/regiaonews.net.br\\\/2022\\\/#website\"},\"primaryImageOfPage\":{\"@id\":\"https:\\\/\\\/regiaonews.net.br\\\/2022\\\/2023\\\/12\\\/04\\\/prefeitura-de-olimpia-anuncia-concurso-publico-com-106-vagas-em-58-cargos\\\/#primaryimage\"},\"image\":{\"@id\":\"https:\\\/\\\/regiaonews.net.br\\\/2022\\\/2023\\\/12\\\/04\\\/prefeitura-de-olimpia-anuncia-concurso-publico-com-106-vagas-em-58-cargos\\\/#primaryimage\"},\"thumbnailUrl\":\"https:\\\/\\\/regiaonews.net.br\\\/2022\\\/wp-content\\\/uploads\\\/2022\\\/10\\\/AEREA-Estancia-Turistica-de-Olimpia-scaled.jpg\",\"datePublished\":\"2023-12-04T23:02:39+00:00\",\"dateModified\":\"2023-12-05T10:53:15+00:00\",\"description\":\"Prefeitura da Est\u00e2ncia Tur\u00edstica de Ol\u00edmpia divulgou o Edital 01\\\/2023 para Concurso P\u00fablico destinado ao preenchimento de 106 vagas em 58\",\"breadcrumb\":{\"@id\":\"https:\\\/\\\/regiaonews.net.br\\\/2022\\\/2023\\\/12\\\/04\\\/prefeitura-de-olimpia-anuncia-concurso-publico-com-106-vagas-em-58-cargos\\\/#breadcrumb\"},\"inLanguage\":\"pt-BR\",\"potentialAction\":[{\"@type\":\"ReadAction\",\"target\":[\"https:\\\/\\\/regiaonews.net.br\\\/2022\\\/2023\\\/12\\\/04\\\/prefeitura-de-olimpia-anuncia-concurso-publico-com-106-vagas-em-58-cargos\\\/\"]}]},{\"@type\":\"ImageObject\",\"inLanguage\":\"pt-BR\",\"@id\":\"https:\\\/\\\/regiaonews.net.br\\\/2022\\\/2023\\\/12\\\/04\\\/prefeitura-de-olimpia-anuncia-concurso-publico-com-106-vagas-em-58-cargos\\\/#primaryimage\",\"url\":\"https:\\\/\\\/regiaonews.net.br\\\/2022\\\/wp-content\\\/uploads\\\/2022\\\/10\\\/AEREA-Estancia-Turistica-de-Olimpia-scaled.jpg\",\"contentUrl\":\"https:\\\/\\\/regiaonews.net.br\\\/2022\\\/wp-content\\\/uploads\\\/2022\\\/10\\\/AEREA-Estancia-Turistica-de-Olimpia-scaled.jpg\",\"width\":2560,\"height\":1526,\"caption\":\"default\"},{\"@type\":\"BreadcrumbList\",\"@id\":\"https:\\\/\\\/regiaonews.net.br\\\/2022\\\/2023\\\/12\\\/04\\\/prefeitura-de-olimpia-anuncia-concurso-publico-com-106-vagas-em-58-cargos\\\/#breadcrumb\",\"itemListElement\":[{\"@type\":\"ListItem\",\"position\":1,\"name\":\"In\u00edcio\",\"item\":\"https:\\\/\\\/regiaonews.net.br\\\/2022\\\/\"},{\"@type\":\"ListItem\",\"position\":2,\"name\":\"Prefeitura de Ol\u00edmpia anuncia concurso p\u00fablico com 106 vagas em 58 cargos\"}]},{\"@type\":\"WebSite\",\"@id\":\"https:\\\/\\\/regiaonews.net.br\\\/2022\\\/#website\",\"url\":\"https:\\\/\\\/regiaonews.net.br\\\/2022\\\/\",\"name\":\"Regi\u00e3o News\",\"description\":\"Site de Not\u00edcias de Barretos e regi\u00e3o\",\"publisher\":{\"@id\":\"https:\\\/\\\/regiaonews.net.br\\\/2022\\\/#organization\"},\"potentialAction\":[{\"@type\":\"SearchAction\",\"target\":{\"@type\":\"EntryPoint\",\"urlTemplate\":\"https:\\\/\\\/regiaonews.net.br\\\/2022\\\/?s={search_term_string}\"},\"query-input\":{\"@type\":\"PropertyValueSpecification\",\"valueRequired\":true,\"valueName\":\"search_term_string\"}}],\"inLanguage\":\"pt-BR\"},{\"@type\":\"Organization\",\"@id\":\"https:\\\/\\\/regiaonews.net.br\\\/2022\\\/#organization\",\"name\":\"Regi\u00e3o News\",\"url\":\"https:\\\/\\\/regiaonews.net.br\\\/2022\\\/\",\"logo\":{\"@type\":\"ImageObject\",\"inLanguage\":\"pt-BR\",\"@id\":\"https:\\\/\\\/regiaonews.net.br\\\/2022\\\/#\\\/schema\\\/logo\\\/image\\\/\",\"url\":\"https:\\\/\\\/regiaonews.net.br\\\/2022\\\/wp-content\\\/uploads\\\/2026\\\/03\\\/regiao-13-anos-scaled.jpg\",\"contentUrl\":\"https:\\\/\\\/regiaonews.net.br\\\/2022\\\/wp-content\\\/uploads\\\/2026\\\/03\\\/regiao-13-anos-scaled.jpg\",\"width\":2560,\"height\":635,\"caption\":\"Regi\u00e3o News\"},\"image\":{\"@id\":\"https:\\\/\\\/regiaonews.net.br\\\/2022\\\/#\\\/schema\\\/logo\\\/image\\\/\"}},{\"@type\":\"Person\",\"@id\":\"https:\\\/\\\/regiaonews.net.br\\\/2022\\\/#\\\/schema\\\/person\\\/2d205a608a5aa97ac279d7a5e6d89ad8\",\"name\":\"Roberto\",\"image\":{\"@type\":\"ImageObject\",\"inLanguage\":\"pt-BR\",\"@id\":\"https:\\\/\\\/secure.gravatar.com\\\/avatar\\\/42749d8b712ff9d59ca93dc150494e5b55a44134482993f5baeb97e61b7ecc89?s=96&d=mm&r=g\",\"url\":\"https:\\\/\\\/secure.gravatar.com\\\/avatar\\\/42749d8b712ff9d59ca93dc150494e5b55a44134482993f5baeb97e61b7ecc89?s=96&d=mm&r=g\",\"contentUrl\":\"https:\\\/\\\/secure.gravatar.com\\\/avatar\\\/42749d8b712ff9d59ca93dc150494e5b55a44134482993f5baeb97e61b7ecc89?s=96&d=mm&r=g\",\"caption\":\"Roberto\"},\"url\":\"https:\\\/\\\/regiaonews.net.br\\\/2022\\\/author\\\/roberto\\\/\"}]}<\/script>\n<!-- \/ Yoast SEO plugin. -->","yoast_head_json":{"title":"Prefeitura de Ol\u00edmpia anuncia concurso p\u00fablico com 106 vagas","description":"Prefeitura da Est\u00e2ncia Tur\u00edstica de Ol\u00edmpia divulgou o Edital 01\/2023 para Concurso P\u00fablico destinado ao preenchimento de 106 vagas em 58","robots":{"index":"index","follow":"follow","max-snippet":"max-snippet:-1","max-image-preview":"max-image-preview:large","max-video-preview":"max-video-preview:-1"},"canonical":"https:\/\/regiaonews.net.br\/2022\/2023\/12\/04\/prefeitura-de-olimpia-anuncia-concurso-publico-com-106-vagas-em-58-cargos\/","og_locale":"pt_BR","og_type":"article","og_title":"Prefeitura de Ol\u00edmpia anuncia concurso p\u00fablico com 106 vagas","og_description":"Prefeitura da Est\u00e2ncia Tur\u00edstica de Ol\u00edmpia divulgou o Edital 01\/2023 para Concurso P\u00fablico destinado ao preenchimento de 106 vagas em 58","og_url":"https:\/\/regiaonews.net.br\/2022\/2023\/12\/04\/prefeitura-de-olimpia-anuncia-concurso-publico-com-106-vagas-em-58-cargos\/","og_site_name":"Regi\u00e3o News","article_published_time":"2023-12-04T23:02:39+00:00","article_modified_time":"2023-12-05T10:53:15+00:00","og_image":[{"width":2560,"height":1526,"url":"https:\/\/regiaonews.net.br\/2022\/wp-content\/uploads\/2022\/10\/AEREA-Estancia-Turistica-de-Olimpia-scaled.jpg","type":"image\/jpeg"}],"author":"Roberto","twitter_card":"summary_large_image","twitter_misc":{"Escrito por":"Roberto","Est. tempo de leitura":"2 minutos"},"schema":{"@context":"https:\/\/schema.org","@graph":[{"@type":"Article","@id":"https:\/\/regiaonews.net.br\/2022\/2023\/12\/04\/prefeitura-de-olimpia-anuncia-concurso-publico-com-106-vagas-em-58-cargos\/#article","isPartOf":{"@id":"https:\/\/regiaonews.net.br\/2022\/2023\/12\/04\/prefeitura-de-olimpia-anuncia-concurso-publico-com-106-vagas-em-58-cargos\/"},"author":{"name":"Roberto","@id":"https:\/\/regiaonews.net.br\/2022\/#\/schema\/person\/2d205a608a5aa97ac279d7a5e6d89ad8"},"headline":"Prefeitura de Ol\u00edmpia anuncia concurso p\u00fablico com 106 vagas em 58 cargos","datePublished":"2023-12-04T23:02:39+00:00","dateModified":"2023-12-05T10:53:15+00:00","mainEntityOfPage":{"@id":"https:\/\/regiaonews.net.br\/2022\/2023\/12\/04\/prefeitura-de-olimpia-anuncia-concurso-publico-com-106-vagas-em-58-cargos\/"},"wordCount":324,"commentCount":0,"publisher":{"@id":"https:\/\/regiaonews.net.br\/2022\/#organization"},"image":{"@id":"https:\/\/regiaonews.net.br\/2022\/2023\/12\/04\/prefeitura-de-olimpia-anuncia-concurso-publico-com-106-vagas-em-58-cargos\/#primaryimage"},"thumbnailUrl":"https:\/\/regiaonews.net.br\/2022\/wp-content\/uploads\/2022\/10\/AEREA-Estancia-Turistica-de-Olimpia-scaled.jpg","articleSection":["Ol\u00edmpia"],"inLanguage":"pt-BR","potentialAction":[{"@type":"CommentAction","name":"Comment","target":["https:\/\/regiaonews.net.br\/2022\/2023\/12\/04\/prefeitura-de-olimpia-anuncia-concurso-publico-com-106-vagas-em-58-cargos\/#respond"]}]},{"@type":"WebPage","@id":"https:\/\/regiaonews.net.br\/2022\/2023\/12\/04\/prefeitura-de-olimpia-anuncia-concurso-publico-com-106-vagas-em-58-cargos\/","url":"https:\/\/regiaonews.net.br\/2022\/2023\/12\/04\/prefeitura-de-olimpia-anuncia-concurso-publico-com-106-vagas-em-58-cargos\/","name":"Prefeitura de Ol\u00edmpia anuncia concurso p\u00fablico com 106 vagas","isPartOf":{"@id":"https:\/\/regiaonews.net.br\/2022\/#website"},"primaryImageOfPage":{"@id":"https:\/\/regiaonews.net.br\/2022\/2023\/12\/04\/prefeitura-de-olimpia-anuncia-concurso-publico-com-106-vagas-em-58-cargos\/#primaryimage"},"image":{"@id":"https:\/\/regiaonews.net.br\/2022\/2023\/12\/04\/prefeitura-de-olimpia-anuncia-concurso-publico-com-106-vagas-em-58-cargos\/#primaryimage"},"thumbnailUrl":"https:\/\/regiaonews.net.br\/2022\/wp-content\/uploads\/2022\/10\/AEREA-Estancia-Turistica-de-Olimpia-scaled.jpg","datePublished":"2023-12-04T23:02:39+00:00","dateModified":"2023-12-05T10:53:15+00:00","description":"Prefeitura da Est\u00e2ncia Tur\u00edstica de Ol\u00edmpia divulgou o Edital 01\/2023 para Concurso P\u00fablico destinado ao preenchimento de 106 vagas em 58","breadcrumb":{"@id":"https:\/\/regiaonews.net.br\/2022\/2023\/12\/04\/prefeitura-de-olimpia-anuncia-concurso-publico-com-106-vagas-em-58-cargos\/#breadcrumb"},"inLanguage":"pt-BR","potentialAction":[{"@type":"ReadAction","target":["https:\/\/regiaonews.net.br\/2022\/2023\/12\/04\/prefeitura-de-olimpia-anuncia-concurso-publico-com-106-vagas-em-58-cargos\/"]}]},{"@type":"ImageObject","inLanguage":"pt-BR","@id":"https:\/\/regiaonews.net.br\/2022\/2023\/12\/04\/prefeitura-de-olimpia-anuncia-concurso-publico-com-106-vagas-em-58-cargos\/#primaryimage","url":"https:\/\/regiaonews.net.br\/2022\/wp-content\/uploads\/2022\/10\/AEREA-Estancia-Turistica-de-Olimpia-scaled.jpg","contentUrl":"https:\/\/regiaonews.net.br\/2022\/wp-content\/uploads\/2022\/10\/AEREA-Estancia-Turistica-de-Olimpia-scaled.jpg","width":2560,"height":1526,"caption":"default"},{"@type":"BreadcrumbList","@id":"https:\/\/regiaonews.net.br\/2022\/2023\/12\/04\/prefeitura-de-olimpia-anuncia-concurso-publico-com-106-vagas-em-58-cargos\/#breadcrumb","itemListElement":[{"@type":"ListItem","position":1,"name":"In\u00edcio","item":"https:\/\/regiaonews.net.br\/2022\/"},{"@type":"ListItem","position":2,"name":"Prefeitura de Ol\u00edmpia anuncia concurso p\u00fablico com 106 vagas em 58 cargos"}]},{"@type":"WebSite","@id":"https:\/\/regiaonews.net.br\/2022\/#website","url":"https:\/\/regiaonews.net.br\/2022\/","name":"Regi\u00e3o News","description":"Site de Not\u00edcias de Barretos e regi\u00e3o","publisher":{"@id":"https:\/\/regiaonews.net.br\/2022\/#organization"},"potentialAction":[{"@type":"SearchAction","target":{"@type":"EntryPoint","urlTemplate":"https:\/\/regiaonews.net.br\/2022\/?s={search_term_string}"},"query-input":{"@type":"PropertyValueSpecification","valueRequired":true,"valueName":"search_term_string"}}],"inLanguage":"pt-BR"},{"@type":"Organization","@id":"https:\/\/regiaonews.net.br\/2022\/#organization","name":"Regi\u00e3o News","url":"https:\/\/regiaonews.net.br\/2022\/","logo":{"@type":"ImageObject","inLanguage":"pt-BR","@id":"https:\/\/regiaonews.net.br\/2022\/#\/schema\/logo\/image\/","url":"https:\/\/regiaonews.net.br\/2022\/wp-content\/uploads\/2026\/03\/regiao-13-anos-scaled.jpg","contentUrl":"https:\/\/regiaonews.net.br\/2022\/wp-content\/uploads\/2026\/03\/regiao-13-anos-scaled.jpg","width":2560,"height":635,"caption":"Regi\u00e3o News"},"image":{"@id":"https:\/\/regiaonews.net.br\/2022\/#\/schema\/logo\/image\/"}},{"@type":"Person","@id":"https:\/\/regiaonews.net.br\/2022\/#\/schema\/person\/2d205a608a5aa97ac279d7a5e6d89ad8","name":"Roberto","image":{"@type":"ImageObject","inLanguage":"pt-BR","@id":"https:\/\/secure.gravatar.com\/avatar\/42749d8b712ff9d59ca93dc150494e5b55a44134482993f5baeb97e61b7ecc89?s=96&d=mm&r=g","url":"https:\/\/secure.gravatar.com\/avatar\/42749d8b712ff9d59ca93dc150494e5b55a44134482993f5baeb97e61b7ecc89?s=96&d=mm&r=g","contentUrl":"https:\/\/secure.gravatar.com\/avatar\/42749d8b712ff9d59ca93dc150494e5b55a44134482993f5baeb97e61b7ecc89?s=96&d=mm&r=g","caption":"Roberto"},"url":"https:\/\/regiaonews.net.br\/2022\/author\/roberto\/"}]}},"publishpress_future_action":{"enabled":false,"date":"2026-05-04 07:26:25","action":"change-status","newStatus":"draft","terms":[],"taxonomy":"category","extraData":[]},"publishpress_future_workflow_manual_trigger":{"enabledWorkflows":[]},"_links":{"self":[{"href":"https:\/\/regiaonews.net.br\/2022\/wp-json\/wp\/v2\/posts\/98580","targetHints":{"allow":["GET"]}}],"collection":[{"href":"https:\/\/regiaonews.net.br\/2022\/wp-json\/wp\/v2\/posts"}],"about":[{"href":"https:\/\/regiaonews.net.br\/2022\/wp-json\/wp\/v2\/types\/post"}],"author":[{"embeddable":true,"href":"https:\/\/regiaonews.net.br\/2022\/wp-json\/wp\/v2\/users\/2"}],"replies":[{"embeddable":true,"href":"https:\/\/regiaonews.net.br\/2022\/wp-json\/wp\/v2\/comments?post=98580"}],"version-history":[{"count":3,"href":"https:\/\/regiaonews.net.br\/2022\/wp-json\/wp\/v2\/posts\/98580\/revisions"}],"predecessor-version":[{"id":98583,"href":"https:\/\/regiaonews.net.br\/2022\/wp-json\/wp\/v2\/posts\/98580\/revisions\/98583"}],"wp:featuredmedia":[{"embeddable":true,"href":"https:\/\/regiaonews.net.br\/2022\/wp-json\/wp\/v2\/media\/80058"}],"wp:attachment":[{"href":"https:\/\/regiaonews.net.br\/2022\/wp-json\/wp\/v2\/media?parent=98580"}],"wp:term":[{"taxonomy":"category","embeddable":true,"href":"https:\/\/regiaonews.net.br\/2022\/wp-json\/wp\/v2\/categories?post=98580"},{"taxonomy":"post_tag","embeddable":true,"href":"https:\/\/regiaonews.net.br\/2022\/wp-json\/wp\/v2\/tags?post=98580"}],"curies":[{"name":"wp","href":"https:\/\/api.w.org\/{rel}","templated":true}]}}