{"id":98575,"date":"2023-12-04T19:54:56","date_gmt":"2023-12-04T22:54:56","guid":{"rendered":"https:\/\/regiaonews.net.br\/2022\/?p=98575"},"modified":"2023-12-05T07:48:23","modified_gmt":"2023-12-05T10:48:23","slug":"acidente-mobiliza-corpo-de-bombeiros-e-samu-na-assis-chateaubriand","status":"publish","type":"post","link":"https:\/\/regiaonews.net.br\/2022\/2023\/12\/04\/acidente-mobiliza-corpo-de-bombeiros-e-samu-na-assis-chateaubriand\/","title":{"rendered":"Acidente mobiliza Corpo de Bombeiros e SAMU  na Assis Chateaubriand"},"content":{"rendered":"<p><strong>Cinco pessoas foram socorridas ap\u00f3s colis\u00e3o transversal<\/strong><\/p>\n<p>Um\u00a0<strong>acidente envolvendo dois carros, mobilizou o Corpo de Bombeiros e o SAMU, no km 101 da rodovia Assis Chateaubriand em Barretos<\/strong>, por volta das 14 horas de segunda \u2013 feira (4).<\/p>\n<p>As\u00a0<strong>equipes depararam com uma GM Meriva que teria dois ocupantes, imobilizada em cima da pista, e al\u00e9m do acostamento um Volkswagen Voyage no qual estaria tr\u00eas ocupantes<\/strong>.<\/p>\n<p><strong>Segundo informa\u00e7\u00f5es, teria ocorrido uma colis\u00e3o transversal, por\u00e9m, a princ\u00edpio as causas do acidente n\u00e3o foram informadas<\/strong>.<\/p>\n<p>\u201c N\u00f3s\u00a0<strong>fomos acionados por volta das 14 horas para atendimento de um acidente de grande monta, pr\u00f3ximo ao \u201cCobrinha\u201d, ali naquela baixada da Assis Chateaubriand<\/strong>. Chegamos ao local, havia um ve\u00edculo parado no meio da pista, e o outro fora dela no acostamento. Havia\u00a0<strong>duas v\u00edtimas no ve\u00edculo que estava na pista, sendo dois senhores, e no outro ve\u00edculo havia apenas um senhor que era o motorista e estava retido, e duas pessoas que estavam fora do ve\u00edculo. No Meriva que ficou no meio da pista, tinha uma v\u00edtima presa nas ferragens, onde fizemos desencarceramento<\/strong>\u00a0e a repassamos para equipe do SAMU na Unidade Avan\u00e7ada para o transporte at\u00e9 a Santa Casa. Todas as v\u00edtimas estavam conscientes, por\u00e9m, durante o resgate come\u00e7aram a perder a consci\u00eancia momentaneamente. No total\u00a0<strong>s\u00e3o cinco v\u00edtimas, sendo quatro homens e uma mulher<\/strong>. A mulher estava no Voyage com mais duas pessoas.\u00a0<strong>N\u00e3o conseguimos levantar maiores informa\u00e7\u00f5es sobre o acidente<\/strong>,\u00a0<strong>pelo fato das pessoas estarem perdendo a consci\u00eancia e n\u00e3o conseguirem precisar realmente o que aconteceu<\/strong>. T<strong>odas as v\u00edtimas foram socorridas a Santa Casa<\/strong>\u201d, disse o sargento Odilon do Corpo de Bombeiros.<\/p>\n<p>O SAMU informou que esteve no local com duas equipes chefiadas pela m\u00e9dica Fl\u00e1via da Cunha Monteiro de Barros, e confirmou que\u00a0<strong>a v\u00edtima mais grave \u00e9 um senhor que aparenta 66 anos, que apresentava trauma de t\u00f3rax, trauma de cabe\u00e7a e foi encaminhado para a sala de emerg\u00eancia\u00a0<\/strong>no Pronto \u2013 Socorro.<\/p>\n<blockquote><p>Fonte : odiarioonline<\/p><\/blockquote>\n","protected":false},"excerpt":{"rendered":"<p>Cinco pessoas foram socorridas ap\u00f3s colis\u00e3o transversal Um\u00a0acidente envolvendo dois<\/p>\n","protected":false},"author":2,"featured_media":98577,"comment_status":"open","ping_status":"open","sticky":false,"template":"","format":"standard","meta":{"footnotes":""},"categories":[14,23],"tags":[],"class_list":["post-98575","post","type-post","status-publish","format-standard","has-post-thumbnail","hentry","category-barretos","category-policia"],"yoast_head":"<!-- This site is optimized with the Yoast SEO plugin v27.4 - https:\/\/yoast.com\/product\/yoast-seo-wordpress\/ -->\n<title>Acidente mobiliza Corpo de Bombeiros e SAMU na Assi<\/title>\n<meta name=\"description\" content=\"Um\u00a0acidente envolvendo dois carros, mobilizou o Corpo de Bombeiros e o SAMU, no km 101 da rodovia Assis Chateaubriand em Barretos, por volta das 14 horas de segunda \u2013 feira (4).\" \/>\n<meta name=\"robots\" content=\"index, follow, max-snippet:-1, max-image-preview:large, max-video-preview:-1\" \/>\n<link rel=\"canonical\" href=\"https:\/\/regiaonews.net.br\/2022\/2023\/12\/04\/acidente-mobiliza-corpo-de-bombeiros-e-samu-na-assis-chateaubriand\/\" \/>\n<meta property=\"og:locale\" content=\"pt_BR\" \/>\n<meta property=\"og:type\" content=\"article\" \/>\n<meta property=\"og:title\" content=\"Acidente mobiliza Corpo de Bombeiros e SAMU na Assi\" \/>\n<meta property=\"og:description\" content=\"Um\u00a0acidente envolvendo dois carros, mobilizou o Corpo de Bombeiros e o SAMU, no km 101 da rodovia Assis Chateaubriand em Barretos, por volta das 14 horas de segunda \u2013 feira (4).\" \/>\n<meta property=\"og:url\" content=\"https:\/\/regiaonews.net.br\/2022\/2023\/12\/04\/acidente-mobiliza-corpo-de-bombeiros-e-samu-na-assis-chateaubriand\/\" \/>\n<meta property=\"og:site_name\" content=\"Regi\u00e3o News\" \/>\n<meta property=\"article:published_time\" content=\"2023-12-04T22:54:56+00:00\" \/>\n<meta property=\"article:modified_time\" content=\"2023-12-05T10:48:23+00:00\" \/>\n<meta property=\"og:image\" content=\"https:\/\/regiaonews.net.br\/2022\/wp-content\/uploads\/2023\/12\/WhatsApp-Image-2023-12-04-at-17.59.14.jpeg\" \/>\n\t<meta property=\"og:image:width\" content=\"1280\" \/>\n\t<meta property=\"og:image:height\" content=\"960\" \/>\n\t<meta property=\"og:image:type\" content=\"image\/jpeg\" \/>\n<meta name=\"author\" content=\"Roberto\" \/>\n<meta name=\"twitter:card\" content=\"summary_large_image\" \/>\n<meta name=\"twitter:label1\" content=\"Escrito por\" \/>\n\t<meta name=\"twitter:data1\" content=\"Roberto\" \/>\n\t<meta name=\"twitter:label2\" content=\"Est. tempo de leitura\" \/>\n\t<meta name=\"twitter:data2\" content=\"2 minutos\" \/>\n<script type=\"application\/ld+json\" class=\"yoast-schema-graph\">{\"@context\":\"https:\\\/\\\/schema.org\",\"@graph\":[{\"@type\":\"Article\",\"@id\":\"https:\\\/\\\/regiaonews.net.br\\\/2022\\\/2023\\\/12\\\/04\\\/acidente-mobiliza-corpo-de-bombeiros-e-samu-na-assis-chateaubriand\\\/#article\",\"isPartOf\":{\"@id\":\"https:\\\/\\\/regiaonews.net.br\\\/2022\\\/2023\\\/12\\\/04\\\/acidente-mobiliza-corpo-de-bombeiros-e-samu-na-assis-chateaubriand\\\/\"},\"author\":{\"name\":\"Roberto\",\"@id\":\"https:\\\/\\\/regiaonews.net.br\\\/2022\\\/#\\\/schema\\\/person\\\/2d205a608a5aa97ac279d7a5e6d89ad8\"},\"headline\":\"Acidente mobiliza Corpo de Bombeiros e SAMU na Assis Chateaubriand\",\"datePublished\":\"2023-12-04T22:54:56+00:00\",\"dateModified\":\"2023-12-05T10:48:23+00:00\",\"mainEntityOfPage\":{\"@id\":\"https:\\\/\\\/regiaonews.net.br\\\/2022\\\/2023\\\/12\\\/04\\\/acidente-mobiliza-corpo-de-bombeiros-e-samu-na-assis-chateaubriand\\\/\"},\"wordCount\":363,\"commentCount\":0,\"publisher\":{\"@id\":\"https:\\\/\\\/regiaonews.net.br\\\/2022\\\/#organization\"},\"image\":{\"@id\":\"https:\\\/\\\/regiaonews.net.br\\\/2022\\\/2023\\\/12\\\/04\\\/acidente-mobiliza-corpo-de-bombeiros-e-samu-na-assis-chateaubriand\\\/#primaryimage\"},\"thumbnailUrl\":\"https:\\\/\\\/regiaonews.net.br\\\/2022\\\/wp-content\\\/uploads\\\/2023\\\/12\\\/WhatsApp-Image-2023-12-04-at-17.59.14.jpeg\",\"articleSection\":[\"Barretos\",\"Policia\"],\"inLanguage\":\"pt-BR\",\"potentialAction\":[{\"@type\":\"CommentAction\",\"name\":\"Comment\",\"target\":[\"https:\\\/\\\/regiaonews.net.br\\\/2022\\\/2023\\\/12\\\/04\\\/acidente-mobiliza-corpo-de-bombeiros-e-samu-na-assis-chateaubriand\\\/#respond\"]}]},{\"@type\":\"WebPage\",\"@id\":\"https:\\\/\\\/regiaonews.net.br\\\/2022\\\/2023\\\/12\\\/04\\\/acidente-mobiliza-corpo-de-bombeiros-e-samu-na-assis-chateaubriand\\\/\",\"url\":\"https:\\\/\\\/regiaonews.net.br\\\/2022\\\/2023\\\/12\\\/04\\\/acidente-mobiliza-corpo-de-bombeiros-e-samu-na-assis-chateaubriand\\\/\",\"name\":\"Acidente mobiliza Corpo de Bombeiros e SAMU na Assi\",\"isPartOf\":{\"@id\":\"https:\\\/\\\/regiaonews.net.br\\\/2022\\\/#website\"},\"primaryImageOfPage\":{\"@id\":\"https:\\\/\\\/regiaonews.net.br\\\/2022\\\/2023\\\/12\\\/04\\\/acidente-mobiliza-corpo-de-bombeiros-e-samu-na-assis-chateaubriand\\\/#primaryimage\"},\"image\":{\"@id\":\"https:\\\/\\\/regiaonews.net.br\\\/2022\\\/2023\\\/12\\\/04\\\/acidente-mobiliza-corpo-de-bombeiros-e-samu-na-assis-chateaubriand\\\/#primaryimage\"},\"thumbnailUrl\":\"https:\\\/\\\/regiaonews.net.br\\\/2022\\\/wp-content\\\/uploads\\\/2023\\\/12\\\/WhatsApp-Image-2023-12-04-at-17.59.14.jpeg\",\"datePublished\":\"2023-12-04T22:54:56+00:00\",\"dateModified\":\"2023-12-05T10:48:23+00:00\",\"description\":\"Um\u00a0acidente envolvendo dois carros, mobilizou o Corpo de Bombeiros e o SAMU, no km 101 da rodovia Assis Chateaubriand em Barretos, por volta das 14 horas de segunda \u2013 feira (4).\",\"breadcrumb\":{\"@id\":\"https:\\\/\\\/regiaonews.net.br\\\/2022\\\/2023\\\/12\\\/04\\\/acidente-mobiliza-corpo-de-bombeiros-e-samu-na-assis-chateaubriand\\\/#breadcrumb\"},\"inLanguage\":\"pt-BR\",\"potentialAction\":[{\"@type\":\"ReadAction\",\"target\":[\"https:\\\/\\\/regiaonews.net.br\\\/2022\\\/2023\\\/12\\\/04\\\/acidente-mobiliza-corpo-de-bombeiros-e-samu-na-assis-chateaubriand\\\/\"]}]},{\"@type\":\"ImageObject\",\"inLanguage\":\"pt-BR\",\"@id\":\"https:\\\/\\\/regiaonews.net.br\\\/2022\\\/2023\\\/12\\\/04\\\/acidente-mobiliza-corpo-de-bombeiros-e-samu-na-assis-chateaubriand\\\/#primaryimage\",\"url\":\"https:\\\/\\\/regiaonews.net.br\\\/2022\\\/wp-content\\\/uploads\\\/2023\\\/12\\\/WhatsApp-Image-2023-12-04-at-17.59.14.jpeg\",\"contentUrl\":\"https:\\\/\\\/regiaonews.net.br\\\/2022\\\/wp-content\\\/uploads\\\/2023\\\/12\\\/WhatsApp-Image-2023-12-04-at-17.59.14.jpeg\",\"width\":1280,\"height\":960},{\"@type\":\"BreadcrumbList\",\"@id\":\"https:\\\/\\\/regiaonews.net.br\\\/2022\\\/2023\\\/12\\\/04\\\/acidente-mobiliza-corpo-de-bombeiros-e-samu-na-assis-chateaubriand\\\/#breadcrumb\",\"itemListElement\":[{\"@type\":\"ListItem\",\"position\":1,\"name\":\"In\u00edcio\",\"item\":\"https:\\\/\\\/regiaonews.net.br\\\/2022\\\/\"},{\"@type\":\"ListItem\",\"position\":2,\"name\":\"Acidente mobiliza Corpo de Bombeiros e SAMU na Assis Chateaubriand\"}]},{\"@type\":\"WebSite\",\"@id\":\"https:\\\/\\\/regiaonews.net.br\\\/2022\\\/#website\",\"url\":\"https:\\\/\\\/regiaonews.net.br\\\/2022\\\/\",\"name\":\"Regi\u00e3o News\",\"description\":\"Site de Not\u00edcias de Barretos e regi\u00e3o\",\"publisher\":{\"@id\":\"https:\\\/\\\/regiaonews.net.br\\\/2022\\\/#organization\"},\"potentialAction\":[{\"@type\":\"SearchAction\",\"target\":{\"@type\":\"EntryPoint\",\"urlTemplate\":\"https:\\\/\\\/regiaonews.net.br\\\/2022\\\/?s={search_term_string}\"},\"query-input\":{\"@type\":\"PropertyValueSpecification\",\"valueRequired\":true,\"valueName\":\"search_term_string\"}}],\"inLanguage\":\"pt-BR\"},{\"@type\":\"Organization\",\"@id\":\"https:\\\/\\\/regiaonews.net.br\\\/2022\\\/#organization\",\"name\":\"Regi\u00e3o News\",\"url\":\"https:\\\/\\\/regiaonews.net.br\\\/2022\\\/\",\"logo\":{\"@type\":\"ImageObject\",\"inLanguage\":\"pt-BR\",\"@id\":\"https:\\\/\\\/regiaonews.net.br\\\/2022\\\/#\\\/schema\\\/logo\\\/image\\\/\",\"url\":\"https:\\\/\\\/regiaonews.net.br\\\/2022\\\/wp-content\\\/uploads\\\/2026\\\/03\\\/regiao-13-anos-scaled.jpg\",\"contentUrl\":\"https:\\\/\\\/regiaonews.net.br\\\/2022\\\/wp-content\\\/uploads\\\/2026\\\/03\\\/regiao-13-anos-scaled.jpg\",\"width\":2560,\"height\":635,\"caption\":\"Regi\u00e3o News\"},\"image\":{\"@id\":\"https:\\\/\\\/regiaonews.net.br\\\/2022\\\/#\\\/schema\\\/logo\\\/image\\\/\"}},{\"@type\":\"Person\",\"@id\":\"https:\\\/\\\/regiaonews.net.br\\\/2022\\\/#\\\/schema\\\/person\\\/2d205a608a5aa97ac279d7a5e6d89ad8\",\"name\":\"Roberto\",\"image\":{\"@type\":\"ImageObject\",\"inLanguage\":\"pt-BR\",\"@id\":\"https:\\\/\\\/secure.gravatar.com\\\/avatar\\\/42749d8b712ff9d59ca93dc150494e5b55a44134482993f5baeb97e61b7ecc89?s=96&d=mm&r=g\",\"url\":\"https:\\\/\\\/secure.gravatar.com\\\/avatar\\\/42749d8b712ff9d59ca93dc150494e5b55a44134482993f5baeb97e61b7ecc89?s=96&d=mm&r=g\",\"contentUrl\":\"https:\\\/\\\/secure.gravatar.com\\\/avatar\\\/42749d8b712ff9d59ca93dc150494e5b55a44134482993f5baeb97e61b7ecc89?s=96&d=mm&r=g\",\"caption\":\"Roberto\"},\"url\":\"https:\\\/\\\/regiaonews.net.br\\\/2022\\\/author\\\/roberto\\\/\"}]}<\/script>\n<!-- \/ Yoast SEO plugin. -->","yoast_head_json":{"title":"Acidente mobiliza Corpo de Bombeiros e SAMU na Assi","description":"Um\u00a0acidente envolvendo dois carros, mobilizou o Corpo de Bombeiros e o SAMU, no km 101 da rodovia Assis Chateaubriand em Barretos, por volta das 14 horas de segunda \u2013 feira (4).","robots":{"index":"index","follow":"follow","max-snippet":"max-snippet:-1","max-image-preview":"max-image-preview:large","max-video-preview":"max-video-preview:-1"},"canonical":"https:\/\/regiaonews.net.br\/2022\/2023\/12\/04\/acidente-mobiliza-corpo-de-bombeiros-e-samu-na-assis-chateaubriand\/","og_locale":"pt_BR","og_type":"article","og_title":"Acidente mobiliza Corpo de Bombeiros e SAMU na Assi","og_description":"Um\u00a0acidente envolvendo dois carros, mobilizou o Corpo de Bombeiros e o SAMU, no km 101 da rodovia Assis Chateaubriand em Barretos, por volta das 14 horas de segunda \u2013 feira (4).","og_url":"https:\/\/regiaonews.net.br\/2022\/2023\/12\/04\/acidente-mobiliza-corpo-de-bombeiros-e-samu-na-assis-chateaubriand\/","og_site_name":"Regi\u00e3o News","article_published_time":"2023-12-04T22:54:56+00:00","article_modified_time":"2023-12-05T10:48:23+00:00","og_image":[{"width":1280,"height":960,"url":"https:\/\/regiaonews.net.br\/2022\/wp-content\/uploads\/2023\/12\/WhatsApp-Image-2023-12-04-at-17.59.14.jpeg","type":"image\/jpeg"}],"author":"Roberto","twitter_card":"summary_large_image","twitter_misc":{"Escrito por":"Roberto","Est. tempo de leitura":"2 minutos"},"schema":{"@context":"https:\/\/schema.org","@graph":[{"@type":"Article","@id":"https:\/\/regiaonews.net.br\/2022\/2023\/12\/04\/acidente-mobiliza-corpo-de-bombeiros-e-samu-na-assis-chateaubriand\/#article","isPartOf":{"@id":"https:\/\/regiaonews.net.br\/2022\/2023\/12\/04\/acidente-mobiliza-corpo-de-bombeiros-e-samu-na-assis-chateaubriand\/"},"author":{"name":"Roberto","@id":"https:\/\/regiaonews.net.br\/2022\/#\/schema\/person\/2d205a608a5aa97ac279d7a5e6d89ad8"},"headline":"Acidente mobiliza Corpo de Bombeiros e SAMU na Assis Chateaubriand","datePublished":"2023-12-04T22:54:56+00:00","dateModified":"2023-12-05T10:48:23+00:00","mainEntityOfPage":{"@id":"https:\/\/regiaonews.net.br\/2022\/2023\/12\/04\/acidente-mobiliza-corpo-de-bombeiros-e-samu-na-assis-chateaubriand\/"},"wordCount":363,"commentCount":0,"publisher":{"@id":"https:\/\/regiaonews.net.br\/2022\/#organization"},"image":{"@id":"https:\/\/regiaonews.net.br\/2022\/2023\/12\/04\/acidente-mobiliza-corpo-de-bombeiros-e-samu-na-assis-chateaubriand\/#primaryimage"},"thumbnailUrl":"https:\/\/regiaonews.net.br\/2022\/wp-content\/uploads\/2023\/12\/WhatsApp-Image-2023-12-04-at-17.59.14.jpeg","articleSection":["Barretos","Policia"],"inLanguage":"pt-BR","potentialAction":[{"@type":"CommentAction","name":"Comment","target":["https:\/\/regiaonews.net.br\/2022\/2023\/12\/04\/acidente-mobiliza-corpo-de-bombeiros-e-samu-na-assis-chateaubriand\/#respond"]}]},{"@type":"WebPage","@id":"https:\/\/regiaonews.net.br\/2022\/2023\/12\/04\/acidente-mobiliza-corpo-de-bombeiros-e-samu-na-assis-chateaubriand\/","url":"https:\/\/regiaonews.net.br\/2022\/2023\/12\/04\/acidente-mobiliza-corpo-de-bombeiros-e-samu-na-assis-chateaubriand\/","name":"Acidente mobiliza Corpo de Bombeiros e SAMU na Assi","isPartOf":{"@id":"https:\/\/regiaonews.net.br\/2022\/#website"},"primaryImageOfPage":{"@id":"https:\/\/regiaonews.net.br\/2022\/2023\/12\/04\/acidente-mobiliza-corpo-de-bombeiros-e-samu-na-assis-chateaubriand\/#primaryimage"},"image":{"@id":"https:\/\/regiaonews.net.br\/2022\/2023\/12\/04\/acidente-mobiliza-corpo-de-bombeiros-e-samu-na-assis-chateaubriand\/#primaryimage"},"thumbnailUrl":"https:\/\/regiaonews.net.br\/2022\/wp-content\/uploads\/2023\/12\/WhatsApp-Image-2023-12-04-at-17.59.14.jpeg","datePublished":"2023-12-04T22:54:56+00:00","dateModified":"2023-12-05T10:48:23+00:00","description":"Um\u00a0acidente envolvendo dois carros, mobilizou o Corpo de Bombeiros e o SAMU, no km 101 da rodovia Assis Chateaubriand em Barretos, por volta das 14 horas de segunda \u2013 feira (4).","breadcrumb":{"@id":"https:\/\/regiaonews.net.br\/2022\/2023\/12\/04\/acidente-mobiliza-corpo-de-bombeiros-e-samu-na-assis-chateaubriand\/#breadcrumb"},"inLanguage":"pt-BR","potentialAction":[{"@type":"ReadAction","target":["https:\/\/regiaonews.net.br\/2022\/2023\/12\/04\/acidente-mobiliza-corpo-de-bombeiros-e-samu-na-assis-chateaubriand\/"]}]},{"@type":"ImageObject","inLanguage":"pt-BR","@id":"https:\/\/regiaonews.net.br\/2022\/2023\/12\/04\/acidente-mobiliza-corpo-de-bombeiros-e-samu-na-assis-chateaubriand\/#primaryimage","url":"https:\/\/regiaonews.net.br\/2022\/wp-content\/uploads\/2023\/12\/WhatsApp-Image-2023-12-04-at-17.59.14.jpeg","contentUrl":"https:\/\/regiaonews.net.br\/2022\/wp-content\/uploads\/2023\/12\/WhatsApp-Image-2023-12-04-at-17.59.14.jpeg","width":1280,"height":960},{"@type":"BreadcrumbList","@id":"https:\/\/regiaonews.net.br\/2022\/2023\/12\/04\/acidente-mobiliza-corpo-de-bombeiros-e-samu-na-assis-chateaubriand\/#breadcrumb","itemListElement":[{"@type":"ListItem","position":1,"name":"In\u00edcio","item":"https:\/\/regiaonews.net.br\/2022\/"},{"@type":"ListItem","position":2,"name":"Acidente mobiliza Corpo de Bombeiros e SAMU na Assis Chateaubriand"}]},{"@type":"WebSite","@id":"https:\/\/regiaonews.net.br\/2022\/#website","url":"https:\/\/regiaonews.net.br\/2022\/","name":"Regi\u00e3o News","description":"Site de Not\u00edcias de Barretos e regi\u00e3o","publisher":{"@id":"https:\/\/regiaonews.net.br\/2022\/#organization"},"potentialAction":[{"@type":"SearchAction","target":{"@type":"EntryPoint","urlTemplate":"https:\/\/regiaonews.net.br\/2022\/?s={search_term_string}"},"query-input":{"@type":"PropertyValueSpecification","valueRequired":true,"valueName":"search_term_string"}}],"inLanguage":"pt-BR"},{"@type":"Organization","@id":"https:\/\/regiaonews.net.br\/2022\/#organization","name":"Regi\u00e3o News","url":"https:\/\/regiaonews.net.br\/2022\/","logo":{"@type":"ImageObject","inLanguage":"pt-BR","@id":"https:\/\/regiaonews.net.br\/2022\/#\/schema\/logo\/image\/","url":"https:\/\/regiaonews.net.br\/2022\/wp-content\/uploads\/2026\/03\/regiao-13-anos-scaled.jpg","contentUrl":"https:\/\/regiaonews.net.br\/2022\/wp-content\/uploads\/2026\/03\/regiao-13-anos-scaled.jpg","width":2560,"height":635,"caption":"Regi\u00e3o News"},"image":{"@id":"https:\/\/regiaonews.net.br\/2022\/#\/schema\/logo\/image\/"}},{"@type":"Person","@id":"https:\/\/regiaonews.net.br\/2022\/#\/schema\/person\/2d205a608a5aa97ac279d7a5e6d89ad8","name":"Roberto","image":{"@type":"ImageObject","inLanguage":"pt-BR","@id":"https:\/\/secure.gravatar.com\/avatar\/42749d8b712ff9d59ca93dc150494e5b55a44134482993f5baeb97e61b7ecc89?s=96&d=mm&r=g","url":"https:\/\/secure.gravatar.com\/avatar\/42749d8b712ff9d59ca93dc150494e5b55a44134482993f5baeb97e61b7ecc89?s=96&d=mm&r=g","contentUrl":"https:\/\/secure.gravatar.com\/avatar\/42749d8b712ff9d59ca93dc150494e5b55a44134482993f5baeb97e61b7ecc89?s=96&d=mm&r=g","caption":"Roberto"},"url":"https:\/\/regiaonews.net.br\/2022\/author\/roberto\/"}]}},"publishpress_future_action":{"enabled":false,"date":"2026-05-04 05:51:10","action":"change-status","newStatus":"draft","terms":[],"taxonomy":"category","extraData":[]},"publishpress_future_workflow_manual_trigger":{"enabledWorkflows":[]},"_links":{"self":[{"href":"https:\/\/regiaonews.net.br\/2022\/wp-json\/wp\/v2\/posts\/98575","targetHints":{"allow":["GET"]}}],"collection":[{"href":"https:\/\/regiaonews.net.br\/2022\/wp-json\/wp\/v2\/posts"}],"about":[{"href":"https:\/\/regiaonews.net.br\/2022\/wp-json\/wp\/v2\/types\/post"}],"author":[{"embeddable":true,"href":"https:\/\/regiaonews.net.br\/2022\/wp-json\/wp\/v2\/users\/2"}],"replies":[{"embeddable":true,"href":"https:\/\/regiaonews.net.br\/2022\/wp-json\/wp\/v2\/comments?post=98575"}],"version-history":[{"count":3,"href":"https:\/\/regiaonews.net.br\/2022\/wp-json\/wp\/v2\/posts\/98575\/revisions"}],"predecessor-version":[{"id":98579,"href":"https:\/\/regiaonews.net.br\/2022\/wp-json\/wp\/v2\/posts\/98575\/revisions\/98579"}],"wp:featuredmedia":[{"embeddable":true,"href":"https:\/\/regiaonews.net.br\/2022\/wp-json\/wp\/v2\/media\/98577"}],"wp:attachment":[{"href":"https:\/\/regiaonews.net.br\/2022\/wp-json\/wp\/v2\/media?parent=98575"}],"wp:term":[{"taxonomy":"category","embeddable":true,"href":"https:\/\/regiaonews.net.br\/2022\/wp-json\/wp\/v2\/categories?post=98575"},{"taxonomy":"post_tag","embeddable":true,"href":"https:\/\/regiaonews.net.br\/2022\/wp-json\/wp\/v2\/tags?post=98575"}],"curies":[{"name":"wp","href":"https:\/\/api.w.org\/{rel}","templated":true}]}}