{"id":98572,"date":"2023-12-04T19:50:22","date_gmt":"2023-12-04T22:50:22","guid":{"rendered":"https:\/\/regiaonews.net.br\/2022\/?p=98572"},"modified":"2023-12-04T19:50:22","modified_gmt":"2023-12-04T22:50:22","slug":"nova-etapa-do-programa-viver-melhor-contemplara-a-reforma-de-mais-250-residencias-no-bairro-pimenta","status":"publish","type":"post","link":"https:\/\/regiaonews.net.br\/2022\/2023\/12\/04\/nova-etapa-do-programa-viver-melhor-contemplara-a-reforma-de-mais-250-residencias-no-bairro-pimenta\/","title":{"rendered":"Nova etapa do Programa Viver Melhor contemplar\u00e1 a reforma de mais 250 resid\u00eancias no bairro Pimenta"},"content":{"rendered":"<p>Projeto da Companhia de Desenvolvimento Habitacional e Urbano (CDHU) j\u00e1 beneficiou 50 fam\u00edlias no Santana<\/p>\n<p>A Prefeitura da Est\u00e2ncia Tur\u00edstica de Barretos, por meio do Fundo Social de Solidariedade, informou nesta segunda-feira, 4 de dezembro, que as 250 unidades residenciais que receber\u00e3o melhorias por meio do Programa Viver Melhor est\u00e3o localizadas no bairro Pimenta. A iniciativa da Companhia de Desenvolvimento Habitacional e Urbano (CDHU), em parceria com o munic\u00edpio, j\u00e1 beneficiou 50 fam\u00edlias do bairro Santana e teve sua amplia\u00e7\u00e3o anunciada na \u00faltima sexta-feira, pelo Secret\u00e1rio Estadual de Desenvolvimento Urbano e Habita\u00e7\u00e3o, Marcelo Branco, e pela Prefeita Paula Lemos.<br \/>\nLet\u00edcia Lemos, presidente do FSS e respons\u00e1vel pelo projeto na cidade, explicou que a escolha do per\u00edmetro onde ser\u00e3o realizadas as melhorias foi da CDHU e levou em considera\u00e7\u00e3o os indicadores sociais do bairro. \u201cEstamos muito felizes com mais esta conquista da Prefeita Paula Lemos, pois trabalhamos incansavelmente para conseguir que o programa pudesse contemplar a reforma de mais casas. Assim como o Santana, que teve 50 casas reformadas, o bairro Pimenta tamb\u00e9m tem muitas resid\u00eancias que precisam dessas melhorias. Viver em um ambiente saud\u00e1vel e com dignidade transforma vidas\u201d, enfatizou.<br \/>\nCom recursos da ag\u00eancia de fomento Casa Paulista e execu\u00e7\u00e3o da CDHU, o Viver Melhor tem por objetivo aprimorar as condi\u00e7\u00f5es de habitabilidade, salubridade, acessibilidade para fam\u00edlias com renda de at\u00e9 cinco sal\u00e1rios m\u00ednimos que residam em domic\u00edlios pr\u00f3prios considerados inadequados. Entre as benfeitorias est\u00e3o a coloca\u00e7\u00e3o de piso, revestimento, instala\u00e7\u00e3o de esquadrias, impermeabiliza\u00e7\u00e3o, restaura\u00e7\u00e3o de telhados, reparos de drenagem, instala\u00e7\u00f5es el\u00e9tricas e hidr\u00e1ulicas, conex\u00e3o com rede de \u00e1gua e esgoto, melhorias em acessos, entre outros. As fachadas das casas tamb\u00e9m s\u00e3o recuperadas e ganham pintura colorida projetada para revitalizar a paisagem local.<br \/>\nO trabalho desenvolvido pela CDHU consiste em tr\u00eas etapas: vistoria no local para avaliar a moradia e suas necessidades, coleta da assinatura do morador no termo de ades\u00e3o e execu\u00e7\u00e3o das obras de melhoria.<br \/>\nA presidente do FSS explicou que n\u00e3o \u00e9 necess\u00e1rio se inscrever no programa, pois a pr\u00f3pria CDHU, que definiu o territ\u00f3rio de atua\u00e7\u00e3o, ir\u00e1 avaliar tecnicamente todos os im\u00f3veis que est\u00e3o dentro do per\u00edmetro que \u00e9 de 14 quarteir\u00f5es, no bairro Pimenta. \u201cTodas as resid\u00eancias que est\u00e3o dentro dessa \u00e1rea ser\u00e3o visitadas por assistentes sociais e t\u00e9cnicos para verifica\u00e7\u00e3o dos im\u00f3veis. Existem dois crit\u00e9rios fundamentais para habilitar o domic\u00edlio a receber as benfeitorias: ser im\u00f3vel pr\u00f3prio (n\u00e3o pode ser alugado) e estar com a documenta\u00e7\u00e3o regularizada. Ap\u00f3s a etapa de mapeamento, as casas selecionadas ser\u00e3o identificadas com uma placa para que em seguida se iniciem as reformas\u201d, explicou.<br \/>\nPara a Prefeita Paula Lemos, o Viver Melhor \u00e9 uma iniciativa que transforma vidas. \u201cCom mais essa etapa, ser\u00e3o 300 domic\u00edlios reformados. Ser\u00e3o 300 fam\u00edlias beneficiadas por um projeto transformador. A dignidade come\u00e7a dentro de casa, em um ambiente que promova bem-estar para a fam\u00edlia. Come\u00e7amos com 50 casas, conquistamos mais 250 e n\u00e3o vamos parar a\u00ed. Temos o Governo do Estado como um grande parceiro e vamos seguir batalhando para que outras casas possam ser contempladas por essa que \u00e9 uma das a\u00e7\u00f5es mais humanizadas de pol\u00edtica p\u00fablica\u201d, afirmou.<br \/>\nOs prazos para as pr\u00f3ximas etapas do programa est\u00e3o sendo programados pela CDHU e todo o trabalho tem o apoio e monitoramento do FSS.<\/p>\n","protected":false},"excerpt":{"rendered":"<p>Projeto da Companhia de Desenvolvimento Habitacional e Urbano (CDHU) j\u00e1<\/p>\n","protected":false},"author":2,"featured_media":98573,"comment_status":"open","ping_status":"open","sticky":false,"template":"","format":"standard","meta":{"footnotes":""},"categories":[14,25],"tags":[],"class_list":["post-98572","post","type-post","status-publish","format-standard","has-post-thumbnail","hentry","category-barretos","category-cidades"],"yoast_head":"<!-- This site is optimized with the Yoast SEO plugin v27.4 - https:\/\/yoast.com\/product\/yoast-seo-wordpress\/ -->\n<title>Nova etapa do Programa Viver Melhor contemplar\u00e1 a reforma de mais 250 resid\u00eancias no bairro Pimenta - Regi\u00e3o News<\/title>\n<meta name=\"robots\" content=\"index, follow, max-snippet:-1, max-image-preview:large, max-video-preview:-1\" \/>\n<link rel=\"canonical\" href=\"https:\/\/regiaonews.net.br\/2022\/2023\/12\/04\/nova-etapa-do-programa-viver-melhor-contemplara-a-reforma-de-mais-250-residencias-no-bairro-pimenta\/\" \/>\n<meta property=\"og:locale\" content=\"pt_BR\" \/>\n<meta property=\"og:type\" content=\"article\" \/>\n<meta property=\"og:title\" content=\"Nova etapa do Programa Viver Melhor contemplar\u00e1 a reforma de mais 250 resid\u00eancias no bairro Pimenta - Regi\u00e3o News\" \/>\n<meta property=\"og:description\" content=\"Projeto da Companhia de Desenvolvimento Habitacional e Urbano (CDHU) j\u00e1\" \/>\n<meta property=\"og:url\" content=\"https:\/\/regiaonews.net.br\/2022\/2023\/12\/04\/nova-etapa-do-programa-viver-melhor-contemplara-a-reforma-de-mais-250-residencias-no-bairro-pimenta\/\" \/>\n<meta property=\"og:site_name\" content=\"Regi\u00e3o News\" \/>\n<meta property=\"article:published_time\" content=\"2023-12-04T22:50:22+00:00\" \/>\n<meta property=\"og:image\" content=\"https:\/\/regiaonews.net.br\/2022\/wp-content\/uploads\/2023\/12\/WhatsApp-Image-2023-12-04-at-17.55.20.jpeg\" \/>\n\t<meta property=\"og:image:width\" content=\"1600\" \/>\n\t<meta property=\"og:image:height\" content=\"1069\" \/>\n\t<meta property=\"og:image:type\" content=\"image\/jpeg\" \/>\n<meta name=\"author\" content=\"Roberto\" \/>\n<meta name=\"twitter:card\" content=\"summary_large_image\" \/>\n<meta name=\"twitter:label1\" content=\"Escrito por\" \/>\n\t<meta name=\"twitter:data1\" content=\"Roberto\" \/>\n\t<meta name=\"twitter:label2\" content=\"Est. tempo de leitura\" \/>\n\t<meta name=\"twitter:data2\" content=\"3 minutos\" \/>\n<script type=\"application\/ld+json\" class=\"yoast-schema-graph\">{\"@context\":\"https:\\\/\\\/schema.org\",\"@graph\":[{\"@type\":\"Article\",\"@id\":\"https:\\\/\\\/regiaonews.net.br\\\/2022\\\/2023\\\/12\\\/04\\\/nova-etapa-do-programa-viver-melhor-contemplara-a-reforma-de-mais-250-residencias-no-bairro-pimenta\\\/#article\",\"isPartOf\":{\"@id\":\"https:\\\/\\\/regiaonews.net.br\\\/2022\\\/2023\\\/12\\\/04\\\/nova-etapa-do-programa-viver-melhor-contemplara-a-reforma-de-mais-250-residencias-no-bairro-pimenta\\\/\"},\"author\":{\"name\":\"Roberto\",\"@id\":\"https:\\\/\\\/regiaonews.net.br\\\/2022\\\/#\\\/schema\\\/person\\\/2d205a608a5aa97ac279d7a5e6d89ad8\"},\"headline\":\"Nova etapa do Programa Viver Melhor contemplar\u00e1 a reforma de mais 250 resid\u00eancias no bairro Pimenta\",\"datePublished\":\"2023-12-04T22:50:22+00:00\",\"mainEntityOfPage\":{\"@id\":\"https:\\\/\\\/regiaonews.net.br\\\/2022\\\/2023\\\/12\\\/04\\\/nova-etapa-do-programa-viver-melhor-contemplara-a-reforma-de-mais-250-residencias-no-bairro-pimenta\\\/\"},\"wordCount\":617,\"commentCount\":0,\"publisher\":{\"@id\":\"https:\\\/\\\/regiaonews.net.br\\\/2022\\\/#organization\"},\"image\":{\"@id\":\"https:\\\/\\\/regiaonews.net.br\\\/2022\\\/2023\\\/12\\\/04\\\/nova-etapa-do-programa-viver-melhor-contemplara-a-reforma-de-mais-250-residencias-no-bairro-pimenta\\\/#primaryimage\"},\"thumbnailUrl\":\"https:\\\/\\\/regiaonews.net.br\\\/2022\\\/wp-content\\\/uploads\\\/2023\\\/12\\\/WhatsApp-Image-2023-12-04-at-17.55.20.jpeg\",\"articleSection\":[\"Barretos\",\"Cidades\"],\"inLanguage\":\"pt-BR\",\"potentialAction\":[{\"@type\":\"CommentAction\",\"name\":\"Comment\",\"target\":[\"https:\\\/\\\/regiaonews.net.br\\\/2022\\\/2023\\\/12\\\/04\\\/nova-etapa-do-programa-viver-melhor-contemplara-a-reforma-de-mais-250-residencias-no-bairro-pimenta\\\/#respond\"]}]},{\"@type\":\"WebPage\",\"@id\":\"https:\\\/\\\/regiaonews.net.br\\\/2022\\\/2023\\\/12\\\/04\\\/nova-etapa-do-programa-viver-melhor-contemplara-a-reforma-de-mais-250-residencias-no-bairro-pimenta\\\/\",\"url\":\"https:\\\/\\\/regiaonews.net.br\\\/2022\\\/2023\\\/12\\\/04\\\/nova-etapa-do-programa-viver-melhor-contemplara-a-reforma-de-mais-250-residencias-no-bairro-pimenta\\\/\",\"name\":\"Nova etapa do Programa Viver Melhor contemplar\u00e1 a reforma de mais 250 resid\u00eancias no bairro Pimenta - Regi\u00e3o News\",\"isPartOf\":{\"@id\":\"https:\\\/\\\/regiaonews.net.br\\\/2022\\\/#website\"},\"primaryImageOfPage\":{\"@id\":\"https:\\\/\\\/regiaonews.net.br\\\/2022\\\/2023\\\/12\\\/04\\\/nova-etapa-do-programa-viver-melhor-contemplara-a-reforma-de-mais-250-residencias-no-bairro-pimenta\\\/#primaryimage\"},\"image\":{\"@id\":\"https:\\\/\\\/regiaonews.net.br\\\/2022\\\/2023\\\/12\\\/04\\\/nova-etapa-do-programa-viver-melhor-contemplara-a-reforma-de-mais-250-residencias-no-bairro-pimenta\\\/#primaryimage\"},\"thumbnailUrl\":\"https:\\\/\\\/regiaonews.net.br\\\/2022\\\/wp-content\\\/uploads\\\/2023\\\/12\\\/WhatsApp-Image-2023-12-04-at-17.55.20.jpeg\",\"datePublished\":\"2023-12-04T22:50:22+00:00\",\"breadcrumb\":{\"@id\":\"https:\\\/\\\/regiaonews.net.br\\\/2022\\\/2023\\\/12\\\/04\\\/nova-etapa-do-programa-viver-melhor-contemplara-a-reforma-de-mais-250-residencias-no-bairro-pimenta\\\/#breadcrumb\"},\"inLanguage\":\"pt-BR\",\"potentialAction\":[{\"@type\":\"ReadAction\",\"target\":[\"https:\\\/\\\/regiaonews.net.br\\\/2022\\\/2023\\\/12\\\/04\\\/nova-etapa-do-programa-viver-melhor-contemplara-a-reforma-de-mais-250-residencias-no-bairro-pimenta\\\/\"]}]},{\"@type\":\"ImageObject\",\"inLanguage\":\"pt-BR\",\"@id\":\"https:\\\/\\\/regiaonews.net.br\\\/2022\\\/2023\\\/12\\\/04\\\/nova-etapa-do-programa-viver-melhor-contemplara-a-reforma-de-mais-250-residencias-no-bairro-pimenta\\\/#primaryimage\",\"url\":\"https:\\\/\\\/regiaonews.net.br\\\/2022\\\/wp-content\\\/uploads\\\/2023\\\/12\\\/WhatsApp-Image-2023-12-04-at-17.55.20.jpeg\",\"contentUrl\":\"https:\\\/\\\/regiaonews.net.br\\\/2022\\\/wp-content\\\/uploads\\\/2023\\\/12\\\/WhatsApp-Image-2023-12-04-at-17.55.20.jpeg\",\"width\":1600,\"height\":1069},{\"@type\":\"BreadcrumbList\",\"@id\":\"https:\\\/\\\/regiaonews.net.br\\\/2022\\\/2023\\\/12\\\/04\\\/nova-etapa-do-programa-viver-melhor-contemplara-a-reforma-de-mais-250-residencias-no-bairro-pimenta\\\/#breadcrumb\",\"itemListElement\":[{\"@type\":\"ListItem\",\"position\":1,\"name\":\"In\u00edcio\",\"item\":\"https:\\\/\\\/regiaonews.net.br\\\/2022\\\/\"},{\"@type\":\"ListItem\",\"position\":2,\"name\":\"Nova etapa do Programa Viver Melhor contemplar\u00e1 a reforma de mais 250 resid\u00eancias no bairro Pimenta\"}]},{\"@type\":\"WebSite\",\"@id\":\"https:\\\/\\\/regiaonews.net.br\\\/2022\\\/#website\",\"url\":\"https:\\\/\\\/regiaonews.net.br\\\/2022\\\/\",\"name\":\"Regi\u00e3o News\",\"description\":\"Site de Not\u00edcias de Barretos e regi\u00e3o\",\"publisher\":{\"@id\":\"https:\\\/\\\/regiaonews.net.br\\\/2022\\\/#organization\"},\"potentialAction\":[{\"@type\":\"SearchAction\",\"target\":{\"@type\":\"EntryPoint\",\"urlTemplate\":\"https:\\\/\\\/regiaonews.net.br\\\/2022\\\/?s={search_term_string}\"},\"query-input\":{\"@type\":\"PropertyValueSpecification\",\"valueRequired\":true,\"valueName\":\"search_term_string\"}}],\"inLanguage\":\"pt-BR\"},{\"@type\":\"Organization\",\"@id\":\"https:\\\/\\\/regiaonews.net.br\\\/2022\\\/#organization\",\"name\":\"Regi\u00e3o News\",\"url\":\"https:\\\/\\\/regiaonews.net.br\\\/2022\\\/\",\"logo\":{\"@type\":\"ImageObject\",\"inLanguage\":\"pt-BR\",\"@id\":\"https:\\\/\\\/regiaonews.net.br\\\/2022\\\/#\\\/schema\\\/logo\\\/image\\\/\",\"url\":\"https:\\\/\\\/regiaonews.net.br\\\/2022\\\/wp-content\\\/uploads\\\/2026\\\/03\\\/regiao-13-anos-scaled.jpg\",\"contentUrl\":\"https:\\\/\\\/regiaonews.net.br\\\/2022\\\/wp-content\\\/uploads\\\/2026\\\/03\\\/regiao-13-anos-scaled.jpg\",\"width\":2560,\"height\":635,\"caption\":\"Regi\u00e3o News\"},\"image\":{\"@id\":\"https:\\\/\\\/regiaonews.net.br\\\/2022\\\/#\\\/schema\\\/logo\\\/image\\\/\"}},{\"@type\":\"Person\",\"@id\":\"https:\\\/\\\/regiaonews.net.br\\\/2022\\\/#\\\/schema\\\/person\\\/2d205a608a5aa97ac279d7a5e6d89ad8\",\"name\":\"Roberto\",\"image\":{\"@type\":\"ImageObject\",\"inLanguage\":\"pt-BR\",\"@id\":\"https:\\\/\\\/secure.gravatar.com\\\/avatar\\\/42749d8b712ff9d59ca93dc150494e5b55a44134482993f5baeb97e61b7ecc89?s=96&d=mm&r=g\",\"url\":\"https:\\\/\\\/secure.gravatar.com\\\/avatar\\\/42749d8b712ff9d59ca93dc150494e5b55a44134482993f5baeb97e61b7ecc89?s=96&d=mm&r=g\",\"contentUrl\":\"https:\\\/\\\/secure.gravatar.com\\\/avatar\\\/42749d8b712ff9d59ca93dc150494e5b55a44134482993f5baeb97e61b7ecc89?s=96&d=mm&r=g\",\"caption\":\"Roberto\"},\"url\":\"https:\\\/\\\/regiaonews.net.br\\\/2022\\\/author\\\/roberto\\\/\"}]}<\/script>\n<!-- \/ Yoast SEO plugin. -->","yoast_head_json":{"title":"Nova etapa do Programa Viver Melhor contemplar\u00e1 a reforma de mais 250 resid\u00eancias no bairro Pimenta - Regi\u00e3o News","robots":{"index":"index","follow":"follow","max-snippet":"max-snippet:-1","max-image-preview":"max-image-preview:large","max-video-preview":"max-video-preview:-1"},"canonical":"https:\/\/regiaonews.net.br\/2022\/2023\/12\/04\/nova-etapa-do-programa-viver-melhor-contemplara-a-reforma-de-mais-250-residencias-no-bairro-pimenta\/","og_locale":"pt_BR","og_type":"article","og_title":"Nova etapa do Programa Viver Melhor contemplar\u00e1 a reforma de mais 250 resid\u00eancias no bairro Pimenta - Regi\u00e3o News","og_description":"Projeto da Companhia de Desenvolvimento Habitacional e Urbano (CDHU) j\u00e1","og_url":"https:\/\/regiaonews.net.br\/2022\/2023\/12\/04\/nova-etapa-do-programa-viver-melhor-contemplara-a-reforma-de-mais-250-residencias-no-bairro-pimenta\/","og_site_name":"Regi\u00e3o News","article_published_time":"2023-12-04T22:50:22+00:00","og_image":[{"width":1600,"height":1069,"url":"https:\/\/regiaonews.net.br\/2022\/wp-content\/uploads\/2023\/12\/WhatsApp-Image-2023-12-04-at-17.55.20.jpeg","type":"image\/jpeg"}],"author":"Roberto","twitter_card":"summary_large_image","twitter_misc":{"Escrito por":"Roberto","Est. tempo de leitura":"3 minutos"},"schema":{"@context":"https:\/\/schema.org","@graph":[{"@type":"Article","@id":"https:\/\/regiaonews.net.br\/2022\/2023\/12\/04\/nova-etapa-do-programa-viver-melhor-contemplara-a-reforma-de-mais-250-residencias-no-bairro-pimenta\/#article","isPartOf":{"@id":"https:\/\/regiaonews.net.br\/2022\/2023\/12\/04\/nova-etapa-do-programa-viver-melhor-contemplara-a-reforma-de-mais-250-residencias-no-bairro-pimenta\/"},"author":{"name":"Roberto","@id":"https:\/\/regiaonews.net.br\/2022\/#\/schema\/person\/2d205a608a5aa97ac279d7a5e6d89ad8"},"headline":"Nova etapa do Programa Viver Melhor contemplar\u00e1 a reforma de mais 250 resid\u00eancias no bairro Pimenta","datePublished":"2023-12-04T22:50:22+00:00","mainEntityOfPage":{"@id":"https:\/\/regiaonews.net.br\/2022\/2023\/12\/04\/nova-etapa-do-programa-viver-melhor-contemplara-a-reforma-de-mais-250-residencias-no-bairro-pimenta\/"},"wordCount":617,"commentCount":0,"publisher":{"@id":"https:\/\/regiaonews.net.br\/2022\/#organization"},"image":{"@id":"https:\/\/regiaonews.net.br\/2022\/2023\/12\/04\/nova-etapa-do-programa-viver-melhor-contemplara-a-reforma-de-mais-250-residencias-no-bairro-pimenta\/#primaryimage"},"thumbnailUrl":"https:\/\/regiaonews.net.br\/2022\/wp-content\/uploads\/2023\/12\/WhatsApp-Image-2023-12-04-at-17.55.20.jpeg","articleSection":["Barretos","Cidades"],"inLanguage":"pt-BR","potentialAction":[{"@type":"CommentAction","name":"Comment","target":["https:\/\/regiaonews.net.br\/2022\/2023\/12\/04\/nova-etapa-do-programa-viver-melhor-contemplara-a-reforma-de-mais-250-residencias-no-bairro-pimenta\/#respond"]}]},{"@type":"WebPage","@id":"https:\/\/regiaonews.net.br\/2022\/2023\/12\/04\/nova-etapa-do-programa-viver-melhor-contemplara-a-reforma-de-mais-250-residencias-no-bairro-pimenta\/","url":"https:\/\/regiaonews.net.br\/2022\/2023\/12\/04\/nova-etapa-do-programa-viver-melhor-contemplara-a-reforma-de-mais-250-residencias-no-bairro-pimenta\/","name":"Nova etapa do Programa Viver Melhor contemplar\u00e1 a reforma de mais 250 resid\u00eancias no bairro Pimenta - Regi\u00e3o News","isPartOf":{"@id":"https:\/\/regiaonews.net.br\/2022\/#website"},"primaryImageOfPage":{"@id":"https:\/\/regiaonews.net.br\/2022\/2023\/12\/04\/nova-etapa-do-programa-viver-melhor-contemplara-a-reforma-de-mais-250-residencias-no-bairro-pimenta\/#primaryimage"},"image":{"@id":"https:\/\/regiaonews.net.br\/2022\/2023\/12\/04\/nova-etapa-do-programa-viver-melhor-contemplara-a-reforma-de-mais-250-residencias-no-bairro-pimenta\/#primaryimage"},"thumbnailUrl":"https:\/\/regiaonews.net.br\/2022\/wp-content\/uploads\/2023\/12\/WhatsApp-Image-2023-12-04-at-17.55.20.jpeg","datePublished":"2023-12-04T22:50:22+00:00","breadcrumb":{"@id":"https:\/\/regiaonews.net.br\/2022\/2023\/12\/04\/nova-etapa-do-programa-viver-melhor-contemplara-a-reforma-de-mais-250-residencias-no-bairro-pimenta\/#breadcrumb"},"inLanguage":"pt-BR","potentialAction":[{"@type":"ReadAction","target":["https:\/\/regiaonews.net.br\/2022\/2023\/12\/04\/nova-etapa-do-programa-viver-melhor-contemplara-a-reforma-de-mais-250-residencias-no-bairro-pimenta\/"]}]},{"@type":"ImageObject","inLanguage":"pt-BR","@id":"https:\/\/regiaonews.net.br\/2022\/2023\/12\/04\/nova-etapa-do-programa-viver-melhor-contemplara-a-reforma-de-mais-250-residencias-no-bairro-pimenta\/#primaryimage","url":"https:\/\/regiaonews.net.br\/2022\/wp-content\/uploads\/2023\/12\/WhatsApp-Image-2023-12-04-at-17.55.20.jpeg","contentUrl":"https:\/\/regiaonews.net.br\/2022\/wp-content\/uploads\/2023\/12\/WhatsApp-Image-2023-12-04-at-17.55.20.jpeg","width":1600,"height":1069},{"@type":"BreadcrumbList","@id":"https:\/\/regiaonews.net.br\/2022\/2023\/12\/04\/nova-etapa-do-programa-viver-melhor-contemplara-a-reforma-de-mais-250-residencias-no-bairro-pimenta\/#breadcrumb","itemListElement":[{"@type":"ListItem","position":1,"name":"In\u00edcio","item":"https:\/\/regiaonews.net.br\/2022\/"},{"@type":"ListItem","position":2,"name":"Nova etapa do Programa Viver Melhor contemplar\u00e1 a reforma de mais 250 resid\u00eancias no bairro Pimenta"}]},{"@type":"WebSite","@id":"https:\/\/regiaonews.net.br\/2022\/#website","url":"https:\/\/regiaonews.net.br\/2022\/","name":"Regi\u00e3o News","description":"Site de Not\u00edcias de Barretos e regi\u00e3o","publisher":{"@id":"https:\/\/regiaonews.net.br\/2022\/#organization"},"potentialAction":[{"@type":"SearchAction","target":{"@type":"EntryPoint","urlTemplate":"https:\/\/regiaonews.net.br\/2022\/?s={search_term_string}"},"query-input":{"@type":"PropertyValueSpecification","valueRequired":true,"valueName":"search_term_string"}}],"inLanguage":"pt-BR"},{"@type":"Organization","@id":"https:\/\/regiaonews.net.br\/2022\/#organization","name":"Regi\u00e3o News","url":"https:\/\/regiaonews.net.br\/2022\/","logo":{"@type":"ImageObject","inLanguage":"pt-BR","@id":"https:\/\/regiaonews.net.br\/2022\/#\/schema\/logo\/image\/","url":"https:\/\/regiaonews.net.br\/2022\/wp-content\/uploads\/2026\/03\/regiao-13-anos-scaled.jpg","contentUrl":"https:\/\/regiaonews.net.br\/2022\/wp-content\/uploads\/2026\/03\/regiao-13-anos-scaled.jpg","width":2560,"height":635,"caption":"Regi\u00e3o News"},"image":{"@id":"https:\/\/regiaonews.net.br\/2022\/#\/schema\/logo\/image\/"}},{"@type":"Person","@id":"https:\/\/regiaonews.net.br\/2022\/#\/schema\/person\/2d205a608a5aa97ac279d7a5e6d89ad8","name":"Roberto","image":{"@type":"ImageObject","inLanguage":"pt-BR","@id":"https:\/\/secure.gravatar.com\/avatar\/42749d8b712ff9d59ca93dc150494e5b55a44134482993f5baeb97e61b7ecc89?s=96&d=mm&r=g","url":"https:\/\/secure.gravatar.com\/avatar\/42749d8b712ff9d59ca93dc150494e5b55a44134482993f5baeb97e61b7ecc89?s=96&d=mm&r=g","contentUrl":"https:\/\/secure.gravatar.com\/avatar\/42749d8b712ff9d59ca93dc150494e5b55a44134482993f5baeb97e61b7ecc89?s=96&d=mm&r=g","caption":"Roberto"},"url":"https:\/\/regiaonews.net.br\/2022\/author\/roberto\/"}]}},"publishpress_future_action":{"enabled":false,"date":"2026-05-04 07:26:25","action":"change-status","newStatus":"draft","terms":[],"taxonomy":"category","extraData":[]},"publishpress_future_workflow_manual_trigger":{"enabledWorkflows":[]},"_links":{"self":[{"href":"https:\/\/regiaonews.net.br\/2022\/wp-json\/wp\/v2\/posts\/98572","targetHints":{"allow":["GET"]}}],"collection":[{"href":"https:\/\/regiaonews.net.br\/2022\/wp-json\/wp\/v2\/posts"}],"about":[{"href":"https:\/\/regiaonews.net.br\/2022\/wp-json\/wp\/v2\/types\/post"}],"author":[{"embeddable":true,"href":"https:\/\/regiaonews.net.br\/2022\/wp-json\/wp\/v2\/users\/2"}],"replies":[{"embeddable":true,"href":"https:\/\/regiaonews.net.br\/2022\/wp-json\/wp\/v2\/comments?post=98572"}],"version-history":[{"count":1,"href":"https:\/\/regiaonews.net.br\/2022\/wp-json\/wp\/v2\/posts\/98572\/revisions"}],"predecessor-version":[{"id":98574,"href":"https:\/\/regiaonews.net.br\/2022\/wp-json\/wp\/v2\/posts\/98572\/revisions\/98574"}],"wp:featuredmedia":[{"embeddable":true,"href":"https:\/\/regiaonews.net.br\/2022\/wp-json\/wp\/v2\/media\/98573"}],"wp:attachment":[{"href":"https:\/\/regiaonews.net.br\/2022\/wp-json\/wp\/v2\/media?parent=98572"}],"wp:term":[{"taxonomy":"category","embeddable":true,"href":"https:\/\/regiaonews.net.br\/2022\/wp-json\/wp\/v2\/categories?post=98572"},{"taxonomy":"post_tag","embeddable":true,"href":"https:\/\/regiaonews.net.br\/2022\/wp-json\/wp\/v2\/tags?post=98572"}],"curies":[{"name":"wp","href":"https:\/\/api.w.org\/{rel}","templated":true}]}}