{"id":98565,"date":"2023-12-04T15:56:02","date_gmt":"2023-12-04T18:56:02","guid":{"rendered":"https:\/\/regiaonews.net.br\/2022\/?p=98565"},"modified":"2023-12-04T15:56:02","modified_gmt":"2023-12-04T18:56:02","slug":"inscricoes-para-o-concurso-a-mais-bela-voz-kids-estao-abertas","status":"publish","type":"post","link":"https:\/\/regiaonews.net.br\/2022\/2023\/12\/04\/inscricoes-para-o-concurso-a-mais-bela-voz-kids-estao-abertas\/","title":{"rendered":"Inscri\u00e7\u00f5es para o concurso \u201cA Mais Bela Voz Kids\u201d est\u00e3o abertas"},"content":{"rendered":"<h3 style=\"text-align: center;\">Interessados em participar devem se inscrever no Recinto Paulo de Lima Corr\u00eaa. As apresenta\u00e7\u00f5es ser\u00e3o realizadas no dia 19 de dezembro.<\/h3>\n<p>As inscri\u00e7\u00f5es para o Concurso \u201cA Mais Bela Voz Kids\u201d est\u00e3o abertas e podem ser realizadas de 1\u00b0 a 15 de dezembro. O evento \u00e9 promovido pela Prefeitura da Est\u00e2ncia Tur\u00edstica de Barretos, por meio da Secretaria Municipal de Cultura.<\/p>\n<p>As inscri\u00e7\u00f5es s\u00e3o gratuitas e devem ser feitas pessoalmente na secretaria do Centro Municipal de Artes \u201cBezerra de Menezes\u201d, localizada no Recinto Paulo de Lima Corr\u00eaa (Pra\u00e7a 9 de julho, n. 1500 \u2013 Centro), de segunda a sexta-feira, das 8h \u00e0s 16h. \u00c9 necess\u00e1rio apresentar os documentos pessoais da crian\u00e7a ou adolescente e do respons\u00e1vel.<\/p>\n<p>O concurso ser\u00e1 realizado no dia 19 de dezembro, ter\u00e7a-feira, a partir das 19h30, na Pra\u00e7a Francisco Barreto, na ocasi\u00e3o, ocorrer\u00e3o as fases classificat\u00f3ria e a Final. O concurso \u00e9 realizado em duas categorias: infantil, de 6 a 11 anos; e juvenil, de 12 a 17 anos. Cada candidato pode se inscrever em apenas uma categoria e haver\u00e1 premia\u00e7\u00e3o para os primeiros colocados.<br \/>\nConforme explica Rog\u00e9rio Teod\u00f3sio, secret\u00e1rio municipal de Cultura, o concurso \u201cA Mais Bela Voz-Kids\u201d j\u00e1 se consolida como importante instrumento de fomento e revela\u00e7\u00e3o de talentos. \u201cO Concurso j\u00e1 revelou o trabalho e o talento de diversas crian\u00e7as e adolescente, inclusive com o reconhecimento nacional de alguns participantes. A iniciativa n\u00e3o s\u00f3 revela como tamb\u00e9m incentiva a participa\u00e7\u00e3o e o desenvolvimento art\u00edstico de nossas crian\u00e7as e jovens\u201d, conclui.<\/p>\n<p>Assimp-990-2023<br \/>\nReda\u00e7\u00e3o: Ass. Imprensa \/ Sec.\u00a0Mun.\u00a0Cultura<\/p>\n","protected":false},"excerpt":{"rendered":"<p>Interessados em participar devem se inscrever no Recinto Paulo de<\/p>\n","protected":false},"author":2,"featured_media":98567,"comment_status":"open","ping_status":"open","sticky":false,"template":"","format":"standard","meta":{"footnotes":""},"categories":[14,3],"tags":[],"class_list":["post-98565","post","type-post","status-publish","format-standard","has-post-thumbnail","hentry","category-barretos","category-geral"],"yoast_head":"<!-- This site is optimized with the Yoast SEO plugin v27.4 - https:\/\/yoast.com\/product\/yoast-seo-wordpress\/ -->\n<title>Inscri\u00e7\u00f5es para o concurso \u201cA Mais Bela Voz Kids\u201d est\u00e3o abertas - Regi\u00e3o News<\/title>\n<meta name=\"robots\" content=\"index, follow, max-snippet:-1, max-image-preview:large, max-video-preview:-1\" \/>\n<link rel=\"canonical\" href=\"https:\/\/regiaonews.net.br\/2022\/2023\/12\/04\/inscricoes-para-o-concurso-a-mais-bela-voz-kids-estao-abertas\/\" \/>\n<meta property=\"og:locale\" content=\"pt_BR\" \/>\n<meta property=\"og:type\" content=\"article\" \/>\n<meta property=\"og:title\" content=\"Inscri\u00e7\u00f5es para o concurso \u201cA Mais Bela Voz Kids\u201d est\u00e3o abertas - Regi\u00e3o News\" \/>\n<meta property=\"og:description\" content=\"Interessados em participar devem se inscrever no Recinto Paulo de\" \/>\n<meta property=\"og:url\" content=\"https:\/\/regiaonews.net.br\/2022\/2023\/12\/04\/inscricoes-para-o-concurso-a-mais-bela-voz-kids-estao-abertas\/\" \/>\n<meta property=\"og:site_name\" content=\"Regi\u00e3o News\" \/>\n<meta property=\"article:published_time\" content=\"2023-12-04T18:56:02+00:00\" \/>\n<meta property=\"og:image\" content=\"https:\/\/regiaonews.net.br\/2022\/wp-content\/uploads\/2023\/12\/Imagem-do-WhatsApp-de-2023-12-04-as-14.59.44_f721ad23.jpg\" \/>\n\t<meta property=\"og:image:width\" content=\"1600\" \/>\n\t<meta property=\"og:image:height\" content=\"1065\" \/>\n\t<meta property=\"og:image:type\" content=\"image\/jpeg\" \/>\n<meta name=\"author\" content=\"Roberto\" \/>\n<meta name=\"twitter:card\" content=\"summary_large_image\" \/>\n<meta name=\"twitter:label1\" content=\"Escrito por\" \/>\n\t<meta name=\"twitter:data1\" content=\"Roberto\" \/>\n\t<meta name=\"twitter:label2\" content=\"Est. tempo de leitura\" \/>\n\t<meta name=\"twitter:data2\" content=\"2 minutos\" \/>\n<script type=\"application\/ld+json\" class=\"yoast-schema-graph\">{\"@context\":\"https:\\\/\\\/schema.org\",\"@graph\":[{\"@type\":\"Article\",\"@id\":\"https:\\\/\\\/regiaonews.net.br\\\/2022\\\/2023\\\/12\\\/04\\\/inscricoes-para-o-concurso-a-mais-bela-voz-kids-estao-abertas\\\/#article\",\"isPartOf\":{\"@id\":\"https:\\\/\\\/regiaonews.net.br\\\/2022\\\/2023\\\/12\\\/04\\\/inscricoes-para-o-concurso-a-mais-bela-voz-kids-estao-abertas\\\/\"},\"author\":{\"name\":\"Roberto\",\"@id\":\"https:\\\/\\\/regiaonews.net.br\\\/2022\\\/#\\\/schema\\\/person\\\/2d205a608a5aa97ac279d7a5e6d89ad8\"},\"headline\":\"Inscri\u00e7\u00f5es para o concurso \u201cA Mais Bela Voz Kids\u201d est\u00e3o abertas\",\"datePublished\":\"2023-12-04T18:56:02+00:00\",\"mainEntityOfPage\":{\"@id\":\"https:\\\/\\\/regiaonews.net.br\\\/2022\\\/2023\\\/12\\\/04\\\/inscricoes-para-o-concurso-a-mais-bela-voz-kids-estao-abertas\\\/\"},\"wordCount\":285,\"commentCount\":0,\"publisher\":{\"@id\":\"https:\\\/\\\/regiaonews.net.br\\\/2022\\\/#organization\"},\"image\":{\"@id\":\"https:\\\/\\\/regiaonews.net.br\\\/2022\\\/2023\\\/12\\\/04\\\/inscricoes-para-o-concurso-a-mais-bela-voz-kids-estao-abertas\\\/#primaryimage\"},\"thumbnailUrl\":\"https:\\\/\\\/regiaonews.net.br\\\/2022\\\/wp-content\\\/uploads\\\/2023\\\/12\\\/Imagem-do-WhatsApp-de-2023-12-04-as-14.59.44_f721ad23.jpg\",\"articleSection\":[\"Barretos\",\"Geral\"],\"inLanguage\":\"pt-BR\",\"potentialAction\":[{\"@type\":\"CommentAction\",\"name\":\"Comment\",\"target\":[\"https:\\\/\\\/regiaonews.net.br\\\/2022\\\/2023\\\/12\\\/04\\\/inscricoes-para-o-concurso-a-mais-bela-voz-kids-estao-abertas\\\/#respond\"]}]},{\"@type\":\"WebPage\",\"@id\":\"https:\\\/\\\/regiaonews.net.br\\\/2022\\\/2023\\\/12\\\/04\\\/inscricoes-para-o-concurso-a-mais-bela-voz-kids-estao-abertas\\\/\",\"url\":\"https:\\\/\\\/regiaonews.net.br\\\/2022\\\/2023\\\/12\\\/04\\\/inscricoes-para-o-concurso-a-mais-bela-voz-kids-estao-abertas\\\/\",\"name\":\"Inscri\u00e7\u00f5es para o concurso \u201cA Mais Bela Voz Kids\u201d est\u00e3o abertas - Regi\u00e3o News\",\"isPartOf\":{\"@id\":\"https:\\\/\\\/regiaonews.net.br\\\/2022\\\/#website\"},\"primaryImageOfPage\":{\"@id\":\"https:\\\/\\\/regiaonews.net.br\\\/2022\\\/2023\\\/12\\\/04\\\/inscricoes-para-o-concurso-a-mais-bela-voz-kids-estao-abertas\\\/#primaryimage\"},\"image\":{\"@id\":\"https:\\\/\\\/regiaonews.net.br\\\/2022\\\/2023\\\/12\\\/04\\\/inscricoes-para-o-concurso-a-mais-bela-voz-kids-estao-abertas\\\/#primaryimage\"},\"thumbnailUrl\":\"https:\\\/\\\/regiaonews.net.br\\\/2022\\\/wp-content\\\/uploads\\\/2023\\\/12\\\/Imagem-do-WhatsApp-de-2023-12-04-as-14.59.44_f721ad23.jpg\",\"datePublished\":\"2023-12-04T18:56:02+00:00\",\"breadcrumb\":{\"@id\":\"https:\\\/\\\/regiaonews.net.br\\\/2022\\\/2023\\\/12\\\/04\\\/inscricoes-para-o-concurso-a-mais-bela-voz-kids-estao-abertas\\\/#breadcrumb\"},\"inLanguage\":\"pt-BR\",\"potentialAction\":[{\"@type\":\"ReadAction\",\"target\":[\"https:\\\/\\\/regiaonews.net.br\\\/2022\\\/2023\\\/12\\\/04\\\/inscricoes-para-o-concurso-a-mais-bela-voz-kids-estao-abertas\\\/\"]}]},{\"@type\":\"ImageObject\",\"inLanguage\":\"pt-BR\",\"@id\":\"https:\\\/\\\/regiaonews.net.br\\\/2022\\\/2023\\\/12\\\/04\\\/inscricoes-para-o-concurso-a-mais-bela-voz-kids-estao-abertas\\\/#primaryimage\",\"url\":\"https:\\\/\\\/regiaonews.net.br\\\/2022\\\/wp-content\\\/uploads\\\/2023\\\/12\\\/Imagem-do-WhatsApp-de-2023-12-04-as-14.59.44_f721ad23.jpg\",\"contentUrl\":\"https:\\\/\\\/regiaonews.net.br\\\/2022\\\/wp-content\\\/uploads\\\/2023\\\/12\\\/Imagem-do-WhatsApp-de-2023-12-04-as-14.59.44_f721ad23.jpg\",\"width\":1600,\"height\":1065},{\"@type\":\"BreadcrumbList\",\"@id\":\"https:\\\/\\\/regiaonews.net.br\\\/2022\\\/2023\\\/12\\\/04\\\/inscricoes-para-o-concurso-a-mais-bela-voz-kids-estao-abertas\\\/#breadcrumb\",\"itemListElement\":[{\"@type\":\"ListItem\",\"position\":1,\"name\":\"In\u00edcio\",\"item\":\"https:\\\/\\\/regiaonews.net.br\\\/2022\\\/\"},{\"@type\":\"ListItem\",\"position\":2,\"name\":\"Inscri\u00e7\u00f5es para o concurso \u201cA Mais Bela Voz Kids\u201d est\u00e3o abertas\"}]},{\"@type\":\"WebSite\",\"@id\":\"https:\\\/\\\/regiaonews.net.br\\\/2022\\\/#website\",\"url\":\"https:\\\/\\\/regiaonews.net.br\\\/2022\\\/\",\"name\":\"Regi\u00e3o News\",\"description\":\"Site de Not\u00edcias de Barretos e regi\u00e3o\",\"publisher\":{\"@id\":\"https:\\\/\\\/regiaonews.net.br\\\/2022\\\/#organization\"},\"potentialAction\":[{\"@type\":\"SearchAction\",\"target\":{\"@type\":\"EntryPoint\",\"urlTemplate\":\"https:\\\/\\\/regiaonews.net.br\\\/2022\\\/?s={search_term_string}\"},\"query-input\":{\"@type\":\"PropertyValueSpecification\",\"valueRequired\":true,\"valueName\":\"search_term_string\"}}],\"inLanguage\":\"pt-BR\"},{\"@type\":\"Organization\",\"@id\":\"https:\\\/\\\/regiaonews.net.br\\\/2022\\\/#organization\",\"name\":\"Regi\u00e3o News\",\"url\":\"https:\\\/\\\/regiaonews.net.br\\\/2022\\\/\",\"logo\":{\"@type\":\"ImageObject\",\"inLanguage\":\"pt-BR\",\"@id\":\"https:\\\/\\\/regiaonews.net.br\\\/2022\\\/#\\\/schema\\\/logo\\\/image\\\/\",\"url\":\"https:\\\/\\\/regiaonews.net.br\\\/2022\\\/wp-content\\\/uploads\\\/2026\\\/03\\\/regiao-13-anos-scaled.jpg\",\"contentUrl\":\"https:\\\/\\\/regiaonews.net.br\\\/2022\\\/wp-content\\\/uploads\\\/2026\\\/03\\\/regiao-13-anos-scaled.jpg\",\"width\":2560,\"height\":635,\"caption\":\"Regi\u00e3o News\"},\"image\":{\"@id\":\"https:\\\/\\\/regiaonews.net.br\\\/2022\\\/#\\\/schema\\\/logo\\\/image\\\/\"}},{\"@type\":\"Person\",\"@id\":\"https:\\\/\\\/regiaonews.net.br\\\/2022\\\/#\\\/schema\\\/person\\\/2d205a608a5aa97ac279d7a5e6d89ad8\",\"name\":\"Roberto\",\"image\":{\"@type\":\"ImageObject\",\"inLanguage\":\"pt-BR\",\"@id\":\"https:\\\/\\\/secure.gravatar.com\\\/avatar\\\/42749d8b712ff9d59ca93dc150494e5b55a44134482993f5baeb97e61b7ecc89?s=96&d=mm&r=g\",\"url\":\"https:\\\/\\\/secure.gravatar.com\\\/avatar\\\/42749d8b712ff9d59ca93dc150494e5b55a44134482993f5baeb97e61b7ecc89?s=96&d=mm&r=g\",\"contentUrl\":\"https:\\\/\\\/secure.gravatar.com\\\/avatar\\\/42749d8b712ff9d59ca93dc150494e5b55a44134482993f5baeb97e61b7ecc89?s=96&d=mm&r=g\",\"caption\":\"Roberto\"},\"url\":\"https:\\\/\\\/regiaonews.net.br\\\/2022\\\/author\\\/roberto\\\/\"}]}<\/script>\n<!-- \/ Yoast SEO plugin. -->","yoast_head_json":{"title":"Inscri\u00e7\u00f5es para o concurso \u201cA Mais Bela Voz Kids\u201d est\u00e3o abertas - Regi\u00e3o News","robots":{"index":"index","follow":"follow","max-snippet":"max-snippet:-1","max-image-preview":"max-image-preview:large","max-video-preview":"max-video-preview:-1"},"canonical":"https:\/\/regiaonews.net.br\/2022\/2023\/12\/04\/inscricoes-para-o-concurso-a-mais-bela-voz-kids-estao-abertas\/","og_locale":"pt_BR","og_type":"article","og_title":"Inscri\u00e7\u00f5es para o concurso \u201cA Mais Bela Voz Kids\u201d est\u00e3o abertas - Regi\u00e3o News","og_description":"Interessados em participar devem se inscrever no Recinto Paulo de","og_url":"https:\/\/regiaonews.net.br\/2022\/2023\/12\/04\/inscricoes-para-o-concurso-a-mais-bela-voz-kids-estao-abertas\/","og_site_name":"Regi\u00e3o News","article_published_time":"2023-12-04T18:56:02+00:00","og_image":[{"width":1600,"height":1065,"url":"https:\/\/regiaonews.net.br\/2022\/wp-content\/uploads\/2023\/12\/Imagem-do-WhatsApp-de-2023-12-04-as-14.59.44_f721ad23.jpg","type":"image\/jpeg"}],"author":"Roberto","twitter_card":"summary_large_image","twitter_misc":{"Escrito por":"Roberto","Est. tempo de leitura":"2 minutos"},"schema":{"@context":"https:\/\/schema.org","@graph":[{"@type":"Article","@id":"https:\/\/regiaonews.net.br\/2022\/2023\/12\/04\/inscricoes-para-o-concurso-a-mais-bela-voz-kids-estao-abertas\/#article","isPartOf":{"@id":"https:\/\/regiaonews.net.br\/2022\/2023\/12\/04\/inscricoes-para-o-concurso-a-mais-bela-voz-kids-estao-abertas\/"},"author":{"name":"Roberto","@id":"https:\/\/regiaonews.net.br\/2022\/#\/schema\/person\/2d205a608a5aa97ac279d7a5e6d89ad8"},"headline":"Inscri\u00e7\u00f5es para o concurso \u201cA Mais Bela Voz Kids\u201d est\u00e3o abertas","datePublished":"2023-12-04T18:56:02+00:00","mainEntityOfPage":{"@id":"https:\/\/regiaonews.net.br\/2022\/2023\/12\/04\/inscricoes-para-o-concurso-a-mais-bela-voz-kids-estao-abertas\/"},"wordCount":285,"commentCount":0,"publisher":{"@id":"https:\/\/regiaonews.net.br\/2022\/#organization"},"image":{"@id":"https:\/\/regiaonews.net.br\/2022\/2023\/12\/04\/inscricoes-para-o-concurso-a-mais-bela-voz-kids-estao-abertas\/#primaryimage"},"thumbnailUrl":"https:\/\/regiaonews.net.br\/2022\/wp-content\/uploads\/2023\/12\/Imagem-do-WhatsApp-de-2023-12-04-as-14.59.44_f721ad23.jpg","articleSection":["Barretos","Geral"],"inLanguage":"pt-BR","potentialAction":[{"@type":"CommentAction","name":"Comment","target":["https:\/\/regiaonews.net.br\/2022\/2023\/12\/04\/inscricoes-para-o-concurso-a-mais-bela-voz-kids-estao-abertas\/#respond"]}]},{"@type":"WebPage","@id":"https:\/\/regiaonews.net.br\/2022\/2023\/12\/04\/inscricoes-para-o-concurso-a-mais-bela-voz-kids-estao-abertas\/","url":"https:\/\/regiaonews.net.br\/2022\/2023\/12\/04\/inscricoes-para-o-concurso-a-mais-bela-voz-kids-estao-abertas\/","name":"Inscri\u00e7\u00f5es para o concurso \u201cA Mais Bela Voz Kids\u201d est\u00e3o abertas - Regi\u00e3o News","isPartOf":{"@id":"https:\/\/regiaonews.net.br\/2022\/#website"},"primaryImageOfPage":{"@id":"https:\/\/regiaonews.net.br\/2022\/2023\/12\/04\/inscricoes-para-o-concurso-a-mais-bela-voz-kids-estao-abertas\/#primaryimage"},"image":{"@id":"https:\/\/regiaonews.net.br\/2022\/2023\/12\/04\/inscricoes-para-o-concurso-a-mais-bela-voz-kids-estao-abertas\/#primaryimage"},"thumbnailUrl":"https:\/\/regiaonews.net.br\/2022\/wp-content\/uploads\/2023\/12\/Imagem-do-WhatsApp-de-2023-12-04-as-14.59.44_f721ad23.jpg","datePublished":"2023-12-04T18:56:02+00:00","breadcrumb":{"@id":"https:\/\/regiaonews.net.br\/2022\/2023\/12\/04\/inscricoes-para-o-concurso-a-mais-bela-voz-kids-estao-abertas\/#breadcrumb"},"inLanguage":"pt-BR","potentialAction":[{"@type":"ReadAction","target":["https:\/\/regiaonews.net.br\/2022\/2023\/12\/04\/inscricoes-para-o-concurso-a-mais-bela-voz-kids-estao-abertas\/"]}]},{"@type":"ImageObject","inLanguage":"pt-BR","@id":"https:\/\/regiaonews.net.br\/2022\/2023\/12\/04\/inscricoes-para-o-concurso-a-mais-bela-voz-kids-estao-abertas\/#primaryimage","url":"https:\/\/regiaonews.net.br\/2022\/wp-content\/uploads\/2023\/12\/Imagem-do-WhatsApp-de-2023-12-04-as-14.59.44_f721ad23.jpg","contentUrl":"https:\/\/regiaonews.net.br\/2022\/wp-content\/uploads\/2023\/12\/Imagem-do-WhatsApp-de-2023-12-04-as-14.59.44_f721ad23.jpg","width":1600,"height":1065},{"@type":"BreadcrumbList","@id":"https:\/\/regiaonews.net.br\/2022\/2023\/12\/04\/inscricoes-para-o-concurso-a-mais-bela-voz-kids-estao-abertas\/#breadcrumb","itemListElement":[{"@type":"ListItem","position":1,"name":"In\u00edcio","item":"https:\/\/regiaonews.net.br\/2022\/"},{"@type":"ListItem","position":2,"name":"Inscri\u00e7\u00f5es para o concurso \u201cA Mais Bela Voz Kids\u201d est\u00e3o abertas"}]},{"@type":"WebSite","@id":"https:\/\/regiaonews.net.br\/2022\/#website","url":"https:\/\/regiaonews.net.br\/2022\/","name":"Regi\u00e3o News","description":"Site de Not\u00edcias de Barretos e regi\u00e3o","publisher":{"@id":"https:\/\/regiaonews.net.br\/2022\/#organization"},"potentialAction":[{"@type":"SearchAction","target":{"@type":"EntryPoint","urlTemplate":"https:\/\/regiaonews.net.br\/2022\/?s={search_term_string}"},"query-input":{"@type":"PropertyValueSpecification","valueRequired":true,"valueName":"search_term_string"}}],"inLanguage":"pt-BR"},{"@type":"Organization","@id":"https:\/\/regiaonews.net.br\/2022\/#organization","name":"Regi\u00e3o News","url":"https:\/\/regiaonews.net.br\/2022\/","logo":{"@type":"ImageObject","inLanguage":"pt-BR","@id":"https:\/\/regiaonews.net.br\/2022\/#\/schema\/logo\/image\/","url":"https:\/\/regiaonews.net.br\/2022\/wp-content\/uploads\/2026\/03\/regiao-13-anos-scaled.jpg","contentUrl":"https:\/\/regiaonews.net.br\/2022\/wp-content\/uploads\/2026\/03\/regiao-13-anos-scaled.jpg","width":2560,"height":635,"caption":"Regi\u00e3o News"},"image":{"@id":"https:\/\/regiaonews.net.br\/2022\/#\/schema\/logo\/image\/"}},{"@type":"Person","@id":"https:\/\/regiaonews.net.br\/2022\/#\/schema\/person\/2d205a608a5aa97ac279d7a5e6d89ad8","name":"Roberto","image":{"@type":"ImageObject","inLanguage":"pt-BR","@id":"https:\/\/secure.gravatar.com\/avatar\/42749d8b712ff9d59ca93dc150494e5b55a44134482993f5baeb97e61b7ecc89?s=96&d=mm&r=g","url":"https:\/\/secure.gravatar.com\/avatar\/42749d8b712ff9d59ca93dc150494e5b55a44134482993f5baeb97e61b7ecc89?s=96&d=mm&r=g","contentUrl":"https:\/\/secure.gravatar.com\/avatar\/42749d8b712ff9d59ca93dc150494e5b55a44134482993f5baeb97e61b7ecc89?s=96&d=mm&r=g","caption":"Roberto"},"url":"https:\/\/regiaonews.net.br\/2022\/author\/roberto\/"}]}},"publishpress_future_action":{"enabled":false,"date":"2026-05-04 10:05:38","action":"change-status","newStatus":"draft","terms":[],"taxonomy":"category","extraData":[]},"publishpress_future_workflow_manual_trigger":{"enabledWorkflows":[]},"_links":{"self":[{"href":"https:\/\/regiaonews.net.br\/2022\/wp-json\/wp\/v2\/posts\/98565","targetHints":{"allow":["GET"]}}],"collection":[{"href":"https:\/\/regiaonews.net.br\/2022\/wp-json\/wp\/v2\/posts"}],"about":[{"href":"https:\/\/regiaonews.net.br\/2022\/wp-json\/wp\/v2\/types\/post"}],"author":[{"embeddable":true,"href":"https:\/\/regiaonews.net.br\/2022\/wp-json\/wp\/v2\/users\/2"}],"replies":[{"embeddable":true,"href":"https:\/\/regiaonews.net.br\/2022\/wp-json\/wp\/v2\/comments?post=98565"}],"version-history":[{"count":1,"href":"https:\/\/regiaonews.net.br\/2022\/wp-json\/wp\/v2\/posts\/98565\/revisions"}],"predecessor-version":[{"id":98568,"href":"https:\/\/regiaonews.net.br\/2022\/wp-json\/wp\/v2\/posts\/98565\/revisions\/98568"}],"wp:featuredmedia":[{"embeddable":true,"href":"https:\/\/regiaonews.net.br\/2022\/wp-json\/wp\/v2\/media\/98567"}],"wp:attachment":[{"href":"https:\/\/regiaonews.net.br\/2022\/wp-json\/wp\/v2\/media?parent=98565"}],"wp:term":[{"taxonomy":"category","embeddable":true,"href":"https:\/\/regiaonews.net.br\/2022\/wp-json\/wp\/v2\/categories?post=98565"},{"taxonomy":"post_tag","embeddable":true,"href":"https:\/\/regiaonews.net.br\/2022\/wp-json\/wp\/v2\/tags?post=98565"}],"curies":[{"name":"wp","href":"https:\/\/api.w.org\/{rel}","templated":true}]}}