{"id":98560,"date":"2023-12-04T13:00:02","date_gmt":"2023-12-04T16:00:02","guid":{"rendered":"https:\/\/regiaonews.net.br\/2022\/?p=98560"},"modified":"2023-12-04T13:00:02","modified_gmt":"2023-12-04T16:00:02","slug":"na-cop-28-bndes-anuncia-investimento-de-r-75-mi-em-fundo-para-pequenas-e-medias-empresas-na-amazonia","status":"publish","type":"post","link":"https:\/\/regiaonews.net.br\/2022\/2023\/12\/04\/na-cop-28-bndes-anuncia-investimento-de-r-75-mi-em-fundo-para-pequenas-e-medias-empresas-na-amazonia\/","title":{"rendered":"Na COP-28, BNDES anuncia investimento de R$ 75 mi em fundo para pequenas e m\u00e9dias empresas na Amaz\u00f4nia"},"content":{"rendered":"<p>O Banco Nacional de Desenvolvimento Econ\u00f4mico e Social (BNDES) aportar\u00e1, por meio de seu bra\u00e7o de participa\u00e7\u00f5es acion\u00e1rias, a BNDESPar, at\u00e9 R$ 75 milh\u00f5es em um fundo de investimento dedicado a pequenas e m\u00e9dias empresas sustent\u00e1veis com atua\u00e7\u00e3o na Amaz\u00f4nia. Com esses recursos, somados aos de outros investidores, o fundo de capital de risco Amazon Biodiversity Fund Brazil (ABF FIP) dever\u00e1 alcan\u00e7ar capital comprometido de R$ 235 milh\u00f5es para investir em cerca de 15 empresas, com aportes de R$ 4 a R$ 20 milh\u00f5es por ativo.<\/p>\n<p>\u201cO investimento \u00e9 mais uma das iniciativas do BNDES alinhadas com as pol\u00edticas p\u00fablicas de promo\u00e7\u00e3o do desenvolvimento sustent\u00e1vel da Amaz\u00f4nia e da economia verde, com o diferencial de apoiar o empreendedorismo de impacto\u201d, disse a diretora de Mercado de Capitais e Finan\u00e7as Sustent\u00e1veis do Banco, Nat\u00e1lia Dias, que anunciou o compromisso nesta segunda-feira, 4, na COP-28, em Dubai.<\/p>\n<p>Segundo Dias, \u201co fundo \u00e9 inovador por sua estrutura de\u00a0<em>blended finance<\/em>\u00a0e parceria entre diferentes atores p\u00fablicos, privados e do terceiro setor comprometidos com o desenvolvimento sustent\u00e1vel na regi\u00e3o, como ASN Bank da Holanda, Centro Internacional de Agricultura Tropical (CIAT), L\u2019Or\u00e9al Fund for Nature Regeneration e Soros Foundation\u201d.<\/p>\n<p>A sele\u00e7\u00e3o dos ativos observar\u00e1 quatro eixos de atua\u00e7\u00e3o: conserva\u00e7\u00e3o, reflorestamento e meios de subsist\u00eancia comunit\u00e1rios; cadeias de valor de pequenos produtores; agricultura sustent\u00e1vel; e inova\u00e7\u00e3o em servi\u00e7os, finan\u00e7as e tecnologia da biodiversidade. O objetivo \u00e9 gerar impacto positivo sobre a biodiversidade e as comunidades na Amaz\u00f4nia Legal brasileira, com foco nos setores de ativos ambientais, agricultura, produ\u00e7\u00e3o de alimentos, bebidas e tecnologia da cadeia de suprimentos.<\/p>\n<p>A estrutura inovadora de\u00a0<em>blended finance<\/em>\u00a0do Fundo, de car\u00e1ter h\u00edbrido, permite a combina\u00e7\u00e3o de instrumentos diversos, como cota subordinada, d\u00edvida, cr\u00e9ditos de carbono e garantias, o que contribui para mitigar o risco, atrair mais investidores e ampliar o impacto positivo na Amaz\u00f4nia.<\/p>\n<p>Para acompanhar os resultados de cada investimento realizado, ser\u00e3o adotados indicadores padronizados e planos de a\u00e7\u00e3o ambiental e social. A efetividade das iniciativas ser\u00e1 avaliada em \u00e1reas tem\u00e1ticas como clima, ecossistemas, esp\u00e9cies, subsist\u00eancia, inclus\u00e3o, empresas sustent\u00e1veis e retorno econ\u00f4mico justo.<\/p>\n<p><strong>O ABF FIP<\/strong>\u00a0<strong>&#8211;\u00a0<\/strong>O Amazon Biodiversity Fund Brazil Fundo de Investimento em Participa\u00e7\u00f5es Multiestrat\u00e9gia (ABF FIP) foi selecionado por meio de chamada p\u00fablica para investimento de impacto promovida pela BNDESPAR. O fundo \u00e9 gerido pela brasileira Vox Capital em parceira com a Impact Earth, empresa internacional com presen\u00e7a no Brasil e especializada em investimentos de impacto em capital natural.<\/p>\n<p><strong>BNDES e fundos de participa\u00e7\u00e3o &#8211;<\/strong>\u00a0Um dos pioneiros no apoio a programas de estrutura\u00e7\u00e3o de fundos de capital de risco no Brasil, o BNDES participa dessa ind\u00fastria desde a d\u00e9cada de 1990. A BNDESPAR tem, atualmente, capital comprometido em 52 fundos ativos, num total de R$ 6,8 bilh\u00f5es, com alavancagem de 4,5 vezes, ou R$ 31 bilh\u00f5es, de outros investidores.<\/p>\n<p>A carteira inclui fundos de\u00a0<em>private equity<\/em>, com investimentos em agroneg\u00f3cio, log\u00edstica e energia; fundos de capital de risco, contemplando setores de tecnologia da informa\u00e7\u00e3o e biotecnologia; e fundos de capital semente, voltados a empresas nascentes de base tecnol\u00f3gica.<\/p>\n","protected":false},"excerpt":{"rendered":"<p>O Banco Nacional de Desenvolvimento Econ\u00f4mico e Social (BNDES) aportar\u00e1,<\/p>\n","protected":false},"author":2,"featured_media":45354,"comment_status":"open","ping_status":"open","sticky":false,"template":"","format":"standard","meta":{"footnotes":""},"categories":[24,3],"tags":[],"class_list":["post-98560","post","type-post","status-publish","format-standard","has-post-thumbnail","hentry","category-brasil","category-geral"],"yoast_head":"<!-- This site is optimized with the Yoast SEO plugin v27.4 - https:\/\/yoast.com\/product\/yoast-seo-wordpress\/ -->\n<title>Na COP-28, BNDES anuncia investimento de R$ 75 mi em fundo para pequenas e m\u00e9dias empresas na Amaz\u00f4nia - Regi\u00e3o News<\/title>\n<meta name=\"robots\" content=\"index, follow, max-snippet:-1, max-image-preview:large, max-video-preview:-1\" \/>\n<link rel=\"canonical\" href=\"https:\/\/regiaonews.net.br\/2022\/2023\/12\/04\/na-cop-28-bndes-anuncia-investimento-de-r-75-mi-em-fundo-para-pequenas-e-medias-empresas-na-amazonia\/\" \/>\n<meta property=\"og:locale\" content=\"pt_BR\" \/>\n<meta property=\"og:type\" content=\"article\" \/>\n<meta property=\"og:title\" content=\"Na COP-28, BNDES anuncia investimento de R$ 75 mi em fundo para pequenas e m\u00e9dias empresas na Amaz\u00f4nia - Regi\u00e3o News\" \/>\n<meta property=\"og:description\" content=\"O Banco Nacional de Desenvolvimento Econ\u00f4mico e Social (BNDES) aportar\u00e1,\" \/>\n<meta property=\"og:url\" content=\"https:\/\/regiaonews.net.br\/2022\/2023\/12\/04\/na-cop-28-bndes-anuncia-investimento-de-r-75-mi-em-fundo-para-pequenas-e-medias-empresas-na-amazonia\/\" \/>\n<meta property=\"og:site_name\" content=\"Regi\u00e3o News\" \/>\n<meta property=\"article:published_time\" content=\"2023-12-04T16:00:02+00:00\" \/>\n<meta property=\"og:image\" content=\"https:\/\/regiaonews.net.br\/2022\/wp-content\/uploads\/2021\/04\/floresta-211016ebc0489.jpg\" \/>\n\t<meta property=\"og:image:width\" content=\"1170\" \/>\n\t<meta property=\"og:image:height\" content=\"700\" \/>\n\t<meta property=\"og:image:type\" content=\"image\/jpeg\" \/>\n<meta name=\"author\" content=\"Roberto\" \/>\n<meta name=\"twitter:card\" content=\"summary_large_image\" \/>\n<meta name=\"twitter:label1\" content=\"Escrito por\" \/>\n\t<meta name=\"twitter:data1\" content=\"Roberto\" \/>\n\t<meta name=\"twitter:label2\" content=\"Est. tempo de leitura\" \/>\n\t<meta name=\"twitter:data2\" content=\"3 minutos\" \/>\n<script type=\"application\/ld+json\" class=\"yoast-schema-graph\">{\"@context\":\"https:\\\/\\\/schema.org\",\"@graph\":[{\"@type\":\"Article\",\"@id\":\"https:\\\/\\\/regiaonews.net.br\\\/2022\\\/2023\\\/12\\\/04\\\/na-cop-28-bndes-anuncia-investimento-de-r-75-mi-em-fundo-para-pequenas-e-medias-empresas-na-amazonia\\\/#article\",\"isPartOf\":{\"@id\":\"https:\\\/\\\/regiaonews.net.br\\\/2022\\\/2023\\\/12\\\/04\\\/na-cop-28-bndes-anuncia-investimento-de-r-75-mi-em-fundo-para-pequenas-e-medias-empresas-na-amazonia\\\/\"},\"author\":{\"name\":\"Roberto\",\"@id\":\"https:\\\/\\\/regiaonews.net.br\\\/2022\\\/#\\\/schema\\\/person\\\/2d205a608a5aa97ac279d7a5e6d89ad8\"},\"headline\":\"Na COP-28, BNDES anuncia investimento de R$ 75 mi em fundo para pequenas e m\u00e9dias empresas na Amaz\u00f4nia\",\"datePublished\":\"2023-12-04T16:00:02+00:00\",\"mainEntityOfPage\":{\"@id\":\"https:\\\/\\\/regiaonews.net.br\\\/2022\\\/2023\\\/12\\\/04\\\/na-cop-28-bndes-anuncia-investimento-de-r-75-mi-em-fundo-para-pequenas-e-medias-empresas-na-amazonia\\\/\"},\"wordCount\":572,\"commentCount\":0,\"publisher\":{\"@id\":\"https:\\\/\\\/regiaonews.net.br\\\/2022\\\/#organization\"},\"image\":{\"@id\":\"https:\\\/\\\/regiaonews.net.br\\\/2022\\\/2023\\\/12\\\/04\\\/na-cop-28-bndes-anuncia-investimento-de-r-75-mi-em-fundo-para-pequenas-e-medias-empresas-na-amazonia\\\/#primaryimage\"},\"thumbnailUrl\":\"https:\\\/\\\/regiaonews.net.br\\\/2022\\\/wp-content\\\/uploads\\\/2021\\\/04\\\/floresta-211016ebc0489.jpg\",\"articleSection\":[\"Brasil\",\"Geral\"],\"inLanguage\":\"pt-BR\",\"potentialAction\":[{\"@type\":\"CommentAction\",\"name\":\"Comment\",\"target\":[\"https:\\\/\\\/regiaonews.net.br\\\/2022\\\/2023\\\/12\\\/04\\\/na-cop-28-bndes-anuncia-investimento-de-r-75-mi-em-fundo-para-pequenas-e-medias-empresas-na-amazonia\\\/#respond\"]}]},{\"@type\":\"WebPage\",\"@id\":\"https:\\\/\\\/regiaonews.net.br\\\/2022\\\/2023\\\/12\\\/04\\\/na-cop-28-bndes-anuncia-investimento-de-r-75-mi-em-fundo-para-pequenas-e-medias-empresas-na-amazonia\\\/\",\"url\":\"https:\\\/\\\/regiaonews.net.br\\\/2022\\\/2023\\\/12\\\/04\\\/na-cop-28-bndes-anuncia-investimento-de-r-75-mi-em-fundo-para-pequenas-e-medias-empresas-na-amazonia\\\/\",\"name\":\"Na COP-28, BNDES anuncia investimento de R$ 75 mi em fundo para pequenas e m\u00e9dias empresas na Amaz\u00f4nia - Regi\u00e3o News\",\"isPartOf\":{\"@id\":\"https:\\\/\\\/regiaonews.net.br\\\/2022\\\/#website\"},\"primaryImageOfPage\":{\"@id\":\"https:\\\/\\\/regiaonews.net.br\\\/2022\\\/2023\\\/12\\\/04\\\/na-cop-28-bndes-anuncia-investimento-de-r-75-mi-em-fundo-para-pequenas-e-medias-empresas-na-amazonia\\\/#primaryimage\"},\"image\":{\"@id\":\"https:\\\/\\\/regiaonews.net.br\\\/2022\\\/2023\\\/12\\\/04\\\/na-cop-28-bndes-anuncia-investimento-de-r-75-mi-em-fundo-para-pequenas-e-medias-empresas-na-amazonia\\\/#primaryimage\"},\"thumbnailUrl\":\"https:\\\/\\\/regiaonews.net.br\\\/2022\\\/wp-content\\\/uploads\\\/2021\\\/04\\\/floresta-211016ebc0489.jpg\",\"datePublished\":\"2023-12-04T16:00:02+00:00\",\"breadcrumb\":{\"@id\":\"https:\\\/\\\/regiaonews.net.br\\\/2022\\\/2023\\\/12\\\/04\\\/na-cop-28-bndes-anuncia-investimento-de-r-75-mi-em-fundo-para-pequenas-e-medias-empresas-na-amazonia\\\/#breadcrumb\"},\"inLanguage\":\"pt-BR\",\"potentialAction\":[{\"@type\":\"ReadAction\",\"target\":[\"https:\\\/\\\/regiaonews.net.br\\\/2022\\\/2023\\\/12\\\/04\\\/na-cop-28-bndes-anuncia-investimento-de-r-75-mi-em-fundo-para-pequenas-e-medias-empresas-na-amazonia\\\/\"]}]},{\"@type\":\"ImageObject\",\"inLanguage\":\"pt-BR\",\"@id\":\"https:\\\/\\\/regiaonews.net.br\\\/2022\\\/2023\\\/12\\\/04\\\/na-cop-28-bndes-anuncia-investimento-de-r-75-mi-em-fundo-para-pequenas-e-medias-empresas-na-amazonia\\\/#primaryimage\",\"url\":\"https:\\\/\\\/regiaonews.net.br\\\/2022\\\/wp-content\\\/uploads\\\/2021\\\/04\\\/floresta-211016ebc0489.jpg\",\"contentUrl\":\"https:\\\/\\\/regiaonews.net.br\\\/2022\\\/wp-content\\\/uploads\\\/2021\\\/04\\\/floresta-211016ebc0489.jpg\",\"width\":1170,\"height\":700},{\"@type\":\"BreadcrumbList\",\"@id\":\"https:\\\/\\\/regiaonews.net.br\\\/2022\\\/2023\\\/12\\\/04\\\/na-cop-28-bndes-anuncia-investimento-de-r-75-mi-em-fundo-para-pequenas-e-medias-empresas-na-amazonia\\\/#breadcrumb\",\"itemListElement\":[{\"@type\":\"ListItem\",\"position\":1,\"name\":\"In\u00edcio\",\"item\":\"https:\\\/\\\/regiaonews.net.br\\\/2022\\\/\"},{\"@type\":\"ListItem\",\"position\":2,\"name\":\"Na COP-28, BNDES anuncia investimento de R$ 75 mi em fundo para pequenas e m\u00e9dias empresas na Amaz\u00f4nia\"}]},{\"@type\":\"WebSite\",\"@id\":\"https:\\\/\\\/regiaonews.net.br\\\/2022\\\/#website\",\"url\":\"https:\\\/\\\/regiaonews.net.br\\\/2022\\\/\",\"name\":\"Regi\u00e3o News\",\"description\":\"Site de Not\u00edcias de Barretos e regi\u00e3o\",\"publisher\":{\"@id\":\"https:\\\/\\\/regiaonews.net.br\\\/2022\\\/#organization\"},\"potentialAction\":[{\"@type\":\"SearchAction\",\"target\":{\"@type\":\"EntryPoint\",\"urlTemplate\":\"https:\\\/\\\/regiaonews.net.br\\\/2022\\\/?s={search_term_string}\"},\"query-input\":{\"@type\":\"PropertyValueSpecification\",\"valueRequired\":true,\"valueName\":\"search_term_string\"}}],\"inLanguage\":\"pt-BR\"},{\"@type\":\"Organization\",\"@id\":\"https:\\\/\\\/regiaonews.net.br\\\/2022\\\/#organization\",\"name\":\"Regi\u00e3o News\",\"url\":\"https:\\\/\\\/regiaonews.net.br\\\/2022\\\/\",\"logo\":{\"@type\":\"ImageObject\",\"inLanguage\":\"pt-BR\",\"@id\":\"https:\\\/\\\/regiaonews.net.br\\\/2022\\\/#\\\/schema\\\/logo\\\/image\\\/\",\"url\":\"https:\\\/\\\/regiaonews.net.br\\\/2022\\\/wp-content\\\/uploads\\\/2026\\\/03\\\/regiao-13-anos-scaled.jpg\",\"contentUrl\":\"https:\\\/\\\/regiaonews.net.br\\\/2022\\\/wp-content\\\/uploads\\\/2026\\\/03\\\/regiao-13-anos-scaled.jpg\",\"width\":2560,\"height\":635,\"caption\":\"Regi\u00e3o News\"},\"image\":{\"@id\":\"https:\\\/\\\/regiaonews.net.br\\\/2022\\\/#\\\/schema\\\/logo\\\/image\\\/\"}},{\"@type\":\"Person\",\"@id\":\"https:\\\/\\\/regiaonews.net.br\\\/2022\\\/#\\\/schema\\\/person\\\/2d205a608a5aa97ac279d7a5e6d89ad8\",\"name\":\"Roberto\",\"image\":{\"@type\":\"ImageObject\",\"inLanguage\":\"pt-BR\",\"@id\":\"https:\\\/\\\/secure.gravatar.com\\\/avatar\\\/42749d8b712ff9d59ca93dc150494e5b55a44134482993f5baeb97e61b7ecc89?s=96&d=mm&r=g\",\"url\":\"https:\\\/\\\/secure.gravatar.com\\\/avatar\\\/42749d8b712ff9d59ca93dc150494e5b55a44134482993f5baeb97e61b7ecc89?s=96&d=mm&r=g\",\"contentUrl\":\"https:\\\/\\\/secure.gravatar.com\\\/avatar\\\/42749d8b712ff9d59ca93dc150494e5b55a44134482993f5baeb97e61b7ecc89?s=96&d=mm&r=g\",\"caption\":\"Roberto\"},\"url\":\"https:\\\/\\\/regiaonews.net.br\\\/2022\\\/author\\\/roberto\\\/\"}]}<\/script>\n<!-- \/ Yoast SEO plugin. -->","yoast_head_json":{"title":"Na COP-28, BNDES anuncia investimento de R$ 75 mi em fundo para pequenas e m\u00e9dias empresas na Amaz\u00f4nia - Regi\u00e3o News","robots":{"index":"index","follow":"follow","max-snippet":"max-snippet:-1","max-image-preview":"max-image-preview:large","max-video-preview":"max-video-preview:-1"},"canonical":"https:\/\/regiaonews.net.br\/2022\/2023\/12\/04\/na-cop-28-bndes-anuncia-investimento-de-r-75-mi-em-fundo-para-pequenas-e-medias-empresas-na-amazonia\/","og_locale":"pt_BR","og_type":"article","og_title":"Na COP-28, BNDES anuncia investimento de R$ 75 mi em fundo para pequenas e m\u00e9dias empresas na Amaz\u00f4nia - Regi\u00e3o News","og_description":"O Banco Nacional de Desenvolvimento Econ\u00f4mico e Social (BNDES) aportar\u00e1,","og_url":"https:\/\/regiaonews.net.br\/2022\/2023\/12\/04\/na-cop-28-bndes-anuncia-investimento-de-r-75-mi-em-fundo-para-pequenas-e-medias-empresas-na-amazonia\/","og_site_name":"Regi\u00e3o News","article_published_time":"2023-12-04T16:00:02+00:00","og_image":[{"width":1170,"height":700,"url":"https:\/\/regiaonews.net.br\/2022\/wp-content\/uploads\/2021\/04\/floresta-211016ebc0489.jpg","type":"image\/jpeg"}],"author":"Roberto","twitter_card":"summary_large_image","twitter_misc":{"Escrito por":"Roberto","Est. tempo de leitura":"3 minutos"},"schema":{"@context":"https:\/\/schema.org","@graph":[{"@type":"Article","@id":"https:\/\/regiaonews.net.br\/2022\/2023\/12\/04\/na-cop-28-bndes-anuncia-investimento-de-r-75-mi-em-fundo-para-pequenas-e-medias-empresas-na-amazonia\/#article","isPartOf":{"@id":"https:\/\/regiaonews.net.br\/2022\/2023\/12\/04\/na-cop-28-bndes-anuncia-investimento-de-r-75-mi-em-fundo-para-pequenas-e-medias-empresas-na-amazonia\/"},"author":{"name":"Roberto","@id":"https:\/\/regiaonews.net.br\/2022\/#\/schema\/person\/2d205a608a5aa97ac279d7a5e6d89ad8"},"headline":"Na COP-28, BNDES anuncia investimento de R$ 75 mi em fundo para pequenas e m\u00e9dias empresas na Amaz\u00f4nia","datePublished":"2023-12-04T16:00:02+00:00","mainEntityOfPage":{"@id":"https:\/\/regiaonews.net.br\/2022\/2023\/12\/04\/na-cop-28-bndes-anuncia-investimento-de-r-75-mi-em-fundo-para-pequenas-e-medias-empresas-na-amazonia\/"},"wordCount":572,"commentCount":0,"publisher":{"@id":"https:\/\/regiaonews.net.br\/2022\/#organization"},"image":{"@id":"https:\/\/regiaonews.net.br\/2022\/2023\/12\/04\/na-cop-28-bndes-anuncia-investimento-de-r-75-mi-em-fundo-para-pequenas-e-medias-empresas-na-amazonia\/#primaryimage"},"thumbnailUrl":"https:\/\/regiaonews.net.br\/2022\/wp-content\/uploads\/2021\/04\/floresta-211016ebc0489.jpg","articleSection":["Brasil","Geral"],"inLanguage":"pt-BR","potentialAction":[{"@type":"CommentAction","name":"Comment","target":["https:\/\/regiaonews.net.br\/2022\/2023\/12\/04\/na-cop-28-bndes-anuncia-investimento-de-r-75-mi-em-fundo-para-pequenas-e-medias-empresas-na-amazonia\/#respond"]}]},{"@type":"WebPage","@id":"https:\/\/regiaonews.net.br\/2022\/2023\/12\/04\/na-cop-28-bndes-anuncia-investimento-de-r-75-mi-em-fundo-para-pequenas-e-medias-empresas-na-amazonia\/","url":"https:\/\/regiaonews.net.br\/2022\/2023\/12\/04\/na-cop-28-bndes-anuncia-investimento-de-r-75-mi-em-fundo-para-pequenas-e-medias-empresas-na-amazonia\/","name":"Na COP-28, BNDES anuncia investimento de R$ 75 mi em fundo para pequenas e m\u00e9dias empresas na Amaz\u00f4nia - Regi\u00e3o News","isPartOf":{"@id":"https:\/\/regiaonews.net.br\/2022\/#website"},"primaryImageOfPage":{"@id":"https:\/\/regiaonews.net.br\/2022\/2023\/12\/04\/na-cop-28-bndes-anuncia-investimento-de-r-75-mi-em-fundo-para-pequenas-e-medias-empresas-na-amazonia\/#primaryimage"},"image":{"@id":"https:\/\/regiaonews.net.br\/2022\/2023\/12\/04\/na-cop-28-bndes-anuncia-investimento-de-r-75-mi-em-fundo-para-pequenas-e-medias-empresas-na-amazonia\/#primaryimage"},"thumbnailUrl":"https:\/\/regiaonews.net.br\/2022\/wp-content\/uploads\/2021\/04\/floresta-211016ebc0489.jpg","datePublished":"2023-12-04T16:00:02+00:00","breadcrumb":{"@id":"https:\/\/regiaonews.net.br\/2022\/2023\/12\/04\/na-cop-28-bndes-anuncia-investimento-de-r-75-mi-em-fundo-para-pequenas-e-medias-empresas-na-amazonia\/#breadcrumb"},"inLanguage":"pt-BR","potentialAction":[{"@type":"ReadAction","target":["https:\/\/regiaonews.net.br\/2022\/2023\/12\/04\/na-cop-28-bndes-anuncia-investimento-de-r-75-mi-em-fundo-para-pequenas-e-medias-empresas-na-amazonia\/"]}]},{"@type":"ImageObject","inLanguage":"pt-BR","@id":"https:\/\/regiaonews.net.br\/2022\/2023\/12\/04\/na-cop-28-bndes-anuncia-investimento-de-r-75-mi-em-fundo-para-pequenas-e-medias-empresas-na-amazonia\/#primaryimage","url":"https:\/\/regiaonews.net.br\/2022\/wp-content\/uploads\/2021\/04\/floresta-211016ebc0489.jpg","contentUrl":"https:\/\/regiaonews.net.br\/2022\/wp-content\/uploads\/2021\/04\/floresta-211016ebc0489.jpg","width":1170,"height":700},{"@type":"BreadcrumbList","@id":"https:\/\/regiaonews.net.br\/2022\/2023\/12\/04\/na-cop-28-bndes-anuncia-investimento-de-r-75-mi-em-fundo-para-pequenas-e-medias-empresas-na-amazonia\/#breadcrumb","itemListElement":[{"@type":"ListItem","position":1,"name":"In\u00edcio","item":"https:\/\/regiaonews.net.br\/2022\/"},{"@type":"ListItem","position":2,"name":"Na COP-28, BNDES anuncia investimento de R$ 75 mi em fundo para pequenas e m\u00e9dias empresas na Amaz\u00f4nia"}]},{"@type":"WebSite","@id":"https:\/\/regiaonews.net.br\/2022\/#website","url":"https:\/\/regiaonews.net.br\/2022\/","name":"Regi\u00e3o News","description":"Site de Not\u00edcias de Barretos e regi\u00e3o","publisher":{"@id":"https:\/\/regiaonews.net.br\/2022\/#organization"},"potentialAction":[{"@type":"SearchAction","target":{"@type":"EntryPoint","urlTemplate":"https:\/\/regiaonews.net.br\/2022\/?s={search_term_string}"},"query-input":{"@type":"PropertyValueSpecification","valueRequired":true,"valueName":"search_term_string"}}],"inLanguage":"pt-BR"},{"@type":"Organization","@id":"https:\/\/regiaonews.net.br\/2022\/#organization","name":"Regi\u00e3o News","url":"https:\/\/regiaonews.net.br\/2022\/","logo":{"@type":"ImageObject","inLanguage":"pt-BR","@id":"https:\/\/regiaonews.net.br\/2022\/#\/schema\/logo\/image\/","url":"https:\/\/regiaonews.net.br\/2022\/wp-content\/uploads\/2026\/03\/regiao-13-anos-scaled.jpg","contentUrl":"https:\/\/regiaonews.net.br\/2022\/wp-content\/uploads\/2026\/03\/regiao-13-anos-scaled.jpg","width":2560,"height":635,"caption":"Regi\u00e3o News"},"image":{"@id":"https:\/\/regiaonews.net.br\/2022\/#\/schema\/logo\/image\/"}},{"@type":"Person","@id":"https:\/\/regiaonews.net.br\/2022\/#\/schema\/person\/2d205a608a5aa97ac279d7a5e6d89ad8","name":"Roberto","image":{"@type":"ImageObject","inLanguage":"pt-BR","@id":"https:\/\/secure.gravatar.com\/avatar\/42749d8b712ff9d59ca93dc150494e5b55a44134482993f5baeb97e61b7ecc89?s=96&d=mm&r=g","url":"https:\/\/secure.gravatar.com\/avatar\/42749d8b712ff9d59ca93dc150494e5b55a44134482993f5baeb97e61b7ecc89?s=96&d=mm&r=g","contentUrl":"https:\/\/secure.gravatar.com\/avatar\/42749d8b712ff9d59ca93dc150494e5b55a44134482993f5baeb97e61b7ecc89?s=96&d=mm&r=g","caption":"Roberto"},"url":"https:\/\/regiaonews.net.br\/2022\/author\/roberto\/"}]}},"publishpress_future_action":{"enabled":false,"date":"2026-05-04 14:32:32","action":"change-status","newStatus":"draft","terms":[],"taxonomy":"category","extraData":[]},"publishpress_future_workflow_manual_trigger":{"enabledWorkflows":[]},"_links":{"self":[{"href":"https:\/\/regiaonews.net.br\/2022\/wp-json\/wp\/v2\/posts\/98560","targetHints":{"allow":["GET"]}}],"collection":[{"href":"https:\/\/regiaonews.net.br\/2022\/wp-json\/wp\/v2\/posts"}],"about":[{"href":"https:\/\/regiaonews.net.br\/2022\/wp-json\/wp\/v2\/types\/post"}],"author":[{"embeddable":true,"href":"https:\/\/regiaonews.net.br\/2022\/wp-json\/wp\/v2\/users\/2"}],"replies":[{"embeddable":true,"href":"https:\/\/regiaonews.net.br\/2022\/wp-json\/wp\/v2\/comments?post=98560"}],"version-history":[{"count":1,"href":"https:\/\/regiaonews.net.br\/2022\/wp-json\/wp\/v2\/posts\/98560\/revisions"}],"predecessor-version":[{"id":98561,"href":"https:\/\/regiaonews.net.br\/2022\/wp-json\/wp\/v2\/posts\/98560\/revisions\/98561"}],"wp:featuredmedia":[{"embeddable":true,"href":"https:\/\/regiaonews.net.br\/2022\/wp-json\/wp\/v2\/media\/45354"}],"wp:attachment":[{"href":"https:\/\/regiaonews.net.br\/2022\/wp-json\/wp\/v2\/media?parent=98560"}],"wp:term":[{"taxonomy":"category","embeddable":true,"href":"https:\/\/regiaonews.net.br\/2022\/wp-json\/wp\/v2\/categories?post=98560"},{"taxonomy":"post_tag","embeddable":true,"href":"https:\/\/regiaonews.net.br\/2022\/wp-json\/wp\/v2\/tags?post=98560"}],"curies":[{"name":"wp","href":"https:\/\/api.w.org\/{rel}","templated":true}]}}