{"id":98543,"date":"2023-12-04T08:22:37","date_gmt":"2023-12-04T11:22:37","guid":{"rendered":"https:\/\/regiaonews.net.br\/2022\/?p=98543"},"modified":"2023-12-04T09:48:48","modified_gmt":"2023-12-04T12:48:48","slug":"minerva-foods-abre-inscricoes-para-o-programa-de-estagio-202","status":"publish","type":"post","link":"https:\/\/regiaonews.net.br\/2022\/2023\/12\/04\/minerva-foods-abre-inscricoes-para-o-programa-de-estagio-202\/","title":{"rendered":"Minerva Foods abre inscri\u00e7\u00f5es para o Programa de Est\u00e1gio 2024"},"content":{"rendered":"<p style=\"text-align: left;\">A Minerva Foods, l\u00edder em exporta\u00e7\u00e3o de carne bovina na Am\u00e9rica do Sul e uma das maiores empresas na produ\u00e7\u00e3o e comercializa\u00e7\u00e3o de carne in natura e seus derivados na regi\u00e3o, anuncia a abertura das inscri\u00e7\u00f5es para a 4a edi\u00e7\u00e3o do Programa de Est\u00e1gio. As inscri\u00e7\u00f5es estar\u00e3o abertas entre os dias 28 de novembro de 2023 e 03 de janeiro de<br \/>\n2024 e devem ser realizadas no site da Cia de Talentos.<br \/>\nAo todo, h\u00e1 50 vagas dispon\u00edveis para atuar em 28 diferentes \u00e1reas da Companhia em todo Brasil, entre elas: manuten\u00e7\u00e3o e controle de qualidade, compras e insumos, engenharia automa\u00e7\u00e3o, engenharia de projetos e obras, compra de gado, qualidade (corporativo), pesquisa &amp; desenvolvimento (P&amp;D), produ\u00e7\u00e3o, custo, qualidade e controle de qualidade, programa\u00e7\u00e3o e controle da produ\u00e7\u00e3o (PCP), manuten\u00e7\u00e3o, Business Intelligence (BI), Comercial e Admistrativo<br \/>\nda nossa coligada MyCarbon, Sustentabilidade, Shared Services Center (SSC), fiscal tribut\u00e1rio, controladoria, gest\u00e3o de viagens, exporta\u00e7\u00e3o, Recursos Humanos (RH), administra\u00e7\u00e3o, origina\u00e7\u00e3o pricing, intelig\u00eancia comercial e comercial com \u00eanfase em powe BI.<br \/>\nPara se candidatar, \u00e9 necess\u00e1rio estar cursando gradua\u00e7\u00e3o em bacharelado ou tecn\u00f3logo nas \u00e1reas de Administra\u00e7\u00e3o, Agronomia, Ci\u00eancias Cont\u00e1beis, Com\u00e9rcio Exterior, Direito, Economia, Engenharia Industrial, Agron\u00f4mica, Alimentos, Qu\u00edmica, El\u00e9trica, Eletr\u00f4nica, Mec\u00e2nica, Computa\u00e7\u00e3o, Dados. Mecatr\u00f4nica, Produ\u00e7\u00e3o e correlatas, Gest\u00e3o de Recursos Humanos, Gest\u00e3o Comercial, Marketing, Processos Gerenciais, Psicologia e \u00e1reas afins. Com forma\u00e7\u00e3o prevista entre julho de 2025 e agosto de 2026. Outra exig\u00eancia \u00e9 residir pr\u00f3ximo \u00e0s localidades das vagas existentes e disponibilidade para estagiar 30 horas semanais (6 por dia), na modalidade presencial ou h\u00edbrida (a depender da vaga).<br \/>\nO programa ter\u00e1 a dura\u00e7\u00e3o de um ano, com a possibilidade de ser prorrogado por mais um ano. As vagas dispon\u00edveis s\u00e3o para as cidades de Aragua\u00edna (TO), Barretos (SP), MirassolD&#8217;Oeste (MT), Paranatinga (MT), Palmeiras de Goi\u00e1s (GO), Rolim de Moura (MT) e S\u00e3o Paulo(SP).<\/p>\n<p style=\"text-align: left;\">Ap\u00f3s realizar a inscri\u00e7\u00e3o, o candidato ir\u00e1 realizar alguns testes online, participar\u00e1 de din\u00e2mica on-line e entrevista final com os gestores. A \u00faltima etapa \u00e9 o processo de admiss\u00e3o. Somando as tr\u00eas edi\u00e7\u00f5es anteriores, o Programa de Est\u00e1gio j\u00e1 contratou 119 estudantes, tendo prorrogado e\/ou efetivado 87 deles. \u201cIngressar em uma Companhia Global ainda no in\u00edcio da carreira \u00e9 uma oportunidade \u00fanica para que esses jovens talentos possam se desenvolver e direcionar os seus estudos. Com essa iniciativa, n\u00e3o estamos apenas gerando oportunidades e empregos, mas contribuindo para a forma\u00e7\u00e3o dos futuros profissionais de nossa empresa, al\u00e9m de promover a troca de experi\u00eancias entre gera\u00e7\u00f5es\u201d, destaca Jos\u00e9 Roberto Affonso, Diretor de Recursos Humanos\u00a0 Latam da Minerva Foods.<\/p>\n<p style=\"text-align: left;\">PROGRAMA DE EST\u00c1GIO 2024<br \/>\nPer\u00edodo de inscri\u00e7\u00f5es: 28 de novembro de 2023 a 03 de janeiro de 2024<br \/>\nRequisitos: Cursando gradua\u00e7\u00e3o em bacharelado ou tecn\u00f3logo, com forma\u00e7\u00e3o entre julho de<br \/>\n2025 e agosto de 2026.<br \/>\nBenef\u00edcios: Bolsa Aux\u00edlio, Vale transporte e Vale alimenta\u00e7\u00e3o<br \/>\nCarga hor\u00e1ria: 30 horas semanais<br \/>\nDura\u00e7\u00e3o: 1 ano, podendo ser estendido por mais 1 ano.<br \/>\nInscri\u00e7\u00f5es: Site da Cia de Talentos<\/p>\n<p>&nbsp;<\/p>\n","protected":false},"excerpt":{"rendered":"<p>A Minerva Foods, l\u00edder em exporta\u00e7\u00e3o de carne bovina na<\/p>\n","protected":false},"author":2,"featured_media":98544,"comment_status":"open","ping_status":"open","sticky":false,"template":"","format":"standard","meta":{"footnotes":""},"categories":[14,3],"tags":[],"class_list":["post-98543","post","type-post","status-publish","format-standard","has-post-thumbnail","hentry","category-barretos","category-geral"],"yoast_head":"<!-- This site is optimized with the Yoast SEO plugin v27.4 - https:\/\/yoast.com\/product\/yoast-seo-wordpress\/ -->\n<title>Minerva Foods abre inscri\u00e7\u00f5es para o Programa de Est\u00e1gio 2024 - Regi\u00e3o News<\/title>\n<meta name=\"robots\" content=\"index, follow, max-snippet:-1, max-image-preview:large, max-video-preview:-1\" \/>\n<link rel=\"canonical\" href=\"https:\/\/regiaonews.net.br\/2022\/2023\/12\/04\/minerva-foods-abre-inscricoes-para-o-programa-de-estagio-202\/\" \/>\n<meta property=\"og:locale\" content=\"pt_BR\" \/>\n<meta property=\"og:type\" content=\"article\" \/>\n<meta property=\"og:title\" content=\"Minerva Foods abre inscri\u00e7\u00f5es para o Programa de Est\u00e1gio 2024 - Regi\u00e3o News\" \/>\n<meta property=\"og:description\" content=\"A Minerva Foods, l\u00edder em exporta\u00e7\u00e3o de carne bovina na\" \/>\n<meta property=\"og:url\" content=\"https:\/\/regiaonews.net.br\/2022\/2023\/12\/04\/minerva-foods-abre-inscricoes-para-o-programa-de-estagio-202\/\" \/>\n<meta property=\"og:site_name\" content=\"Regi\u00e3o News\" \/>\n<meta property=\"article:published_time\" content=\"2023-12-04T11:22:37+00:00\" \/>\n<meta property=\"article:modified_time\" content=\"2023-12-04T12:48:48+00:00\" \/>\n<meta property=\"og:image\" content=\"https:\/\/regiaonews.net.br\/2022\/wp-content\/uploads\/2023\/12\/WhatsApp-Image-2023-11-29-at-11.30.19.jpeg\" \/>\n\t<meta property=\"og:image:width\" content=\"1600\" \/>\n\t<meta property=\"og:image:height\" content=\"811\" \/>\n\t<meta property=\"og:image:type\" content=\"image\/jpeg\" \/>\n<meta name=\"author\" content=\"Roberto\" \/>\n<meta name=\"twitter:card\" content=\"summary_large_image\" \/>\n<meta name=\"twitter:label1\" content=\"Escrito por\" \/>\n\t<meta name=\"twitter:data1\" content=\"Roberto\" \/>\n\t<meta name=\"twitter:label2\" content=\"Est. tempo de leitura\" \/>\n\t<meta name=\"twitter:data2\" content=\"3 minutos\" \/>\n<script type=\"application\/ld+json\" class=\"yoast-schema-graph\">{\"@context\":\"https:\\\/\\\/schema.org\",\"@graph\":[{\"@type\":\"Article\",\"@id\":\"https:\\\/\\\/regiaonews.net.br\\\/2022\\\/2023\\\/12\\\/04\\\/minerva-foods-abre-inscricoes-para-o-programa-de-estagio-202\\\/#article\",\"isPartOf\":{\"@id\":\"https:\\\/\\\/regiaonews.net.br\\\/2022\\\/2023\\\/12\\\/04\\\/minerva-foods-abre-inscricoes-para-o-programa-de-estagio-202\\\/\"},\"author\":{\"name\":\"Roberto\",\"@id\":\"https:\\\/\\\/regiaonews.net.br\\\/2022\\\/#\\\/schema\\\/person\\\/2d205a608a5aa97ac279d7a5e6d89ad8\"},\"headline\":\"Minerva Foods abre inscri\u00e7\u00f5es para o Programa de Est\u00e1gio 2024\",\"datePublished\":\"2023-12-04T11:22:37+00:00\",\"dateModified\":\"2023-12-04T12:48:48+00:00\",\"mainEntityOfPage\":{\"@id\":\"https:\\\/\\\/regiaonews.net.br\\\/2022\\\/2023\\\/12\\\/04\\\/minerva-foods-abre-inscricoes-para-o-programa-de-estagio-202\\\/\"},\"wordCount\":549,\"commentCount\":0,\"publisher\":{\"@id\":\"https:\\\/\\\/regiaonews.net.br\\\/2022\\\/#organization\"},\"image\":{\"@id\":\"https:\\\/\\\/regiaonews.net.br\\\/2022\\\/2023\\\/12\\\/04\\\/minerva-foods-abre-inscricoes-para-o-programa-de-estagio-202\\\/#primaryimage\"},\"thumbnailUrl\":\"https:\\\/\\\/regiaonews.net.br\\\/2022\\\/wp-content\\\/uploads\\\/2023\\\/12\\\/WhatsApp-Image-2023-11-29-at-11.30.19.jpeg\",\"articleSection\":[\"Barretos\",\"Geral\"],\"inLanguage\":\"pt-BR\",\"potentialAction\":[{\"@type\":\"CommentAction\",\"name\":\"Comment\",\"target\":[\"https:\\\/\\\/regiaonews.net.br\\\/2022\\\/2023\\\/12\\\/04\\\/minerva-foods-abre-inscricoes-para-o-programa-de-estagio-202\\\/#respond\"]}]},{\"@type\":\"WebPage\",\"@id\":\"https:\\\/\\\/regiaonews.net.br\\\/2022\\\/2023\\\/12\\\/04\\\/minerva-foods-abre-inscricoes-para-o-programa-de-estagio-202\\\/\",\"url\":\"https:\\\/\\\/regiaonews.net.br\\\/2022\\\/2023\\\/12\\\/04\\\/minerva-foods-abre-inscricoes-para-o-programa-de-estagio-202\\\/\",\"name\":\"Minerva Foods abre inscri\u00e7\u00f5es para o Programa de Est\u00e1gio 2024 - Regi\u00e3o News\",\"isPartOf\":{\"@id\":\"https:\\\/\\\/regiaonews.net.br\\\/2022\\\/#website\"},\"primaryImageOfPage\":{\"@id\":\"https:\\\/\\\/regiaonews.net.br\\\/2022\\\/2023\\\/12\\\/04\\\/minerva-foods-abre-inscricoes-para-o-programa-de-estagio-202\\\/#primaryimage\"},\"image\":{\"@id\":\"https:\\\/\\\/regiaonews.net.br\\\/2022\\\/2023\\\/12\\\/04\\\/minerva-foods-abre-inscricoes-para-o-programa-de-estagio-202\\\/#primaryimage\"},\"thumbnailUrl\":\"https:\\\/\\\/regiaonews.net.br\\\/2022\\\/wp-content\\\/uploads\\\/2023\\\/12\\\/WhatsApp-Image-2023-11-29-at-11.30.19.jpeg\",\"datePublished\":\"2023-12-04T11:22:37+00:00\",\"dateModified\":\"2023-12-04T12:48:48+00:00\",\"breadcrumb\":{\"@id\":\"https:\\\/\\\/regiaonews.net.br\\\/2022\\\/2023\\\/12\\\/04\\\/minerva-foods-abre-inscricoes-para-o-programa-de-estagio-202\\\/#breadcrumb\"},\"inLanguage\":\"pt-BR\",\"potentialAction\":[{\"@type\":\"ReadAction\",\"target\":[\"https:\\\/\\\/regiaonews.net.br\\\/2022\\\/2023\\\/12\\\/04\\\/minerva-foods-abre-inscricoes-para-o-programa-de-estagio-202\\\/\"]}]},{\"@type\":\"ImageObject\",\"inLanguage\":\"pt-BR\",\"@id\":\"https:\\\/\\\/regiaonews.net.br\\\/2022\\\/2023\\\/12\\\/04\\\/minerva-foods-abre-inscricoes-para-o-programa-de-estagio-202\\\/#primaryimage\",\"url\":\"https:\\\/\\\/regiaonews.net.br\\\/2022\\\/wp-content\\\/uploads\\\/2023\\\/12\\\/WhatsApp-Image-2023-11-29-at-11.30.19.jpeg\",\"contentUrl\":\"https:\\\/\\\/regiaonews.net.br\\\/2022\\\/wp-content\\\/uploads\\\/2023\\\/12\\\/WhatsApp-Image-2023-11-29-at-11.30.19.jpeg\",\"width\":1600,\"height\":811},{\"@type\":\"BreadcrumbList\",\"@id\":\"https:\\\/\\\/regiaonews.net.br\\\/2022\\\/2023\\\/12\\\/04\\\/minerva-foods-abre-inscricoes-para-o-programa-de-estagio-202\\\/#breadcrumb\",\"itemListElement\":[{\"@type\":\"ListItem\",\"position\":1,\"name\":\"In\u00edcio\",\"item\":\"https:\\\/\\\/regiaonews.net.br\\\/2022\\\/\"},{\"@type\":\"ListItem\",\"position\":2,\"name\":\"Minerva Foods abre inscri\u00e7\u00f5es para o Programa de Est\u00e1gio 2024\"}]},{\"@type\":\"WebSite\",\"@id\":\"https:\\\/\\\/regiaonews.net.br\\\/2022\\\/#website\",\"url\":\"https:\\\/\\\/regiaonews.net.br\\\/2022\\\/\",\"name\":\"Regi\u00e3o News\",\"description\":\"Site de Not\u00edcias de Barretos e regi\u00e3o\",\"publisher\":{\"@id\":\"https:\\\/\\\/regiaonews.net.br\\\/2022\\\/#organization\"},\"potentialAction\":[{\"@type\":\"SearchAction\",\"target\":{\"@type\":\"EntryPoint\",\"urlTemplate\":\"https:\\\/\\\/regiaonews.net.br\\\/2022\\\/?s={search_term_string}\"},\"query-input\":{\"@type\":\"PropertyValueSpecification\",\"valueRequired\":true,\"valueName\":\"search_term_string\"}}],\"inLanguage\":\"pt-BR\"},{\"@type\":\"Organization\",\"@id\":\"https:\\\/\\\/regiaonews.net.br\\\/2022\\\/#organization\",\"name\":\"Regi\u00e3o News\",\"url\":\"https:\\\/\\\/regiaonews.net.br\\\/2022\\\/\",\"logo\":{\"@type\":\"ImageObject\",\"inLanguage\":\"pt-BR\",\"@id\":\"https:\\\/\\\/regiaonews.net.br\\\/2022\\\/#\\\/schema\\\/logo\\\/image\\\/\",\"url\":\"https:\\\/\\\/regiaonews.net.br\\\/2022\\\/wp-content\\\/uploads\\\/2026\\\/03\\\/regiao-13-anos-scaled.jpg\",\"contentUrl\":\"https:\\\/\\\/regiaonews.net.br\\\/2022\\\/wp-content\\\/uploads\\\/2026\\\/03\\\/regiao-13-anos-scaled.jpg\",\"width\":2560,\"height\":635,\"caption\":\"Regi\u00e3o News\"},\"image\":{\"@id\":\"https:\\\/\\\/regiaonews.net.br\\\/2022\\\/#\\\/schema\\\/logo\\\/image\\\/\"}},{\"@type\":\"Person\",\"@id\":\"https:\\\/\\\/regiaonews.net.br\\\/2022\\\/#\\\/schema\\\/person\\\/2d205a608a5aa97ac279d7a5e6d89ad8\",\"name\":\"Roberto\",\"image\":{\"@type\":\"ImageObject\",\"inLanguage\":\"pt-BR\",\"@id\":\"https:\\\/\\\/secure.gravatar.com\\\/avatar\\\/42749d8b712ff9d59ca93dc150494e5b55a44134482993f5baeb97e61b7ecc89?s=96&d=mm&r=g\",\"url\":\"https:\\\/\\\/secure.gravatar.com\\\/avatar\\\/42749d8b712ff9d59ca93dc150494e5b55a44134482993f5baeb97e61b7ecc89?s=96&d=mm&r=g\",\"contentUrl\":\"https:\\\/\\\/secure.gravatar.com\\\/avatar\\\/42749d8b712ff9d59ca93dc150494e5b55a44134482993f5baeb97e61b7ecc89?s=96&d=mm&r=g\",\"caption\":\"Roberto\"},\"url\":\"https:\\\/\\\/regiaonews.net.br\\\/2022\\\/author\\\/roberto\\\/\"}]}<\/script>\n<!-- \/ Yoast SEO plugin. -->","yoast_head_json":{"title":"Minerva Foods abre inscri\u00e7\u00f5es para o Programa de Est\u00e1gio 2024 - Regi\u00e3o News","robots":{"index":"index","follow":"follow","max-snippet":"max-snippet:-1","max-image-preview":"max-image-preview:large","max-video-preview":"max-video-preview:-1"},"canonical":"https:\/\/regiaonews.net.br\/2022\/2023\/12\/04\/minerva-foods-abre-inscricoes-para-o-programa-de-estagio-202\/","og_locale":"pt_BR","og_type":"article","og_title":"Minerva Foods abre inscri\u00e7\u00f5es para o Programa de Est\u00e1gio 2024 - Regi\u00e3o News","og_description":"A Minerva Foods, l\u00edder em exporta\u00e7\u00e3o de carne bovina na","og_url":"https:\/\/regiaonews.net.br\/2022\/2023\/12\/04\/minerva-foods-abre-inscricoes-para-o-programa-de-estagio-202\/","og_site_name":"Regi\u00e3o News","article_published_time":"2023-12-04T11:22:37+00:00","article_modified_time":"2023-12-04T12:48:48+00:00","og_image":[{"width":1600,"height":811,"url":"https:\/\/regiaonews.net.br\/2022\/wp-content\/uploads\/2023\/12\/WhatsApp-Image-2023-11-29-at-11.30.19.jpeg","type":"image\/jpeg"}],"author":"Roberto","twitter_card":"summary_large_image","twitter_misc":{"Escrito por":"Roberto","Est. tempo de leitura":"3 minutos"},"schema":{"@context":"https:\/\/schema.org","@graph":[{"@type":"Article","@id":"https:\/\/regiaonews.net.br\/2022\/2023\/12\/04\/minerva-foods-abre-inscricoes-para-o-programa-de-estagio-202\/#article","isPartOf":{"@id":"https:\/\/regiaonews.net.br\/2022\/2023\/12\/04\/minerva-foods-abre-inscricoes-para-o-programa-de-estagio-202\/"},"author":{"name":"Roberto","@id":"https:\/\/regiaonews.net.br\/2022\/#\/schema\/person\/2d205a608a5aa97ac279d7a5e6d89ad8"},"headline":"Minerva Foods abre inscri\u00e7\u00f5es para o Programa de Est\u00e1gio 2024","datePublished":"2023-12-04T11:22:37+00:00","dateModified":"2023-12-04T12:48:48+00:00","mainEntityOfPage":{"@id":"https:\/\/regiaonews.net.br\/2022\/2023\/12\/04\/minerva-foods-abre-inscricoes-para-o-programa-de-estagio-202\/"},"wordCount":549,"commentCount":0,"publisher":{"@id":"https:\/\/regiaonews.net.br\/2022\/#organization"},"image":{"@id":"https:\/\/regiaonews.net.br\/2022\/2023\/12\/04\/minerva-foods-abre-inscricoes-para-o-programa-de-estagio-202\/#primaryimage"},"thumbnailUrl":"https:\/\/regiaonews.net.br\/2022\/wp-content\/uploads\/2023\/12\/WhatsApp-Image-2023-11-29-at-11.30.19.jpeg","articleSection":["Barretos","Geral"],"inLanguage":"pt-BR","potentialAction":[{"@type":"CommentAction","name":"Comment","target":["https:\/\/regiaonews.net.br\/2022\/2023\/12\/04\/minerva-foods-abre-inscricoes-para-o-programa-de-estagio-202\/#respond"]}]},{"@type":"WebPage","@id":"https:\/\/regiaonews.net.br\/2022\/2023\/12\/04\/minerva-foods-abre-inscricoes-para-o-programa-de-estagio-202\/","url":"https:\/\/regiaonews.net.br\/2022\/2023\/12\/04\/minerva-foods-abre-inscricoes-para-o-programa-de-estagio-202\/","name":"Minerva Foods abre inscri\u00e7\u00f5es para o Programa de Est\u00e1gio 2024 - Regi\u00e3o News","isPartOf":{"@id":"https:\/\/regiaonews.net.br\/2022\/#website"},"primaryImageOfPage":{"@id":"https:\/\/regiaonews.net.br\/2022\/2023\/12\/04\/minerva-foods-abre-inscricoes-para-o-programa-de-estagio-202\/#primaryimage"},"image":{"@id":"https:\/\/regiaonews.net.br\/2022\/2023\/12\/04\/minerva-foods-abre-inscricoes-para-o-programa-de-estagio-202\/#primaryimage"},"thumbnailUrl":"https:\/\/regiaonews.net.br\/2022\/wp-content\/uploads\/2023\/12\/WhatsApp-Image-2023-11-29-at-11.30.19.jpeg","datePublished":"2023-12-04T11:22:37+00:00","dateModified":"2023-12-04T12:48:48+00:00","breadcrumb":{"@id":"https:\/\/regiaonews.net.br\/2022\/2023\/12\/04\/minerva-foods-abre-inscricoes-para-o-programa-de-estagio-202\/#breadcrumb"},"inLanguage":"pt-BR","potentialAction":[{"@type":"ReadAction","target":["https:\/\/regiaonews.net.br\/2022\/2023\/12\/04\/minerva-foods-abre-inscricoes-para-o-programa-de-estagio-202\/"]}]},{"@type":"ImageObject","inLanguage":"pt-BR","@id":"https:\/\/regiaonews.net.br\/2022\/2023\/12\/04\/minerva-foods-abre-inscricoes-para-o-programa-de-estagio-202\/#primaryimage","url":"https:\/\/regiaonews.net.br\/2022\/wp-content\/uploads\/2023\/12\/WhatsApp-Image-2023-11-29-at-11.30.19.jpeg","contentUrl":"https:\/\/regiaonews.net.br\/2022\/wp-content\/uploads\/2023\/12\/WhatsApp-Image-2023-11-29-at-11.30.19.jpeg","width":1600,"height":811},{"@type":"BreadcrumbList","@id":"https:\/\/regiaonews.net.br\/2022\/2023\/12\/04\/minerva-foods-abre-inscricoes-para-o-programa-de-estagio-202\/#breadcrumb","itemListElement":[{"@type":"ListItem","position":1,"name":"In\u00edcio","item":"https:\/\/regiaonews.net.br\/2022\/"},{"@type":"ListItem","position":2,"name":"Minerva Foods abre inscri\u00e7\u00f5es para o Programa de Est\u00e1gio 2024"}]},{"@type":"WebSite","@id":"https:\/\/regiaonews.net.br\/2022\/#website","url":"https:\/\/regiaonews.net.br\/2022\/","name":"Regi\u00e3o News","description":"Site de Not\u00edcias de Barretos e regi\u00e3o","publisher":{"@id":"https:\/\/regiaonews.net.br\/2022\/#organization"},"potentialAction":[{"@type":"SearchAction","target":{"@type":"EntryPoint","urlTemplate":"https:\/\/regiaonews.net.br\/2022\/?s={search_term_string}"},"query-input":{"@type":"PropertyValueSpecification","valueRequired":true,"valueName":"search_term_string"}}],"inLanguage":"pt-BR"},{"@type":"Organization","@id":"https:\/\/regiaonews.net.br\/2022\/#organization","name":"Regi\u00e3o News","url":"https:\/\/regiaonews.net.br\/2022\/","logo":{"@type":"ImageObject","inLanguage":"pt-BR","@id":"https:\/\/regiaonews.net.br\/2022\/#\/schema\/logo\/image\/","url":"https:\/\/regiaonews.net.br\/2022\/wp-content\/uploads\/2026\/03\/regiao-13-anos-scaled.jpg","contentUrl":"https:\/\/regiaonews.net.br\/2022\/wp-content\/uploads\/2026\/03\/regiao-13-anos-scaled.jpg","width":2560,"height":635,"caption":"Regi\u00e3o News"},"image":{"@id":"https:\/\/regiaonews.net.br\/2022\/#\/schema\/logo\/image\/"}},{"@type":"Person","@id":"https:\/\/regiaonews.net.br\/2022\/#\/schema\/person\/2d205a608a5aa97ac279d7a5e6d89ad8","name":"Roberto","image":{"@type":"ImageObject","inLanguage":"pt-BR","@id":"https:\/\/secure.gravatar.com\/avatar\/42749d8b712ff9d59ca93dc150494e5b55a44134482993f5baeb97e61b7ecc89?s=96&d=mm&r=g","url":"https:\/\/secure.gravatar.com\/avatar\/42749d8b712ff9d59ca93dc150494e5b55a44134482993f5baeb97e61b7ecc89?s=96&d=mm&r=g","contentUrl":"https:\/\/secure.gravatar.com\/avatar\/42749d8b712ff9d59ca93dc150494e5b55a44134482993f5baeb97e61b7ecc89?s=96&d=mm&r=g","caption":"Roberto"},"url":"https:\/\/regiaonews.net.br\/2022\/author\/roberto\/"}]}},"publishpress_future_action":{"enabled":false,"date":"2026-05-04 18:49:42","action":"change-status","newStatus":"draft","terms":[],"taxonomy":"category","extraData":[]},"publishpress_future_workflow_manual_trigger":{"enabledWorkflows":[]},"_links":{"self":[{"href":"https:\/\/regiaonews.net.br\/2022\/wp-json\/wp\/v2\/posts\/98543","targetHints":{"allow":["GET"]}}],"collection":[{"href":"https:\/\/regiaonews.net.br\/2022\/wp-json\/wp\/v2\/posts"}],"about":[{"href":"https:\/\/regiaonews.net.br\/2022\/wp-json\/wp\/v2\/types\/post"}],"author":[{"embeddable":true,"href":"https:\/\/regiaonews.net.br\/2022\/wp-json\/wp\/v2\/users\/2"}],"replies":[{"embeddable":true,"href":"https:\/\/regiaonews.net.br\/2022\/wp-json\/wp\/v2\/comments?post=98543"}],"version-history":[{"count":4,"href":"https:\/\/regiaonews.net.br\/2022\/wp-json\/wp\/v2\/posts\/98543\/revisions"}],"predecessor-version":[{"id":98549,"href":"https:\/\/regiaonews.net.br\/2022\/wp-json\/wp\/v2\/posts\/98543\/revisions\/98549"}],"wp:featuredmedia":[{"embeddable":true,"href":"https:\/\/regiaonews.net.br\/2022\/wp-json\/wp\/v2\/media\/98544"}],"wp:attachment":[{"href":"https:\/\/regiaonews.net.br\/2022\/wp-json\/wp\/v2\/media?parent=98543"}],"wp:term":[{"taxonomy":"category","embeddable":true,"href":"https:\/\/regiaonews.net.br\/2022\/wp-json\/wp\/v2\/categories?post=98543"},{"taxonomy":"post_tag","embeddable":true,"href":"https:\/\/regiaonews.net.br\/2022\/wp-json\/wp\/v2\/tags?post=98543"}],"curies":[{"name":"wp","href":"https:\/\/api.w.org\/{rel}","templated":true}]}}